{"id":181854,"date":"2025-07-08T11:55:18","date_gmt":"2025-07-08T09:55:18","guid":{"rendered":"https:\/\/eurecat.org\/?p=181854"},"modified":"2025-07-08T11:57:09","modified_gmt":"2025-07-08T09:57:09","slug":"eurecat-lidera-un-proyecto-europeo-que-destinara-12-millones-de-euros-para-crear-nuevos-disenos-y-funcionalidades-para-vehiculos-electricos-comerciales","status":"publish","type":"post","link":"https:\/\/eurecat.org\/es\/eurecat-lidera-un-proyecto-europeo-que-destinara-12-millones-de-euros-para-crear-nuevos-disenos-y-funcionalidades-para-vehiculos-electricos-comerciales\/","title":{"rendered":"Eurecat lidera un proyecto europeo que destinar\u00e1 12 millones de euros para crear nuevos dise\u00f1os y funcionalidades para veh\u00edculos el\u00e9ctricos comerciales"},"content":{"rendered":"<div class=\"fusion-fullwidth fullwidth-box fusion-builder-row-1 fusion-flex-container has-pattern-background has-mask-background nonhundred-percent-fullwidth non-hundred-percent-height-scrolling\" style=\"--awb-border-radius-top-left:0px;--awb-border-radius-top-right:0px;--awb-border-radius-bottom-right:0px;--awb-border-radius-bottom-left:0px;--awb-flex-wrap:wrap;\" ><div class=\"fusion-builder-row fusion-row fusion-flex-align-items-flex-start fusion-flex-content-wrap\" style=\"max-width:1424.8px;margin-left: calc(-4% \/ 2 );margin-right: calc(-4% \/ 2 );\"><div class=\"fusion-layout-column fusion_builder_column fusion-builder-column-0 fusion_builder_column_1_1 1_1 fusion-flex-column\" style=\"--awb-bg-size:cover;--awb-width-large:100%;--awb-margin-top-large:0px;--awb-spacing-right-large:1.92%;--awb-margin-bottom-large:20px;--awb-spacing-left-large:1.92%;--awb-width-medium:100%;--awb-order-medium:0;--awb-spacing-right-medium:1.92%;--awb-spacing-left-medium:1.92%;--awb-width-small:100%;--awb-order-small:0;--awb-spacing-right-small:1.92%;--awb-spacing-left-small:1.92%;\"><div class=\"fusion-column-wrapper fusion-column-has-shadow fusion-flex-justify-content-flex-start fusion-content-layout-column\"><div class=\"fusion-text fusion-text-1\"><p>El centro tecnol\u00f3gico <a href=\"https:\/\/eurecat.org\/es\">Eurecat<\/a> coordina el proyecto europeo Shift2Zero, que cuenta con un presupuesto de m\u00e1s de 12 millones de euros para desarrollar nuevos dise\u00f1os y funcionalidades innovadoras para veh\u00edculos el\u00e9ctricos comerciales, con el objetivo de dar respuesta a las necesidades de la log\u00edstica urbana, reducir las emisiones y mejorar la eficiencia operativa.<\/p>\n<p>El proyecto une actores destacados de toda la cadena de valor de la log\u00edstica y de la automoci\u00f3n \u201cpara innovar en tecnolog\u00eda y dise\u00f1o de producto que aporten soluciones eficientes y sostenibles al sector, y que impacten de forma positiva en las empresas y en las ciudades\u201d, destaca el investigador de la Unidad de Innovaci\u00f3n de Producto y Simulaci\u00f3n multif\u00edsica de Eurecat Toni Lara.<\/p>\n<p>Para hacerlo posible, el proyecto abordar\u00e1 \u201cconceptos de veh\u00edculos ligeros N1 de cero emisiones que tengan en cuenta unas medidas adecuadas y con funcionalidades mejoradas y m\u00e1s seguras, que incluyan, adem\u00e1s, la capacidad de transporte dual de personas y mercanc\u00edas\u201d, explica la coordinadora del proyecto Shift2Zero, Fanny Breuil, gestora de la Unidad de coordinaci\u00f3n de proyectos europeos de Eurecat.<\/p>\n<p>Para optimizar las operaciones log\u00edsticas, el proyecto \u201cintegrar\u00e1 soluciones avanzadas de gesti\u00f3n de mercanc\u00edas, como espacios modulares para el transporte mixto, incluidos los congelados, productos frescos, templados y secos, para evitar que los proveedores de log\u00edstica utilicen diferentes veh\u00edculos para diferentes misiones; contar\u00e1 tambi\u00e9n con unidades flexibles intercambiables para facilitar el transbordo sin interrupciones y sistemas de calefacci\u00f3n energ\u00e9ticamente eficientes para las cabinas de pasajeros\u201d, a\u00f1ade la coordinadora t\u00e9cnica del proyecto, M\u00aa Eugenia Rodr\u00edguez, directora de Desarrollo tecnol\u00f3gico del \u00c1rea Industrial de Eurecat.<\/p>\n<p>El proyecto incorporar\u00e1, adem\u00e1s, tecnolog\u00edas de geoperimetraje para garantizar operaciones seguras en zonas urbanas restringidas y capacidades de carga bidireccionales. Adem\u00e1s, minimizar\u00e1 la contaminaci\u00f3n del aire reduciendo las emisiones de part\u00edculas gracias a una tecnolog\u00eda avanzada de neum\u00e1ticos y a sistemas de frenado m\u00e1s eficientes, haciendo as\u00ed que estas soluciones sean todav\u00eda m\u00e1s sostenibles.<\/p>\n<p>En este sentido, las innovaciones de Shift2Zero estar\u00e1n alineadas con las necesidades actuales y futuras de los usuarios finales en sectores como el comercio electr\u00f3nico, la gesti\u00f3n de devoluciones y las entregas en fr\u00edo, en requisitos t\u00e9cnicos para veh\u00edculos, flotas e infraestructuras.<\/p>\n<p>Las soluciones desarrolladas en el marco del proyecto Shift2Zero se demostrar\u00e1n y validar\u00e1n en cinco pilotos, centrados en operaciones log\u00edsticas urbanas reales, que se realizar\u00e1n a seis ciudades europeas.<\/p>\n<p>El consorcio, coordinado por el centro tecnol\u00f3gico Eurecat, re\u00fane 30 socios de 10 pa\u00edses europeos, incluyendo el sector acad\u00e9mico, la industria y las autoridades p\u00fablicas, cubriendo toda la cadena de valor de la log\u00edstica y de la automoci\u00f3n.<\/p>\n<\/div><\/div><\/div><\/div><\/div>\n","protected":false},"excerpt":{"rendered":"","protected":false},"author":20,"featured_media":181852,"comment_status":"open","ping_status":"closed","sticky":false,"template":"","format":"standard","meta":{"footnotes":""},"categories":[1906,400,409,134],"tags":[],"class_list":["post-181854","post","type-post","status-publish","format-standard","has-post-thumbnail","hentry","category-automocion","category-desarrollo-producto","category-simulacion","category-notas-de-prensa"],"yoast_head":"<!-- This site is optimized with the Yoast SEO plugin v27.5 - https:\/\/yoast.com\/product\/yoast-seo-wordpress\/ -->\n<title>Eurecat lidera un proyecto europeo que destinar\u00e1 12 millones de euros para crear nuevos dise\u00f1os y funcionalidades para veh\u00edculos el\u00e9ctricos comerciales - Eurecat<\/title>\n<meta name=\"robots\" content=\"index, follow, max-snippet:-1, max-image-preview:large, max-video-preview:-1\" \/>\n<link rel=\"canonical\" href=\"https:\/\/eurecat.org\/es\/eurecat-lidera-un-proyecto-europeo-que-destinara-12-millones-de-euros-para-crear-nuevos-disenos-y-funcionalidades-para-vehiculos-electricos-comerciales\/\" \/>\n<meta property=\"og:locale\" content=\"es_ES\" \/>\n<meta property=\"og:type\" content=\"article\" \/>\n<meta property=\"og:title\" content=\"Eurecat lidera un proyecto europeo que destinar\u00e1 12 millones de euros para crear nuevos dise\u00f1os y funcionalidades para veh\u00edculos el\u00e9ctricos comerciales - Eurecat\" \/>\n<meta property=\"og:url\" content=\"https:\/\/eurecat.org\/es\/eurecat-lidera-un-proyecto-europeo-que-destinara-12-millones-de-euros-para-crear-nuevos-disenos-y-funcionalidades-para-vehiculos-electricos-comerciales\/\" \/>\n<meta property=\"og:site_name\" content=\"Eurecat\" \/>\n<meta property=\"article:published_time\" content=\"2025-07-08T09:55:18+00:00\" \/>\n<meta property=\"article:modified_time\" content=\"2025-07-08T09:57:09+00:00\" \/>\n<meta property=\"og:image\" content=\"https:\/\/eurecat.org\/wp-content\/uploads\/2025\/07\/Recurs_Shift2Zero_VAN_800px.gif\" \/>\n\t<meta property=\"og:image:width\" content=\"800\" \/>\n\t<meta property=\"og:image:height\" content=\"533\" \/>\n\t<meta property=\"og:image:type\" content=\"image\/gif\" \/>\n<meta name=\"author\" content=\"EurecatEQZ\" \/>\n<meta name=\"twitter:card\" content=\"summary_large_image\" \/>\n<meta name=\"twitter:label1\" content=\"Escrito por\" \/>\n\t<meta name=\"twitter:data1\" content=\"EurecatEQZ\" \/>\n\t<meta name=\"twitter:label2\" content=\"Tiempo de lectura\" \/>\n\t<meta name=\"twitter:data2\" content=\"1 minuto\" \/>\n<script type=\"application\/ld+json\" class=\"yoast-schema-graph\">{\"@context\":\"https:\\\/\\\/schema.org\",\"@graph\":[{\"@type\":\"Article\",\"@id\":\"https:\\\/\\\/eurecat.org\\\/es\\\/eurecat-lidera-un-proyecto-europeo-que-destinara-12-millones-de-euros-para-crear-nuevos-disenos-y-funcionalidades-para-vehiculos-electricos-comerciales\\\/#article\",\"isPartOf\":{\"@id\":\"https:\\\/\\\/eurecat.org\\\/es\\\/eurecat-lidera-un-proyecto-europeo-que-destinara-12-millones-de-euros-para-crear-nuevos-disenos-y-funcionalidades-para-vehiculos-electricos-comerciales\\\/\"},\"author\":{\"name\":\"EurecatEQZ\",\"@id\":\"https:\\\/\\\/eurecat.org\\\/es\\\/#\\\/schema\\\/person\\\/99d4d39712001e7621b6867b27b40bed\"},\"headline\":\"Eurecat lidera un proyecto europeo que destinar\u00e1 12 millones de euros para crear nuevos dise\u00f1os y funcionalidades para veh\u00edculos el\u00e9ctricos comerciales\",\"datePublished\":\"2025-07-08T09:55:18+00:00\",\"dateModified\":\"2025-07-08T09:57:09+00:00\",\"mainEntityOfPage\":{\"@id\":\"https:\\\/\\\/eurecat.org\\\/es\\\/eurecat-lidera-un-proyecto-europeo-que-destinara-12-millones-de-euros-para-crear-nuevos-disenos-y-funcionalidades-para-vehiculos-electricos-comerciales\\\/\"},\"wordCount\":1565,\"commentCount\":0,\"image\":{\"@id\":\"https:\\\/\\\/eurecat.org\\\/es\\\/eurecat-lidera-un-proyecto-europeo-que-destinara-12-millones-de-euros-para-crear-nuevos-disenos-y-funcionalidades-para-vehiculos-electricos-comerciales\\\/#primaryimage\"},\"thumbnailUrl\":\"https:\\\/\\\/eurecat.org\\\/wp-content\\\/uploads\\\/2025\\\/07\\\/Recurs_Shift2Zero_VAN_800px.gif\",\"articleSection\":[\"Automoci\u00f3n\",\"Desarrollo de Producto\",\"Modelizaci\u00f3n y Simulaci\u00f3n\",\"Notas de prensa\"],\"inLanguage\":\"es\",\"potentialAction\":[{\"@type\":\"CommentAction\",\"name\":\"Comment\",\"target\":[\"https:\\\/\\\/eurecat.org\\\/es\\\/eurecat-lidera-un-proyecto-europeo-que-destinara-12-millones-de-euros-para-crear-nuevos-disenos-y-funcionalidades-para-vehiculos-electricos-comerciales\\\/#respond\"]}]},{\"@type\":\"WebPage\",\"@id\":\"https:\\\/\\\/eurecat.org\\\/es\\\/eurecat-lidera-un-proyecto-europeo-que-destinara-12-millones-de-euros-para-crear-nuevos-disenos-y-funcionalidades-para-vehiculos-electricos-comerciales\\\/\",\"url\":\"https:\\\/\\\/eurecat.org\\\/es\\\/eurecat-lidera-un-proyecto-europeo-que-destinara-12-millones-de-euros-para-crear-nuevos-disenos-y-funcionalidades-para-vehiculos-electricos-comerciales\\\/\",\"name\":\"Eurecat lidera un proyecto europeo que destinar\u00e1 12 millones de euros para crear nuevos dise\u00f1os y funcionalidades para veh\u00edculos el\u00e9ctricos comerciales - Eurecat\",\"isPartOf\":{\"@id\":\"https:\\\/\\\/eurecat.org\\\/es\\\/#website\"},\"primaryImageOfPage\":{\"@id\":\"https:\\\/\\\/eurecat.org\\\/es\\\/eurecat-lidera-un-proyecto-europeo-que-destinara-12-millones-de-euros-para-crear-nuevos-disenos-y-funcionalidades-para-vehiculos-electricos-comerciales\\\/#primaryimage\"},\"image\":{\"@id\":\"https:\\\/\\\/eurecat.org\\\/es\\\/eurecat-lidera-un-proyecto-europeo-que-destinara-12-millones-de-euros-para-crear-nuevos-disenos-y-funcionalidades-para-vehiculos-electricos-comerciales\\\/#primaryimage\"},\"thumbnailUrl\":\"https:\\\/\\\/eurecat.org\\\/wp-content\\\/uploads\\\/2025\\\/07\\\/Recurs_Shift2Zero_VAN_800px.gif\",\"datePublished\":\"2025-07-08T09:55:18+00:00\",\"dateModified\":\"2025-07-08T09:57:09+00:00\",\"author\":{\"@id\":\"https:\\\/\\\/eurecat.org\\\/es\\\/#\\\/schema\\\/person\\\/99d4d39712001e7621b6867b27b40bed\"},\"breadcrumb\":{\"@id\":\"https:\\\/\\\/eurecat.org\\\/es\\\/eurecat-lidera-un-proyecto-europeo-que-destinara-12-millones-de-euros-para-crear-nuevos-disenos-y-funcionalidades-para-vehiculos-electricos-comerciales\\\/#breadcrumb\"},\"inLanguage\":\"es\",\"potentialAction\":[{\"@type\":\"ReadAction\",\"target\":[\"https:\\\/\\\/eurecat.org\\\/es\\\/eurecat-lidera-un-proyecto-europeo-que-destinara-12-millones-de-euros-para-crear-nuevos-disenos-y-funcionalidades-para-vehiculos-electricos-comerciales\\\/\"]}]},{\"@type\":\"ImageObject\",\"inLanguage\":\"es\",\"@id\":\"https:\\\/\\\/eurecat.org\\\/es\\\/eurecat-lidera-un-proyecto-europeo-que-destinara-12-millones-de-euros-para-crear-nuevos-disenos-y-funcionalidades-para-vehiculos-electricos-comerciales\\\/#primaryimage\",\"url\":\"https:\\\/\\\/eurecat.org\\\/wp-content\\\/uploads\\\/2025\\\/07\\\/Recurs_Shift2Zero_VAN_800px.gif\",\"contentUrl\":\"https:\\\/\\\/eurecat.org\\\/wp-content\\\/uploads\\\/2025\\\/07\\\/Recurs_Shift2Zero_VAN_800px.gif\",\"width\":800,\"height\":533},{\"@type\":\"BreadcrumbList\",\"@id\":\"https:\\\/\\\/eurecat.org\\\/es\\\/eurecat-lidera-un-proyecto-europeo-que-destinara-12-millones-de-euros-para-crear-nuevos-disenos-y-funcionalidades-para-vehiculos-electricos-comerciales\\\/#breadcrumb\",\"itemListElement\":[{\"@type\":\"ListItem\",\"position\":1,\"name\":\"Inici\",\"item\":\"https:\\\/\\\/eurecat.org\\\/es\\\/\"},{\"@type\":\"ListItem\",\"position\":2,\"name\":\"Eurecat lidera un proyecto europeo que destinar\u00e1 12 millones de euros para crear nuevos dise\u00f1os y funcionalidades para veh\u00edculos el\u00e9ctricos comerciales\"}]},{\"@type\":\"WebSite\",\"@id\":\"https:\\\/\\\/eurecat.org\\\/es\\\/#website\",\"url\":\"https:\\\/\\\/eurecat.org\\\/es\\\/\",\"name\":\"Eurecat\",\"description\":\"Otro sitio realizado con WordPress\",\"potentialAction\":[{\"@type\":\"SearchAction\",\"target\":{\"@type\":\"EntryPoint\",\"urlTemplate\":\"https:\\\/\\\/eurecat.org\\\/es\\\/?s={search_term_string}\"},\"query-input\":{\"@type\":\"PropertyValueSpecification\",\"valueRequired\":true,\"valueName\":\"search_term_string\"}}],\"inLanguage\":\"es\"},{\"@type\":\"Person\",\"@id\":\"https:\\\/\\\/eurecat.org\\\/es\\\/#\\\/schema\\\/person\\\/99d4d39712001e7621b6867b27b40bed\",\"name\":\"EurecatEQZ\",\"image\":{\"@type\":\"ImageObject\",\"inLanguage\":\"es\",\"@id\":\"https:\\\/\\\/secure.gravatar.com\\\/avatar\\\/6deb26ca61bcc34263c59cc62bb8b08ff90b67af7f99943babf5d86396845993?s=96&d=mm&r=g\",\"url\":\"https:\\\/\\\/secure.gravatar.com\\\/avatar\\\/6deb26ca61bcc34263c59cc62bb8b08ff90b67af7f99943babf5d86396845993?s=96&d=mm&r=g\",\"contentUrl\":\"https:\\\/\\\/secure.gravatar.com\\\/avatar\\\/6deb26ca61bcc34263c59cc62bb8b08ff90b67af7f99943babf5d86396845993?s=96&d=mm&r=g\",\"caption\":\"EurecatEQZ\"}}]}<\/script>\n<!-- \/ Yoast SEO plugin. -->","yoast_head_json":{"title":"Eurecat lidera un proyecto europeo que destinar\u00e1 12 millones de euros para crear nuevos dise\u00f1os y funcionalidades para veh\u00edculos el\u00e9ctricos comerciales - Eurecat","robots":{"index":"index","follow":"follow","max-snippet":"max-snippet:-1","max-image-preview":"max-image-preview:large","max-video-preview":"max-video-preview:-1"},"canonical":"https:\/\/eurecat.org\/es\/eurecat-lidera-un-proyecto-europeo-que-destinara-12-millones-de-euros-para-crear-nuevos-disenos-y-funcionalidades-para-vehiculos-electricos-comerciales\/","og_locale":"es_ES","og_type":"article","og_title":"Eurecat lidera un proyecto europeo que destinar\u00e1 12 millones de euros para crear nuevos dise\u00f1os y funcionalidades para veh\u00edculos el\u00e9ctricos comerciales - Eurecat","og_url":"https:\/\/eurecat.org\/es\/eurecat-lidera-un-proyecto-europeo-que-destinara-12-millones-de-euros-para-crear-nuevos-disenos-y-funcionalidades-para-vehiculos-electricos-comerciales\/","og_site_name":"Eurecat","article_published_time":"2025-07-08T09:55:18+00:00","article_modified_time":"2025-07-08T09:57:09+00:00","og_image":[{"width":800,"height":533,"url":"https:\/\/eurecat.org\/wp-content\/uploads\/2025\/07\/Recurs_Shift2Zero_VAN_800px.gif","type":"image\/gif"}],"author":"EurecatEQZ","twitter_card":"summary_large_image","twitter_misc":{"Escrito por":"EurecatEQZ","Tiempo de lectura":"1 minuto"},"schema":{"@context":"https:\/\/schema.org","@graph":[{"@type":"Article","@id":"https:\/\/eurecat.org\/es\/eurecat-lidera-un-proyecto-europeo-que-destinara-12-millones-de-euros-para-crear-nuevos-disenos-y-funcionalidades-para-vehiculos-electricos-comerciales\/#article","isPartOf":{"@id":"https:\/\/eurecat.org\/es\/eurecat-lidera-un-proyecto-europeo-que-destinara-12-millones-de-euros-para-crear-nuevos-disenos-y-funcionalidades-para-vehiculos-electricos-comerciales\/"},"author":{"name":"EurecatEQZ","@id":"https:\/\/eurecat.org\/es\/#\/schema\/person\/99d4d39712001e7621b6867b27b40bed"},"headline":"Eurecat lidera un proyecto europeo que destinar\u00e1 12 millones de euros para crear nuevos dise\u00f1os y funcionalidades para veh\u00edculos el\u00e9ctricos comerciales","datePublished":"2025-07-08T09:55:18+00:00","dateModified":"2025-07-08T09:57:09+00:00","mainEntityOfPage":{"@id":"https:\/\/eurecat.org\/es\/eurecat-lidera-un-proyecto-europeo-que-destinara-12-millones-de-euros-para-crear-nuevos-disenos-y-funcionalidades-para-vehiculos-electricos-comerciales\/"},"wordCount":1565,"commentCount":0,"image":{"@id":"https:\/\/eurecat.org\/es\/eurecat-lidera-un-proyecto-europeo-que-destinara-12-millones-de-euros-para-crear-nuevos-disenos-y-funcionalidades-para-vehiculos-electricos-comerciales\/#primaryimage"},"thumbnailUrl":"https:\/\/eurecat.org\/wp-content\/uploads\/2025\/07\/Recurs_Shift2Zero_VAN_800px.gif","articleSection":["Automoci\u00f3n","Desarrollo de Producto","Modelizaci\u00f3n y Simulaci\u00f3n","Notas de prensa"],"inLanguage":"es","potentialAction":[{"@type":"CommentAction","name":"Comment","target":["https:\/\/eurecat.org\/es\/eurecat-lidera-un-proyecto-europeo-que-destinara-12-millones-de-euros-para-crear-nuevos-disenos-y-funcionalidades-para-vehiculos-electricos-comerciales\/#respond"]}]},{"@type":"WebPage","@id":"https:\/\/eurecat.org\/es\/eurecat-lidera-un-proyecto-europeo-que-destinara-12-millones-de-euros-para-crear-nuevos-disenos-y-funcionalidades-para-vehiculos-electricos-comerciales\/","url":"https:\/\/eurecat.org\/es\/eurecat-lidera-un-proyecto-europeo-que-destinara-12-millones-de-euros-para-crear-nuevos-disenos-y-funcionalidades-para-vehiculos-electricos-comerciales\/","name":"Eurecat lidera un proyecto europeo que destinar\u00e1 12 millones de euros para crear nuevos dise\u00f1os y funcionalidades para veh\u00edculos el\u00e9ctricos comerciales - Eurecat","isPartOf":{"@id":"https:\/\/eurecat.org\/es\/#website"},"primaryImageOfPage":{"@id":"https:\/\/eurecat.org\/es\/eurecat-lidera-un-proyecto-europeo-que-destinara-12-millones-de-euros-para-crear-nuevos-disenos-y-funcionalidades-para-vehiculos-electricos-comerciales\/#primaryimage"},"image":{"@id":"https:\/\/eurecat.org\/es\/eurecat-lidera-un-proyecto-europeo-que-destinara-12-millones-de-euros-para-crear-nuevos-disenos-y-funcionalidades-para-vehiculos-electricos-comerciales\/#primaryimage"},"thumbnailUrl":"https:\/\/eurecat.org\/wp-content\/uploads\/2025\/07\/Recurs_Shift2Zero_VAN_800px.gif","datePublished":"2025-07-08T09:55:18+00:00","dateModified":"2025-07-08T09:57:09+00:00","author":{"@id":"https:\/\/eurecat.org\/es\/#\/schema\/person\/99d4d39712001e7621b6867b27b40bed"},"breadcrumb":{"@id":"https:\/\/eurecat.org\/es\/eurecat-lidera-un-proyecto-europeo-que-destinara-12-millones-de-euros-para-crear-nuevos-disenos-y-funcionalidades-para-vehiculos-electricos-comerciales\/#breadcrumb"},"inLanguage":"es","potentialAction":[{"@type":"ReadAction","target":["https:\/\/eurecat.org\/es\/eurecat-lidera-un-proyecto-europeo-que-destinara-12-millones-de-euros-para-crear-nuevos-disenos-y-funcionalidades-para-vehiculos-electricos-comerciales\/"]}]},{"@type":"ImageObject","inLanguage":"es","@id":"https:\/\/eurecat.org\/es\/eurecat-lidera-un-proyecto-europeo-que-destinara-12-millones-de-euros-para-crear-nuevos-disenos-y-funcionalidades-para-vehiculos-electricos-comerciales\/#primaryimage","url":"https:\/\/eurecat.org\/wp-content\/uploads\/2025\/07\/Recurs_Shift2Zero_VAN_800px.gif","contentUrl":"https:\/\/eurecat.org\/wp-content\/uploads\/2025\/07\/Recurs_Shift2Zero_VAN_800px.gif","width":800,"height":533},{"@type":"BreadcrumbList","@id":"https:\/\/eurecat.org\/es\/eurecat-lidera-un-proyecto-europeo-que-destinara-12-millones-de-euros-para-crear-nuevos-disenos-y-funcionalidades-para-vehiculos-electricos-comerciales\/#breadcrumb","itemListElement":[{"@type":"ListItem","position":1,"name":"Inici","item":"https:\/\/eurecat.org\/es\/"},{"@type":"ListItem","position":2,"name":"Eurecat lidera un proyecto europeo que destinar\u00e1 12 millones de euros para crear nuevos dise\u00f1os y funcionalidades para veh\u00edculos el\u00e9ctricos comerciales"}]},{"@type":"WebSite","@id":"https:\/\/eurecat.org\/es\/#website","url":"https:\/\/eurecat.org\/es\/","name":"Eurecat","description":"Otro sitio realizado con WordPress","potentialAction":[{"@type":"SearchAction","target":{"@type":"EntryPoint","urlTemplate":"https:\/\/eurecat.org\/es\/?s={search_term_string}"},"query-input":{"@type":"PropertyValueSpecification","valueRequired":true,"valueName":"search_term_string"}}],"inLanguage":"es"},{"@type":"Person","@id":"https:\/\/eurecat.org\/es\/#\/schema\/person\/99d4d39712001e7621b6867b27b40bed","name":"EurecatEQZ","image":{"@type":"ImageObject","inLanguage":"es","@id":"https:\/\/secure.gravatar.com\/avatar\/6deb26ca61bcc34263c59cc62bb8b08ff90b67af7f99943babf5d86396845993?s=96&d=mm&r=g","url":"https:\/\/secure.gravatar.com\/avatar\/6deb26ca61bcc34263c59cc62bb8b08ff90b67af7f99943babf5d86396845993?s=96&d=mm&r=g","contentUrl":"https:\/\/secure.gravatar.com\/avatar\/6deb26ca61bcc34263c59cc62bb8b08ff90b67af7f99943babf5d86396845993?s=96&d=mm&r=g","caption":"EurecatEQZ"}}]}},"_links":{"self":[{"href":"https:\/\/eurecat.org\/es\/wp-json\/wp\/v2\/posts\/181854","targetHints":{"allow":["GET"]}}],"collection":[{"href":"https:\/\/eurecat.org\/es\/wp-json\/wp\/v2\/posts"}],"about":[{"href":"https:\/\/eurecat.org\/es\/wp-json\/wp\/v2\/types\/post"}],"author":[{"embeddable":true,"href":"https:\/\/eurecat.org\/es\/wp-json\/wp\/v2\/users\/20"}],"replies":[{"embeddable":true,"href":"https:\/\/eurecat.org\/es\/wp-json\/wp\/v2\/comments?post=181854"}],"version-history":[{"count":1,"href":"https:\/\/eurecat.org\/es\/wp-json\/wp\/v2\/posts\/181854\/revisions"}],"predecessor-version":[{"id":181855,"href":"https:\/\/eurecat.org\/es\/wp-json\/wp\/v2\/posts\/181854\/revisions\/181855"}],"wp:featuredmedia":[{"embeddable":true,"href":"https:\/\/eurecat.org\/es\/wp-json\/wp\/v2\/media\/181852"}],"wp:attachment":[{"href":"https:\/\/eurecat.org\/es\/wp-json\/wp\/v2\/media?parent=181854"}],"wp:term":[{"taxonomy":"category","embeddable":true,"href":"https:\/\/eurecat.org\/es\/wp-json\/wp\/v2\/categories?post=181854"},{"taxonomy":"post_tag","embeddable":true,"href":"https:\/\/eurecat.org\/es\/wp-json\/wp\/v2\/tags?post=181854"}],"curies":[{"name":"wp","href":"https:\/\/api.w.org\/{rel}","templated":true}]}}