{"id":182068,"date":"2025-07-17T15:50:31","date_gmt":"2025-07-17T13:50:31","guid":{"rendered":"https:\/\/eurecat.org\/?p=182068"},"modified":"2025-07-17T16:31:50","modified_gmt":"2025-07-17T14:31:50","slug":"paso-adelante-para-mejorar-la-gestion-de-flotas-de-autobuses-con-ia-predictiva","status":"publish","type":"post","link":"https:\/\/eurecat.org\/es\/paso-adelante-para-mejorar-la-gestion-de-flotas-de-autobuses-con-ia-predictiva\/","title":{"rendered":"Paso adelante para mejorar la gesti\u00f3n de flotas de autobuses con IA predictiva"},"content":{"rendered":"<div class=\"fusion-fullwidth fullwidth-box fusion-builder-row-1 fusion-flex-container nonhundred-percent-fullwidth non-hundred-percent-height-scrolling\" style=\"--awb-border-radius-top-left:0px;--awb-border-radius-top-right:0px;--awb-border-radius-bottom-right:0px;--awb-border-radius-bottom-left:0px;--awb-flex-wrap:wrap;\" ><div class=\"fusion-builder-row fusion-row fusion-flex-align-items-flex-start fusion-flex-content-wrap\" style=\"max-width:1424.8px;margin-left: calc(-4% \/ 2 );margin-right: calc(-4% \/ 2 );\"><div class=\"fusion-layout-column fusion_builder_column fusion-builder-column-0 fusion_builder_column_1_1 1_1 fusion-flex-column\" style=\"--awb-bg-size:cover;--awb-width-large:100%;--awb-margin-top-large:0px;--awb-spacing-right-large:1.92%;--awb-margin-bottom-large:0px;--awb-spacing-left-large:1.92%;--awb-width-medium:100%;--awb-spacing-right-medium:1.92%;--awb-spacing-left-medium:1.92%;--awb-width-small:100%;--awb-spacing-right-small:1.92%;--awb-spacing-left-small:1.92%;\"><div class=\"fusion-column-wrapper fusion-flex-justify-content-flex-start fusion-content-layout-column\"><div class=\"fusion-text fusion-text-1\"><p>El Govern -a trav\u00e9s de la Secretar\u00eda de Pol\u00edticas Digitales del Departamento de Empresa y Trabajo-, el \u00c1rea Metropolitana de Barcelona (AMB) y el centro tecnol\u00f3gico Eurecat han presentado hoy los resultados de una prueba de concepto sobre una herramienta de inteligencia artificial (IA) que permite analizar y prever la demanda del Aerob\u00fas y ajustar la flota de veh\u00edculos necesaria en cada momento, con el objetivo de planificar y mejorar los sistemas de transporte p\u00fablico metropolitano de Barcelona.<\/p>\n<p>AIDA es un proyecto de impacto del Centre of Innovation for Data tech and Artificial Intelligence (CIDAI), desarrollado en el marco de la Estrategia de Inteligencia Artificial de Catalu\u00f1a que impulsa el Govern. Se trata de una soluci\u00f3n que tiene por objetivo contribuir a mejorar la eficiencia operativa en funci\u00f3n de la demanda del servicio del Aerob\u00fas a trav\u00e9s de soluciones innovadoras basadas en IA y datos.<\/p>\n<p>En el proyecto AIDA han participado AMB, como promotora del reto, planificadora de la movilidad metropolitana y titular de los servicios de Aerob\u00fas y de Bus Metropolitano, y el centro tecnol\u00f3gico Eurecat, que ha desarrollado la soluci\u00f3n innovadora. El acto de presentaci\u00f3n ha contado con las intervenciones del director de Movilidad, Transporte y Sostenibilidad de AMB, <strong>Joan Maria Bigas<\/strong>; del coordinador de la Estrategia de Inteligencia Artificial de la Generalitat de Catalunya, <strong>Arnau Serra<\/strong>, y del director del CIDAI y director cient\u00edfico del \u00c1rea Digital de Eurecat, <strong>Joan Mas<\/strong>.<\/p>\n<p>Desde la Secretar\u00eda de Pol\u00edticas Digitales se ha destacado que proyectos como AIDA contribuyen a fomentar el desarrollo y adopci\u00f3n de innovaci\u00f3n con IA, porque demuestran el valor de esta tecnolog\u00eda para resolver retos reales, de forma que no solo se validan soluciones innovadoras, sino que se transfiere este conocimiento avanzado en IA hacia el ecosistema.<\/p>\n<p><img decoding=\"async\" class=\"wp-image-182063 aligncenter\" src=\"https:\/\/eurecat.org\/wp-content\/uploads\/2025\/07\/CIDAI_Generalitat_800px-300x200.jpg\" alt=\"CIDAI Generalitat IA Predictiva\" width=\"500\" height=\"333\" srcset=\"https:\/\/eurecat.org\/wp-content\/uploads\/2025\/07\/CIDAI_Generalitat_800px-200x133.jpg 200w, https:\/\/eurecat.org\/wp-content\/uploads\/2025\/07\/CIDAI_Generalitat_800px-300x200.jpg 300w, https:\/\/eurecat.org\/wp-content\/uploads\/2025\/07\/CIDAI_Generalitat_800px-391x260.jpg 391w, https:\/\/eurecat.org\/wp-content\/uploads\/2025\/07\/CIDAI_Generalitat_800px-400x267.jpg 400w, https:\/\/eurecat.org\/wp-content\/uploads\/2025\/07\/CIDAI_Generalitat_800px-600x400.jpg 600w, https:\/\/eurecat.org\/wp-content\/uploads\/2025\/07\/CIDAI_Generalitat_800px-768x512.jpg 768w, https:\/\/eurecat.org\/wp-content\/uploads\/2025\/07\/CIDAI_Generalitat_800px.jpg 800w\" sizes=\"(max-width: 500px) 100vw, 500px\" \/><\/p>\n<p>En este mismo sentido se ha expresado el director del CIDAI, Joan Mas, que ha asegurado que el proyecto AIDA \u201ces una muestra del impacto de la colaboraci\u00f3n publicoprivada que promueve el CIDAI para impulsar el uso de tecnolog\u00edas basadas en datos e IA por parte de las empresas y la sociedad, en este caso, fomentando una movilidad m\u00e1s sostenible y eficiente, gracias al uso de soluciones inteligentes para la gesti\u00f3n del transporte colectivo\u201d.<\/p>\n<p>Por su parte, Joan Maria Bigas ha expuesto que \u201cla IA es una realidad que ya est\u00e1 transformando nuestra manera de trabajar en el servicio p\u00fablico y, concretamente, para planificar la movilidad metropolitana. Hay que destacar los tres grandes beneficios para la ciudadan\u00eda: mejora de la informaci\u00f3n, mejora de la gesti\u00f3n de los tr\u00e1mites y tambi\u00e9n mejora de la prestaci\u00f3n de los servicios p\u00fablicos. Ahora, con estos dos proyectos que presentamos hoy, AIDA y AI4BUS, podemos ver qu\u00e9 oportunidades nos da la IA en la gesti\u00f3n de las flotas de autob\u00fas para, de cara a futuro, seguir mejorando nuestros servicios de bus, como el Aerob\u00fas o el Bus Metropolitano\u201d. \u201cCon los vol\u00famenes crecientes de datos, tr\u00e1mites e interacciones con la ciudadan\u00eda, y la intermodalidad de todos los sistemas de transporte, tenemos que dar una respuesta m\u00e1s \u00e1gil, personalizada y eficiente. La IA no tiene que ser una capa invisible que deshumaniza la gesti\u00f3n p\u00fablica. Al contrario: tiene que ser una herramienta de empoderamiento colectivo, una tecnolog\u00eda que haga m\u00e1s f\u00e1cil entender la Administraci\u00f3n, acceder y poder interactuar\u201d, ha a\u00f1adido Bigas.<\/p>\n<p><img decoding=\"async\" class=\"wp-image-182060 aligncenter\" src=\"https:\/\/eurecat.org\/wp-content\/uploads\/2025\/07\/CIDAI_AMB_800px-300x200.jpg\" alt=\"CIDAI AMB IA predictiva\" width=\"562\" height=\"374\" srcset=\"https:\/\/eurecat.org\/wp-content\/uploads\/2025\/07\/CIDAI_AMB_800px-200x133.jpg 200w, https:\/\/eurecat.org\/wp-content\/uploads\/2025\/07\/CIDAI_AMB_800px-300x200.jpg 300w, https:\/\/eurecat.org\/wp-content\/uploads\/2025\/07\/CIDAI_AMB_800px-391x260.jpg 391w, https:\/\/eurecat.org\/wp-content\/uploads\/2025\/07\/CIDAI_AMB_800px-400x267.jpg 400w, https:\/\/eurecat.org\/wp-content\/uploads\/2025\/07\/CIDAI_AMB_800px-600x400.jpg 600w, https:\/\/eurecat.org\/wp-content\/uploads\/2025\/07\/CIDAI_AMB_800px-768x512.jpg 768w, https:\/\/eurecat.org\/wp-content\/uploads\/2025\/07\/CIDAI_AMB_800px.jpg 800w\" sizes=\"(max-width: 562px) 100vw, 562px\" \/><\/p>\n<p>En el marco del proyecto, se ha desarrollado un modelo que combina la predicci\u00f3n de la demanda a corto y medio plazo, con un modelo de optimizaci\u00f3n para hacer una estimaci\u00f3n de la flota de veh\u00edculos necesaria para cubrir las necesidades en cada momento, respetando la frecuencia de paso establecida del Aerob\u00fas, que da servicio a la l\u00ednea que conecta el centro de Barcelona con las dos terminales del Aeropuerto Josep Tarradellas Barcelona &#8211; El Prat y que funciona los siete d\u00edas de la semana, las 24 horas del d\u00eda.<\/p>\n<h3>Inteligencia artificial para optimizar la red de Bus Metropolitano de AMB<\/h3>\n<p>De la colaboraci\u00f3n entre AMB y Eurecat a trav\u00e9s del CIDAI ha surgido un nuevo proyecto para ampliar la escala de la soluci\u00f3n y aplicarla a las l\u00edneas de Bus Metropolitano de AMB para predecir la demanda de pasajeros, optimizar las frecuencias de paso y minimizar los tiempos de espera, con el fin de poder ofrecer un servicio m\u00e1s flexible, sostenible y eficiente, ajustando la oferta a la demanda en tiempo real.<\/p>\n<p>El proyecto, denominado AI4BUS, busca transformar el modelo de gesti\u00f3n del transporte p\u00fablico a trav\u00e9s de an\u00e1lisis de datos y el desarrollo de modelos de inteligencia artificial, a fin de conseguir modelos predictivos avanzados para anticipar la ocupaci\u00f3n de los autobuses e incidir en la optimizaci\u00f3n de frecuencias de paso para mejorar la eficiencia operativa.<\/p>\n<p>AI4BUS es el resultado de continuidad del proyecto AIDA, pero en este caso las soluciones de inteligencia artificial se desplegar\u00e1n a las l\u00edneas regulares de transporte p\u00fablico. Estos proyectos tambi\u00e9n incorporan el uso de datos contextuales como la meteorolog\u00eda, eventos en la ciudad y variables socioecon\u00f3micas, as\u00ed como la implementaci\u00f3n de un demostrador con datos reales para validar los resultados en un entorno operativo.<\/p>\n<\/div><\/div><\/div><\/div><\/div>\n","protected":false},"excerpt":{"rendered":"","protected":false},"author":27,"featured_media":182056,"comment_status":"open","ping_status":"closed","sticky":false,"template":"","format":"standard","meta":{"footnotes":""},"categories":[134],"tags":[],"class_list":["post-182068","post","type-post","status-publish","format-standard","has-post-thumbnail","hentry","category-notas-de-prensa"],"yoast_head":"<!-- This site is optimized with the Yoast SEO plugin v27.5 - https:\/\/yoast.com\/product\/yoast-seo-wordpress\/ -->\n<title>Paso adelante para mejorar la gesti\u00f3n de flotas de autobuses con IA predictiva - Eurecat<\/title>\n<meta name=\"description\" content=\"Paso adelante para mejorar la gesti\u00f3n de flotas de autobuses con IA predictiva\" \/>\n<meta name=\"robots\" content=\"index, follow, max-snippet:-1, max-image-preview:large, max-video-preview:-1\" \/>\n<link rel=\"canonical\" href=\"https:\/\/eurecat.org\/es\/paso-adelante-para-mejorar-la-gestion-de-flotas-de-autobuses-con-ia-predictiva\/\" \/>\n<meta property=\"og:locale\" content=\"es_ES\" \/>\n<meta property=\"og:type\" content=\"article\" \/>\n<meta property=\"og:title\" content=\"Paso adelante para mejorar la gesti\u00f3n de flotas de autobuses con IA predictiva - Eurecat\" \/>\n<meta property=\"og:description\" content=\"Paso adelante para mejorar la gesti\u00f3n de flotas de autobuses con IA predictiva\" \/>\n<meta property=\"og:url\" content=\"https:\/\/eurecat.org\/es\/paso-adelante-para-mejorar-la-gestion-de-flotas-de-autobuses-con-ia-predictiva\/\" \/>\n<meta property=\"og:site_name\" content=\"Eurecat\" \/>\n<meta property=\"article:published_time\" content=\"2025-07-17T13:50:31+00:00\" \/>\n<meta property=\"article:modified_time\" content=\"2025-07-17T14:31:50+00:00\" \/>\n<meta property=\"og:image\" content=\"https:\/\/eurecat.org\/wp-content\/uploads\/2025\/07\/Eurecat_CIDAI_800px.jpg\" \/>\n\t<meta property=\"og:image:width\" content=\"800\" \/>\n\t<meta property=\"og:image:height\" content=\"533\" \/>\n\t<meta property=\"og:image:type\" content=\"image\/jpeg\" \/>\n<meta name=\"author\" content=\"eurecatNG\" \/>\n<meta name=\"twitter:card\" content=\"summary_large_image\" \/>\n<meta name=\"twitter:label1\" content=\"Escrito por\" \/>\n\t<meta name=\"twitter:data1\" content=\"eurecatNG\" \/>\n\t<meta name=\"twitter:label2\" content=\"Tiempo de lectura\" \/>\n\t<meta name=\"twitter:data2\" content=\"6 minutos\" \/>\n<script type=\"application\/ld+json\" class=\"yoast-schema-graph\">{\"@context\":\"https:\\\/\\\/schema.org\",\"@graph\":[{\"@type\":\"Article\",\"@id\":\"https:\\\/\\\/eurecat.org\\\/es\\\/paso-adelante-para-mejorar-la-gestion-de-flotas-de-autobuses-con-ia-predictiva\\\/#article\",\"isPartOf\":{\"@id\":\"https:\\\/\\\/eurecat.org\\\/es\\\/paso-adelante-para-mejorar-la-gestion-de-flotas-de-autobuses-con-ia-predictiva\\\/\"},\"author\":{\"name\":\"eurecatNG\",\"@id\":\"https:\\\/\\\/eurecat.org\\\/es\\\/#\\\/schema\\\/person\\\/8342992d6929ad043b305d3cac68b3f4\"},\"headline\":\"Paso adelante para mejorar la gesti\u00f3n de flotas de autobuses con IA predictiva\",\"datePublished\":\"2025-07-17T13:50:31+00:00\",\"dateModified\":\"2025-07-17T14:31:50+00:00\",\"mainEntityOfPage\":{\"@id\":\"https:\\\/\\\/eurecat.org\\\/es\\\/paso-adelante-para-mejorar-la-gestion-de-flotas-de-autobuses-con-ia-predictiva\\\/\"},\"wordCount\":1097,\"commentCount\":0,\"image\":{\"@id\":\"https:\\\/\\\/eurecat.org\\\/es\\\/paso-adelante-para-mejorar-la-gestion-de-flotas-de-autobuses-con-ia-predictiva\\\/#primaryimage\"},\"thumbnailUrl\":\"https:\\\/\\\/eurecat.org\\\/wp-content\\\/uploads\\\/2025\\\/07\\\/Eurecat_CIDAI_800px.jpg\",\"articleSection\":[\"Notas de prensa\"],\"inLanguage\":\"es\",\"potentialAction\":[{\"@type\":\"CommentAction\",\"name\":\"Comment\",\"target\":[\"https:\\\/\\\/eurecat.org\\\/es\\\/paso-adelante-para-mejorar-la-gestion-de-flotas-de-autobuses-con-ia-predictiva\\\/#respond\"]}]},{\"@type\":\"WebPage\",\"@id\":\"https:\\\/\\\/eurecat.org\\\/es\\\/paso-adelante-para-mejorar-la-gestion-de-flotas-de-autobuses-con-ia-predictiva\\\/\",\"url\":\"https:\\\/\\\/eurecat.org\\\/es\\\/paso-adelante-para-mejorar-la-gestion-de-flotas-de-autobuses-con-ia-predictiva\\\/\",\"name\":\"Paso adelante para mejorar la gesti\u00f3n de flotas de autobuses con IA predictiva - Eurecat\",\"isPartOf\":{\"@id\":\"https:\\\/\\\/eurecat.org\\\/es\\\/#website\"},\"primaryImageOfPage\":{\"@id\":\"https:\\\/\\\/eurecat.org\\\/es\\\/paso-adelante-para-mejorar-la-gestion-de-flotas-de-autobuses-con-ia-predictiva\\\/#primaryimage\"},\"image\":{\"@id\":\"https:\\\/\\\/eurecat.org\\\/es\\\/paso-adelante-para-mejorar-la-gestion-de-flotas-de-autobuses-con-ia-predictiva\\\/#primaryimage\"},\"thumbnailUrl\":\"https:\\\/\\\/eurecat.org\\\/wp-content\\\/uploads\\\/2025\\\/07\\\/Eurecat_CIDAI_800px.jpg\",\"datePublished\":\"2025-07-17T13:50:31+00:00\",\"dateModified\":\"2025-07-17T14:31:50+00:00\",\"author\":{\"@id\":\"https:\\\/\\\/eurecat.org\\\/es\\\/#\\\/schema\\\/person\\\/8342992d6929ad043b305d3cac68b3f4\"},\"description\":\"Paso adelante para mejorar la gesti\u00f3n de flotas de autobuses con IA predictiva\",\"breadcrumb\":{\"@id\":\"https:\\\/\\\/eurecat.org\\\/es\\\/paso-adelante-para-mejorar-la-gestion-de-flotas-de-autobuses-con-ia-predictiva\\\/#breadcrumb\"},\"inLanguage\":\"es\",\"potentialAction\":[{\"@type\":\"ReadAction\",\"target\":[\"https:\\\/\\\/eurecat.org\\\/es\\\/paso-adelante-para-mejorar-la-gestion-de-flotas-de-autobuses-con-ia-predictiva\\\/\"]}]},{\"@type\":\"ImageObject\",\"inLanguage\":\"es\",\"@id\":\"https:\\\/\\\/eurecat.org\\\/es\\\/paso-adelante-para-mejorar-la-gestion-de-flotas-de-autobuses-con-ia-predictiva\\\/#primaryimage\",\"url\":\"https:\\\/\\\/eurecat.org\\\/wp-content\\\/uploads\\\/2025\\\/07\\\/Eurecat_CIDAI_800px.jpg\",\"contentUrl\":\"https:\\\/\\\/eurecat.org\\\/wp-content\\\/uploads\\\/2025\\\/07\\\/Eurecat_CIDAI_800px.jpg\",\"width\":800,\"height\":533,\"caption\":\"Eurecat CIDAI IA predictiva\"},{\"@type\":\"BreadcrumbList\",\"@id\":\"https:\\\/\\\/eurecat.org\\\/es\\\/paso-adelante-para-mejorar-la-gestion-de-flotas-de-autobuses-con-ia-predictiva\\\/#breadcrumb\",\"itemListElement\":[{\"@type\":\"ListItem\",\"position\":1,\"name\":\"Inici\",\"item\":\"https:\\\/\\\/eurecat.org\\\/es\\\/\"},{\"@type\":\"ListItem\",\"position\":2,\"name\":\"Paso adelante para mejorar la gesti\u00f3n de flotas de autobuses con IA predictiva\"}]},{\"@type\":\"WebSite\",\"@id\":\"https:\\\/\\\/eurecat.org\\\/es\\\/#website\",\"url\":\"https:\\\/\\\/eurecat.org\\\/es\\\/\",\"name\":\"Eurecat\",\"description\":\"Otro sitio realizado con WordPress\",\"potentialAction\":[{\"@type\":\"SearchAction\",\"target\":{\"@type\":\"EntryPoint\",\"urlTemplate\":\"https:\\\/\\\/eurecat.org\\\/es\\\/?s={search_term_string}\"},\"query-input\":{\"@type\":\"PropertyValueSpecification\",\"valueRequired\":true,\"valueName\":\"search_term_string\"}}],\"inLanguage\":\"es\"},{\"@type\":\"Person\",\"@id\":\"https:\\\/\\\/eurecat.org\\\/es\\\/#\\\/schema\\\/person\\\/8342992d6929ad043b305d3cac68b3f4\",\"name\":\"eurecatNG\",\"image\":{\"@type\":\"ImageObject\",\"inLanguage\":\"es\",\"@id\":\"https:\\\/\\\/secure.gravatar.com\\\/avatar\\\/63200cb70ae4f15a0f673050f36df149dba802bea7614e8f838aaccfcf8ea11d?s=96&d=mm&r=g\",\"url\":\"https:\\\/\\\/secure.gravatar.com\\\/avatar\\\/63200cb70ae4f15a0f673050f36df149dba802bea7614e8f838aaccfcf8ea11d?s=96&d=mm&r=g\",\"contentUrl\":\"https:\\\/\\\/secure.gravatar.com\\\/avatar\\\/63200cb70ae4f15a0f673050f36df149dba802bea7614e8f838aaccfcf8ea11d?s=96&d=mm&r=g\",\"caption\":\"eurecatNG\"}}]}<\/script>\n<!-- \/ Yoast SEO plugin. -->","yoast_head_json":{"title":"Paso adelante para mejorar la gesti\u00f3n de flotas de autobuses con IA predictiva - Eurecat","description":"Paso adelante para mejorar la gesti\u00f3n de flotas de autobuses con IA predictiva","robots":{"index":"index","follow":"follow","max-snippet":"max-snippet:-1","max-image-preview":"max-image-preview:large","max-video-preview":"max-video-preview:-1"},"canonical":"https:\/\/eurecat.org\/es\/paso-adelante-para-mejorar-la-gestion-de-flotas-de-autobuses-con-ia-predictiva\/","og_locale":"es_ES","og_type":"article","og_title":"Paso adelante para mejorar la gesti\u00f3n de flotas de autobuses con IA predictiva - Eurecat","og_description":"Paso adelante para mejorar la gesti\u00f3n de flotas de autobuses con IA predictiva","og_url":"https:\/\/eurecat.org\/es\/paso-adelante-para-mejorar-la-gestion-de-flotas-de-autobuses-con-ia-predictiva\/","og_site_name":"Eurecat","article_published_time":"2025-07-17T13:50:31+00:00","article_modified_time":"2025-07-17T14:31:50+00:00","og_image":[{"width":800,"height":533,"url":"https:\/\/eurecat.org\/wp-content\/uploads\/2025\/07\/Eurecat_CIDAI_800px.jpg","type":"image\/jpeg"}],"author":"eurecatNG","twitter_card":"summary_large_image","twitter_misc":{"Escrito por":"eurecatNG","Tiempo de lectura":"6 minutos"},"schema":{"@context":"https:\/\/schema.org","@graph":[{"@type":"Article","@id":"https:\/\/eurecat.org\/es\/paso-adelante-para-mejorar-la-gestion-de-flotas-de-autobuses-con-ia-predictiva\/#article","isPartOf":{"@id":"https:\/\/eurecat.org\/es\/paso-adelante-para-mejorar-la-gestion-de-flotas-de-autobuses-con-ia-predictiva\/"},"author":{"name":"eurecatNG","@id":"https:\/\/eurecat.org\/es\/#\/schema\/person\/8342992d6929ad043b305d3cac68b3f4"},"headline":"Paso adelante para mejorar la gesti\u00f3n de flotas de autobuses con IA predictiva","datePublished":"2025-07-17T13:50:31+00:00","dateModified":"2025-07-17T14:31:50+00:00","mainEntityOfPage":{"@id":"https:\/\/eurecat.org\/es\/paso-adelante-para-mejorar-la-gestion-de-flotas-de-autobuses-con-ia-predictiva\/"},"wordCount":1097,"commentCount":0,"image":{"@id":"https:\/\/eurecat.org\/es\/paso-adelante-para-mejorar-la-gestion-de-flotas-de-autobuses-con-ia-predictiva\/#primaryimage"},"thumbnailUrl":"https:\/\/eurecat.org\/wp-content\/uploads\/2025\/07\/Eurecat_CIDAI_800px.jpg","articleSection":["Notas de prensa"],"inLanguage":"es","potentialAction":[{"@type":"CommentAction","name":"Comment","target":["https:\/\/eurecat.org\/es\/paso-adelante-para-mejorar-la-gestion-de-flotas-de-autobuses-con-ia-predictiva\/#respond"]}]},{"@type":"WebPage","@id":"https:\/\/eurecat.org\/es\/paso-adelante-para-mejorar-la-gestion-de-flotas-de-autobuses-con-ia-predictiva\/","url":"https:\/\/eurecat.org\/es\/paso-adelante-para-mejorar-la-gestion-de-flotas-de-autobuses-con-ia-predictiva\/","name":"Paso adelante para mejorar la gesti\u00f3n de flotas de autobuses con IA predictiva - Eurecat","isPartOf":{"@id":"https:\/\/eurecat.org\/es\/#website"},"primaryImageOfPage":{"@id":"https:\/\/eurecat.org\/es\/paso-adelante-para-mejorar-la-gestion-de-flotas-de-autobuses-con-ia-predictiva\/#primaryimage"},"image":{"@id":"https:\/\/eurecat.org\/es\/paso-adelante-para-mejorar-la-gestion-de-flotas-de-autobuses-con-ia-predictiva\/#primaryimage"},"thumbnailUrl":"https:\/\/eurecat.org\/wp-content\/uploads\/2025\/07\/Eurecat_CIDAI_800px.jpg","datePublished":"2025-07-17T13:50:31+00:00","dateModified":"2025-07-17T14:31:50+00:00","author":{"@id":"https:\/\/eurecat.org\/es\/#\/schema\/person\/8342992d6929ad043b305d3cac68b3f4"},"description":"Paso adelante para mejorar la gesti\u00f3n de flotas de autobuses con IA predictiva","breadcrumb":{"@id":"https:\/\/eurecat.org\/es\/paso-adelante-para-mejorar-la-gestion-de-flotas-de-autobuses-con-ia-predictiva\/#breadcrumb"},"inLanguage":"es","potentialAction":[{"@type":"ReadAction","target":["https:\/\/eurecat.org\/es\/paso-adelante-para-mejorar-la-gestion-de-flotas-de-autobuses-con-ia-predictiva\/"]}]},{"@type":"ImageObject","inLanguage":"es","@id":"https:\/\/eurecat.org\/es\/paso-adelante-para-mejorar-la-gestion-de-flotas-de-autobuses-con-ia-predictiva\/#primaryimage","url":"https:\/\/eurecat.org\/wp-content\/uploads\/2025\/07\/Eurecat_CIDAI_800px.jpg","contentUrl":"https:\/\/eurecat.org\/wp-content\/uploads\/2025\/07\/Eurecat_CIDAI_800px.jpg","width":800,"height":533,"caption":"Eurecat CIDAI IA predictiva"},{"@type":"BreadcrumbList","@id":"https:\/\/eurecat.org\/es\/paso-adelante-para-mejorar-la-gestion-de-flotas-de-autobuses-con-ia-predictiva\/#breadcrumb","itemListElement":[{"@type":"ListItem","position":1,"name":"Inici","item":"https:\/\/eurecat.org\/es\/"},{"@type":"ListItem","position":2,"name":"Paso adelante para mejorar la gesti\u00f3n de flotas de autobuses con IA predictiva"}]},{"@type":"WebSite","@id":"https:\/\/eurecat.org\/es\/#website","url":"https:\/\/eurecat.org\/es\/","name":"Eurecat","description":"Otro sitio realizado con WordPress","potentialAction":[{"@type":"SearchAction","target":{"@type":"EntryPoint","urlTemplate":"https:\/\/eurecat.org\/es\/?s={search_term_string}"},"query-input":{"@type":"PropertyValueSpecification","valueRequired":true,"valueName":"search_term_string"}}],"inLanguage":"es"},{"@type":"Person","@id":"https:\/\/eurecat.org\/es\/#\/schema\/person\/8342992d6929ad043b305d3cac68b3f4","name":"eurecatNG","image":{"@type":"ImageObject","inLanguage":"es","@id":"https:\/\/secure.gravatar.com\/avatar\/63200cb70ae4f15a0f673050f36df149dba802bea7614e8f838aaccfcf8ea11d?s=96&d=mm&r=g","url":"https:\/\/secure.gravatar.com\/avatar\/63200cb70ae4f15a0f673050f36df149dba802bea7614e8f838aaccfcf8ea11d?s=96&d=mm&r=g","contentUrl":"https:\/\/secure.gravatar.com\/avatar\/63200cb70ae4f15a0f673050f36df149dba802bea7614e8f838aaccfcf8ea11d?s=96&d=mm&r=g","caption":"eurecatNG"}}]}},"_links":{"self":[{"href":"https:\/\/eurecat.org\/es\/wp-json\/wp\/v2\/posts\/182068","targetHints":{"allow":["GET"]}}],"collection":[{"href":"https:\/\/eurecat.org\/es\/wp-json\/wp\/v2\/posts"}],"about":[{"href":"https:\/\/eurecat.org\/es\/wp-json\/wp\/v2\/types\/post"}],"author":[{"embeddable":true,"href":"https:\/\/eurecat.org\/es\/wp-json\/wp\/v2\/users\/27"}],"replies":[{"embeddable":true,"href":"https:\/\/eurecat.org\/es\/wp-json\/wp\/v2\/comments?post=182068"}],"version-history":[{"count":1,"href":"https:\/\/eurecat.org\/es\/wp-json\/wp\/v2\/posts\/182068\/revisions"}],"predecessor-version":[{"id":182071,"href":"https:\/\/eurecat.org\/es\/wp-json\/wp\/v2\/posts\/182068\/revisions\/182071"}],"wp:featuredmedia":[{"embeddable":true,"href":"https:\/\/eurecat.org\/es\/wp-json\/wp\/v2\/media\/182056"}],"wp:attachment":[{"href":"https:\/\/eurecat.org\/es\/wp-json\/wp\/v2\/media?parent=182068"}],"wp:term":[{"taxonomy":"category","embeddable":true,"href":"https:\/\/eurecat.org\/es\/wp-json\/wp\/v2\/categories?post=182068"},{"taxonomy":"post_tag","embeddable":true,"href":"https:\/\/eurecat.org\/es\/wp-json\/wp\/v2\/tags?post=182068"}],"curies":[{"name":"wp","href":"https:\/\/api.w.org\/{rel}","templated":true}]}}