{"id":18825,"date":"2016-11-08T11:28:58","date_gmt":"2016-11-08T11:28:58","guid":{"rendered":"http:\/\/eurecat.org\/es\/?p=18825"},"modified":"2016-11-14T11:44:33","modified_gmt":"2016-11-14T11:44:33","slug":"urv-patron-eurecat","status":"publish","type":"post","link":"https:\/\/eurecat.org\/es\/urv-patron-eurecat\/","title":{"rendered":"La Universidad Rovira i Virgili, nuevo patrono del centro tecnol\u00f3gico Eurecat"},"content":{"rendered":"<p><strong><u>Tarragona, 8 de noviembre de 2016.-<\/u> <\/strong>El centro tecnol\u00f3gico Eurecat (miembro de TECNIO) ha aprobado la incorporaci\u00f3n de la <strong><span style=\"color: #800080;\"><a style=\"color: #800080;\" href=\"http:\/\/www.urv.cat\/\">Universidad Rovira i Virgili<\/a><\/span><\/strong> (URV) como\u00a0 miembro del Patronato en representaci\u00f3n de su Comisi\u00f3n Territorial de Tarragona. Esta comisi\u00f3n, creada recientemente, est\u00e1 integrada por representantes de empresas y de instituciones de las comarcas tarraconenses que son miembros de los patronatos de los centros tecnol\u00f3gicos CTNS, CTQ, PCTO y VITEC, impulsados inicialmente por la Universitat Rovira i Virgili.<\/p>\n<p>De esta manera, Eurecat deja patente su estrategia de alianzas con los agentes relevantes del sistema de investigaci\u00f3n, transferencia e innovaci\u00f3n del pa\u00eds, como es el caso de la Universitat Rovira i Virgili, y de establecimiento de v\u00ednculos de relaci\u00f3n permanente con empresas y administraciones del territorio.<\/p>\n<p>La Universitat Rovira i Virgili y Eurecat han dise\u00f1ado una hoja de ruta que tiene como objetivo trabajar de forma conjunta y complementaria para potenciar la transferencia tecnol\u00f3gica en diferentes \u00e1mbitos de conocimiento. Despu\u00e9s de la integraci\u00f3n a Eurecat del Centro Tecnol\u00f3gico de la Nutrici\u00f3n y Salud (CTNS), se prev\u00e9 la integraci\u00f3n o la adscripci\u00f3n a Eurecat de los otros centros tecnol\u00f3gicos del territorio, con la finalidad de potenciar la actividad desarrollada por estas entidades, completar la oferta tecnol\u00f3gica y consolidar la presencia de Eurecat en las comarcas del sur de Catalu\u00f1a.<\/p>\n<p>Este modelo de relaci\u00f3n entre Universidad y centros tecnol\u00f3gicos, habitual en otros pa\u00edses de nuestro entorno, enfatiza el papel de la primera como agente generador de conocimiento cient\u00edfico y tecnol\u00f3gico y de los segundos como instrumentos que potencian la transferencia y el impacto del conocimiento generado en el sector productivo m\u00e1s cercano, de forma que contribuyan a un mayor bienestar social, econ\u00f3mico y cultural de los ciudadanos.<\/p>\n<p><strong>Pod\u00e9is ampliar la informaci\u00f3n o solicitar entrevistas en el email <\/strong><a href=\"mailto:premsa@eurecat.org\"><strong>premsa@eurecat.org<\/strong><\/a><strong> y en el m\u00f3vil 630425169.<\/strong><\/p>\n<p><strong>\u00a0<\/strong><\/p>\n<p><strong>Sobre Eurecat<\/strong><\/p>\n<p>Eurecat, Centro Tecnol\u00f3gico de Catalu\u00f1a (miembro de Tecnio), aglutina la experiencia de m\u00e1s de <strong>550 profesionales<\/strong> que generan un volumen de ingresos de <strong>45 millones de euros anuales<\/strong> y presta servicio a m\u00e1s de <strong>1.000 empresas<\/strong>. <strong>I+D aplicado<\/strong>, <strong>servicios tecnol\u00f3gicos<\/strong>, <strong>formaci\u00f3n de alta especializaci\u00f3n<\/strong>, <strong>consultor\u00eda tecnol\u00f3gica<\/strong> y <strong>eventos profesionales<\/strong> son algunos de los servicios que Eurecat ofrece tanto para grandes como para peque\u00f1as y medianas empresas de todos los sectores. Con instalaciones en Barcelona, Canet de Mar, Cerdanyola del Vall\u00e8s, Girona, Lleida, Manresa, Matar\u00f3, Reus y Amposta y con una sede en Brasil, participa en <strong>160 grandes proyectos consorciados de I+D+i<\/strong> nacionales e internacionales de alto valor estrat\u00e9gico y cuenta con <strong>73 patentes<\/strong> y <strong>7 spin-off<\/strong>. El valor a\u00f1adido que aporta Eurecat <strong>acelera la innovaci\u00f3n<\/strong>, <strong>disminuye el gasto en infraestructuras<\/strong> cient\u00edficas y tecnol\u00f3gicas, <strong>reduce los riesgos <\/strong>y proporciona <strong>conocimiento especializado <\/strong>a medida de cada empresa. <strong>M\u00e1s informaci\u00f3n en <\/strong><a href=\"http:\/\/www.eurecat.org\"><strong>www.eurecat.org<\/strong><\/a><\/p>\n<p>&nbsp;<\/p>\n<p><strong><em>M\u00e1s informaci\u00f3n:<\/em><\/strong><\/p>\n<p><strong>Montse Mascar\u00f3<br \/>\nPrensa | Direcci\u00f3n de Comunicaci\u00f3n Corporativa <\/strong><strong>Eurecat<\/strong><\/p>\n<p><strong>Tel. (+34) 932 381 400 | M\u00f3vil: (+34) 630 425 169<br \/>\nC\/e: premsa@eurecat.org | <\/strong><a href=\"http:\/\/www.eurecat.org\">www.eurecat.org<\/a><\/p>\n<p><strong>\u00a0<\/strong><\/p>\n","protected":false},"excerpt":{"rendered":"<p>Tarragona, 8 de noviembre de 2016.- El centro tecnol\u00f3gico Eurecat (miembro de TECNIO) ha aprobado la incorporaci\u00f3n de la Universidad Rovira i Virgili (URV) como\u00a0 miembro del Patronato en representaci\u00f3n de su Comisi\u00f3n Territorial de Tarragona. Esta comisi\u00f3n, creada recientemente, est\u00e1 integrada por representantes de empresas y de instituciones de las comarcas tarraconenses que son  [&#8230;]<\/p>\n","protected":false},"author":12,"featured_media":18815,"comment_status":"open","ping_status":"closed","sticky":false,"template":"","format":"standard","meta":{"footnotes":""},"categories":[134],"tags":[],"class_list":["post-18825","post","type-post","status-publish","format-standard","has-post-thumbnail","hentry","category-notas-de-prensa"],"yoast_head":"<!-- This site is optimized with the Yoast SEO plugin v27.4 - https:\/\/yoast.com\/product\/yoast-seo-wordpress\/ -->\n<title>Universidad Rovira Virgili nuevo patr\u00f3n Eurecat Centro Tecnol\u00f3gico<\/title>\n<meta name=\"description\" content=\"Eurecat ha aprovat la incorporaci\u00f3 de la Universidad Rovira i Virgili com a membre del Patronat en representaci\u00f3 de la Comissi\u00f3 Territorial de Tarragona\" \/>\n<meta name=\"robots\" content=\"index, follow, max-snippet:-1, max-image-preview:large, max-video-preview:-1\" \/>\n<link rel=\"canonical\" href=\"https:\/\/eurecat.org\/es\/urv-patron-eurecat\/\" \/>\n<meta property=\"og:locale\" content=\"es_ES\" \/>\n<meta property=\"og:type\" content=\"article\" \/>\n<meta property=\"og:title\" content=\"Universidad Rovira Virgili nuevo patr\u00f3n Eurecat Centro Tecnol\u00f3gico\" \/>\n<meta property=\"og:description\" content=\"Eurecat ha aprovat la incorporaci\u00f3 de la Universidad Rovira i Virgili com a membre del Patronat en representaci\u00f3 de la Comissi\u00f3 Territorial de Tarragona\" \/>\n<meta property=\"og:url\" content=\"https:\/\/eurecat.org\/es\/urv-patron-eurecat\/\" \/>\n<meta property=\"og:site_name\" content=\"Eurecat\" \/>\n<meta property=\"article:published_time\" content=\"2016-11-08T11:28:58+00:00\" \/>\n<meta property=\"article:modified_time\" content=\"2016-11-14T11:44:33+00:00\" \/>\n<meta property=\"og:image\" content=\"https:\/\/eurecat.org\/wp-content\/uploads\/2016\/11\/URV_google_2016.jpg\" \/>\n\t<meta property=\"og:image:width\" content=\"800\" \/>\n\t<meta property=\"og:image:height\" content=\"450\" \/>\n\t<meta property=\"og:image:type\" content=\"image\/jpeg\" \/>\n<meta name=\"author\" content=\"EurecatEG\" \/>\n<meta name=\"twitter:card\" content=\"summary_large_image\" \/>\n<meta name=\"twitter:label1\" content=\"Escrito por\" \/>\n\t<meta name=\"twitter:data1\" content=\"EurecatEG\" \/>\n\t<meta name=\"twitter:label2\" content=\"Tiempo de lectura\" \/>\n\t<meta name=\"twitter:data2\" content=\"3 minutos\" \/>\n<script type=\"application\/ld+json\" class=\"yoast-schema-graph\">{\"@context\":\"https:\\\/\\\/schema.org\",\"@graph\":[{\"@type\":\"Article\",\"@id\":\"https:\\\/\\\/eurecat.org\\\/es\\\/urv-patron-eurecat\\\/#article\",\"isPartOf\":{\"@id\":\"https:\\\/\\\/eurecat.org\\\/es\\\/urv-patron-eurecat\\\/\"},\"author\":{\"name\":\"EurecatEG\",\"@id\":\"https:\\\/\\\/eurecat.org\\\/es\\\/#\\\/schema\\\/person\\\/def9217eded50ee57a9dc4cf0c883f80\"},\"headline\":\"La Universidad Rovira i Virgili, nuevo patrono del centro tecnol\u00f3gico Eurecat\",\"datePublished\":\"2016-11-08T11:28:58+00:00\",\"dateModified\":\"2016-11-14T11:44:33+00:00\",\"mainEntityOfPage\":{\"@id\":\"https:\\\/\\\/eurecat.org\\\/es\\\/urv-patron-eurecat\\\/\"},\"wordCount\":536,\"commentCount\":0,\"image\":{\"@id\":\"https:\\\/\\\/eurecat.org\\\/es\\\/urv-patron-eurecat\\\/#primaryimage\"},\"thumbnailUrl\":\"https:\\\/\\\/eurecat.org\\\/wp-content\\\/uploads\\\/2016\\\/11\\\/URV_google_2016.jpg\",\"articleSection\":[\"Notas de prensa\"],\"inLanguage\":\"es\",\"potentialAction\":[{\"@type\":\"CommentAction\",\"name\":\"Comment\",\"target\":[\"https:\\\/\\\/eurecat.org\\\/es\\\/urv-patron-eurecat\\\/#respond\"]}]},{\"@type\":\"WebPage\",\"@id\":\"https:\\\/\\\/eurecat.org\\\/es\\\/urv-patron-eurecat\\\/\",\"url\":\"https:\\\/\\\/eurecat.org\\\/es\\\/urv-patron-eurecat\\\/\",\"name\":\"Universidad Rovira Virgili nuevo patr\u00f3n Eurecat Centro Tecnol\u00f3gico\",\"isPartOf\":{\"@id\":\"https:\\\/\\\/eurecat.org\\\/es\\\/#website\"},\"primaryImageOfPage\":{\"@id\":\"https:\\\/\\\/eurecat.org\\\/es\\\/urv-patron-eurecat\\\/#primaryimage\"},\"image\":{\"@id\":\"https:\\\/\\\/eurecat.org\\\/es\\\/urv-patron-eurecat\\\/#primaryimage\"},\"thumbnailUrl\":\"https:\\\/\\\/eurecat.org\\\/wp-content\\\/uploads\\\/2016\\\/11\\\/URV_google_2016.jpg\",\"datePublished\":\"2016-11-08T11:28:58+00:00\",\"dateModified\":\"2016-11-14T11:44:33+00:00\",\"author\":{\"@id\":\"https:\\\/\\\/eurecat.org\\\/es\\\/#\\\/schema\\\/person\\\/def9217eded50ee57a9dc4cf0c883f80\"},\"description\":\"Eurecat ha aprovat la incorporaci\u00f3 de la Universidad Rovira i Virgili com a membre del Patronat en representaci\u00f3 de la Comissi\u00f3 Territorial de Tarragona\",\"breadcrumb\":{\"@id\":\"https:\\\/\\\/eurecat.org\\\/es\\\/urv-patron-eurecat\\\/#breadcrumb\"},\"inLanguage\":\"es\",\"potentialAction\":[{\"@type\":\"ReadAction\",\"target\":[\"https:\\\/\\\/eurecat.org\\\/es\\\/urv-patron-eurecat\\\/\"]}]},{\"@type\":\"ImageObject\",\"inLanguage\":\"es\",\"@id\":\"https:\\\/\\\/eurecat.org\\\/es\\\/urv-patron-eurecat\\\/#primaryimage\",\"url\":\"https:\\\/\\\/eurecat.org\\\/wp-content\\\/uploads\\\/2016\\\/11\\\/URV_google_2016.jpg\",\"contentUrl\":\"https:\\\/\\\/eurecat.org\\\/wp-content\\\/uploads\\\/2016\\\/11\\\/URV_google_2016.jpg\",\"width\":800,\"height\":450},{\"@type\":\"BreadcrumbList\",\"@id\":\"https:\\\/\\\/eurecat.org\\\/es\\\/urv-patron-eurecat\\\/#breadcrumb\",\"itemListElement\":[{\"@type\":\"ListItem\",\"position\":1,\"name\":\"Inici\",\"item\":\"https:\\\/\\\/eurecat.org\\\/es\\\/\"},{\"@type\":\"ListItem\",\"position\":2,\"name\":\"La Universidad Rovira i Virgili, nuevo patrono del centro tecnol\u00f3gico Eurecat\"}]},{\"@type\":\"WebSite\",\"@id\":\"https:\\\/\\\/eurecat.org\\\/es\\\/#website\",\"url\":\"https:\\\/\\\/eurecat.org\\\/es\\\/\",\"name\":\"Eurecat\",\"description\":\"Otro sitio realizado con WordPress\",\"potentialAction\":[{\"@type\":\"SearchAction\",\"target\":{\"@type\":\"EntryPoint\",\"urlTemplate\":\"https:\\\/\\\/eurecat.org\\\/es\\\/?s={search_term_string}\"},\"query-input\":{\"@type\":\"PropertyValueSpecification\",\"valueRequired\":true,\"valueName\":\"search_term_string\"}}],\"inLanguage\":\"es\"},{\"@type\":\"Person\",\"@id\":\"https:\\\/\\\/eurecat.org\\\/es\\\/#\\\/schema\\\/person\\\/def9217eded50ee57a9dc4cf0c883f80\",\"name\":\"EurecatEG\",\"image\":{\"@type\":\"ImageObject\",\"inLanguage\":\"es\",\"@id\":\"https:\\\/\\\/secure.gravatar.com\\\/avatar\\\/f40dd9b6ecd3e5c591f3c9b033e495ee0ec9877ba77249fbf268b3889350c824?s=96&d=mm&r=g\",\"url\":\"https:\\\/\\\/secure.gravatar.com\\\/avatar\\\/f40dd9b6ecd3e5c591f3c9b033e495ee0ec9877ba77249fbf268b3889350c824?s=96&d=mm&r=g\",\"contentUrl\":\"https:\\\/\\\/secure.gravatar.com\\\/avatar\\\/f40dd9b6ecd3e5c591f3c9b033e495ee0ec9877ba77249fbf268b3889350c824?s=96&d=mm&r=g\",\"caption\":\"EurecatEG\"}}]}<\/script>\n<!-- \/ Yoast SEO plugin. -->","yoast_head_json":{"title":"Universidad Rovira Virgili nuevo patr\u00f3n Eurecat Centro Tecnol\u00f3gico","description":"Eurecat ha aprovat la incorporaci\u00f3 de la Universidad Rovira i Virgili com a membre del Patronat en representaci\u00f3 de la Comissi\u00f3 Territorial de Tarragona","robots":{"index":"index","follow":"follow","max-snippet":"max-snippet:-1","max-image-preview":"max-image-preview:large","max-video-preview":"max-video-preview:-1"},"canonical":"https:\/\/eurecat.org\/es\/urv-patron-eurecat\/","og_locale":"es_ES","og_type":"article","og_title":"Universidad Rovira Virgili nuevo patr\u00f3n Eurecat Centro Tecnol\u00f3gico","og_description":"Eurecat ha aprovat la incorporaci\u00f3 de la Universidad Rovira i Virgili com a membre del Patronat en representaci\u00f3 de la Comissi\u00f3 Territorial de Tarragona","og_url":"https:\/\/eurecat.org\/es\/urv-patron-eurecat\/","og_site_name":"Eurecat","article_published_time":"2016-11-08T11:28:58+00:00","article_modified_time":"2016-11-14T11:44:33+00:00","og_image":[{"width":800,"height":450,"url":"https:\/\/eurecat.org\/wp-content\/uploads\/2016\/11\/URV_google_2016.jpg","type":"image\/jpeg"}],"author":"EurecatEG","twitter_card":"summary_large_image","twitter_misc":{"Escrito por":"EurecatEG","Tiempo de lectura":"3 minutos"},"schema":{"@context":"https:\/\/schema.org","@graph":[{"@type":"Article","@id":"https:\/\/eurecat.org\/es\/urv-patron-eurecat\/#article","isPartOf":{"@id":"https:\/\/eurecat.org\/es\/urv-patron-eurecat\/"},"author":{"name":"EurecatEG","@id":"https:\/\/eurecat.org\/es\/#\/schema\/person\/def9217eded50ee57a9dc4cf0c883f80"},"headline":"La Universidad Rovira i Virgili, nuevo patrono del centro tecnol\u00f3gico Eurecat","datePublished":"2016-11-08T11:28:58+00:00","dateModified":"2016-11-14T11:44:33+00:00","mainEntityOfPage":{"@id":"https:\/\/eurecat.org\/es\/urv-patron-eurecat\/"},"wordCount":536,"commentCount":0,"image":{"@id":"https:\/\/eurecat.org\/es\/urv-patron-eurecat\/#primaryimage"},"thumbnailUrl":"https:\/\/eurecat.org\/wp-content\/uploads\/2016\/11\/URV_google_2016.jpg","articleSection":["Notas de prensa"],"inLanguage":"es","potentialAction":[{"@type":"CommentAction","name":"Comment","target":["https:\/\/eurecat.org\/es\/urv-patron-eurecat\/#respond"]}]},{"@type":"WebPage","@id":"https:\/\/eurecat.org\/es\/urv-patron-eurecat\/","url":"https:\/\/eurecat.org\/es\/urv-patron-eurecat\/","name":"Universidad Rovira Virgili nuevo patr\u00f3n Eurecat Centro Tecnol\u00f3gico","isPartOf":{"@id":"https:\/\/eurecat.org\/es\/#website"},"primaryImageOfPage":{"@id":"https:\/\/eurecat.org\/es\/urv-patron-eurecat\/#primaryimage"},"image":{"@id":"https:\/\/eurecat.org\/es\/urv-patron-eurecat\/#primaryimage"},"thumbnailUrl":"https:\/\/eurecat.org\/wp-content\/uploads\/2016\/11\/URV_google_2016.jpg","datePublished":"2016-11-08T11:28:58+00:00","dateModified":"2016-11-14T11:44:33+00:00","author":{"@id":"https:\/\/eurecat.org\/es\/#\/schema\/person\/def9217eded50ee57a9dc4cf0c883f80"},"description":"Eurecat ha aprovat la incorporaci\u00f3 de la Universidad Rovira i Virgili com a membre del Patronat en representaci\u00f3 de la Comissi\u00f3 Territorial de Tarragona","breadcrumb":{"@id":"https:\/\/eurecat.org\/es\/urv-patron-eurecat\/#breadcrumb"},"inLanguage":"es","potentialAction":[{"@type":"ReadAction","target":["https:\/\/eurecat.org\/es\/urv-patron-eurecat\/"]}]},{"@type":"ImageObject","inLanguage":"es","@id":"https:\/\/eurecat.org\/es\/urv-patron-eurecat\/#primaryimage","url":"https:\/\/eurecat.org\/wp-content\/uploads\/2016\/11\/URV_google_2016.jpg","contentUrl":"https:\/\/eurecat.org\/wp-content\/uploads\/2016\/11\/URV_google_2016.jpg","width":800,"height":450},{"@type":"BreadcrumbList","@id":"https:\/\/eurecat.org\/es\/urv-patron-eurecat\/#breadcrumb","itemListElement":[{"@type":"ListItem","position":1,"name":"Inici","item":"https:\/\/eurecat.org\/es\/"},{"@type":"ListItem","position":2,"name":"La Universidad Rovira i Virgili, nuevo patrono del centro tecnol\u00f3gico Eurecat"}]},{"@type":"WebSite","@id":"https:\/\/eurecat.org\/es\/#website","url":"https:\/\/eurecat.org\/es\/","name":"Eurecat","description":"Otro sitio realizado con WordPress","potentialAction":[{"@type":"SearchAction","target":{"@type":"EntryPoint","urlTemplate":"https:\/\/eurecat.org\/es\/?s={search_term_string}"},"query-input":{"@type":"PropertyValueSpecification","valueRequired":true,"valueName":"search_term_string"}}],"inLanguage":"es"},{"@type":"Person","@id":"https:\/\/eurecat.org\/es\/#\/schema\/person\/def9217eded50ee57a9dc4cf0c883f80","name":"EurecatEG","image":{"@type":"ImageObject","inLanguage":"es","@id":"https:\/\/secure.gravatar.com\/avatar\/f40dd9b6ecd3e5c591f3c9b033e495ee0ec9877ba77249fbf268b3889350c824?s=96&d=mm&r=g","url":"https:\/\/secure.gravatar.com\/avatar\/f40dd9b6ecd3e5c591f3c9b033e495ee0ec9877ba77249fbf268b3889350c824?s=96&d=mm&r=g","contentUrl":"https:\/\/secure.gravatar.com\/avatar\/f40dd9b6ecd3e5c591f3c9b033e495ee0ec9877ba77249fbf268b3889350c824?s=96&d=mm&r=g","caption":"EurecatEG"}}]}},"_links":{"self":[{"href":"https:\/\/eurecat.org\/es\/wp-json\/wp\/v2\/posts\/18825","targetHints":{"allow":["GET"]}}],"collection":[{"href":"https:\/\/eurecat.org\/es\/wp-json\/wp\/v2\/posts"}],"about":[{"href":"https:\/\/eurecat.org\/es\/wp-json\/wp\/v2\/types\/post"}],"author":[{"embeddable":true,"href":"https:\/\/eurecat.org\/es\/wp-json\/wp\/v2\/users\/12"}],"replies":[{"embeddable":true,"href":"https:\/\/eurecat.org\/es\/wp-json\/wp\/v2\/comments?post=18825"}],"version-history":[{"count":0,"href":"https:\/\/eurecat.org\/es\/wp-json\/wp\/v2\/posts\/18825\/revisions"}],"wp:featuredmedia":[{"embeddable":true,"href":"https:\/\/eurecat.org\/es\/wp-json\/wp\/v2\/media\/18815"}],"wp:attachment":[{"href":"https:\/\/eurecat.org\/es\/wp-json\/wp\/v2\/media?parent=18825"}],"wp:term":[{"taxonomy":"category","embeddable":true,"href":"https:\/\/eurecat.org\/es\/wp-json\/wp\/v2\/categories?post=18825"},{"taxonomy":"post_tag","embeddable":true,"href":"https:\/\/eurecat.org\/es\/wp-json\/wp\/v2\/tags?post=18825"}],"curies":[{"name":"wp","href":"https:\/\/api.w.org\/{rel}","templated":true}]}}