{"id":188790,"date":"2025-09-25T14:09:16","date_gmt":"2025-09-25T12:09:16","guid":{"rendered":"https:\/\/eurecat.org\/?p=188790"},"modified":"2025-09-25T14:11:12","modified_gmt":"2025-09-25T12:11:12","slug":"eurecat-y-el-creaf-crean-una-unidad-mixta-especializada-en-soluciones-basadas-en-la-naturaleza-que-suma-ciencia-e-innovacion-para-hacer-frente-a-los-retos-del-cambio-climatico","status":"publish","type":"post","link":"https:\/\/eurecat.org\/es\/eurecat-y-el-creaf-crean-una-unidad-mixta-especializada-en-soluciones-basadas-en-la-naturaleza-que-suma-ciencia-e-innovacion-para-hacer-frente-a-los-retos-del-cambio-climatico\/","title":{"rendered":"Eurecat y el CREAF crean una unidad mixta especializada en soluciones basadas en la naturaleza que suma ciencia e innovaci\u00f3n para hacer frente a los retos del cambio clim\u00e1tico"},"content":{"rendered":"<div class=\"fusion-fullwidth fullwidth-box fusion-builder-row-1 fusion-flex-container has-pattern-background has-mask-background nonhundred-percent-fullwidth non-hundred-percent-height-scrolling\" style=\"--awb-border-radius-top-left:0px;--awb-border-radius-top-right:0px;--awb-border-radius-bottom-right:0px;--awb-border-radius-bottom-left:0px;--awb-flex-wrap:wrap;\" ><div class=\"fusion-builder-row fusion-row fusion-flex-align-items-flex-start fusion-flex-content-wrap\" style=\"max-width:1424.8px;margin-left: calc(-4% \/ 2 );margin-right: calc(-4% \/ 2 );\"><div class=\"fusion-layout-column fusion_builder_column fusion-builder-column-0 fusion_builder_column_1_1 1_1 fusion-flex-column\" style=\"--awb-bg-size:cover;--awb-width-large:100%;--awb-margin-top-large:0px;--awb-spacing-right-large:1.92%;--awb-margin-bottom-large:20px;--awb-spacing-left-large:1.92%;--awb-width-medium:100%;--awb-order-medium:0;--awb-spacing-right-medium:1.92%;--awb-spacing-left-medium:1.92%;--awb-width-small:100%;--awb-order-small:0;--awb-spacing-right-small:1.92%;--awb-spacing-left-small:1.92%;\"><div class=\"fusion-column-wrapper fusion-column-has-shadow fusion-flex-justify-content-flex-start fusion-content-layout-column\"><div class=\"fusion-text fusion-text-1\"><p>El centro tecnol\u00f3gico <a href=\"https:\/\/eurecat.org\/es\">Eurecat<\/a> y el CREAF crean una unidad mixta de investigaci\u00f3n e innovaci\u00f3n para desarrollar y transferir a la sociedad y la empresa, soluciones tecnol\u00f3gicas para acelerar as\u00ed la adaptaci\u00f3n del territorio catal\u00e1n a los efectos del cambio clim\u00e1tico. La alianza entre las dos entidades quiere contribuir a que Catalu\u00f1a est\u00e9 preparada para hacer frente al calentamiento global, tanto desde el punto de vista territorial, social como empresarial y hacerlo desde la ciencia y la innovaci\u00f3n.<\/p>\n<p>El director general de Eurecat, Xavier L\u00f3pez, y el director del CREAF, Joan Pino, han subscrito hoy el convenio de colaboraci\u00f3n que articula esta unidad mixta de investigaci\u00f3n e innovaci\u00f3n. Ambos centros cooperar\u00e1n en \u00e1mbitos como por ejemplo el desarrollo y despliegue de soluciones tecnol\u00f3gicas basadas en la naturaleza, o en la gesti\u00f3n de stocks de carbono.<\/p>\n<p>Tambi\u00e9n trabajar\u00e1n para potenciar la resiliencia de los ecosistemas mediterr\u00e1neos y en el impulso de la bioeconom\u00eda, para desarrollar oportunidades econ\u00f3micas acopladas a la resiliencia clim\u00e1tica, entre otros. As\u00ed mismo, colaborar\u00e1n para innovar en materia de gobernanza ambiental entre los diferentes actores de los territorios, potenciando el impacto mediante herramientas como por ejemplo los living labs.<\/p>\n<p>Son ejemplos de la colaboraci\u00f3n entre el CREAF y Eurecat la creaci\u00f3n conjunta de un inventario sobre el carbono azul en Catalu\u00f1a para valorar como incluirlo en mecanismos de compensaci\u00f3n de carbono y la elaboraci\u00f3n del primer esquema voluntario de cr\u00e9ditos de carbono para reducir emisiones de metano en los arrozales del delta del Ebro.<\/p>\n<p>En palabras del director general de Eurecat, \u201cel proyecto se fundamenta en la complementariedad de un centro CERCA como es el CREAF y del centro tecnol\u00f3gico Eurecat, que suman sus capacidades, combinando ciencia, tecnolog\u00eda e innovaci\u00f3n, en un marco p\u00fablico-privado singular en Catalu\u00f1a, y en el contexto de la resiliencia clim\u00e1tica, con el objetivo de generar un impacto cr\u00edtico, tanto desde el punto de vista social como econ\u00f3mico y empresarial\u201d.<\/p>\n<p>Seg\u00fan el director del CREAF, \u201cesta colaboraci\u00f3n nos permitir\u00e1 aportar aquella innovaci\u00f3n que desde los \u00e1mbitos m\u00e1s estrictamente cient\u00edficos nos cuesta y concretar soluciones a las cuales podemos trasladar nuestra investigaci\u00f3n. Esto para un centro de ecolog\u00eda siempre es necesario y muy importante\u201d.<\/p>\n<p><strong>Resiliencia clim\u00e1tica territorial y bioeconom\u00eda<\/strong><\/p>\n<p>La nueva unidad mixta de investigaci\u00f3n e innovaci\u00f3n tambi\u00e9n potenciar\u00e1 la investigaci\u00f3n aplicada conjunta entre Eurecat y el CREAF, y la transferencia de soluciones tecnol\u00f3gicas en la gesti\u00f3n de la biodiversidad y en el desarrollo de servicios ecosist\u00e9micos a escala de paisaje, adem\u00e1s de la resiliencia clim\u00e1tica territorial y la bioeconom\u00eda.<\/p>\n<p>Adem\u00e1s, Eurecat y el CREAF son miembros impulsores del Centro en Resiliencia Clim\u00e1tica, junto con actores relevantes del conocimiento, fundaciones, la Administraci\u00f3n y la empresa; una iniciativa tambi\u00e9n de car\u00e1cter p\u00fablico-privado, creada el 2021 en materia de adaptaci\u00f3n y de mitigaci\u00f3n del cambio clim\u00e1tico y que tiene como objetivo desarrollar conocimiento y tecnolog\u00edas para hacer frente a los impactos del cambio clim\u00e1tico, especialmente en territorios vulnerables de Catalu\u00f1a.<\/p>\n<p><strong>Proyectos estrat\u00e9gicos en adaptaci\u00f3n y mitigaci\u00f3n del cambio clim\u00e1tico<\/strong><\/p>\n<p>Actualmente, el centro tecnol\u00f3gico Eurecat y el CREAF participan en la implementaci\u00f3n de varios proyectos estrat\u00e9gicos en adaptaci\u00f3n y mitigaci\u00f3n del cambio clim\u00e1tico, entre los cuales, destaca el proyecto BlauCat, que es financiado por el Fondo Clim\u00e1tico de la Generalitat de Catalunya y que tiene como finalidad analizar el estado del carbono azul en los ecosistemas costeros de Catalu\u00f1a. El prop\u00f3sito es poder evaluar el potencial como sumideros de CO\u2082 y dise\u00f1ar estrategias de conservaci\u00f3n y restauraci\u00f3n, creando un inventario sobre el carbono azul en Catalu\u00f1a.<\/p>\n<p>En paralelo, el proyecto BlauCat tiene como objetivo facilitar la inclusi\u00f3n de estos ecosistemas en mecanismos de compensaci\u00f3n de carbono y pol\u00edticas ambientales. Con esta finalidad, actualmente est\u00e1 ejecutando toda la recogida de datos en los diferentes sistemas litorales de Catalu\u00f1a, incluyendo humedales, lagunas y algueros.<\/p>\n<p>As\u00ed mismo, los dos centros colaboran en la implementaci\u00f3n del proyecto Bioresilmed, financiado por la Fundaci\u00f3n Biodiversidad y la Uni\u00f3n Europea a trav\u00e9s de los fondos Next Generation, con el fin de impulsar la bioeconom\u00eda y la resiliencia clim\u00e1tica en los paisajes mediterr\u00e1neos, tanto de costa como de interior, bas\u00e1ndose en el conocimiento cient\u00edfico y el codise\u00f1o con actores socioecon\u00f3micos.<\/p>\n<p>Bioresilmed busca tambi\u00e9n frenar la p\u00e9rdida de biodiversidad implementando soluciones basadas en la naturaleza, para potenciar los servicios ecosist\u00e9micos, desarrollando, a la vez, modelos de negocio sostenibles para generar ocupaci\u00f3n verde.<\/p>\n<\/div><\/div><\/div><\/div><\/div>\n","protected":false},"excerpt":{"rendered":"","protected":false},"author":20,"featured_media":188785,"comment_status":"open","ping_status":"closed","sticky":false,"template":"","format":"standard","meta":{"footnotes":""},"categories":[2312,134,1759,2279,2590,411],"tags":[],"class_list":["post-188790","post","type-post","status-publish","format-standard","has-post-thumbnail","hentry","category-canvi-climatic-es","category-notas-de-prensa","category-quimica-es","category-quimico","category-recursos","category-sostenibilidad"],"yoast_head":"<!-- This site is optimized with the Yoast SEO plugin v27.5 - https:\/\/yoast.com\/product\/yoast-seo-wordpress\/ -->\n<title>Eurecat y el CREAF crean una unidad mixta especializada en soluciones basadas en la naturaleza que suma ciencia e innovaci\u00f3n para hacer frente a los retos del cambio clim\u00e1tico - Eurecat<\/title>\n<meta name=\"robots\" content=\"index, follow, max-snippet:-1, max-image-preview:large, max-video-preview:-1\" \/>\n<link rel=\"canonical\" href=\"https:\/\/eurecat.org\/es\/eurecat-y-el-creaf-crean-una-unidad-mixta-especializada-en-soluciones-basadas-en-la-naturaleza-que-suma-ciencia-e-innovacion-para-hacer-frente-a-los-retos-del-cambio-climatico\/\" \/>\n<meta property=\"og:locale\" content=\"es_ES\" \/>\n<meta property=\"og:type\" content=\"article\" \/>\n<meta property=\"og:title\" content=\"Eurecat y el CREAF crean una unidad mixta especializada en soluciones basadas en la naturaleza que suma ciencia e innovaci\u00f3n para hacer frente a los retos del cambio clim\u00e1tico - Eurecat\" \/>\n<meta property=\"og:url\" content=\"https:\/\/eurecat.org\/es\/eurecat-y-el-creaf-crean-una-unidad-mixta-especializada-en-soluciones-basadas-en-la-naturaleza-que-suma-ciencia-e-innovacion-para-hacer-frente-a-los-retos-del-cambio-climatico\/\" \/>\n<meta property=\"og:site_name\" content=\"Eurecat\" \/>\n<meta property=\"article:published_time\" content=\"2025-09-25T12:09:16+00:00\" \/>\n<meta property=\"article:modified_time\" content=\"2025-09-25T12:11:12+00:00\" \/>\n<meta property=\"og:image\" content=\"https:\/\/eurecat.org\/wp-content\/uploads\/2025\/09\/Conveni_Eurecat_CREAF_Xavier-Lopez_Joan-Pino_800px.jpg\" \/>\n\t<meta property=\"og:image:width\" content=\"750\" \/>\n\t<meta property=\"og:image:height\" content=\"400\" \/>\n\t<meta property=\"og:image:type\" content=\"image\/jpeg\" \/>\n<meta name=\"author\" content=\"EurecatEQZ\" \/>\n<meta name=\"twitter:card\" content=\"summary_large_image\" \/>\n<meta name=\"twitter:label1\" content=\"Escrito por\" \/>\n\t<meta name=\"twitter:data1\" content=\"EurecatEQZ\" \/>\n\t<meta name=\"twitter:label2\" content=\"Tiempo de lectura\" \/>\n\t<meta name=\"twitter:data2\" content=\"5 minutos\" \/>\n<script type=\"application\/ld+json\" class=\"yoast-schema-graph\">{\"@context\":\"https:\\\/\\\/schema.org\",\"@graph\":[{\"@type\":\"Article\",\"@id\":\"https:\\\/\\\/eurecat.org\\\/es\\\/eurecat-y-el-creaf-crean-una-unidad-mixta-especializada-en-soluciones-basadas-en-la-naturaleza-que-suma-ciencia-e-innovacion-para-hacer-frente-a-los-retos-del-cambio-climatico\\\/#article\",\"isPartOf\":{\"@id\":\"https:\\\/\\\/eurecat.org\\\/es\\\/eurecat-y-el-creaf-crean-una-unidad-mixta-especializada-en-soluciones-basadas-en-la-naturaleza-que-suma-ciencia-e-innovacion-para-hacer-frente-a-los-retos-del-cambio-climatico\\\/\"},\"author\":{\"name\":\"EurecatEQZ\",\"@id\":\"https:\\\/\\\/eurecat.org\\\/es\\\/#\\\/schema\\\/person\\\/99d4d39712001e7621b6867b27b40bed\"},\"headline\":\"Eurecat y el CREAF crean una unidad mixta especializada en soluciones basadas en la naturaleza que suma ciencia e innovaci\u00f3n para hacer frente a los retos del cambio clim\u00e1tico\",\"datePublished\":\"2025-09-25T12:09:16+00:00\",\"dateModified\":\"2025-09-25T12:11:12+00:00\",\"mainEntityOfPage\":{\"@id\":\"https:\\\/\\\/eurecat.org\\\/es\\\/eurecat-y-el-creaf-crean-una-unidad-mixta-especializada-en-soluciones-basadas-en-la-naturaleza-que-suma-ciencia-e-innovacion-para-hacer-frente-a-los-retos-del-cambio-climatico\\\/\"},\"wordCount\":1938,\"commentCount\":0,\"image\":{\"@id\":\"https:\\\/\\\/eurecat.org\\\/es\\\/eurecat-y-el-creaf-crean-una-unidad-mixta-especializada-en-soluciones-basadas-en-la-naturaleza-que-suma-ciencia-e-innovacion-para-hacer-frente-a-los-retos-del-cambio-climatico\\\/#primaryimage\"},\"thumbnailUrl\":\"https:\\\/\\\/eurecat.org\\\/wp-content\\\/uploads\\\/2025\\\/09\\\/Conveni_Eurecat_CREAF_Xavier-Lopez_Joan-Pino_800px.jpg\",\"articleSection\":[\"Canvi Clim\u00e0tic\",\"Notas de prensa\",\"Qu\u00edmica\",\"Qu\u00edmico\",\"Recursos\",\"Sostenibilidad\"],\"inLanguage\":\"es\",\"potentialAction\":[{\"@type\":\"CommentAction\",\"name\":\"Comment\",\"target\":[\"https:\\\/\\\/eurecat.org\\\/es\\\/eurecat-y-el-creaf-crean-una-unidad-mixta-especializada-en-soluciones-basadas-en-la-naturaleza-que-suma-ciencia-e-innovacion-para-hacer-frente-a-los-retos-del-cambio-climatico\\\/#respond\"]}]},{\"@type\":\"WebPage\",\"@id\":\"https:\\\/\\\/eurecat.org\\\/es\\\/eurecat-y-el-creaf-crean-una-unidad-mixta-especializada-en-soluciones-basadas-en-la-naturaleza-que-suma-ciencia-e-innovacion-para-hacer-frente-a-los-retos-del-cambio-climatico\\\/\",\"url\":\"https:\\\/\\\/eurecat.org\\\/es\\\/eurecat-y-el-creaf-crean-una-unidad-mixta-especializada-en-soluciones-basadas-en-la-naturaleza-que-suma-ciencia-e-innovacion-para-hacer-frente-a-los-retos-del-cambio-climatico\\\/\",\"name\":\"Eurecat y el CREAF crean una unidad mixta especializada en soluciones basadas en la naturaleza que suma ciencia e innovaci\u00f3n para hacer frente a los retos del cambio clim\u00e1tico - Eurecat\",\"isPartOf\":{\"@id\":\"https:\\\/\\\/eurecat.org\\\/es\\\/#website\"},\"primaryImageOfPage\":{\"@id\":\"https:\\\/\\\/eurecat.org\\\/es\\\/eurecat-y-el-creaf-crean-una-unidad-mixta-especializada-en-soluciones-basadas-en-la-naturaleza-que-suma-ciencia-e-innovacion-para-hacer-frente-a-los-retos-del-cambio-climatico\\\/#primaryimage\"},\"image\":{\"@id\":\"https:\\\/\\\/eurecat.org\\\/es\\\/eurecat-y-el-creaf-crean-una-unidad-mixta-especializada-en-soluciones-basadas-en-la-naturaleza-que-suma-ciencia-e-innovacion-para-hacer-frente-a-los-retos-del-cambio-climatico\\\/#primaryimage\"},\"thumbnailUrl\":\"https:\\\/\\\/eurecat.org\\\/wp-content\\\/uploads\\\/2025\\\/09\\\/Conveni_Eurecat_CREAF_Xavier-Lopez_Joan-Pino_800px.jpg\",\"datePublished\":\"2025-09-25T12:09:16+00:00\",\"dateModified\":\"2025-09-25T12:11:12+00:00\",\"author\":{\"@id\":\"https:\\\/\\\/eurecat.org\\\/es\\\/#\\\/schema\\\/person\\\/99d4d39712001e7621b6867b27b40bed\"},\"breadcrumb\":{\"@id\":\"https:\\\/\\\/eurecat.org\\\/es\\\/eurecat-y-el-creaf-crean-una-unidad-mixta-especializada-en-soluciones-basadas-en-la-naturaleza-que-suma-ciencia-e-innovacion-para-hacer-frente-a-los-retos-del-cambio-climatico\\\/#breadcrumb\"},\"inLanguage\":\"es\",\"potentialAction\":[{\"@type\":\"ReadAction\",\"target\":[\"https:\\\/\\\/eurecat.org\\\/es\\\/eurecat-y-el-creaf-crean-una-unidad-mixta-especializada-en-soluciones-basadas-en-la-naturaleza-que-suma-ciencia-e-innovacion-para-hacer-frente-a-los-retos-del-cambio-climatico\\\/\"]}]},{\"@type\":\"ImageObject\",\"inLanguage\":\"es\",\"@id\":\"https:\\\/\\\/eurecat.org\\\/es\\\/eurecat-y-el-creaf-crean-una-unidad-mixta-especializada-en-soluciones-basadas-en-la-naturaleza-que-suma-ciencia-e-innovacion-para-hacer-frente-a-los-retos-del-cambio-climatico\\\/#primaryimage\",\"url\":\"https:\\\/\\\/eurecat.org\\\/wp-content\\\/uploads\\\/2025\\\/09\\\/Conveni_Eurecat_CREAF_Xavier-Lopez_Joan-Pino_800px.jpg\",\"contentUrl\":\"https:\\\/\\\/eurecat.org\\\/wp-content\\\/uploads\\\/2025\\\/09\\\/Conveni_Eurecat_CREAF_Xavier-Lopez_Joan-Pino_800px.jpg\",\"width\":750,\"height\":400},{\"@type\":\"BreadcrumbList\",\"@id\":\"https:\\\/\\\/eurecat.org\\\/es\\\/eurecat-y-el-creaf-crean-una-unidad-mixta-especializada-en-soluciones-basadas-en-la-naturaleza-que-suma-ciencia-e-innovacion-para-hacer-frente-a-los-retos-del-cambio-climatico\\\/#breadcrumb\",\"itemListElement\":[{\"@type\":\"ListItem\",\"position\":1,\"name\":\"Inici\",\"item\":\"https:\\\/\\\/eurecat.org\\\/es\\\/\"},{\"@type\":\"ListItem\",\"position\":2,\"name\":\"Eurecat y el CREAF crean una unidad mixta especializada en soluciones basadas en la naturaleza que suma ciencia e innovaci\u00f3n para hacer frente a los retos del cambio clim\u00e1tico\"}]},{\"@type\":\"WebSite\",\"@id\":\"https:\\\/\\\/eurecat.org\\\/es\\\/#website\",\"url\":\"https:\\\/\\\/eurecat.org\\\/es\\\/\",\"name\":\"Eurecat\",\"description\":\"Otro sitio realizado con WordPress\",\"potentialAction\":[{\"@type\":\"SearchAction\",\"target\":{\"@type\":\"EntryPoint\",\"urlTemplate\":\"https:\\\/\\\/eurecat.org\\\/es\\\/?s={search_term_string}\"},\"query-input\":{\"@type\":\"PropertyValueSpecification\",\"valueRequired\":true,\"valueName\":\"search_term_string\"}}],\"inLanguage\":\"es\"},{\"@type\":\"Person\",\"@id\":\"https:\\\/\\\/eurecat.org\\\/es\\\/#\\\/schema\\\/person\\\/99d4d39712001e7621b6867b27b40bed\",\"name\":\"EurecatEQZ\",\"image\":{\"@type\":\"ImageObject\",\"inLanguage\":\"es\",\"@id\":\"https:\\\/\\\/secure.gravatar.com\\\/avatar\\\/6deb26ca61bcc34263c59cc62bb8b08ff90b67af7f99943babf5d86396845993?s=96&d=mm&r=g\",\"url\":\"https:\\\/\\\/secure.gravatar.com\\\/avatar\\\/6deb26ca61bcc34263c59cc62bb8b08ff90b67af7f99943babf5d86396845993?s=96&d=mm&r=g\",\"contentUrl\":\"https:\\\/\\\/secure.gravatar.com\\\/avatar\\\/6deb26ca61bcc34263c59cc62bb8b08ff90b67af7f99943babf5d86396845993?s=96&d=mm&r=g\",\"caption\":\"EurecatEQZ\"}}]}<\/script>\n<!-- \/ Yoast SEO plugin. -->","yoast_head_json":{"title":"Eurecat y el CREAF crean una unidad mixta especializada en soluciones basadas en la naturaleza que suma ciencia e innovaci\u00f3n para hacer frente a los retos del cambio clim\u00e1tico - Eurecat","robots":{"index":"index","follow":"follow","max-snippet":"max-snippet:-1","max-image-preview":"max-image-preview:large","max-video-preview":"max-video-preview:-1"},"canonical":"https:\/\/eurecat.org\/es\/eurecat-y-el-creaf-crean-una-unidad-mixta-especializada-en-soluciones-basadas-en-la-naturaleza-que-suma-ciencia-e-innovacion-para-hacer-frente-a-los-retos-del-cambio-climatico\/","og_locale":"es_ES","og_type":"article","og_title":"Eurecat y el CREAF crean una unidad mixta especializada en soluciones basadas en la naturaleza que suma ciencia e innovaci\u00f3n para hacer frente a los retos del cambio clim\u00e1tico - Eurecat","og_url":"https:\/\/eurecat.org\/es\/eurecat-y-el-creaf-crean-una-unidad-mixta-especializada-en-soluciones-basadas-en-la-naturaleza-que-suma-ciencia-e-innovacion-para-hacer-frente-a-los-retos-del-cambio-climatico\/","og_site_name":"Eurecat","article_published_time":"2025-09-25T12:09:16+00:00","article_modified_time":"2025-09-25T12:11:12+00:00","og_image":[{"width":750,"height":400,"url":"https:\/\/eurecat.org\/wp-content\/uploads\/2025\/09\/Conveni_Eurecat_CREAF_Xavier-Lopez_Joan-Pino_800px.jpg","type":"image\/jpeg"}],"author":"EurecatEQZ","twitter_card":"summary_large_image","twitter_misc":{"Escrito por":"EurecatEQZ","Tiempo de lectura":"5 minutos"},"schema":{"@context":"https:\/\/schema.org","@graph":[{"@type":"Article","@id":"https:\/\/eurecat.org\/es\/eurecat-y-el-creaf-crean-una-unidad-mixta-especializada-en-soluciones-basadas-en-la-naturaleza-que-suma-ciencia-e-innovacion-para-hacer-frente-a-los-retos-del-cambio-climatico\/#article","isPartOf":{"@id":"https:\/\/eurecat.org\/es\/eurecat-y-el-creaf-crean-una-unidad-mixta-especializada-en-soluciones-basadas-en-la-naturaleza-que-suma-ciencia-e-innovacion-para-hacer-frente-a-los-retos-del-cambio-climatico\/"},"author":{"name":"EurecatEQZ","@id":"https:\/\/eurecat.org\/es\/#\/schema\/person\/99d4d39712001e7621b6867b27b40bed"},"headline":"Eurecat y el CREAF crean una unidad mixta especializada en soluciones basadas en la naturaleza que suma ciencia e innovaci\u00f3n para hacer frente a los retos del cambio clim\u00e1tico","datePublished":"2025-09-25T12:09:16+00:00","dateModified":"2025-09-25T12:11:12+00:00","mainEntityOfPage":{"@id":"https:\/\/eurecat.org\/es\/eurecat-y-el-creaf-crean-una-unidad-mixta-especializada-en-soluciones-basadas-en-la-naturaleza-que-suma-ciencia-e-innovacion-para-hacer-frente-a-los-retos-del-cambio-climatico\/"},"wordCount":1938,"commentCount":0,"image":{"@id":"https:\/\/eurecat.org\/es\/eurecat-y-el-creaf-crean-una-unidad-mixta-especializada-en-soluciones-basadas-en-la-naturaleza-que-suma-ciencia-e-innovacion-para-hacer-frente-a-los-retos-del-cambio-climatico\/#primaryimage"},"thumbnailUrl":"https:\/\/eurecat.org\/wp-content\/uploads\/2025\/09\/Conveni_Eurecat_CREAF_Xavier-Lopez_Joan-Pino_800px.jpg","articleSection":["Canvi Clim\u00e0tic","Notas de prensa","Qu\u00edmica","Qu\u00edmico","Recursos","Sostenibilidad"],"inLanguage":"es","potentialAction":[{"@type":"CommentAction","name":"Comment","target":["https:\/\/eurecat.org\/es\/eurecat-y-el-creaf-crean-una-unidad-mixta-especializada-en-soluciones-basadas-en-la-naturaleza-que-suma-ciencia-e-innovacion-para-hacer-frente-a-los-retos-del-cambio-climatico\/#respond"]}]},{"@type":"WebPage","@id":"https:\/\/eurecat.org\/es\/eurecat-y-el-creaf-crean-una-unidad-mixta-especializada-en-soluciones-basadas-en-la-naturaleza-que-suma-ciencia-e-innovacion-para-hacer-frente-a-los-retos-del-cambio-climatico\/","url":"https:\/\/eurecat.org\/es\/eurecat-y-el-creaf-crean-una-unidad-mixta-especializada-en-soluciones-basadas-en-la-naturaleza-que-suma-ciencia-e-innovacion-para-hacer-frente-a-los-retos-del-cambio-climatico\/","name":"Eurecat y el CREAF crean una unidad mixta especializada en soluciones basadas en la naturaleza que suma ciencia e innovaci\u00f3n para hacer frente a los retos del cambio clim\u00e1tico - Eurecat","isPartOf":{"@id":"https:\/\/eurecat.org\/es\/#website"},"primaryImageOfPage":{"@id":"https:\/\/eurecat.org\/es\/eurecat-y-el-creaf-crean-una-unidad-mixta-especializada-en-soluciones-basadas-en-la-naturaleza-que-suma-ciencia-e-innovacion-para-hacer-frente-a-los-retos-del-cambio-climatico\/#primaryimage"},"image":{"@id":"https:\/\/eurecat.org\/es\/eurecat-y-el-creaf-crean-una-unidad-mixta-especializada-en-soluciones-basadas-en-la-naturaleza-que-suma-ciencia-e-innovacion-para-hacer-frente-a-los-retos-del-cambio-climatico\/#primaryimage"},"thumbnailUrl":"https:\/\/eurecat.org\/wp-content\/uploads\/2025\/09\/Conveni_Eurecat_CREAF_Xavier-Lopez_Joan-Pino_800px.jpg","datePublished":"2025-09-25T12:09:16+00:00","dateModified":"2025-09-25T12:11:12+00:00","author":{"@id":"https:\/\/eurecat.org\/es\/#\/schema\/person\/99d4d39712001e7621b6867b27b40bed"},"breadcrumb":{"@id":"https:\/\/eurecat.org\/es\/eurecat-y-el-creaf-crean-una-unidad-mixta-especializada-en-soluciones-basadas-en-la-naturaleza-que-suma-ciencia-e-innovacion-para-hacer-frente-a-los-retos-del-cambio-climatico\/#breadcrumb"},"inLanguage":"es","potentialAction":[{"@type":"ReadAction","target":["https:\/\/eurecat.org\/es\/eurecat-y-el-creaf-crean-una-unidad-mixta-especializada-en-soluciones-basadas-en-la-naturaleza-que-suma-ciencia-e-innovacion-para-hacer-frente-a-los-retos-del-cambio-climatico\/"]}]},{"@type":"ImageObject","inLanguage":"es","@id":"https:\/\/eurecat.org\/es\/eurecat-y-el-creaf-crean-una-unidad-mixta-especializada-en-soluciones-basadas-en-la-naturaleza-que-suma-ciencia-e-innovacion-para-hacer-frente-a-los-retos-del-cambio-climatico\/#primaryimage","url":"https:\/\/eurecat.org\/wp-content\/uploads\/2025\/09\/Conveni_Eurecat_CREAF_Xavier-Lopez_Joan-Pino_800px.jpg","contentUrl":"https:\/\/eurecat.org\/wp-content\/uploads\/2025\/09\/Conveni_Eurecat_CREAF_Xavier-Lopez_Joan-Pino_800px.jpg","width":750,"height":400},{"@type":"BreadcrumbList","@id":"https:\/\/eurecat.org\/es\/eurecat-y-el-creaf-crean-una-unidad-mixta-especializada-en-soluciones-basadas-en-la-naturaleza-que-suma-ciencia-e-innovacion-para-hacer-frente-a-los-retos-del-cambio-climatico\/#breadcrumb","itemListElement":[{"@type":"ListItem","position":1,"name":"Inici","item":"https:\/\/eurecat.org\/es\/"},{"@type":"ListItem","position":2,"name":"Eurecat y el CREAF crean una unidad mixta especializada en soluciones basadas en la naturaleza que suma ciencia e innovaci\u00f3n para hacer frente a los retos del cambio clim\u00e1tico"}]},{"@type":"WebSite","@id":"https:\/\/eurecat.org\/es\/#website","url":"https:\/\/eurecat.org\/es\/","name":"Eurecat","description":"Otro sitio realizado con WordPress","potentialAction":[{"@type":"SearchAction","target":{"@type":"EntryPoint","urlTemplate":"https:\/\/eurecat.org\/es\/?s={search_term_string}"},"query-input":{"@type":"PropertyValueSpecification","valueRequired":true,"valueName":"search_term_string"}}],"inLanguage":"es"},{"@type":"Person","@id":"https:\/\/eurecat.org\/es\/#\/schema\/person\/99d4d39712001e7621b6867b27b40bed","name":"EurecatEQZ","image":{"@type":"ImageObject","inLanguage":"es","@id":"https:\/\/secure.gravatar.com\/avatar\/6deb26ca61bcc34263c59cc62bb8b08ff90b67af7f99943babf5d86396845993?s=96&d=mm&r=g","url":"https:\/\/secure.gravatar.com\/avatar\/6deb26ca61bcc34263c59cc62bb8b08ff90b67af7f99943babf5d86396845993?s=96&d=mm&r=g","contentUrl":"https:\/\/secure.gravatar.com\/avatar\/6deb26ca61bcc34263c59cc62bb8b08ff90b67af7f99943babf5d86396845993?s=96&d=mm&r=g","caption":"EurecatEQZ"}}]}},"_links":{"self":[{"href":"https:\/\/eurecat.org\/es\/wp-json\/wp\/v2\/posts\/188790","targetHints":{"allow":["GET"]}}],"collection":[{"href":"https:\/\/eurecat.org\/es\/wp-json\/wp\/v2\/posts"}],"about":[{"href":"https:\/\/eurecat.org\/es\/wp-json\/wp\/v2\/types\/post"}],"author":[{"embeddable":true,"href":"https:\/\/eurecat.org\/es\/wp-json\/wp\/v2\/users\/20"}],"replies":[{"embeddable":true,"href":"https:\/\/eurecat.org\/es\/wp-json\/wp\/v2\/comments?post=188790"}],"version-history":[{"count":1,"href":"https:\/\/eurecat.org\/es\/wp-json\/wp\/v2\/posts\/188790\/revisions"}],"predecessor-version":[{"id":188791,"href":"https:\/\/eurecat.org\/es\/wp-json\/wp\/v2\/posts\/188790\/revisions\/188791"}],"wp:featuredmedia":[{"embeddable":true,"href":"https:\/\/eurecat.org\/es\/wp-json\/wp\/v2\/media\/188785"}],"wp:attachment":[{"href":"https:\/\/eurecat.org\/es\/wp-json\/wp\/v2\/media?parent=188790"}],"wp:term":[{"taxonomy":"category","embeddable":true,"href":"https:\/\/eurecat.org\/es\/wp-json\/wp\/v2\/categories?post=188790"},{"taxonomy":"post_tag","embeddable":true,"href":"https:\/\/eurecat.org\/es\/wp-json\/wp\/v2\/tags?post=188790"}],"curies":[{"name":"wp","href":"https:\/\/api.w.org\/{rel}","templated":true}]}}