{"id":189505,"date":"2025-10-17T10:38:01","date_gmt":"2025-10-17T08:38:01","guid":{"rendered":"https:\/\/eurecat.org\/?p=189505"},"modified":"2025-10-17T10:41:08","modified_gmt":"2025-10-17T08:41:08","slug":"la-aplicacion-de-la-inteligencia-artificial-agentiva-para-acelerar-la-automatizacion-de-tareas-y-procesos-empresariales-centra-la-nueva-edicion-del-ai-congress","status":"publish","type":"post","link":"https:\/\/eurecat.org\/es\/la-aplicacion-de-la-inteligencia-artificial-agentiva-para-acelerar-la-automatizacion-de-tareas-y-procesos-empresariales-centra-la-nueva-edicion-del-ai-congress\/","title":{"rendered":"La aplicaci\u00f3n de la inteligencia artificial agentiva para acelerar la automatizaci\u00f3n de tareas y procesos empresariales centra la nueva edici\u00f3n del AI Congress"},"content":{"rendered":"<div class=\"fusion-fullwidth fullwidth-box fusion-builder-row-1 fusion-flex-container has-pattern-background has-mask-background nonhundred-percent-fullwidth non-hundred-percent-height-scrolling\" style=\"--awb-border-radius-top-left:0px;--awb-border-radius-top-right:0px;--awb-border-radius-bottom-right:0px;--awb-border-radius-bottom-left:0px;--awb-flex-wrap:wrap;\" ><div class=\"fusion-builder-row fusion-row fusion-flex-align-items-flex-start fusion-flex-content-wrap\" style=\"max-width:1424.8px;margin-left: calc(-4% \/ 2 );margin-right: calc(-4% \/ 2 );\"><div class=\"fusion-layout-column fusion_builder_column fusion-builder-column-0 fusion_builder_column_1_1 1_1 fusion-flex-column\" style=\"--awb-bg-size:cover;--awb-width-large:100%;--awb-margin-top-large:0px;--awb-spacing-right-large:1.92%;--awb-margin-bottom-large:20px;--awb-spacing-left-large:1.92%;--awb-width-medium:100%;--awb-order-medium:0;--awb-spacing-right-medium:1.92%;--awb-spacing-left-medium:1.92%;--awb-width-small:100%;--awb-order-small:0;--awb-spacing-right-small:1.92%;--awb-spacing-left-small:1.92%;\"><div class=\"fusion-column-wrapper fusion-column-has-shadow fusion-flex-justify-content-flex-start fusion-content-layout-column\"><div class=\"fusion-text fusion-text-1\"><p>El AI Congress, que se celebrar\u00e1 en el Auditorio L\u2019Illa, en Barcelona, los pr\u00f3ximos 22 y 23 de octubre, profundizar\u00e1 en las aplicaciones de la inteligencia artificial (IA) agentiva en las empresas para la optimizaci\u00f3n de procesos productivos a trav\u00e9s de la innovaci\u00f3n. Adem\u00e1s, tambi\u00e9n tratar\u00e1 el impacto actual, la soberan\u00eda y la sostenibilidad de la inteligencia artificial.<\/p>\n<p>La IA agentiva est\u00e1 emergiendo como un nuevo modelo operativo con un elevado potencial de impacto en las empresas que supondr\u00e1 un cambio de paradigma en la automatizaci\u00f3n de tareas y procesos, mediante el uso de agentes aut\u00f3nomos capaces de tomar decisiones, planificar, ejecutar tareas complejas y colaborar de forma flexible.<\/p>\n<p>Para facilitar la implantaci\u00f3n y operaci\u00f3n de la IA agentiva, el siguiente paso que se est\u00e1 desarrollando es la creaci\u00f3n de la denominada Web agentiva (o agentic Web), que consiste en el conjunto de herramientas e infraestructuras de software que permite que estos agentes colaboren entre s\u00ed de manera segura, interoperable y verificable. Esta Web agentiva es una extensi\u00f3n del Internet actual, al cual se a\u00f1aden protocolos, est\u00e1ndares y mecanismos de confianza que hacen posible la comunicaci\u00f3n y coordinaci\u00f3n entre agentes aut\u00f3nomos.<\/p>\n<p>El responsable global de la relaci\u00f3n con analistas en temas de IA Generativa en Amazon Web Services (AWS), Albert Esplugas, abordar\u00e1 durante el congreso algunas de las tendencias clave en el sector como los agentes de IA, la IA multimodal o modelos de computaci\u00f3n h\u00edbrida analizando su estado actual y su impacto sobre los negocios, la sociedad y la vida cotidiana.<\/p>\n<p>Entre las voces expertas, el congreso contar\u00e1 tambi\u00e9n con el vicepresidente de NVIDIA para Supercomputaci\u00f3n, Rod Evans, que reflexionar\u00e1 sobre el concepto de IA soberana, y con el profesor de la Universidad Nacional de Singapur Mario Lanza, que abordar\u00e1 los cimientos de la neurocomputaci\u00f3n, un paradigma computacional en desarrollo que ha demostrado ser hasta 1000 veces m\u00e1s eficiente energ\u00e9ticamente en sistemas de peque\u00f1a escala.<\/p>\n<p>La edici\u00f3n de este a\u00f1o reconocer\u00e1 la trayectoria de Carme Torras, experta en rob\u00f3tica y jefa del Grupo de Percepci\u00f3n y Manipulaci\u00f3n Robotizada del Instituto de Rob\u00f3tica e inform\u00e1tica Industrial (CSIC-UPC), que, adem\u00e1s, presentar\u00e1 el codise\u00f1o de asistentes rob\u00f3ticos y revelar\u00e1 los aspectos clave que aumentan su usabilidad en el \u00e1mbito sanitario.<\/p>\n<p>La segunda jornada del evento ofrecer\u00e1 un recorrido por las diferentes tendencias en inteligencia artificial a trav\u00e9s de nueve sesiones tem\u00e1ticas, donde se presentar\u00e1n proyectos e iniciativas representativas basadas en el uso de datos sint\u00e9ticos, rob\u00f3tica inteligente o la IA agentiva, entre otros. Adem\u00e1s, habr\u00e1 dos sesiones dedicadas a la presentaci\u00f3n de casos de \u00e9xito, con un total de 17 proyectos innovadores que mejoran procesos, impulsan negocios y aportan nuevas perspectivas creativas.<\/p>\n<p><strong>Sobre el AI Congress<\/strong><\/p>\n<p>El AI Congress es un evento del CIDAI organizado por Eurecat con el apoyo de la Generalitat de Catalunya, a trav\u00e9s de la Secretar\u00eda de Pol\u00edticas Digitales del Departamento de Empresa y Trabajo, en el marco de la Estrategia de Inteligencia Artificial de Catalu\u00f1a que impulsa el Govern. El congreso tiene el patrocinio de CaixaBank Tech, Conversia, Infini, Softeng, la Autoridad Catalana de Protecci\u00f3n de Datos (APDCAT) y Laboral Kutxa. Adem\u00e1s, cuenta con la colaboraci\u00f3n del Ayuntamiento de Barcelona, el Barcelona Supercomputing Center, el Centro de Visi\u00f3n por Computador, la Fundaci\u00f3n i2CAT y el Intelligent Data Science and Artificial Intelligence Research Center (IDEAI) de la Universitat Polit\u00e8cnica de Catalunya &#8211; BarcelonaTech (UPC).<\/p>\n<\/div><div ><a class=\"fusion-button button-flat fusion-button-default-size button-default fusion-button-default button-1 fusion-button-default-span fusion-button-default-type\" target=\"_self\" href=\"https:\/\/aicongress.barcelona\/es\/programa2025\/\"><span class=\"fusion-button-text awb-button__text awb-button__text--default\">Pod\u00e9is consultar el programa completo en este enlace<\/span><\/a><\/div><\/div><\/div><\/div><\/div>\n","protected":false},"excerpt":{"rendered":"","protected":false},"author":20,"featured_media":189503,"comment_status":"open","ping_status":"closed","sticky":false,"template":"","format":"standard","meta":{"footnotes":""},"categories":[2728,134],"tags":[],"class_list":["post-189505","post","type-post","status-publish","format-standard","has-post-thumbnail","hentry","category-applied-artificial-intelligence-ambitos-conocimiento","category-notas-de-prensa"],"yoast_head":"<!-- This site is optimized with the Yoast SEO plugin v27.4 - https:\/\/yoast.com\/product\/yoast-seo-wordpress\/ -->\n<title>La aplicaci\u00f3n de la inteligencia artificial agentiva para acelerar la automatizaci\u00f3n de tareas y procesos empresariales centra la nueva edici\u00f3n del AI Congress - Eurecat<\/title>\n<meta name=\"robots\" content=\"index, follow, max-snippet:-1, max-image-preview:large, max-video-preview:-1\" \/>\n<link rel=\"canonical\" href=\"https:\/\/eurecat.org\/es\/la-aplicacion-de-la-inteligencia-artificial-agentiva-para-acelerar-la-automatizacion-de-tareas-y-procesos-empresariales-centra-la-nueva-edicion-del-ai-congress\/\" \/>\n<meta property=\"og:locale\" content=\"es_ES\" \/>\n<meta property=\"og:type\" content=\"article\" \/>\n<meta property=\"og:title\" content=\"La aplicaci\u00f3n de la inteligencia artificial agentiva para acelerar la automatizaci\u00f3n de tareas y procesos empresariales centra la nueva edici\u00f3n del AI Congress - Eurecat\" \/>\n<meta property=\"og:url\" content=\"https:\/\/eurecat.org\/es\/la-aplicacion-de-la-inteligencia-artificial-agentiva-para-acelerar-la-automatizacion-de-tareas-y-procesos-empresariales-centra-la-nueva-edicion-del-ai-congress\/\" \/>\n<meta property=\"og:site_name\" content=\"Eurecat\" \/>\n<meta property=\"article:published_time\" content=\"2025-10-17T08:38:01+00:00\" \/>\n<meta property=\"article:modified_time\" content=\"2025-10-17T08:41:08+00:00\" \/>\n<meta property=\"og:image\" content=\"https:\/\/eurecat.org\/wp-content\/uploads\/2025\/10\/AIBDC_2024_800px.jpg\" \/>\n\t<meta property=\"og:image:width\" content=\"800\" \/>\n\t<meta property=\"og:image:height\" content=\"533\" \/>\n\t<meta property=\"og:image:type\" content=\"image\/jpeg\" \/>\n<meta name=\"author\" content=\"EurecatEQZ\" \/>\n<meta name=\"twitter:card\" content=\"summary_large_image\" \/>\n<meta name=\"twitter:label1\" content=\"Escrito por\" \/>\n\t<meta name=\"twitter:data1\" content=\"EurecatEQZ\" \/>\n\t<meta name=\"twitter:label2\" content=\"Tiempo de lectura\" \/>\n\t<meta name=\"twitter:data2\" content=\"4 minutos\" \/>\n<script type=\"application\/ld+json\" class=\"yoast-schema-graph\">{\"@context\":\"https:\\\/\\\/schema.org\",\"@graph\":[{\"@type\":\"Article\",\"@id\":\"https:\\\/\\\/eurecat.org\\\/es\\\/la-aplicacion-de-la-inteligencia-artificial-agentiva-para-acelerar-la-automatizacion-de-tareas-y-procesos-empresariales-centra-la-nueva-edicion-del-ai-congress\\\/#article\",\"isPartOf\":{\"@id\":\"https:\\\/\\\/eurecat.org\\\/es\\\/la-aplicacion-de-la-inteligencia-artificial-agentiva-para-acelerar-la-automatizacion-de-tareas-y-procesos-empresariales-centra-la-nueva-edicion-del-ai-congress\\\/\"},\"author\":{\"name\":\"EurecatEQZ\",\"@id\":\"https:\\\/\\\/eurecat.org\\\/es\\\/#\\\/schema\\\/person\\\/99d4d39712001e7621b6867b27b40bed\"},\"headline\":\"La aplicaci\u00f3n de la inteligencia artificial agentiva para acelerar la automatizaci\u00f3n de tareas y procesos empresariales centra la nueva edici\u00f3n del AI Congress\",\"datePublished\":\"2025-10-17T08:38:01+00:00\",\"dateModified\":\"2025-10-17T08:41:08+00:00\",\"mainEntityOfPage\":{\"@id\":\"https:\\\/\\\/eurecat.org\\\/es\\\/la-aplicacion-de-la-inteligencia-artificial-agentiva-para-acelerar-la-automatizacion-de-tareas-y-procesos-empresariales-centra-la-nueva-edicion-del-ai-congress\\\/\"},\"wordCount\":1913,\"commentCount\":0,\"image\":{\"@id\":\"https:\\\/\\\/eurecat.org\\\/es\\\/la-aplicacion-de-la-inteligencia-artificial-agentiva-para-acelerar-la-automatizacion-de-tareas-y-procesos-empresariales-centra-la-nueva-edicion-del-ai-congress\\\/#primaryimage\"},\"thumbnailUrl\":\"https:\\\/\\\/eurecat.org\\\/wp-content\\\/uploads\\\/2025\\\/10\\\/AIBDC_2024_800px.jpg\",\"articleSection\":[\"Applied Artificial Intelligence\",\"Notas de prensa\"],\"inLanguage\":\"es\",\"potentialAction\":[{\"@type\":\"CommentAction\",\"name\":\"Comment\",\"target\":[\"https:\\\/\\\/eurecat.org\\\/es\\\/la-aplicacion-de-la-inteligencia-artificial-agentiva-para-acelerar-la-automatizacion-de-tareas-y-procesos-empresariales-centra-la-nueva-edicion-del-ai-congress\\\/#respond\"]}]},{\"@type\":\"WebPage\",\"@id\":\"https:\\\/\\\/eurecat.org\\\/es\\\/la-aplicacion-de-la-inteligencia-artificial-agentiva-para-acelerar-la-automatizacion-de-tareas-y-procesos-empresariales-centra-la-nueva-edicion-del-ai-congress\\\/\",\"url\":\"https:\\\/\\\/eurecat.org\\\/es\\\/la-aplicacion-de-la-inteligencia-artificial-agentiva-para-acelerar-la-automatizacion-de-tareas-y-procesos-empresariales-centra-la-nueva-edicion-del-ai-congress\\\/\",\"name\":\"La aplicaci\u00f3n de la inteligencia artificial agentiva para acelerar la automatizaci\u00f3n de tareas y procesos empresariales centra la nueva edici\u00f3n del AI Congress - Eurecat\",\"isPartOf\":{\"@id\":\"https:\\\/\\\/eurecat.org\\\/es\\\/#website\"},\"primaryImageOfPage\":{\"@id\":\"https:\\\/\\\/eurecat.org\\\/es\\\/la-aplicacion-de-la-inteligencia-artificial-agentiva-para-acelerar-la-automatizacion-de-tareas-y-procesos-empresariales-centra-la-nueva-edicion-del-ai-congress\\\/#primaryimage\"},\"image\":{\"@id\":\"https:\\\/\\\/eurecat.org\\\/es\\\/la-aplicacion-de-la-inteligencia-artificial-agentiva-para-acelerar-la-automatizacion-de-tareas-y-procesos-empresariales-centra-la-nueva-edicion-del-ai-congress\\\/#primaryimage\"},\"thumbnailUrl\":\"https:\\\/\\\/eurecat.org\\\/wp-content\\\/uploads\\\/2025\\\/10\\\/AIBDC_2024_800px.jpg\",\"datePublished\":\"2025-10-17T08:38:01+00:00\",\"dateModified\":\"2025-10-17T08:41:08+00:00\",\"author\":{\"@id\":\"https:\\\/\\\/eurecat.org\\\/es\\\/#\\\/schema\\\/person\\\/99d4d39712001e7621b6867b27b40bed\"},\"breadcrumb\":{\"@id\":\"https:\\\/\\\/eurecat.org\\\/es\\\/la-aplicacion-de-la-inteligencia-artificial-agentiva-para-acelerar-la-automatizacion-de-tareas-y-procesos-empresariales-centra-la-nueva-edicion-del-ai-congress\\\/#breadcrumb\"},\"inLanguage\":\"es\",\"potentialAction\":[{\"@type\":\"ReadAction\",\"target\":[\"https:\\\/\\\/eurecat.org\\\/es\\\/la-aplicacion-de-la-inteligencia-artificial-agentiva-para-acelerar-la-automatizacion-de-tareas-y-procesos-empresariales-centra-la-nueva-edicion-del-ai-congress\\\/\"]}]},{\"@type\":\"ImageObject\",\"inLanguage\":\"es\",\"@id\":\"https:\\\/\\\/eurecat.org\\\/es\\\/la-aplicacion-de-la-inteligencia-artificial-agentiva-para-acelerar-la-automatizacion-de-tareas-y-procesos-empresariales-centra-la-nueva-edicion-del-ai-congress\\\/#primaryimage\",\"url\":\"https:\\\/\\\/eurecat.org\\\/wp-content\\\/uploads\\\/2025\\\/10\\\/AIBDC_2024_800px.jpg\",\"contentUrl\":\"https:\\\/\\\/eurecat.org\\\/wp-content\\\/uploads\\\/2025\\\/10\\\/AIBDC_2024_800px.jpg\",\"width\":800,\"height\":533},{\"@type\":\"BreadcrumbList\",\"@id\":\"https:\\\/\\\/eurecat.org\\\/es\\\/la-aplicacion-de-la-inteligencia-artificial-agentiva-para-acelerar-la-automatizacion-de-tareas-y-procesos-empresariales-centra-la-nueva-edicion-del-ai-congress\\\/#breadcrumb\",\"itemListElement\":[{\"@type\":\"ListItem\",\"position\":1,\"name\":\"Inici\",\"item\":\"https:\\\/\\\/eurecat.org\\\/es\\\/\"},{\"@type\":\"ListItem\",\"position\":2,\"name\":\"La aplicaci\u00f3n de la inteligencia artificial agentiva para acelerar la automatizaci\u00f3n de tareas y procesos empresariales centra la nueva edici\u00f3n del AI Congress\"}]},{\"@type\":\"WebSite\",\"@id\":\"https:\\\/\\\/eurecat.org\\\/es\\\/#website\",\"url\":\"https:\\\/\\\/eurecat.org\\\/es\\\/\",\"name\":\"Eurecat\",\"description\":\"Otro sitio realizado con WordPress\",\"potentialAction\":[{\"@type\":\"SearchAction\",\"target\":{\"@type\":\"EntryPoint\",\"urlTemplate\":\"https:\\\/\\\/eurecat.org\\\/es\\\/?s={search_term_string}\"},\"query-input\":{\"@type\":\"PropertyValueSpecification\",\"valueRequired\":true,\"valueName\":\"search_term_string\"}}],\"inLanguage\":\"es\"},{\"@type\":\"Person\",\"@id\":\"https:\\\/\\\/eurecat.org\\\/es\\\/#\\\/schema\\\/person\\\/99d4d39712001e7621b6867b27b40bed\",\"name\":\"EurecatEQZ\",\"image\":{\"@type\":\"ImageObject\",\"inLanguage\":\"es\",\"@id\":\"https:\\\/\\\/secure.gravatar.com\\\/avatar\\\/6deb26ca61bcc34263c59cc62bb8b08ff90b67af7f99943babf5d86396845993?s=96&d=mm&r=g\",\"url\":\"https:\\\/\\\/secure.gravatar.com\\\/avatar\\\/6deb26ca61bcc34263c59cc62bb8b08ff90b67af7f99943babf5d86396845993?s=96&d=mm&r=g\",\"contentUrl\":\"https:\\\/\\\/secure.gravatar.com\\\/avatar\\\/6deb26ca61bcc34263c59cc62bb8b08ff90b67af7f99943babf5d86396845993?s=96&d=mm&r=g\",\"caption\":\"EurecatEQZ\"}}]}<\/script>\n<!-- \/ Yoast SEO plugin. -->","yoast_head_json":{"title":"La aplicaci\u00f3n de la inteligencia artificial agentiva para acelerar la automatizaci\u00f3n de tareas y procesos empresariales centra la nueva edici\u00f3n del AI Congress - Eurecat","robots":{"index":"index","follow":"follow","max-snippet":"max-snippet:-1","max-image-preview":"max-image-preview:large","max-video-preview":"max-video-preview:-1"},"canonical":"https:\/\/eurecat.org\/es\/la-aplicacion-de-la-inteligencia-artificial-agentiva-para-acelerar-la-automatizacion-de-tareas-y-procesos-empresariales-centra-la-nueva-edicion-del-ai-congress\/","og_locale":"es_ES","og_type":"article","og_title":"La aplicaci\u00f3n de la inteligencia artificial agentiva para acelerar la automatizaci\u00f3n de tareas y procesos empresariales centra la nueva edici\u00f3n del AI Congress - Eurecat","og_url":"https:\/\/eurecat.org\/es\/la-aplicacion-de-la-inteligencia-artificial-agentiva-para-acelerar-la-automatizacion-de-tareas-y-procesos-empresariales-centra-la-nueva-edicion-del-ai-congress\/","og_site_name":"Eurecat","article_published_time":"2025-10-17T08:38:01+00:00","article_modified_time":"2025-10-17T08:41:08+00:00","og_image":[{"width":800,"height":533,"url":"https:\/\/eurecat.org\/wp-content\/uploads\/2025\/10\/AIBDC_2024_800px.jpg","type":"image\/jpeg"}],"author":"EurecatEQZ","twitter_card":"summary_large_image","twitter_misc":{"Escrito por":"EurecatEQZ","Tiempo de lectura":"4 minutos"},"schema":{"@context":"https:\/\/schema.org","@graph":[{"@type":"Article","@id":"https:\/\/eurecat.org\/es\/la-aplicacion-de-la-inteligencia-artificial-agentiva-para-acelerar-la-automatizacion-de-tareas-y-procesos-empresariales-centra-la-nueva-edicion-del-ai-congress\/#article","isPartOf":{"@id":"https:\/\/eurecat.org\/es\/la-aplicacion-de-la-inteligencia-artificial-agentiva-para-acelerar-la-automatizacion-de-tareas-y-procesos-empresariales-centra-la-nueva-edicion-del-ai-congress\/"},"author":{"name":"EurecatEQZ","@id":"https:\/\/eurecat.org\/es\/#\/schema\/person\/99d4d39712001e7621b6867b27b40bed"},"headline":"La aplicaci\u00f3n de la inteligencia artificial agentiva para acelerar la automatizaci\u00f3n de tareas y procesos empresariales centra la nueva edici\u00f3n del AI Congress","datePublished":"2025-10-17T08:38:01+00:00","dateModified":"2025-10-17T08:41:08+00:00","mainEntityOfPage":{"@id":"https:\/\/eurecat.org\/es\/la-aplicacion-de-la-inteligencia-artificial-agentiva-para-acelerar-la-automatizacion-de-tareas-y-procesos-empresariales-centra-la-nueva-edicion-del-ai-congress\/"},"wordCount":1913,"commentCount":0,"image":{"@id":"https:\/\/eurecat.org\/es\/la-aplicacion-de-la-inteligencia-artificial-agentiva-para-acelerar-la-automatizacion-de-tareas-y-procesos-empresariales-centra-la-nueva-edicion-del-ai-congress\/#primaryimage"},"thumbnailUrl":"https:\/\/eurecat.org\/wp-content\/uploads\/2025\/10\/AIBDC_2024_800px.jpg","articleSection":["Applied Artificial Intelligence","Notas de prensa"],"inLanguage":"es","potentialAction":[{"@type":"CommentAction","name":"Comment","target":["https:\/\/eurecat.org\/es\/la-aplicacion-de-la-inteligencia-artificial-agentiva-para-acelerar-la-automatizacion-de-tareas-y-procesos-empresariales-centra-la-nueva-edicion-del-ai-congress\/#respond"]}]},{"@type":"WebPage","@id":"https:\/\/eurecat.org\/es\/la-aplicacion-de-la-inteligencia-artificial-agentiva-para-acelerar-la-automatizacion-de-tareas-y-procesos-empresariales-centra-la-nueva-edicion-del-ai-congress\/","url":"https:\/\/eurecat.org\/es\/la-aplicacion-de-la-inteligencia-artificial-agentiva-para-acelerar-la-automatizacion-de-tareas-y-procesos-empresariales-centra-la-nueva-edicion-del-ai-congress\/","name":"La aplicaci\u00f3n de la inteligencia artificial agentiva para acelerar la automatizaci\u00f3n de tareas y procesos empresariales centra la nueva edici\u00f3n del AI Congress - Eurecat","isPartOf":{"@id":"https:\/\/eurecat.org\/es\/#website"},"primaryImageOfPage":{"@id":"https:\/\/eurecat.org\/es\/la-aplicacion-de-la-inteligencia-artificial-agentiva-para-acelerar-la-automatizacion-de-tareas-y-procesos-empresariales-centra-la-nueva-edicion-del-ai-congress\/#primaryimage"},"image":{"@id":"https:\/\/eurecat.org\/es\/la-aplicacion-de-la-inteligencia-artificial-agentiva-para-acelerar-la-automatizacion-de-tareas-y-procesos-empresariales-centra-la-nueva-edicion-del-ai-congress\/#primaryimage"},"thumbnailUrl":"https:\/\/eurecat.org\/wp-content\/uploads\/2025\/10\/AIBDC_2024_800px.jpg","datePublished":"2025-10-17T08:38:01+00:00","dateModified":"2025-10-17T08:41:08+00:00","author":{"@id":"https:\/\/eurecat.org\/es\/#\/schema\/person\/99d4d39712001e7621b6867b27b40bed"},"breadcrumb":{"@id":"https:\/\/eurecat.org\/es\/la-aplicacion-de-la-inteligencia-artificial-agentiva-para-acelerar-la-automatizacion-de-tareas-y-procesos-empresariales-centra-la-nueva-edicion-del-ai-congress\/#breadcrumb"},"inLanguage":"es","potentialAction":[{"@type":"ReadAction","target":["https:\/\/eurecat.org\/es\/la-aplicacion-de-la-inteligencia-artificial-agentiva-para-acelerar-la-automatizacion-de-tareas-y-procesos-empresariales-centra-la-nueva-edicion-del-ai-congress\/"]}]},{"@type":"ImageObject","inLanguage":"es","@id":"https:\/\/eurecat.org\/es\/la-aplicacion-de-la-inteligencia-artificial-agentiva-para-acelerar-la-automatizacion-de-tareas-y-procesos-empresariales-centra-la-nueva-edicion-del-ai-congress\/#primaryimage","url":"https:\/\/eurecat.org\/wp-content\/uploads\/2025\/10\/AIBDC_2024_800px.jpg","contentUrl":"https:\/\/eurecat.org\/wp-content\/uploads\/2025\/10\/AIBDC_2024_800px.jpg","width":800,"height":533},{"@type":"BreadcrumbList","@id":"https:\/\/eurecat.org\/es\/la-aplicacion-de-la-inteligencia-artificial-agentiva-para-acelerar-la-automatizacion-de-tareas-y-procesos-empresariales-centra-la-nueva-edicion-del-ai-congress\/#breadcrumb","itemListElement":[{"@type":"ListItem","position":1,"name":"Inici","item":"https:\/\/eurecat.org\/es\/"},{"@type":"ListItem","position":2,"name":"La aplicaci\u00f3n de la inteligencia artificial agentiva para acelerar la automatizaci\u00f3n de tareas y procesos empresariales centra la nueva edici\u00f3n del AI Congress"}]},{"@type":"WebSite","@id":"https:\/\/eurecat.org\/es\/#website","url":"https:\/\/eurecat.org\/es\/","name":"Eurecat","description":"Otro sitio realizado con WordPress","potentialAction":[{"@type":"SearchAction","target":{"@type":"EntryPoint","urlTemplate":"https:\/\/eurecat.org\/es\/?s={search_term_string}"},"query-input":{"@type":"PropertyValueSpecification","valueRequired":true,"valueName":"search_term_string"}}],"inLanguage":"es"},{"@type":"Person","@id":"https:\/\/eurecat.org\/es\/#\/schema\/person\/99d4d39712001e7621b6867b27b40bed","name":"EurecatEQZ","image":{"@type":"ImageObject","inLanguage":"es","@id":"https:\/\/secure.gravatar.com\/avatar\/6deb26ca61bcc34263c59cc62bb8b08ff90b67af7f99943babf5d86396845993?s=96&d=mm&r=g","url":"https:\/\/secure.gravatar.com\/avatar\/6deb26ca61bcc34263c59cc62bb8b08ff90b67af7f99943babf5d86396845993?s=96&d=mm&r=g","contentUrl":"https:\/\/secure.gravatar.com\/avatar\/6deb26ca61bcc34263c59cc62bb8b08ff90b67af7f99943babf5d86396845993?s=96&d=mm&r=g","caption":"EurecatEQZ"}}]}},"_links":{"self":[{"href":"https:\/\/eurecat.org\/es\/wp-json\/wp\/v2\/posts\/189505","targetHints":{"allow":["GET"]}}],"collection":[{"href":"https:\/\/eurecat.org\/es\/wp-json\/wp\/v2\/posts"}],"about":[{"href":"https:\/\/eurecat.org\/es\/wp-json\/wp\/v2\/types\/post"}],"author":[{"embeddable":true,"href":"https:\/\/eurecat.org\/es\/wp-json\/wp\/v2\/users\/20"}],"replies":[{"embeddable":true,"href":"https:\/\/eurecat.org\/es\/wp-json\/wp\/v2\/comments?post=189505"}],"version-history":[{"count":1,"href":"https:\/\/eurecat.org\/es\/wp-json\/wp\/v2\/posts\/189505\/revisions"}],"predecessor-version":[{"id":189506,"href":"https:\/\/eurecat.org\/es\/wp-json\/wp\/v2\/posts\/189505\/revisions\/189506"}],"wp:featuredmedia":[{"embeddable":true,"href":"https:\/\/eurecat.org\/es\/wp-json\/wp\/v2\/media\/189503"}],"wp:attachment":[{"href":"https:\/\/eurecat.org\/es\/wp-json\/wp\/v2\/media?parent=189505"}],"wp:term":[{"taxonomy":"category","embeddable":true,"href":"https:\/\/eurecat.org\/es\/wp-json\/wp\/v2\/categories?post=189505"},{"taxonomy":"post_tag","embeddable":true,"href":"https:\/\/eurecat.org\/es\/wp-json\/wp\/v2\/tags?post=189505"}],"curies":[{"name":"wp","href":"https:\/\/api.w.org\/{rel}","templated":true}]}}