{"id":18967,"date":"2016-11-15T16:49:55","date_gmt":"2016-11-15T16:49:55","guid":{"rendered":"http:\/\/eurecat.org\/es\/?p=18967"},"modified":"2017-06-23T12:40:14","modified_gmt":"2017-06-23T12:40:14","slug":"feria-industry-4-0-en-barcelona","status":"publish","type":"post","link":"https:\/\/eurecat.org\/es\/feria-industry-4-0-en-barcelona\/","title":{"rendered":"Barcelona acoger\u00e1 la nueva feria de innovaci\u00f3n para el sector de la Industria 4.0"},"content":{"rendered":"<h1 style=\"text-align: center;\"><strong>Barcelona acoger\u00e1 la nueva feria de innovaci\u00f3n para el sector industrial con el mayor Congreso Internacional sobre Industria 4.0<\/strong><\/h1>\n<p><strong>Barcelona, 15 de noviembre 2016. <\/strong>Esta ma\u00f1ana se ha presentado oficialmente Advanced Factories, la nueva feria de innovaci\u00f3n, automatizaci\u00f3n e industria 4.0 que acoger\u00e1 Barcelona los pr\u00f3ximos d\u00edas 4 al 6 de abril de 2017.<\/p>\n<p>En Advanced Factories, que proporciona de nuevo una cita ferial para el sector en Catalu\u00f1a, se van a presentar los \u00faltimos adelantos en m\u00e1quina-herramienta, rob\u00f3tica, automatizaci\u00f3n industrial y todas las tecnolog\u00edas que abraza la denominada industria 4.0.<\/p>\n<blockquote><p>El Industry 4.0 Congress tiene como objetivo presentar todas las soluciones para el dise\u00f1o de las denominadas f\u00e1bricas del futuro. En \u00e9l, se ofrecer\u00e1 una visi\u00f3n amplia sobre las soluciones tecnol\u00f3gicas que est\u00e1n impulsando la transformaci\u00f3n del sector industrial manufacturero.<\/p><\/blockquote>\n<p>La feria, que ya tiene el 80% del espacio ferial disponible contratado, representa una cita ineludible para los profesionales de la automoci\u00f3n, aeron\u00e1utica, fabricaci\u00f3n de bienes de equipo, fabricantes de maquinaria diversa, de componentes, industria metal\u00fargica, de moldes, ingenier\u00eda y todos los servicios relacionados con el sector industrial. Contar\u00e1 con m\u00e1s de 9.000 profesionales y expertos en b\u00fasqueda de estas soluciones innovadoras para su negocio y en ella se dar\u00e1n cita m\u00e1s de 200 empresas expositoras.<\/p>\n<p><strong>Albert Planas, Director de Advanced Factories<\/strong> afirma que \u00abestamos inmersos en una profunda revoluci\u00f3n del sector industrial a nivel mundial. En este sentido, Advanced Factories pretende acercar todas las soluciones necesarias para mejorar la competitividad de nuestras f\u00e1bricas. Sin duda, la feria se convertir\u00e1 en la plataforma para impulsar y dise\u00f1ar las f\u00e1bricas del futuro en los pr\u00f3ximos a\u00f1os\u00bb.<\/p>\n<p>Adem\u00e1s de la feria, que es de \u00e1mbito nacional, Advanced Factories ha llegado a un acuerdo con el centro tecnol\u00f3gico Eurecat, para impulsar y co-organizar el Industry 4.0 Congress, el mayor congreso internacional sobre industria 4.0, que contar\u00e1 con m\u00e1s de 170 speakers que compartir\u00e1n las mejores estrategias, soluciones y nuevos modelos para inspirar al sector. M\u00e1s de 5.000 minutos en los que se mostrar\u00e1n los mejores casos de \u00e9xito y se descubrir\u00e1n las soluciones tecnol\u00f3gicas que est\u00e1n marcando un antes y un despu\u00e9s en la manera de entender los nuevos modelos de fabricaci\u00f3n y gesti\u00f3n del sector industrial.<\/p>\n<p><strong>Xavier Torra, Presidente de Eurecat<\/strong>, ha asegurado por su parte que \u00abla Industria 4.0 es el nuevo paradigma interconectado donde confluyen las tecnolog\u00edas industriales y digitales, que conlleva nuevos procesos de fabricaci\u00f3n, el uso inteligente de los recursos energ\u00e9ticos y materiales, as\u00ed como la integraci\u00f3n de sistemas automatizados que derivan en una industria m\u00e1s eficiente y competitiva\u00bb. A este respecto, Xavier Torra ha puesto de relieve que \u201cla Industria 4.0 y la automatizaci\u00f3n pueden ser claves para impulsar la reindustrializaci\u00f3n de Catalu\u00f1a si se sabe aprovechar la oportunidad\u201d.<\/p>\n<p>Finalmente, <strong>Eduard Farr\u00e1n, Vicepresidente de la Asociaci\u00f3n de Empresas de Importaci\u00f3n de M\u00e1quina-herramienta<\/strong>, ha resaltado \u201cel alt\u00edsimo valor estrat\u00e9gico que supone para sus asociados disponer de una feria como Advanced Factories, debido al potencial que supone el mercado catal\u00e1n\u201d.<\/p>\n<p>Advanced Factories cuenta con IDC Manufacturing Insights como Reseach Partner, la mayor multinacional de investigaci\u00f3n de mercados para el sector industrial. Adem\u00e1s, cuenta con el apoyo de la Generalitat de Catalu\u00f1a y el Ayuntamiento de Barcelona. La organizaci\u00f3n corre a cargo de NEBEXT y Eurecat como socio tecnol\u00f3gico.<\/p>\n<p><strong>Sobre Eurecat:<\/strong> Eurecat, Centro Tecnol\u00f3gico de Catalu\u00f1a (miembro de Tecnio), aglutina la experiencia de m\u00e1s de\u00a0<strong>550 profesionales<\/strong>\u00a0que prestan servicios de I+D+i aplicado,\u00a0servicios tecnol\u00f3gicos,\u00a0formaci\u00f3n de alta especializaci\u00f3n y\u00a0consultor\u00eda tecnol\u00f3gica\u00a0a m\u00e1s de\u00a01.000 empresas de todos los sectores. M\u00e1s informaci\u00f3n en<strong>\u00a0<span style=\"color: #800080;\"><a style=\"color: #800080;\" href=\"http:\/\/www.eurecat.org\/\">www.eurecat.org<\/a><\/span><\/strong><\/p>\n<p><strong>Sobre NEBEXT:<\/strong> organizador del Digital Enterprise Show (DES), el mayor evento mundial sobre transformaci\u00f3n digital de la empresa, con ejecutivos con amplia experiencia en el sector industrial, el mundo de las tecnolog\u00edas y la organizaci\u00f3n de eventos profesionales. M\u00e1s informaci\u00f3n en <strong><span style=\"color: #800080;\"><a style=\"color: #800080;\" href=\"http:\/\/www.nebext.com\">www.nebext.com<\/a><\/span><\/strong><\/p>\n<p><strong>Para m\u00e1s informaci\u00f3n y material de prensa:<\/strong><\/p>\n<p><strong>\u00a0<\/strong>Silvia Avil\u00e9s | Elena P\u00e9rez<\/p>\n<p>+34 661 431 958\u00a0\u00a0 +34 931 593 649<\/p>\n<p><a href=\"mailto:press@advancedfactories.com\">press@advancedfactories.com<\/a><\/p>\n","protected":false},"excerpt":{"rendered":"<p>Barcelona acoger\u00e1 la nueva feria de innovaci\u00f3n para el sector industrial con el mayor Congreso Internacional sobre Industria 4.0 Barcelona, 15 de noviembre 2016. Esta ma\u00f1ana se ha presentado oficialmente Advanced Factories, la nueva feria de innovaci\u00f3n, automatizaci\u00f3n e industria 4.0 que acoger\u00e1 Barcelona los pr\u00f3ximos d\u00edas 4 al 6 de abril de 2017. En  [&#8230;]<\/p>\n","protected":false},"author":12,"featured_media":18961,"comment_status":"open","ping_status":"closed","sticky":false,"template":"","format":"standard","meta":{"footnotes":""},"categories":[682,134,408],"tags":[],"class_list":["post-18967","post","type-post","status-publish","format-standard","has-post-thumbnail","hentry","category-corporatiu-es","category-notas-de-prensa","category-robotica-automatizacion"],"yoast_head":"<!-- This site is optimized with the Yoast SEO plugin v27.5 - https:\/\/yoast.com\/product\/yoast-seo-wordpress\/ -->\n<title>Barcelona acoger\u00e1 nueva feria de la innnovaci\u00f3n para empresas<\/title>\n<meta name=\"description\" content=\"El Industry 4.0 Congress tiene como objetivo presentar todas las soluciones para el dise\u00f1o de las denominadas f\u00e1bricas del futuro.\" \/>\n<meta name=\"robots\" content=\"index, follow, max-snippet:-1, max-image-preview:large, max-video-preview:-1\" \/>\n<link rel=\"canonical\" href=\"https:\/\/eurecat.org\/es\/feria-industry-4-0-en-barcelona\/\" \/>\n<meta property=\"og:locale\" content=\"es_ES\" \/>\n<meta property=\"og:type\" content=\"article\" \/>\n<meta property=\"og:title\" content=\"Barcelona acoger\u00e1 nueva feria de la innnovaci\u00f3n para empresas\" \/>\n<meta property=\"og:description\" content=\"El Industry 4.0 Congress tiene como objetivo presentar todas las soluciones para el dise\u00f1o de las denominadas f\u00e1bricas del futuro.\" \/>\n<meta property=\"og:url\" content=\"https:\/\/eurecat.org\/es\/feria-industry-4-0-en-barcelona\/\" \/>\n<meta property=\"og:site_name\" content=\"Eurecat\" \/>\n<meta property=\"article:published_time\" content=\"2016-11-15T16:49:55+00:00\" \/>\n<meta property=\"article:modified_time\" content=\"2017-06-23T12:40:14+00:00\" \/>\n<meta property=\"og:image\" content=\"https:\/\/eurecat.org\/wp-content\/uploads\/2016\/11\/Advanced-Factories_Presentacio\u03012016.jpg\" \/>\n\t<meta property=\"og:image:width\" content=\"800\" \/>\n\t<meta property=\"og:image:height\" content=\"450\" \/>\n\t<meta property=\"og:image:type\" content=\"image\/jpeg\" \/>\n<meta name=\"author\" content=\"EurecatEG\" \/>\n<meta name=\"twitter:card\" content=\"summary_large_image\" \/>\n<meta name=\"twitter:label1\" content=\"Escrito por\" \/>\n\t<meta name=\"twitter:data1\" content=\"EurecatEG\" \/>\n\t<meta name=\"twitter:label2\" content=\"Tiempo de lectura\" \/>\n\t<meta name=\"twitter:data2\" content=\"4 minutos\" \/>\n<script type=\"application\/ld+json\" class=\"yoast-schema-graph\">{\"@context\":\"https:\\\/\\\/schema.org\",\"@graph\":[{\"@type\":\"Article\",\"@id\":\"https:\\\/\\\/eurecat.org\\\/es\\\/feria-industry-4-0-en-barcelona\\\/#article\",\"isPartOf\":{\"@id\":\"https:\\\/\\\/eurecat.org\\\/es\\\/feria-industry-4-0-en-barcelona\\\/\"},\"author\":{\"name\":\"EurecatEG\",\"@id\":\"https:\\\/\\\/eurecat.org\\\/es\\\/#\\\/schema\\\/person\\\/def9217eded50ee57a9dc4cf0c883f80\"},\"headline\":\"Barcelona acoger\u00e1 la nueva feria de innovaci\u00f3n para el sector de la Industria 4.0\",\"datePublished\":\"2016-11-15T16:49:55+00:00\",\"dateModified\":\"2017-06-23T12:40:14+00:00\",\"mainEntityOfPage\":{\"@id\":\"https:\\\/\\\/eurecat.org\\\/es\\\/feria-industry-4-0-en-barcelona\\\/\"},\"wordCount\":726,\"commentCount\":0,\"image\":{\"@id\":\"https:\\\/\\\/eurecat.org\\\/es\\\/feria-industry-4-0-en-barcelona\\\/#primaryimage\"},\"thumbnailUrl\":\"https:\\\/\\\/eurecat.org\\\/wp-content\\\/uploads\\\/2016\\\/11\\\/Advanced-Factories_Presentacio\u03012016.jpg\",\"articleSection\":[\"Corporativo\",\"Notas de prensa\",\"Rob\u00f3tica y Automatizaci\u00f3n\"],\"inLanguage\":\"es\",\"potentialAction\":[{\"@type\":\"CommentAction\",\"name\":\"Comment\",\"target\":[\"https:\\\/\\\/eurecat.org\\\/es\\\/feria-industry-4-0-en-barcelona\\\/#respond\"]}]},{\"@type\":\"WebPage\",\"@id\":\"https:\\\/\\\/eurecat.org\\\/es\\\/feria-industry-4-0-en-barcelona\\\/\",\"url\":\"https:\\\/\\\/eurecat.org\\\/es\\\/feria-industry-4-0-en-barcelona\\\/\",\"name\":\"Barcelona acoger\u00e1 nueva feria de la innnovaci\u00f3n para empresas\",\"isPartOf\":{\"@id\":\"https:\\\/\\\/eurecat.org\\\/es\\\/#website\"},\"primaryImageOfPage\":{\"@id\":\"https:\\\/\\\/eurecat.org\\\/es\\\/feria-industry-4-0-en-barcelona\\\/#primaryimage\"},\"image\":{\"@id\":\"https:\\\/\\\/eurecat.org\\\/es\\\/feria-industry-4-0-en-barcelona\\\/#primaryimage\"},\"thumbnailUrl\":\"https:\\\/\\\/eurecat.org\\\/wp-content\\\/uploads\\\/2016\\\/11\\\/Advanced-Factories_Presentacio\u03012016.jpg\",\"datePublished\":\"2016-11-15T16:49:55+00:00\",\"dateModified\":\"2017-06-23T12:40:14+00:00\",\"author\":{\"@id\":\"https:\\\/\\\/eurecat.org\\\/es\\\/#\\\/schema\\\/person\\\/def9217eded50ee57a9dc4cf0c883f80\"},\"description\":\"El Industry 4.0 Congress tiene como objetivo presentar todas las soluciones para el dise\u00f1o de las denominadas f\u00e1bricas del futuro.\",\"breadcrumb\":{\"@id\":\"https:\\\/\\\/eurecat.org\\\/es\\\/feria-industry-4-0-en-barcelona\\\/#breadcrumb\"},\"inLanguage\":\"es\",\"potentialAction\":[{\"@type\":\"ReadAction\",\"target\":[\"https:\\\/\\\/eurecat.org\\\/es\\\/feria-industry-4-0-en-barcelona\\\/\"]}]},{\"@type\":\"ImageObject\",\"inLanguage\":\"es\",\"@id\":\"https:\\\/\\\/eurecat.org\\\/es\\\/feria-industry-4-0-en-barcelona\\\/#primaryimage\",\"url\":\"https:\\\/\\\/eurecat.org\\\/wp-content\\\/uploads\\\/2016\\\/11\\\/Advanced-Factories_Presentacio\u03012016.jpg\",\"contentUrl\":\"https:\\\/\\\/eurecat.org\\\/wp-content\\\/uploads\\\/2016\\\/11\\\/Advanced-Factories_Presentacio\u03012016.jpg\",\"width\":800,\"height\":450},{\"@type\":\"BreadcrumbList\",\"@id\":\"https:\\\/\\\/eurecat.org\\\/es\\\/feria-industry-4-0-en-barcelona\\\/#breadcrumb\",\"itemListElement\":[{\"@type\":\"ListItem\",\"position\":1,\"name\":\"Inici\",\"item\":\"https:\\\/\\\/eurecat.org\\\/es\\\/\"},{\"@type\":\"ListItem\",\"position\":2,\"name\":\"Barcelona acoger\u00e1 la nueva feria de innovaci\u00f3n para el sector de la Industria 4.0\"}]},{\"@type\":\"WebSite\",\"@id\":\"https:\\\/\\\/eurecat.org\\\/es\\\/#website\",\"url\":\"https:\\\/\\\/eurecat.org\\\/es\\\/\",\"name\":\"Eurecat\",\"description\":\"Otro sitio realizado con WordPress\",\"potentialAction\":[{\"@type\":\"SearchAction\",\"target\":{\"@type\":\"EntryPoint\",\"urlTemplate\":\"https:\\\/\\\/eurecat.org\\\/es\\\/?s={search_term_string}\"},\"query-input\":{\"@type\":\"PropertyValueSpecification\",\"valueRequired\":true,\"valueName\":\"search_term_string\"}}],\"inLanguage\":\"es\"},{\"@type\":\"Person\",\"@id\":\"https:\\\/\\\/eurecat.org\\\/es\\\/#\\\/schema\\\/person\\\/def9217eded50ee57a9dc4cf0c883f80\",\"name\":\"EurecatEG\",\"image\":{\"@type\":\"ImageObject\",\"inLanguage\":\"es\",\"@id\":\"https:\\\/\\\/secure.gravatar.com\\\/avatar\\\/f40dd9b6ecd3e5c591f3c9b033e495ee0ec9877ba77249fbf268b3889350c824?s=96&d=mm&r=g\",\"url\":\"https:\\\/\\\/secure.gravatar.com\\\/avatar\\\/f40dd9b6ecd3e5c591f3c9b033e495ee0ec9877ba77249fbf268b3889350c824?s=96&d=mm&r=g\",\"contentUrl\":\"https:\\\/\\\/secure.gravatar.com\\\/avatar\\\/f40dd9b6ecd3e5c591f3c9b033e495ee0ec9877ba77249fbf268b3889350c824?s=96&d=mm&r=g\",\"caption\":\"EurecatEG\"}}]}<\/script>\n<!-- \/ Yoast SEO plugin. -->","yoast_head_json":{"title":"Barcelona acoger\u00e1 nueva feria de la innnovaci\u00f3n para empresas","description":"El Industry 4.0 Congress tiene como objetivo presentar todas las soluciones para el dise\u00f1o de las denominadas f\u00e1bricas del futuro.","robots":{"index":"index","follow":"follow","max-snippet":"max-snippet:-1","max-image-preview":"max-image-preview:large","max-video-preview":"max-video-preview:-1"},"canonical":"https:\/\/eurecat.org\/es\/feria-industry-4-0-en-barcelona\/","og_locale":"es_ES","og_type":"article","og_title":"Barcelona acoger\u00e1 nueva feria de la innnovaci\u00f3n para empresas","og_description":"El Industry 4.0 Congress tiene como objetivo presentar todas las soluciones para el dise\u00f1o de las denominadas f\u00e1bricas del futuro.","og_url":"https:\/\/eurecat.org\/es\/feria-industry-4-0-en-barcelona\/","og_site_name":"Eurecat","article_published_time":"2016-11-15T16:49:55+00:00","article_modified_time":"2017-06-23T12:40:14+00:00","og_image":[{"width":800,"height":450,"url":"https:\/\/eurecat.org\/wp-content\/uploads\/2016\/11\/Advanced-Factories_Presentacio\u03012016.jpg","type":"image\/jpeg"}],"author":"EurecatEG","twitter_card":"summary_large_image","twitter_misc":{"Escrito por":"EurecatEG","Tiempo de lectura":"4 minutos"},"schema":{"@context":"https:\/\/schema.org","@graph":[{"@type":"Article","@id":"https:\/\/eurecat.org\/es\/feria-industry-4-0-en-barcelona\/#article","isPartOf":{"@id":"https:\/\/eurecat.org\/es\/feria-industry-4-0-en-barcelona\/"},"author":{"name":"EurecatEG","@id":"https:\/\/eurecat.org\/es\/#\/schema\/person\/def9217eded50ee57a9dc4cf0c883f80"},"headline":"Barcelona acoger\u00e1 la nueva feria de innovaci\u00f3n para el sector de la Industria 4.0","datePublished":"2016-11-15T16:49:55+00:00","dateModified":"2017-06-23T12:40:14+00:00","mainEntityOfPage":{"@id":"https:\/\/eurecat.org\/es\/feria-industry-4-0-en-barcelona\/"},"wordCount":726,"commentCount":0,"image":{"@id":"https:\/\/eurecat.org\/es\/feria-industry-4-0-en-barcelona\/#primaryimage"},"thumbnailUrl":"https:\/\/eurecat.org\/wp-content\/uploads\/2016\/11\/Advanced-Factories_Presentacio\u03012016.jpg","articleSection":["Corporativo","Notas de prensa","Rob\u00f3tica y Automatizaci\u00f3n"],"inLanguage":"es","potentialAction":[{"@type":"CommentAction","name":"Comment","target":["https:\/\/eurecat.org\/es\/feria-industry-4-0-en-barcelona\/#respond"]}]},{"@type":"WebPage","@id":"https:\/\/eurecat.org\/es\/feria-industry-4-0-en-barcelona\/","url":"https:\/\/eurecat.org\/es\/feria-industry-4-0-en-barcelona\/","name":"Barcelona acoger\u00e1 nueva feria de la innnovaci\u00f3n para empresas","isPartOf":{"@id":"https:\/\/eurecat.org\/es\/#website"},"primaryImageOfPage":{"@id":"https:\/\/eurecat.org\/es\/feria-industry-4-0-en-barcelona\/#primaryimage"},"image":{"@id":"https:\/\/eurecat.org\/es\/feria-industry-4-0-en-barcelona\/#primaryimage"},"thumbnailUrl":"https:\/\/eurecat.org\/wp-content\/uploads\/2016\/11\/Advanced-Factories_Presentacio\u03012016.jpg","datePublished":"2016-11-15T16:49:55+00:00","dateModified":"2017-06-23T12:40:14+00:00","author":{"@id":"https:\/\/eurecat.org\/es\/#\/schema\/person\/def9217eded50ee57a9dc4cf0c883f80"},"description":"El Industry 4.0 Congress tiene como objetivo presentar todas las soluciones para el dise\u00f1o de las denominadas f\u00e1bricas del futuro.","breadcrumb":{"@id":"https:\/\/eurecat.org\/es\/feria-industry-4-0-en-barcelona\/#breadcrumb"},"inLanguage":"es","potentialAction":[{"@type":"ReadAction","target":["https:\/\/eurecat.org\/es\/feria-industry-4-0-en-barcelona\/"]}]},{"@type":"ImageObject","inLanguage":"es","@id":"https:\/\/eurecat.org\/es\/feria-industry-4-0-en-barcelona\/#primaryimage","url":"https:\/\/eurecat.org\/wp-content\/uploads\/2016\/11\/Advanced-Factories_Presentacio\u03012016.jpg","contentUrl":"https:\/\/eurecat.org\/wp-content\/uploads\/2016\/11\/Advanced-Factories_Presentacio\u03012016.jpg","width":800,"height":450},{"@type":"BreadcrumbList","@id":"https:\/\/eurecat.org\/es\/feria-industry-4-0-en-barcelona\/#breadcrumb","itemListElement":[{"@type":"ListItem","position":1,"name":"Inici","item":"https:\/\/eurecat.org\/es\/"},{"@type":"ListItem","position":2,"name":"Barcelona acoger\u00e1 la nueva feria de innovaci\u00f3n para el sector de la Industria 4.0"}]},{"@type":"WebSite","@id":"https:\/\/eurecat.org\/es\/#website","url":"https:\/\/eurecat.org\/es\/","name":"Eurecat","description":"Otro sitio realizado con WordPress","potentialAction":[{"@type":"SearchAction","target":{"@type":"EntryPoint","urlTemplate":"https:\/\/eurecat.org\/es\/?s={search_term_string}"},"query-input":{"@type":"PropertyValueSpecification","valueRequired":true,"valueName":"search_term_string"}}],"inLanguage":"es"},{"@type":"Person","@id":"https:\/\/eurecat.org\/es\/#\/schema\/person\/def9217eded50ee57a9dc4cf0c883f80","name":"EurecatEG","image":{"@type":"ImageObject","inLanguage":"es","@id":"https:\/\/secure.gravatar.com\/avatar\/f40dd9b6ecd3e5c591f3c9b033e495ee0ec9877ba77249fbf268b3889350c824?s=96&d=mm&r=g","url":"https:\/\/secure.gravatar.com\/avatar\/f40dd9b6ecd3e5c591f3c9b033e495ee0ec9877ba77249fbf268b3889350c824?s=96&d=mm&r=g","contentUrl":"https:\/\/secure.gravatar.com\/avatar\/f40dd9b6ecd3e5c591f3c9b033e495ee0ec9877ba77249fbf268b3889350c824?s=96&d=mm&r=g","caption":"EurecatEG"}}]}},"_links":{"self":[{"href":"https:\/\/eurecat.org\/es\/wp-json\/wp\/v2\/posts\/18967","targetHints":{"allow":["GET"]}}],"collection":[{"href":"https:\/\/eurecat.org\/es\/wp-json\/wp\/v2\/posts"}],"about":[{"href":"https:\/\/eurecat.org\/es\/wp-json\/wp\/v2\/types\/post"}],"author":[{"embeddable":true,"href":"https:\/\/eurecat.org\/es\/wp-json\/wp\/v2\/users\/12"}],"replies":[{"embeddable":true,"href":"https:\/\/eurecat.org\/es\/wp-json\/wp\/v2\/comments?post=18967"}],"version-history":[{"count":0,"href":"https:\/\/eurecat.org\/es\/wp-json\/wp\/v2\/posts\/18967\/revisions"}],"wp:featuredmedia":[{"embeddable":true,"href":"https:\/\/eurecat.org\/es\/wp-json\/wp\/v2\/media\/18961"}],"wp:attachment":[{"href":"https:\/\/eurecat.org\/es\/wp-json\/wp\/v2\/media?parent=18967"}],"wp:term":[{"taxonomy":"category","embeddable":true,"href":"https:\/\/eurecat.org\/es\/wp-json\/wp\/v2\/categories?post=18967"},{"taxonomy":"post_tag","embeddable":true,"href":"https:\/\/eurecat.org\/es\/wp-json\/wp\/v2\/tags?post=18967"}],"curies":[{"name":"wp","href":"https:\/\/api.w.org\/{rel}","templated":true}]}}