{"id":18976,"date":"2016-11-16T17:01:14","date_gmt":"2016-11-16T17:01:14","guid":{"rendered":"http:\/\/eurecat.org\/es\/?p=18976"},"modified":"2017-06-23T12:36:09","modified_gmt":"2017-06-23T12:36:09","slug":"eurecat-smart-city-expo-mochila","status":"publish","type":"post","link":"https:\/\/eurecat.org\/es\/eurecat-smart-city-expo-mochila\/","title":{"rendered":"Eurecat desarrolla una mochila para ciclistas con electr\u00f3nica flexible"},"content":{"rendered":"<h2 style=\"text-align: center;\"><strong><span style=\"color: #000000;\">SMART CITY EXPO<\/span><\/strong><\/h2>\n<h1 style=\"text-align: center;\"><span style=\"color: #000000;\">Eurecat desarrolla una mochila para ciclistas con electr\u00f3nica flexible<\/span><\/h1>\n<p><strong><u>Barcelona, 16 noviembre \u00a1de 2016.-<\/u> <\/strong>El centro tecnol\u00f3gico Eurecat (miembro de TECNIO) ha dise\u00f1ado una mochila para ciclistas que incorpora un sistema de se\u00f1alizaci\u00f3n con electr\u00f3nica flexible que permite aumentar su seguridad y que se puede ver en la presente edici\u00f3n de la feria Smart City Expo, que tiene lugar en Barcelona hasta ma\u00f1ana, 17 de noviembre.<\/p>\n<p>Eurecat ha dise\u00f1ado la mochila para aumentar la visibilidad de los ciclistas, de manera que los autom\u00f3viles vean mejor los cambios de direcci\u00f3n que hacen. Para lograrlo, ha desarrollado un sistema lum\u00ednico que se puede activar mediante el m\u00f3vil. De esta manera, el ciclista puede descargar la ruta que quiere hacer y activar los intermitentes y la luz de frenado de la mochila mediante su m\u00f3vil.<\/p>\n<p>La tecnolog\u00eda que ha permitido crear la mochila es la electr\u00f3nica flexible, que permite poner una capa de inteligencia a los objetos y de forma transparente para el usuario. Esta tecnolog\u00eda se puede aplicar a las piezas de vestir y es compatible con su limpieza en la lavadora.<\/p>\n<p>El proceso para crear estos tipos de elementos proviene de un an\u00e1lisis de la funcionalidad de los objetos, con la finalidad de crear elementos inteligentes, que aporten m\u00e1s funciones, en este caso, seguridad activa integrando el sistema de luz cuando se va en bicicleta.<\/p>\n<p>La finalidad de Eurecat es trasladar la tecnolog\u00eda que tiene en sus laboratorios al mercado, para que las empresas la puedan incorporar en sus productos, de forma que su uso sea lo m\u00e1s sencillo posible, sostenible y haga m\u00e1s f\u00e1cil la vida a las personas.<\/p>\n<p>El centro tecnol\u00f3gico ha presentado tambi\u00e9n un <strong>laboratorio de ciberseguridad especializado en Internet de las Cosas <\/strong>para combatir los riesgos que conllevan para ciudades, empresas y organizaciones los objetos conectados a la red, una tecnolog\u00eda que en 2020 se calcula que alcanzar\u00e1 los 20.000 millones de elementos.<\/p>\n<p>Otras innovaciones de Eurecat que estar\u00e1n presentes en la Smart City Expo son sus <strong>soluciones integrales de visualizaci\u00f3n interactiva inmersiva y 3D<\/strong> aplicadas al subsuelo de Barcelona. Este desarrollo tiene aplicaci\u00f3n en m\u00faltiples plataformas como valor a\u00f1adido a proyectos industriales, culturales y de visualizaci\u00f3n de datos, as\u00ed como realidad aumentada, realidad virtual e industria 4.0.<\/p>\n<p>Asimismo, las innovaciones de Eurecat estar\u00e1n tambi\u00e9n en Smart Cities con proyectos como Built2spec, consistente en el desarrollo de un nuevo <strong>conjunto de avances tecnol\u00f3gicos para la eficiencia energ\u00e9tica en nuevas construcciones y reformas<\/strong>; un <strong>estudio Big Data que refleja la movilidad de los turistas por Barcelona<\/strong>, y el prototipo del proyecto ARSI, que est\u00e1 implantando <strong>la utilizaci\u00f3n de drones para la inspecci\u00f3n del alcantarillado de Barcelona<\/strong>.<\/p>\n<p><strong>Os esperamos en el estand de Eurecat en Smart City Expo: <\/strong><\/p>\n<p>hall 2 D401 \/ Fira Barcelona Gran Via<\/p>\n<p><strong>Pod\u00e9is ampliar la informaci\u00f3n o solicitar entrevistas en el email <\/strong><a href=\"mailto:premsa@eurecat.org\"><strong>premsa@eurecat.org<\/strong><\/a><strong> o en el m\u00f3vil 630425169.<\/strong><\/p>\n<p>&nbsp;<\/p>\n<p><strong>Sobre Eurecat<\/strong><\/p>\n<p>Eurecat, Centro Tecnol\u00f3gico de Catalu\u00f1a (miembro de Tecnio), aglutina la experiencia de m\u00e1s de <strong>550 profesionales<\/strong> que generan un volumen de ingresos de <strong>45 millones de euros anuales<\/strong> y presta servicio a m\u00e1s de <strong>1.000 empresas<\/strong>. <strong>I+D aplicado<\/strong>, <strong>servicios tecnol\u00f3gicos<\/strong>, <strong>formaci\u00f3n de alta especializaci\u00f3n<\/strong>, <strong>consultor\u00eda tecnol\u00f3gica<\/strong> y <strong>eventos profesionales<\/strong> son algunos de los servicios que Eurecat ofrece tanto para grandes como para peque\u00f1as y medianas empresas de todos los sectores. Con instalaciones en Barcelona, Canet de Mar, Cerdanyola del Vall\u00e8s, Girona, Lleida, Manresa, Matar\u00f3, Reus y Amposta y con una sede en Brasil, participa en <strong>160 grandes proyectos consorciados de I+D+i<\/strong> nacionales e internacionales de alto valor estrat\u00e9gico y cuenta con <strong>73 patentes<\/strong> y <strong>7 spin-off<\/strong>. El valor a\u00f1adido que aporta Eurecat <strong>acelera la innovaci\u00f3n<\/strong>, <strong>disminuye el gasto en infraestructuras<\/strong> cient\u00edficas y tecnol\u00f3gicas, <strong>reduce los riesgos <\/strong>y proporciona <strong>conocimiento especializado <\/strong>a medida de cada empresa. <strong>M\u00e1s informaci\u00f3n en <\/strong><a href=\"http:\/\/www.eurecat.org\"><strong>www.eurecat.org<\/strong><\/a><\/p>\n<p>&nbsp;<\/p>\n<p><strong><em>M\u00e1s informaci\u00f3n:<\/em><\/strong><\/p>\n<p><strong>Montse Mascar\u00f3<br \/>\nPrensa | Direcci\u00f3n de Comunicaci\u00f3n Corporativa <\/strong><strong>Eurecat<\/strong><\/p>\n<p><strong>Tel. (+34) 932 381 400 | M\u00f3vil: (+34) 630 425 169<br \/>\nC\/e: premsa@eurecat.org | <\/strong><a href=\"http:\/\/www.eurecat.org\">www.eurecat.org<\/a><\/p>\n","protected":false},"excerpt":{"rendered":"<p>SMART CITY EXPO Eurecat desarrolla una mochila para ciclistas con electr\u00f3nica flexible Barcelona, 16 noviembre \u00a1de 2016.- El centro tecnol\u00f3gico Eurecat (miembro de TECNIO) ha dise\u00f1ado una mochila para ciclistas que incorpora un sistema de se\u00f1alizaci\u00f3n con electr\u00f3nica flexible que permite aumentar su seguridad y que se puede ver en la presente edici\u00f3n de la  [&#8230;]<\/p>\n","protected":false},"author":12,"featured_media":18973,"comment_status":"open","ping_status":"closed","sticky":false,"template":"","format":"standard","meta":{"footnotes":""},"categories":[702,399,134,413],"tags":[],"class_list":["post-18976","post","type-post","status-publish","format-standard","has-post-thumbnail","hentry","category-eventos","category-impresion-funcional","category-notas-de-prensa","category-tejidos-funcionales"],"yoast_head":"<!-- This site is optimized with the Yoast SEO plugin v27.4 - https:\/\/yoast.com\/product\/yoast-seo-wordpress\/ -->\n<title>Eurecat desarrolla una mochila para ciclistas con electr\u00f3nica flexible<\/title>\n<meta name=\"description\" content=\"Eurecat ha dise\u00f1ado una mochila para ciclistas que incorpora un sistema de se\u00f1alizaci\u00f3n con electr\u00f3nica flexible que permite aumentar su seguridad\" \/>\n<meta name=\"robots\" content=\"index, follow, max-snippet:-1, max-image-preview:large, max-video-preview:-1\" \/>\n<link rel=\"canonical\" href=\"https:\/\/eurecat.org\/es\/eurecat-smart-city-expo-mochila\/\" \/>\n<meta property=\"og:locale\" content=\"es_ES\" \/>\n<meta property=\"og:type\" content=\"article\" \/>\n<meta property=\"og:title\" content=\"Eurecat desarrolla una mochila para ciclistas con electr\u00f3nica flexible\" \/>\n<meta property=\"og:description\" content=\"Eurecat ha dise\u00f1ado una mochila para ciclistas que incorpora un sistema de se\u00f1alizaci\u00f3n con electr\u00f3nica flexible que permite aumentar su seguridad\" \/>\n<meta property=\"og:url\" content=\"https:\/\/eurecat.org\/es\/eurecat-smart-city-expo-mochila\/\" \/>\n<meta property=\"og:site_name\" content=\"Eurecat\" \/>\n<meta property=\"article:published_time\" content=\"2016-11-16T17:01:14+00:00\" \/>\n<meta property=\"article:modified_time\" content=\"2017-06-23T12:36:09+00:00\" \/>\n<meta property=\"og:image\" content=\"https:\/\/eurecat.org\/wp-content\/uploads\/2016\/11\/motxilla_eurecat2016-SmartCity-Expo.jpg\" \/>\n\t<meta property=\"og:image:width\" content=\"800\" \/>\n\t<meta property=\"og:image:height\" content=\"559\" \/>\n\t<meta property=\"og:image:type\" content=\"image\/jpeg\" \/>\n<meta name=\"author\" content=\"EurecatEG\" \/>\n<meta name=\"twitter:card\" content=\"summary_large_image\" \/>\n<meta name=\"twitter:label1\" content=\"Escrito por\" \/>\n\t<meta name=\"twitter:data1\" content=\"EurecatEG\" \/>\n\t<meta name=\"twitter:label2\" content=\"Tiempo de lectura\" \/>\n\t<meta name=\"twitter:data2\" content=\"4 minutos\" \/>\n<script type=\"application\/ld+json\" class=\"yoast-schema-graph\">{\"@context\":\"https:\\\/\\\/schema.org\",\"@graph\":[{\"@type\":\"Article\",\"@id\":\"https:\\\/\\\/eurecat.org\\\/es\\\/eurecat-smart-city-expo-mochila\\\/#article\",\"isPartOf\":{\"@id\":\"https:\\\/\\\/eurecat.org\\\/es\\\/eurecat-smart-city-expo-mochila\\\/\"},\"author\":{\"name\":\"EurecatEG\",\"@id\":\"https:\\\/\\\/eurecat.org\\\/es\\\/#\\\/schema\\\/person\\\/def9217eded50ee57a9dc4cf0c883f80\"},\"headline\":\"Eurecat desarrolla una mochila para ciclistas con electr\u00f3nica flexible\",\"datePublished\":\"2016-11-16T17:01:14+00:00\",\"dateModified\":\"2017-06-23T12:36:09+00:00\",\"mainEntityOfPage\":{\"@id\":\"https:\\\/\\\/eurecat.org\\\/es\\\/eurecat-smart-city-expo-mochila\\\/\"},\"wordCount\":717,\"commentCount\":0,\"image\":{\"@id\":\"https:\\\/\\\/eurecat.org\\\/es\\\/eurecat-smart-city-expo-mochila\\\/#primaryimage\"},\"thumbnailUrl\":\"https:\\\/\\\/eurecat.org\\\/wp-content\\\/uploads\\\/2016\\\/11\\\/motxilla_eurecat2016-SmartCity-Expo.jpg\",\"articleSection\":[\"Eventos\",\"Impresi\u00f3n funcional\",\"Notas de prensa\",\"Tejidos Funcionales\"],\"inLanguage\":\"es\",\"potentialAction\":[{\"@type\":\"CommentAction\",\"name\":\"Comment\",\"target\":[\"https:\\\/\\\/eurecat.org\\\/es\\\/eurecat-smart-city-expo-mochila\\\/#respond\"]}]},{\"@type\":\"WebPage\",\"@id\":\"https:\\\/\\\/eurecat.org\\\/es\\\/eurecat-smart-city-expo-mochila\\\/\",\"url\":\"https:\\\/\\\/eurecat.org\\\/es\\\/eurecat-smart-city-expo-mochila\\\/\",\"name\":\"Eurecat desarrolla una mochila para ciclistas con electr\u00f3nica flexible\",\"isPartOf\":{\"@id\":\"https:\\\/\\\/eurecat.org\\\/es\\\/#website\"},\"primaryImageOfPage\":{\"@id\":\"https:\\\/\\\/eurecat.org\\\/es\\\/eurecat-smart-city-expo-mochila\\\/#primaryimage\"},\"image\":{\"@id\":\"https:\\\/\\\/eurecat.org\\\/es\\\/eurecat-smart-city-expo-mochila\\\/#primaryimage\"},\"thumbnailUrl\":\"https:\\\/\\\/eurecat.org\\\/wp-content\\\/uploads\\\/2016\\\/11\\\/motxilla_eurecat2016-SmartCity-Expo.jpg\",\"datePublished\":\"2016-11-16T17:01:14+00:00\",\"dateModified\":\"2017-06-23T12:36:09+00:00\",\"author\":{\"@id\":\"https:\\\/\\\/eurecat.org\\\/es\\\/#\\\/schema\\\/person\\\/def9217eded50ee57a9dc4cf0c883f80\"},\"description\":\"Eurecat ha dise\u00f1ado una mochila para ciclistas que incorpora un sistema de se\u00f1alizaci\u00f3n con electr\u00f3nica flexible que permite aumentar su seguridad\",\"breadcrumb\":{\"@id\":\"https:\\\/\\\/eurecat.org\\\/es\\\/eurecat-smart-city-expo-mochila\\\/#breadcrumb\"},\"inLanguage\":\"es\",\"potentialAction\":[{\"@type\":\"ReadAction\",\"target\":[\"https:\\\/\\\/eurecat.org\\\/es\\\/eurecat-smart-city-expo-mochila\\\/\"]}]},{\"@type\":\"ImageObject\",\"inLanguage\":\"es\",\"@id\":\"https:\\\/\\\/eurecat.org\\\/es\\\/eurecat-smart-city-expo-mochila\\\/#primaryimage\",\"url\":\"https:\\\/\\\/eurecat.org\\\/wp-content\\\/uploads\\\/2016\\\/11\\\/motxilla_eurecat2016-SmartCity-Expo.jpg\",\"contentUrl\":\"https:\\\/\\\/eurecat.org\\\/wp-content\\\/uploads\\\/2016\\\/11\\\/motxilla_eurecat2016-SmartCity-Expo.jpg\",\"width\":800,\"height\":559},{\"@type\":\"BreadcrumbList\",\"@id\":\"https:\\\/\\\/eurecat.org\\\/es\\\/eurecat-smart-city-expo-mochila\\\/#breadcrumb\",\"itemListElement\":[{\"@type\":\"ListItem\",\"position\":1,\"name\":\"Inici\",\"item\":\"https:\\\/\\\/eurecat.org\\\/es\\\/\"},{\"@type\":\"ListItem\",\"position\":2,\"name\":\"Eurecat desarrolla una mochila para ciclistas con electr\u00f3nica flexible\"}]},{\"@type\":\"WebSite\",\"@id\":\"https:\\\/\\\/eurecat.org\\\/es\\\/#website\",\"url\":\"https:\\\/\\\/eurecat.org\\\/es\\\/\",\"name\":\"Eurecat\",\"description\":\"Otro sitio realizado con WordPress\",\"potentialAction\":[{\"@type\":\"SearchAction\",\"target\":{\"@type\":\"EntryPoint\",\"urlTemplate\":\"https:\\\/\\\/eurecat.org\\\/es\\\/?s={search_term_string}\"},\"query-input\":{\"@type\":\"PropertyValueSpecification\",\"valueRequired\":true,\"valueName\":\"search_term_string\"}}],\"inLanguage\":\"es\"},{\"@type\":\"Person\",\"@id\":\"https:\\\/\\\/eurecat.org\\\/es\\\/#\\\/schema\\\/person\\\/def9217eded50ee57a9dc4cf0c883f80\",\"name\":\"EurecatEG\",\"image\":{\"@type\":\"ImageObject\",\"inLanguage\":\"es\",\"@id\":\"https:\\\/\\\/secure.gravatar.com\\\/avatar\\\/f40dd9b6ecd3e5c591f3c9b033e495ee0ec9877ba77249fbf268b3889350c824?s=96&d=mm&r=g\",\"url\":\"https:\\\/\\\/secure.gravatar.com\\\/avatar\\\/f40dd9b6ecd3e5c591f3c9b033e495ee0ec9877ba77249fbf268b3889350c824?s=96&d=mm&r=g\",\"contentUrl\":\"https:\\\/\\\/secure.gravatar.com\\\/avatar\\\/f40dd9b6ecd3e5c591f3c9b033e495ee0ec9877ba77249fbf268b3889350c824?s=96&d=mm&r=g\",\"caption\":\"EurecatEG\"}}]}<\/script>\n<!-- \/ Yoast SEO plugin. -->","yoast_head_json":{"title":"Eurecat desarrolla una mochila para ciclistas con electr\u00f3nica flexible","description":"Eurecat ha dise\u00f1ado una mochila para ciclistas que incorpora un sistema de se\u00f1alizaci\u00f3n con electr\u00f3nica flexible que permite aumentar su seguridad","robots":{"index":"index","follow":"follow","max-snippet":"max-snippet:-1","max-image-preview":"max-image-preview:large","max-video-preview":"max-video-preview:-1"},"canonical":"https:\/\/eurecat.org\/es\/eurecat-smart-city-expo-mochila\/","og_locale":"es_ES","og_type":"article","og_title":"Eurecat desarrolla una mochila para ciclistas con electr\u00f3nica flexible","og_description":"Eurecat ha dise\u00f1ado una mochila para ciclistas que incorpora un sistema de se\u00f1alizaci\u00f3n con electr\u00f3nica flexible que permite aumentar su seguridad","og_url":"https:\/\/eurecat.org\/es\/eurecat-smart-city-expo-mochila\/","og_site_name":"Eurecat","article_published_time":"2016-11-16T17:01:14+00:00","article_modified_time":"2017-06-23T12:36:09+00:00","og_image":[{"width":800,"height":559,"url":"https:\/\/eurecat.org\/wp-content\/uploads\/2016\/11\/motxilla_eurecat2016-SmartCity-Expo.jpg","type":"image\/jpeg"}],"author":"EurecatEG","twitter_card":"summary_large_image","twitter_misc":{"Escrito por":"EurecatEG","Tiempo de lectura":"4 minutos"},"schema":{"@context":"https:\/\/schema.org","@graph":[{"@type":"Article","@id":"https:\/\/eurecat.org\/es\/eurecat-smart-city-expo-mochila\/#article","isPartOf":{"@id":"https:\/\/eurecat.org\/es\/eurecat-smart-city-expo-mochila\/"},"author":{"name":"EurecatEG","@id":"https:\/\/eurecat.org\/es\/#\/schema\/person\/def9217eded50ee57a9dc4cf0c883f80"},"headline":"Eurecat desarrolla una mochila para ciclistas con electr\u00f3nica flexible","datePublished":"2016-11-16T17:01:14+00:00","dateModified":"2017-06-23T12:36:09+00:00","mainEntityOfPage":{"@id":"https:\/\/eurecat.org\/es\/eurecat-smart-city-expo-mochila\/"},"wordCount":717,"commentCount":0,"image":{"@id":"https:\/\/eurecat.org\/es\/eurecat-smart-city-expo-mochila\/#primaryimage"},"thumbnailUrl":"https:\/\/eurecat.org\/wp-content\/uploads\/2016\/11\/motxilla_eurecat2016-SmartCity-Expo.jpg","articleSection":["Eventos","Impresi\u00f3n funcional","Notas de prensa","Tejidos Funcionales"],"inLanguage":"es","potentialAction":[{"@type":"CommentAction","name":"Comment","target":["https:\/\/eurecat.org\/es\/eurecat-smart-city-expo-mochila\/#respond"]}]},{"@type":"WebPage","@id":"https:\/\/eurecat.org\/es\/eurecat-smart-city-expo-mochila\/","url":"https:\/\/eurecat.org\/es\/eurecat-smart-city-expo-mochila\/","name":"Eurecat desarrolla una mochila para ciclistas con electr\u00f3nica flexible","isPartOf":{"@id":"https:\/\/eurecat.org\/es\/#website"},"primaryImageOfPage":{"@id":"https:\/\/eurecat.org\/es\/eurecat-smart-city-expo-mochila\/#primaryimage"},"image":{"@id":"https:\/\/eurecat.org\/es\/eurecat-smart-city-expo-mochila\/#primaryimage"},"thumbnailUrl":"https:\/\/eurecat.org\/wp-content\/uploads\/2016\/11\/motxilla_eurecat2016-SmartCity-Expo.jpg","datePublished":"2016-11-16T17:01:14+00:00","dateModified":"2017-06-23T12:36:09+00:00","author":{"@id":"https:\/\/eurecat.org\/es\/#\/schema\/person\/def9217eded50ee57a9dc4cf0c883f80"},"description":"Eurecat ha dise\u00f1ado una mochila para ciclistas que incorpora un sistema de se\u00f1alizaci\u00f3n con electr\u00f3nica flexible que permite aumentar su seguridad","breadcrumb":{"@id":"https:\/\/eurecat.org\/es\/eurecat-smart-city-expo-mochila\/#breadcrumb"},"inLanguage":"es","potentialAction":[{"@type":"ReadAction","target":["https:\/\/eurecat.org\/es\/eurecat-smart-city-expo-mochila\/"]}]},{"@type":"ImageObject","inLanguage":"es","@id":"https:\/\/eurecat.org\/es\/eurecat-smart-city-expo-mochila\/#primaryimage","url":"https:\/\/eurecat.org\/wp-content\/uploads\/2016\/11\/motxilla_eurecat2016-SmartCity-Expo.jpg","contentUrl":"https:\/\/eurecat.org\/wp-content\/uploads\/2016\/11\/motxilla_eurecat2016-SmartCity-Expo.jpg","width":800,"height":559},{"@type":"BreadcrumbList","@id":"https:\/\/eurecat.org\/es\/eurecat-smart-city-expo-mochila\/#breadcrumb","itemListElement":[{"@type":"ListItem","position":1,"name":"Inici","item":"https:\/\/eurecat.org\/es\/"},{"@type":"ListItem","position":2,"name":"Eurecat desarrolla una mochila para ciclistas con electr\u00f3nica flexible"}]},{"@type":"WebSite","@id":"https:\/\/eurecat.org\/es\/#website","url":"https:\/\/eurecat.org\/es\/","name":"Eurecat","description":"Otro sitio realizado con WordPress","potentialAction":[{"@type":"SearchAction","target":{"@type":"EntryPoint","urlTemplate":"https:\/\/eurecat.org\/es\/?s={search_term_string}"},"query-input":{"@type":"PropertyValueSpecification","valueRequired":true,"valueName":"search_term_string"}}],"inLanguage":"es"},{"@type":"Person","@id":"https:\/\/eurecat.org\/es\/#\/schema\/person\/def9217eded50ee57a9dc4cf0c883f80","name":"EurecatEG","image":{"@type":"ImageObject","inLanguage":"es","@id":"https:\/\/secure.gravatar.com\/avatar\/f40dd9b6ecd3e5c591f3c9b033e495ee0ec9877ba77249fbf268b3889350c824?s=96&d=mm&r=g","url":"https:\/\/secure.gravatar.com\/avatar\/f40dd9b6ecd3e5c591f3c9b033e495ee0ec9877ba77249fbf268b3889350c824?s=96&d=mm&r=g","contentUrl":"https:\/\/secure.gravatar.com\/avatar\/f40dd9b6ecd3e5c591f3c9b033e495ee0ec9877ba77249fbf268b3889350c824?s=96&d=mm&r=g","caption":"EurecatEG"}}]}},"_links":{"self":[{"href":"https:\/\/eurecat.org\/es\/wp-json\/wp\/v2\/posts\/18976","targetHints":{"allow":["GET"]}}],"collection":[{"href":"https:\/\/eurecat.org\/es\/wp-json\/wp\/v2\/posts"}],"about":[{"href":"https:\/\/eurecat.org\/es\/wp-json\/wp\/v2\/types\/post"}],"author":[{"embeddable":true,"href":"https:\/\/eurecat.org\/es\/wp-json\/wp\/v2\/users\/12"}],"replies":[{"embeddable":true,"href":"https:\/\/eurecat.org\/es\/wp-json\/wp\/v2\/comments?post=18976"}],"version-history":[{"count":0,"href":"https:\/\/eurecat.org\/es\/wp-json\/wp\/v2\/posts\/18976\/revisions"}],"wp:featuredmedia":[{"embeddable":true,"href":"https:\/\/eurecat.org\/es\/wp-json\/wp\/v2\/media\/18973"}],"wp:attachment":[{"href":"https:\/\/eurecat.org\/es\/wp-json\/wp\/v2\/media?parent=18976"}],"wp:term":[{"taxonomy":"category","embeddable":true,"href":"https:\/\/eurecat.org\/es\/wp-json\/wp\/v2\/categories?post=18976"},{"taxonomy":"post_tag","embeddable":true,"href":"https:\/\/eurecat.org\/es\/wp-json\/wp\/v2\/tags?post=18976"}],"curies":[{"name":"wp","href":"https:\/\/api.w.org\/{rel}","templated":true}]}}