{"id":190206,"date":"2025-11-14T13:13:42","date_gmt":"2025-11-14T12:13:42","guid":{"rendered":"https:\/\/eurecat.org\/?p=190206"},"modified":"2025-11-14T13:15:17","modified_gmt":"2025-11-14T12:15:17","slug":"eurecat-y-la-empresa-airbox-promueven-el-reciclaje-valorizacion-y-reutilizacion-de-equipos-de-respiracion-autonoma","status":"publish","type":"post","link":"https:\/\/eurecat.org\/es\/eurecat-y-la-empresa-airbox-promueven-el-reciclaje-valorizacion-y-reutilizacion-de-equipos-de-respiracion-autonoma\/","title":{"rendered":"Eurecat y la empresa AIRBOX promueven el reciclaje, valorizaci\u00f3n y reutilizaci\u00f3n de equipos de respiraci\u00f3n aut\u00f3noma"},"content":{"rendered":"<div class=\"fusion-fullwidth fullwidth-box fusion-builder-row-1 fusion-flex-container has-pattern-background has-mask-background nonhundred-percent-fullwidth non-hundred-percent-height-scrolling\" style=\"--awb-border-radius-top-left:0px;--awb-border-radius-top-right:0px;--awb-border-radius-bottom-right:0px;--awb-border-radius-bottom-left:0px;--awb-flex-wrap:wrap;\" ><div class=\"fusion-builder-row fusion-row fusion-flex-align-items-flex-start fusion-flex-content-wrap\" style=\"max-width:1424.8px;margin-left: calc(-4% \/ 2 );margin-right: calc(-4% \/ 2 );\"><div class=\"fusion-layout-column fusion_builder_column fusion-builder-column-0 fusion_builder_column_1_1 1_1 fusion-flex-column\" style=\"--awb-bg-size:cover;--awb-width-large:100%;--awb-margin-top-large:0px;--awb-spacing-right-large:1.92%;--awb-margin-bottom-large:20px;--awb-spacing-left-large:1.92%;--awb-width-medium:100%;--awb-order-medium:0;--awb-spacing-right-medium:1.92%;--awb-spacing-left-medium:1.92%;--awb-width-small:100%;--awb-order-small:0;--awb-spacing-right-small:1.92%;--awb-spacing-left-small:1.92%;\"><div class=\"fusion-column-wrapper fusion-column-has-shadow fusion-flex-justify-content-flex-start fusion-content-layout-column\"><div class=\"fusion-text fusion-text-1\"><p>El centro tecnol\u00f3gico <a href=\"http:\/\/eurecat.org\/es\/\">Eurecat<\/a> ha llevado a cabo un estudio para implantar estrategias de desmantelamiento de los equipos de respiraci\u00f3n aut\u00f3noma (ERA) gestionados por la empresa AIRBOX, con el objetivo de promover su reciclaje, valorizaci\u00f3n y reutilizaci\u00f3n, impulsando la econom\u00eda circular y reduciendo su impacto ambiental.<\/p>\n<p>Tal como explica la investigadora de la Unidad de Residuos, Energ\u00eda e Impacto Ambiental de Eurecat, Eva Benzal, \u201cpara llevar a cabo esta investigaci\u00f3n aplicada se han analizado experimentalmente cuatro modelos diferentes de equipos de respiraci\u00f3n aut\u00f3noma, identificando y estudiando los materiales que los conforman, con especial atenci\u00f3n a aquellos que ofrecen mayores posibilidades de reciclaje\u201d.<\/p>\n<p>De esta manera, los resultados del estudio han demostrado que se puede recuperar y valorizar hasta el 35,5 por ciento de los materiales que conforman los equipos, como el lat\u00f3n, el acero inoxidable, el aluminio, los tejidos ign\u00edfugos y diversos tipos de materiales polim\u00e9ricos.<\/p>\n<p>\u201cAdem\u00e1s, aplicando t\u00e9cnicas de econom\u00eda circular y reciclaje por parte de AIRBOX, hemos conseguido reducir un 5 por ciento las emisiones anuales de CO\u2082 asociadas a la gesti\u00f3n final de los equipos de respiraci\u00f3n aut\u00f3noma\u201d, comenta el director t\u00e9cnico y de sostenibilidad de AIRBOX, Josep Maria Grosso.<\/p>\n<p>Eurecat ha identificado puntos cr\u00edticos de mejora en el proceso de desmantelamiento de los equipos, \u201clo que ha permitido a AIRBOX establecer un acuerdo con varios gestores de residuos para aplicar los resultados de manera real y optimizar su gesti\u00f3n\u201d, explica el director de la Unidad de Residuos, Energ\u00eda e Impacto Ambiental de Eurecat, Frederic Clarens.<\/p>\n<p>Asimismo, a\u00f1ade, \u201clos resultados obtenidos abren la puerta al conocimiento de nuevas estrategias de ecodise\u00f1o y a iniciativas que fomenten la econom\u00eda circular y la reducci\u00f3n del impacto ambiental de la empresa, de los fabricantes de equipos y de otras empresas del sector\u201d.<\/p>\n<p>El proyecto ha sido financiado por ACCI\u00d3, la agencia para la competitividad de la empresa de la Generalitat de Catalunya, en el marco de las ayudas Cupons ACCI\u00d3 Green. Para la implementaci\u00f3n industrial del proceso de desmantelamiento de los equipos, AIRBOX cuenta con la participaci\u00f3n de la Fundaci\u00f3n Formaci\u00f3n y Trabajo, gestores de residuos que trabajan para garantizar la inclusi\u00f3n sociolaboral de las personas en situaci\u00f3n de vulnerabilidad, mediante un modelo de empresa de inserci\u00f3n, formaci\u00f3n profesionalizadora y econom\u00eda circular.<\/p>\n<\/div><\/div><\/div><\/div><\/div>\n","protected":false},"excerpt":{"rendered":"","protected":false},"author":20,"featured_media":190204,"comment_status":"open","ping_status":"closed","sticky":false,"template":"","format":"standard","meta":{"footnotes":""},"categories":[134,2582],"tags":[],"class_list":["post-190206","post","type-post","status-publish","format-standard","has-post-thumbnail","hentry","category-notas-de-prensa","category-weei-es"],"yoast_head":"<!-- This site is optimized with the Yoast SEO plugin v27.5 - https:\/\/yoast.com\/product\/yoast-seo-wordpress\/ -->\n<title>Eurecat y la empresa AIRBOX promueven el reciclaje, valorizaci\u00f3n y reutilizaci\u00f3n de equipos de respiraci\u00f3n aut\u00f3noma - Eurecat<\/title>\n<meta name=\"robots\" content=\"index, follow, max-snippet:-1, max-image-preview:large, max-video-preview:-1\" \/>\n<link rel=\"canonical\" href=\"https:\/\/eurecat.org\/es\/eurecat-y-la-empresa-airbox-promueven-el-reciclaje-valorizacion-y-reutilizacion-de-equipos-de-respiracion-autonoma\/\" \/>\n<meta property=\"og:locale\" content=\"es_ES\" \/>\n<meta property=\"og:type\" content=\"article\" \/>\n<meta property=\"og:title\" content=\"Eurecat y la empresa AIRBOX promueven el reciclaje, valorizaci\u00f3n y reutilizaci\u00f3n de equipos de respiraci\u00f3n aut\u00f3noma - Eurecat\" \/>\n<meta property=\"og:url\" content=\"https:\/\/eurecat.org\/es\/eurecat-y-la-empresa-airbox-promueven-el-reciclaje-valorizacion-y-reutilizacion-de-equipos-de-respiracion-autonoma\/\" \/>\n<meta property=\"og:site_name\" content=\"Eurecat\" \/>\n<meta property=\"article:published_time\" content=\"2025-11-14T12:13:42+00:00\" \/>\n<meta property=\"article:modified_time\" content=\"2025-11-14T12:15:17+00:00\" \/>\n<meta property=\"og:image\" content=\"https:\/\/eurecat.org\/wp-content\/uploads\/2025\/11\/AIRBOX.jpg\" \/>\n\t<meta property=\"og:image:width\" content=\"800\" \/>\n\t<meta property=\"og:image:height\" content=\"533\" \/>\n\t<meta property=\"og:image:type\" content=\"image\/jpeg\" \/>\n<meta name=\"author\" content=\"EurecatEQZ\" \/>\n<meta name=\"twitter:card\" content=\"summary_large_image\" \/>\n<meta name=\"twitter:label1\" content=\"Escrito por\" \/>\n\t<meta name=\"twitter:data1\" content=\"EurecatEQZ\" \/>\n\t<meta name=\"twitter:label2\" content=\"Tiempo de lectura\" \/>\n\t<meta name=\"twitter:data2\" content=\"3 minutos\" \/>\n<script type=\"application\/ld+json\" class=\"yoast-schema-graph\">{\"@context\":\"https:\\\/\\\/schema.org\",\"@graph\":[{\"@type\":\"Article\",\"@id\":\"https:\\\/\\\/eurecat.org\\\/es\\\/eurecat-y-la-empresa-airbox-promueven-el-reciclaje-valorizacion-y-reutilizacion-de-equipos-de-respiracion-autonoma\\\/#article\",\"isPartOf\":{\"@id\":\"https:\\\/\\\/eurecat.org\\\/es\\\/eurecat-y-la-empresa-airbox-promueven-el-reciclaje-valorizacion-y-reutilizacion-de-equipos-de-respiracion-autonoma\\\/\"},\"author\":{\"name\":\"EurecatEQZ\",\"@id\":\"https:\\\/\\\/eurecat.org\\\/es\\\/#\\\/schema\\\/person\\\/99d4d39712001e7621b6867b27b40bed\"},\"headline\":\"Eurecat y la empresa AIRBOX promueven el reciclaje, valorizaci\u00f3n y reutilizaci\u00f3n de equipos de respiraci\u00f3n aut\u00f3noma\",\"datePublished\":\"2025-11-14T12:13:42+00:00\",\"dateModified\":\"2025-11-14T12:15:17+00:00\",\"mainEntityOfPage\":{\"@id\":\"https:\\\/\\\/eurecat.org\\\/es\\\/eurecat-y-la-empresa-airbox-promueven-el-reciclaje-valorizacion-y-reutilizacion-de-equipos-de-respiracion-autonoma\\\/\"},\"wordCount\":1516,\"commentCount\":0,\"image\":{\"@id\":\"https:\\\/\\\/eurecat.org\\\/es\\\/eurecat-y-la-empresa-airbox-promueven-el-reciclaje-valorizacion-y-reutilizacion-de-equipos-de-respiracion-autonoma\\\/#primaryimage\"},\"thumbnailUrl\":\"https:\\\/\\\/eurecat.org\\\/wp-content\\\/uploads\\\/2025\\\/11\\\/AIRBOX.jpg\",\"articleSection\":[\"Notas de prensa\",\"WEEI\"],\"inLanguage\":\"es\",\"potentialAction\":[{\"@type\":\"CommentAction\",\"name\":\"Comment\",\"target\":[\"https:\\\/\\\/eurecat.org\\\/es\\\/eurecat-y-la-empresa-airbox-promueven-el-reciclaje-valorizacion-y-reutilizacion-de-equipos-de-respiracion-autonoma\\\/#respond\"]}]},{\"@type\":\"WebPage\",\"@id\":\"https:\\\/\\\/eurecat.org\\\/es\\\/eurecat-y-la-empresa-airbox-promueven-el-reciclaje-valorizacion-y-reutilizacion-de-equipos-de-respiracion-autonoma\\\/\",\"url\":\"https:\\\/\\\/eurecat.org\\\/es\\\/eurecat-y-la-empresa-airbox-promueven-el-reciclaje-valorizacion-y-reutilizacion-de-equipos-de-respiracion-autonoma\\\/\",\"name\":\"Eurecat y la empresa AIRBOX promueven el reciclaje, valorizaci\u00f3n y reutilizaci\u00f3n de equipos de respiraci\u00f3n aut\u00f3noma - Eurecat\",\"isPartOf\":{\"@id\":\"https:\\\/\\\/eurecat.org\\\/es\\\/#website\"},\"primaryImageOfPage\":{\"@id\":\"https:\\\/\\\/eurecat.org\\\/es\\\/eurecat-y-la-empresa-airbox-promueven-el-reciclaje-valorizacion-y-reutilizacion-de-equipos-de-respiracion-autonoma\\\/#primaryimage\"},\"image\":{\"@id\":\"https:\\\/\\\/eurecat.org\\\/es\\\/eurecat-y-la-empresa-airbox-promueven-el-reciclaje-valorizacion-y-reutilizacion-de-equipos-de-respiracion-autonoma\\\/#primaryimage\"},\"thumbnailUrl\":\"https:\\\/\\\/eurecat.org\\\/wp-content\\\/uploads\\\/2025\\\/11\\\/AIRBOX.jpg\",\"datePublished\":\"2025-11-14T12:13:42+00:00\",\"dateModified\":\"2025-11-14T12:15:17+00:00\",\"author\":{\"@id\":\"https:\\\/\\\/eurecat.org\\\/es\\\/#\\\/schema\\\/person\\\/99d4d39712001e7621b6867b27b40bed\"},\"breadcrumb\":{\"@id\":\"https:\\\/\\\/eurecat.org\\\/es\\\/eurecat-y-la-empresa-airbox-promueven-el-reciclaje-valorizacion-y-reutilizacion-de-equipos-de-respiracion-autonoma\\\/#breadcrumb\"},\"inLanguage\":\"es\",\"potentialAction\":[{\"@type\":\"ReadAction\",\"target\":[\"https:\\\/\\\/eurecat.org\\\/es\\\/eurecat-y-la-empresa-airbox-promueven-el-reciclaje-valorizacion-y-reutilizacion-de-equipos-de-respiracion-autonoma\\\/\"]}]},{\"@type\":\"ImageObject\",\"inLanguage\":\"es\",\"@id\":\"https:\\\/\\\/eurecat.org\\\/es\\\/eurecat-y-la-empresa-airbox-promueven-el-reciclaje-valorizacion-y-reutilizacion-de-equipos-de-respiracion-autonoma\\\/#primaryimage\",\"url\":\"https:\\\/\\\/eurecat.org\\\/wp-content\\\/uploads\\\/2025\\\/11\\\/AIRBOX.jpg\",\"contentUrl\":\"https:\\\/\\\/eurecat.org\\\/wp-content\\\/uploads\\\/2025\\\/11\\\/AIRBOX.jpg\",\"width\":800,\"height\":533},{\"@type\":\"BreadcrumbList\",\"@id\":\"https:\\\/\\\/eurecat.org\\\/es\\\/eurecat-y-la-empresa-airbox-promueven-el-reciclaje-valorizacion-y-reutilizacion-de-equipos-de-respiracion-autonoma\\\/#breadcrumb\",\"itemListElement\":[{\"@type\":\"ListItem\",\"position\":1,\"name\":\"Inici\",\"item\":\"https:\\\/\\\/eurecat.org\\\/es\\\/\"},{\"@type\":\"ListItem\",\"position\":2,\"name\":\"Eurecat y la empresa AIRBOX promueven el reciclaje, valorizaci\u00f3n y reutilizaci\u00f3n de equipos de respiraci\u00f3n aut\u00f3noma\"}]},{\"@type\":\"WebSite\",\"@id\":\"https:\\\/\\\/eurecat.org\\\/es\\\/#website\",\"url\":\"https:\\\/\\\/eurecat.org\\\/es\\\/\",\"name\":\"Eurecat\",\"description\":\"Otro sitio realizado con WordPress\",\"potentialAction\":[{\"@type\":\"SearchAction\",\"target\":{\"@type\":\"EntryPoint\",\"urlTemplate\":\"https:\\\/\\\/eurecat.org\\\/es\\\/?s={search_term_string}\"},\"query-input\":{\"@type\":\"PropertyValueSpecification\",\"valueRequired\":true,\"valueName\":\"search_term_string\"}}],\"inLanguage\":\"es\"},{\"@type\":\"Person\",\"@id\":\"https:\\\/\\\/eurecat.org\\\/es\\\/#\\\/schema\\\/person\\\/99d4d39712001e7621b6867b27b40bed\",\"name\":\"EurecatEQZ\",\"image\":{\"@type\":\"ImageObject\",\"inLanguage\":\"es\",\"@id\":\"https:\\\/\\\/secure.gravatar.com\\\/avatar\\\/6deb26ca61bcc34263c59cc62bb8b08ff90b67af7f99943babf5d86396845993?s=96&d=mm&r=g\",\"url\":\"https:\\\/\\\/secure.gravatar.com\\\/avatar\\\/6deb26ca61bcc34263c59cc62bb8b08ff90b67af7f99943babf5d86396845993?s=96&d=mm&r=g\",\"contentUrl\":\"https:\\\/\\\/secure.gravatar.com\\\/avatar\\\/6deb26ca61bcc34263c59cc62bb8b08ff90b67af7f99943babf5d86396845993?s=96&d=mm&r=g\",\"caption\":\"EurecatEQZ\"}}]}<\/script>\n<!-- \/ Yoast SEO plugin. -->","yoast_head_json":{"title":"Eurecat y la empresa AIRBOX promueven el reciclaje, valorizaci\u00f3n y reutilizaci\u00f3n de equipos de respiraci\u00f3n aut\u00f3noma - Eurecat","robots":{"index":"index","follow":"follow","max-snippet":"max-snippet:-1","max-image-preview":"max-image-preview:large","max-video-preview":"max-video-preview:-1"},"canonical":"https:\/\/eurecat.org\/es\/eurecat-y-la-empresa-airbox-promueven-el-reciclaje-valorizacion-y-reutilizacion-de-equipos-de-respiracion-autonoma\/","og_locale":"es_ES","og_type":"article","og_title":"Eurecat y la empresa AIRBOX promueven el reciclaje, valorizaci\u00f3n y reutilizaci\u00f3n de equipos de respiraci\u00f3n aut\u00f3noma - Eurecat","og_url":"https:\/\/eurecat.org\/es\/eurecat-y-la-empresa-airbox-promueven-el-reciclaje-valorizacion-y-reutilizacion-de-equipos-de-respiracion-autonoma\/","og_site_name":"Eurecat","article_published_time":"2025-11-14T12:13:42+00:00","article_modified_time":"2025-11-14T12:15:17+00:00","og_image":[{"width":800,"height":533,"url":"https:\/\/eurecat.org\/wp-content\/uploads\/2025\/11\/AIRBOX.jpg","type":"image\/jpeg"}],"author":"EurecatEQZ","twitter_card":"summary_large_image","twitter_misc":{"Escrito por":"EurecatEQZ","Tiempo de lectura":"3 minutos"},"schema":{"@context":"https:\/\/schema.org","@graph":[{"@type":"Article","@id":"https:\/\/eurecat.org\/es\/eurecat-y-la-empresa-airbox-promueven-el-reciclaje-valorizacion-y-reutilizacion-de-equipos-de-respiracion-autonoma\/#article","isPartOf":{"@id":"https:\/\/eurecat.org\/es\/eurecat-y-la-empresa-airbox-promueven-el-reciclaje-valorizacion-y-reutilizacion-de-equipos-de-respiracion-autonoma\/"},"author":{"name":"EurecatEQZ","@id":"https:\/\/eurecat.org\/es\/#\/schema\/person\/99d4d39712001e7621b6867b27b40bed"},"headline":"Eurecat y la empresa AIRBOX promueven el reciclaje, valorizaci\u00f3n y reutilizaci\u00f3n de equipos de respiraci\u00f3n aut\u00f3noma","datePublished":"2025-11-14T12:13:42+00:00","dateModified":"2025-11-14T12:15:17+00:00","mainEntityOfPage":{"@id":"https:\/\/eurecat.org\/es\/eurecat-y-la-empresa-airbox-promueven-el-reciclaje-valorizacion-y-reutilizacion-de-equipos-de-respiracion-autonoma\/"},"wordCount":1516,"commentCount":0,"image":{"@id":"https:\/\/eurecat.org\/es\/eurecat-y-la-empresa-airbox-promueven-el-reciclaje-valorizacion-y-reutilizacion-de-equipos-de-respiracion-autonoma\/#primaryimage"},"thumbnailUrl":"https:\/\/eurecat.org\/wp-content\/uploads\/2025\/11\/AIRBOX.jpg","articleSection":["Notas de prensa","WEEI"],"inLanguage":"es","potentialAction":[{"@type":"CommentAction","name":"Comment","target":["https:\/\/eurecat.org\/es\/eurecat-y-la-empresa-airbox-promueven-el-reciclaje-valorizacion-y-reutilizacion-de-equipos-de-respiracion-autonoma\/#respond"]}]},{"@type":"WebPage","@id":"https:\/\/eurecat.org\/es\/eurecat-y-la-empresa-airbox-promueven-el-reciclaje-valorizacion-y-reutilizacion-de-equipos-de-respiracion-autonoma\/","url":"https:\/\/eurecat.org\/es\/eurecat-y-la-empresa-airbox-promueven-el-reciclaje-valorizacion-y-reutilizacion-de-equipos-de-respiracion-autonoma\/","name":"Eurecat y la empresa AIRBOX promueven el reciclaje, valorizaci\u00f3n y reutilizaci\u00f3n de equipos de respiraci\u00f3n aut\u00f3noma - Eurecat","isPartOf":{"@id":"https:\/\/eurecat.org\/es\/#website"},"primaryImageOfPage":{"@id":"https:\/\/eurecat.org\/es\/eurecat-y-la-empresa-airbox-promueven-el-reciclaje-valorizacion-y-reutilizacion-de-equipos-de-respiracion-autonoma\/#primaryimage"},"image":{"@id":"https:\/\/eurecat.org\/es\/eurecat-y-la-empresa-airbox-promueven-el-reciclaje-valorizacion-y-reutilizacion-de-equipos-de-respiracion-autonoma\/#primaryimage"},"thumbnailUrl":"https:\/\/eurecat.org\/wp-content\/uploads\/2025\/11\/AIRBOX.jpg","datePublished":"2025-11-14T12:13:42+00:00","dateModified":"2025-11-14T12:15:17+00:00","author":{"@id":"https:\/\/eurecat.org\/es\/#\/schema\/person\/99d4d39712001e7621b6867b27b40bed"},"breadcrumb":{"@id":"https:\/\/eurecat.org\/es\/eurecat-y-la-empresa-airbox-promueven-el-reciclaje-valorizacion-y-reutilizacion-de-equipos-de-respiracion-autonoma\/#breadcrumb"},"inLanguage":"es","potentialAction":[{"@type":"ReadAction","target":["https:\/\/eurecat.org\/es\/eurecat-y-la-empresa-airbox-promueven-el-reciclaje-valorizacion-y-reutilizacion-de-equipos-de-respiracion-autonoma\/"]}]},{"@type":"ImageObject","inLanguage":"es","@id":"https:\/\/eurecat.org\/es\/eurecat-y-la-empresa-airbox-promueven-el-reciclaje-valorizacion-y-reutilizacion-de-equipos-de-respiracion-autonoma\/#primaryimage","url":"https:\/\/eurecat.org\/wp-content\/uploads\/2025\/11\/AIRBOX.jpg","contentUrl":"https:\/\/eurecat.org\/wp-content\/uploads\/2025\/11\/AIRBOX.jpg","width":800,"height":533},{"@type":"BreadcrumbList","@id":"https:\/\/eurecat.org\/es\/eurecat-y-la-empresa-airbox-promueven-el-reciclaje-valorizacion-y-reutilizacion-de-equipos-de-respiracion-autonoma\/#breadcrumb","itemListElement":[{"@type":"ListItem","position":1,"name":"Inici","item":"https:\/\/eurecat.org\/es\/"},{"@type":"ListItem","position":2,"name":"Eurecat y la empresa AIRBOX promueven el reciclaje, valorizaci\u00f3n y reutilizaci\u00f3n de equipos de respiraci\u00f3n aut\u00f3noma"}]},{"@type":"WebSite","@id":"https:\/\/eurecat.org\/es\/#website","url":"https:\/\/eurecat.org\/es\/","name":"Eurecat","description":"Otro sitio realizado con WordPress","potentialAction":[{"@type":"SearchAction","target":{"@type":"EntryPoint","urlTemplate":"https:\/\/eurecat.org\/es\/?s={search_term_string}"},"query-input":{"@type":"PropertyValueSpecification","valueRequired":true,"valueName":"search_term_string"}}],"inLanguage":"es"},{"@type":"Person","@id":"https:\/\/eurecat.org\/es\/#\/schema\/person\/99d4d39712001e7621b6867b27b40bed","name":"EurecatEQZ","image":{"@type":"ImageObject","inLanguage":"es","@id":"https:\/\/secure.gravatar.com\/avatar\/6deb26ca61bcc34263c59cc62bb8b08ff90b67af7f99943babf5d86396845993?s=96&d=mm&r=g","url":"https:\/\/secure.gravatar.com\/avatar\/6deb26ca61bcc34263c59cc62bb8b08ff90b67af7f99943babf5d86396845993?s=96&d=mm&r=g","contentUrl":"https:\/\/secure.gravatar.com\/avatar\/6deb26ca61bcc34263c59cc62bb8b08ff90b67af7f99943babf5d86396845993?s=96&d=mm&r=g","caption":"EurecatEQZ"}}]}},"_links":{"self":[{"href":"https:\/\/eurecat.org\/es\/wp-json\/wp\/v2\/posts\/190206","targetHints":{"allow":["GET"]}}],"collection":[{"href":"https:\/\/eurecat.org\/es\/wp-json\/wp\/v2\/posts"}],"about":[{"href":"https:\/\/eurecat.org\/es\/wp-json\/wp\/v2\/types\/post"}],"author":[{"embeddable":true,"href":"https:\/\/eurecat.org\/es\/wp-json\/wp\/v2\/users\/20"}],"replies":[{"embeddable":true,"href":"https:\/\/eurecat.org\/es\/wp-json\/wp\/v2\/comments?post=190206"}],"version-history":[{"count":1,"href":"https:\/\/eurecat.org\/es\/wp-json\/wp\/v2\/posts\/190206\/revisions"}],"predecessor-version":[{"id":190207,"href":"https:\/\/eurecat.org\/es\/wp-json\/wp\/v2\/posts\/190206\/revisions\/190207"}],"wp:featuredmedia":[{"embeddable":true,"href":"https:\/\/eurecat.org\/es\/wp-json\/wp\/v2\/media\/190204"}],"wp:attachment":[{"href":"https:\/\/eurecat.org\/es\/wp-json\/wp\/v2\/media?parent=190206"}],"wp:term":[{"taxonomy":"category","embeddable":true,"href":"https:\/\/eurecat.org\/es\/wp-json\/wp\/v2\/categories?post=190206"},{"taxonomy":"post_tag","embeddable":true,"href":"https:\/\/eurecat.org\/es\/wp-json\/wp\/v2\/tags?post=190206"}],"curies":[{"name":"wp","href":"https:\/\/api.w.org\/{rel}","templated":true}]}}