{"id":19046,"date":"2016-11-17T14:00:32","date_gmt":"2016-11-17T14:00:32","guid":{"rendered":"http:\/\/eurecat.org\/es\/?p=19046"},"modified":"2017-06-23T12:15:14","modified_gmt":"2017-06-23T12:15:14","slug":"barcelona-flujos-visitantes","status":"publish","type":"post","link":"https:\/\/eurecat.org\/es\/barcelona-flujos-visitantes\/","title":{"rendered":"Barcelona estudia los flujos de visitantes en los alrededores de la Sagrada Familia para mejorar su gesti\u00f3n"},"content":{"rendered":"<blockquote>\n<h1 style=\"text-align: center;\"><span style=\"color: #000000;\"><strong>Barcelona estudia los flujos de visitantes en los alrededores de la Sagrada Familia para mejorar su gesti\u00f3n<\/strong><\/span><\/h1>\n<p>El concejal de Empresa y Turismo, Agust\u00ed Colom, ha presentado un proyecto piloto en el marco de la Smart City Expo que permite obtener informaci\u00f3n detallada sobre el perfil de los visitantes y sus patrones de movilidad<\/p>\n<p>El an\u00e1lisis de los datos permitir\u00e1 planificar y optimizar los servicios para minimizar el impacto sobre el tejido urbano en espacios de elevada frecuentaci\u00f3n tur\u00edstica<\/p>\n<p>Los primeros datos apuntan que un 80% de los turistas \u00fanicamente visita los entornos del templo, y un 50% lo hace durante menos de 40 minutos. De las 10.00 a las 12.00 horas es el momento del d\u00eda de m\u00e1xima afluencia de visitantes<\/p><\/blockquote>\n<p>El concejal de Turismo y Empresa del Ayuntamiento de Barcelona, Agust\u00ed Colom, ha presentado hoy en el marco de la\u00a0<strong><span style=\"color: #800080;\"><a style=\"color: #800080;\" href=\"http:\/\/www.smartcityexpo.com\/\">Smart City Expo 2016<\/a><\/span><\/strong> los primeros resultados de un proyecto piloto para el control de flujos de visitantes que se ha desarrollado alrededor de la Sagrada Familia. Mediante la instalaci\u00f3n de sensores wifi, GSM y c\u00e1maras 3D, se han registrado y monitorizado los desplazamientos durante 4 semanas del mes de julio, para conocer los perfiles y patrones de comportamiento de las personas que visitan el entorno del templo.<\/p>\n<p style=\"text-align: center;\"><img decoding=\"async\" class=\"size-full wp-image-19030 alignnone\" src=\"https:\/\/eurecat.org\/wp-content\/uploads\/2016\/11\/20161116_sagrdaFamilia_02.png\" alt=\"20161116_sagrdafamilia_02\" width=\"393\" height=\"352\" srcset=\"https:\/\/eurecat.org\/wp-content\/uploads\/2016\/11\/20161116_sagrdaFamilia_02-120x107.png 120w, https:\/\/eurecat.org\/wp-content\/uploads\/2016\/11\/20161116_sagrdaFamilia_02-200x179.png 200w, https:\/\/eurecat.org\/wp-content\/uploads\/2016\/11\/20161116_sagrdaFamilia_02-300x269.png 300w, https:\/\/eurecat.org\/wp-content\/uploads\/2016\/11\/20161116_sagrdaFamilia_02.png 393w\" sizes=\"(max-width: 393px) 100vw, 393px\" \/> <img decoding=\"async\" class=\"size-full wp-image-19027 alignnone\" src=\"https:\/\/eurecat.org\/wp-content\/uploads\/2016\/11\/20161116_sagrdaFamilia_01.png\" alt=\"20161116_sagrdafamilia_01\" width=\"383\" height=\"359\" srcset=\"https:\/\/eurecat.org\/wp-content\/uploads\/2016\/11\/20161116_sagrdaFamilia_01-120x112.png 120w, https:\/\/eurecat.org\/wp-content\/uploads\/2016\/11\/20161116_sagrdaFamilia_01-200x187.png 200w, https:\/\/eurecat.org\/wp-content\/uploads\/2016\/11\/20161116_sagrdaFamilia_01-300x281.png 300w, https:\/\/eurecat.org\/wp-content\/uploads\/2016\/11\/20161116_sagrdaFamilia_01.png 383w\" sizes=\"(max-width: 383px) 100vw, 383px\" \/><\/p>\n<p>El proyecto, que se ha desarrollado conjuntamente con <strong>Eurecat<\/strong> y la <strong>Fundaci\u00f3n Mobile World Capital Barcelona<\/strong>, y con el apoyo de GSMA, proporciona \u00abinformaci\u00f3n muy \u00fatil para la planificaci\u00f3n y optimizaci\u00f3n de los servicios p\u00fablicos que se desarrollan en la zona\u00bb, tanto en cuanto a movilidad, se\u00f1alizaci\u00f3n, agentes c\u00edvicos o, por ejemplo, para el lanzamiento de campa\u00f1as espec\u00edficas, ha explicado Colom.<\/p>\n<p>La medida da respuesta a algunos de los objetivos recogidos en el documento de diagn\u00f3stico del Plan Estrat\u00e9gico de Turismo, como el desarrollo de \u00absistemas que permitan conocer en tiempo real los flujos de movilidad con el objetivo de gestionarlos, enderezarse o potenciar espacios de visita\u00bb, as\u00ed como, entre otros,\u00bb implicar a los operadores tur\u00edsticos para integrar los diferentes ritmos, estaciones y temporalidades en la gesti\u00f3n de los espacios m\u00e1s frecuentados\u00bb.<\/p>\n<p>En este sentido, el proyecto debe permitir la generaci\u00f3n de indicadores compartidos que puedan mejorar tambi\u00e9n la oferta tur\u00edstica en materia de gesti\u00f3n de recorridos, horarios, ofertas m\u00e1s personalizadas en funci\u00f3n del origen o el perfil del visitante, etc.<\/p>\n<p>Los primeros resultados obtenidos, que han presentado la directora del programa del \u00e1rea de transformaci\u00f3n digital de la Fundaci\u00f3n Mobile World Capital Barcelona, B\u00e1rbara Vallespin, y el director del Big Data Center of Excellence Barcelona, Marc Torrent, muestran los principales puntos de acceso y salida de los visitantes, siendo la confluencia de las calles Mallorca y Marina la que presenta un mayor flujo de personas circulando.<\/p>\n<p>Un algoritmo permite filtrar cu\u00e1les de estas personas ser\u00edan turistas, descartando aquellas que pasan por la zona durante menos de diez minutos o las que lo hacen de manera repetida durante un per\u00edodo de m\u00e1s de 7 d\u00edas.<\/p>\n<p>Los resultados del an\u00e1lisis indican que el 80% de las personas detectadas en el \u00e1rea monitorizada est\u00e1n durante menos de 100 minutos, mientras que el resto hacen una visita m\u00e1s larga, presumiblemente para que visiten tambi\u00e9n el interior de la bas\u00edlica. De entre los que s\u00f3lo visitan el exterior, el 50% invierte menos de 40 minutos para hacerlo, y un 20% hace una estancia de entre 10 y 20 minutos.<\/p>\n<p>Las horas de mayor afluencia son entre las 10.00 y las 12.00 horas, con un patr\u00f3n muy similar para el conjunto de d\u00edas entre semana. Los viernes, en cambio, se asimilan m\u00e1s el s\u00e1bado y domingo, d\u00edas en los que crece el n\u00famero de visitas durante la tarde.<\/p>\n<p><img decoding=\"async\" class=\"aligncenter size-full wp-image-19033\" src=\"https:\/\/eurecat.org\/wp-content\/uploads\/2016\/11\/20161116_sagrdaFamilia_03.png\" alt=\"20161116_sagrdafamilia_03\" width=\"844\" height=\"416\" srcset=\"https:\/\/eurecat.org\/wp-content\/uploads\/2016\/11\/20161116_sagrdaFamilia_03-120x59.png 120w, https:\/\/eurecat.org\/wp-content\/uploads\/2016\/11\/20161116_sagrdaFamilia_03-200x99.png 200w, https:\/\/eurecat.org\/wp-content\/uploads\/2016\/11\/20161116_sagrdaFamilia_03-300x148.png 300w, https:\/\/eurecat.org\/wp-content\/uploads\/2016\/11\/20161116_sagrdaFamilia_03-400x197.png 400w, https:\/\/eurecat.org\/wp-content\/uploads\/2016\/11\/20161116_sagrdaFamilia_03-500x246.png 500w, https:\/\/eurecat.org\/wp-content\/uploads\/2016\/11\/20161116_sagrdaFamilia_03-600x296.png 600w, https:\/\/eurecat.org\/wp-content\/uploads\/2016\/11\/20161116_sagrdaFamilia_03-768x379.png 768w, https:\/\/eurecat.org\/wp-content\/uploads\/2016\/11\/20161116_sagrdaFamilia_03-800x394.png 800w, https:\/\/eurecat.org\/wp-content\/uploads\/2016\/11\/20161116_sagrdaFamilia_03.png 844w\" sizes=\"(max-width: 844px) 100vw, 844px\" \/><\/p>\n<p>En cuanto al perfil del volumen total de personas detectadas en la zona -sin discriminaci\u00f3n entre turistas o residentes&#8211;, un 24% son de procedencia extranjera, siendo Francia, Italia y Reino Unido los principales or\u00edgenes detectados. En cuanto a las procedencias estatales, excluida la provincia de Barcelona, Madrid encabeza el n\u00famero de visitantes, con un 36,7%, seguida de Tarragona (10%), Girona (7,7%) y Valencia (5,4%).<\/p>\n<p><img decoding=\"async\" class=\"aligncenter size-full wp-image-19036\" src=\"https:\/\/eurecat.org\/wp-content\/uploads\/2016\/11\/20161116_sagrdaFamilia_04.png\" alt=\"20161116_sagrdafamilia_04\" width=\"974\" height=\"508\" srcset=\"https:\/\/eurecat.org\/wp-content\/uploads\/2016\/11\/20161116_sagrdaFamilia_04-120x63.png 120w, https:\/\/eurecat.org\/wp-content\/uploads\/2016\/11\/20161116_sagrdaFamilia_04-200x104.png 200w, https:\/\/eurecat.org\/wp-content\/uploads\/2016\/11\/20161116_sagrdaFamilia_04-300x156.png 300w, https:\/\/eurecat.org\/wp-content\/uploads\/2016\/11\/20161116_sagrdaFamilia_04-400x209.png 400w, https:\/\/eurecat.org\/wp-content\/uploads\/2016\/11\/20161116_sagrdaFamilia_04-500x261.png 500w, https:\/\/eurecat.org\/wp-content\/uploads\/2016\/11\/20161116_sagrdaFamilia_04-600x313.png 600w, https:\/\/eurecat.org\/wp-content\/uploads\/2016\/11\/20161116_sagrdaFamilia_04-768x401.png 768w, https:\/\/eurecat.org\/wp-content\/uploads\/2016\/11\/20161116_sagrdaFamilia_04-800x417.png 800w, https:\/\/eurecat.org\/wp-content\/uploads\/2016\/11\/20161116_sagrdaFamilia_04.png 974w\" sizes=\"(max-width: 974px) 100vw, 974px\" \/><\/p>\n<p>Colom ha remarcado la utilidad del proyecto, que \u00abes potencialmente replicable en otros espacios de alta frecuentaci\u00f3n, y que nos debe permitir mejorar la gobernanza del turismo y la gesti\u00f3n de sus impactos en el tejido urbano\u00bb. Asimismo, \u00abeste es un claro ejemplo de c\u00f3mo podemos situar el desarrollo tecnol\u00f3gico al servicio de la calidad de la vida de la ciudadan\u00eda de Barcelona\u00bb.<\/p>\n","protected":false},"excerpt":{"rendered":"<p>Barcelona estudia los flujos de visitantes en los alrededores de la Sagrada Familia para mejorar su gesti\u00f3n El concejal de Empresa y Turismo, Agust\u00ed Colom, ha presentado un proyecto piloto en el marco de la Smart City Expo que permite obtener informaci\u00f3n detallada sobre el perfil de los visitantes y sus patrones de movilidad El  [&#8230;]<\/p>\n","protected":false},"author":12,"featured_media":19041,"comment_status":"open","ping_status":"closed","sticky":false,"template":"","format":"standard","meta":{"footnotes":""},"categories":[392,134],"tags":[],"class_list":["post-19046","post","type-post","status-publish","format-standard","has-post-thumbnail","hentry","category-big-data-analytics","category-notas-de-prensa"],"yoast_head":"<!-- This site is optimized with the Yoast SEO plugin v27.5 - https:\/\/yoast.com\/product\/yoast-seo-wordpress\/ -->\n<title>Barcelona estudia flujos de visitantes en los alrededores Sagrada Familia<\/title>\n<meta name=\"description\" content=\"Agust\u00ed Colom, ha presentado hoy en el marco de la Smart City Expo 2016 los primeros resultados de un proyecto piloto para el control de flujos de visitantes\" \/>\n<meta name=\"robots\" content=\"index, follow, max-snippet:-1, max-image-preview:large, max-video-preview:-1\" \/>\n<link rel=\"canonical\" href=\"https:\/\/eurecat.org\/es\/barcelona-flujos-visitantes\/\" \/>\n<meta property=\"og:locale\" content=\"es_ES\" \/>\n<meta property=\"og:type\" content=\"article\" \/>\n<meta property=\"og:title\" content=\"Barcelona estudia flujos de visitantes en los alrededores Sagrada Familia\" \/>\n<meta property=\"og:description\" content=\"Agust\u00ed Colom, ha presentado hoy en el marco de la Smart City Expo 2016 los primeros resultados de un proyecto piloto para el control de flujos de visitantes\" \/>\n<meta property=\"og:url\" content=\"https:\/\/eurecat.org\/es\/barcelona-flujos-visitantes\/\" \/>\n<meta property=\"og:site_name\" content=\"Eurecat\" \/>\n<meta property=\"article:published_time\" content=\"2016-11-17T14:00:32+00:00\" \/>\n<meta property=\"article:modified_time\" content=\"2017-06-23T12:15:14+00:00\" \/>\n<meta property=\"og:image\" content=\"https:\/\/eurecat.org\/wp-content\/uploads\/2016\/11\/20161116_sagrdaFamilia.png\" \/>\n\t<meta property=\"og:image:width\" content=\"572\" \/>\n\t<meta property=\"og:image:height\" content=\"569\" \/>\n\t<meta property=\"og:image:type\" content=\"image\/png\" \/>\n<meta name=\"author\" content=\"EurecatEG\" \/>\n<meta name=\"twitter:card\" content=\"summary_large_image\" \/>\n<meta name=\"twitter:label1\" content=\"Escrito por\" \/>\n\t<meta name=\"twitter:data1\" content=\"EurecatEG\" \/>\n\t<meta name=\"twitter:label2\" content=\"Tiempo de lectura\" \/>\n\t<meta name=\"twitter:data2\" content=\"4 minutos\" \/>\n<script type=\"application\/ld+json\" class=\"yoast-schema-graph\">{\"@context\":\"https:\\\/\\\/schema.org\",\"@graph\":[{\"@type\":\"Article\",\"@id\":\"https:\\\/\\\/eurecat.org\\\/es\\\/barcelona-flujos-visitantes\\\/#article\",\"isPartOf\":{\"@id\":\"https:\\\/\\\/eurecat.org\\\/es\\\/barcelona-flujos-visitantes\\\/\"},\"author\":{\"name\":\"EurecatEG\",\"@id\":\"https:\\\/\\\/eurecat.org\\\/es\\\/#\\\/schema\\\/person\\\/def9217eded50ee57a9dc4cf0c883f80\"},\"headline\":\"Barcelona estudia los flujos de visitantes en los alrededores de la Sagrada Familia para mejorar su gesti\u00f3n\",\"datePublished\":\"2016-11-17T14:00:32+00:00\",\"dateModified\":\"2017-06-23T12:15:14+00:00\",\"mainEntityOfPage\":{\"@id\":\"https:\\\/\\\/eurecat.org\\\/es\\\/barcelona-flujos-visitantes\\\/\"},\"wordCount\":784,\"commentCount\":0,\"image\":{\"@id\":\"https:\\\/\\\/eurecat.org\\\/es\\\/barcelona-flujos-visitantes\\\/#primaryimage\"},\"thumbnailUrl\":\"https:\\\/\\\/eurecat.org\\\/wp-content\\\/uploads\\\/2016\\\/11\\\/20161116_sagrdaFamilia.png\",\"articleSection\":[\"Data Science &amp; Big Data Analytics\",\"Notas de prensa\"],\"inLanguage\":\"es\",\"potentialAction\":[{\"@type\":\"CommentAction\",\"name\":\"Comment\",\"target\":[\"https:\\\/\\\/eurecat.org\\\/es\\\/barcelona-flujos-visitantes\\\/#respond\"]}]},{\"@type\":\"WebPage\",\"@id\":\"https:\\\/\\\/eurecat.org\\\/es\\\/barcelona-flujos-visitantes\\\/\",\"url\":\"https:\\\/\\\/eurecat.org\\\/es\\\/barcelona-flujos-visitantes\\\/\",\"name\":\"Barcelona estudia flujos de visitantes en los alrededores Sagrada Familia\",\"isPartOf\":{\"@id\":\"https:\\\/\\\/eurecat.org\\\/es\\\/#website\"},\"primaryImageOfPage\":{\"@id\":\"https:\\\/\\\/eurecat.org\\\/es\\\/barcelona-flujos-visitantes\\\/#primaryimage\"},\"image\":{\"@id\":\"https:\\\/\\\/eurecat.org\\\/es\\\/barcelona-flujos-visitantes\\\/#primaryimage\"},\"thumbnailUrl\":\"https:\\\/\\\/eurecat.org\\\/wp-content\\\/uploads\\\/2016\\\/11\\\/20161116_sagrdaFamilia.png\",\"datePublished\":\"2016-11-17T14:00:32+00:00\",\"dateModified\":\"2017-06-23T12:15:14+00:00\",\"author\":{\"@id\":\"https:\\\/\\\/eurecat.org\\\/es\\\/#\\\/schema\\\/person\\\/def9217eded50ee57a9dc4cf0c883f80\"},\"description\":\"Agust\u00ed Colom, ha presentado hoy en el marco de la Smart City Expo 2016 los primeros resultados de un proyecto piloto para el control de flujos de visitantes\",\"breadcrumb\":{\"@id\":\"https:\\\/\\\/eurecat.org\\\/es\\\/barcelona-flujos-visitantes\\\/#breadcrumb\"},\"inLanguage\":\"es\",\"potentialAction\":[{\"@type\":\"ReadAction\",\"target\":[\"https:\\\/\\\/eurecat.org\\\/es\\\/barcelona-flujos-visitantes\\\/\"]}]},{\"@type\":\"ImageObject\",\"inLanguage\":\"es\",\"@id\":\"https:\\\/\\\/eurecat.org\\\/es\\\/barcelona-flujos-visitantes\\\/#primaryimage\",\"url\":\"https:\\\/\\\/eurecat.org\\\/wp-content\\\/uploads\\\/2016\\\/11\\\/20161116_sagrdaFamilia.png\",\"contentUrl\":\"https:\\\/\\\/eurecat.org\\\/wp-content\\\/uploads\\\/2016\\\/11\\\/20161116_sagrdaFamilia.png\",\"width\":572,\"height\":569},{\"@type\":\"BreadcrumbList\",\"@id\":\"https:\\\/\\\/eurecat.org\\\/es\\\/barcelona-flujos-visitantes\\\/#breadcrumb\",\"itemListElement\":[{\"@type\":\"ListItem\",\"position\":1,\"name\":\"Inici\",\"item\":\"https:\\\/\\\/eurecat.org\\\/es\\\/\"},{\"@type\":\"ListItem\",\"position\":2,\"name\":\"Barcelona estudia los flujos de visitantes en los alrededores de la Sagrada Familia para mejorar su gesti\u00f3n\"}]},{\"@type\":\"WebSite\",\"@id\":\"https:\\\/\\\/eurecat.org\\\/es\\\/#website\",\"url\":\"https:\\\/\\\/eurecat.org\\\/es\\\/\",\"name\":\"Eurecat\",\"description\":\"Otro sitio realizado con WordPress\",\"potentialAction\":[{\"@type\":\"SearchAction\",\"target\":{\"@type\":\"EntryPoint\",\"urlTemplate\":\"https:\\\/\\\/eurecat.org\\\/es\\\/?s={search_term_string}\"},\"query-input\":{\"@type\":\"PropertyValueSpecification\",\"valueRequired\":true,\"valueName\":\"search_term_string\"}}],\"inLanguage\":\"es\"},{\"@type\":\"Person\",\"@id\":\"https:\\\/\\\/eurecat.org\\\/es\\\/#\\\/schema\\\/person\\\/def9217eded50ee57a9dc4cf0c883f80\",\"name\":\"EurecatEG\",\"image\":{\"@type\":\"ImageObject\",\"inLanguage\":\"es\",\"@id\":\"https:\\\/\\\/secure.gravatar.com\\\/avatar\\\/f40dd9b6ecd3e5c591f3c9b033e495ee0ec9877ba77249fbf268b3889350c824?s=96&d=mm&r=g\",\"url\":\"https:\\\/\\\/secure.gravatar.com\\\/avatar\\\/f40dd9b6ecd3e5c591f3c9b033e495ee0ec9877ba77249fbf268b3889350c824?s=96&d=mm&r=g\",\"contentUrl\":\"https:\\\/\\\/secure.gravatar.com\\\/avatar\\\/f40dd9b6ecd3e5c591f3c9b033e495ee0ec9877ba77249fbf268b3889350c824?s=96&d=mm&r=g\",\"caption\":\"EurecatEG\"}}]}<\/script>\n<!-- \/ Yoast SEO plugin. -->","yoast_head_json":{"title":"Barcelona estudia flujos de visitantes en los alrededores Sagrada Familia","description":"Agust\u00ed Colom, ha presentado hoy en el marco de la Smart City Expo 2016 los primeros resultados de un proyecto piloto para el control de flujos de visitantes","robots":{"index":"index","follow":"follow","max-snippet":"max-snippet:-1","max-image-preview":"max-image-preview:large","max-video-preview":"max-video-preview:-1"},"canonical":"https:\/\/eurecat.org\/es\/barcelona-flujos-visitantes\/","og_locale":"es_ES","og_type":"article","og_title":"Barcelona estudia flujos de visitantes en los alrededores Sagrada Familia","og_description":"Agust\u00ed Colom, ha presentado hoy en el marco de la Smart City Expo 2016 los primeros resultados de un proyecto piloto para el control de flujos de visitantes","og_url":"https:\/\/eurecat.org\/es\/barcelona-flujos-visitantes\/","og_site_name":"Eurecat","article_published_time":"2016-11-17T14:00:32+00:00","article_modified_time":"2017-06-23T12:15:14+00:00","og_image":[{"width":572,"height":569,"url":"https:\/\/eurecat.org\/wp-content\/uploads\/2016\/11\/20161116_sagrdaFamilia.png","type":"image\/png"}],"author":"EurecatEG","twitter_card":"summary_large_image","twitter_misc":{"Escrito por":"EurecatEG","Tiempo de lectura":"4 minutos"},"schema":{"@context":"https:\/\/schema.org","@graph":[{"@type":"Article","@id":"https:\/\/eurecat.org\/es\/barcelona-flujos-visitantes\/#article","isPartOf":{"@id":"https:\/\/eurecat.org\/es\/barcelona-flujos-visitantes\/"},"author":{"name":"EurecatEG","@id":"https:\/\/eurecat.org\/es\/#\/schema\/person\/def9217eded50ee57a9dc4cf0c883f80"},"headline":"Barcelona estudia los flujos de visitantes en los alrededores de la Sagrada Familia para mejorar su gesti\u00f3n","datePublished":"2016-11-17T14:00:32+00:00","dateModified":"2017-06-23T12:15:14+00:00","mainEntityOfPage":{"@id":"https:\/\/eurecat.org\/es\/barcelona-flujos-visitantes\/"},"wordCount":784,"commentCount":0,"image":{"@id":"https:\/\/eurecat.org\/es\/barcelona-flujos-visitantes\/#primaryimage"},"thumbnailUrl":"https:\/\/eurecat.org\/wp-content\/uploads\/2016\/11\/20161116_sagrdaFamilia.png","articleSection":["Data Science &amp; Big Data Analytics","Notas de prensa"],"inLanguage":"es","potentialAction":[{"@type":"CommentAction","name":"Comment","target":["https:\/\/eurecat.org\/es\/barcelona-flujos-visitantes\/#respond"]}]},{"@type":"WebPage","@id":"https:\/\/eurecat.org\/es\/barcelona-flujos-visitantes\/","url":"https:\/\/eurecat.org\/es\/barcelona-flujos-visitantes\/","name":"Barcelona estudia flujos de visitantes en los alrededores Sagrada Familia","isPartOf":{"@id":"https:\/\/eurecat.org\/es\/#website"},"primaryImageOfPage":{"@id":"https:\/\/eurecat.org\/es\/barcelona-flujos-visitantes\/#primaryimage"},"image":{"@id":"https:\/\/eurecat.org\/es\/barcelona-flujos-visitantes\/#primaryimage"},"thumbnailUrl":"https:\/\/eurecat.org\/wp-content\/uploads\/2016\/11\/20161116_sagrdaFamilia.png","datePublished":"2016-11-17T14:00:32+00:00","dateModified":"2017-06-23T12:15:14+00:00","author":{"@id":"https:\/\/eurecat.org\/es\/#\/schema\/person\/def9217eded50ee57a9dc4cf0c883f80"},"description":"Agust\u00ed Colom, ha presentado hoy en el marco de la Smart City Expo 2016 los primeros resultados de un proyecto piloto para el control de flujos de visitantes","breadcrumb":{"@id":"https:\/\/eurecat.org\/es\/barcelona-flujos-visitantes\/#breadcrumb"},"inLanguage":"es","potentialAction":[{"@type":"ReadAction","target":["https:\/\/eurecat.org\/es\/barcelona-flujos-visitantes\/"]}]},{"@type":"ImageObject","inLanguage":"es","@id":"https:\/\/eurecat.org\/es\/barcelona-flujos-visitantes\/#primaryimage","url":"https:\/\/eurecat.org\/wp-content\/uploads\/2016\/11\/20161116_sagrdaFamilia.png","contentUrl":"https:\/\/eurecat.org\/wp-content\/uploads\/2016\/11\/20161116_sagrdaFamilia.png","width":572,"height":569},{"@type":"BreadcrumbList","@id":"https:\/\/eurecat.org\/es\/barcelona-flujos-visitantes\/#breadcrumb","itemListElement":[{"@type":"ListItem","position":1,"name":"Inici","item":"https:\/\/eurecat.org\/es\/"},{"@type":"ListItem","position":2,"name":"Barcelona estudia los flujos de visitantes en los alrededores de la Sagrada Familia para mejorar su gesti\u00f3n"}]},{"@type":"WebSite","@id":"https:\/\/eurecat.org\/es\/#website","url":"https:\/\/eurecat.org\/es\/","name":"Eurecat","description":"Otro sitio realizado con WordPress","potentialAction":[{"@type":"SearchAction","target":{"@type":"EntryPoint","urlTemplate":"https:\/\/eurecat.org\/es\/?s={search_term_string}"},"query-input":{"@type":"PropertyValueSpecification","valueRequired":true,"valueName":"search_term_string"}}],"inLanguage":"es"},{"@type":"Person","@id":"https:\/\/eurecat.org\/es\/#\/schema\/person\/def9217eded50ee57a9dc4cf0c883f80","name":"EurecatEG","image":{"@type":"ImageObject","inLanguage":"es","@id":"https:\/\/secure.gravatar.com\/avatar\/f40dd9b6ecd3e5c591f3c9b033e495ee0ec9877ba77249fbf268b3889350c824?s=96&d=mm&r=g","url":"https:\/\/secure.gravatar.com\/avatar\/f40dd9b6ecd3e5c591f3c9b033e495ee0ec9877ba77249fbf268b3889350c824?s=96&d=mm&r=g","contentUrl":"https:\/\/secure.gravatar.com\/avatar\/f40dd9b6ecd3e5c591f3c9b033e495ee0ec9877ba77249fbf268b3889350c824?s=96&d=mm&r=g","caption":"EurecatEG"}}]}},"_links":{"self":[{"href":"https:\/\/eurecat.org\/es\/wp-json\/wp\/v2\/posts\/19046","targetHints":{"allow":["GET"]}}],"collection":[{"href":"https:\/\/eurecat.org\/es\/wp-json\/wp\/v2\/posts"}],"about":[{"href":"https:\/\/eurecat.org\/es\/wp-json\/wp\/v2\/types\/post"}],"author":[{"embeddable":true,"href":"https:\/\/eurecat.org\/es\/wp-json\/wp\/v2\/users\/12"}],"replies":[{"embeddable":true,"href":"https:\/\/eurecat.org\/es\/wp-json\/wp\/v2\/comments?post=19046"}],"version-history":[{"count":0,"href":"https:\/\/eurecat.org\/es\/wp-json\/wp\/v2\/posts\/19046\/revisions"}],"wp:featuredmedia":[{"embeddable":true,"href":"https:\/\/eurecat.org\/es\/wp-json\/wp\/v2\/media\/19041"}],"wp:attachment":[{"href":"https:\/\/eurecat.org\/es\/wp-json\/wp\/v2\/media?parent=19046"}],"wp:term":[{"taxonomy":"category","embeddable":true,"href":"https:\/\/eurecat.org\/es\/wp-json\/wp\/v2\/categories?post=19046"},{"taxonomy":"post_tag","embeddable":true,"href":"https:\/\/eurecat.org\/es\/wp-json\/wp\/v2\/tags?post=19046"}],"curies":[{"name":"wp","href":"https:\/\/api.w.org\/{rel}","templated":true}]}}