{"id":190462,"date":"2025-11-25T15:42:53","date_gmt":"2025-11-25T14:42:53","guid":{"rendered":"https:\/\/eurecat.org\/?p=190462"},"modified":"2025-11-25T15:43:27","modified_gmt":"2025-11-25T14:43:27","slug":"myriam-garcia-berro-damos-servicio-a-la-industria-que-existe-para-que-cada-vez-sea-mas-resiliente-y-productiva-y-favorecemos-la-creacion-de-nueva","status":"publish","type":"post","link":"https:\/\/eurecat.org\/es\/myriam-garcia-berro-damos-servicio-a-la-industria-que-existe-para-que-cada-vez-sea-mas-resiliente-y-productiva-y-favorecemos-la-creacion-de-nueva\/","title":{"rendered":"Myriam Garc\u00eda-Berro: \u201cDamos servicio a la industria que existe para que cada vez sea m\u00e1s resiliente y productiva y favorecemos la creaci\u00f3n de nueva\u201d"},"content":{"rendered":"<div class=\"fusion-fullwidth fullwidth-box fusion-builder-row-1 fusion-flex-container has-pattern-background has-mask-background nonhundred-percent-fullwidth non-hundred-percent-height-scrolling\" style=\"--awb-border-radius-top-left:0px;--awb-border-radius-top-right:0px;--awb-border-radius-bottom-right:0px;--awb-border-radius-bottom-left:0px;--awb-flex-wrap:wrap;\" ><div class=\"fusion-builder-row fusion-row fusion-flex-align-items-flex-start fusion-flex-content-wrap\" style=\"max-width:1424.8px;margin-left: calc(-4% \/ 2 );margin-right: calc(-4% \/ 2 );\"><div class=\"fusion-layout-column fusion_builder_column fusion-builder-column-0 fusion_builder_column_1_1 1_1 fusion-flex-column\" style=\"--awb-bg-size:cover;--awb-width-large:100%;--awb-margin-top-large:0px;--awb-spacing-right-large:1.92%;--awb-margin-bottom-large:20px;--awb-spacing-left-large:1.92%;--awb-width-medium:100%;--awb-order-medium:0;--awb-spacing-right-medium:1.92%;--awb-spacing-left-medium:1.92%;--awb-width-small:100%;--awb-order-small:0;--awb-spacing-right-small:1.92%;--awb-spacing-left-small:1.92%;\"><div class=\"fusion-column-wrapper fusion-column-has-shadow fusion-flex-justify-content-flex-start fusion-content-layout-column\"><div class=\"fusion-text fusion-text-1\"><p>La directora de Investigaci\u00f3n y Tecnolog\u00eda de Eurecat, Myriam Garc\u00eda-Berro, pone de relieve la solvencia tecnol\u00f3gica de Eurecat y su vocaci\u00f3n de dar servicio a la industria para que cada vez sea m\u00e1s resiliente y productiva, adem\u00e1s de impulsar la creaci\u00f3n de nuevo tejido industrial, en una entrevista donde incide en la transformaci\u00f3n que ha iniciado Eurecat para continuar yendo un paso adelante.<\/p>\n<p>Coincidiendo con el nuevo plan estrat\u00e9gico y la primera d\u00e9cada de trayectoria del centro tecnol\u00f3gico, Myriam Garc\u00eda-Berro detalla las ocho misiones tecnol\u00f3gicas que ha definido Eurecat para dar respuesta a los retos globales que se abren alrededor de la salud y el bienestar de las personas, la autonom\u00eda industrial y la soberan\u00eda tecnol\u00f3gica, la resiliencia clim\u00e1tica y la nueva era digital. Para articularlas, explica, Eurecat est\u00e1 formando equipos de alto rendimiento y ampliando infraestructuras en \u00e1mbitos como la inteligencia artificial, la rob\u00f3tica avanzada, los semiconductores, la descarbonizaci\u00f3n, la fermentaci\u00f3n de precisi\u00f3n y la computaci\u00f3n cu\u00e1ntica, como ya lo hizo hace unos a\u00f1os en la esfera del cambio clim\u00e1tico o con tecnolog\u00edas como la plastr\u00f3nica.<\/p>\n<p><strong>\u00bfC\u00f3mo definir\u00edas la actividad de Eurecat coincidiendo con la primera d\u00e9cada de trayectoria del centro?<\/strong><\/p>\n<p>Eurecat, en 10 a\u00f1os, se ha consolidado como centro tecnol\u00f3gico y hemos conseguido ser conocidos y reconocidos por las cosas que hacemos, por el impacto que tenemos en el tejido industrial y por nuestra forma de trabajar en ecosistema y en colaboraci\u00f3n, tanto con empresas como con agentes de investigaci\u00f3n y universidades. Ahora, pasados diez a\u00f1os, en el marco del nuevo plan estrat\u00e9gico, estamos evolucionando para adaptarnos y seguir yendo un paso adelante, porque las tecnolog\u00edas y las demandas industriales van muy deprisa. Y para ir un paso por delante, hay una serie de tecnolog\u00edas donde pensamos que tenemos que estar y que requieren un alto nivel de multidisciplinariedad, para abordarlas con solvencia tecnol\u00f3gica, como hemos ido haciendo los \u00faltimos a\u00f1os. A m\u00ed me gusta decir que Eurecat es reconocido, no solo por decir aquello que hace, sino porque realmente hace las cosas con impacto y resultados, con solvencia tecnol\u00f3gica.<\/p>\n<p><strong>\u00bfDe qu\u00e9 manera identifica y aborda Eurecat estas tecnolog\u00edas de vanguardia que necesitar\u00e1n las empresas para anticiparse al mercado?<\/strong><\/p>\n<p>Tenemos detectadas una serie de tendencias tecnol\u00f3gicas que requieren un alto nivel de multidisciplinariedad, alineadas con las misiones tecnol\u00f3gicas que nos hemos fijado, porque hay \u00e1mbitos que sabemos que tendr\u00e1n gran impacto a medio plazo, como son la computaci\u00f3n cu\u00e1ntica, la IA generativa, la descarbonizaci\u00f3n, la rob\u00f3tica avanzada o los semiconductores. Son tecnolog\u00edas que tenemos que abordar de forma pluridisciplinar dentro de Eurecat, pero tambi\u00e9n en colaboraci\u00f3n con todo el ecosistema para poder hacer adelantos r\u00e1pidos. Por lo tanto, lo que nosotros pretendemos es detectar y formar grupos de alto rendimiento con conocimientos tecnol\u00f3gicos muy diferentes y que realmente nos permitan avanzar m\u00e1s r\u00e1pidamente.<\/p>\n<p><strong>\u00bfCu\u00e1l es el enfoque de Eurecat para ofrecer soluciones reales a la industria?<\/strong><\/p>\n<p>La idea es que cuando el tejido industrial tenga estas necesidades, nosotros tengamos suficiente conocimiento. En el pasado, definimos los proyectos flagship para una serie de tem\u00e1ticas determinadas, en las cuales, en la gran mayor\u00eda, hemos acontecido referentes, como la rob\u00f3tica cognitiva, la plastr\u00f3nica, el agua, la IA industrial o la nutrici\u00f3n de precisi\u00f3n. Son disciplinas en que hemos dado un paso adelante muy r\u00e1pido y tenemos prestigio. Pero hay donde no solo necesitamos tener los equipos de alto rendimiento multidisciplinarios, sino que tambi\u00e9n necesitamos tener infraestructuras tecnol\u00f3gicas de primer nivel. En este sentido, por ejemplo, estamos impulsando mucho la computaci\u00f3n cu\u00e1ntica. Estamos creando un Quantum Lab, en el que tendremos un emulador cu\u00e1ntico y un digital annealer, que son infraestructuras realmente muy avanzadas, con las cuales experimentaremos y generaremos conocimiento en colaboraci\u00f3n con otros agentes del ecosistema internacional y nacional, para despu\u00e9s poder trabajar y generar impacto en las empresas. Del mismo modo, en otros \u00e1mbitos, como, por ejemplo, la rob\u00f3tica, la descarbonizaci\u00f3n y la fermentaci\u00f3n de precisi\u00f3n estamos trabajando para tener infraestructuras cient\u00edficas singulares.<\/p>\n<p><strong>\u00bfCu\u00e1les son las perspectivas de aplicaci\u00f3n de estas nuevas tecnolog\u00edas y capacidades?<\/strong><\/p>\n<p>La capacidad que tiene Eurecat de desarrollar nuevas tecnolog\u00edas es diferencial. No hablo solo de la capacidad de utilizar la tecnolog\u00eda, sino tambi\u00e9n de generar nuevos activos tecnol\u00f3gicos, productos y procesos de manufactura que dan pie a la creaci\u00f3n de una nueva empresa de base tecnol\u00f3gica. De forma paralela, tenemos que apoyar a la industria ya existente para que sea completamente digitalizada y sostenible. Hay un concepto tambi\u00e9n que es muy importante y es la capacidad y el conocimiento que tiene Eurecat para acompa\u00f1ar a las empresas de nueva creaci\u00f3n en el proceso de industrializaci\u00f3n de los nuevos productos, para que lleguen a mercado tienen que superar un paso que es muy delicado y que, a veces, no se tiene suficientemente en cuenta cuando es el momento de generar nuevas industrias, nuevas empresas o nuevos productos.<\/p>\n<p><strong>La rob\u00f3tica es uno de los \u00e1mbitos donde Eurecat es puntero. \u00bfHacia donde se orientar\u00e1 en los pr\u00f3ximos a\u00f1os?<\/strong><\/p>\n<p>Hace unos a\u00f1os hicimos una apuesta decidida por la rob\u00f3tica cognitiva, sumando nuestros conocimientos de rob\u00f3tica avanzada e IA. Hoy en d\u00eda, podemos decir que somos un referente internacional en este \u00e1mbito, especialmente en sectores como la rob\u00f3tica agr\u00edcola y la rob\u00f3tica asistencial. Esta din\u00e1mica la acompa\u00f1aremos tambi\u00e9n de unas infraestructuras tecnol\u00f3gicas de primer nivel, con la creaci\u00f3n de un AI &amp; Robotics Innovation Lab donde las empresas podr\u00e1n desarrollar sus proyectos de rob\u00f3tica avanzada.<\/p>\n<p><strong>\u00bfDesde qu\u00e9 perspectiva aborda Eurecat la innovaci\u00f3n en descarbonizaci\u00f3n?<\/strong><\/p>\n<p>Estamos trabajando desde un punto de vista muy multidisciplinario. Lo estamos haciendo en ecosistema, colaborando con otros agentes de investigaci\u00f3n, industrial y administraciones p\u00fablicas. Estamos trabajando para tener infraestructuras como plantas piloto de descarbonizaci\u00f3n donde las empresas puedan experimentar sus rutas para implementarlas, para activar una descarbonizaci\u00f3n efectiva dentro de sus empresas. Tambi\u00e9n estamos avanzando para probar, testar y llevar a uso de las empresas, tecnolog\u00edas avanzadas de pir\u00f3lisis, por ejemplo.<\/p>\n<p><strong>\u00bfC\u00f3mo se articular\u00e1 la misi\u00f3n tecnol\u00f3gica m\u00e1s centrada en la salud y bienestar?<\/strong><\/p>\n<p>Hace tiempo que trabajamos en la personalizaci\u00f3n de la nutrici\u00f3n, pero en el \u00e1mbito de la salud queremos ir un paso m\u00e1s all\u00e1, desarrollando tecnolog\u00eda para tener cuidado de las personas con una personalizaci\u00f3n extrema a lo largo de toda su vida, desde que nacen hasta que son mayores, adaptando todas las estrategias de salud tanto de prevenci\u00f3n como de cuidado, en cada etapa de la vida, tanto si son beb\u00e9s como adolescentes, mujeres en la etapa de la menopausia o personas en envejecimiento o deterioro cognitivo. Eurecat quiere desarrollar tecnolog\u00eda para conseguir una atenci\u00f3n sanitaria personalizada, participativa, predictiva y preventiva. Uno de los objetivos que nos hemos marcado es desarrollar soluciones en el \u00e1mbito de la salud mental, que tiene un abordaje multidisciplinar, con influencia de temas sociales, de alimentaci\u00f3n o neurol\u00f3gicos.<\/p>\n<p><strong>\u00bfQu\u00e9 tipos de proyectos priorizar\u00e1 Eurecat en el campo de la inteligencia artificial?<\/strong><\/p>\n<p>Hemos tenido un boom de demanda de como la IA generativa puede impactar en el d\u00eda a d\u00eda del funcionamiento de las empresas y tambi\u00e9n de las personas. Esto, sin duda, tiene mucho impacto, pero no nos tenemos que olvidar que la IA convencional todav\u00eda tiene mucho recorrido para el desarrollo de estrategias avanzadas para la productividad de las empresas. En Eurecat somos referentes en IA aplicada en entornos industriales. Nuestro background tan potente de trabajar con industrias y con empresas hace que podamos abordar una disciplina como la inteligencia artificial, porque conocemos perfectamente el dominio de aplicaci\u00f3n, como funciona una f\u00e1brica, como funciona una depuradora, como funcionan los flujos en una empresa industrial, mezclando los expertos de dominio con los matem\u00e1ticos y los desarrolladores de algoritmos. Formamos equipos de alto rendimiento que han hecho que 500 empresas han sido clientes de proyectos reales e implementados de inteligencia artificial en la industria. A pesar de que hay ahora el boom de la IA generativa, pienso que tenemos que continuar avanzando en la IA convencional aplicada y con impacto en la industria, en el d\u00eda a d\u00eda de las empresas y en sus procesos. Y tambi\u00e9n integrar esta IA generativa que puede permitir un incremento sin precedentes de la productividad.<\/p>\n<p><strong>\u00bfC\u00f3mo enfoca Eurecat los cambios en inteligencia artificial y aspectos como el impacto de la EU IA Act?<\/strong><\/p>\n<p>Tenemos que continuar trabajando en temas como el impacto que tiene la IA y estar preparados para hacer frente a una directiva que est\u00e1 condicionando mucho el despliegue de la inteligencia artificial en Europa como es la EU IA Act con el fin de que los algoritmos sean confiables y explicables. Otro aspecto donde creo que tenemos que avanzar fuerte en el futuro es el de la desinformaci\u00f3n y sobre todo como impacta en la sociedad. Hay dos temas que, para m\u00ed, son muy importantes y que son la seguridad y la ciberseguridad. Con la extensi\u00f3n de tecnolog\u00edas como la IA generativa, la desinformaci\u00f3n tendr\u00e1 una importancia cada vez m\u00e1s crucial y tenemos que desarrollar tecnolog\u00eda para que podamos tener seguridad y ciberseguridad y que no nos afecte la desinformaci\u00f3n.<\/p>\n<p><strong>\u00bfCu\u00e1l es el papel de Eurecat desde el punto de vista de la soberan\u00eda tecnol\u00f3gica?<\/strong><\/p>\n<p>Europa vive una etapa donde se ha visto amenazada en t\u00e9rminos de soberan\u00eda tecnol\u00f3gica y de dependencia del exterior en cuestiones tan relevantes como son las materias primas cr\u00edticas. Son dos cosas separadas, pero que afectan mucho la soberan\u00eda tecnol\u00f3gica y que queremos tener como pa\u00eds. En el caso de los semiconductores, ya tenemos competencias en manufacturing, materiales, recubrimientos, fot\u00f3nica y microelectr\u00f3nica y ahora crearemos un equipo de alto rendimiento para conseguir hacer frente a este reto de manera acelerada.<\/p>\n<p><strong>\u00bfCu\u00e1l es la investigaci\u00f3n de Eurecat en el campo de las materias primas cr\u00edticas?<\/strong><\/p>\n<p>Estamos trabajando en asegurar la disponibilidad de materias primas cr\u00edticas, unos recursos que var\u00edan dependiendo del pa\u00eds o de la zona del planeta. Esta dependencia ya se est\u00e1 viendo con la geopol\u00edtica mundial y tambi\u00e9n en la preocupaci\u00f3n que hay para tener asegurada la provisi\u00f3n. En Eurecat trabajamos en la recuperaci\u00f3n de estas materias, que son esenciales para las bater\u00edas por ejemplo, y en m\u00e9todos eficientes para su recuperaci\u00f3n y trazabilidad.<\/p>\n<p><strong>Estos desaf\u00edos requieren tambi\u00e9n contar con mucho de talento, \u00bfcu\u00e1l es la visi\u00f3n de Eurecat para atraerlo y retenerlo?<\/strong><\/p>\n<p>S\u00ed, aparte de crear estos grupos de alto rendimiento, necesitamos empoderar mucho a las personas con talento, para que se formen en estos conceptos y con esta mentalidad diferente de cambiar las cosas.<\/p>\n<p><strong>\u00bfCu\u00e1les son las prioridades en las tecnolog\u00edas vinculadas al planeta?<\/strong><\/p>\n<p>Queremos contribuir a un planeta limpio y descarbonizado, con un uso eficiente y circular de los recursos. Tambi\u00e9n desarrollamos tecnolog\u00eda para la gesti\u00f3n del agua, la circularidad y para la recuperaci\u00f3n. En el \u00e1mbito del cambio clim\u00e1tico, ya hace algunos a\u00f1os impulsamos el Centro en Resiliencia Clim\u00e1tica y hemos creado una unidad tecnol\u00f3gica espec\u00edfica en soluciones clim\u00e1ticas. Nuestro abordaje a este tema es multidisciplinar, puesto que tratamos con tecnolog\u00edas muy diferentes, desde biorremediaci\u00f3n hasta tratamiento de datos de observaci\u00f3n de la Tierra.<\/p>\n<p><strong>\u00bfQu\u00e9 sentido que hay detr\u00e1s de las misiones tecnol\u00f3gicas que se ha fijado Eurecat?<\/strong><\/p>\n<p>Las misiones tecnol\u00f3gicas de Eurecat permiten impulsar conceptos nuevos y que la gente se sienta parte de que est\u00e1n cambiando las cosas. En conjunto, abordar\u00e1n la innovaci\u00f3n en prevenci\u00f3n y atenci\u00f3n personalizada y el impulso de adelantos revolucionarios para mejorar la salud mental y cognitiva y la aplicaci\u00f3n de nuevos paradigmas computacionales para dise\u00f1ar la pr\u00f3xima generaci\u00f3n de experiencias digitales y soluciones industriales sostenibles. El fomento de una sociedad m\u00e1s inclusiva y justa garantizando que los nuevos m\u00e9todos computacionales incrementen la seguridad a todos los niveles y el impulso de los desarrollos tecnol\u00f3gicos propios que generen nuevas iniciativas para reforzar el liderazgo industrial son otras de las misiones, junto con la transformaci\u00f3n de la industria existente para hacerla resiliente, competitiva y sostenible y la aceleraci\u00f3n de la descarbonizaci\u00f3n de los procesos industriales para reducir la huella ecol\u00f3gica y mitigar el cambio clim\u00e1tico, garantizar una gesti\u00f3n circular de recursos escasos y cr\u00edticos, la restauraci\u00f3n medioambiental y la biodiversidad.<\/p>\n<\/div><\/div><\/div><\/div><\/div>\n","protected":false},"excerpt":{"rendered":"","protected":false},"author":20,"featured_media":190461,"comment_status":"open","ping_status":"closed","sticky":false,"template":"","format":"standard","meta":{"footnotes":""},"categories":[133],"tags":[],"class_list":["post-190462","post","type-post","status-publish","format-standard","has-post-thumbnail","hentry","category-blog"],"yoast_head":"<!-- This site is optimized with the Yoast SEO plugin v27.5 - https:\/\/yoast.com\/product\/yoast-seo-wordpress\/ -->\n<title>Myriam Garc\u00eda-Berro: \u201cDamos servicio a la industria que existe para que cada vez sea m\u00e1s resiliente y productiva y favorecemos la creaci\u00f3n de nueva\u201d - Eurecat<\/title>\n<meta name=\"robots\" content=\"index, follow, max-snippet:-1, max-image-preview:large, max-video-preview:-1\" \/>\n<link rel=\"canonical\" href=\"https:\/\/eurecat.org\/es\/myriam-garcia-berro-damos-servicio-a-la-industria-que-existe-para-que-cada-vez-sea-mas-resiliente-y-productiva-y-favorecemos-la-creacion-de-nueva\/\" \/>\n<meta property=\"og:locale\" content=\"es_ES\" \/>\n<meta property=\"og:type\" content=\"article\" \/>\n<meta property=\"og:title\" content=\"Myriam Garc\u00eda-Berro: \u201cDamos servicio a la industria que existe para que cada vez sea m\u00e1s resiliente y productiva y favorecemos la creaci\u00f3n de nueva\u201d - Eurecat\" \/>\n<meta property=\"og:url\" content=\"https:\/\/eurecat.org\/es\/myriam-garcia-berro-damos-servicio-a-la-industria-que-existe-para-que-cada-vez-sea-mas-resiliente-y-productiva-y-favorecemos-la-creacion-de-nueva\/\" \/>\n<meta property=\"og:site_name\" content=\"Eurecat\" \/>\n<meta property=\"article:published_time\" content=\"2025-11-25T14:42:53+00:00\" \/>\n<meta property=\"article:modified_time\" content=\"2025-11-25T14:43:27+00:00\" \/>\n<meta property=\"og:image\" content=\"https:\/\/eurecat.org\/wp-content\/uploads\/2025\/11\/MYRIAM-GARCIA-BERRO_800PX.jpg\" \/>\n\t<meta property=\"og:image:width\" content=\"800\" \/>\n\t<meta property=\"og:image:height\" content=\"533\" \/>\n\t<meta property=\"og:image:type\" content=\"image\/jpeg\" \/>\n<meta name=\"author\" content=\"EurecatEQZ\" \/>\n<meta name=\"twitter:card\" content=\"summary_large_image\" \/>\n<meta name=\"twitter:label1\" content=\"Escrito por\" \/>\n\t<meta name=\"twitter:data1\" content=\"EurecatEQZ\" \/>\n\t<meta name=\"twitter:label2\" content=\"Tiempo de lectura\" \/>\n\t<meta name=\"twitter:data2\" content=\"12 minutos\" \/>\n<script type=\"application\/ld+json\" class=\"yoast-schema-graph\">{\"@context\":\"https:\\\/\\\/schema.org\",\"@graph\":[{\"@type\":\"Article\",\"@id\":\"https:\\\/\\\/eurecat.org\\\/es\\\/myriam-garcia-berro-damos-servicio-a-la-industria-que-existe-para-que-cada-vez-sea-mas-resiliente-y-productiva-y-favorecemos-la-creacion-de-nueva\\\/#article\",\"isPartOf\":{\"@id\":\"https:\\\/\\\/eurecat.org\\\/es\\\/myriam-garcia-berro-damos-servicio-a-la-industria-que-existe-para-que-cada-vez-sea-mas-resiliente-y-productiva-y-favorecemos-la-creacion-de-nueva\\\/\"},\"author\":{\"name\":\"EurecatEQZ\",\"@id\":\"https:\\\/\\\/eurecat.org\\\/es\\\/#\\\/schema\\\/person\\\/99d4d39712001e7621b6867b27b40bed\"},\"headline\":\"Myriam Garc\u00eda-Berro: \u201cDamos servicio a la industria que existe para que cada vez sea m\u00e1s resiliente y productiva y favorecemos la creaci\u00f3n de nueva\u201d\",\"datePublished\":\"2025-11-25T14:42:53+00:00\",\"dateModified\":\"2025-11-25T14:43:27+00:00\",\"mainEntityOfPage\":{\"@id\":\"https:\\\/\\\/eurecat.org\\\/es\\\/myriam-garcia-berro-damos-servicio-a-la-industria-que-existe-para-que-cada-vez-sea-mas-resiliente-y-productiva-y-favorecemos-la-creacion-de-nueva\\\/\"},\"wordCount\":3350,\"commentCount\":0,\"image\":{\"@id\":\"https:\\\/\\\/eurecat.org\\\/es\\\/myriam-garcia-berro-damos-servicio-a-la-industria-que-existe-para-que-cada-vez-sea-mas-resiliente-y-productiva-y-favorecemos-la-creacion-de-nueva\\\/#primaryimage\"},\"thumbnailUrl\":\"https:\\\/\\\/eurecat.org\\\/wp-content\\\/uploads\\\/2025\\\/11\\\/MYRIAM-GARCIA-BERRO_800PX.jpg\",\"articleSection\":[\"Blog\"],\"inLanguage\":\"es\",\"potentialAction\":[{\"@type\":\"CommentAction\",\"name\":\"Comment\",\"target\":[\"https:\\\/\\\/eurecat.org\\\/es\\\/myriam-garcia-berro-damos-servicio-a-la-industria-que-existe-para-que-cada-vez-sea-mas-resiliente-y-productiva-y-favorecemos-la-creacion-de-nueva\\\/#respond\"]}]},{\"@type\":\"WebPage\",\"@id\":\"https:\\\/\\\/eurecat.org\\\/es\\\/myriam-garcia-berro-damos-servicio-a-la-industria-que-existe-para-que-cada-vez-sea-mas-resiliente-y-productiva-y-favorecemos-la-creacion-de-nueva\\\/\",\"url\":\"https:\\\/\\\/eurecat.org\\\/es\\\/myriam-garcia-berro-damos-servicio-a-la-industria-que-existe-para-que-cada-vez-sea-mas-resiliente-y-productiva-y-favorecemos-la-creacion-de-nueva\\\/\",\"name\":\"Myriam Garc\u00eda-Berro: \u201cDamos servicio a la industria que existe para que cada vez sea m\u00e1s resiliente y productiva y favorecemos la creaci\u00f3n de nueva\u201d - Eurecat\",\"isPartOf\":{\"@id\":\"https:\\\/\\\/eurecat.org\\\/es\\\/#website\"},\"primaryImageOfPage\":{\"@id\":\"https:\\\/\\\/eurecat.org\\\/es\\\/myriam-garcia-berro-damos-servicio-a-la-industria-que-existe-para-que-cada-vez-sea-mas-resiliente-y-productiva-y-favorecemos-la-creacion-de-nueva\\\/#primaryimage\"},\"image\":{\"@id\":\"https:\\\/\\\/eurecat.org\\\/es\\\/myriam-garcia-berro-damos-servicio-a-la-industria-que-existe-para-que-cada-vez-sea-mas-resiliente-y-productiva-y-favorecemos-la-creacion-de-nueva\\\/#primaryimage\"},\"thumbnailUrl\":\"https:\\\/\\\/eurecat.org\\\/wp-content\\\/uploads\\\/2025\\\/11\\\/MYRIAM-GARCIA-BERRO_800PX.jpg\",\"datePublished\":\"2025-11-25T14:42:53+00:00\",\"dateModified\":\"2025-11-25T14:43:27+00:00\",\"author\":{\"@id\":\"https:\\\/\\\/eurecat.org\\\/es\\\/#\\\/schema\\\/person\\\/99d4d39712001e7621b6867b27b40bed\"},\"breadcrumb\":{\"@id\":\"https:\\\/\\\/eurecat.org\\\/es\\\/myriam-garcia-berro-damos-servicio-a-la-industria-que-existe-para-que-cada-vez-sea-mas-resiliente-y-productiva-y-favorecemos-la-creacion-de-nueva\\\/#breadcrumb\"},\"inLanguage\":\"es\",\"potentialAction\":[{\"@type\":\"ReadAction\",\"target\":[\"https:\\\/\\\/eurecat.org\\\/es\\\/myriam-garcia-berro-damos-servicio-a-la-industria-que-existe-para-que-cada-vez-sea-mas-resiliente-y-productiva-y-favorecemos-la-creacion-de-nueva\\\/\"]}]},{\"@type\":\"ImageObject\",\"inLanguage\":\"es\",\"@id\":\"https:\\\/\\\/eurecat.org\\\/es\\\/myriam-garcia-berro-damos-servicio-a-la-industria-que-existe-para-que-cada-vez-sea-mas-resiliente-y-productiva-y-favorecemos-la-creacion-de-nueva\\\/#primaryimage\",\"url\":\"https:\\\/\\\/eurecat.org\\\/wp-content\\\/uploads\\\/2025\\\/11\\\/MYRIAM-GARCIA-BERRO_800PX.jpg\",\"contentUrl\":\"https:\\\/\\\/eurecat.org\\\/wp-content\\\/uploads\\\/2025\\\/11\\\/MYRIAM-GARCIA-BERRO_800PX.jpg\",\"width\":800,\"height\":533},{\"@type\":\"BreadcrumbList\",\"@id\":\"https:\\\/\\\/eurecat.org\\\/es\\\/myriam-garcia-berro-damos-servicio-a-la-industria-que-existe-para-que-cada-vez-sea-mas-resiliente-y-productiva-y-favorecemos-la-creacion-de-nueva\\\/#breadcrumb\",\"itemListElement\":[{\"@type\":\"ListItem\",\"position\":1,\"name\":\"Inici\",\"item\":\"https:\\\/\\\/eurecat.org\\\/es\\\/\"},{\"@type\":\"ListItem\",\"position\":2,\"name\":\"Myriam Garc\u00eda-Berro: \u201cDamos servicio a la industria que existe para que cada vez sea m\u00e1s resiliente y productiva y favorecemos la creaci\u00f3n de nueva\u201d\"}]},{\"@type\":\"WebSite\",\"@id\":\"https:\\\/\\\/eurecat.org\\\/es\\\/#website\",\"url\":\"https:\\\/\\\/eurecat.org\\\/es\\\/\",\"name\":\"Eurecat\",\"description\":\"Otro sitio realizado con WordPress\",\"potentialAction\":[{\"@type\":\"SearchAction\",\"target\":{\"@type\":\"EntryPoint\",\"urlTemplate\":\"https:\\\/\\\/eurecat.org\\\/es\\\/?s={search_term_string}\"},\"query-input\":{\"@type\":\"PropertyValueSpecification\",\"valueRequired\":true,\"valueName\":\"search_term_string\"}}],\"inLanguage\":\"es\"},{\"@type\":\"Person\",\"@id\":\"https:\\\/\\\/eurecat.org\\\/es\\\/#\\\/schema\\\/person\\\/99d4d39712001e7621b6867b27b40bed\",\"name\":\"EurecatEQZ\",\"image\":{\"@type\":\"ImageObject\",\"inLanguage\":\"es\",\"@id\":\"https:\\\/\\\/secure.gravatar.com\\\/avatar\\\/6deb26ca61bcc34263c59cc62bb8b08ff90b67af7f99943babf5d86396845993?s=96&d=mm&r=g\",\"url\":\"https:\\\/\\\/secure.gravatar.com\\\/avatar\\\/6deb26ca61bcc34263c59cc62bb8b08ff90b67af7f99943babf5d86396845993?s=96&d=mm&r=g\",\"contentUrl\":\"https:\\\/\\\/secure.gravatar.com\\\/avatar\\\/6deb26ca61bcc34263c59cc62bb8b08ff90b67af7f99943babf5d86396845993?s=96&d=mm&r=g\",\"caption\":\"EurecatEQZ\"}}]}<\/script>\n<!-- \/ Yoast SEO plugin. -->","yoast_head_json":{"title":"Myriam Garc\u00eda-Berro: \u201cDamos servicio a la industria que existe para que cada vez sea m\u00e1s resiliente y productiva y favorecemos la creaci\u00f3n de nueva\u201d - Eurecat","robots":{"index":"index","follow":"follow","max-snippet":"max-snippet:-1","max-image-preview":"max-image-preview:large","max-video-preview":"max-video-preview:-1"},"canonical":"https:\/\/eurecat.org\/es\/myriam-garcia-berro-damos-servicio-a-la-industria-que-existe-para-que-cada-vez-sea-mas-resiliente-y-productiva-y-favorecemos-la-creacion-de-nueva\/","og_locale":"es_ES","og_type":"article","og_title":"Myriam Garc\u00eda-Berro: \u201cDamos servicio a la industria que existe para que cada vez sea m\u00e1s resiliente y productiva y favorecemos la creaci\u00f3n de nueva\u201d - Eurecat","og_url":"https:\/\/eurecat.org\/es\/myriam-garcia-berro-damos-servicio-a-la-industria-que-existe-para-que-cada-vez-sea-mas-resiliente-y-productiva-y-favorecemos-la-creacion-de-nueva\/","og_site_name":"Eurecat","article_published_time":"2025-11-25T14:42:53+00:00","article_modified_time":"2025-11-25T14:43:27+00:00","og_image":[{"width":800,"height":533,"url":"https:\/\/eurecat.org\/wp-content\/uploads\/2025\/11\/MYRIAM-GARCIA-BERRO_800PX.jpg","type":"image\/jpeg"}],"author":"EurecatEQZ","twitter_card":"summary_large_image","twitter_misc":{"Escrito por":"EurecatEQZ","Tiempo de lectura":"12 minutos"},"schema":{"@context":"https:\/\/schema.org","@graph":[{"@type":"Article","@id":"https:\/\/eurecat.org\/es\/myriam-garcia-berro-damos-servicio-a-la-industria-que-existe-para-que-cada-vez-sea-mas-resiliente-y-productiva-y-favorecemos-la-creacion-de-nueva\/#article","isPartOf":{"@id":"https:\/\/eurecat.org\/es\/myriam-garcia-berro-damos-servicio-a-la-industria-que-existe-para-que-cada-vez-sea-mas-resiliente-y-productiva-y-favorecemos-la-creacion-de-nueva\/"},"author":{"name":"EurecatEQZ","@id":"https:\/\/eurecat.org\/es\/#\/schema\/person\/99d4d39712001e7621b6867b27b40bed"},"headline":"Myriam Garc\u00eda-Berro: \u201cDamos servicio a la industria que existe para que cada vez sea m\u00e1s resiliente y productiva y favorecemos la creaci\u00f3n de nueva\u201d","datePublished":"2025-11-25T14:42:53+00:00","dateModified":"2025-11-25T14:43:27+00:00","mainEntityOfPage":{"@id":"https:\/\/eurecat.org\/es\/myriam-garcia-berro-damos-servicio-a-la-industria-que-existe-para-que-cada-vez-sea-mas-resiliente-y-productiva-y-favorecemos-la-creacion-de-nueva\/"},"wordCount":3350,"commentCount":0,"image":{"@id":"https:\/\/eurecat.org\/es\/myriam-garcia-berro-damos-servicio-a-la-industria-que-existe-para-que-cada-vez-sea-mas-resiliente-y-productiva-y-favorecemos-la-creacion-de-nueva\/#primaryimage"},"thumbnailUrl":"https:\/\/eurecat.org\/wp-content\/uploads\/2025\/11\/MYRIAM-GARCIA-BERRO_800PX.jpg","articleSection":["Blog"],"inLanguage":"es","potentialAction":[{"@type":"CommentAction","name":"Comment","target":["https:\/\/eurecat.org\/es\/myriam-garcia-berro-damos-servicio-a-la-industria-que-existe-para-que-cada-vez-sea-mas-resiliente-y-productiva-y-favorecemos-la-creacion-de-nueva\/#respond"]}]},{"@type":"WebPage","@id":"https:\/\/eurecat.org\/es\/myriam-garcia-berro-damos-servicio-a-la-industria-que-existe-para-que-cada-vez-sea-mas-resiliente-y-productiva-y-favorecemos-la-creacion-de-nueva\/","url":"https:\/\/eurecat.org\/es\/myriam-garcia-berro-damos-servicio-a-la-industria-que-existe-para-que-cada-vez-sea-mas-resiliente-y-productiva-y-favorecemos-la-creacion-de-nueva\/","name":"Myriam Garc\u00eda-Berro: \u201cDamos servicio a la industria que existe para que cada vez sea m\u00e1s resiliente y productiva y favorecemos la creaci\u00f3n de nueva\u201d - Eurecat","isPartOf":{"@id":"https:\/\/eurecat.org\/es\/#website"},"primaryImageOfPage":{"@id":"https:\/\/eurecat.org\/es\/myriam-garcia-berro-damos-servicio-a-la-industria-que-existe-para-que-cada-vez-sea-mas-resiliente-y-productiva-y-favorecemos-la-creacion-de-nueva\/#primaryimage"},"image":{"@id":"https:\/\/eurecat.org\/es\/myriam-garcia-berro-damos-servicio-a-la-industria-que-existe-para-que-cada-vez-sea-mas-resiliente-y-productiva-y-favorecemos-la-creacion-de-nueva\/#primaryimage"},"thumbnailUrl":"https:\/\/eurecat.org\/wp-content\/uploads\/2025\/11\/MYRIAM-GARCIA-BERRO_800PX.jpg","datePublished":"2025-11-25T14:42:53+00:00","dateModified":"2025-11-25T14:43:27+00:00","author":{"@id":"https:\/\/eurecat.org\/es\/#\/schema\/person\/99d4d39712001e7621b6867b27b40bed"},"breadcrumb":{"@id":"https:\/\/eurecat.org\/es\/myriam-garcia-berro-damos-servicio-a-la-industria-que-existe-para-que-cada-vez-sea-mas-resiliente-y-productiva-y-favorecemos-la-creacion-de-nueva\/#breadcrumb"},"inLanguage":"es","potentialAction":[{"@type":"ReadAction","target":["https:\/\/eurecat.org\/es\/myriam-garcia-berro-damos-servicio-a-la-industria-que-existe-para-que-cada-vez-sea-mas-resiliente-y-productiva-y-favorecemos-la-creacion-de-nueva\/"]}]},{"@type":"ImageObject","inLanguage":"es","@id":"https:\/\/eurecat.org\/es\/myriam-garcia-berro-damos-servicio-a-la-industria-que-existe-para-que-cada-vez-sea-mas-resiliente-y-productiva-y-favorecemos-la-creacion-de-nueva\/#primaryimage","url":"https:\/\/eurecat.org\/wp-content\/uploads\/2025\/11\/MYRIAM-GARCIA-BERRO_800PX.jpg","contentUrl":"https:\/\/eurecat.org\/wp-content\/uploads\/2025\/11\/MYRIAM-GARCIA-BERRO_800PX.jpg","width":800,"height":533},{"@type":"BreadcrumbList","@id":"https:\/\/eurecat.org\/es\/myriam-garcia-berro-damos-servicio-a-la-industria-que-existe-para-que-cada-vez-sea-mas-resiliente-y-productiva-y-favorecemos-la-creacion-de-nueva\/#breadcrumb","itemListElement":[{"@type":"ListItem","position":1,"name":"Inici","item":"https:\/\/eurecat.org\/es\/"},{"@type":"ListItem","position":2,"name":"Myriam Garc\u00eda-Berro: \u201cDamos servicio a la industria que existe para que cada vez sea m\u00e1s resiliente y productiva y favorecemos la creaci\u00f3n de nueva\u201d"}]},{"@type":"WebSite","@id":"https:\/\/eurecat.org\/es\/#website","url":"https:\/\/eurecat.org\/es\/","name":"Eurecat","description":"Otro sitio realizado con WordPress","potentialAction":[{"@type":"SearchAction","target":{"@type":"EntryPoint","urlTemplate":"https:\/\/eurecat.org\/es\/?s={search_term_string}"},"query-input":{"@type":"PropertyValueSpecification","valueRequired":true,"valueName":"search_term_string"}}],"inLanguage":"es"},{"@type":"Person","@id":"https:\/\/eurecat.org\/es\/#\/schema\/person\/99d4d39712001e7621b6867b27b40bed","name":"EurecatEQZ","image":{"@type":"ImageObject","inLanguage":"es","@id":"https:\/\/secure.gravatar.com\/avatar\/6deb26ca61bcc34263c59cc62bb8b08ff90b67af7f99943babf5d86396845993?s=96&d=mm&r=g","url":"https:\/\/secure.gravatar.com\/avatar\/6deb26ca61bcc34263c59cc62bb8b08ff90b67af7f99943babf5d86396845993?s=96&d=mm&r=g","contentUrl":"https:\/\/secure.gravatar.com\/avatar\/6deb26ca61bcc34263c59cc62bb8b08ff90b67af7f99943babf5d86396845993?s=96&d=mm&r=g","caption":"EurecatEQZ"}}]}},"_links":{"self":[{"href":"https:\/\/eurecat.org\/es\/wp-json\/wp\/v2\/posts\/190462","targetHints":{"allow":["GET"]}}],"collection":[{"href":"https:\/\/eurecat.org\/es\/wp-json\/wp\/v2\/posts"}],"about":[{"href":"https:\/\/eurecat.org\/es\/wp-json\/wp\/v2\/types\/post"}],"author":[{"embeddable":true,"href":"https:\/\/eurecat.org\/es\/wp-json\/wp\/v2\/users\/20"}],"replies":[{"embeddable":true,"href":"https:\/\/eurecat.org\/es\/wp-json\/wp\/v2\/comments?post=190462"}],"version-history":[{"count":1,"href":"https:\/\/eurecat.org\/es\/wp-json\/wp\/v2\/posts\/190462\/revisions"}],"predecessor-version":[{"id":190464,"href":"https:\/\/eurecat.org\/es\/wp-json\/wp\/v2\/posts\/190462\/revisions\/190464"}],"wp:featuredmedia":[{"embeddable":true,"href":"https:\/\/eurecat.org\/es\/wp-json\/wp\/v2\/media\/190461"}],"wp:attachment":[{"href":"https:\/\/eurecat.org\/es\/wp-json\/wp\/v2\/media?parent=190462"}],"wp:term":[{"taxonomy":"category","embeddable":true,"href":"https:\/\/eurecat.org\/es\/wp-json\/wp\/v2\/categories?post=190462"},{"taxonomy":"post_tag","embeddable":true,"href":"https:\/\/eurecat.org\/es\/wp-json\/wp\/v2\/tags?post=190462"}],"curies":[{"name":"wp","href":"https:\/\/api.w.org\/{rel}","templated":true}]}}