{"id":190678,"date":"2025-11-10T12:14:56","date_gmt":"2025-11-10T11:14:56","guid":{"rendered":"https:\/\/eurecat.org\/?p=190678"},"modified":"2025-11-27T12:42:43","modified_gmt":"2025-11-27T11:42:43","slug":"los-compuestos-bioactivos-de-dos-cepas-probioticas-reducen-a-la-mitad-la-incidencia-de-parto-prematuro-en-un-modelo-preclinico","status":"publish","type":"post","link":"https:\/\/eurecat.org\/es\/los-compuestos-bioactivos-de-dos-cepas-probioticas-reducen-a-la-mitad-la-incidencia-de-parto-prematuro-en-un-modelo-preclinico\/","title":{"rendered":"Los compuestos bioactivos de dos cepas probi\u00f3ticas reducen a la mitad la incidencia de parto prematuro en un modelo precl\u00ednico"},"content":{"rendered":"<div class=\"fusion-fullwidth fullwidth-box fusion-builder-row-1 fusion-flex-container has-pattern-background has-mask-background nonhundred-percent-fullwidth non-hundred-percent-height-scrolling\" style=\"--awb-border-radius-top-left:0px;--awb-border-radius-top-right:0px;--awb-border-radius-bottom-right:0px;--awb-border-radius-bottom-left:0px;--awb-flex-wrap:wrap;\" ><div class=\"fusion-builder-row fusion-row fusion-flex-align-items-flex-start fusion-flex-content-wrap\" style=\"max-width:1424.8px;margin-left: calc(-4% \/ 2 );margin-right: calc(-4% \/ 2 );\"><div class=\"fusion-layout-column fusion_builder_column fusion-builder-column-0 fusion_builder_column_1_1 1_1 fusion-flex-column\" style=\"--awb-bg-size:cover;--awb-width-large:100%;--awb-margin-top-large:0px;--awb-spacing-right-large:1.92%;--awb-margin-bottom-large:20px;--awb-spacing-left-large:1.92%;--awb-width-medium:100%;--awb-order-medium:0;--awb-spacing-right-medium:1.92%;--awb-spacing-left-medium:1.92%;--awb-width-small:100%;--awb-order-small:0;--awb-spacing-right-small:1.92%;--awb-spacing-left-small:1.92%;\"><div class=\"fusion-column-wrapper fusion-column-has-shadow fusion-flex-justify-content-flex-start fusion-content-layout-column\"><div class=\"fusion-text fusion-text-1\"><p>Un nuevo estudio liderado por Laboratorios Ordesa, el centro tecnol\u00f3gico Eurecat y la Universitat Rovira i Virgili (URV), ha demostrado que los sobrenadantes libres de c\u00e9lulas obtenidos a partir de dos cepas bacterianas desarrolladas por Laboratorios Ordesa pueden reducir la incidencia de parto prematuro y modular la inflamaci\u00f3n en un modelo animal. Esta investigaci\u00f3n se ha llevado a cabo en las instalaciones de Laboratorios Ordesa en el Parc Cient\u00edfic de Barcelona.<\/p>\n<p>Los resultados, publicados en la revista cient\u00edfica <em>Nutrients<\/em>, muestran que los sobrenadantes libres de c\u00e9lulas de <em>Bifidobacterium longum<\/em> subsp. <em>infantis<\/em> CECT 7210 y <em>Lacticaseibacillus paracasei<\/em> CECT 30660 redujeron la tasa de partos prematuros del 85,6 por ciento al 42,8 por ciento en ratonas embarazadas sometidas a un modelo de inflamaci\u00f3n inducido por lipopolisac\u00e1rido (LPS).<\/p>\n<p>\u00abHemos observado un efecto muy claro y consistente. Las ratonas tratadas con la combinaci\u00f3n de sobrenadantes presentaron una respuesta inflamatoria m\u00e1s controlada y una reducci\u00f3n del 50 por ciento en la incidencia de partos prematuros\u00bb, explica el Dr. Xavier Escot\u00e9, investigador de la URV y autor de correspondencia del estudio. \u00abEstos resultados son s\u00f3lidos y nos animan a seguir investigando el papel de los compuestos bioactivos derivados de bacterias en la prevenci\u00f3n del parto pret\u00e9rmino\u00bb.<\/p>\n<p><strong>Un reto global en salud materna<\/strong><\/p>\n<p>El parto prematuro \u2014cuando el nacimiento ocurre antes de la semana 37 de gestaci\u00f3n\u2014 afecta aproximadamente al 11 por ciento de los embarazos en todo el mundo, lo que equivale a unos 15 millones de casos cada a\u00f1o. Adem\u00e1s de aumentar el riesgo de complicaciones neonatales, puede tener consecuencias a largo plazo para la salud del reci\u00e9n nacido.<\/p>\n<p>\u00abEl n\u00famero de partos prematuros sigue aumentando, y por desgracia es una situaci\u00f3n cada vez m\u00e1s frecuente\u00bb, se\u00f1ala el Dr. Xavier Escot\u00e9. \u00abEs algo que todos tenemos cerca, porque poco o mucho, en nuestro entorno conocemos alg\u00fan caso de parto prematuro\u00bb.<\/p>\n<p>Entre sus causas m\u00e1s habituales se encuentra la inflamaci\u00f3n durante el embarazo, que puede originarse por infecciones o desequilibrios en la microbiota vaginal. En este estudio, los investigadores utilizaron un modelo experimental en ratonas embarazadas a las que se les administr\u00f3 LPS, una mol\u00e9cula bacteriana que desencadena una intensa respuesta inflamatoria.<\/p>\n<p><strong>Efecto antiinflamatorio y modulador de los sobrenadantes<\/strong><\/p>\n<p>El tratamiento tambi\u00e9n disminuy\u00f3 los niveles de citoquinas proinflamatorias, como el factor de necrosis tumoral alfa (TNF-\u03b1) y la interleucina 6 (IL-6), tanto en el plasma materno como en el tejido uterino, reflejando una respuesta inflamatoria m\u00e1s controlada. En cambio, los niveles de progesterona y oxitocina se mantuvieron estables, lo que sugiere que el efecto protector no depende de cambios hormonales, sino de una modulaci\u00f3n directa del sistema inmunitario.<\/p>\n<p>El trabajo tambi\u00e9n confirm\u00f3 que el sobrenadante libre de c\u00e9lulas de <em>L. paracasei<\/em> CECT 30660 inhibe el crecimiento de la bacteria <em>Streptococcus agalactiae<\/em> en estudios <em>in vitro<\/em>. Esta bacteria est\u00e1 asociada a infecciones vaginales y complicaciones obst\u00e9tricas, lo que refuerza el inter\u00e9s de la investigaci\u00f3n en el \u00e1mbito de la salud reproductiva.<\/p>\n<p><strong>El potencial de los postbi\u00f3ticos en salud materna<\/strong><\/p>\n<p>El estudio pone de relieve el papel emergente de los postbi\u00f3ticos, compuestos derivados de bacterias que contienen los metabolitos y mol\u00e9culas bioactivas producidas durante su crecimiento, pero sin incluir microorganismos vivos. Este tipo de formulaciones ofrece mayor estabilidad, conservando la capacidad de modular la inflamaci\u00f3n y favorecer el equilibrio de la microbiota.<\/p>\n<p>Los resultados respaldan el potencial de estos postbi\u00f3ticos como moduladores de la inflamaci\u00f3n asociada al parto prematuro inducido por infecci\u00f3n, y abren nuevas l\u00edneas de investigaci\u00f3n para confirmar su eficacia en la prevenci\u00f3n de complicaciones inflamatorias durante el embarazo. Seg\u00fan el investigador, \u00ablos resultados son muy robustos y nos hacen pensar que este enfoque tiene un potencial elevado para pasar a fases posteriores de estudio en humanos\u00bb.<\/p>\n<p><strong>Innovaci\u00f3n y protecci\u00f3n mediante patente internacional<\/strong><\/p>\n<p>Las cepas bacterianas utilizadas como origen de estos compuestos forman parte de la l\u00ednea de investigaci\u00f3n en microbiota y compuestos bioactivos de Laboratorios Ordesa. La cepa <em>Bifidobacterium longum<\/em> subsp. <em>infantis<\/em> CECT 7210, conocida como B. infantis IM1\u00ae, ha mostrado en estudios anteriores propiedades antiinflamatorias y capacidad para favorecer el equilibrio de la microbiota intestinal. Por su parte, <em>Lacticaseibacillus paracasei<\/em> CECT 30660, aislada a partir de muestras vaginales de mujeres sanas, se caracteriza por su alta producci\u00f3n de \u00e1cido L-l\u00e1ctico (94 por ciento del total) y por su actividad frente al pat\u00f3geno <em>S. agalactiae<\/em>.<\/p>\n<p>Ambas cepas y la combinaci\u00f3n de sus sobrenadantes est\u00e1n protegidas por la patente internacional WO 2025132375 A1, publicada en junio de 2025, que describe su uso en el mantenimiento de la salud vaginal y en la prevenci\u00f3n de procesos inflamatorios asociados al embarazo.<\/p>\n<p>\u00abEste trabajo es tambi\u00e9n un ejemplo de colaboraci\u00f3n exitosa entre la investigaci\u00f3n p\u00fablica y privada\u00bb, a\u00f1ade el Dr. Jos\u00e9 Antonio Moreno, investigador de Laboratorios Ordesa. \u00abLa alianza entre Laboratorios Ordesa, la URV y Eurecat ha permitido validar un enfoque innovador con resultados consistentes, que sientan las bases para futuras aplicaciones cl\u00ednicas\u00bb.<\/p>\n<p><strong>Aplicaci\u00f3n en el cuidado de la microbiota femenina<\/strong><\/p>\n<p>Los resultados de este estudio refuerzan la base cient\u00edfica que sustenta el desarrollo de soluciones basadas en metabolitos bacterianos para favorecer el equilibrio de la microbiota \u00edntima y reducir los efectos de la inflamaci\u00f3n. Esta l\u00ednea de investigaci\u00f3n se vincula con el desarrollo del nuevo producto DONNAplus Flora Intima INMUNO, formulado por Laboratorios Ordesa, que incluye probi\u00f3ticos, prebi\u00f3ticos y micronutrientes esenciales\u00a0que aportan una triple acci\u00f3n de prevenci\u00f3n ante nuevas infecciones, mejoran la recuperaci\u00f3n posinfecci\u00f3n y aportan mayor protecci\u00f3n de la salud \u00edntima.<\/p>\n<p><strong>Art\u00edculo de referencia:<\/strong><\/p>\n<p>Quesada-V\u00e1zquez S, De Almagro Garc\u00eda MC, Cifuentes-Orjuela G, Antol\u00edn A, Alcaide-Hidalgo JM, Jim\u00e9nez J, Puiggr\u00f2s F, Caimari A, Sabench F, Josep Del Bas JM, Escot\u00e9 X and Moreno-Mu\u00f1oz JA. A Combination of <em>Lacticaseibacillus paracasei<\/em> CECT 30660 and <em>Bifidobacterium longum<\/em> subsp. <em>infantis<\/em> CECT 7210 Cell-Free Supernatants Reduces LPS-Induced Preterm Birth and Systemic Inflammation in Pregnant Mice. Nutrients 2025, 17(21), 3429;\u00a0<a href=\"https:\/\/doi.org\/10.3390\/nu17213429\">https:\/\/doi.org\/10.3390\/nu17213429<\/a><\/p>\n<\/div><\/div><\/div><\/div><\/div>\n","protected":false},"excerpt":{"rendered":"","protected":false},"author":20,"featured_media":190676,"comment_status":"open","ping_status":"closed","sticky":false,"template":"","format":"standard","meta":{"footnotes":""},"categories":[134,407],"tags":[],"class_list":["post-190678","post","type-post","status-publish","format-standard","has-post-thumbnail","hentry","category-notas-de-prensa","category-nutricion-salud"],"yoast_head":"<!-- This site is optimized with the Yoast SEO plugin v27.5 - https:\/\/yoast.com\/product\/yoast-seo-wordpress\/ -->\n<title>Los compuestos bioactivos de dos cepas probi\u00f3ticas reducen a la mitad la incidencia de parto prematuro en un modelo precl\u00ednico - Eurecat<\/title>\n<meta name=\"robots\" content=\"index, follow, max-snippet:-1, max-image-preview:large, max-video-preview:-1\" \/>\n<link rel=\"canonical\" href=\"https:\/\/eurecat.org\/es\/los-compuestos-bioactivos-de-dos-cepas-probioticas-reducen-a-la-mitad-la-incidencia-de-parto-prematuro-en-un-modelo-preclinico\/\" \/>\n<meta property=\"og:locale\" content=\"es_ES\" \/>\n<meta property=\"og:type\" content=\"article\" \/>\n<meta property=\"og:title\" content=\"Los compuestos bioactivos de dos cepas probi\u00f3ticas reducen a la mitad la incidencia de parto prematuro en un modelo precl\u00ednico - Eurecat\" \/>\n<meta property=\"og:url\" content=\"https:\/\/eurecat.org\/es\/los-compuestos-bioactivos-de-dos-cepas-probioticas-reducen-a-la-mitad-la-incidencia-de-parto-prematuro-en-un-modelo-preclinico\/\" \/>\n<meta property=\"og:site_name\" content=\"Eurecat\" \/>\n<meta property=\"article:published_time\" content=\"2025-11-10T11:14:56+00:00\" \/>\n<meta property=\"article:modified_time\" content=\"2025-11-27T11:42:43+00:00\" \/>\n<meta property=\"og:image\" content=\"https:\/\/eurecat.org\/wp-content\/uploads\/2025\/11\/Eurecat_biotecnologia_Dia-mundial-Menopausa_800px.jpg\" \/>\n\t<meta property=\"og:image:width\" content=\"800\" \/>\n\t<meta property=\"og:image:height\" content=\"533\" \/>\n\t<meta property=\"og:image:type\" content=\"image\/jpeg\" \/>\n<meta name=\"author\" content=\"EurecatEQZ\" \/>\n<meta name=\"twitter:card\" content=\"summary_large_image\" \/>\n<meta name=\"twitter:label1\" content=\"Escrito por\" \/>\n\t<meta name=\"twitter:data1\" content=\"EurecatEQZ\" \/>\n\t<meta name=\"twitter:label2\" content=\"Tiempo de lectura\" \/>\n\t<meta name=\"twitter:data2\" content=\"6 minutos\" \/>\n<script type=\"application\/ld+json\" class=\"yoast-schema-graph\">{\"@context\":\"https:\\\/\\\/schema.org\",\"@graph\":[{\"@type\":\"Article\",\"@id\":\"https:\\\/\\\/eurecat.org\\\/es\\\/los-compuestos-bioactivos-de-dos-cepas-probioticas-reducen-a-la-mitad-la-incidencia-de-parto-prematuro-en-un-modelo-preclinico\\\/#article\",\"isPartOf\":{\"@id\":\"https:\\\/\\\/eurecat.org\\\/es\\\/los-compuestos-bioactivos-de-dos-cepas-probioticas-reducen-a-la-mitad-la-incidencia-de-parto-prematuro-en-un-modelo-preclinico\\\/\"},\"author\":{\"name\":\"EurecatEQZ\",\"@id\":\"https:\\\/\\\/eurecat.org\\\/es\\\/#\\\/schema\\\/person\\\/99d4d39712001e7621b6867b27b40bed\"},\"headline\":\"Los compuestos bioactivos de dos cepas probi\u00f3ticas reducen a la mitad la incidencia de parto prematuro en un modelo precl\u00ednico\",\"datePublished\":\"2025-11-10T11:14:56+00:00\",\"dateModified\":\"2025-11-27T11:42:43+00:00\",\"mainEntityOfPage\":{\"@id\":\"https:\\\/\\\/eurecat.org\\\/es\\\/los-compuestos-bioactivos-de-dos-cepas-probioticas-reducen-a-la-mitad-la-incidencia-de-parto-prematuro-en-un-modelo-preclinico\\\/\"},\"wordCount\":2164,\"commentCount\":0,\"image\":{\"@id\":\"https:\\\/\\\/eurecat.org\\\/es\\\/los-compuestos-bioactivos-de-dos-cepas-probioticas-reducen-a-la-mitad-la-incidencia-de-parto-prematuro-en-un-modelo-preclinico\\\/#primaryimage\"},\"thumbnailUrl\":\"https:\\\/\\\/eurecat.org\\\/wp-content\\\/uploads\\\/2025\\\/11\\\/Eurecat_biotecnologia_Dia-mundial-Menopausa_800px.jpg\",\"articleSection\":[\"Notas de prensa\",\"Nutrici\u00f3n y Salud\"],\"inLanguage\":\"es\",\"potentialAction\":[{\"@type\":\"CommentAction\",\"name\":\"Comment\",\"target\":[\"https:\\\/\\\/eurecat.org\\\/es\\\/los-compuestos-bioactivos-de-dos-cepas-probioticas-reducen-a-la-mitad-la-incidencia-de-parto-prematuro-en-un-modelo-preclinico\\\/#respond\"]}]},{\"@type\":\"WebPage\",\"@id\":\"https:\\\/\\\/eurecat.org\\\/es\\\/los-compuestos-bioactivos-de-dos-cepas-probioticas-reducen-a-la-mitad-la-incidencia-de-parto-prematuro-en-un-modelo-preclinico\\\/\",\"url\":\"https:\\\/\\\/eurecat.org\\\/es\\\/los-compuestos-bioactivos-de-dos-cepas-probioticas-reducen-a-la-mitad-la-incidencia-de-parto-prematuro-en-un-modelo-preclinico\\\/\",\"name\":\"Los compuestos bioactivos de dos cepas probi\u00f3ticas reducen a la mitad la incidencia de parto prematuro en un modelo precl\u00ednico - Eurecat\",\"isPartOf\":{\"@id\":\"https:\\\/\\\/eurecat.org\\\/es\\\/#website\"},\"primaryImageOfPage\":{\"@id\":\"https:\\\/\\\/eurecat.org\\\/es\\\/los-compuestos-bioactivos-de-dos-cepas-probioticas-reducen-a-la-mitad-la-incidencia-de-parto-prematuro-en-un-modelo-preclinico\\\/#primaryimage\"},\"image\":{\"@id\":\"https:\\\/\\\/eurecat.org\\\/es\\\/los-compuestos-bioactivos-de-dos-cepas-probioticas-reducen-a-la-mitad-la-incidencia-de-parto-prematuro-en-un-modelo-preclinico\\\/#primaryimage\"},\"thumbnailUrl\":\"https:\\\/\\\/eurecat.org\\\/wp-content\\\/uploads\\\/2025\\\/11\\\/Eurecat_biotecnologia_Dia-mundial-Menopausa_800px.jpg\",\"datePublished\":\"2025-11-10T11:14:56+00:00\",\"dateModified\":\"2025-11-27T11:42:43+00:00\",\"author\":{\"@id\":\"https:\\\/\\\/eurecat.org\\\/es\\\/#\\\/schema\\\/person\\\/99d4d39712001e7621b6867b27b40bed\"},\"breadcrumb\":{\"@id\":\"https:\\\/\\\/eurecat.org\\\/es\\\/los-compuestos-bioactivos-de-dos-cepas-probioticas-reducen-a-la-mitad-la-incidencia-de-parto-prematuro-en-un-modelo-preclinico\\\/#breadcrumb\"},\"inLanguage\":\"es\",\"potentialAction\":[{\"@type\":\"ReadAction\",\"target\":[\"https:\\\/\\\/eurecat.org\\\/es\\\/los-compuestos-bioactivos-de-dos-cepas-probioticas-reducen-a-la-mitad-la-incidencia-de-parto-prematuro-en-un-modelo-preclinico\\\/\"]}]},{\"@type\":\"ImageObject\",\"inLanguage\":\"es\",\"@id\":\"https:\\\/\\\/eurecat.org\\\/es\\\/los-compuestos-bioactivos-de-dos-cepas-probioticas-reducen-a-la-mitad-la-incidencia-de-parto-prematuro-en-un-modelo-preclinico\\\/#primaryimage\",\"url\":\"https:\\\/\\\/eurecat.org\\\/wp-content\\\/uploads\\\/2025\\\/11\\\/Eurecat_biotecnologia_Dia-mundial-Menopausa_800px.jpg\",\"contentUrl\":\"https:\\\/\\\/eurecat.org\\\/wp-content\\\/uploads\\\/2025\\\/11\\\/Eurecat_biotecnologia_Dia-mundial-Menopausa_800px.jpg\",\"width\":800,\"height\":533,\"caption\":\"Labs Eurecat\"},{\"@type\":\"BreadcrumbList\",\"@id\":\"https:\\\/\\\/eurecat.org\\\/es\\\/los-compuestos-bioactivos-de-dos-cepas-probioticas-reducen-a-la-mitad-la-incidencia-de-parto-prematuro-en-un-modelo-preclinico\\\/#breadcrumb\",\"itemListElement\":[{\"@type\":\"ListItem\",\"position\":1,\"name\":\"Inici\",\"item\":\"https:\\\/\\\/eurecat.org\\\/es\\\/\"},{\"@type\":\"ListItem\",\"position\":2,\"name\":\"Los compuestos bioactivos de dos cepas probi\u00f3ticas reducen a la mitad la incidencia de parto prematuro en un modelo precl\u00ednico\"}]},{\"@type\":\"WebSite\",\"@id\":\"https:\\\/\\\/eurecat.org\\\/es\\\/#website\",\"url\":\"https:\\\/\\\/eurecat.org\\\/es\\\/\",\"name\":\"Eurecat\",\"description\":\"Otro sitio realizado con WordPress\",\"potentialAction\":[{\"@type\":\"SearchAction\",\"target\":{\"@type\":\"EntryPoint\",\"urlTemplate\":\"https:\\\/\\\/eurecat.org\\\/es\\\/?s={search_term_string}\"},\"query-input\":{\"@type\":\"PropertyValueSpecification\",\"valueRequired\":true,\"valueName\":\"search_term_string\"}}],\"inLanguage\":\"es\"},{\"@type\":\"Person\",\"@id\":\"https:\\\/\\\/eurecat.org\\\/es\\\/#\\\/schema\\\/person\\\/99d4d39712001e7621b6867b27b40bed\",\"name\":\"EurecatEQZ\",\"image\":{\"@type\":\"ImageObject\",\"inLanguage\":\"es\",\"@id\":\"https:\\\/\\\/secure.gravatar.com\\\/avatar\\\/6deb26ca61bcc34263c59cc62bb8b08ff90b67af7f99943babf5d86396845993?s=96&d=mm&r=g\",\"url\":\"https:\\\/\\\/secure.gravatar.com\\\/avatar\\\/6deb26ca61bcc34263c59cc62bb8b08ff90b67af7f99943babf5d86396845993?s=96&d=mm&r=g\",\"contentUrl\":\"https:\\\/\\\/secure.gravatar.com\\\/avatar\\\/6deb26ca61bcc34263c59cc62bb8b08ff90b67af7f99943babf5d86396845993?s=96&d=mm&r=g\",\"caption\":\"EurecatEQZ\"}}]}<\/script>\n<!-- \/ Yoast SEO plugin. -->","yoast_head_json":{"title":"Los compuestos bioactivos de dos cepas probi\u00f3ticas reducen a la mitad la incidencia de parto prematuro en un modelo precl\u00ednico - Eurecat","robots":{"index":"index","follow":"follow","max-snippet":"max-snippet:-1","max-image-preview":"max-image-preview:large","max-video-preview":"max-video-preview:-1"},"canonical":"https:\/\/eurecat.org\/es\/los-compuestos-bioactivos-de-dos-cepas-probioticas-reducen-a-la-mitad-la-incidencia-de-parto-prematuro-en-un-modelo-preclinico\/","og_locale":"es_ES","og_type":"article","og_title":"Los compuestos bioactivos de dos cepas probi\u00f3ticas reducen a la mitad la incidencia de parto prematuro en un modelo precl\u00ednico - Eurecat","og_url":"https:\/\/eurecat.org\/es\/los-compuestos-bioactivos-de-dos-cepas-probioticas-reducen-a-la-mitad-la-incidencia-de-parto-prematuro-en-un-modelo-preclinico\/","og_site_name":"Eurecat","article_published_time":"2025-11-10T11:14:56+00:00","article_modified_time":"2025-11-27T11:42:43+00:00","og_image":[{"width":800,"height":533,"url":"https:\/\/eurecat.org\/wp-content\/uploads\/2025\/11\/Eurecat_biotecnologia_Dia-mundial-Menopausa_800px.jpg","type":"image\/jpeg"}],"author":"EurecatEQZ","twitter_card":"summary_large_image","twitter_misc":{"Escrito por":"EurecatEQZ","Tiempo de lectura":"6 minutos"},"schema":{"@context":"https:\/\/schema.org","@graph":[{"@type":"Article","@id":"https:\/\/eurecat.org\/es\/los-compuestos-bioactivos-de-dos-cepas-probioticas-reducen-a-la-mitad-la-incidencia-de-parto-prematuro-en-un-modelo-preclinico\/#article","isPartOf":{"@id":"https:\/\/eurecat.org\/es\/los-compuestos-bioactivos-de-dos-cepas-probioticas-reducen-a-la-mitad-la-incidencia-de-parto-prematuro-en-un-modelo-preclinico\/"},"author":{"name":"EurecatEQZ","@id":"https:\/\/eurecat.org\/es\/#\/schema\/person\/99d4d39712001e7621b6867b27b40bed"},"headline":"Los compuestos bioactivos de dos cepas probi\u00f3ticas reducen a la mitad la incidencia de parto prematuro en un modelo precl\u00ednico","datePublished":"2025-11-10T11:14:56+00:00","dateModified":"2025-11-27T11:42:43+00:00","mainEntityOfPage":{"@id":"https:\/\/eurecat.org\/es\/los-compuestos-bioactivos-de-dos-cepas-probioticas-reducen-a-la-mitad-la-incidencia-de-parto-prematuro-en-un-modelo-preclinico\/"},"wordCount":2164,"commentCount":0,"image":{"@id":"https:\/\/eurecat.org\/es\/los-compuestos-bioactivos-de-dos-cepas-probioticas-reducen-a-la-mitad-la-incidencia-de-parto-prematuro-en-un-modelo-preclinico\/#primaryimage"},"thumbnailUrl":"https:\/\/eurecat.org\/wp-content\/uploads\/2025\/11\/Eurecat_biotecnologia_Dia-mundial-Menopausa_800px.jpg","articleSection":["Notas de prensa","Nutrici\u00f3n y Salud"],"inLanguage":"es","potentialAction":[{"@type":"CommentAction","name":"Comment","target":["https:\/\/eurecat.org\/es\/los-compuestos-bioactivos-de-dos-cepas-probioticas-reducen-a-la-mitad-la-incidencia-de-parto-prematuro-en-un-modelo-preclinico\/#respond"]}]},{"@type":"WebPage","@id":"https:\/\/eurecat.org\/es\/los-compuestos-bioactivos-de-dos-cepas-probioticas-reducen-a-la-mitad-la-incidencia-de-parto-prematuro-en-un-modelo-preclinico\/","url":"https:\/\/eurecat.org\/es\/los-compuestos-bioactivos-de-dos-cepas-probioticas-reducen-a-la-mitad-la-incidencia-de-parto-prematuro-en-un-modelo-preclinico\/","name":"Los compuestos bioactivos de dos cepas probi\u00f3ticas reducen a la mitad la incidencia de parto prematuro en un modelo precl\u00ednico - Eurecat","isPartOf":{"@id":"https:\/\/eurecat.org\/es\/#website"},"primaryImageOfPage":{"@id":"https:\/\/eurecat.org\/es\/los-compuestos-bioactivos-de-dos-cepas-probioticas-reducen-a-la-mitad-la-incidencia-de-parto-prematuro-en-un-modelo-preclinico\/#primaryimage"},"image":{"@id":"https:\/\/eurecat.org\/es\/los-compuestos-bioactivos-de-dos-cepas-probioticas-reducen-a-la-mitad-la-incidencia-de-parto-prematuro-en-un-modelo-preclinico\/#primaryimage"},"thumbnailUrl":"https:\/\/eurecat.org\/wp-content\/uploads\/2025\/11\/Eurecat_biotecnologia_Dia-mundial-Menopausa_800px.jpg","datePublished":"2025-11-10T11:14:56+00:00","dateModified":"2025-11-27T11:42:43+00:00","author":{"@id":"https:\/\/eurecat.org\/es\/#\/schema\/person\/99d4d39712001e7621b6867b27b40bed"},"breadcrumb":{"@id":"https:\/\/eurecat.org\/es\/los-compuestos-bioactivos-de-dos-cepas-probioticas-reducen-a-la-mitad-la-incidencia-de-parto-prematuro-en-un-modelo-preclinico\/#breadcrumb"},"inLanguage":"es","potentialAction":[{"@type":"ReadAction","target":["https:\/\/eurecat.org\/es\/los-compuestos-bioactivos-de-dos-cepas-probioticas-reducen-a-la-mitad-la-incidencia-de-parto-prematuro-en-un-modelo-preclinico\/"]}]},{"@type":"ImageObject","inLanguage":"es","@id":"https:\/\/eurecat.org\/es\/los-compuestos-bioactivos-de-dos-cepas-probioticas-reducen-a-la-mitad-la-incidencia-de-parto-prematuro-en-un-modelo-preclinico\/#primaryimage","url":"https:\/\/eurecat.org\/wp-content\/uploads\/2025\/11\/Eurecat_biotecnologia_Dia-mundial-Menopausa_800px.jpg","contentUrl":"https:\/\/eurecat.org\/wp-content\/uploads\/2025\/11\/Eurecat_biotecnologia_Dia-mundial-Menopausa_800px.jpg","width":800,"height":533,"caption":"Labs Eurecat"},{"@type":"BreadcrumbList","@id":"https:\/\/eurecat.org\/es\/los-compuestos-bioactivos-de-dos-cepas-probioticas-reducen-a-la-mitad-la-incidencia-de-parto-prematuro-en-un-modelo-preclinico\/#breadcrumb","itemListElement":[{"@type":"ListItem","position":1,"name":"Inici","item":"https:\/\/eurecat.org\/es\/"},{"@type":"ListItem","position":2,"name":"Los compuestos bioactivos de dos cepas probi\u00f3ticas reducen a la mitad la incidencia de parto prematuro en un modelo precl\u00ednico"}]},{"@type":"WebSite","@id":"https:\/\/eurecat.org\/es\/#website","url":"https:\/\/eurecat.org\/es\/","name":"Eurecat","description":"Otro sitio realizado con WordPress","potentialAction":[{"@type":"SearchAction","target":{"@type":"EntryPoint","urlTemplate":"https:\/\/eurecat.org\/es\/?s={search_term_string}"},"query-input":{"@type":"PropertyValueSpecification","valueRequired":true,"valueName":"search_term_string"}}],"inLanguage":"es"},{"@type":"Person","@id":"https:\/\/eurecat.org\/es\/#\/schema\/person\/99d4d39712001e7621b6867b27b40bed","name":"EurecatEQZ","image":{"@type":"ImageObject","inLanguage":"es","@id":"https:\/\/secure.gravatar.com\/avatar\/6deb26ca61bcc34263c59cc62bb8b08ff90b67af7f99943babf5d86396845993?s=96&d=mm&r=g","url":"https:\/\/secure.gravatar.com\/avatar\/6deb26ca61bcc34263c59cc62bb8b08ff90b67af7f99943babf5d86396845993?s=96&d=mm&r=g","contentUrl":"https:\/\/secure.gravatar.com\/avatar\/6deb26ca61bcc34263c59cc62bb8b08ff90b67af7f99943babf5d86396845993?s=96&d=mm&r=g","caption":"EurecatEQZ"}}]}},"_links":{"self":[{"href":"https:\/\/eurecat.org\/es\/wp-json\/wp\/v2\/posts\/190678","targetHints":{"allow":["GET"]}}],"collection":[{"href":"https:\/\/eurecat.org\/es\/wp-json\/wp\/v2\/posts"}],"about":[{"href":"https:\/\/eurecat.org\/es\/wp-json\/wp\/v2\/types\/post"}],"author":[{"embeddable":true,"href":"https:\/\/eurecat.org\/es\/wp-json\/wp\/v2\/users\/20"}],"replies":[{"embeddable":true,"href":"https:\/\/eurecat.org\/es\/wp-json\/wp\/v2\/comments?post=190678"}],"version-history":[{"count":1,"href":"https:\/\/eurecat.org\/es\/wp-json\/wp\/v2\/posts\/190678\/revisions"}],"predecessor-version":[{"id":190680,"href":"https:\/\/eurecat.org\/es\/wp-json\/wp\/v2\/posts\/190678\/revisions\/190680"}],"wp:featuredmedia":[{"embeddable":true,"href":"https:\/\/eurecat.org\/es\/wp-json\/wp\/v2\/media\/190676"}],"wp:attachment":[{"href":"https:\/\/eurecat.org\/es\/wp-json\/wp\/v2\/media?parent=190678"}],"wp:term":[{"taxonomy":"category","embeddable":true,"href":"https:\/\/eurecat.org\/es\/wp-json\/wp\/v2\/categories?post=190678"},{"taxonomy":"post_tag","embeddable":true,"href":"https:\/\/eurecat.org\/es\/wp-json\/wp\/v2\/tags?post=190678"}],"curies":[{"name":"wp","href":"https:\/\/api.w.org\/{rel}","templated":true}]}}