{"id":190745,"date":"2025-11-21T13:16:32","date_gmt":"2025-11-21T12:16:32","guid":{"rendered":"https:\/\/eurecat.org\/?p=190745"},"modified":"2025-11-28T13:35:08","modified_gmt":"2025-11-28T12:35:08","slug":"salvador-anton-clave-reconocido-con-el-premio-costa-daurada-y-terres-de-lebre-del-patronato-de-turismo-de-la-diputacion-de-tarragona","status":"publish","type":"post","link":"https:\/\/eurecat.org\/es\/salvador-anton-clave-reconocido-con-el-premio-costa-daurada-y-terres-de-lebre-del-patronato-de-turismo-de-la-diputacion-de-tarragona\/","title":{"rendered":"Salvador Anton Clav\u00e9, reconocido con el Premio Costa Daurada y Terres de l\u2019Ebre del Patronato de Turismo de la Diputaci\u00f3n de Tarragona"},"content":{"rendered":"<div class=\"fusion-fullwidth fullwidth-box fusion-builder-row-1 fusion-flex-container has-pattern-background has-mask-background nonhundred-percent-fullwidth non-hundred-percent-height-scrolling\" style=\"--awb-border-radius-top-left:0px;--awb-border-radius-top-right:0px;--awb-border-radius-bottom-right:0px;--awb-border-radius-bottom-left:0px;--awb-flex-wrap:wrap;\" ><div class=\"fusion-builder-row fusion-row fusion-flex-align-items-flex-start fusion-flex-content-wrap\" style=\"max-width:1424.8px;margin-left: calc(-4% \/ 2 );margin-right: calc(-4% \/ 2 );\"><div class=\"fusion-layout-column fusion_builder_column fusion-builder-column-0 fusion_builder_column_1_1 1_1 fusion-flex-column\" style=\"--awb-bg-size:cover;--awb-width-large:100%;--awb-margin-top-large:0px;--awb-spacing-right-large:1.92%;--awb-margin-bottom-large:20px;--awb-spacing-left-large:1.92%;--awb-width-medium:100%;--awb-order-medium:0;--awb-spacing-right-medium:1.92%;--awb-spacing-left-medium:1.92%;--awb-width-small:100%;--awb-order-small:0;--awb-spacing-right-small:1.92%;--awb-spacing-left-small:1.92%;\"><div class=\"fusion-column-wrapper fusion-column-has-shadow fusion-flex-justify-content-flex-start fusion-content-layout-column\"><div class=\"fusion-text fusion-text-1\"><p>El Patronato de Turismo de la Diputaci\u00f3n de Tarragona ha otorgado el Premio Costa Daurada y Terres de l\u2019Ebre a Salvador Anton Clav\u00e9, catedr\u00e1tico de An\u00e1lisis Geogr\u00e1fico Regional de la Universitat Rovira i Virgili y director del Departamento de Innovaci\u00f3n Tur\u00edstica del centro tecnol\u00f3gico <a href=\"http:\/\/eurecat.org\/es\/\">Eurecat<\/a>, por su trayectoria profesional y contribuci\u00f3n al mundo del turismo, concretamente por su aportaci\u00f3n al desarrollo de la Costa Daurada y las Terres de l\u2019Ebre.<\/p>\n<p>Durante el evento Som Turisme, que este mes de noviembre ha reunido a 300 representantes del sector tur\u00edstico p\u00fablico y privado, la presidenta de la Diputaci\u00f3n de Tarragona, Noem\u00ed Llaurad\u00f3, ha entregado el galard\u00f3n a Salvador Anton Clav\u00e9. El reconocimiento tiene el objetivo de expresar un agradecimiento colectivo del territorio a aquellos agentes que, con su esfuerzo, compromiso y dedicaci\u00f3n, han contribuido de manera tangible a la consolidaci\u00f3n de ambas zonas como destinos tur\u00edsticos.<\/p>\n<p>La amplia trayectoria de Salvador Anton Clav\u00e9, doctor en Geograf\u00eda, director del Departamento de Innovaci\u00f3n Tur\u00edstica de Eurecat, catedr\u00e1tico distinguido de An\u00e1lisis Geogr\u00e1fico Regional de la Universitat Rovira i Virgili, as\u00ed como investigador principal del Grupo de Investigaci\u00f3n Consolidado en An\u00e1lisis Territorial y Estudios Tur\u00edsticos de la URV, ha avalado la entrega de este reconocimiento. Adem\u00e1s, ha sido decano fundador de la Facultad de Turismo y Geograf\u00eda de la URV desde 2002 hasta 2014 y coordinador del Programa de Doctorado en Turismo y Ocio de la URV desde su creaci\u00f3n en 2006 hasta 2020, y tambi\u00e9n en el curso 2024-25.<\/p>\n<p>A lo largo de su trayectoria, ha publicado m\u00e1s de 200 trabajos acad\u00e9micos, incluidos libros, art\u00edculos en revistas y cap\u00edtulos de libros. Sus principales l\u00edneas de investigaci\u00f3n se centran en el an\u00e1lisis de la evoluci\u00f3n de los destinos tur\u00edsticos, el desarrollo de atracciones y parques tem\u00e1ticos, el comportamiento espacial de los visitantes, la sostenibilidad, cuestiones relativas a las nuevas tecnolog\u00edas digitales y la planificaci\u00f3n, pol\u00edticas y gobernanza del turismo.<\/p>\n<p>El galardonado ha ofrecido una conferencia sobre los retos del sector tur\u00edstico. Bajo el concepto \u201cConstruir hoy el futuro del turismo. La transici\u00f3n inevitable\u201d, ha reflexionado sobre los posibles escenarios de futuro y las transformaciones que llegar\u00e1n, tanto al conjunto de la sociedad como al sector del turismo, donde la capacidad de adaptarse y reinventarse tendr\u00e1 un papel determinante.<\/p>\n<p>Autor\u00eda de la imagen: Diputaci\u00f3 de Tarragona\/Lila Alberich.<\/p>\n<\/div><\/div><\/div><\/div><\/div>\n","protected":false},"excerpt":{"rendered":"","protected":false},"author":20,"featured_media":190743,"comment_status":"open","ping_status":"closed","sticky":false,"template":"","format":"standard","meta":{"footnotes":""},"categories":[394,134,2254],"tags":[],"class_list":["post-190745","post","type-post","status-publish","format-standard","has-post-thumbnail","hentry","category-consultoria-es","category-notas-de-prensa","category-turismo-es"],"yoast_head":"<!-- This site is optimized with the Yoast SEO plugin v27.4 - https:\/\/yoast.com\/product\/yoast-seo-wordpress\/ -->\n<title>Salvador Anton Clav\u00e9, reconocido con el Premio Costa Daurada y Terres de l\u2019Ebre del Patronato de Turismo de la Diputaci\u00f3n de Tarragona - Eurecat<\/title>\n<meta name=\"robots\" content=\"index, follow, max-snippet:-1, max-image-preview:large, max-video-preview:-1\" \/>\n<link rel=\"canonical\" href=\"https:\/\/eurecat.org\/es\/salvador-anton-clave-reconocido-con-el-premio-costa-daurada-y-terres-de-lebre-del-patronato-de-turismo-de-la-diputacion-de-tarragona\/\" \/>\n<meta property=\"og:locale\" content=\"es_ES\" \/>\n<meta property=\"og:type\" content=\"article\" \/>\n<meta property=\"og:title\" content=\"Salvador Anton Clav\u00e9, reconocido con el Premio Costa Daurada y Terres de l\u2019Ebre del Patronato de Turismo de la Diputaci\u00f3n de Tarragona - Eurecat\" \/>\n<meta property=\"og:url\" content=\"https:\/\/eurecat.org\/es\/salvador-anton-clave-reconocido-con-el-premio-costa-daurada-y-terres-de-lebre-del-patronato-de-turismo-de-la-diputacion-de-tarragona\/\" \/>\n<meta property=\"og:site_name\" content=\"Eurecat\" \/>\n<meta property=\"article:published_time\" content=\"2025-11-21T12:16:32+00:00\" \/>\n<meta property=\"article:modified_time\" content=\"2025-11-28T12:35:08+00:00\" \/>\n<meta property=\"og:image\" content=\"https:\/\/eurecat.org\/wp-content\/uploads\/2025\/11\/totturisme_800px.jpg\" \/>\n\t<meta property=\"og:image:width\" content=\"800\" \/>\n\t<meta property=\"og:image:height\" content=\"533\" \/>\n\t<meta property=\"og:image:type\" content=\"image\/jpeg\" \/>\n<meta name=\"author\" content=\"EurecatEQZ\" \/>\n<meta name=\"twitter:card\" content=\"summary_large_image\" \/>\n<meta name=\"twitter:label1\" content=\"Escrito por\" \/>\n\t<meta name=\"twitter:data1\" content=\"EurecatEQZ\" \/>\n\t<meta name=\"twitter:label2\" content=\"Tiempo de lectura\" \/>\n\t<meta name=\"twitter:data2\" content=\"3 minutos\" \/>\n<script type=\"application\/ld+json\" class=\"yoast-schema-graph\">{\"@context\":\"https:\\\/\\\/schema.org\",\"@graph\":[{\"@type\":\"Article\",\"@id\":\"https:\\\/\\\/eurecat.org\\\/es\\\/salvador-anton-clave-reconocido-con-el-premio-costa-daurada-y-terres-de-lebre-del-patronato-de-turismo-de-la-diputacion-de-tarragona\\\/#article\",\"isPartOf\":{\"@id\":\"https:\\\/\\\/eurecat.org\\\/es\\\/salvador-anton-clave-reconocido-con-el-premio-costa-daurada-y-terres-de-lebre-del-patronato-de-turismo-de-la-diputacion-de-tarragona\\\/\"},\"author\":{\"name\":\"EurecatEQZ\",\"@id\":\"https:\\\/\\\/eurecat.org\\\/es\\\/#\\\/schema\\\/person\\\/99d4d39712001e7621b6867b27b40bed\"},\"headline\":\"Salvador Anton Clav\u00e9, reconocido con el Premio Costa Daurada y Terres de l\u2019Ebre del Patronato de Turismo de la Diputaci\u00f3n de Tarragona\",\"datePublished\":\"2025-11-21T12:16:32+00:00\",\"dateModified\":\"2025-11-28T12:35:08+00:00\",\"mainEntityOfPage\":{\"@id\":\"https:\\\/\\\/eurecat.org\\\/es\\\/salvador-anton-clave-reconocido-con-el-premio-costa-daurada-y-terres-de-lebre-del-patronato-de-turismo-de-la-diputacion-de-tarragona\\\/\"},\"wordCount\":1564,\"commentCount\":0,\"image\":{\"@id\":\"https:\\\/\\\/eurecat.org\\\/es\\\/salvador-anton-clave-reconocido-con-el-premio-costa-daurada-y-terres-de-lebre-del-patronato-de-turismo-de-la-diputacion-de-tarragona\\\/#primaryimage\"},\"thumbnailUrl\":\"https:\\\/\\\/eurecat.org\\\/wp-content\\\/uploads\\\/2025\\\/11\\\/totturisme_800px.jpg\",\"articleSection\":[\"Consultor\u00eda\",\"Notas de prensa\",\"Turismo\"],\"inLanguage\":\"es\",\"potentialAction\":[{\"@type\":\"CommentAction\",\"name\":\"Comment\",\"target\":[\"https:\\\/\\\/eurecat.org\\\/es\\\/salvador-anton-clave-reconocido-con-el-premio-costa-daurada-y-terres-de-lebre-del-patronato-de-turismo-de-la-diputacion-de-tarragona\\\/#respond\"]}]},{\"@type\":\"WebPage\",\"@id\":\"https:\\\/\\\/eurecat.org\\\/es\\\/salvador-anton-clave-reconocido-con-el-premio-costa-daurada-y-terres-de-lebre-del-patronato-de-turismo-de-la-diputacion-de-tarragona\\\/\",\"url\":\"https:\\\/\\\/eurecat.org\\\/es\\\/salvador-anton-clave-reconocido-con-el-premio-costa-daurada-y-terres-de-lebre-del-patronato-de-turismo-de-la-diputacion-de-tarragona\\\/\",\"name\":\"Salvador Anton Clav\u00e9, reconocido con el Premio Costa Daurada y Terres de l\u2019Ebre del Patronato de Turismo de la Diputaci\u00f3n de Tarragona - Eurecat\",\"isPartOf\":{\"@id\":\"https:\\\/\\\/eurecat.org\\\/es\\\/#website\"},\"primaryImageOfPage\":{\"@id\":\"https:\\\/\\\/eurecat.org\\\/es\\\/salvador-anton-clave-reconocido-con-el-premio-costa-daurada-y-terres-de-lebre-del-patronato-de-turismo-de-la-diputacion-de-tarragona\\\/#primaryimage\"},\"image\":{\"@id\":\"https:\\\/\\\/eurecat.org\\\/es\\\/salvador-anton-clave-reconocido-con-el-premio-costa-daurada-y-terres-de-lebre-del-patronato-de-turismo-de-la-diputacion-de-tarragona\\\/#primaryimage\"},\"thumbnailUrl\":\"https:\\\/\\\/eurecat.org\\\/wp-content\\\/uploads\\\/2025\\\/11\\\/totturisme_800px.jpg\",\"datePublished\":\"2025-11-21T12:16:32+00:00\",\"dateModified\":\"2025-11-28T12:35:08+00:00\",\"author\":{\"@id\":\"https:\\\/\\\/eurecat.org\\\/es\\\/#\\\/schema\\\/person\\\/99d4d39712001e7621b6867b27b40bed\"},\"breadcrumb\":{\"@id\":\"https:\\\/\\\/eurecat.org\\\/es\\\/salvador-anton-clave-reconocido-con-el-premio-costa-daurada-y-terres-de-lebre-del-patronato-de-turismo-de-la-diputacion-de-tarragona\\\/#breadcrumb\"},\"inLanguage\":\"es\",\"potentialAction\":[{\"@type\":\"ReadAction\",\"target\":[\"https:\\\/\\\/eurecat.org\\\/es\\\/salvador-anton-clave-reconocido-con-el-premio-costa-daurada-y-terres-de-lebre-del-patronato-de-turismo-de-la-diputacion-de-tarragona\\\/\"]}]},{\"@type\":\"ImageObject\",\"inLanguage\":\"es\",\"@id\":\"https:\\\/\\\/eurecat.org\\\/es\\\/salvador-anton-clave-reconocido-con-el-premio-costa-daurada-y-terres-de-lebre-del-patronato-de-turismo-de-la-diputacion-de-tarragona\\\/#primaryimage\",\"url\":\"https:\\\/\\\/eurecat.org\\\/wp-content\\\/uploads\\\/2025\\\/11\\\/totturisme_800px.jpg\",\"contentUrl\":\"https:\\\/\\\/eurecat.org\\\/wp-content\\\/uploads\\\/2025\\\/11\\\/totturisme_800px.jpg\",\"width\":800,\"height\":533},{\"@type\":\"BreadcrumbList\",\"@id\":\"https:\\\/\\\/eurecat.org\\\/es\\\/salvador-anton-clave-reconocido-con-el-premio-costa-daurada-y-terres-de-lebre-del-patronato-de-turismo-de-la-diputacion-de-tarragona\\\/#breadcrumb\",\"itemListElement\":[{\"@type\":\"ListItem\",\"position\":1,\"name\":\"Inici\",\"item\":\"https:\\\/\\\/eurecat.org\\\/es\\\/\"},{\"@type\":\"ListItem\",\"position\":2,\"name\":\"Salvador Anton Clav\u00e9, reconocido con el Premio Costa Daurada y Terres de l\u2019Ebre del Patronato de Turismo de la Diputaci\u00f3n de Tarragona\"}]},{\"@type\":\"WebSite\",\"@id\":\"https:\\\/\\\/eurecat.org\\\/es\\\/#website\",\"url\":\"https:\\\/\\\/eurecat.org\\\/es\\\/\",\"name\":\"Eurecat\",\"description\":\"Otro sitio realizado con WordPress\",\"potentialAction\":[{\"@type\":\"SearchAction\",\"target\":{\"@type\":\"EntryPoint\",\"urlTemplate\":\"https:\\\/\\\/eurecat.org\\\/es\\\/?s={search_term_string}\"},\"query-input\":{\"@type\":\"PropertyValueSpecification\",\"valueRequired\":true,\"valueName\":\"search_term_string\"}}],\"inLanguage\":\"es\"},{\"@type\":\"Person\",\"@id\":\"https:\\\/\\\/eurecat.org\\\/es\\\/#\\\/schema\\\/person\\\/99d4d39712001e7621b6867b27b40bed\",\"name\":\"EurecatEQZ\",\"image\":{\"@type\":\"ImageObject\",\"inLanguage\":\"es\",\"@id\":\"https:\\\/\\\/secure.gravatar.com\\\/avatar\\\/6deb26ca61bcc34263c59cc62bb8b08ff90b67af7f99943babf5d86396845993?s=96&d=mm&r=g\",\"url\":\"https:\\\/\\\/secure.gravatar.com\\\/avatar\\\/6deb26ca61bcc34263c59cc62bb8b08ff90b67af7f99943babf5d86396845993?s=96&d=mm&r=g\",\"contentUrl\":\"https:\\\/\\\/secure.gravatar.com\\\/avatar\\\/6deb26ca61bcc34263c59cc62bb8b08ff90b67af7f99943babf5d86396845993?s=96&d=mm&r=g\",\"caption\":\"EurecatEQZ\"}}]}<\/script>\n<!-- \/ Yoast SEO plugin. -->","yoast_head_json":{"title":"Salvador Anton Clav\u00e9, reconocido con el Premio Costa Daurada y Terres de l\u2019Ebre del Patronato de Turismo de la Diputaci\u00f3n de Tarragona - Eurecat","robots":{"index":"index","follow":"follow","max-snippet":"max-snippet:-1","max-image-preview":"max-image-preview:large","max-video-preview":"max-video-preview:-1"},"canonical":"https:\/\/eurecat.org\/es\/salvador-anton-clave-reconocido-con-el-premio-costa-daurada-y-terres-de-lebre-del-patronato-de-turismo-de-la-diputacion-de-tarragona\/","og_locale":"es_ES","og_type":"article","og_title":"Salvador Anton Clav\u00e9, reconocido con el Premio Costa Daurada y Terres de l\u2019Ebre del Patronato de Turismo de la Diputaci\u00f3n de Tarragona - Eurecat","og_url":"https:\/\/eurecat.org\/es\/salvador-anton-clave-reconocido-con-el-premio-costa-daurada-y-terres-de-lebre-del-patronato-de-turismo-de-la-diputacion-de-tarragona\/","og_site_name":"Eurecat","article_published_time":"2025-11-21T12:16:32+00:00","article_modified_time":"2025-11-28T12:35:08+00:00","og_image":[{"width":800,"height":533,"url":"https:\/\/eurecat.org\/wp-content\/uploads\/2025\/11\/totturisme_800px.jpg","type":"image\/jpeg"}],"author":"EurecatEQZ","twitter_card":"summary_large_image","twitter_misc":{"Escrito por":"EurecatEQZ","Tiempo de lectura":"3 minutos"},"schema":{"@context":"https:\/\/schema.org","@graph":[{"@type":"Article","@id":"https:\/\/eurecat.org\/es\/salvador-anton-clave-reconocido-con-el-premio-costa-daurada-y-terres-de-lebre-del-patronato-de-turismo-de-la-diputacion-de-tarragona\/#article","isPartOf":{"@id":"https:\/\/eurecat.org\/es\/salvador-anton-clave-reconocido-con-el-premio-costa-daurada-y-terres-de-lebre-del-patronato-de-turismo-de-la-diputacion-de-tarragona\/"},"author":{"name":"EurecatEQZ","@id":"https:\/\/eurecat.org\/es\/#\/schema\/person\/99d4d39712001e7621b6867b27b40bed"},"headline":"Salvador Anton Clav\u00e9, reconocido con el Premio Costa Daurada y Terres de l\u2019Ebre del Patronato de Turismo de la Diputaci\u00f3n de Tarragona","datePublished":"2025-11-21T12:16:32+00:00","dateModified":"2025-11-28T12:35:08+00:00","mainEntityOfPage":{"@id":"https:\/\/eurecat.org\/es\/salvador-anton-clave-reconocido-con-el-premio-costa-daurada-y-terres-de-lebre-del-patronato-de-turismo-de-la-diputacion-de-tarragona\/"},"wordCount":1564,"commentCount":0,"image":{"@id":"https:\/\/eurecat.org\/es\/salvador-anton-clave-reconocido-con-el-premio-costa-daurada-y-terres-de-lebre-del-patronato-de-turismo-de-la-diputacion-de-tarragona\/#primaryimage"},"thumbnailUrl":"https:\/\/eurecat.org\/wp-content\/uploads\/2025\/11\/totturisme_800px.jpg","articleSection":["Consultor\u00eda","Notas de prensa","Turismo"],"inLanguage":"es","potentialAction":[{"@type":"CommentAction","name":"Comment","target":["https:\/\/eurecat.org\/es\/salvador-anton-clave-reconocido-con-el-premio-costa-daurada-y-terres-de-lebre-del-patronato-de-turismo-de-la-diputacion-de-tarragona\/#respond"]}]},{"@type":"WebPage","@id":"https:\/\/eurecat.org\/es\/salvador-anton-clave-reconocido-con-el-premio-costa-daurada-y-terres-de-lebre-del-patronato-de-turismo-de-la-diputacion-de-tarragona\/","url":"https:\/\/eurecat.org\/es\/salvador-anton-clave-reconocido-con-el-premio-costa-daurada-y-terres-de-lebre-del-patronato-de-turismo-de-la-diputacion-de-tarragona\/","name":"Salvador Anton Clav\u00e9, reconocido con el Premio Costa Daurada y Terres de l\u2019Ebre del Patronato de Turismo de la Diputaci\u00f3n de Tarragona - Eurecat","isPartOf":{"@id":"https:\/\/eurecat.org\/es\/#website"},"primaryImageOfPage":{"@id":"https:\/\/eurecat.org\/es\/salvador-anton-clave-reconocido-con-el-premio-costa-daurada-y-terres-de-lebre-del-patronato-de-turismo-de-la-diputacion-de-tarragona\/#primaryimage"},"image":{"@id":"https:\/\/eurecat.org\/es\/salvador-anton-clave-reconocido-con-el-premio-costa-daurada-y-terres-de-lebre-del-patronato-de-turismo-de-la-diputacion-de-tarragona\/#primaryimage"},"thumbnailUrl":"https:\/\/eurecat.org\/wp-content\/uploads\/2025\/11\/totturisme_800px.jpg","datePublished":"2025-11-21T12:16:32+00:00","dateModified":"2025-11-28T12:35:08+00:00","author":{"@id":"https:\/\/eurecat.org\/es\/#\/schema\/person\/99d4d39712001e7621b6867b27b40bed"},"breadcrumb":{"@id":"https:\/\/eurecat.org\/es\/salvador-anton-clave-reconocido-con-el-premio-costa-daurada-y-terres-de-lebre-del-patronato-de-turismo-de-la-diputacion-de-tarragona\/#breadcrumb"},"inLanguage":"es","potentialAction":[{"@type":"ReadAction","target":["https:\/\/eurecat.org\/es\/salvador-anton-clave-reconocido-con-el-premio-costa-daurada-y-terres-de-lebre-del-patronato-de-turismo-de-la-diputacion-de-tarragona\/"]}]},{"@type":"ImageObject","inLanguage":"es","@id":"https:\/\/eurecat.org\/es\/salvador-anton-clave-reconocido-con-el-premio-costa-daurada-y-terres-de-lebre-del-patronato-de-turismo-de-la-diputacion-de-tarragona\/#primaryimage","url":"https:\/\/eurecat.org\/wp-content\/uploads\/2025\/11\/totturisme_800px.jpg","contentUrl":"https:\/\/eurecat.org\/wp-content\/uploads\/2025\/11\/totturisme_800px.jpg","width":800,"height":533},{"@type":"BreadcrumbList","@id":"https:\/\/eurecat.org\/es\/salvador-anton-clave-reconocido-con-el-premio-costa-daurada-y-terres-de-lebre-del-patronato-de-turismo-de-la-diputacion-de-tarragona\/#breadcrumb","itemListElement":[{"@type":"ListItem","position":1,"name":"Inici","item":"https:\/\/eurecat.org\/es\/"},{"@type":"ListItem","position":2,"name":"Salvador Anton Clav\u00e9, reconocido con el Premio Costa Daurada y Terres de l\u2019Ebre del Patronato de Turismo de la Diputaci\u00f3n de Tarragona"}]},{"@type":"WebSite","@id":"https:\/\/eurecat.org\/es\/#website","url":"https:\/\/eurecat.org\/es\/","name":"Eurecat","description":"Otro sitio realizado con WordPress","potentialAction":[{"@type":"SearchAction","target":{"@type":"EntryPoint","urlTemplate":"https:\/\/eurecat.org\/es\/?s={search_term_string}"},"query-input":{"@type":"PropertyValueSpecification","valueRequired":true,"valueName":"search_term_string"}}],"inLanguage":"es"},{"@type":"Person","@id":"https:\/\/eurecat.org\/es\/#\/schema\/person\/99d4d39712001e7621b6867b27b40bed","name":"EurecatEQZ","image":{"@type":"ImageObject","inLanguage":"es","@id":"https:\/\/secure.gravatar.com\/avatar\/6deb26ca61bcc34263c59cc62bb8b08ff90b67af7f99943babf5d86396845993?s=96&d=mm&r=g","url":"https:\/\/secure.gravatar.com\/avatar\/6deb26ca61bcc34263c59cc62bb8b08ff90b67af7f99943babf5d86396845993?s=96&d=mm&r=g","contentUrl":"https:\/\/secure.gravatar.com\/avatar\/6deb26ca61bcc34263c59cc62bb8b08ff90b67af7f99943babf5d86396845993?s=96&d=mm&r=g","caption":"EurecatEQZ"}}]}},"_links":{"self":[{"href":"https:\/\/eurecat.org\/es\/wp-json\/wp\/v2\/posts\/190745","targetHints":{"allow":["GET"]}}],"collection":[{"href":"https:\/\/eurecat.org\/es\/wp-json\/wp\/v2\/posts"}],"about":[{"href":"https:\/\/eurecat.org\/es\/wp-json\/wp\/v2\/types\/post"}],"author":[{"embeddable":true,"href":"https:\/\/eurecat.org\/es\/wp-json\/wp\/v2\/users\/20"}],"replies":[{"embeddable":true,"href":"https:\/\/eurecat.org\/es\/wp-json\/wp\/v2\/comments?post=190745"}],"version-history":[{"count":1,"href":"https:\/\/eurecat.org\/es\/wp-json\/wp\/v2\/posts\/190745\/revisions"}],"predecessor-version":[{"id":190746,"href":"https:\/\/eurecat.org\/es\/wp-json\/wp\/v2\/posts\/190745\/revisions\/190746"}],"wp:featuredmedia":[{"embeddable":true,"href":"https:\/\/eurecat.org\/es\/wp-json\/wp\/v2\/media\/190743"}],"wp:attachment":[{"href":"https:\/\/eurecat.org\/es\/wp-json\/wp\/v2\/media?parent=190745"}],"wp:term":[{"taxonomy":"category","embeddable":true,"href":"https:\/\/eurecat.org\/es\/wp-json\/wp\/v2\/categories?post=190745"},{"taxonomy":"post_tag","embeddable":true,"href":"https:\/\/eurecat.org\/es\/wp-json\/wp\/v2\/tags?post=190745"}],"curies":[{"name":"wp","href":"https:\/\/api.w.org\/{rel}","templated":true}]}}