{"id":191040,"date":"2025-11-03T12:54:55","date_gmt":"2025-11-03T11:54:55","guid":{"rendered":"https:\/\/eurecat.org\/?p=191040"},"modified":"2025-12-09T11:44:52","modified_gmt":"2025-12-09T10:44:52","slug":"la-inteligencia-artificial-dara-alma-a-los-robots-del-futuro","status":"publish","type":"post","link":"https:\/\/eurecat.org\/es\/la-inteligencia-artificial-dara-alma-a-los-robots-del-futuro\/","title":{"rendered":"\u00abLa inteligencia artificial dar\u00e1 alma a los robots del futuro\u00bb"},"content":{"rendered":"<div class=\"fusion-fullwidth fullwidth-box fusion-builder-row-1 fusion-flex-container has-pattern-background has-mask-background nonhundred-percent-fullwidth non-hundred-percent-height-scrolling\" style=\"--awb-border-radius-top-left:0px;--awb-border-radius-top-right:0px;--awb-border-radius-bottom-right:0px;--awb-border-radius-bottom-left:0px;--awb-flex-wrap:wrap;\" ><div class=\"fusion-builder-row fusion-row fusion-flex-align-items-flex-start fusion-flex-content-wrap\" style=\"max-width:1424.8px;margin-left: calc(-4% \/ 2 );margin-right: calc(-4% \/ 2 );\"><div class=\"fusion-layout-column fusion_builder_column fusion-builder-column-0 fusion_builder_column_1_1 1_1 fusion-flex-column\" style=\"--awb-bg-size:cover;--awb-width-large:100%;--awb-margin-top-large:0px;--awb-spacing-right-large:1.92%;--awb-margin-bottom-large:20px;--awb-spacing-left-large:1.92%;--awb-width-medium:100%;--awb-order-medium:0;--awb-spacing-right-medium:1.92%;--awb-spacing-left-medium:1.92%;--awb-width-small:100%;--awb-order-small:0;--awb-spacing-right-small:1.92%;--awb-spacing-left-small:1.92%;\"><div class=\"fusion-column-wrapper fusion-column-has-shadow fusion-flex-justify-content-flex-start fusion-content-layout-column\"><div class=\"fusion-text fusion-text-1\"><p>La rob\u00f3tica vive una nueva revoluci\u00f3n: los robots ya no solo ejecutan \u00f3rdenes, sino que comienzan a percibir, aprender y adaptarse a su entorno con una inteligencia cada vez m\u00e1s parecida a la humana. La combinaci\u00f3n de sensores avanzados e inteligencia artificial generativa est\u00e1 dando lugar a una nueva generaci\u00f3n de m\u00e1quinas capaces de colaborar con las personas, improvisar e incluso razonar sobre sus acciones.<\/p>\n<p>En esta entrevista hablamos con Daniel Serrano, director de la <a href=\"https:\/\/eurecat.org\/es\/ambitos-de-conocimiento\/robotica-y-automatizacion\/\">unidad de rob\u00f3tica y automatizaci\u00f3n<\/a> de Eurecat, y Simona Neri, gestora de innovaci\u00f3n de la misma unidad, para conocer m\u00e1s sobre c\u00f3mo esta nueva ola de innovaci\u00f3n en rob\u00f3tica est\u00e1 transformando la industria y la sociedad, y qu\u00e9 papel juega Eurecat en el desarrollo de una rob\u00f3tica m\u00e1s cognitiva, flexible y humana.<\/p>\n<p><strong>\u00bfQu\u00e9 limitaciones tiene la rob\u00f3tica tradicional y por d\u00f3nde pasa la innovaci\u00f3n rob\u00f3tica actualmente?<\/strong><\/p>\n<p><strong>Daniel Serrano (D.S.)<\/strong> \u2013 La rob\u00f3tica cl\u00e1sica se ha desarrollado hist\u00f3ricamente en entornos industriales controlados, repetitivos y muy estructurados. Los robots han sido m\u00e1quinas extremadamente eficientes para repetir movimientos exactos, pero sin capacidad de adaptaci\u00f3n. Ahora bien, la industria y los servicios actuales necesitan otra cosa: flexibilidad, adaptabilidad e inteligencia.<\/p>\n<p>Necesitamos robots que puedan responder ante la variabilidad, interpretar situaciones nuevas y colaborar con las personas. Esta nueva generaci\u00f3n no solo ejecutar\u00e1 \u00f3rdenes, sino que aprender\u00e1 del contexto, tendr\u00e1 intuici\u00f3n, flexibilidad y la capacidad de improvisar ante la incertidumbre y entender entornos cambiantes e imprevisibles y, por fin, aprender.<\/p>\n<blockquote>\n<p><strong>\u201cLa nueva generaci\u00f3n de robots no solo ejecutar\u00e1 \u00f3rdenes: aprender\u00e1, improvisar\u00e1 y entender\u00e1 entornos cambiantes\u201d<\/strong><br \/>\n<strong>Daniel Serrano<\/strong>, director de la unidad de rob\u00f3tica y automatizaci\u00f3n, Eurecat<\/p>\n<\/blockquote>\n<p><strong>\u00bfQu\u00e9 papel tiene la inteligencia artificial, especialmente la generativa, en esta nueva era de la rob\u00f3tica?<\/strong><\/p>\n<p><strong>Simona Neri (S.N.)<\/strong> \u2013 La combinaci\u00f3n de sensores e inteligencia artificial es lo que est\u00e1 marcando la nueva era de la rob\u00f3tica. Los sensores act\u00faan como los sentidos humanos: captan la vista, el o\u00eddo o el tacto del mundo que rodea a la m\u00e1quina. La IA, y en particular la IA generativa, act\u00faa como el cerebro que procesa esa informaci\u00f3n, anticipa, aprende y genera nuevas respuestas, haciendo que los robots se acerquen cada vez m\u00e1s a la manera humana de percibir e interactuar con su entorno.<\/p>\n<p>Esto permite que el robot deje de ser un ejecutor mec\u00e1nico para convertirse en un sistema capaz de adaptarse a cada situaci\u00f3n, con la capacidad de modificar trayectorias y ajustar la fuerza para interactuar o manipular objetos desconocidos en entornos din\u00e1micos y cambiantes. La aplicaci\u00f3n de la IA que combina percepci\u00f3n, razonamiento y acci\u00f3n dentro de un entorno f\u00edsico, conocida como <em>embodied AI<\/em>, representa un salto cualitativo. As\u00ed, la rob\u00f3tica deja de ser un conjunto de m\u00fasculos programados para convertirse en un sistema inteligente, capaz de percibir, comprender y actuar de forma adaptativa.<\/p>\n<blockquote>\n<p><strong>\u201cLa fusi\u00f3n entre sensores e inteligencia artificial es lo que diferenciar\u00e1 a los robots del futuro\u201d<\/strong><br \/>\n<strong>Simona Neri<\/strong>, gestora de innovaci\u00f3n, Eurecat<\/p>\n<div id=\"attachment_189933\" style=\"width: 650px\" class=\"wp-caption aligncenter\"><img decoding=\"async\" aria-describedby=\"caption-attachment-189933\" class=\"wp-image-189933 size-full\" src=\"https:\/\/eurecat.org\/wp-content\/uploads\/2025\/11\/robotica-colaborativa.jpg\" alt=\"rob\u00f2tica col\u00b7laborativa\" width=\"640\" height=\"427\" srcset=\"https:\/\/eurecat.org\/wp-content\/uploads\/2025\/11\/robotica-colaborativa-200x133.jpg 200w, https:\/\/eurecat.org\/wp-content\/uploads\/2025\/11\/robotica-colaborativa-300x200.jpg 300w, https:\/\/eurecat.org\/wp-content\/uploads\/2025\/11\/robotica-colaborativa-391x260.jpg 391w, https:\/\/eurecat.org\/wp-content\/uploads\/2025\/11\/robotica-colaborativa-400x267.jpg 400w, https:\/\/eurecat.org\/wp-content\/uploads\/2025\/11\/robotica-colaborativa-600x400.jpg 600w, https:\/\/eurecat.org\/wp-content\/uploads\/2025\/11\/robotica-colaborativa.jpg 640w\" sizes=\"(max-width: 640px) 100vw, 640px\" \/><p id=\"caption-attachment-189933\" class=\"wp-caption-text\">Demostraci\u00f3n de rob\u00f3tica colaborativa y la manipulaci\u00f3n conjunta entre humanos y robots, fomentando entornos de trabajo m\u00e1s seguros, eficientes y ergon\u00f3micos.<\/p><\/div><\/blockquote>\n<p><strong>\u00bfC\u00f3mo est\u00e1 participando Eurecat en esta transici\u00f3n?<\/strong><\/p>\n<p><strong>S.N.<\/strong> \u2013 Desde Eurecat impulsamos este cambio como centro tecnol\u00f3gico de referencia, conectando la investigaci\u00f3n y la industria para hacer llegar la rob\u00f3tica avanzada all\u00ed donde genera valor real. Trabajamos en proyectos que combinan percepci\u00f3n, aprendizaje, razonamiento, planificaci\u00f3n y navegaci\u00f3n aut\u00f3noma, que buscan dotar a los robots de la capacidad de adaptarse a su entorno y a las personas.<\/p>\n<p><strong>D.S.<\/strong> \u2013 Adem\u00e1s, nos estamos posicionando como l\u00edderes en rob\u00f3tica en Espa\u00f1a, con una presencia destacada en ecosistemas como la <a href=\"https:\/\/aer-automation.com\/\">Asociaci\u00f3n Espa\u00f1ola de Rob\u00f3tica (AER)<\/a> y siendo este a\u00f1o los organizadores de la conferencia <a href=\"https:\/\/roscon.org.es\/ROSConES2025.html\">ROScon Espa\u00f1a<\/a>, que tendr\u00e1 lugar los pr\u00f3ximos 4 y 5 de noviembre en Barcelona. Tambi\u00e9n nos estamos consolidando en el \u00e1mbito europeo gracias a nuestra participaci\u00f3n en el equipo directivo de <a href=\"https:\/\/eu-robotics.net\/\">euRobotics<\/a>, lo que refuerza nuestro papel como referentes en el desarrollo de la rob\u00f3tica del futuro.<\/p>\n<p><strong>\u00bfPodr\u00edais poner alg\u00fan ejemplo concreto?<\/strong><\/p>\n<p><strong>S.N.<\/strong> \u2013 Uno de los proyectos m\u00e1s recientes consiste en ense\u00f1ar a un robot a realizar tareas complejas mediante la demostraci\u00f3n de una persona. Se utiliza un dispositivo sensorizado impreso en 3D capaz de registrar cientos de datos de manipulaci\u00f3n mientras el usuario interact\u00faa con la herramienta. A partir de esos datos, el algoritmo puede aprender a reproducir los movimientos humanos y ejecutar las tareas con naturalidad.<\/p>\n<p><strong>D.S.<\/strong> \u2013 Tambi\u00e9n estamos trabajando en pinzas rob\u00f3ticas con control de fuerza y sensores t\u00e1ctiles para manipular alimentos delicados, o en sistemas para el desmontaje seguro de bater\u00edas y residuos electr\u00f3nicos, donde cada componente es diferente y es necesario adaptarse a cada caso. En el entorno agr\u00edcola, por ejemplo, estamos desarrollando distintas soluciones para empresas de monitorizaci\u00f3n y cuidado del cultivo en invernaderos. Por otra parte, en entornos dom\u00e9sticos, desarrollamos robots asistenciales que pueden ayudar a personas mayores o con movilidad reducida en las tareas cotidianas.<\/p>\n<div id=\"attachment_189936\" style=\"width: 650px\" class=\"wp-caption aligncenter\"><img decoding=\"async\" aria-describedby=\"caption-attachment-189936\" class=\"wp-image-189936 size-full\" src=\"https:\/\/eurecat.org\/wp-content\/uploads\/2025\/11\/robotnik.jpg\" alt=\"robotnik\" width=\"640\" height=\"427\" srcset=\"https:\/\/eurecat.org\/wp-content\/uploads\/2025\/11\/robotnik-200x133.jpg 200w, https:\/\/eurecat.org\/wp-content\/uploads\/2025\/11\/robotnik-300x200.jpg 300w, https:\/\/eurecat.org\/wp-content\/uploads\/2025\/11\/robotnik-391x260.jpg 391w, https:\/\/eurecat.org\/wp-content\/uploads\/2025\/11\/robotnik-400x267.jpg 400w, https:\/\/eurecat.org\/wp-content\/uploads\/2025\/11\/robotnik-600x400.jpg 600w, https:\/\/eurecat.org\/wp-content\/uploads\/2025\/11\/robotnik.jpg 640w\" sizes=\"(max-width: 640px) 100vw, 640px\" \/><p id=\"caption-attachment-189936\" class=\"wp-caption-text\">Imagen 2: Robot desarrollado por Robotnik y Eurecat, dise\u00f1ado para recoger manzanas de forma aut\u00f3noma y precisa, mostrando los avances de la rob\u00f3tica en el sector agroalimentario.<\/p><\/div>\n<p><strong>\u00bfEn qu\u00e9 sectores veremos primero esta revoluci\u00f3n?<\/strong><\/p>\n<p><strong>S.N.<\/strong> \u2013 Las primeras aplicaciones ya est\u00e1n llegando en \u00e1mbitos como la log\u00edstica, donde los robots deben manipular productos muy diversos, deformables o irregulares. Tambi\u00e9n en el sector de la salud, con sistemas que deben ejecutar tareas que dependen de la situaci\u00f3n de la persona, como en el caso de las personas mayores, en entornos cambiantes. Adem\u00e1s, deben tener la capacidad de interactuar con los humanos de forma que puedan entenderse y adaptar el lenguaje a la situaci\u00f3n.<\/p>\n<p><strong>D.S.<\/strong> \u2013 El agroalimentario es otro campo clave: recoger una fresa sin da\u00f1arla es uno de los retos m\u00e1s complejos que existen. Estas tecnolog\u00edas tambi\u00e9n se abrir\u00e1n paso en \u00e1mbitos inesperados, como el arte y la creatividad, donde la manipulaci\u00f3n deja de ser solo precisi\u00f3n y pasa a ser expresi\u00f3n. En Eurecat estamos explorando c\u00f3mo los robots pueden aprender de una demostraci\u00f3n humana y reinterpretar movimientos para aplicarlo a todos estos sectores.<\/p>\n<p><strong>\u00bfC\u00f3mo se garantiza que la introducci\u00f3n de los robots del futuro respete la seguridad laboral y esta evoluci\u00f3n sea segura y \u00e9tica?<\/strong><\/p>\n<p><strong>S.N.<\/strong> \u2013 La rob\u00f3tica con inteligencia artificial debe ser, por definici\u00f3n, centrada en las personas. Esto empieza por una \u00e9tica pr\u00e1ctica: datos auditables, sesgos evaluados durante todo el ciclo de vida, explicabilidad y privacidad desde el dise\u00f1o, con los humanos siempre implicados, capaces de intervenir y guiar el sistema en cualquier momento. El objetivo no es sustituir a nadie, sino ampliar capacidades y mejorar la ergonom\u00eda y la seguridad, as\u00ed como la inclusividad, mediante interfaces accesibles y control por voz o gestos.<\/p>\n<p><strong>D.S.<\/strong> \u2013 Tambi\u00e9n es necesario impulsar la inclusi\u00f3n y el talento, fomentando la presencia de mujeres y j\u00f3venes en \u00e1reas STEM y conectando la formaci\u00f3n con proyectos reales. En el \u00e1mbito regulatorio, cumplir con el <a href=\"https:\/\/commission.europa.eu\/news-and-media\/news\/ai-act-enters-force-2024-08-01_en\"><em>AI Act<\/em><\/a> no es solo una exigencia legal, sino una ventaja competitiva que refuerza la soberan\u00eda europea y promueve una automatizaci\u00f3n m\u00e1s segura, responsable y compartida. En definitiva, los robots no vienen a reemplazarnos, sino a ayudarnos a centrarnos en las tareas de mayor valor, que potencien la creatividad y la toma de decisiones humanas.<\/p>\n<blockquote>\n<p><strong>\u201cEn Eurecat conectamos investigaci\u00f3n, industria y sociedad para impulsar una rob\u00f3tica que combine inteligencia, inclusividad e impacto positivo en las personas\u201d<\/strong><\/p>\n<p><strong>Daniel Serrano<\/strong>, director de la unidad de rob\u00f3tica y automatizaci\u00f3n, <strong>Eurecat\u00a0<\/strong><\/p>\n<\/blockquote>\n<p><strong>\u00bfC\u00f3mo os imagin\u00e1is los robots dentro de cinco a\u00f1os?<\/strong><\/p>\n<p><strong>D.S.<\/strong> \u2013 Creo que en pocos a\u00f1os veremos robots mucho m\u00e1s h\u00e1biles gracias a la combinaci\u00f3n entre IA y percepci\u00f3n, capaces de aprender nuevas tareas con pocas demostraciones y de adaptarse en tiempo real a situaciones inciertas. Pero tambi\u00e9n estar\u00e1n mucho m\u00e1s presentes en nuestra vida cotidiana, colaborando con las personas y formando parte natural de nuestro d\u00eda a d\u00eda. Igual que ya ocurre en pa\u00edses como Jap\u00f3n o China, la rob\u00f3tica dar\u00e1 un paso adelante hacia una convivencia m\u00e1s estrecha entre humanos y m\u00e1quinas, con aplicaciones \u00fatiles, seguras y respetuosas. Pero siempre con el ser humano al mando y con plena trazabilidad de las decisiones y control responsable de la tecnolog\u00eda.<\/p>\n<p><strong>S.N.<\/strong> \u2013 Veremos nuevas innovaciones disruptivas que acelerar\u00e1n el desarrollo de la nueva generaci\u00f3n de robots integrando algoritmos, sensores, materiales e inteligencia. Algunas tendencias apuntan a incluir piel electr\u00f3nica, visi\u00f3n hiperespectral y materiales blandos inspirados en la naturaleza, que permitir\u00e1n a los robots detectar texturas, presiones o incluso olores. Su inteligencia vendr\u00e1 de la combinaci\u00f3n entre modelos fundacionales y aprendizaje continuo, con eficiencia energ\u00e9tica y respeto por la privacidad.<\/p>\n<div id=\"attachment_189940\" style=\"width: 650px\" class=\"wp-caption aligncenter\"><img decoding=\"async\" aria-describedby=\"caption-attachment-189940\" class=\"wp-image-189940 size-full\" src=\"https:\/\/eurecat.org\/wp-content\/uploads\/2025\/11\/tiago.jpg\" alt=\"\" width=\"640\" height=\"427\" srcset=\"https:\/\/eurecat.org\/wp-content\/uploads\/2025\/11\/tiago-200x133.jpg 200w, https:\/\/eurecat.org\/wp-content\/uploads\/2025\/11\/tiago-300x200.jpg 300w, https:\/\/eurecat.org\/wp-content\/uploads\/2025\/11\/tiago-391x260.jpg 391w, https:\/\/eurecat.org\/wp-content\/uploads\/2025\/11\/tiago-400x267.jpg 400w, https:\/\/eurecat.org\/wp-content\/uploads\/2025\/11\/tiago-600x400.jpg 600w, https:\/\/eurecat.org\/wp-content\/uploads\/2025\/11\/tiago.jpg 640w\" sizes=\"(max-width: 640px) 100vw, 640px\" \/><p id=\"caption-attachment-189940\" class=\"wp-caption-text\">Imagen 3: TIAGo, robot que ejemplifica la nueva generaci\u00f3n de robots cognitivos capaces de aprender, adaptarse y colaborar con los humanos.<\/p><\/div>\n<p><strong>\u00bfQu\u00e9 papel juega Eurecat en este futuro?<\/strong><\/p>\n<p><strong>D.S.<\/strong> \u2013 Eurecat quiere ser un motor de esta nueva era de rob\u00f3tica cognitiva. Nuestro papel es conectar la investigaci\u00f3n con la industria y la sociedad, transfiriendo conocimiento y tecnolog\u00eda para que los robots del futuro no solo realicen tareas, sino que entiendan lo que hacen y por qu\u00e9 lo hacen.<\/p>\n<p><strong>S.N.<\/strong> \u2013 Nuestro objetivo es desarrollar una rob\u00f3tica \u00fatil, \u00e1gil, robusta y humana para ampliar su presencia en la sociedad y en los sectores profesionales. Una rob\u00f3tica presente tanto en hogares, hospitales y servicios ciudadanos, para mejorar la vida de las personas, como en f\u00e1bricas, campos, almacenes y entornos profesionales, para contribuir a una industria m\u00e1s eficiente, competitiva e inclusiva.<\/p>\n<\/div><\/div><\/div><\/div><\/div>\n","protected":false},"excerpt":{"rendered":"","protected":false},"author":6,"featured_media":189953,"comment_status":"open","ping_status":"closed","sticky":false,"template":"","format":"standard","meta":{"footnotes":""},"categories":[133,408],"tags":[],"class_list":["post-191040","post","type-post","status-publish","format-standard","has-post-thumbnail","hentry","category-blog","category-robotica-automatizacion"],"yoast_head":"<!-- This site is optimized with the Yoast SEO plugin v27.4 - https:\/\/yoast.com\/product\/yoast-seo-wordpress\/ -->\n<title>&quot;La inteligencia artificial dar\u00e1 alma a los robots del futuro&quot; - Eurecat<\/title>\n<meta name=\"robots\" content=\"index, follow, max-snippet:-1, max-image-preview:large, max-video-preview:-1\" \/>\n<link rel=\"canonical\" href=\"https:\/\/eurecat.org\/es\/la-inteligencia-artificial-dara-alma-a-los-robots-del-futuro\/\" \/>\n<meta property=\"og:locale\" content=\"es_ES\" \/>\n<meta property=\"og:type\" content=\"article\" \/>\n<meta property=\"og:title\" content=\"&quot;La inteligencia artificial dar\u00e1 alma a los robots del futuro&quot; - Eurecat\" \/>\n<meta property=\"og:url\" content=\"https:\/\/eurecat.org\/es\/la-inteligencia-artificial-dara-alma-a-los-robots-del-futuro\/\" \/>\n<meta property=\"og:site_name\" content=\"Eurecat\" \/>\n<meta property=\"article:published_time\" content=\"2025-11-03T11:54:55+00:00\" \/>\n<meta property=\"article:modified_time\" content=\"2025-12-09T10:44:52+00:00\" \/>\n<meta property=\"og:image\" content=\"https:\/\/eurecat.org\/wp-content\/uploads\/2025\/11\/robotica.jpg\" \/>\n\t<meta property=\"og:image:width\" content=\"800\" \/>\n\t<meta property=\"og:image:height\" content=\"533\" \/>\n\t<meta property=\"og:image:type\" content=\"image\/jpeg\" \/>\n<meta name=\"author\" content=\"EurecatEM\" \/>\n<meta name=\"twitter:card\" content=\"summary_large_image\" \/>\n<meta name=\"twitter:label1\" content=\"Escrito por\" \/>\n\t<meta name=\"twitter:data1\" content=\"EurecatEM\" \/>\n\t<meta name=\"twitter:label2\" content=\"Tiempo de lectura\" \/>\n\t<meta name=\"twitter:data2\" content=\"9 minutos\" \/>\n<script type=\"application\/ld+json\" class=\"yoast-schema-graph\">{\"@context\":\"https:\\\/\\\/schema.org\",\"@graph\":[{\"@type\":\"Article\",\"@id\":\"https:\\\/\\\/eurecat.org\\\/es\\\/la-inteligencia-artificial-dara-alma-a-los-robots-del-futuro\\\/#article\",\"isPartOf\":{\"@id\":\"https:\\\/\\\/eurecat.org\\\/es\\\/la-inteligencia-artificial-dara-alma-a-los-robots-del-futuro\\\/\"},\"author\":{\"name\":\"EurecatEM\",\"@id\":\"https:\\\/\\\/eurecat.org\\\/es\\\/#\\\/schema\\\/person\\\/540d47fd9da63c4587cbae01b88e4db3\"},\"headline\":\"\u00abLa inteligencia artificial dar\u00e1 alma a los robots del futuro\u00bb\",\"datePublished\":\"2025-11-03T11:54:55+00:00\",\"dateModified\":\"2025-12-09T10:44:52+00:00\",\"mainEntityOfPage\":{\"@id\":\"https:\\\/\\\/eurecat.org\\\/es\\\/la-inteligencia-artificial-dara-alma-a-los-robots-del-futuro\\\/\"},\"wordCount\":2859,\"commentCount\":0,\"image\":{\"@id\":\"https:\\\/\\\/eurecat.org\\\/es\\\/la-inteligencia-artificial-dara-alma-a-los-robots-del-futuro\\\/#primaryimage\"},\"thumbnailUrl\":\"https:\\\/\\\/eurecat.org\\\/wp-content\\\/uploads\\\/2025\\\/11\\\/robotica.jpg\",\"articleSection\":[\"Blog\",\"Rob\u00f3tica y Automatizaci\u00f3n\"],\"inLanguage\":\"es\",\"potentialAction\":[{\"@type\":\"CommentAction\",\"name\":\"Comment\",\"target\":[\"https:\\\/\\\/eurecat.org\\\/es\\\/la-inteligencia-artificial-dara-alma-a-los-robots-del-futuro\\\/#respond\"]}]},{\"@type\":\"WebPage\",\"@id\":\"https:\\\/\\\/eurecat.org\\\/es\\\/la-inteligencia-artificial-dara-alma-a-los-robots-del-futuro\\\/\",\"url\":\"https:\\\/\\\/eurecat.org\\\/es\\\/la-inteligencia-artificial-dara-alma-a-los-robots-del-futuro\\\/\",\"name\":\"\\\"La inteligencia artificial dar\u00e1 alma a los robots del futuro\\\" - Eurecat\",\"isPartOf\":{\"@id\":\"https:\\\/\\\/eurecat.org\\\/es\\\/#website\"},\"primaryImageOfPage\":{\"@id\":\"https:\\\/\\\/eurecat.org\\\/es\\\/la-inteligencia-artificial-dara-alma-a-los-robots-del-futuro\\\/#primaryimage\"},\"image\":{\"@id\":\"https:\\\/\\\/eurecat.org\\\/es\\\/la-inteligencia-artificial-dara-alma-a-los-robots-del-futuro\\\/#primaryimage\"},\"thumbnailUrl\":\"https:\\\/\\\/eurecat.org\\\/wp-content\\\/uploads\\\/2025\\\/11\\\/robotica.jpg\",\"datePublished\":\"2025-11-03T11:54:55+00:00\",\"dateModified\":\"2025-12-09T10:44:52+00:00\",\"author\":{\"@id\":\"https:\\\/\\\/eurecat.org\\\/es\\\/#\\\/schema\\\/person\\\/540d47fd9da63c4587cbae01b88e4db3\"},\"breadcrumb\":{\"@id\":\"https:\\\/\\\/eurecat.org\\\/es\\\/la-inteligencia-artificial-dara-alma-a-los-robots-del-futuro\\\/#breadcrumb\"},\"inLanguage\":\"es\",\"potentialAction\":[{\"@type\":\"ReadAction\",\"target\":[\"https:\\\/\\\/eurecat.org\\\/es\\\/la-inteligencia-artificial-dara-alma-a-los-robots-del-futuro\\\/\"]}]},{\"@type\":\"ImageObject\",\"inLanguage\":\"es\",\"@id\":\"https:\\\/\\\/eurecat.org\\\/es\\\/la-inteligencia-artificial-dara-alma-a-los-robots-del-futuro\\\/#primaryimage\",\"url\":\"https:\\\/\\\/eurecat.org\\\/wp-content\\\/uploads\\\/2025\\\/11\\\/robotica.jpg\",\"contentUrl\":\"https:\\\/\\\/eurecat.org\\\/wp-content\\\/uploads\\\/2025\\\/11\\\/robotica.jpg\",\"width\":800,\"height\":533,\"caption\":\"intel\u00b7ligencia artificial\"},{\"@type\":\"BreadcrumbList\",\"@id\":\"https:\\\/\\\/eurecat.org\\\/es\\\/la-inteligencia-artificial-dara-alma-a-los-robots-del-futuro\\\/#breadcrumb\",\"itemListElement\":[{\"@type\":\"ListItem\",\"position\":1,\"name\":\"Inici\",\"item\":\"https:\\\/\\\/eurecat.org\\\/es\\\/\"},{\"@type\":\"ListItem\",\"position\":2,\"name\":\"&#8220;La inteligencia artificial dar\u00e1 alma a los robots del futuro&#8221;\"}]},{\"@type\":\"WebSite\",\"@id\":\"https:\\\/\\\/eurecat.org\\\/es\\\/#website\",\"url\":\"https:\\\/\\\/eurecat.org\\\/es\\\/\",\"name\":\"Eurecat\",\"description\":\"Otro sitio realizado con WordPress\",\"potentialAction\":[{\"@type\":\"SearchAction\",\"target\":{\"@type\":\"EntryPoint\",\"urlTemplate\":\"https:\\\/\\\/eurecat.org\\\/es\\\/?s={search_term_string}\"},\"query-input\":{\"@type\":\"PropertyValueSpecification\",\"valueRequired\":true,\"valueName\":\"search_term_string\"}}],\"inLanguage\":\"es\"},{\"@type\":\"Person\",\"@id\":\"https:\\\/\\\/eurecat.org\\\/es\\\/#\\\/schema\\\/person\\\/540d47fd9da63c4587cbae01b88e4db3\",\"name\":\"EurecatEM\",\"image\":{\"@type\":\"ImageObject\",\"inLanguage\":\"es\",\"@id\":\"https:\\\/\\\/secure.gravatar.com\\\/avatar\\\/deb330c0660ac5bf74cae5724d94229935e34c26df9bce576399b4da2212af05?s=96&d=mm&r=g\",\"url\":\"https:\\\/\\\/secure.gravatar.com\\\/avatar\\\/deb330c0660ac5bf74cae5724d94229935e34c26df9bce576399b4da2212af05?s=96&d=mm&r=g\",\"contentUrl\":\"https:\\\/\\\/secure.gravatar.com\\\/avatar\\\/deb330c0660ac5bf74cae5724d94229935e34c26df9bce576399b4da2212af05?s=96&d=mm&r=g\",\"caption\":\"EurecatEM\"}}]}<\/script>\n<!-- \/ Yoast SEO plugin. -->","yoast_head_json":{"title":"\"La inteligencia artificial dar\u00e1 alma a los robots del futuro\" - Eurecat","robots":{"index":"index","follow":"follow","max-snippet":"max-snippet:-1","max-image-preview":"max-image-preview:large","max-video-preview":"max-video-preview:-1"},"canonical":"https:\/\/eurecat.org\/es\/la-inteligencia-artificial-dara-alma-a-los-robots-del-futuro\/","og_locale":"es_ES","og_type":"article","og_title":"\"La inteligencia artificial dar\u00e1 alma a los robots del futuro\" - Eurecat","og_url":"https:\/\/eurecat.org\/es\/la-inteligencia-artificial-dara-alma-a-los-robots-del-futuro\/","og_site_name":"Eurecat","article_published_time":"2025-11-03T11:54:55+00:00","article_modified_time":"2025-12-09T10:44:52+00:00","og_image":[{"width":800,"height":533,"url":"https:\/\/eurecat.org\/wp-content\/uploads\/2025\/11\/robotica.jpg","type":"image\/jpeg"}],"author":"EurecatEM","twitter_card":"summary_large_image","twitter_misc":{"Escrito por":"EurecatEM","Tiempo de lectura":"9 minutos"},"schema":{"@context":"https:\/\/schema.org","@graph":[{"@type":"Article","@id":"https:\/\/eurecat.org\/es\/la-inteligencia-artificial-dara-alma-a-los-robots-del-futuro\/#article","isPartOf":{"@id":"https:\/\/eurecat.org\/es\/la-inteligencia-artificial-dara-alma-a-los-robots-del-futuro\/"},"author":{"name":"EurecatEM","@id":"https:\/\/eurecat.org\/es\/#\/schema\/person\/540d47fd9da63c4587cbae01b88e4db3"},"headline":"\u00abLa inteligencia artificial dar\u00e1 alma a los robots del futuro\u00bb","datePublished":"2025-11-03T11:54:55+00:00","dateModified":"2025-12-09T10:44:52+00:00","mainEntityOfPage":{"@id":"https:\/\/eurecat.org\/es\/la-inteligencia-artificial-dara-alma-a-los-robots-del-futuro\/"},"wordCount":2859,"commentCount":0,"image":{"@id":"https:\/\/eurecat.org\/es\/la-inteligencia-artificial-dara-alma-a-los-robots-del-futuro\/#primaryimage"},"thumbnailUrl":"https:\/\/eurecat.org\/wp-content\/uploads\/2025\/11\/robotica.jpg","articleSection":["Blog","Rob\u00f3tica y Automatizaci\u00f3n"],"inLanguage":"es","potentialAction":[{"@type":"CommentAction","name":"Comment","target":["https:\/\/eurecat.org\/es\/la-inteligencia-artificial-dara-alma-a-los-robots-del-futuro\/#respond"]}]},{"@type":"WebPage","@id":"https:\/\/eurecat.org\/es\/la-inteligencia-artificial-dara-alma-a-los-robots-del-futuro\/","url":"https:\/\/eurecat.org\/es\/la-inteligencia-artificial-dara-alma-a-los-robots-del-futuro\/","name":"\"La inteligencia artificial dar\u00e1 alma a los robots del futuro\" - Eurecat","isPartOf":{"@id":"https:\/\/eurecat.org\/es\/#website"},"primaryImageOfPage":{"@id":"https:\/\/eurecat.org\/es\/la-inteligencia-artificial-dara-alma-a-los-robots-del-futuro\/#primaryimage"},"image":{"@id":"https:\/\/eurecat.org\/es\/la-inteligencia-artificial-dara-alma-a-los-robots-del-futuro\/#primaryimage"},"thumbnailUrl":"https:\/\/eurecat.org\/wp-content\/uploads\/2025\/11\/robotica.jpg","datePublished":"2025-11-03T11:54:55+00:00","dateModified":"2025-12-09T10:44:52+00:00","author":{"@id":"https:\/\/eurecat.org\/es\/#\/schema\/person\/540d47fd9da63c4587cbae01b88e4db3"},"breadcrumb":{"@id":"https:\/\/eurecat.org\/es\/la-inteligencia-artificial-dara-alma-a-los-robots-del-futuro\/#breadcrumb"},"inLanguage":"es","potentialAction":[{"@type":"ReadAction","target":["https:\/\/eurecat.org\/es\/la-inteligencia-artificial-dara-alma-a-los-robots-del-futuro\/"]}]},{"@type":"ImageObject","inLanguage":"es","@id":"https:\/\/eurecat.org\/es\/la-inteligencia-artificial-dara-alma-a-los-robots-del-futuro\/#primaryimage","url":"https:\/\/eurecat.org\/wp-content\/uploads\/2025\/11\/robotica.jpg","contentUrl":"https:\/\/eurecat.org\/wp-content\/uploads\/2025\/11\/robotica.jpg","width":800,"height":533,"caption":"intel\u00b7ligencia artificial"},{"@type":"BreadcrumbList","@id":"https:\/\/eurecat.org\/es\/la-inteligencia-artificial-dara-alma-a-los-robots-del-futuro\/#breadcrumb","itemListElement":[{"@type":"ListItem","position":1,"name":"Inici","item":"https:\/\/eurecat.org\/es\/"},{"@type":"ListItem","position":2,"name":"&#8220;La inteligencia artificial dar\u00e1 alma a los robots del futuro&#8221;"}]},{"@type":"WebSite","@id":"https:\/\/eurecat.org\/es\/#website","url":"https:\/\/eurecat.org\/es\/","name":"Eurecat","description":"Otro sitio realizado con WordPress","potentialAction":[{"@type":"SearchAction","target":{"@type":"EntryPoint","urlTemplate":"https:\/\/eurecat.org\/es\/?s={search_term_string}"},"query-input":{"@type":"PropertyValueSpecification","valueRequired":true,"valueName":"search_term_string"}}],"inLanguage":"es"},{"@type":"Person","@id":"https:\/\/eurecat.org\/es\/#\/schema\/person\/540d47fd9da63c4587cbae01b88e4db3","name":"EurecatEM","image":{"@type":"ImageObject","inLanguage":"es","@id":"https:\/\/secure.gravatar.com\/avatar\/deb330c0660ac5bf74cae5724d94229935e34c26df9bce576399b4da2212af05?s=96&d=mm&r=g","url":"https:\/\/secure.gravatar.com\/avatar\/deb330c0660ac5bf74cae5724d94229935e34c26df9bce576399b4da2212af05?s=96&d=mm&r=g","contentUrl":"https:\/\/secure.gravatar.com\/avatar\/deb330c0660ac5bf74cae5724d94229935e34c26df9bce576399b4da2212af05?s=96&d=mm&r=g","caption":"EurecatEM"}}]}},"_links":{"self":[{"href":"https:\/\/eurecat.org\/es\/wp-json\/wp\/v2\/posts\/191040","targetHints":{"allow":["GET"]}}],"collection":[{"href":"https:\/\/eurecat.org\/es\/wp-json\/wp\/v2\/posts"}],"about":[{"href":"https:\/\/eurecat.org\/es\/wp-json\/wp\/v2\/types\/post"}],"author":[{"embeddable":true,"href":"https:\/\/eurecat.org\/es\/wp-json\/wp\/v2\/users\/6"}],"replies":[{"embeddable":true,"href":"https:\/\/eurecat.org\/es\/wp-json\/wp\/v2\/comments?post=191040"}],"version-history":[{"count":1,"href":"https:\/\/eurecat.org\/es\/wp-json\/wp\/v2\/posts\/191040\/revisions"}],"predecessor-version":[{"id":191042,"href":"https:\/\/eurecat.org\/es\/wp-json\/wp\/v2\/posts\/191040\/revisions\/191042"}],"wp:featuredmedia":[{"embeddable":true,"href":"https:\/\/eurecat.org\/es\/wp-json\/wp\/v2\/media\/189953"}],"wp:attachment":[{"href":"https:\/\/eurecat.org\/es\/wp-json\/wp\/v2\/media?parent=191040"}],"wp:term":[{"taxonomy":"category","embeddable":true,"href":"https:\/\/eurecat.org\/es\/wp-json\/wp\/v2\/categories?post=191040"},{"taxonomy":"post_tag","embeddable":true,"href":"https:\/\/eurecat.org\/es\/wp-json\/wp\/v2\/tags?post=191040"}],"curies":[{"name":"wp","href":"https:\/\/api.w.org\/{rel}","templated":true}]}}