{"id":191172,"date":"2025-12-12T12:17:29","date_gmt":"2025-12-12T11:17:29","guid":{"rendered":"https:\/\/eurecat.org\/?p=191172"},"modified":"2025-12-12T12:18:52","modified_gmt":"2025-12-12T11:18:52","slug":"eurecat-plantea-una-vision-estrategica-para-liderar-el-desarrollo-de-tecnologias-de-captura-uso-y-almacenamiento-de-co%e2%82%82","status":"publish","type":"post","link":"https:\/\/eurecat.org\/es\/eurecat-plantea-una-vision-estrategica-para-liderar-el-desarrollo-de-tecnologias-de-captura-uso-y-almacenamiento-de-co%e2%82%82\/","title":{"rendered":"Eurecat plantea una visi\u00f3n estrat\u00e9gica para liderar el desarrollo de tecnolog\u00edas de captura, uso y almacenamiento de CO\u2082"},"content":{"rendered":"<div class=\"fusion-fullwidth fullwidth-box fusion-builder-row-1 fusion-flex-container has-pattern-background has-mask-background nonhundred-percent-fullwidth non-hundred-percent-height-scrolling\" style=\"--awb-border-radius-top-left:0px;--awb-border-radius-top-right:0px;--awb-border-radius-bottom-right:0px;--awb-border-radius-bottom-left:0px;--awb-flex-wrap:wrap;\" ><div class=\"fusion-builder-row fusion-row fusion-flex-align-items-flex-start fusion-flex-content-wrap\" style=\"max-width:1424.8px;margin-left: calc(-4% \/ 2 );margin-right: calc(-4% \/ 2 );\"><div class=\"fusion-layout-column fusion_builder_column fusion-builder-column-0 fusion_builder_column_1_1 1_1 fusion-flex-column\" style=\"--awb-bg-size:cover;--awb-width-large:100%;--awb-margin-top-large:0px;--awb-spacing-right-large:1.92%;--awb-margin-bottom-large:20px;--awb-spacing-left-large:1.92%;--awb-width-medium:100%;--awb-order-medium:0;--awb-spacing-right-medium:1.92%;--awb-spacing-left-medium:1.92%;--awb-width-small:100%;--awb-order-small:0;--awb-spacing-right-small:1.92%;--awb-spacing-left-small:1.92%;\"><div class=\"fusion-column-wrapper fusion-column-has-shadow fusion-flex-justify-content-flex-start fusion-content-layout-column\"><div class=\"fusion-text fusion-text-1\"><p>El centro tecnol\u00f3gico <a href=\"http:\/\/eurecat.org\/es\/\">Eurecat<\/a> ha elaborado, en colaboraci\u00f3n con la Asociaci\u00f3n de Empresas de Movilidad, Entorno Sostenible y Smart (AEMES Smart) y el despacho de abogados RCD, el <em>paper<\/em> \u201c<a href=\"https:\/\/www.aemes-smart.com\/es\/informe-y-estudio\/smartvision-paper6-captura-uso-y-almacenamiento-de-co\">Smart Vision Paper #6: Captura, Uso y Almacenamiento de CO\u2082<\/a>\u201d, que plantea una visi\u00f3n estrat\u00e9gica para liderar el desarrollo de estas tecnolog\u00edas en Catalu\u00f1a y Espa\u00f1a, en el contexto europeo e internacional.<\/p>\n<p>Partiendo del conocimiento experto de las unidades tecnol\u00f3gicas de Eurecat de Tecnolog\u00eda Qu\u00edmica, de Residuos, Energ\u00eda e Impacto Ambiental, y de Agua, Aire y Suelos, el documento realiza un an\u00e1lisis del marco normativo, tecnol\u00f3gico, econ\u00f3mico e industrial de la captura, el uso y el almacenamiento de CO\u2082 (en ingl\u00e9s, CCUS \u2013 Carbon Capture, Utilization and Storage).<\/p>\n<p>El estudio, encabezado por el director de Proyectos Singulares de Eurecat, Agust\u00ed Chico, revisa la cadena de valor completa del CO\u2082, desde la captura, hasta el transporte, almacenamiento y uso del di\u00f3xido de carbono.<\/p>\n<p>En concreto, el estudio eval\u00faa el posicionamiento internacional y local, las repercusiones econ\u00f3micas, los casos de \u00e9xito y las industrias prioritarias en el despliegue de estas tecnolog\u00edas de captura, utilizaci\u00f3n y almacenamiento de carbono, identificando los grandes retos y las oportunidades que pueden generar.<\/p>\n<p>\u201cAplicar una buena estrategia en el desarrollo de estas tecnolog\u00edas abre la puerta a posicionar Catalu\u00f1a como un <em>hub<\/em> de descarbonizaci\u00f3n en el sur de Europa. Contar con la madurez tecnol\u00f3gica necesaria, desarrollar una normativa espec\u00edfica y acompa\u00f1arla de incentivos y mecanismos de apoyo ser\u00e1 clave en los pr\u00f3ximos a\u00f1os para impulsar y desarrollar las CCUS y la econom\u00eda del carbono circular, totalmente desfosilizada\u201d, detalla Agust\u00ed Chico.<\/p>\n<p>El despliegue de las tecnolog\u00edas CCUS, remarca, \u201ces clave para llevar a cabo la transici\u00f3n hacia una econom\u00eda clim\u00e1ticamente neutra, especialmente en los sectores industriales de dif\u00edcil abatimiento del CO\u2082, donde las emisiones son intr\u00ednsecas al proceso y no pueden eliminarse \u00fanicamente electrificando. De otro modo, dif\u00edcilmente podr\u00e1n alcanzarse los objetivos de reducci\u00f3n de emisiones marcados por la Uni\u00f3n Europea para los pr\u00f3ximos a\u00f1os\u201d.<\/p>\n<p>Por otra parte, este <em>Smart Vision Paper<\/em> destaca que las tecnolog\u00edas CCUS abren una nueva cadena de valor industrial y de conocimiento que permitir\u00e1 fabricar materiales y productos qu\u00edmicos como los actuales, pero con carbono renovable o reciclado, no proveniente de origen f\u00f3sil. El desarrollo de estos mercados contribuir\u00e1 a la reindustrializaci\u00f3n verde, a la creaci\u00f3n de empleo cualificado y al posicionamiento internacional de las empresas l\u00edderes.<\/p>\n<\/div><\/div><\/div><\/div><\/div>\n","protected":false},"excerpt":{"rendered":"","protected":false},"author":20,"featured_media":191170,"comment_status":"open","ping_status":"closed","sticky":false,"template":"","format":"standard","meta":{"footnotes":""},"categories":[2314,134,2582],"tags":[],"class_list":["post-191172","post","type-post","status-publish","format-standard","has-post-thumbnail","hentry","category-agua-aire-suelos","category-notas-de-prensa","category-weei-es"],"yoast_head":"<!-- This site is optimized with the Yoast SEO plugin v27.4 - https:\/\/yoast.com\/product\/yoast-seo-wordpress\/ -->\n<title>Eurecat plantea una visi\u00f3n estrat\u00e9gica para liderar el desarrollo de tecnolog\u00edas de captura, uso y almacenamiento de CO\u2082 - Eurecat<\/title>\n<meta name=\"robots\" content=\"index, follow, max-snippet:-1, max-image-preview:large, max-video-preview:-1\" \/>\n<link rel=\"canonical\" href=\"https:\/\/eurecat.org\/es\/eurecat-plantea-una-vision-estrategica-para-liderar-el-desarrollo-de-tecnologias-de-captura-uso-y-almacenamiento-de-co%e2%82%82\/\" \/>\n<meta property=\"og:locale\" content=\"es_ES\" \/>\n<meta property=\"og:type\" content=\"article\" \/>\n<meta property=\"og:title\" content=\"Eurecat plantea una visi\u00f3n estrat\u00e9gica para liderar el desarrollo de tecnolog\u00edas de captura, uso y almacenamiento de CO\u2082 - Eurecat\" \/>\n<meta property=\"og:url\" content=\"https:\/\/eurecat.org\/es\/eurecat-plantea-una-vision-estrategica-para-liderar-el-desarrollo-de-tecnologias-de-captura-uso-y-almacenamiento-de-co%e2%82%82\/\" \/>\n<meta property=\"og:site_name\" content=\"Eurecat\" \/>\n<meta property=\"article:published_time\" content=\"2025-12-12T11:17:29+00:00\" \/>\n<meta property=\"article:modified_time\" content=\"2025-12-12T11:18:52+00:00\" \/>\n<meta property=\"og:image\" content=\"https:\/\/eurecat.org\/wp-content\/uploads\/2025\/12\/Eurecat_AgustiChico_800px.jpg\" \/>\n\t<meta property=\"og:image:width\" content=\"800\" \/>\n\t<meta property=\"og:image:height\" content=\"533\" \/>\n\t<meta property=\"og:image:type\" content=\"image\/jpeg\" \/>\n<meta name=\"author\" content=\"EurecatEQZ\" \/>\n<meta name=\"twitter:card\" content=\"summary_large_image\" \/>\n<meta name=\"twitter:label1\" content=\"Escrito por\" \/>\n\t<meta name=\"twitter:data1\" content=\"EurecatEQZ\" \/>\n\t<meta name=\"twitter:label2\" content=\"Tiempo de lectura\" \/>\n\t<meta name=\"twitter:data2\" content=\"3 minutos\" \/>\n<script type=\"application\/ld+json\" class=\"yoast-schema-graph\">{\"@context\":\"https:\\\/\\\/schema.org\",\"@graph\":[{\"@type\":\"Article\",\"@id\":\"https:\\\/\\\/eurecat.org\\\/es\\\/eurecat-plantea-una-vision-estrategica-para-liderar-el-desarrollo-de-tecnologias-de-captura-uso-y-almacenamiento-de-co%e2%82%82\\\/#article\",\"isPartOf\":{\"@id\":\"https:\\\/\\\/eurecat.org\\\/es\\\/eurecat-plantea-una-vision-estrategica-para-liderar-el-desarrollo-de-tecnologias-de-captura-uso-y-almacenamiento-de-co%e2%82%82\\\/\"},\"author\":{\"name\":\"EurecatEQZ\",\"@id\":\"https:\\\/\\\/eurecat.org\\\/es\\\/#\\\/schema\\\/person\\\/99d4d39712001e7621b6867b27b40bed\"},\"headline\":\"Eurecat plantea una visi\u00f3n estrat\u00e9gica para liderar el desarrollo de tecnolog\u00edas de captura, uso y almacenamiento de CO\u2082\",\"datePublished\":\"2025-12-12T11:17:29+00:00\",\"dateModified\":\"2025-12-12T11:18:52+00:00\",\"mainEntityOfPage\":{\"@id\":\"https:\\\/\\\/eurecat.org\\\/es\\\/eurecat-plantea-una-vision-estrategica-para-liderar-el-desarrollo-de-tecnologias-de-captura-uso-y-almacenamiento-de-co%e2%82%82\\\/\"},\"wordCount\":1577,\"commentCount\":0,\"image\":{\"@id\":\"https:\\\/\\\/eurecat.org\\\/es\\\/eurecat-plantea-una-vision-estrategica-para-liderar-el-desarrollo-de-tecnologias-de-captura-uso-y-almacenamiento-de-co%e2%82%82\\\/#primaryimage\"},\"thumbnailUrl\":\"https:\\\/\\\/eurecat.org\\\/wp-content\\\/uploads\\\/2025\\\/12\\\/Eurecat_AgustiChico_800px.jpg\",\"articleSection\":[\"Agua aire suelos\",\"Notas de prensa\",\"WEEI\"],\"inLanguage\":\"es\",\"potentialAction\":[{\"@type\":\"CommentAction\",\"name\":\"Comment\",\"target\":[\"https:\\\/\\\/eurecat.org\\\/es\\\/eurecat-plantea-una-vision-estrategica-para-liderar-el-desarrollo-de-tecnologias-de-captura-uso-y-almacenamiento-de-co%e2%82%82\\\/#respond\"]}]},{\"@type\":\"WebPage\",\"@id\":\"https:\\\/\\\/eurecat.org\\\/es\\\/eurecat-plantea-una-vision-estrategica-para-liderar-el-desarrollo-de-tecnologias-de-captura-uso-y-almacenamiento-de-co%e2%82%82\\\/\",\"url\":\"https:\\\/\\\/eurecat.org\\\/es\\\/eurecat-plantea-una-vision-estrategica-para-liderar-el-desarrollo-de-tecnologias-de-captura-uso-y-almacenamiento-de-co%e2%82%82\\\/\",\"name\":\"Eurecat plantea una visi\u00f3n estrat\u00e9gica para liderar el desarrollo de tecnolog\u00edas de captura, uso y almacenamiento de CO\u2082 - Eurecat\",\"isPartOf\":{\"@id\":\"https:\\\/\\\/eurecat.org\\\/es\\\/#website\"},\"primaryImageOfPage\":{\"@id\":\"https:\\\/\\\/eurecat.org\\\/es\\\/eurecat-plantea-una-vision-estrategica-para-liderar-el-desarrollo-de-tecnologias-de-captura-uso-y-almacenamiento-de-co%e2%82%82\\\/#primaryimage\"},\"image\":{\"@id\":\"https:\\\/\\\/eurecat.org\\\/es\\\/eurecat-plantea-una-vision-estrategica-para-liderar-el-desarrollo-de-tecnologias-de-captura-uso-y-almacenamiento-de-co%e2%82%82\\\/#primaryimage\"},\"thumbnailUrl\":\"https:\\\/\\\/eurecat.org\\\/wp-content\\\/uploads\\\/2025\\\/12\\\/Eurecat_AgustiChico_800px.jpg\",\"datePublished\":\"2025-12-12T11:17:29+00:00\",\"dateModified\":\"2025-12-12T11:18:52+00:00\",\"author\":{\"@id\":\"https:\\\/\\\/eurecat.org\\\/es\\\/#\\\/schema\\\/person\\\/99d4d39712001e7621b6867b27b40bed\"},\"breadcrumb\":{\"@id\":\"https:\\\/\\\/eurecat.org\\\/es\\\/eurecat-plantea-una-vision-estrategica-para-liderar-el-desarrollo-de-tecnologias-de-captura-uso-y-almacenamiento-de-co%e2%82%82\\\/#breadcrumb\"},\"inLanguage\":\"es\",\"potentialAction\":[{\"@type\":\"ReadAction\",\"target\":[\"https:\\\/\\\/eurecat.org\\\/es\\\/eurecat-plantea-una-vision-estrategica-para-liderar-el-desarrollo-de-tecnologias-de-captura-uso-y-almacenamiento-de-co%e2%82%82\\\/\"]}]},{\"@type\":\"ImageObject\",\"inLanguage\":\"es\",\"@id\":\"https:\\\/\\\/eurecat.org\\\/es\\\/eurecat-plantea-una-vision-estrategica-para-liderar-el-desarrollo-de-tecnologias-de-captura-uso-y-almacenamiento-de-co%e2%82%82\\\/#primaryimage\",\"url\":\"https:\\\/\\\/eurecat.org\\\/wp-content\\\/uploads\\\/2025\\\/12\\\/Eurecat_AgustiChico_800px.jpg\",\"contentUrl\":\"https:\\\/\\\/eurecat.org\\\/wp-content\\\/uploads\\\/2025\\\/12\\\/Eurecat_AgustiChico_800px.jpg\",\"width\":800,\"height\":533},{\"@type\":\"BreadcrumbList\",\"@id\":\"https:\\\/\\\/eurecat.org\\\/es\\\/eurecat-plantea-una-vision-estrategica-para-liderar-el-desarrollo-de-tecnologias-de-captura-uso-y-almacenamiento-de-co%e2%82%82\\\/#breadcrumb\",\"itemListElement\":[{\"@type\":\"ListItem\",\"position\":1,\"name\":\"Inici\",\"item\":\"https:\\\/\\\/eurecat.org\\\/es\\\/\"},{\"@type\":\"ListItem\",\"position\":2,\"name\":\"Eurecat plantea una visi\u00f3n estrat\u00e9gica para liderar el desarrollo de tecnolog\u00edas de captura, uso y almacenamiento de CO\u2082\"}]},{\"@type\":\"WebSite\",\"@id\":\"https:\\\/\\\/eurecat.org\\\/es\\\/#website\",\"url\":\"https:\\\/\\\/eurecat.org\\\/es\\\/\",\"name\":\"Eurecat\",\"description\":\"Otro sitio realizado con WordPress\",\"potentialAction\":[{\"@type\":\"SearchAction\",\"target\":{\"@type\":\"EntryPoint\",\"urlTemplate\":\"https:\\\/\\\/eurecat.org\\\/es\\\/?s={search_term_string}\"},\"query-input\":{\"@type\":\"PropertyValueSpecification\",\"valueRequired\":true,\"valueName\":\"search_term_string\"}}],\"inLanguage\":\"es\"},{\"@type\":\"Person\",\"@id\":\"https:\\\/\\\/eurecat.org\\\/es\\\/#\\\/schema\\\/person\\\/99d4d39712001e7621b6867b27b40bed\",\"name\":\"EurecatEQZ\",\"image\":{\"@type\":\"ImageObject\",\"inLanguage\":\"es\",\"@id\":\"https:\\\/\\\/secure.gravatar.com\\\/avatar\\\/6deb26ca61bcc34263c59cc62bb8b08ff90b67af7f99943babf5d86396845993?s=96&d=mm&r=g\",\"url\":\"https:\\\/\\\/secure.gravatar.com\\\/avatar\\\/6deb26ca61bcc34263c59cc62bb8b08ff90b67af7f99943babf5d86396845993?s=96&d=mm&r=g\",\"contentUrl\":\"https:\\\/\\\/secure.gravatar.com\\\/avatar\\\/6deb26ca61bcc34263c59cc62bb8b08ff90b67af7f99943babf5d86396845993?s=96&d=mm&r=g\",\"caption\":\"EurecatEQZ\"}}]}<\/script>\n<!-- \/ Yoast SEO plugin. -->","yoast_head_json":{"title":"Eurecat plantea una visi\u00f3n estrat\u00e9gica para liderar el desarrollo de tecnolog\u00edas de captura, uso y almacenamiento de CO\u2082 - Eurecat","robots":{"index":"index","follow":"follow","max-snippet":"max-snippet:-1","max-image-preview":"max-image-preview:large","max-video-preview":"max-video-preview:-1"},"canonical":"https:\/\/eurecat.org\/es\/eurecat-plantea-una-vision-estrategica-para-liderar-el-desarrollo-de-tecnologias-de-captura-uso-y-almacenamiento-de-co%e2%82%82\/","og_locale":"es_ES","og_type":"article","og_title":"Eurecat plantea una visi\u00f3n estrat\u00e9gica para liderar el desarrollo de tecnolog\u00edas de captura, uso y almacenamiento de CO\u2082 - Eurecat","og_url":"https:\/\/eurecat.org\/es\/eurecat-plantea-una-vision-estrategica-para-liderar-el-desarrollo-de-tecnologias-de-captura-uso-y-almacenamiento-de-co%e2%82%82\/","og_site_name":"Eurecat","article_published_time":"2025-12-12T11:17:29+00:00","article_modified_time":"2025-12-12T11:18:52+00:00","og_image":[{"width":800,"height":533,"url":"https:\/\/eurecat.org\/wp-content\/uploads\/2025\/12\/Eurecat_AgustiChico_800px.jpg","type":"image\/jpeg"}],"author":"EurecatEQZ","twitter_card":"summary_large_image","twitter_misc":{"Escrito por":"EurecatEQZ","Tiempo de lectura":"3 minutos"},"schema":{"@context":"https:\/\/schema.org","@graph":[{"@type":"Article","@id":"https:\/\/eurecat.org\/es\/eurecat-plantea-una-vision-estrategica-para-liderar-el-desarrollo-de-tecnologias-de-captura-uso-y-almacenamiento-de-co%e2%82%82\/#article","isPartOf":{"@id":"https:\/\/eurecat.org\/es\/eurecat-plantea-una-vision-estrategica-para-liderar-el-desarrollo-de-tecnologias-de-captura-uso-y-almacenamiento-de-co%e2%82%82\/"},"author":{"name":"EurecatEQZ","@id":"https:\/\/eurecat.org\/es\/#\/schema\/person\/99d4d39712001e7621b6867b27b40bed"},"headline":"Eurecat plantea una visi\u00f3n estrat\u00e9gica para liderar el desarrollo de tecnolog\u00edas de captura, uso y almacenamiento de CO\u2082","datePublished":"2025-12-12T11:17:29+00:00","dateModified":"2025-12-12T11:18:52+00:00","mainEntityOfPage":{"@id":"https:\/\/eurecat.org\/es\/eurecat-plantea-una-vision-estrategica-para-liderar-el-desarrollo-de-tecnologias-de-captura-uso-y-almacenamiento-de-co%e2%82%82\/"},"wordCount":1577,"commentCount":0,"image":{"@id":"https:\/\/eurecat.org\/es\/eurecat-plantea-una-vision-estrategica-para-liderar-el-desarrollo-de-tecnologias-de-captura-uso-y-almacenamiento-de-co%e2%82%82\/#primaryimage"},"thumbnailUrl":"https:\/\/eurecat.org\/wp-content\/uploads\/2025\/12\/Eurecat_AgustiChico_800px.jpg","articleSection":["Agua aire suelos","Notas de prensa","WEEI"],"inLanguage":"es","potentialAction":[{"@type":"CommentAction","name":"Comment","target":["https:\/\/eurecat.org\/es\/eurecat-plantea-una-vision-estrategica-para-liderar-el-desarrollo-de-tecnologias-de-captura-uso-y-almacenamiento-de-co%e2%82%82\/#respond"]}]},{"@type":"WebPage","@id":"https:\/\/eurecat.org\/es\/eurecat-plantea-una-vision-estrategica-para-liderar-el-desarrollo-de-tecnologias-de-captura-uso-y-almacenamiento-de-co%e2%82%82\/","url":"https:\/\/eurecat.org\/es\/eurecat-plantea-una-vision-estrategica-para-liderar-el-desarrollo-de-tecnologias-de-captura-uso-y-almacenamiento-de-co%e2%82%82\/","name":"Eurecat plantea una visi\u00f3n estrat\u00e9gica para liderar el desarrollo de tecnolog\u00edas de captura, uso y almacenamiento de CO\u2082 - Eurecat","isPartOf":{"@id":"https:\/\/eurecat.org\/es\/#website"},"primaryImageOfPage":{"@id":"https:\/\/eurecat.org\/es\/eurecat-plantea-una-vision-estrategica-para-liderar-el-desarrollo-de-tecnologias-de-captura-uso-y-almacenamiento-de-co%e2%82%82\/#primaryimage"},"image":{"@id":"https:\/\/eurecat.org\/es\/eurecat-plantea-una-vision-estrategica-para-liderar-el-desarrollo-de-tecnologias-de-captura-uso-y-almacenamiento-de-co%e2%82%82\/#primaryimage"},"thumbnailUrl":"https:\/\/eurecat.org\/wp-content\/uploads\/2025\/12\/Eurecat_AgustiChico_800px.jpg","datePublished":"2025-12-12T11:17:29+00:00","dateModified":"2025-12-12T11:18:52+00:00","author":{"@id":"https:\/\/eurecat.org\/es\/#\/schema\/person\/99d4d39712001e7621b6867b27b40bed"},"breadcrumb":{"@id":"https:\/\/eurecat.org\/es\/eurecat-plantea-una-vision-estrategica-para-liderar-el-desarrollo-de-tecnologias-de-captura-uso-y-almacenamiento-de-co%e2%82%82\/#breadcrumb"},"inLanguage":"es","potentialAction":[{"@type":"ReadAction","target":["https:\/\/eurecat.org\/es\/eurecat-plantea-una-vision-estrategica-para-liderar-el-desarrollo-de-tecnologias-de-captura-uso-y-almacenamiento-de-co%e2%82%82\/"]}]},{"@type":"ImageObject","inLanguage":"es","@id":"https:\/\/eurecat.org\/es\/eurecat-plantea-una-vision-estrategica-para-liderar-el-desarrollo-de-tecnologias-de-captura-uso-y-almacenamiento-de-co%e2%82%82\/#primaryimage","url":"https:\/\/eurecat.org\/wp-content\/uploads\/2025\/12\/Eurecat_AgustiChico_800px.jpg","contentUrl":"https:\/\/eurecat.org\/wp-content\/uploads\/2025\/12\/Eurecat_AgustiChico_800px.jpg","width":800,"height":533},{"@type":"BreadcrumbList","@id":"https:\/\/eurecat.org\/es\/eurecat-plantea-una-vision-estrategica-para-liderar-el-desarrollo-de-tecnologias-de-captura-uso-y-almacenamiento-de-co%e2%82%82\/#breadcrumb","itemListElement":[{"@type":"ListItem","position":1,"name":"Inici","item":"https:\/\/eurecat.org\/es\/"},{"@type":"ListItem","position":2,"name":"Eurecat plantea una visi\u00f3n estrat\u00e9gica para liderar el desarrollo de tecnolog\u00edas de captura, uso y almacenamiento de CO\u2082"}]},{"@type":"WebSite","@id":"https:\/\/eurecat.org\/es\/#website","url":"https:\/\/eurecat.org\/es\/","name":"Eurecat","description":"Otro sitio realizado con WordPress","potentialAction":[{"@type":"SearchAction","target":{"@type":"EntryPoint","urlTemplate":"https:\/\/eurecat.org\/es\/?s={search_term_string}"},"query-input":{"@type":"PropertyValueSpecification","valueRequired":true,"valueName":"search_term_string"}}],"inLanguage":"es"},{"@type":"Person","@id":"https:\/\/eurecat.org\/es\/#\/schema\/person\/99d4d39712001e7621b6867b27b40bed","name":"EurecatEQZ","image":{"@type":"ImageObject","inLanguage":"es","@id":"https:\/\/secure.gravatar.com\/avatar\/6deb26ca61bcc34263c59cc62bb8b08ff90b67af7f99943babf5d86396845993?s=96&d=mm&r=g","url":"https:\/\/secure.gravatar.com\/avatar\/6deb26ca61bcc34263c59cc62bb8b08ff90b67af7f99943babf5d86396845993?s=96&d=mm&r=g","contentUrl":"https:\/\/secure.gravatar.com\/avatar\/6deb26ca61bcc34263c59cc62bb8b08ff90b67af7f99943babf5d86396845993?s=96&d=mm&r=g","caption":"EurecatEQZ"}}]}},"_links":{"self":[{"href":"https:\/\/eurecat.org\/es\/wp-json\/wp\/v2\/posts\/191172","targetHints":{"allow":["GET"]}}],"collection":[{"href":"https:\/\/eurecat.org\/es\/wp-json\/wp\/v2\/posts"}],"about":[{"href":"https:\/\/eurecat.org\/es\/wp-json\/wp\/v2\/types\/post"}],"author":[{"embeddable":true,"href":"https:\/\/eurecat.org\/es\/wp-json\/wp\/v2\/users\/20"}],"replies":[{"embeddable":true,"href":"https:\/\/eurecat.org\/es\/wp-json\/wp\/v2\/comments?post=191172"}],"version-history":[{"count":1,"href":"https:\/\/eurecat.org\/es\/wp-json\/wp\/v2\/posts\/191172\/revisions"}],"predecessor-version":[{"id":191173,"href":"https:\/\/eurecat.org\/es\/wp-json\/wp\/v2\/posts\/191172\/revisions\/191173"}],"wp:featuredmedia":[{"embeddable":true,"href":"https:\/\/eurecat.org\/es\/wp-json\/wp\/v2\/media\/191170"}],"wp:attachment":[{"href":"https:\/\/eurecat.org\/es\/wp-json\/wp\/v2\/media?parent=191172"}],"wp:term":[{"taxonomy":"category","embeddable":true,"href":"https:\/\/eurecat.org\/es\/wp-json\/wp\/v2\/categories?post=191172"},{"taxonomy":"post_tag","embeddable":true,"href":"https:\/\/eurecat.org\/es\/wp-json\/wp\/v2\/tags?post=191172"}],"curies":[{"name":"wp","href":"https:\/\/api.w.org\/{rel}","templated":true}]}}