{"id":191343,"date":"2025-12-19T13:18:25","date_gmt":"2025-12-19T12:18:25","guid":{"rendered":"https:\/\/eurecat.org\/?p=191343"},"modified":"2025-12-19T13:24:01","modified_gmt":"2025-12-19T12:24:01","slug":"eurecat-impulsa-un-nuevo-esquema-de-compensacion-de-carbono-en-territorios-mediterraneos","status":"publish","type":"post","link":"https:\/\/eurecat.org\/es\/eurecat-impulsa-un-nuevo-esquema-de-compensacion-de-carbono-en-territorios-mediterraneos\/","title":{"rendered":"Eurecat impulsa un nuevo esquema de compensaci\u00f3n de carbono en territorios mediterr\u00e1neos"},"content":{"rendered":"<div class=\"fusion-fullwidth fullwidth-box fusion-builder-row-1 fusion-flex-container has-pattern-background has-mask-background nonhundred-percent-fullwidth non-hundred-percent-height-scrolling\" style=\"--awb-border-radius-top-left:0px;--awb-border-radius-top-right:0px;--awb-border-radius-bottom-right:0px;--awb-border-radius-bottom-left:0px;--awb-flex-wrap:wrap;\" ><div class=\"fusion-builder-row fusion-row fusion-flex-align-items-flex-start fusion-flex-content-wrap\" style=\"max-width:1424.8px;margin-left: calc(-4% \/ 2 );margin-right: calc(-4% \/ 2 );\"><div class=\"fusion-layout-column fusion_builder_column fusion-builder-column-0 fusion_builder_column_1_1 1_1 fusion-flex-column\" style=\"--awb-bg-size:cover;--awb-width-large:100%;--awb-margin-top-large:0px;--awb-spacing-right-large:1.92%;--awb-margin-bottom-large:20px;--awb-spacing-left-large:1.92%;--awb-width-medium:100%;--awb-order-medium:0;--awb-spacing-right-medium:1.92%;--awb-spacing-left-medium:1.92%;--awb-width-small:100%;--awb-order-small:0;--awb-spacing-right-small:1.92%;--awb-spacing-left-small:1.92%;\"><div class=\"fusion-column-wrapper fusion-column-has-shadow fusion-flex-justify-content-flex-start fusion-content-layout-column\"><div class=\"fusion-text fusion-text-1\"><p>El centro tecnol\u00f3gico <a href=\"http:\/\/eurecat.org\/es\/\">Eurecat<\/a> ha avanzado en un innovador esquema de compensaci\u00f3n voluntaria basado en la reducci\u00f3n de emisiones de gases de efecto invernadero, a fin de proporcionar un incentivo econ\u00f3mico para una agricultura sostenible que revierta en una mejora de la biodiversidad y la calidad del suelo.<\/p>\n<p>La iniciativa se inscribe en el proyecto Bioresilmed, que fomenta la bioeconom\u00eda y la resiliencia clim\u00e1tica en los paisajes mediterr\u00e1neos de costa e interior, y pone especial atenci\u00f3n en la reducci\u00f3n de las emisiones de metano en los arrozales del delta del Ebro, uno de los territorios mediterr\u00e1neos con mayor potencial de mitigaci\u00f3n clim\u00e1tica.<\/p>\n<p>Dentro del proyecto, la <a href=\"https:\/\/empresaclima.org\/\">Fundaci\u00f3n Empresa y Clima (FEC)<\/a> act\u00faa como enlace con entidades y empresas interesadas en compensar sus emisiones mediante cr\u00e9ditos generados localmente.<\/p>\n<p>En un contexto de emergencia clim\u00e1tica, Bioresilmed busca impulsar mecanismos voluntarios que canalizan recursos hacia pr\u00e1cticas agr\u00edcolas sostenibles y resilientes con beneficios ambientales verificables. Con este prop\u00f3sito, el proyecto trabaja en la reducci\u00f3n de emisiones de metano en arrozales, el aumento de materia org\u00e1nica del suelo, el secuestro de carbono en cultivos le\u00f1osos y la adopci\u00f3n de t\u00e9cnicas regenerativas en fincas piloto mediterr\u00e1neas.<\/p>\n<p>\u201cCon iniciativas innovadoras como este proyecto buscamos que los mercados voluntarios de carbono se conviertan en una apuesta tangible por la agricultura regenerativa y la recuperaci\u00f3n de la biodiversidad en el Mediterr\u00e1neo\u201d, explica el director del Centro en Resiliencia Clim\u00e1tica, Carles Ib\u00e1\u00f1ez.<\/p>\n<p>En este sentido, Eurecat \u201caplica est\u00e1ndares rigurosos de monitorizaci\u00f3n, reporte y verificaci\u00f3n para cuantificar las reducciones y garantizar cr\u00e9ditos voluntarios de alta calidad, cuyos ingresos se reinvierten en los agricultores participantes para reforzar su transici\u00f3n hacia una agricultura m\u00e1s sostenible y resiliente\u201d, se\u00f1ala.<\/p>\n<p>\u201cEste esquema ofrece a las empresas y organizaciones la oportunidad de contribuir a la resiliencia clim\u00e1tica apoyando proyectos cercanos, medibles y con impacto directo\u201d, destaca la directora de la Fundaci\u00f3n Empresa y Clima, Elvira Carles.<\/p>\n<p>El esquema ya ha demostrado su eficacia durante las pruebas realizadas en la fase de implementaci\u00f3n del proyecto. Entre las entidades que han participado destacan Comisiones Obreras de Catalunya, que compens\u00f3 parte de su huella de carbono apoyando pr\u00e1cticas de reducci\u00f3n de emisiones en la finca Riet Vell de cultivo ecol\u00f3gico de arroz; el Futbol Club Barcelona, que adquiri\u00f3 cr\u00e9ditos asociados a reducciones en los arrozales de la finca La Llanada; y empresas como Mistral Bonsai y Eurofragance, que tambi\u00e9n se sumaron al apoyo de las pr\u00e1cticas desarrolladas en la misma finca.<\/p>\n<p>\u201cEl modelo de esquema implementado aporta integridad ambiental y social, incentivos econ\u00f3micos para agricultores, transparencia en la comercializaci\u00f3n de cr\u00e9ditos y un enfoque tecnol\u00f3gico diferencial gracias a la participaci\u00f3n de Eurecat, que facilita su replicabilidad en otros territorios mediterr\u00e1neos\u201d, remarca Elvira Carles.<\/p>\n<p>El consorcio Bioresilmed est\u00e1 liderado por el centro tecnol\u00f3gico Eurecat y cuenta con la participaci\u00f3n de la Fundaci\u00f3n Empresa y Clima, el Centro de Investigaci\u00f3n Ecol\u00f3gica y Aplicaciones Forestales (CREAF), la Fundaci\u00f3 Catalunya La Pedrera, la Fundaci\u00f3n Aland, SEO\/BirdLife y la Universitat Rovira i Virgili.<\/p>\n<p>El proyecto tiene el apoyo de la Fundaci\u00f3n Biodiversidad del Ministerio para la Transici\u00f3n Ecol\u00f3gica y el Reto Demogr\u00e1fico (MITECO), en el marco del Plan de Recuperaci\u00f3n, Transformaci\u00f3n y Resiliencia (PRTR), financiado por la Uni\u00f3n Europea \u2013 NextGenerationEU.<\/p>\n<\/div><\/div><\/div><\/div><\/div>\n","protected":false},"excerpt":{"rendered":"","protected":false},"author":20,"featured_media":191341,"comment_status":"open","ping_status":"closed","sticky":false,"template":"","format":"standard","meta":{"footnotes":""},"categories":[134,411],"tags":[],"class_list":["post-191343","post","type-post","status-publish","format-standard","has-post-thumbnail","hentry","category-notas-de-prensa","category-sostenibilidad"],"yoast_head":"<!-- This site is optimized with the Yoast SEO plugin v27.4 - https:\/\/yoast.com\/product\/yoast-seo-wordpress\/ -->\n<title>Eurecat impulsa un nuevo esquema de compensaci\u00f3n de carbono en territorios mediterr\u00e1neos - Eurecat<\/title>\n<meta name=\"robots\" content=\"index, follow, max-snippet:-1, max-image-preview:large, max-video-preview:-1\" \/>\n<link rel=\"canonical\" href=\"https:\/\/eurecat.org\/es\/eurecat-impulsa-un-nuevo-esquema-de-compensacion-de-carbono-en-territorios-mediterraneos\/\" \/>\n<meta property=\"og:locale\" content=\"es_ES\" \/>\n<meta property=\"og:type\" content=\"article\" \/>\n<meta property=\"og:title\" content=\"Eurecat impulsa un nuevo esquema de compensaci\u00f3n de carbono en territorios mediterr\u00e1neos - Eurecat\" \/>\n<meta property=\"og:url\" content=\"https:\/\/eurecat.org\/es\/eurecat-impulsa-un-nuevo-esquema-de-compensacion-de-carbono-en-territorios-mediterraneos\/\" \/>\n<meta property=\"og:site_name\" content=\"Eurecat\" \/>\n<meta property=\"article:published_time\" content=\"2025-12-19T12:18:25+00:00\" \/>\n<meta property=\"article:modified_time\" content=\"2025-12-19T12:24:01+00:00\" \/>\n<meta property=\"og:image\" content=\"https:\/\/eurecat.org\/wp-content\/uploads\/2025\/12\/Muestreo_arrozal_Ebro_Bioresilmed_2_800px.jpg\" \/>\n\t<meta property=\"og:image:width\" content=\"800\" \/>\n\t<meta property=\"og:image:height\" content=\"533\" \/>\n\t<meta property=\"og:image:type\" content=\"image\/jpeg\" \/>\n<meta name=\"author\" content=\"EurecatEQZ\" \/>\n<meta name=\"twitter:card\" content=\"summary_large_image\" \/>\n<meta name=\"twitter:label1\" content=\"Escrito por\" \/>\n\t<meta name=\"twitter:data1\" content=\"EurecatEQZ\" \/>\n\t<meta name=\"twitter:label2\" content=\"Tiempo de lectura\" \/>\n\t<meta name=\"twitter:data2\" content=\"4 minutos\" \/>\n<script type=\"application\/ld+json\" class=\"yoast-schema-graph\">{\"@context\":\"https:\\\/\\\/schema.org\",\"@graph\":[{\"@type\":\"Article\",\"@id\":\"https:\\\/\\\/eurecat.org\\\/es\\\/eurecat-impulsa-un-nuevo-esquema-de-compensacion-de-carbono-en-territorios-mediterraneos\\\/#article\",\"isPartOf\":{\"@id\":\"https:\\\/\\\/eurecat.org\\\/es\\\/eurecat-impulsa-un-nuevo-esquema-de-compensacion-de-carbono-en-territorios-mediterraneos\\\/\"},\"author\":{\"name\":\"EurecatEQZ\",\"@id\":\"https:\\\/\\\/eurecat.org\\\/es\\\/#\\\/schema\\\/person\\\/99d4d39712001e7621b6867b27b40bed\"},\"headline\":\"Eurecat impulsa un nuevo esquema de compensaci\u00f3n de carbono en territorios mediterr\u00e1neos\",\"datePublished\":\"2025-12-19T12:18:25+00:00\",\"dateModified\":\"2025-12-19T12:24:01+00:00\",\"mainEntityOfPage\":{\"@id\":\"https:\\\/\\\/eurecat.org\\\/es\\\/eurecat-impulsa-un-nuevo-esquema-de-compensacion-de-carbono-en-territorios-mediterraneos\\\/\"},\"wordCount\":1767,\"commentCount\":0,\"image\":{\"@id\":\"https:\\\/\\\/eurecat.org\\\/es\\\/eurecat-impulsa-un-nuevo-esquema-de-compensacion-de-carbono-en-territorios-mediterraneos\\\/#primaryimage\"},\"thumbnailUrl\":\"https:\\\/\\\/eurecat.org\\\/wp-content\\\/uploads\\\/2025\\\/12\\\/Muestreo_arrozal_Ebro_Bioresilmed_2_800px.jpg\",\"articleSection\":[\"Notas de prensa\",\"Sostenibilidad\"],\"inLanguage\":\"es\",\"potentialAction\":[{\"@type\":\"CommentAction\",\"name\":\"Comment\",\"target\":[\"https:\\\/\\\/eurecat.org\\\/es\\\/eurecat-impulsa-un-nuevo-esquema-de-compensacion-de-carbono-en-territorios-mediterraneos\\\/#respond\"]}]},{\"@type\":\"WebPage\",\"@id\":\"https:\\\/\\\/eurecat.org\\\/es\\\/eurecat-impulsa-un-nuevo-esquema-de-compensacion-de-carbono-en-territorios-mediterraneos\\\/\",\"url\":\"https:\\\/\\\/eurecat.org\\\/es\\\/eurecat-impulsa-un-nuevo-esquema-de-compensacion-de-carbono-en-territorios-mediterraneos\\\/\",\"name\":\"Eurecat impulsa un nuevo esquema de compensaci\u00f3n de carbono en territorios mediterr\u00e1neos - Eurecat\",\"isPartOf\":{\"@id\":\"https:\\\/\\\/eurecat.org\\\/es\\\/#website\"},\"primaryImageOfPage\":{\"@id\":\"https:\\\/\\\/eurecat.org\\\/es\\\/eurecat-impulsa-un-nuevo-esquema-de-compensacion-de-carbono-en-territorios-mediterraneos\\\/#primaryimage\"},\"image\":{\"@id\":\"https:\\\/\\\/eurecat.org\\\/es\\\/eurecat-impulsa-un-nuevo-esquema-de-compensacion-de-carbono-en-territorios-mediterraneos\\\/#primaryimage\"},\"thumbnailUrl\":\"https:\\\/\\\/eurecat.org\\\/wp-content\\\/uploads\\\/2025\\\/12\\\/Muestreo_arrozal_Ebro_Bioresilmed_2_800px.jpg\",\"datePublished\":\"2025-12-19T12:18:25+00:00\",\"dateModified\":\"2025-12-19T12:24:01+00:00\",\"author\":{\"@id\":\"https:\\\/\\\/eurecat.org\\\/es\\\/#\\\/schema\\\/person\\\/99d4d39712001e7621b6867b27b40bed\"},\"breadcrumb\":{\"@id\":\"https:\\\/\\\/eurecat.org\\\/es\\\/eurecat-impulsa-un-nuevo-esquema-de-compensacion-de-carbono-en-territorios-mediterraneos\\\/#breadcrumb\"},\"inLanguage\":\"es\",\"potentialAction\":[{\"@type\":\"ReadAction\",\"target\":[\"https:\\\/\\\/eurecat.org\\\/es\\\/eurecat-impulsa-un-nuevo-esquema-de-compensacion-de-carbono-en-territorios-mediterraneos\\\/\"]}]},{\"@type\":\"ImageObject\",\"inLanguage\":\"es\",\"@id\":\"https:\\\/\\\/eurecat.org\\\/es\\\/eurecat-impulsa-un-nuevo-esquema-de-compensacion-de-carbono-en-territorios-mediterraneos\\\/#primaryimage\",\"url\":\"https:\\\/\\\/eurecat.org\\\/wp-content\\\/uploads\\\/2025\\\/12\\\/Muestreo_arrozal_Ebro_Bioresilmed_2_800px.jpg\",\"contentUrl\":\"https:\\\/\\\/eurecat.org\\\/wp-content\\\/uploads\\\/2025\\\/12\\\/Muestreo_arrozal_Ebro_Bioresilmed_2_800px.jpg\",\"width\":800,\"height\":533},{\"@type\":\"BreadcrumbList\",\"@id\":\"https:\\\/\\\/eurecat.org\\\/es\\\/eurecat-impulsa-un-nuevo-esquema-de-compensacion-de-carbono-en-territorios-mediterraneos\\\/#breadcrumb\",\"itemListElement\":[{\"@type\":\"ListItem\",\"position\":1,\"name\":\"Inici\",\"item\":\"https:\\\/\\\/eurecat.org\\\/es\\\/\"},{\"@type\":\"ListItem\",\"position\":2,\"name\":\"Eurecat impulsa un nuevo esquema de compensaci\u00f3n de carbono en territorios mediterr\u00e1neos\"}]},{\"@type\":\"WebSite\",\"@id\":\"https:\\\/\\\/eurecat.org\\\/es\\\/#website\",\"url\":\"https:\\\/\\\/eurecat.org\\\/es\\\/\",\"name\":\"Eurecat\",\"description\":\"Otro sitio realizado con WordPress\",\"potentialAction\":[{\"@type\":\"SearchAction\",\"target\":{\"@type\":\"EntryPoint\",\"urlTemplate\":\"https:\\\/\\\/eurecat.org\\\/es\\\/?s={search_term_string}\"},\"query-input\":{\"@type\":\"PropertyValueSpecification\",\"valueRequired\":true,\"valueName\":\"search_term_string\"}}],\"inLanguage\":\"es\"},{\"@type\":\"Person\",\"@id\":\"https:\\\/\\\/eurecat.org\\\/es\\\/#\\\/schema\\\/person\\\/99d4d39712001e7621b6867b27b40bed\",\"name\":\"EurecatEQZ\",\"image\":{\"@type\":\"ImageObject\",\"inLanguage\":\"es\",\"@id\":\"https:\\\/\\\/secure.gravatar.com\\\/avatar\\\/6deb26ca61bcc34263c59cc62bb8b08ff90b67af7f99943babf5d86396845993?s=96&d=mm&r=g\",\"url\":\"https:\\\/\\\/secure.gravatar.com\\\/avatar\\\/6deb26ca61bcc34263c59cc62bb8b08ff90b67af7f99943babf5d86396845993?s=96&d=mm&r=g\",\"contentUrl\":\"https:\\\/\\\/secure.gravatar.com\\\/avatar\\\/6deb26ca61bcc34263c59cc62bb8b08ff90b67af7f99943babf5d86396845993?s=96&d=mm&r=g\",\"caption\":\"EurecatEQZ\"}}]}<\/script>\n<!-- \/ Yoast SEO plugin. -->","yoast_head_json":{"title":"Eurecat impulsa un nuevo esquema de compensaci\u00f3n de carbono en territorios mediterr\u00e1neos - Eurecat","robots":{"index":"index","follow":"follow","max-snippet":"max-snippet:-1","max-image-preview":"max-image-preview:large","max-video-preview":"max-video-preview:-1"},"canonical":"https:\/\/eurecat.org\/es\/eurecat-impulsa-un-nuevo-esquema-de-compensacion-de-carbono-en-territorios-mediterraneos\/","og_locale":"es_ES","og_type":"article","og_title":"Eurecat impulsa un nuevo esquema de compensaci\u00f3n de carbono en territorios mediterr\u00e1neos - Eurecat","og_url":"https:\/\/eurecat.org\/es\/eurecat-impulsa-un-nuevo-esquema-de-compensacion-de-carbono-en-territorios-mediterraneos\/","og_site_name":"Eurecat","article_published_time":"2025-12-19T12:18:25+00:00","article_modified_time":"2025-12-19T12:24:01+00:00","og_image":[{"width":800,"height":533,"url":"https:\/\/eurecat.org\/wp-content\/uploads\/2025\/12\/Muestreo_arrozal_Ebro_Bioresilmed_2_800px.jpg","type":"image\/jpeg"}],"author":"EurecatEQZ","twitter_card":"summary_large_image","twitter_misc":{"Escrito por":"EurecatEQZ","Tiempo de lectura":"4 minutos"},"schema":{"@context":"https:\/\/schema.org","@graph":[{"@type":"Article","@id":"https:\/\/eurecat.org\/es\/eurecat-impulsa-un-nuevo-esquema-de-compensacion-de-carbono-en-territorios-mediterraneos\/#article","isPartOf":{"@id":"https:\/\/eurecat.org\/es\/eurecat-impulsa-un-nuevo-esquema-de-compensacion-de-carbono-en-territorios-mediterraneos\/"},"author":{"name":"EurecatEQZ","@id":"https:\/\/eurecat.org\/es\/#\/schema\/person\/99d4d39712001e7621b6867b27b40bed"},"headline":"Eurecat impulsa un nuevo esquema de compensaci\u00f3n de carbono en territorios mediterr\u00e1neos","datePublished":"2025-12-19T12:18:25+00:00","dateModified":"2025-12-19T12:24:01+00:00","mainEntityOfPage":{"@id":"https:\/\/eurecat.org\/es\/eurecat-impulsa-un-nuevo-esquema-de-compensacion-de-carbono-en-territorios-mediterraneos\/"},"wordCount":1767,"commentCount":0,"image":{"@id":"https:\/\/eurecat.org\/es\/eurecat-impulsa-un-nuevo-esquema-de-compensacion-de-carbono-en-territorios-mediterraneos\/#primaryimage"},"thumbnailUrl":"https:\/\/eurecat.org\/wp-content\/uploads\/2025\/12\/Muestreo_arrozal_Ebro_Bioresilmed_2_800px.jpg","articleSection":["Notas de prensa","Sostenibilidad"],"inLanguage":"es","potentialAction":[{"@type":"CommentAction","name":"Comment","target":["https:\/\/eurecat.org\/es\/eurecat-impulsa-un-nuevo-esquema-de-compensacion-de-carbono-en-territorios-mediterraneos\/#respond"]}]},{"@type":"WebPage","@id":"https:\/\/eurecat.org\/es\/eurecat-impulsa-un-nuevo-esquema-de-compensacion-de-carbono-en-territorios-mediterraneos\/","url":"https:\/\/eurecat.org\/es\/eurecat-impulsa-un-nuevo-esquema-de-compensacion-de-carbono-en-territorios-mediterraneos\/","name":"Eurecat impulsa un nuevo esquema de compensaci\u00f3n de carbono en territorios mediterr\u00e1neos - Eurecat","isPartOf":{"@id":"https:\/\/eurecat.org\/es\/#website"},"primaryImageOfPage":{"@id":"https:\/\/eurecat.org\/es\/eurecat-impulsa-un-nuevo-esquema-de-compensacion-de-carbono-en-territorios-mediterraneos\/#primaryimage"},"image":{"@id":"https:\/\/eurecat.org\/es\/eurecat-impulsa-un-nuevo-esquema-de-compensacion-de-carbono-en-territorios-mediterraneos\/#primaryimage"},"thumbnailUrl":"https:\/\/eurecat.org\/wp-content\/uploads\/2025\/12\/Muestreo_arrozal_Ebro_Bioresilmed_2_800px.jpg","datePublished":"2025-12-19T12:18:25+00:00","dateModified":"2025-12-19T12:24:01+00:00","author":{"@id":"https:\/\/eurecat.org\/es\/#\/schema\/person\/99d4d39712001e7621b6867b27b40bed"},"breadcrumb":{"@id":"https:\/\/eurecat.org\/es\/eurecat-impulsa-un-nuevo-esquema-de-compensacion-de-carbono-en-territorios-mediterraneos\/#breadcrumb"},"inLanguage":"es","potentialAction":[{"@type":"ReadAction","target":["https:\/\/eurecat.org\/es\/eurecat-impulsa-un-nuevo-esquema-de-compensacion-de-carbono-en-territorios-mediterraneos\/"]}]},{"@type":"ImageObject","inLanguage":"es","@id":"https:\/\/eurecat.org\/es\/eurecat-impulsa-un-nuevo-esquema-de-compensacion-de-carbono-en-territorios-mediterraneos\/#primaryimage","url":"https:\/\/eurecat.org\/wp-content\/uploads\/2025\/12\/Muestreo_arrozal_Ebro_Bioresilmed_2_800px.jpg","contentUrl":"https:\/\/eurecat.org\/wp-content\/uploads\/2025\/12\/Muestreo_arrozal_Ebro_Bioresilmed_2_800px.jpg","width":800,"height":533},{"@type":"BreadcrumbList","@id":"https:\/\/eurecat.org\/es\/eurecat-impulsa-un-nuevo-esquema-de-compensacion-de-carbono-en-territorios-mediterraneos\/#breadcrumb","itemListElement":[{"@type":"ListItem","position":1,"name":"Inici","item":"https:\/\/eurecat.org\/es\/"},{"@type":"ListItem","position":2,"name":"Eurecat impulsa un nuevo esquema de compensaci\u00f3n de carbono en territorios mediterr\u00e1neos"}]},{"@type":"WebSite","@id":"https:\/\/eurecat.org\/es\/#website","url":"https:\/\/eurecat.org\/es\/","name":"Eurecat","description":"Otro sitio realizado con WordPress","potentialAction":[{"@type":"SearchAction","target":{"@type":"EntryPoint","urlTemplate":"https:\/\/eurecat.org\/es\/?s={search_term_string}"},"query-input":{"@type":"PropertyValueSpecification","valueRequired":true,"valueName":"search_term_string"}}],"inLanguage":"es"},{"@type":"Person","@id":"https:\/\/eurecat.org\/es\/#\/schema\/person\/99d4d39712001e7621b6867b27b40bed","name":"EurecatEQZ","image":{"@type":"ImageObject","inLanguage":"es","@id":"https:\/\/secure.gravatar.com\/avatar\/6deb26ca61bcc34263c59cc62bb8b08ff90b67af7f99943babf5d86396845993?s=96&d=mm&r=g","url":"https:\/\/secure.gravatar.com\/avatar\/6deb26ca61bcc34263c59cc62bb8b08ff90b67af7f99943babf5d86396845993?s=96&d=mm&r=g","contentUrl":"https:\/\/secure.gravatar.com\/avatar\/6deb26ca61bcc34263c59cc62bb8b08ff90b67af7f99943babf5d86396845993?s=96&d=mm&r=g","caption":"EurecatEQZ"}}]}},"_links":{"self":[{"href":"https:\/\/eurecat.org\/es\/wp-json\/wp\/v2\/posts\/191343","targetHints":{"allow":["GET"]}}],"collection":[{"href":"https:\/\/eurecat.org\/es\/wp-json\/wp\/v2\/posts"}],"about":[{"href":"https:\/\/eurecat.org\/es\/wp-json\/wp\/v2\/types\/post"}],"author":[{"embeddable":true,"href":"https:\/\/eurecat.org\/es\/wp-json\/wp\/v2\/users\/20"}],"replies":[{"embeddable":true,"href":"https:\/\/eurecat.org\/es\/wp-json\/wp\/v2\/comments?post=191343"}],"version-history":[{"count":1,"href":"https:\/\/eurecat.org\/es\/wp-json\/wp\/v2\/posts\/191343\/revisions"}],"predecessor-version":[{"id":191344,"href":"https:\/\/eurecat.org\/es\/wp-json\/wp\/v2\/posts\/191343\/revisions\/191344"}],"wp:featuredmedia":[{"embeddable":true,"href":"https:\/\/eurecat.org\/es\/wp-json\/wp\/v2\/media\/191341"}],"wp:attachment":[{"href":"https:\/\/eurecat.org\/es\/wp-json\/wp\/v2\/media?parent=191343"}],"wp:term":[{"taxonomy":"category","embeddable":true,"href":"https:\/\/eurecat.org\/es\/wp-json\/wp\/v2\/categories?post=191343"},{"taxonomy":"post_tag","embeddable":true,"href":"https:\/\/eurecat.org\/es\/wp-json\/wp\/v2\/tags?post=191343"}],"curies":[{"name":"wp","href":"https:\/\/api.w.org\/{rel}","templated":true}]}}