{"id":191599,"date":"2026-01-16T13:19:38","date_gmt":"2026-01-16T12:19:38","guid":{"rendered":"https:\/\/eurecat.org\/?p=191599"},"modified":"2026-01-16T13:42:10","modified_gmt":"2026-01-16T12:42:10","slug":"visita-del-presidente-del-parlament-a-eurecat-para-conocer-las-infraestructuras-cientifico-tecnologicas-y-los-proyectos-de-innovacion-del-centro-tecnologico","status":"publish","type":"post","link":"https:\/\/eurecat.org\/es\/visita-del-presidente-del-parlament-a-eurecat-para-conocer-las-infraestructuras-cientifico-tecnologicas-y-los-proyectos-de-innovacion-del-centro-tecnologico\/","title":{"rendered":"Visita del presidente del Parlament a Eurecat para conocer las infraestructuras cient\u00edfico-tecnol\u00f3gicas y los proyectos de innovaci\u00f3n del centro tecnol\u00f3gico"},"content":{"rendered":"<div class=\"fusion-fullwidth fullwidth-box fusion-builder-row-1 fusion-flex-container has-pattern-background has-mask-background nonhundred-percent-fullwidth non-hundred-percent-height-scrolling\" style=\"--awb-border-radius-top-left:0px;--awb-border-radius-top-right:0px;--awb-border-radius-bottom-right:0px;--awb-border-radius-bottom-left:0px;--awb-flex-wrap:wrap;\" ><div class=\"fusion-builder-row fusion-row fusion-flex-align-items-flex-start fusion-flex-content-wrap\" style=\"max-width:1424.8px;margin-left: calc(-4% \/ 2 );margin-right: calc(-4% \/ 2 );\"><div class=\"fusion-layout-column fusion_builder_column fusion-builder-column-0 fusion_builder_column_1_1 1_1 fusion-flex-column\" style=\"--awb-bg-size:cover;--awb-width-large:100%;--awb-margin-top-large:0px;--awb-spacing-right-large:1.92%;--awb-margin-bottom-large:20px;--awb-spacing-left-large:1.92%;--awb-width-medium:100%;--awb-order-medium:0;--awb-spacing-right-medium:1.92%;--awb-spacing-left-medium:1.92%;--awb-width-small:100%;--awb-order-small:0;--awb-spacing-right-small:1.92%;--awb-spacing-left-small:1.92%;\"><div class=\"fusion-column-wrapper fusion-column-has-shadow fusion-flex-justify-content-flex-start fusion-content-layout-column\"><div class=\"fusion-text fusion-text-1\"><p>El presidente del Parlament de Catalunya, Josep Rull, ha visitado hoy la sede de <a href=\"http:\/\/eurecat.org\/es\/\">Eurecat<\/a> en Cerdanyola, acompa\u00f1ado por el presidente del centro tecnol\u00f3gico, Daniel Altimiras, y su director general, Xavier L\u00f3pez, donde ha podido conocer los laboratorios de Eurecat para el desarrollo de soluciones punteras en \u00e1mbitos como la rob\u00f3tica inteligente, las bater\u00edas, la movilidad sostenible y la plastr\u00f3nica y los nuevos equipamientos que tiene en marcha en materia de computaci\u00f3n cu\u00e1ntica, con el fin de avanzar en la soberan\u00eda tecnol\u00f3gica y contribuir a que la industria sea m\u00e1s resiliente y competitiva.<\/p>\n<p>En este sentido, el presidente del Parlament ha visitado el espacio donde Eurecat instalar\u00e1 una infraestructura avanzada de computaci\u00f3n cu\u00e1ntica e inteligencia artificial pionera en Europa, en el marco de la convocatoria Singulars Institucionals, financiada por el Departament de Recerca i Universitats y por fondos europeos para transformar las infraestructuras de investigaci\u00f3n de Catalu\u00f1a y generar un impacto real en las empresas.<\/p>\n<p>Este laboratorio de computaci\u00f3n cu\u00e1ntica contar\u00e1 con un emulador cu\u00e1ntico y un <em>digital annealer<\/em> y se sumar\u00e1 a otras infraestructuras tecnol\u00f3gicas singulares de Eurecat para impulsar la innovaci\u00f3n del tejido econ\u00f3mico y empresarial en \u00e1mbitos emergentes, con la finalidad de facilitar la validaci\u00f3n y el escalado de tecnolog\u00eda para acelerar su adopci\u00f3n industrial y transformar el conocimiento en soluciones operativas.<\/p>\n<p>El presidente del Parlament ha destacado el papel estrat\u00e9gico de este centro tecnol\u00f3gico como \u201cinfraestructura clave para el desarrollo econ\u00f3mico e industrial de Catalu\u00f1a\u201d, y para la transferencia de conocimiento hacia el tejido productivo, \u201caportando valor a\u00f1adido en \u00e1mbitos como la rob\u00f3tica o la inteligencia artificial, determinantes para reforzar la competitividad del pa\u00eds\u201d. El presidente tambi\u00e9n ha puesto el acento en la importancia del centro \u201cpara avanzar hacia una soberan\u00eda tecnol\u00f3gica y convertirse en un actor de referencia europeo en innovaci\u00f3n\u201d, basada en la capacidad de generar soluciones alineadas con las necesidades sociales e industriales de Catalu\u00f1a y Europa y con una \u201cvisi\u00f3n \u00e9tica y comprometida con las libertades y los derechos fundamentales\u201d.<\/p>\n<p>Eurecat \u201caporta los recursos necesarios para impulsar la innovaci\u00f3n tecnol\u00f3gica, ofreciendo conocimiento especializado, capacidades diferenciales y acceso a infraestructuras tecnol\u00f3gicas avanzadas, para que la industria sea cada vez m\u00e1s resiliente y productiva y para generar nuevo tejido industrial, en un entorno global en el que la soberan\u00eda tecnol\u00f3gica es fundamental para poder estar siempre un paso por delante\u201d, ha subrayado el director general de Eurecat durante la visita.<\/p>\n<p>En palabras del presidente de Eurecat, Daniel Altimiras, \u201ces clave que cada vez m\u00e1s empresas y organizaciones adopten la innovaci\u00f3n de manera sostenida en el tiempo como estrategia para superar sus desaf\u00edos, avanzar en su competitividad y abrir nuevos mercados, tal y como lo han hecho las m\u00e1s de 3.500 empresas que han llevado a cabo proyectos de I+D+I con Eurecat\u201d.<\/p>\n<p><strong>Eurecat, puntero en rob\u00f3tica avanzada para la industria y la sociedad<\/strong><\/p>\n<p>En el \u00e1mbito de la rob\u00f3tica, el presidente y el director general de Eurecat han presentado al presidente del Parlament algunos proyectos diferenciales que ejemplifican c\u00f3mo el centro tecnol\u00f3gico trabaja con el tejido empresarial para implementar la combinaci\u00f3n de rob\u00f3tica e inteligencia artificial en soluciones reales para las empresas.<\/p>\n<p>En entornos industriales, Eurecat tambi\u00e9n est\u00e1 explorando drones de alta capacidad de carga, de hasta 35\u202fkg, que permiten nuevas operaciones de automatizaci\u00f3n en log\u00edstica, as\u00ed como nuevos enfoques en mantenimiento y montaje, para contribuir a automatizar la industria y mejorar la seguridad y la eficiencia de las operaciones.<\/p>\n<p>En el sector industrial, Eurecat tambi\u00e9n ha probado con \u00e9xito el dise\u00f1o de sistemas productivos flexibles y precisos, capaces de adaptarse a una alta variabilidad de \u00f3rdenes de producci\u00f3n gracias a la combinaci\u00f3n de visi\u00f3n e inteligencia artificial. Esta integraci\u00f3n tecnol\u00f3gica se ha mostrado de especial inter\u00e9s, por ejemplo, en el desmontaje de bater\u00edas y la recuperaci\u00f3n de residuos electr\u00f3nicos y materiales cr\u00edticos.<\/p>\n<p>En el \u00e1mbito social, Eurecat desarrolla distintas tecnolog\u00edas, como robots asistenciales que pueden ayudar a personas mayores o con movilidad reducida en las tareas diarias.<\/p>\n<p><strong>Innovaci\u00f3n para la sustituci\u00f3n de materiales cr\u00edticos en las bater\u00edas el\u00e9ctricas<\/strong><\/p>\n<p>El presidente del Parlament tambi\u00e9n ha visitado el laboratorio de bater\u00edas de Eurecat, que se encuadra dentro de Battech, la unidad conjunta de investigaci\u00f3n en bater\u00edas el\u00e9ctricas impulsada por Eurecat y por el Institut de Recerca en Energia de Catalunya (IREC), donde, entre otras innovaciones, trabaja en la sustituci\u00f3n de materiales cr\u00edticos por materiales abundantes, la investigaci\u00f3n de nuevas qu\u00edmicas para incrementar la densidad energ\u00e9tica, la velocidad de carga, la vida y la seguridad, as\u00ed como la reducci\u00f3n del coste, el peso y el volumen de las bater\u00edas.<\/p>\n<p>Eurecat tambi\u00e9n innova para poder tener bater\u00edas dise\u00f1adas y fabricadas aptas para una segunda vida y para su reciclaje, de manera que todos sus materiales puedan recuperarse de forma econ\u00f3micamente viable y as\u00ed poder fabricar nuevas bater\u00edas, cerrando el ciclo con el menor impacto posible.<\/p>\n<p>Eurecat Cerdanyola tambi\u00e9n acoge una planta de plastr\u00f3nica, que pone a disposici\u00f3n de las empresas esta tecnolog\u00eda emergente que une la electr\u00f3nica y los materiales pl\u00e1sticos para la producci\u00f3n de productos de alto valor a\u00f1adido, dotados de prestaciones avanzadas y con posibilidad de ser fabricados a gran escala.<\/p>\n<p>La plastr\u00f3nica representa una revoluci\u00f3n para los sectores de la automoci\u00f3n, la aeron\u00e1utica, la electr\u00f3nica de consumo y tambi\u00e9n en los \u00e1mbitos m\u00e9dico y deportivo, ya que permite la creaci\u00f3n de nuevos procesos y productos, mediante la combinaci\u00f3n de electr\u00f3nica impresa y la hibridaci\u00f3n de componentes electr\u00f3nicos con procesos tradicionales de transformaci\u00f3n del pl\u00e1stico como la inyecci\u00f3n. En este sentido, la apuesta por la plastr\u00f3nica por parte de Eurecat sustenta la necesidad cada vez mayor por parte de las empresas en t\u00e9rminos de optimizaci\u00f3n de procesos, nuevas tecnolog\u00edas de transformaci\u00f3n y manufactura, as\u00ed como la obtenci\u00f3n de productos de mayor valor a\u00f1adido que incorporen nuevas funciones y sistemas m\u00e1s complejos, personalizables e inteligentes.<\/p>\n<p>Desde el a\u00f1o 2015, Eurecat ha invertido 21 millones de euros en infraestructuras cient\u00edfico-tecnol\u00f3gicas singulares en el territorio catal\u00e1n. Algunos ejemplos destacados en las diferentes sedes son el Centro de Ciencias \u00d3micas en Reus, unidad mixta con la Universitat Rovira i Virgili, la planta piloto de Plastr\u00f3nica en Cerdanyola o el Edificio Semilla en Amposta, destinado este \u00faltimo a testear tecnolog\u00edas de adaptaci\u00f3n y mitigaci\u00f3n al cambio clim\u00e1tico. Eurecat prev\u00e9 invertir hasta 24 millones de euros entre 2025 y 2027 en nuevas infraestructuras.<\/p>\n<p>Han estado tambi\u00e9n presentes en la visita institucional el jefe de Gabinete del presidente del Parlament, Xavier Reinaldos; la directora Corporativa de Eurecat, \u00c0urea Rodr\u00edguez, y el director de Proyectos Singulares y de Laboratorios de Eurecat, Agust\u00ed Chico.<\/p>\n<p>Eurecat cerr\u00f3 el a\u00f1o 2025 con unos ingresos de 75 millones de euros, m\u00e1s del doble de los obtenidos el a\u00f1o 2015, el primer a\u00f1o operativo. Con un impacto multiplicador de 9,37, esto se traduce en una contribuci\u00f3n de 81 millones de euros al PIB de Catalu\u00f1a de manera directa, indirecta e inducida y de 145,6 millones de euros de impacto positivo sobre la facturaci\u00f3n de empresas e instituciones de Catalu\u00f1a.<\/p>\n<\/div><\/div><\/div><\/div><\/div>\n","protected":false},"excerpt":{"rendered":"","protected":false},"author":20,"featured_media":191609,"comment_status":"open","ping_status":"closed","sticky":false,"template":"","format":"standard","meta":{"footnotes":""},"categories":[682,134],"tags":[],"class_list":["post-191599","post","type-post","status-publish","format-standard","has-post-thumbnail","hentry","category-corporatiu-es","category-notas-de-prensa"],"yoast_head":"<!-- This site is optimized with the Yoast SEO plugin v27.4 - https:\/\/yoast.com\/product\/yoast-seo-wordpress\/ -->\n<title>Visita del presidente del Parlament a Eurecat para conocer las infraestructuras cient\u00edfico-tecnol\u00f3gicas y los proyectos de innovaci\u00f3n del centro tecnol\u00f3gico - Eurecat<\/title>\n<meta name=\"robots\" content=\"index, follow, max-snippet:-1, max-image-preview:large, max-video-preview:-1\" \/>\n<link rel=\"canonical\" href=\"https:\/\/eurecat.org\/es\/visita-del-presidente-del-parlament-a-eurecat-para-conocer-las-infraestructuras-cientifico-tecnologicas-y-los-proyectos-de-innovacion-del-centro-tecnologico\/\" \/>\n<meta property=\"og:locale\" content=\"es_ES\" \/>\n<meta property=\"og:type\" content=\"article\" \/>\n<meta property=\"og:title\" content=\"Visita del presidente del Parlament a Eurecat para conocer las infraestructuras cient\u00edfico-tecnol\u00f3gicas y los proyectos de innovaci\u00f3n del centro tecnol\u00f3gico - Eurecat\" \/>\n<meta property=\"og:url\" content=\"https:\/\/eurecat.org\/es\/visita-del-presidente-del-parlament-a-eurecat-para-conocer-las-infraestructuras-cientifico-tecnologicas-y-los-proyectos-de-innovacion-del-centro-tecnologico\/\" \/>\n<meta property=\"og:site_name\" content=\"Eurecat\" \/>\n<meta property=\"article:published_time\" content=\"2026-01-16T12:19:38+00:00\" \/>\n<meta property=\"article:modified_time\" content=\"2026-01-16T12:42:10+00:00\" \/>\n<meta name=\"author\" content=\"EurecatEQZ\" \/>\n<meta name=\"twitter:card\" content=\"summary_large_image\" \/>\n<meta name=\"twitter:label1\" content=\"Escrito por\" \/>\n\t<meta name=\"twitter:data1\" content=\"EurecatEQZ\" \/>\n\t<meta name=\"twitter:label2\" content=\"Tiempo de lectura\" \/>\n\t<meta name=\"twitter:data2\" content=\"7 minutos\" \/>\n<script type=\"application\/ld+json\" class=\"yoast-schema-graph\">{\"@context\":\"https:\\\/\\\/schema.org\",\"@graph\":[{\"@type\":\"Article\",\"@id\":\"https:\\\/\\\/eurecat.org\\\/es\\\/visita-del-presidente-del-parlament-a-eurecat-para-conocer-las-infraestructuras-cientifico-tecnologicas-y-los-proyectos-de-innovacion-del-centro-tecnologico\\\/#article\",\"isPartOf\":{\"@id\":\"https:\\\/\\\/eurecat.org\\\/es\\\/visita-del-presidente-del-parlament-a-eurecat-para-conocer-las-infraestructuras-cientifico-tecnologicas-y-los-proyectos-de-innovacion-del-centro-tecnologico\\\/\"},\"author\":{\"name\":\"EurecatEQZ\",\"@id\":\"https:\\\/\\\/eurecat.org\\\/es\\\/#\\\/schema\\\/person\\\/99d4d39712001e7621b6867b27b40bed\"},\"headline\":\"Visita del presidente del Parlament a Eurecat para conocer las infraestructuras cient\u00edfico-tecnol\u00f3gicas y los proyectos de innovaci\u00f3n del centro tecnol\u00f3gico\",\"datePublished\":\"2026-01-16T12:19:38+00:00\",\"dateModified\":\"2026-01-16T12:42:10+00:00\",\"mainEntityOfPage\":{\"@id\":\"https:\\\/\\\/eurecat.org\\\/es\\\/visita-del-presidente-del-parlament-a-eurecat-para-conocer-las-infraestructuras-cientifico-tecnologicas-y-los-proyectos-de-innovacion-del-centro-tecnologico\\\/\"},\"wordCount\":2467,\"commentCount\":0,\"image\":{\"@id\":\"https:\\\/\\\/eurecat.org\\\/es\\\/visita-del-presidente-del-parlament-a-eurecat-para-conocer-las-infraestructuras-cientifico-tecnologicas-y-los-proyectos-de-innovacion-del-centro-tecnologico\\\/#primaryimage\"},\"thumbnailUrl\":\"https:\\\/\\\/eurecat.org\\\/wp-content\\\/uploads\\\/2026\\\/01\\\/Eurecat_2026-01-16_Visita-President_800_2px-1.jpg\",\"articleSection\":[\"Corporativo\",\"Notas de prensa\"],\"inLanguage\":\"es\",\"potentialAction\":[{\"@type\":\"CommentAction\",\"name\":\"Comment\",\"target\":[\"https:\\\/\\\/eurecat.org\\\/es\\\/visita-del-presidente-del-parlament-a-eurecat-para-conocer-las-infraestructuras-cientifico-tecnologicas-y-los-proyectos-de-innovacion-del-centro-tecnologico\\\/#respond\"]}]},{\"@type\":\"WebPage\",\"@id\":\"https:\\\/\\\/eurecat.org\\\/es\\\/visita-del-presidente-del-parlament-a-eurecat-para-conocer-las-infraestructuras-cientifico-tecnologicas-y-los-proyectos-de-innovacion-del-centro-tecnologico\\\/\",\"url\":\"https:\\\/\\\/eurecat.org\\\/es\\\/visita-del-presidente-del-parlament-a-eurecat-para-conocer-las-infraestructuras-cientifico-tecnologicas-y-los-proyectos-de-innovacion-del-centro-tecnologico\\\/\",\"name\":\"Visita del presidente del Parlament a Eurecat para conocer las infraestructuras cient\u00edfico-tecnol\u00f3gicas y los proyectos de innovaci\u00f3n del centro tecnol\u00f3gico - Eurecat\",\"isPartOf\":{\"@id\":\"https:\\\/\\\/eurecat.org\\\/es\\\/#website\"},\"primaryImageOfPage\":{\"@id\":\"https:\\\/\\\/eurecat.org\\\/es\\\/visita-del-presidente-del-parlament-a-eurecat-para-conocer-las-infraestructuras-cientifico-tecnologicas-y-los-proyectos-de-innovacion-del-centro-tecnologico\\\/#primaryimage\"},\"image\":{\"@id\":\"https:\\\/\\\/eurecat.org\\\/es\\\/visita-del-presidente-del-parlament-a-eurecat-para-conocer-las-infraestructuras-cientifico-tecnologicas-y-los-proyectos-de-innovacion-del-centro-tecnologico\\\/#primaryimage\"},\"thumbnailUrl\":\"https:\\\/\\\/eurecat.org\\\/wp-content\\\/uploads\\\/2026\\\/01\\\/Eurecat_2026-01-16_Visita-President_800_2px-1.jpg\",\"datePublished\":\"2026-01-16T12:19:38+00:00\",\"dateModified\":\"2026-01-16T12:42:10+00:00\",\"author\":{\"@id\":\"https:\\\/\\\/eurecat.org\\\/es\\\/#\\\/schema\\\/person\\\/99d4d39712001e7621b6867b27b40bed\"},\"breadcrumb\":{\"@id\":\"https:\\\/\\\/eurecat.org\\\/es\\\/visita-del-presidente-del-parlament-a-eurecat-para-conocer-las-infraestructuras-cientifico-tecnologicas-y-los-proyectos-de-innovacion-del-centro-tecnologico\\\/#breadcrumb\"},\"inLanguage\":\"es\",\"potentialAction\":[{\"@type\":\"ReadAction\",\"target\":[\"https:\\\/\\\/eurecat.org\\\/es\\\/visita-del-presidente-del-parlament-a-eurecat-para-conocer-las-infraestructuras-cientifico-tecnologicas-y-los-proyectos-de-innovacion-del-centro-tecnologico\\\/\"]}]},{\"@type\":\"ImageObject\",\"inLanguage\":\"es\",\"@id\":\"https:\\\/\\\/eurecat.org\\\/es\\\/visita-del-presidente-del-parlament-a-eurecat-para-conocer-las-infraestructuras-cientifico-tecnologicas-y-los-proyectos-de-innovacion-del-centro-tecnologico\\\/#primaryimage\",\"url\":\"https:\\\/\\\/eurecat.org\\\/wp-content\\\/uploads\\\/2026\\\/01\\\/Eurecat_2026-01-16_Visita-President_800_2px-1.jpg\",\"contentUrl\":\"https:\\\/\\\/eurecat.org\\\/wp-content\\\/uploads\\\/2026\\\/01\\\/Eurecat_2026-01-16_Visita-President_800_2px-1.jpg\"},{\"@type\":\"BreadcrumbList\",\"@id\":\"https:\\\/\\\/eurecat.org\\\/es\\\/visita-del-presidente-del-parlament-a-eurecat-para-conocer-las-infraestructuras-cientifico-tecnologicas-y-los-proyectos-de-innovacion-del-centro-tecnologico\\\/#breadcrumb\",\"itemListElement\":[{\"@type\":\"ListItem\",\"position\":1,\"name\":\"Inici\",\"item\":\"https:\\\/\\\/eurecat.org\\\/es\\\/\"},{\"@type\":\"ListItem\",\"position\":2,\"name\":\"Visita del presidente del Parlament a Eurecat para conocer las infraestructuras cient\u00edfico-tecnol\u00f3gicas y los proyectos de innovaci\u00f3n del centro tecnol\u00f3gico\"}]},{\"@type\":\"WebSite\",\"@id\":\"https:\\\/\\\/eurecat.org\\\/es\\\/#website\",\"url\":\"https:\\\/\\\/eurecat.org\\\/es\\\/\",\"name\":\"Eurecat\",\"description\":\"Otro sitio realizado con WordPress\",\"potentialAction\":[{\"@type\":\"SearchAction\",\"target\":{\"@type\":\"EntryPoint\",\"urlTemplate\":\"https:\\\/\\\/eurecat.org\\\/es\\\/?s={search_term_string}\"},\"query-input\":{\"@type\":\"PropertyValueSpecification\",\"valueRequired\":true,\"valueName\":\"search_term_string\"}}],\"inLanguage\":\"es\"},{\"@type\":\"Person\",\"@id\":\"https:\\\/\\\/eurecat.org\\\/es\\\/#\\\/schema\\\/person\\\/99d4d39712001e7621b6867b27b40bed\",\"name\":\"EurecatEQZ\",\"image\":{\"@type\":\"ImageObject\",\"inLanguage\":\"es\",\"@id\":\"https:\\\/\\\/secure.gravatar.com\\\/avatar\\\/6deb26ca61bcc34263c59cc62bb8b08ff90b67af7f99943babf5d86396845993?s=96&d=mm&r=g\",\"url\":\"https:\\\/\\\/secure.gravatar.com\\\/avatar\\\/6deb26ca61bcc34263c59cc62bb8b08ff90b67af7f99943babf5d86396845993?s=96&d=mm&r=g\",\"contentUrl\":\"https:\\\/\\\/secure.gravatar.com\\\/avatar\\\/6deb26ca61bcc34263c59cc62bb8b08ff90b67af7f99943babf5d86396845993?s=96&d=mm&r=g\",\"caption\":\"EurecatEQZ\"}}]}<\/script>\n<!-- \/ Yoast SEO plugin. -->","yoast_head_json":{"title":"Visita del presidente del Parlament a Eurecat para conocer las infraestructuras cient\u00edfico-tecnol\u00f3gicas y los proyectos de innovaci\u00f3n del centro tecnol\u00f3gico - Eurecat","robots":{"index":"index","follow":"follow","max-snippet":"max-snippet:-1","max-image-preview":"max-image-preview:large","max-video-preview":"max-video-preview:-1"},"canonical":"https:\/\/eurecat.org\/es\/visita-del-presidente-del-parlament-a-eurecat-para-conocer-las-infraestructuras-cientifico-tecnologicas-y-los-proyectos-de-innovacion-del-centro-tecnologico\/","og_locale":"es_ES","og_type":"article","og_title":"Visita del presidente del Parlament a Eurecat para conocer las infraestructuras cient\u00edfico-tecnol\u00f3gicas y los proyectos de innovaci\u00f3n del centro tecnol\u00f3gico - Eurecat","og_url":"https:\/\/eurecat.org\/es\/visita-del-presidente-del-parlament-a-eurecat-para-conocer-las-infraestructuras-cientifico-tecnologicas-y-los-proyectos-de-innovacion-del-centro-tecnologico\/","og_site_name":"Eurecat","article_published_time":"2026-01-16T12:19:38+00:00","article_modified_time":"2026-01-16T12:42:10+00:00","author":"EurecatEQZ","twitter_card":"summary_large_image","twitter_misc":{"Escrito por":"EurecatEQZ","Tiempo de lectura":"7 minutos"},"schema":{"@context":"https:\/\/schema.org","@graph":[{"@type":"Article","@id":"https:\/\/eurecat.org\/es\/visita-del-presidente-del-parlament-a-eurecat-para-conocer-las-infraestructuras-cientifico-tecnologicas-y-los-proyectos-de-innovacion-del-centro-tecnologico\/#article","isPartOf":{"@id":"https:\/\/eurecat.org\/es\/visita-del-presidente-del-parlament-a-eurecat-para-conocer-las-infraestructuras-cientifico-tecnologicas-y-los-proyectos-de-innovacion-del-centro-tecnologico\/"},"author":{"name":"EurecatEQZ","@id":"https:\/\/eurecat.org\/es\/#\/schema\/person\/99d4d39712001e7621b6867b27b40bed"},"headline":"Visita del presidente del Parlament a Eurecat para conocer las infraestructuras cient\u00edfico-tecnol\u00f3gicas y los proyectos de innovaci\u00f3n del centro tecnol\u00f3gico","datePublished":"2026-01-16T12:19:38+00:00","dateModified":"2026-01-16T12:42:10+00:00","mainEntityOfPage":{"@id":"https:\/\/eurecat.org\/es\/visita-del-presidente-del-parlament-a-eurecat-para-conocer-las-infraestructuras-cientifico-tecnologicas-y-los-proyectos-de-innovacion-del-centro-tecnologico\/"},"wordCount":2467,"commentCount":0,"image":{"@id":"https:\/\/eurecat.org\/es\/visita-del-presidente-del-parlament-a-eurecat-para-conocer-las-infraestructuras-cientifico-tecnologicas-y-los-proyectos-de-innovacion-del-centro-tecnologico\/#primaryimage"},"thumbnailUrl":"https:\/\/eurecat.org\/wp-content\/uploads\/2026\/01\/Eurecat_2026-01-16_Visita-President_800_2px-1.jpg","articleSection":["Corporativo","Notas de prensa"],"inLanguage":"es","potentialAction":[{"@type":"CommentAction","name":"Comment","target":["https:\/\/eurecat.org\/es\/visita-del-presidente-del-parlament-a-eurecat-para-conocer-las-infraestructuras-cientifico-tecnologicas-y-los-proyectos-de-innovacion-del-centro-tecnologico\/#respond"]}]},{"@type":"WebPage","@id":"https:\/\/eurecat.org\/es\/visita-del-presidente-del-parlament-a-eurecat-para-conocer-las-infraestructuras-cientifico-tecnologicas-y-los-proyectos-de-innovacion-del-centro-tecnologico\/","url":"https:\/\/eurecat.org\/es\/visita-del-presidente-del-parlament-a-eurecat-para-conocer-las-infraestructuras-cientifico-tecnologicas-y-los-proyectos-de-innovacion-del-centro-tecnologico\/","name":"Visita del presidente del Parlament a Eurecat para conocer las infraestructuras cient\u00edfico-tecnol\u00f3gicas y los proyectos de innovaci\u00f3n del centro tecnol\u00f3gico - Eurecat","isPartOf":{"@id":"https:\/\/eurecat.org\/es\/#website"},"primaryImageOfPage":{"@id":"https:\/\/eurecat.org\/es\/visita-del-presidente-del-parlament-a-eurecat-para-conocer-las-infraestructuras-cientifico-tecnologicas-y-los-proyectos-de-innovacion-del-centro-tecnologico\/#primaryimage"},"image":{"@id":"https:\/\/eurecat.org\/es\/visita-del-presidente-del-parlament-a-eurecat-para-conocer-las-infraestructuras-cientifico-tecnologicas-y-los-proyectos-de-innovacion-del-centro-tecnologico\/#primaryimage"},"thumbnailUrl":"https:\/\/eurecat.org\/wp-content\/uploads\/2026\/01\/Eurecat_2026-01-16_Visita-President_800_2px-1.jpg","datePublished":"2026-01-16T12:19:38+00:00","dateModified":"2026-01-16T12:42:10+00:00","author":{"@id":"https:\/\/eurecat.org\/es\/#\/schema\/person\/99d4d39712001e7621b6867b27b40bed"},"breadcrumb":{"@id":"https:\/\/eurecat.org\/es\/visita-del-presidente-del-parlament-a-eurecat-para-conocer-las-infraestructuras-cientifico-tecnologicas-y-los-proyectos-de-innovacion-del-centro-tecnologico\/#breadcrumb"},"inLanguage":"es","potentialAction":[{"@type":"ReadAction","target":["https:\/\/eurecat.org\/es\/visita-del-presidente-del-parlament-a-eurecat-para-conocer-las-infraestructuras-cientifico-tecnologicas-y-los-proyectos-de-innovacion-del-centro-tecnologico\/"]}]},{"@type":"ImageObject","inLanguage":"es","@id":"https:\/\/eurecat.org\/es\/visita-del-presidente-del-parlament-a-eurecat-para-conocer-las-infraestructuras-cientifico-tecnologicas-y-los-proyectos-de-innovacion-del-centro-tecnologico\/#primaryimage","url":"https:\/\/eurecat.org\/wp-content\/uploads\/2026\/01\/Eurecat_2026-01-16_Visita-President_800_2px-1.jpg","contentUrl":"https:\/\/eurecat.org\/wp-content\/uploads\/2026\/01\/Eurecat_2026-01-16_Visita-President_800_2px-1.jpg"},{"@type":"BreadcrumbList","@id":"https:\/\/eurecat.org\/es\/visita-del-presidente-del-parlament-a-eurecat-para-conocer-las-infraestructuras-cientifico-tecnologicas-y-los-proyectos-de-innovacion-del-centro-tecnologico\/#breadcrumb","itemListElement":[{"@type":"ListItem","position":1,"name":"Inici","item":"https:\/\/eurecat.org\/es\/"},{"@type":"ListItem","position":2,"name":"Visita del presidente del Parlament a Eurecat para conocer las infraestructuras cient\u00edfico-tecnol\u00f3gicas y los proyectos de innovaci\u00f3n del centro tecnol\u00f3gico"}]},{"@type":"WebSite","@id":"https:\/\/eurecat.org\/es\/#website","url":"https:\/\/eurecat.org\/es\/","name":"Eurecat","description":"Otro sitio realizado con WordPress","potentialAction":[{"@type":"SearchAction","target":{"@type":"EntryPoint","urlTemplate":"https:\/\/eurecat.org\/es\/?s={search_term_string}"},"query-input":{"@type":"PropertyValueSpecification","valueRequired":true,"valueName":"search_term_string"}}],"inLanguage":"es"},{"@type":"Person","@id":"https:\/\/eurecat.org\/es\/#\/schema\/person\/99d4d39712001e7621b6867b27b40bed","name":"EurecatEQZ","image":{"@type":"ImageObject","inLanguage":"es","@id":"https:\/\/secure.gravatar.com\/avatar\/6deb26ca61bcc34263c59cc62bb8b08ff90b67af7f99943babf5d86396845993?s=96&d=mm&r=g","url":"https:\/\/secure.gravatar.com\/avatar\/6deb26ca61bcc34263c59cc62bb8b08ff90b67af7f99943babf5d86396845993?s=96&d=mm&r=g","contentUrl":"https:\/\/secure.gravatar.com\/avatar\/6deb26ca61bcc34263c59cc62bb8b08ff90b67af7f99943babf5d86396845993?s=96&d=mm&r=g","caption":"EurecatEQZ"}}]}},"_links":{"self":[{"href":"https:\/\/eurecat.org\/es\/wp-json\/wp\/v2\/posts\/191599","targetHints":{"allow":["GET"]}}],"collection":[{"href":"https:\/\/eurecat.org\/es\/wp-json\/wp\/v2\/posts"}],"about":[{"href":"https:\/\/eurecat.org\/es\/wp-json\/wp\/v2\/types\/post"}],"author":[{"embeddable":true,"href":"https:\/\/eurecat.org\/es\/wp-json\/wp\/v2\/users\/20"}],"replies":[{"embeddable":true,"href":"https:\/\/eurecat.org\/es\/wp-json\/wp\/v2\/comments?post=191599"}],"version-history":[{"count":1,"href":"https:\/\/eurecat.org\/es\/wp-json\/wp\/v2\/posts\/191599\/revisions"}],"predecessor-version":[{"id":191600,"href":"https:\/\/eurecat.org\/es\/wp-json\/wp\/v2\/posts\/191599\/revisions\/191600"}],"wp:featuredmedia":[{"embeddable":true,"href":"https:\/\/eurecat.org\/es\/wp-json\/wp\/v2\/media\/191609"}],"wp:attachment":[{"href":"https:\/\/eurecat.org\/es\/wp-json\/wp\/v2\/media?parent=191599"}],"wp:term":[{"taxonomy":"category","embeddable":true,"href":"https:\/\/eurecat.org\/es\/wp-json\/wp\/v2\/categories?post=191599"},{"taxonomy":"post_tag","embeddable":true,"href":"https:\/\/eurecat.org\/es\/wp-json\/wp\/v2\/tags?post=191599"}],"curies":[{"name":"wp","href":"https:\/\/api.w.org\/{rel}","templated":true}]}}