{"id":19162,"date":"2016-11-22T09:59:47","date_gmt":"2016-11-22T09:59:47","guid":{"rendered":"http:\/\/eurecat.org\/es\/?p=19162"},"modified":"2017-06-22T10:32:10","modified_gmt":"2017-06-22T10:32:10","slug":"eurecat-mobile-forum-2016","status":"publish","type":"post","link":"https:\/\/eurecat.org\/es\/eurecat-mobile-forum-2016\/","title":{"rendered":"Expertos debatir\u00e1n en Barcelona el impacto de la inteligencia artificial en el m\u00f3vil"},"content":{"rendered":"<h2 style=\"text-align: center;\"><span style=\"color: #000000;\"><strong>EURECAT MOBILE FORUM, 29 Y 30 DE NOVIEMBRE<\/strong><\/span><\/h2>\n<h1 style=\"text-align: center;\"><strong>Expertos debatir\u00e1n en Barcelona el impacto de la inteligencia artificial en el m\u00f3vil<\/strong><\/h1>\n<p><strong><u>Barcelona, 22 de noviembre de 2016.-<\/u> <\/strong>Barcelona acoger\u00e1 los d\u00edas 29 y 30 de noviembre el <a href=\"http:\/\/eurecatmobileforum.com\"><strong><span style=\"color: #800080;\">Eurecat Mobile Forum<\/span><\/strong><\/a>, el congreso especializado en las \u00faltimas tendencias y estrategias del sector de la movilidad y las aplicaciones m\u00f3viles, cuyo programa estar\u00e1 dedicado a la incorporaci\u00f3n de la inteligencia artificial, los videojuegos y la realidad virtual al m\u00f3vil, as\u00ed como a los avances relacionados con los drones y el veh\u00edculo inteligente.<\/p>\n<p>El Eurecat Mobile Forum tiene como objetivo \u201canticipar las nuevas experiencias y posibilidades que ofrece el mundo de la movilidad, que es uno de los sectores que m\u00e1s negocio genera actualmente, y catalizar nuevas oportunidades en un entorno de generaci\u00f3n de conocimiento\u201d, explica el director general de Negocio del centro tecnol\u00f3gico Eurecat, Miquel Rey.<\/p>\n<p>El congreso, que est\u00e1 organizado por\u00a0<strong><span style=\"color: #800080;\"><a style=\"color: #800080;\" href=\"https:\/\/eurecat.org\/es\/\">Eurecat<\/a> <\/span><\/strong>(miembro de Tecnio) con el apoyo de la Generalitat de Catalunya, imaginBank, Tecnocom, Elogia, Arsys y Nexica, contar\u00e1 con expertos a nivel nacional e internacional que compartir\u00e1n durante dos d\u00edas las tendencias y novedades del sector para los pr\u00f3ximos a\u00f1os.<\/p>\n<blockquote><p>La realidad virtual, la inteligencia artificial, el gaming y la tecnolog\u00eda drone centran el Eurecat Mobile Forum, que reunir\u00e1 a ejecutivos de compa\u00f1\u00edas como\u00a0<strong><span style=\"color: #800080;\"><a style=\"color: #800080;\" href=\"http:\/\/google.com\">Google<\/a><\/span><\/strong>, <strong><span style=\"color: #800080;\"><a style=\"color: #800080;\" href=\"https:\/\/www.ibm.com\">IBM<\/a><\/span><\/strong>, <strong><span style=\"color: #800080;\"><a style=\"color: #800080;\" href=\"https:\/\/www.microsoft.com\">Microsoft<\/a><\/span><\/strong>, <strong><span style=\"color: #800080;\"><a style=\"color: #800080;\" href=\"https:\/\/www.arsys.es\">Arsys<\/a><\/span><\/strong> i <strong><span style=\"color: #800080;\"><a style=\"color: #800080;\" href=\"http:\/\/www.tecnocom.es\/\">Tecnocom<\/a><\/span><\/strong>.<\/p><\/blockquote>\n<p>En concreto, el primer d\u00eda del Eurecat Mobile Forum estar\u00e1 dedicado a la realidad virtual, la inteligencia artificial y al gaming y contar\u00e1 con la participaci\u00f3n de ejecutivos de compa\u00f1\u00edas como\u00a0<strong><span style=\"color: #800080;\"><a style=\"color: #800080;\" href=\"http:\/\/gamebcn.co\/\">Game BCN<\/a><\/span><\/strong>, <strong><span style=\"color: #800080;\">Tecnocom, Microsoft i IBM<\/span><\/strong>. <strong><span style=\"color: #800080;\">Google\u00a0<\/span><\/strong>estar\u00e1 representada por Daniel Sieberg, autor del libro \u201cLa dieta digital\u201d y Head of Media Outreach de Google. En su ponencia, Sieberg proporcionar\u00e1 estrategias para ser m\u00e1s eficientes gracias al uso de nuevas tecnolog\u00edas como la inteligencia artificial. El experto tambi\u00e9n har\u00e1 una demo en vivo de inteligencia artificial con su nuevo juego \u201cQuick Draw\u201d.<\/p>\n<p>Durante la segunda jornada del congreso, se presentar\u00e1n los resultados del estudio anual Mobile 2016 de la IAB en colaboraci\u00f3n con Elogia, se dar\u00e1n a conocer las \u00faltimas innovaciones en el campo de la inteligencia artificial aplicada a la automoci\u00f3n, el uso de robots en una planta industrial o c\u00f3mo la inteligencia artificial puede ayudar a detectar ciberataques y anomal\u00edas. Tambi\u00e9n se analizar\u00e1n las nuevas aplicaciones de la rob\u00f3tica a\u00e9rea, a cargo de responsables de Eurecat, Altran, Hemav y Mdrone.<\/p>\n<p>La bienvenida institucional del Eurecat Mobile Forum tendr\u00e1 lugar el d\u00eda 29 de noviembre, a las 9.00 horas, a cargo del presidente de Eurecat, Xavier Torra, y de Jordi Puigner\u00f3, secretario de <strong><span style=\"color: #800080;\"><a style=\"color: #800080;\" href=\"http:\/\/sac.gencat.cat\/sacgencat\/AppJava\/organisme_fitxa.jsp?codi=19783\">Telecomunicacions, Ciberseguretat i Societat Digital de la Generalitat de Catalunya<\/a><\/span><\/strong>.<\/p>\n<blockquote><p>Los ganadores de la imaginChallenge Games Edition recoger\u00e1n los premios de la edici\u00f3n 2016 en el congreso.<\/p><\/blockquote>\n<p>Ese mismo d\u00eda, a las 10.15 horas, el director de imaginBank, David Urbano, entregar\u00e1 los premios a los ganadores de la presente edici\u00f3n de la <strong><span style=\"color: #800080;\"><a style=\"color: #800080;\" href=\"http:\/\/imaginchallenge.com\/\">imaginChallenge Games Edition<\/a><\/span><\/strong>, el marat\u00f3n de desarrollo de videojuegos de 24 horas celebrado en Barcelona los pasados d\u00edas 4 y 5 de noviembre de 2016.<\/p>\n<p>La entrega de los premios <strong><span style=\"color: #800080;\"><a style=\"color: #800080;\" href=\"http:\/\/ruralapps.cat\/\">RuralApps<\/a><\/span><\/strong>, que este a\u00f1o han reconocido una app de b\u00fasqueda de fincas rurales y una aplicaci\u00f3n m\u00f3vil para gestionar explotaciones ganaderas, cerrar\u00e1 el Eurecat Mobile Forum el d\u00eda 30 de noviembre.<\/p>\n<p>&nbsp;<\/p>\n<p><strong>Eurecat Mobile Forum<\/strong><\/p>\n<p><strong>D\u00edas y hora:<\/strong> 29 y 30 de noviembre (9.30-14.00 h)<\/p>\n<p><strong>Lugar:<\/strong> CaixaForum Barcelona (Av. Francesc Ferrer i Gu\u00e0rdia, 6-8)<\/p>\n<p>CONSULTAD EL PROGRAMA COMPLETO <strong><span style=\"color: #800080;\"><a style=\"color: #800080;\" href=\"http:\/\/eurecatmobileforum.com\/es\/programa\/\">AQU\u00cd<\/a><\/span><\/strong><\/p>\n<p><strong>ACREDITACIONES: <\/strong><span style=\"color: #800080;\"><a style=\"color: #800080;\" href=\"mailto:premsa@eurecat.org\"><strong>premsa@eurecat.org<\/strong><\/a><\/span><\/p>\n<p>&nbsp;<\/p>\n<p><strong>Pod\u00e9is ampliar la informaci\u00f3n o solicitar entrevistas en el email <\/strong><a href=\"mailto:premsa@eurecat.org\"><strong><span style=\"color: #800080;\">premsa@eurecat.or<\/span><\/strong>g<\/a><strong> y en el m\u00f3vil 630425169.<\/strong><\/p>\n<p><strong>\u00a0<\/strong><\/p>\n<p><strong>Sobre Eurecat<\/strong><\/p>\n<p>Eurecat, Centro Tecnol\u00f3gico de Catalu\u00f1a (miembro de Tecnio), aglutina la experiencia de m\u00e1s de <strong>550 profesionales<\/strong> que generan un volumen de ingresos de <strong>45 millones de euros anuales<\/strong> y presta servicio a m\u00e1s de <strong>1.000 empresas<\/strong>. <strong>I+D aplicado<\/strong>, <strong>servicios tecnol\u00f3gicos<\/strong>, <strong>formaci\u00f3n de alta especializaci\u00f3n<\/strong>, <strong>consultor\u00eda tecnol\u00f3gica<\/strong> y <strong>eventos profesionales<\/strong> son algunos de los servicios que Eurecat ofrece tanto para grandes como para peque\u00f1as y medianas empresas de todos los sectores. Con instalaciones en Barcelona, Canet de Mar, Cerdanyola del Vall\u00e8s, Girona, Lleida, Manresa, Matar\u00f3, Reus y Amposta y con una sede en Brasil, participa en <strong>160 grandes proyectos consorciados de I+D+i<\/strong> nacionales e internacionales de alto valor estrat\u00e9gico y cuenta con <strong>73 patentes<\/strong> y <strong>7 spin-off<\/strong>. El valor a\u00f1adido que aporta Eurecat <strong>acelera la innovaci\u00f3n<\/strong>, <strong>disminuye el gasto en infraestructuras<\/strong> cient\u00edficas y tecnol\u00f3gicas, <strong>reduce los riesgos <\/strong>y proporciona <strong>conocimiento especializado <\/strong>a medida de cada empresa. <strong>M\u00e1s informaci\u00f3n en <\/strong><span style=\"color: #800080;\"><a style=\"color: #800080;\" href=\"http:\/\/www.eurecat.org\"><strong>www.eurecat.org<\/strong><\/a><\/span><\/p>\n<p>&nbsp;<\/p>\n<p><strong><em>M\u00e1s informaci\u00f3n:<\/em><\/strong><\/p>\n<p><strong>Montse Mascar\u00f3<br \/>\nPrensa | Direcci\u00f3n de Comunicaci\u00f3n Corporativa <\/strong><strong>Eurecat<\/strong><\/p>\n<p><strong>Tel. (+34) 932 381 400 | M\u00f3vil: (+34) 630 425 169<br \/>\nC\/e: premsa@eurecat.org | <\/strong><a href=\"http:\/\/www.eurecat.org\">www.eurecat.org<\/a><\/p>\n","protected":false},"excerpt":{"rendered":"<p>EURECAT MOBILE FORUM, 29 Y 30 DE NOVIEMBRE Expertos debatir\u00e1n en Barcelona el impacto de la inteligencia artificial en el m\u00f3vil Barcelona, 22 de noviembre de 2016.- Barcelona acoger\u00e1 los d\u00edas 29 y 30 de noviembre el Eurecat Mobile Forum, el congreso especializado en las \u00faltimas tendencias y estrategias del sector de la movilidad y  [&#8230;]<\/p>\n","protected":false},"author":12,"featured_media":19159,"comment_status":"open","ping_status":"closed","sticky":false,"template":"","format":"standard","meta":{"footnotes":""},"categories":[682,392,702,134],"tags":[621],"class_list":["post-19162","post","type-post","status-publish","format-standard","has-post-thumbnail","hentry","category-corporatiu-es","category-big-data-analytics","category-eventos","category-notas-de-prensa","tag-eurecat-mobile-forum"],"yoast_head":"<!-- This site is optimized with the Yoast SEO plugin v27.5 - https:\/\/yoast.com\/product\/yoast-seo-wordpress\/ -->\n<title>Expertos debatir\u00e1n el impacto de la inteligencia artificial en el m\u00f3vil<\/title>\n<meta name=\"description\" content=\"Barcelona acoger\u00e1 los d\u00edas 29 y 30 de noviembre el Eurecat Mobile Forum, el congreso especializado en movilidad y las aplicaciones m\u00f3viles\" \/>\n<meta name=\"robots\" content=\"index, follow, max-snippet:-1, max-image-preview:large, max-video-preview:-1\" \/>\n<link rel=\"canonical\" href=\"https:\/\/eurecat.org\/es\/eurecat-mobile-forum-2016\/\" \/>\n<meta property=\"og:locale\" content=\"es_ES\" \/>\n<meta property=\"og:type\" content=\"article\" \/>\n<meta property=\"og:title\" content=\"Expertos debatir\u00e1n el impacto de la inteligencia artificial en el m\u00f3vil\" \/>\n<meta property=\"og:description\" content=\"Barcelona acoger\u00e1 los d\u00edas 29 y 30 de noviembre el Eurecat Mobile Forum, el congreso especializado en movilidad y las aplicaciones m\u00f3viles\" \/>\n<meta property=\"og:url\" content=\"https:\/\/eurecat.org\/es\/eurecat-mobile-forum-2016\/\" \/>\n<meta property=\"og:site_name\" content=\"Eurecat\" \/>\n<meta property=\"article:published_time\" content=\"2016-11-22T09:59:47+00:00\" \/>\n<meta property=\"article:modified_time\" content=\"2017-06-22T10:32:10+00:00\" \/>\n<meta property=\"og:image\" content=\"https:\/\/eurecat.org\/wp-content\/uploads\/2016\/11\/Foto_DanielSieberg_Google800px.jpg\" \/>\n\t<meta property=\"og:image:width\" content=\"800\" \/>\n\t<meta property=\"og:image:height\" content=\"600\" \/>\n\t<meta property=\"og:image:type\" content=\"image\/jpeg\" \/>\n<meta name=\"author\" content=\"EurecatEG\" \/>\n<meta name=\"twitter:card\" content=\"summary_large_image\" \/>\n<meta name=\"twitter:label1\" content=\"Escrito por\" \/>\n\t<meta name=\"twitter:data1\" content=\"EurecatEG\" \/>\n\t<meta name=\"twitter:label2\" content=\"Tiempo de lectura\" \/>\n\t<meta name=\"twitter:data2\" content=\"4 minutos\" \/>\n<script type=\"application\/ld+json\" class=\"yoast-schema-graph\">{\"@context\":\"https:\\\/\\\/schema.org\",\"@graph\":[{\"@type\":\"Article\",\"@id\":\"https:\\\/\\\/eurecat.org\\\/es\\\/eurecat-mobile-forum-2016\\\/#article\",\"isPartOf\":{\"@id\":\"https:\\\/\\\/eurecat.org\\\/es\\\/eurecat-mobile-forum-2016\\\/\"},\"author\":{\"name\":\"EurecatEG\",\"@id\":\"https:\\\/\\\/eurecat.org\\\/es\\\/#\\\/schema\\\/person\\\/def9217eded50ee57a9dc4cf0c883f80\"},\"headline\":\"Expertos debatir\u00e1n en Barcelona el impacto de la inteligencia artificial en el m\u00f3vil\",\"datePublished\":\"2016-11-22T09:59:47+00:00\",\"dateModified\":\"2017-06-22T10:32:10+00:00\",\"mainEntityOfPage\":{\"@id\":\"https:\\\/\\\/eurecat.org\\\/es\\\/eurecat-mobile-forum-2016\\\/\"},\"wordCount\":831,\"commentCount\":0,\"image\":{\"@id\":\"https:\\\/\\\/eurecat.org\\\/es\\\/eurecat-mobile-forum-2016\\\/#primaryimage\"},\"thumbnailUrl\":\"https:\\\/\\\/eurecat.org\\\/wp-content\\\/uploads\\\/2016\\\/11\\\/Foto_DanielSieberg_Google800px.jpg\",\"keywords\":[\"eurecat mobile forum\"],\"articleSection\":[\"Corporativo\",\"Data Science &amp; Big Data Analytics\",\"Eventos\",\"Notas de prensa\"],\"inLanguage\":\"es\",\"potentialAction\":[{\"@type\":\"CommentAction\",\"name\":\"Comment\",\"target\":[\"https:\\\/\\\/eurecat.org\\\/es\\\/eurecat-mobile-forum-2016\\\/#respond\"]}]},{\"@type\":\"WebPage\",\"@id\":\"https:\\\/\\\/eurecat.org\\\/es\\\/eurecat-mobile-forum-2016\\\/\",\"url\":\"https:\\\/\\\/eurecat.org\\\/es\\\/eurecat-mobile-forum-2016\\\/\",\"name\":\"Expertos debatir\u00e1n el impacto de la inteligencia artificial en el m\u00f3vil\",\"isPartOf\":{\"@id\":\"https:\\\/\\\/eurecat.org\\\/es\\\/#website\"},\"primaryImageOfPage\":{\"@id\":\"https:\\\/\\\/eurecat.org\\\/es\\\/eurecat-mobile-forum-2016\\\/#primaryimage\"},\"image\":{\"@id\":\"https:\\\/\\\/eurecat.org\\\/es\\\/eurecat-mobile-forum-2016\\\/#primaryimage\"},\"thumbnailUrl\":\"https:\\\/\\\/eurecat.org\\\/wp-content\\\/uploads\\\/2016\\\/11\\\/Foto_DanielSieberg_Google800px.jpg\",\"datePublished\":\"2016-11-22T09:59:47+00:00\",\"dateModified\":\"2017-06-22T10:32:10+00:00\",\"author\":{\"@id\":\"https:\\\/\\\/eurecat.org\\\/es\\\/#\\\/schema\\\/person\\\/def9217eded50ee57a9dc4cf0c883f80\"},\"description\":\"Barcelona acoger\u00e1 los d\u00edas 29 y 30 de noviembre el Eurecat Mobile Forum, el congreso especializado en movilidad y las aplicaciones m\u00f3viles\",\"breadcrumb\":{\"@id\":\"https:\\\/\\\/eurecat.org\\\/es\\\/eurecat-mobile-forum-2016\\\/#breadcrumb\"},\"inLanguage\":\"es\",\"potentialAction\":[{\"@type\":\"ReadAction\",\"target\":[\"https:\\\/\\\/eurecat.org\\\/es\\\/eurecat-mobile-forum-2016\\\/\"]}]},{\"@type\":\"ImageObject\",\"inLanguage\":\"es\",\"@id\":\"https:\\\/\\\/eurecat.org\\\/es\\\/eurecat-mobile-forum-2016\\\/#primaryimage\",\"url\":\"https:\\\/\\\/eurecat.org\\\/wp-content\\\/uploads\\\/2016\\\/11\\\/Foto_DanielSieberg_Google800px.jpg\",\"contentUrl\":\"https:\\\/\\\/eurecat.org\\\/wp-content\\\/uploads\\\/2016\\\/11\\\/Foto_DanielSieberg_Google800px.jpg\",\"width\":800,\"height\":600},{\"@type\":\"BreadcrumbList\",\"@id\":\"https:\\\/\\\/eurecat.org\\\/es\\\/eurecat-mobile-forum-2016\\\/#breadcrumb\",\"itemListElement\":[{\"@type\":\"ListItem\",\"position\":1,\"name\":\"Inici\",\"item\":\"https:\\\/\\\/eurecat.org\\\/es\\\/\"},{\"@type\":\"ListItem\",\"position\":2,\"name\":\"Expertos debatir\u00e1n en Barcelona el impacto de la inteligencia artificial en el m\u00f3vil\"}]},{\"@type\":\"WebSite\",\"@id\":\"https:\\\/\\\/eurecat.org\\\/es\\\/#website\",\"url\":\"https:\\\/\\\/eurecat.org\\\/es\\\/\",\"name\":\"Eurecat\",\"description\":\"Otro sitio realizado con WordPress\",\"potentialAction\":[{\"@type\":\"SearchAction\",\"target\":{\"@type\":\"EntryPoint\",\"urlTemplate\":\"https:\\\/\\\/eurecat.org\\\/es\\\/?s={search_term_string}\"},\"query-input\":{\"@type\":\"PropertyValueSpecification\",\"valueRequired\":true,\"valueName\":\"search_term_string\"}}],\"inLanguage\":\"es\"},{\"@type\":\"Person\",\"@id\":\"https:\\\/\\\/eurecat.org\\\/es\\\/#\\\/schema\\\/person\\\/def9217eded50ee57a9dc4cf0c883f80\",\"name\":\"EurecatEG\",\"image\":{\"@type\":\"ImageObject\",\"inLanguage\":\"es\",\"@id\":\"https:\\\/\\\/secure.gravatar.com\\\/avatar\\\/f40dd9b6ecd3e5c591f3c9b033e495ee0ec9877ba77249fbf268b3889350c824?s=96&d=mm&r=g\",\"url\":\"https:\\\/\\\/secure.gravatar.com\\\/avatar\\\/f40dd9b6ecd3e5c591f3c9b033e495ee0ec9877ba77249fbf268b3889350c824?s=96&d=mm&r=g\",\"contentUrl\":\"https:\\\/\\\/secure.gravatar.com\\\/avatar\\\/f40dd9b6ecd3e5c591f3c9b033e495ee0ec9877ba77249fbf268b3889350c824?s=96&d=mm&r=g\",\"caption\":\"EurecatEG\"}}]}<\/script>\n<!-- \/ Yoast SEO plugin. -->","yoast_head_json":{"title":"Expertos debatir\u00e1n el impacto de la inteligencia artificial en el m\u00f3vil","description":"Barcelona acoger\u00e1 los d\u00edas 29 y 30 de noviembre el Eurecat Mobile Forum, el congreso especializado en movilidad y las aplicaciones m\u00f3viles","robots":{"index":"index","follow":"follow","max-snippet":"max-snippet:-1","max-image-preview":"max-image-preview:large","max-video-preview":"max-video-preview:-1"},"canonical":"https:\/\/eurecat.org\/es\/eurecat-mobile-forum-2016\/","og_locale":"es_ES","og_type":"article","og_title":"Expertos debatir\u00e1n el impacto de la inteligencia artificial en el m\u00f3vil","og_description":"Barcelona acoger\u00e1 los d\u00edas 29 y 30 de noviembre el Eurecat Mobile Forum, el congreso especializado en movilidad y las aplicaciones m\u00f3viles","og_url":"https:\/\/eurecat.org\/es\/eurecat-mobile-forum-2016\/","og_site_name":"Eurecat","article_published_time":"2016-11-22T09:59:47+00:00","article_modified_time":"2017-06-22T10:32:10+00:00","og_image":[{"width":800,"height":600,"url":"https:\/\/eurecat.org\/wp-content\/uploads\/2016\/11\/Foto_DanielSieberg_Google800px.jpg","type":"image\/jpeg"}],"author":"EurecatEG","twitter_card":"summary_large_image","twitter_misc":{"Escrito por":"EurecatEG","Tiempo de lectura":"4 minutos"},"schema":{"@context":"https:\/\/schema.org","@graph":[{"@type":"Article","@id":"https:\/\/eurecat.org\/es\/eurecat-mobile-forum-2016\/#article","isPartOf":{"@id":"https:\/\/eurecat.org\/es\/eurecat-mobile-forum-2016\/"},"author":{"name":"EurecatEG","@id":"https:\/\/eurecat.org\/es\/#\/schema\/person\/def9217eded50ee57a9dc4cf0c883f80"},"headline":"Expertos debatir\u00e1n en Barcelona el impacto de la inteligencia artificial en el m\u00f3vil","datePublished":"2016-11-22T09:59:47+00:00","dateModified":"2017-06-22T10:32:10+00:00","mainEntityOfPage":{"@id":"https:\/\/eurecat.org\/es\/eurecat-mobile-forum-2016\/"},"wordCount":831,"commentCount":0,"image":{"@id":"https:\/\/eurecat.org\/es\/eurecat-mobile-forum-2016\/#primaryimage"},"thumbnailUrl":"https:\/\/eurecat.org\/wp-content\/uploads\/2016\/11\/Foto_DanielSieberg_Google800px.jpg","keywords":["eurecat mobile forum"],"articleSection":["Corporativo","Data Science &amp; Big Data Analytics","Eventos","Notas de prensa"],"inLanguage":"es","potentialAction":[{"@type":"CommentAction","name":"Comment","target":["https:\/\/eurecat.org\/es\/eurecat-mobile-forum-2016\/#respond"]}]},{"@type":"WebPage","@id":"https:\/\/eurecat.org\/es\/eurecat-mobile-forum-2016\/","url":"https:\/\/eurecat.org\/es\/eurecat-mobile-forum-2016\/","name":"Expertos debatir\u00e1n el impacto de la inteligencia artificial en el m\u00f3vil","isPartOf":{"@id":"https:\/\/eurecat.org\/es\/#website"},"primaryImageOfPage":{"@id":"https:\/\/eurecat.org\/es\/eurecat-mobile-forum-2016\/#primaryimage"},"image":{"@id":"https:\/\/eurecat.org\/es\/eurecat-mobile-forum-2016\/#primaryimage"},"thumbnailUrl":"https:\/\/eurecat.org\/wp-content\/uploads\/2016\/11\/Foto_DanielSieberg_Google800px.jpg","datePublished":"2016-11-22T09:59:47+00:00","dateModified":"2017-06-22T10:32:10+00:00","author":{"@id":"https:\/\/eurecat.org\/es\/#\/schema\/person\/def9217eded50ee57a9dc4cf0c883f80"},"description":"Barcelona acoger\u00e1 los d\u00edas 29 y 30 de noviembre el Eurecat Mobile Forum, el congreso especializado en movilidad y las aplicaciones m\u00f3viles","breadcrumb":{"@id":"https:\/\/eurecat.org\/es\/eurecat-mobile-forum-2016\/#breadcrumb"},"inLanguage":"es","potentialAction":[{"@type":"ReadAction","target":["https:\/\/eurecat.org\/es\/eurecat-mobile-forum-2016\/"]}]},{"@type":"ImageObject","inLanguage":"es","@id":"https:\/\/eurecat.org\/es\/eurecat-mobile-forum-2016\/#primaryimage","url":"https:\/\/eurecat.org\/wp-content\/uploads\/2016\/11\/Foto_DanielSieberg_Google800px.jpg","contentUrl":"https:\/\/eurecat.org\/wp-content\/uploads\/2016\/11\/Foto_DanielSieberg_Google800px.jpg","width":800,"height":600},{"@type":"BreadcrumbList","@id":"https:\/\/eurecat.org\/es\/eurecat-mobile-forum-2016\/#breadcrumb","itemListElement":[{"@type":"ListItem","position":1,"name":"Inici","item":"https:\/\/eurecat.org\/es\/"},{"@type":"ListItem","position":2,"name":"Expertos debatir\u00e1n en Barcelona el impacto de la inteligencia artificial en el m\u00f3vil"}]},{"@type":"WebSite","@id":"https:\/\/eurecat.org\/es\/#website","url":"https:\/\/eurecat.org\/es\/","name":"Eurecat","description":"Otro sitio realizado con WordPress","potentialAction":[{"@type":"SearchAction","target":{"@type":"EntryPoint","urlTemplate":"https:\/\/eurecat.org\/es\/?s={search_term_string}"},"query-input":{"@type":"PropertyValueSpecification","valueRequired":true,"valueName":"search_term_string"}}],"inLanguage":"es"},{"@type":"Person","@id":"https:\/\/eurecat.org\/es\/#\/schema\/person\/def9217eded50ee57a9dc4cf0c883f80","name":"EurecatEG","image":{"@type":"ImageObject","inLanguage":"es","@id":"https:\/\/secure.gravatar.com\/avatar\/f40dd9b6ecd3e5c591f3c9b033e495ee0ec9877ba77249fbf268b3889350c824?s=96&d=mm&r=g","url":"https:\/\/secure.gravatar.com\/avatar\/f40dd9b6ecd3e5c591f3c9b033e495ee0ec9877ba77249fbf268b3889350c824?s=96&d=mm&r=g","contentUrl":"https:\/\/secure.gravatar.com\/avatar\/f40dd9b6ecd3e5c591f3c9b033e495ee0ec9877ba77249fbf268b3889350c824?s=96&d=mm&r=g","caption":"EurecatEG"}}]}},"_links":{"self":[{"href":"https:\/\/eurecat.org\/es\/wp-json\/wp\/v2\/posts\/19162","targetHints":{"allow":["GET"]}}],"collection":[{"href":"https:\/\/eurecat.org\/es\/wp-json\/wp\/v2\/posts"}],"about":[{"href":"https:\/\/eurecat.org\/es\/wp-json\/wp\/v2\/types\/post"}],"author":[{"embeddable":true,"href":"https:\/\/eurecat.org\/es\/wp-json\/wp\/v2\/users\/12"}],"replies":[{"embeddable":true,"href":"https:\/\/eurecat.org\/es\/wp-json\/wp\/v2\/comments?post=19162"}],"version-history":[{"count":0,"href":"https:\/\/eurecat.org\/es\/wp-json\/wp\/v2\/posts\/19162\/revisions"}],"wp:featuredmedia":[{"embeddable":true,"href":"https:\/\/eurecat.org\/es\/wp-json\/wp\/v2\/media\/19159"}],"wp:attachment":[{"href":"https:\/\/eurecat.org\/es\/wp-json\/wp\/v2\/media?parent=19162"}],"wp:term":[{"taxonomy":"category","embeddable":true,"href":"https:\/\/eurecat.org\/es\/wp-json\/wp\/v2\/categories?post=19162"},{"taxonomy":"post_tag","embeddable":true,"href":"https:\/\/eurecat.org\/es\/wp-json\/wp\/v2\/tags?post=19162"}],"curies":[{"name":"wp","href":"https:\/\/api.w.org\/{rel}","templated":true}]}}