{"id":191935,"date":"2026-01-27T13:40:52","date_gmt":"2026-01-27T12:40:52","guid":{"rendered":"https:\/\/eurecat.org\/?p=191935"},"modified":"2026-01-27T13:45:43","modified_gmt":"2026-01-27T12:45:43","slug":"eurecat-reune-a-expertos-activistas-y-lideres-politicos-para-abordar-las-consecuencias-sociopoliticas-mas-urgentes-del-cambio-climatico","status":"publish","type":"post","link":"https:\/\/eurecat.org\/es\/eurecat-reune-a-expertos-activistas-y-lideres-politicos-para-abordar-las-consecuencias-sociopoliticas-mas-urgentes-del-cambio-climatico\/","title":{"rendered":"Eurecat re\u00fane a expertos, activistas y l\u00edderes pol\u00edticos para abordar las consecuencias sociopol\u00edticas m\u00e1s urgentes del cambio clim\u00e1tico"},"content":{"rendered":"<div class=\"fusion-fullwidth fullwidth-box fusion-builder-row-1 fusion-flex-container has-pattern-background has-mask-background nonhundred-percent-fullwidth non-hundred-percent-height-scrolling\" style=\"--awb-border-radius-top-left:0px;--awb-border-radius-top-right:0px;--awb-border-radius-bottom-right:0px;--awb-border-radius-bottom-left:0px;--awb-flex-wrap:wrap;\" ><div class=\"fusion-builder-row fusion-row fusion-flex-align-items-flex-start fusion-flex-content-wrap\" style=\"max-width:1424.8px;margin-left: calc(-4% \/ 2 );margin-right: calc(-4% \/ 2 );\"><div class=\"fusion-layout-column fusion_builder_column fusion-builder-column-0 fusion_builder_column_1_1 1_1 fusion-flex-column\" style=\"--awb-bg-size:cover;--awb-width-large:100%;--awb-margin-top-large:0px;--awb-spacing-right-large:1.92%;--awb-margin-bottom-large:20px;--awb-spacing-left-large:1.92%;--awb-width-medium:100%;--awb-order-medium:0;--awb-spacing-right-medium:1.92%;--awb-spacing-left-medium:1.92%;--awb-width-small:100%;--awb-order-small:0;--awb-spacing-right-small:1.92%;--awb-spacing-left-small:1.92%;\"><div class=\"fusion-column-wrapper fusion-column-has-shadow fusion-flex-justify-content-flex-start fusion-content-layout-column\"><div class=\"fusion-text fusion-text-1\"><p>El centro tecnol\u00f3gico <a href=\"https:\/\/eurecat.org\/es\">Eurecat<\/a> lidera la conferencia Cassandra, con el objetivo de abordar las consecuencias sociopol\u00edticas m\u00e1s urgentes del cambio clim\u00e1tico, un foro que se llevar\u00e1 a cabo los d\u00edas 4 y 5 de febrero y que constituye una plataforma estrat\u00e9gica internacional donde l\u00edderes industriales, responsables pol\u00edticos y la sociedad civil afrontan los riesgos y las consecuencias derivados de la emergencia clim\u00e1tica.<\/p>\n<p>La conferencia Cassandra, que cuenta con el apoyo de m\u00e1s de 200 instituciones supranacionales, ONG, universidades y centros de investigaci\u00f3n, debatir\u00e1 en su nueva edici\u00f3n sobre el papel de la ciencia y la tecnolog\u00eda para paliar los efectos del cambio clim\u00e1tico y buscar\u00e1 soluciones para los retos detectados en anteriores ediciones, como los riesgos de salud p\u00fablica relacionados con el clima, la desigualdad de g\u00e9nero, la migraci\u00f3n y el potencial de conflicto.<\/p>\n<p>Dentro del marco de Cassandra, el Club de Madrid, considerado el foro de expresidentes y ex primeros ministros m\u00e1s relevante del mundo, ha organizado un di\u00e1logo de alto nivel con antiguos jefes de Estado y de Gobierno que estar\u00e1 centrado en la intersecci\u00f3n entre el cambio clim\u00e1tico, la gobernanza del agua y la equidad de g\u00e9nero y que se llevar\u00e1 a cabo el pr\u00f3ximo 5 de febrero presencialmente en la sede de Eurecat Barcelona y tambi\u00e9n se podr\u00e1 seguir en l\u00ednea.<\/p>\n<p>La mesa redonda contar\u00e1 con la participaci\u00f3n del ex primer ministro de T\u00fanez, Mehdi Jomaa; la ex ministra de Medio Ambiente de Marruecos, la Dra. Hakima El Hait\u00e9; la Embajadora Extraordinaria para la Diplomacia del Agua de la Rep\u00fablica de Eslovenia, Tanja Mi\u0161kova, y el jefe de Relaciones Pol\u00edticas de Eurecat, Richard Elelman.<\/p>\n<p><strong>Un espacio de debate para explorar los liderazgos transformadores<\/strong><\/p>\n<p>\u201cEstos retos ya no son amenazas lejanas, afectan a regiones de todo el mundo y configuran cada vez m\u00e1s el paisaje social y econ\u00f3mico, incluso, de los pa\u00edses m\u00e1s avanzados\u201d, subraya el jefe de Relaciones Pol\u00edticas de Eurecat y coordinador de la conferencia Cassandra, Richard Elelman.<\/p>\n<p>\u201cComo centro tecnol\u00f3gico, Eurecat es pionero en la adopci\u00f3n de un papel activo frente a las consecuencias sociopol\u00edticas del cambio clim\u00e1tico y, con el impulso de la conferencia internacional Cassandra, pone el acento en c\u00f3mo el liderazgo tecnol\u00f3gico puede traducir el conocimiento cient\u00edfico en soluciones pr\u00e1cticas y centradas en las personas\u201d, remarca.<\/p>\n<\/div><\/div><\/div><\/div><\/div>\n","protected":false},"excerpt":{"rendered":"","protected":false},"author":20,"featured_media":191926,"comment_status":"open","ping_status":"closed","sticky":false,"template":"","format":"image","meta":{"footnotes":""},"categories":[2312,702,134],"tags":[],"class_list":["post-191935","post","type-post","status-publish","format-image","has-post-thumbnail","hentry","category-canvi-climatic-es","category-eventos","category-notas-de-prensa","post_format-post-format-image"],"yoast_head":"<!-- This site is optimized with the Yoast SEO plugin v27.5 - https:\/\/yoast.com\/product\/yoast-seo-wordpress\/ -->\n<title>Eurecat re\u00fane a expertos, activistas y l\u00edderes pol\u00edticos para abordar las consecuencias sociopol\u00edticas m\u00e1s urgentes del cambio clim\u00e1tico - Eurecat<\/title>\n<meta name=\"robots\" content=\"index, follow, max-snippet:-1, max-image-preview:large, max-video-preview:-1\" \/>\n<link rel=\"canonical\" href=\"https:\/\/eurecat.org\/es\/eurecat-reune-a-expertos-activistas-y-lideres-politicos-para-abordar-las-consecuencias-sociopoliticas-mas-urgentes-del-cambio-climatico\/\" \/>\n<meta property=\"og:locale\" content=\"es_ES\" \/>\n<meta property=\"og:type\" content=\"article\" \/>\n<meta property=\"og:title\" content=\"Eurecat re\u00fane a expertos, activistas y l\u00edderes pol\u00edticos para abordar las consecuencias sociopol\u00edticas m\u00e1s urgentes del cambio clim\u00e1tico - Eurecat\" \/>\n<meta property=\"og:url\" content=\"https:\/\/eurecat.org\/es\/eurecat-reune-a-expertos-activistas-y-lideres-politicos-para-abordar-las-consecuencias-sociopoliticas-mas-urgentes-del-cambio-climatico\/\" \/>\n<meta property=\"og:site_name\" content=\"Eurecat\" \/>\n<meta property=\"article:published_time\" content=\"2026-01-27T12:40:52+00:00\" \/>\n<meta property=\"article:modified_time\" content=\"2026-01-27T12:45:43+00:00\" \/>\n<meta property=\"og:image\" content=\"https:\/\/eurecat.org\/wp-content\/uploads\/2026\/01\/26_Cassandra_web.jpg\" \/>\n\t<meta property=\"og:image:width\" content=\"800\" \/>\n\t<meta property=\"og:image:height\" content=\"533\" \/>\n\t<meta property=\"og:image:type\" content=\"image\/jpeg\" \/>\n<meta name=\"author\" content=\"EurecatEQZ\" \/>\n<meta name=\"twitter:card\" content=\"summary_large_image\" \/>\n<meta name=\"twitter:label1\" content=\"Escrito por\" \/>\n\t<meta name=\"twitter:data1\" content=\"EurecatEQZ\" \/>\n\t<meta name=\"twitter:label2\" content=\"Tiempo de lectura\" \/>\n\t<meta name=\"twitter:data2\" content=\"3 minutos\" \/>\n<script type=\"application\/ld+json\" class=\"yoast-schema-graph\">{\"@context\":\"https:\\\/\\\/schema.org\",\"@graph\":[{\"@type\":\"Article\",\"@id\":\"https:\\\/\\\/eurecat.org\\\/es\\\/eurecat-reune-a-expertos-activistas-y-lideres-politicos-para-abordar-las-consecuencias-sociopoliticas-mas-urgentes-del-cambio-climatico\\\/#article\",\"isPartOf\":{\"@id\":\"https:\\\/\\\/eurecat.org\\\/es\\\/eurecat-reune-a-expertos-activistas-y-lideres-politicos-para-abordar-las-consecuencias-sociopoliticas-mas-urgentes-del-cambio-climatico\\\/\"},\"author\":{\"name\":\"EurecatEQZ\",\"@id\":\"https:\\\/\\\/eurecat.org\\\/es\\\/#\\\/schema\\\/person\\\/99d4d39712001e7621b6867b27b40bed\"},\"headline\":\"Eurecat re\u00fane a expertos, activistas y l\u00edderes pol\u00edticos para abordar las consecuencias sociopol\u00edticas m\u00e1s urgentes del cambio clim\u00e1tico\",\"datePublished\":\"2026-01-27T12:40:52+00:00\",\"dateModified\":\"2026-01-27T12:45:43+00:00\",\"mainEntityOfPage\":{\"@id\":\"https:\\\/\\\/eurecat.org\\\/es\\\/eurecat-reune-a-expertos-activistas-y-lideres-politicos-para-abordar-las-consecuencias-sociopoliticas-mas-urgentes-del-cambio-climatico\\\/\"},\"wordCount\":1600,\"commentCount\":0,\"image\":{\"@id\":\"https:\\\/\\\/eurecat.org\\\/es\\\/eurecat-reune-a-expertos-activistas-y-lideres-politicos-para-abordar-las-consecuencias-sociopoliticas-mas-urgentes-del-cambio-climatico\\\/#primaryimage\"},\"thumbnailUrl\":\"https:\\\/\\\/eurecat.org\\\/wp-content\\\/uploads\\\/2026\\\/01\\\/26_Cassandra_web.jpg\",\"articleSection\":[\"Canvi Clim\u00e0tic\",\"Eventos\",\"Notas de prensa\"],\"inLanguage\":\"es\",\"potentialAction\":[{\"@type\":\"CommentAction\",\"name\":\"Comment\",\"target\":[\"https:\\\/\\\/eurecat.org\\\/es\\\/eurecat-reune-a-expertos-activistas-y-lideres-politicos-para-abordar-las-consecuencias-sociopoliticas-mas-urgentes-del-cambio-climatico\\\/#respond\"]}]},{\"@type\":\"WebPage\",\"@id\":\"https:\\\/\\\/eurecat.org\\\/es\\\/eurecat-reune-a-expertos-activistas-y-lideres-politicos-para-abordar-las-consecuencias-sociopoliticas-mas-urgentes-del-cambio-climatico\\\/\",\"url\":\"https:\\\/\\\/eurecat.org\\\/es\\\/eurecat-reune-a-expertos-activistas-y-lideres-politicos-para-abordar-las-consecuencias-sociopoliticas-mas-urgentes-del-cambio-climatico\\\/\",\"name\":\"Eurecat re\u00fane a expertos, activistas y l\u00edderes pol\u00edticos para abordar las consecuencias sociopol\u00edticas m\u00e1s urgentes del cambio clim\u00e1tico - Eurecat\",\"isPartOf\":{\"@id\":\"https:\\\/\\\/eurecat.org\\\/es\\\/#website\"},\"primaryImageOfPage\":{\"@id\":\"https:\\\/\\\/eurecat.org\\\/es\\\/eurecat-reune-a-expertos-activistas-y-lideres-politicos-para-abordar-las-consecuencias-sociopoliticas-mas-urgentes-del-cambio-climatico\\\/#primaryimage\"},\"image\":{\"@id\":\"https:\\\/\\\/eurecat.org\\\/es\\\/eurecat-reune-a-expertos-activistas-y-lideres-politicos-para-abordar-las-consecuencias-sociopoliticas-mas-urgentes-del-cambio-climatico\\\/#primaryimage\"},\"thumbnailUrl\":\"https:\\\/\\\/eurecat.org\\\/wp-content\\\/uploads\\\/2026\\\/01\\\/26_Cassandra_web.jpg\",\"datePublished\":\"2026-01-27T12:40:52+00:00\",\"dateModified\":\"2026-01-27T12:45:43+00:00\",\"author\":{\"@id\":\"https:\\\/\\\/eurecat.org\\\/es\\\/#\\\/schema\\\/person\\\/99d4d39712001e7621b6867b27b40bed\"},\"breadcrumb\":{\"@id\":\"https:\\\/\\\/eurecat.org\\\/es\\\/eurecat-reune-a-expertos-activistas-y-lideres-politicos-para-abordar-las-consecuencias-sociopoliticas-mas-urgentes-del-cambio-climatico\\\/#breadcrumb\"},\"inLanguage\":\"es\",\"potentialAction\":[{\"@type\":\"ReadAction\",\"target\":[\"https:\\\/\\\/eurecat.org\\\/es\\\/eurecat-reune-a-expertos-activistas-y-lideres-politicos-para-abordar-las-consecuencias-sociopoliticas-mas-urgentes-del-cambio-climatico\\\/\"]}]},{\"@type\":\"ImageObject\",\"inLanguage\":\"es\",\"@id\":\"https:\\\/\\\/eurecat.org\\\/es\\\/eurecat-reune-a-expertos-activistas-y-lideres-politicos-para-abordar-las-consecuencias-sociopoliticas-mas-urgentes-del-cambio-climatico\\\/#primaryimage\",\"url\":\"https:\\\/\\\/eurecat.org\\\/wp-content\\\/uploads\\\/2026\\\/01\\\/26_Cassandra_web.jpg\",\"contentUrl\":\"https:\\\/\\\/eurecat.org\\\/wp-content\\\/uploads\\\/2026\\\/01\\\/26_Cassandra_web.jpg\",\"width\":800,\"height\":533},{\"@type\":\"BreadcrumbList\",\"@id\":\"https:\\\/\\\/eurecat.org\\\/es\\\/eurecat-reune-a-expertos-activistas-y-lideres-politicos-para-abordar-las-consecuencias-sociopoliticas-mas-urgentes-del-cambio-climatico\\\/#breadcrumb\",\"itemListElement\":[{\"@type\":\"ListItem\",\"position\":1,\"name\":\"Inici\",\"item\":\"https:\\\/\\\/eurecat.org\\\/es\\\/\"},{\"@type\":\"ListItem\",\"position\":2,\"name\":\"Eurecat re\u00fane a expertos, activistas y l\u00edderes pol\u00edticos para abordar las consecuencias sociopol\u00edticas m\u00e1s urgentes del cambio clim\u00e1tico\"}]},{\"@type\":\"WebSite\",\"@id\":\"https:\\\/\\\/eurecat.org\\\/es\\\/#website\",\"url\":\"https:\\\/\\\/eurecat.org\\\/es\\\/\",\"name\":\"Eurecat\",\"description\":\"Otro sitio realizado con WordPress\",\"potentialAction\":[{\"@type\":\"SearchAction\",\"target\":{\"@type\":\"EntryPoint\",\"urlTemplate\":\"https:\\\/\\\/eurecat.org\\\/es\\\/?s={search_term_string}\"},\"query-input\":{\"@type\":\"PropertyValueSpecification\",\"valueRequired\":true,\"valueName\":\"search_term_string\"}}],\"inLanguage\":\"es\"},{\"@type\":\"Person\",\"@id\":\"https:\\\/\\\/eurecat.org\\\/es\\\/#\\\/schema\\\/person\\\/99d4d39712001e7621b6867b27b40bed\",\"name\":\"EurecatEQZ\",\"image\":{\"@type\":\"ImageObject\",\"inLanguage\":\"es\",\"@id\":\"https:\\\/\\\/secure.gravatar.com\\\/avatar\\\/6deb26ca61bcc34263c59cc62bb8b08ff90b67af7f99943babf5d86396845993?s=96&d=mm&r=g\",\"url\":\"https:\\\/\\\/secure.gravatar.com\\\/avatar\\\/6deb26ca61bcc34263c59cc62bb8b08ff90b67af7f99943babf5d86396845993?s=96&d=mm&r=g\",\"contentUrl\":\"https:\\\/\\\/secure.gravatar.com\\\/avatar\\\/6deb26ca61bcc34263c59cc62bb8b08ff90b67af7f99943babf5d86396845993?s=96&d=mm&r=g\",\"caption\":\"EurecatEQZ\"}}]}<\/script>\n<!-- \/ Yoast SEO plugin. -->","yoast_head_json":{"title":"Eurecat re\u00fane a expertos, activistas y l\u00edderes pol\u00edticos para abordar las consecuencias sociopol\u00edticas m\u00e1s urgentes del cambio clim\u00e1tico - Eurecat","robots":{"index":"index","follow":"follow","max-snippet":"max-snippet:-1","max-image-preview":"max-image-preview:large","max-video-preview":"max-video-preview:-1"},"canonical":"https:\/\/eurecat.org\/es\/eurecat-reune-a-expertos-activistas-y-lideres-politicos-para-abordar-las-consecuencias-sociopoliticas-mas-urgentes-del-cambio-climatico\/","og_locale":"es_ES","og_type":"article","og_title":"Eurecat re\u00fane a expertos, activistas y l\u00edderes pol\u00edticos para abordar las consecuencias sociopol\u00edticas m\u00e1s urgentes del cambio clim\u00e1tico - Eurecat","og_url":"https:\/\/eurecat.org\/es\/eurecat-reune-a-expertos-activistas-y-lideres-politicos-para-abordar-las-consecuencias-sociopoliticas-mas-urgentes-del-cambio-climatico\/","og_site_name":"Eurecat","article_published_time":"2026-01-27T12:40:52+00:00","article_modified_time":"2026-01-27T12:45:43+00:00","og_image":[{"width":800,"height":533,"url":"https:\/\/eurecat.org\/wp-content\/uploads\/2026\/01\/26_Cassandra_web.jpg","type":"image\/jpeg"}],"author":"EurecatEQZ","twitter_card":"summary_large_image","twitter_misc":{"Escrito por":"EurecatEQZ","Tiempo de lectura":"3 minutos"},"schema":{"@context":"https:\/\/schema.org","@graph":[{"@type":"Article","@id":"https:\/\/eurecat.org\/es\/eurecat-reune-a-expertos-activistas-y-lideres-politicos-para-abordar-las-consecuencias-sociopoliticas-mas-urgentes-del-cambio-climatico\/#article","isPartOf":{"@id":"https:\/\/eurecat.org\/es\/eurecat-reune-a-expertos-activistas-y-lideres-politicos-para-abordar-las-consecuencias-sociopoliticas-mas-urgentes-del-cambio-climatico\/"},"author":{"name":"EurecatEQZ","@id":"https:\/\/eurecat.org\/es\/#\/schema\/person\/99d4d39712001e7621b6867b27b40bed"},"headline":"Eurecat re\u00fane a expertos, activistas y l\u00edderes pol\u00edticos para abordar las consecuencias sociopol\u00edticas m\u00e1s urgentes del cambio clim\u00e1tico","datePublished":"2026-01-27T12:40:52+00:00","dateModified":"2026-01-27T12:45:43+00:00","mainEntityOfPage":{"@id":"https:\/\/eurecat.org\/es\/eurecat-reune-a-expertos-activistas-y-lideres-politicos-para-abordar-las-consecuencias-sociopoliticas-mas-urgentes-del-cambio-climatico\/"},"wordCount":1600,"commentCount":0,"image":{"@id":"https:\/\/eurecat.org\/es\/eurecat-reune-a-expertos-activistas-y-lideres-politicos-para-abordar-las-consecuencias-sociopoliticas-mas-urgentes-del-cambio-climatico\/#primaryimage"},"thumbnailUrl":"https:\/\/eurecat.org\/wp-content\/uploads\/2026\/01\/26_Cassandra_web.jpg","articleSection":["Canvi Clim\u00e0tic","Eventos","Notas de prensa"],"inLanguage":"es","potentialAction":[{"@type":"CommentAction","name":"Comment","target":["https:\/\/eurecat.org\/es\/eurecat-reune-a-expertos-activistas-y-lideres-politicos-para-abordar-las-consecuencias-sociopoliticas-mas-urgentes-del-cambio-climatico\/#respond"]}]},{"@type":"WebPage","@id":"https:\/\/eurecat.org\/es\/eurecat-reune-a-expertos-activistas-y-lideres-politicos-para-abordar-las-consecuencias-sociopoliticas-mas-urgentes-del-cambio-climatico\/","url":"https:\/\/eurecat.org\/es\/eurecat-reune-a-expertos-activistas-y-lideres-politicos-para-abordar-las-consecuencias-sociopoliticas-mas-urgentes-del-cambio-climatico\/","name":"Eurecat re\u00fane a expertos, activistas y l\u00edderes pol\u00edticos para abordar las consecuencias sociopol\u00edticas m\u00e1s urgentes del cambio clim\u00e1tico - Eurecat","isPartOf":{"@id":"https:\/\/eurecat.org\/es\/#website"},"primaryImageOfPage":{"@id":"https:\/\/eurecat.org\/es\/eurecat-reune-a-expertos-activistas-y-lideres-politicos-para-abordar-las-consecuencias-sociopoliticas-mas-urgentes-del-cambio-climatico\/#primaryimage"},"image":{"@id":"https:\/\/eurecat.org\/es\/eurecat-reune-a-expertos-activistas-y-lideres-politicos-para-abordar-las-consecuencias-sociopoliticas-mas-urgentes-del-cambio-climatico\/#primaryimage"},"thumbnailUrl":"https:\/\/eurecat.org\/wp-content\/uploads\/2026\/01\/26_Cassandra_web.jpg","datePublished":"2026-01-27T12:40:52+00:00","dateModified":"2026-01-27T12:45:43+00:00","author":{"@id":"https:\/\/eurecat.org\/es\/#\/schema\/person\/99d4d39712001e7621b6867b27b40bed"},"breadcrumb":{"@id":"https:\/\/eurecat.org\/es\/eurecat-reune-a-expertos-activistas-y-lideres-politicos-para-abordar-las-consecuencias-sociopoliticas-mas-urgentes-del-cambio-climatico\/#breadcrumb"},"inLanguage":"es","potentialAction":[{"@type":"ReadAction","target":["https:\/\/eurecat.org\/es\/eurecat-reune-a-expertos-activistas-y-lideres-politicos-para-abordar-las-consecuencias-sociopoliticas-mas-urgentes-del-cambio-climatico\/"]}]},{"@type":"ImageObject","inLanguage":"es","@id":"https:\/\/eurecat.org\/es\/eurecat-reune-a-expertos-activistas-y-lideres-politicos-para-abordar-las-consecuencias-sociopoliticas-mas-urgentes-del-cambio-climatico\/#primaryimage","url":"https:\/\/eurecat.org\/wp-content\/uploads\/2026\/01\/26_Cassandra_web.jpg","contentUrl":"https:\/\/eurecat.org\/wp-content\/uploads\/2026\/01\/26_Cassandra_web.jpg","width":800,"height":533},{"@type":"BreadcrumbList","@id":"https:\/\/eurecat.org\/es\/eurecat-reune-a-expertos-activistas-y-lideres-politicos-para-abordar-las-consecuencias-sociopoliticas-mas-urgentes-del-cambio-climatico\/#breadcrumb","itemListElement":[{"@type":"ListItem","position":1,"name":"Inici","item":"https:\/\/eurecat.org\/es\/"},{"@type":"ListItem","position":2,"name":"Eurecat re\u00fane a expertos, activistas y l\u00edderes pol\u00edticos para abordar las consecuencias sociopol\u00edticas m\u00e1s urgentes del cambio clim\u00e1tico"}]},{"@type":"WebSite","@id":"https:\/\/eurecat.org\/es\/#website","url":"https:\/\/eurecat.org\/es\/","name":"Eurecat","description":"Otro sitio realizado con WordPress","potentialAction":[{"@type":"SearchAction","target":{"@type":"EntryPoint","urlTemplate":"https:\/\/eurecat.org\/es\/?s={search_term_string}"},"query-input":{"@type":"PropertyValueSpecification","valueRequired":true,"valueName":"search_term_string"}}],"inLanguage":"es"},{"@type":"Person","@id":"https:\/\/eurecat.org\/es\/#\/schema\/person\/99d4d39712001e7621b6867b27b40bed","name":"EurecatEQZ","image":{"@type":"ImageObject","inLanguage":"es","@id":"https:\/\/secure.gravatar.com\/avatar\/6deb26ca61bcc34263c59cc62bb8b08ff90b67af7f99943babf5d86396845993?s=96&d=mm&r=g","url":"https:\/\/secure.gravatar.com\/avatar\/6deb26ca61bcc34263c59cc62bb8b08ff90b67af7f99943babf5d86396845993?s=96&d=mm&r=g","contentUrl":"https:\/\/secure.gravatar.com\/avatar\/6deb26ca61bcc34263c59cc62bb8b08ff90b67af7f99943babf5d86396845993?s=96&d=mm&r=g","caption":"EurecatEQZ"}}]}},"_links":{"self":[{"href":"https:\/\/eurecat.org\/es\/wp-json\/wp\/v2\/posts\/191935","targetHints":{"allow":["GET"]}}],"collection":[{"href":"https:\/\/eurecat.org\/es\/wp-json\/wp\/v2\/posts"}],"about":[{"href":"https:\/\/eurecat.org\/es\/wp-json\/wp\/v2\/types\/post"}],"author":[{"embeddable":true,"href":"https:\/\/eurecat.org\/es\/wp-json\/wp\/v2\/users\/20"}],"replies":[{"embeddable":true,"href":"https:\/\/eurecat.org\/es\/wp-json\/wp\/v2\/comments?post=191935"}],"version-history":[{"count":1,"href":"https:\/\/eurecat.org\/es\/wp-json\/wp\/v2\/posts\/191935\/revisions"}],"predecessor-version":[{"id":191936,"href":"https:\/\/eurecat.org\/es\/wp-json\/wp\/v2\/posts\/191935\/revisions\/191936"}],"wp:featuredmedia":[{"embeddable":true,"href":"https:\/\/eurecat.org\/es\/wp-json\/wp\/v2\/media\/191926"}],"wp:attachment":[{"href":"https:\/\/eurecat.org\/es\/wp-json\/wp\/v2\/media?parent=191935"}],"wp:term":[{"taxonomy":"category","embeddable":true,"href":"https:\/\/eurecat.org\/es\/wp-json\/wp\/v2\/categories?post=191935"},{"taxonomy":"post_tag","embeddable":true,"href":"https:\/\/eurecat.org\/es\/wp-json\/wp\/v2\/tags?post=191935"}],"curies":[{"name":"wp","href":"https:\/\/api.w.org\/{rel}","templated":true}]}}