{"id":192501,"date":"2026-02-05T13:06:16","date_gmt":"2026-02-05T12:06:16","guid":{"rendered":"https:\/\/eurecat.org\/?p=192501"},"modified":"2026-02-05T13:10:03","modified_gmt":"2026-02-05T12:10:03","slug":"eurecat-consigue-recrear-la-acustica-de-espacios-arquitectonicos-como-el-palau-moja-y-de-edificios-que-ya-no-existen-o-han-sufrido-modificaciones-estructurales","status":"publish","type":"post","link":"https:\/\/eurecat.org\/es\/eurecat-consigue-recrear-la-acustica-de-espacios-arquitectonicos-como-el-palau-moja-y-de-edificios-que-ya-no-existen-o-han-sufrido-modificaciones-estructurales\/","title":{"rendered":"Eurecat consigue recrear la ac\u00fastica de espacios arquitect\u00f3nicos como el Palau Moja y de edificios que ya no existen o han sufrido modificaciones estructurales"},"content":{"rendered":"<div class=\"fusion-fullwidth fullwidth-box fusion-builder-row-1 fusion-flex-container has-pattern-background has-mask-background nonhundred-percent-fullwidth non-hundred-percent-height-scrolling\" style=\"--awb-border-radius-top-left:0px;--awb-border-radius-top-right:0px;--awb-border-radius-bottom-right:0px;--awb-border-radius-bottom-left:0px;--awb-flex-wrap:wrap;\" ><div class=\"fusion-builder-row fusion-row fusion-flex-align-items-flex-start fusion-flex-content-wrap\" style=\"max-width:1424.8px;margin-left: calc(-4% \/ 2 );margin-right: calc(-4% \/ 2 );\"><div class=\"fusion-layout-column fusion_builder_column fusion-builder-column-0 fusion_builder_column_1_1 1_1 fusion-flex-column\" style=\"--awb-bg-size:cover;--awb-width-large:100%;--awb-margin-top-large:0px;--awb-spacing-right-large:1.92%;--awb-margin-bottom-large:20px;--awb-spacing-left-large:1.92%;--awb-width-medium:100%;--awb-order-medium:0;--awb-spacing-right-medium:1.92%;--awb-spacing-left-medium:1.92%;--awb-width-small:100%;--awb-order-small:0;--awb-spacing-right-small:1.92%;--awb-spacing-left-small:1.92%;\"><div class=\"fusion-column-wrapper fusion-column-has-shadow fusion-flex-justify-content-flex-start fusion-content-layout-column\"><div class=\"fusion-text fusion-text-1\"><p>El centro tecnol\u00f3gico <a href=\"https:\/\/eurecat.org\/es\">Eurecat<\/a> anticipa en la feria Integrated Systems Europe (ISE), que se celebra esta semana en Barcelona, la creaci\u00f3n de gemelos digitales ac\u00fasticos de espacios arquitect\u00f3nicos como el Palau Moja, una tecnolog\u00eda que permite la recreaci\u00f3n sonora \u201cincluso cuando el emplazamiento ya no existe como tal o ha sufrido modificaciones estructurales\u201d, explica el investigador de la Unidad de Tecnolog\u00edas Audiovisuales de Eurecat Julien De Muynke.<\/p>\n<p>De acuerdo con el investigador de Eurecat, \u201clos gemelos digitales tienen en cuenta el volumen y la geometr\u00eda del espacio, as\u00ed como la composici\u00f3n de los materiales de construcci\u00f3n\u201d, y su uso \u201cfacilita acciones como la preservaci\u00f3n, evaluaci\u00f3n y previsi\u00f3n, o la optimizaci\u00f3n ac\u00fastica, a instituciones de patrimonio cultural, promotoras musicales, salas de conciertos y grandes recintos, as\u00ed como la asistencia en remoto a experiencias culturales, entre otras\u201d.<\/p>\n<p>Durante la feria, Eurecat muestra una reconstrucci\u00f3n virtual del Sal\u00f3n de \u201cEl Vigat\u00e0\u201d del Palau Moja, uno de los palacios barrocos m\u00e1s destacados de Barcelona y sede de la Direcci\u00f3n General del Patrimonio Cultural del Departamento de Cultura de la Generalitat de Catalunya. La innovaci\u00f3n, desarrollada con la colaboraci\u00f3n de la Agencia Catalana del Patrimonio y de la Direcci\u00f3n General del Patrimonio Cultural, consiste en una navegaci\u00f3n por el espacio virtual, con el uso de gafas de realidad aumentada y auriculares, para experimentar c\u00f3mo se percibe el sonido desde dentro del espacio y c\u00f3mo cambia en funci\u00f3n de la posici\u00f3n y la orientaci\u00f3n del visitante.<\/p>\n<p>El proyecto \u201ces una muestra de la transferencia tecnol\u00f3gica de Eurecat, en este caso, a empresas e instituciones del sector audiovisual y las industrias culturales, anticipando las principales tendencias tecnol\u00f3gicas en la creaci\u00f3n art\u00edstica y la producci\u00f3n de contenidos, as\u00ed como en la preservaci\u00f3n y mejora t\u00e9cnica de infraestructuras y equipamientos, en un contexto marcado por cambios acelerados\u201d, destaca la desarrolladora de Negocio del Mercado Industrias Culturales y Creativas de Eurecat, M\u00f2nica Andreu.<\/p>\n<p><strong>Inteligencia artificial para transformar la explotaci\u00f3n de fondos documentales y generar contenidos autom\u00e1ticamente<\/strong><\/p>\n<p>En esta l\u00ednea, Eurecat muestra tambi\u00e9n nuevas herramientas de inteligencia artificial y tecnolog\u00edas del conocimiento para mejorar el uso, el aprovechamiento y la explotaci\u00f3n de fondos documentales y generar contenidos autom\u00e1ticamente, desarrolladas con empresas y entidades catalanas. Las herramientas usan modelos de lenguaje (LLMs) en servidores propios y extraen el conocimiento de documentaci\u00f3n controlada. Es el caso de una nueva interfaz de navegaci\u00f3n tridimensional inspirada en c\u00f3mo los profesionales bibliotecarios ayudan a los usuarios a acceder a la informaci\u00f3n, desarrollada con la Biblioteca de Catalunya. La navegaci\u00f3n visual relaciona la documentaci\u00f3n de forma natural y facilita la localizaci\u00f3n de material que no aparecer\u00eda a trav\u00e9s de b\u00fasquedas tradicionales, hecho que desbloquea la explotaci\u00f3n eficaz de grandes colecciones documentales.<\/p>\n<p>Entre las innovaciones desarrolladas en inteligencia artificial, tambi\u00e9n presenta una visita 3D por el Palau de la M\u00fasica Catalana a partir de contenidos generados autom\u00e1ticamente con IA, adaptados para cada perfil de visitante; un generador de textos personalizados sobre yacimientos romanos a partir de documentaci\u00f3n del proyecto TIR-FOR, una iniciativa internacional para la publicaci\u00f3n del gran mapa del Imperio romano, del Institut d\u2019Estudis Catalans; una soluci\u00f3n para la creaci\u00f3n de contenidos nuevos a partir de informaci\u00f3n generada por la Ag\u00e8ncia Catalana de Not\u00edcies, y una herramienta para la generaci\u00f3n de res\u00famenes y clasificaci\u00f3n de notas de prensa desarrollada con N\u00favol.<\/p>\n<\/div><\/div><\/div><\/div><\/div>\n","protected":false},"excerpt":{"rendered":"","protected":false},"author":20,"featured_media":192498,"comment_status":"open","ping_status":"closed","sticky":false,"template":"","format":"standard","meta":{"footnotes":""},"categories":[727,2275,134,412],"tags":[],"class_list":["post-192501","post","type-post","status-publish","format-standard","has-post-thumbnail","hentry","category-ferias","category-industrias-culturales-y-creativas","category-notas-de-prensa","category-tecnologias-audiovisuales"],"yoast_head":"<!-- This site is optimized with the Yoast SEO plugin v27.4 - https:\/\/yoast.com\/product\/yoast-seo-wordpress\/ -->\n<title>Eurecat consigue recrear la ac\u00fastica de espacios arquitect\u00f3nicos como el Palau Moja y de edificios que ya no existen o han sufrido modificaciones estructurales - Eurecat<\/title>\n<meta name=\"robots\" content=\"index, follow, max-snippet:-1, max-image-preview:large, max-video-preview:-1\" \/>\n<link rel=\"canonical\" href=\"https:\/\/eurecat.org\/es\/eurecat-consigue-recrear-la-acustica-de-espacios-arquitectonicos-como-el-palau-moja-y-de-edificios-que-ya-no-existen-o-han-sufrido-modificaciones-estructurales\/\" \/>\n<meta property=\"og:locale\" content=\"es_ES\" \/>\n<meta property=\"og:type\" content=\"article\" \/>\n<meta property=\"og:title\" content=\"Eurecat consigue recrear la ac\u00fastica de espacios arquitect\u00f3nicos como el Palau Moja y de edificios que ya no existen o han sufrido modificaciones estructurales - Eurecat\" \/>\n<meta property=\"og:url\" content=\"https:\/\/eurecat.org\/es\/eurecat-consigue-recrear-la-acustica-de-espacios-arquitectonicos-como-el-palau-moja-y-de-edificios-que-ya-no-existen-o-han-sufrido-modificaciones-estructurales\/\" \/>\n<meta property=\"og:site_name\" content=\"Eurecat\" \/>\n<meta property=\"article:published_time\" content=\"2026-02-05T12:06:16+00:00\" \/>\n<meta property=\"article:modified_time\" content=\"2026-02-05T12:10:03+00:00\" \/>\n<meta property=\"og:image\" content=\"https:\/\/eurecat.org\/wp-content\/uploads\/2026\/02\/26_ISE_800px.jpg\" \/>\n\t<meta property=\"og:image:width\" content=\"800\" \/>\n\t<meta property=\"og:image:height\" content=\"533\" \/>\n\t<meta property=\"og:image:type\" content=\"image\/jpeg\" \/>\n<meta name=\"author\" content=\"EurecatEQZ\" \/>\n<meta name=\"twitter:card\" content=\"summary_large_image\" \/>\n<meta name=\"twitter:label1\" content=\"Escrito por\" \/>\n\t<meta name=\"twitter:data1\" content=\"EurecatEQZ\" \/>\n\t<meta name=\"twitter:label2\" content=\"Tiempo de lectura\" \/>\n\t<meta name=\"twitter:data2\" content=\"4 minutos\" \/>\n<script type=\"application\/ld+json\" class=\"yoast-schema-graph\">{\"@context\":\"https:\\\/\\\/schema.org\",\"@graph\":[{\"@type\":\"Article\",\"@id\":\"https:\\\/\\\/eurecat.org\\\/es\\\/eurecat-consigue-recrear-la-acustica-de-espacios-arquitectonicos-como-el-palau-moja-y-de-edificios-que-ya-no-existen-o-han-sufrido-modificaciones-estructurales\\\/#article\",\"isPartOf\":{\"@id\":\"https:\\\/\\\/eurecat.org\\\/es\\\/eurecat-consigue-recrear-la-acustica-de-espacios-arquitectonicos-como-el-palau-moja-y-de-edificios-que-ya-no-existen-o-han-sufrido-modificaciones-estructurales\\\/\"},\"author\":{\"name\":\"EurecatEQZ\",\"@id\":\"https:\\\/\\\/eurecat.org\\\/es\\\/#\\\/schema\\\/person\\\/99d4d39712001e7621b6867b27b40bed\"},\"headline\":\"Eurecat consigue recrear la ac\u00fastica de espacios arquitect\u00f3nicos como el Palau Moja y de edificios que ya no existen o han sufrido modificaciones estructurales\",\"datePublished\":\"2026-02-05T12:06:16+00:00\",\"dateModified\":\"2026-02-05T12:10:03+00:00\",\"mainEntityOfPage\":{\"@id\":\"https:\\\/\\\/eurecat.org\\\/es\\\/eurecat-consigue-recrear-la-acustica-de-espacios-arquitectonicos-como-el-palau-moja-y-de-edificios-que-ya-no-existen-o-han-sufrido-modificaciones-estructurales\\\/\"},\"wordCount\":1801,\"commentCount\":0,\"image\":{\"@id\":\"https:\\\/\\\/eurecat.org\\\/es\\\/eurecat-consigue-recrear-la-acustica-de-espacios-arquitectonicos-como-el-palau-moja-y-de-edificios-que-ya-no-existen-o-han-sufrido-modificaciones-estructurales\\\/#primaryimage\"},\"thumbnailUrl\":\"https:\\\/\\\/eurecat.org\\\/wp-content\\\/uploads\\\/2026\\\/02\\\/26_ISE_800px.jpg\",\"articleSection\":[\"Ferias\",\"Industrias Culturales y Creativas\",\"Notas de prensa\",\"Tecnolog\u00edas Audiovisuales\"],\"inLanguage\":\"es\",\"potentialAction\":[{\"@type\":\"CommentAction\",\"name\":\"Comment\",\"target\":[\"https:\\\/\\\/eurecat.org\\\/es\\\/eurecat-consigue-recrear-la-acustica-de-espacios-arquitectonicos-como-el-palau-moja-y-de-edificios-que-ya-no-existen-o-han-sufrido-modificaciones-estructurales\\\/#respond\"]}]},{\"@type\":\"WebPage\",\"@id\":\"https:\\\/\\\/eurecat.org\\\/es\\\/eurecat-consigue-recrear-la-acustica-de-espacios-arquitectonicos-como-el-palau-moja-y-de-edificios-que-ya-no-existen-o-han-sufrido-modificaciones-estructurales\\\/\",\"url\":\"https:\\\/\\\/eurecat.org\\\/es\\\/eurecat-consigue-recrear-la-acustica-de-espacios-arquitectonicos-como-el-palau-moja-y-de-edificios-que-ya-no-existen-o-han-sufrido-modificaciones-estructurales\\\/\",\"name\":\"Eurecat consigue recrear la ac\u00fastica de espacios arquitect\u00f3nicos como el Palau Moja y de edificios que ya no existen o han sufrido modificaciones estructurales - Eurecat\",\"isPartOf\":{\"@id\":\"https:\\\/\\\/eurecat.org\\\/es\\\/#website\"},\"primaryImageOfPage\":{\"@id\":\"https:\\\/\\\/eurecat.org\\\/es\\\/eurecat-consigue-recrear-la-acustica-de-espacios-arquitectonicos-como-el-palau-moja-y-de-edificios-que-ya-no-existen-o-han-sufrido-modificaciones-estructurales\\\/#primaryimage\"},\"image\":{\"@id\":\"https:\\\/\\\/eurecat.org\\\/es\\\/eurecat-consigue-recrear-la-acustica-de-espacios-arquitectonicos-como-el-palau-moja-y-de-edificios-que-ya-no-existen-o-han-sufrido-modificaciones-estructurales\\\/#primaryimage\"},\"thumbnailUrl\":\"https:\\\/\\\/eurecat.org\\\/wp-content\\\/uploads\\\/2026\\\/02\\\/26_ISE_800px.jpg\",\"datePublished\":\"2026-02-05T12:06:16+00:00\",\"dateModified\":\"2026-02-05T12:10:03+00:00\",\"author\":{\"@id\":\"https:\\\/\\\/eurecat.org\\\/es\\\/#\\\/schema\\\/person\\\/99d4d39712001e7621b6867b27b40bed\"},\"breadcrumb\":{\"@id\":\"https:\\\/\\\/eurecat.org\\\/es\\\/eurecat-consigue-recrear-la-acustica-de-espacios-arquitectonicos-como-el-palau-moja-y-de-edificios-que-ya-no-existen-o-han-sufrido-modificaciones-estructurales\\\/#breadcrumb\"},\"inLanguage\":\"es\",\"potentialAction\":[{\"@type\":\"ReadAction\",\"target\":[\"https:\\\/\\\/eurecat.org\\\/es\\\/eurecat-consigue-recrear-la-acustica-de-espacios-arquitectonicos-como-el-palau-moja-y-de-edificios-que-ya-no-existen-o-han-sufrido-modificaciones-estructurales\\\/\"]}]},{\"@type\":\"ImageObject\",\"inLanguage\":\"es\",\"@id\":\"https:\\\/\\\/eurecat.org\\\/es\\\/eurecat-consigue-recrear-la-acustica-de-espacios-arquitectonicos-como-el-palau-moja-y-de-edificios-que-ya-no-existen-o-han-sufrido-modificaciones-estructurales\\\/#primaryimage\",\"url\":\"https:\\\/\\\/eurecat.org\\\/wp-content\\\/uploads\\\/2026\\\/02\\\/26_ISE_800px.jpg\",\"contentUrl\":\"https:\\\/\\\/eurecat.org\\\/wp-content\\\/uploads\\\/2026\\\/02\\\/26_ISE_800px.jpg\",\"width\":800,\"height\":533},{\"@type\":\"BreadcrumbList\",\"@id\":\"https:\\\/\\\/eurecat.org\\\/es\\\/eurecat-consigue-recrear-la-acustica-de-espacios-arquitectonicos-como-el-palau-moja-y-de-edificios-que-ya-no-existen-o-han-sufrido-modificaciones-estructurales\\\/#breadcrumb\",\"itemListElement\":[{\"@type\":\"ListItem\",\"position\":1,\"name\":\"Inici\",\"item\":\"https:\\\/\\\/eurecat.org\\\/es\\\/\"},{\"@type\":\"ListItem\",\"position\":2,\"name\":\"Eurecat consigue recrear la ac\u00fastica de espacios arquitect\u00f3nicos como el Palau Moja y de edificios que ya no existen o han sufrido modificaciones estructurales\"}]},{\"@type\":\"WebSite\",\"@id\":\"https:\\\/\\\/eurecat.org\\\/es\\\/#website\",\"url\":\"https:\\\/\\\/eurecat.org\\\/es\\\/\",\"name\":\"Eurecat\",\"description\":\"Otro sitio realizado con WordPress\",\"potentialAction\":[{\"@type\":\"SearchAction\",\"target\":{\"@type\":\"EntryPoint\",\"urlTemplate\":\"https:\\\/\\\/eurecat.org\\\/es\\\/?s={search_term_string}\"},\"query-input\":{\"@type\":\"PropertyValueSpecification\",\"valueRequired\":true,\"valueName\":\"search_term_string\"}}],\"inLanguage\":\"es\"},{\"@type\":\"Person\",\"@id\":\"https:\\\/\\\/eurecat.org\\\/es\\\/#\\\/schema\\\/person\\\/99d4d39712001e7621b6867b27b40bed\",\"name\":\"EurecatEQZ\",\"image\":{\"@type\":\"ImageObject\",\"inLanguage\":\"es\",\"@id\":\"https:\\\/\\\/secure.gravatar.com\\\/avatar\\\/6deb26ca61bcc34263c59cc62bb8b08ff90b67af7f99943babf5d86396845993?s=96&d=mm&r=g\",\"url\":\"https:\\\/\\\/secure.gravatar.com\\\/avatar\\\/6deb26ca61bcc34263c59cc62bb8b08ff90b67af7f99943babf5d86396845993?s=96&d=mm&r=g\",\"contentUrl\":\"https:\\\/\\\/secure.gravatar.com\\\/avatar\\\/6deb26ca61bcc34263c59cc62bb8b08ff90b67af7f99943babf5d86396845993?s=96&d=mm&r=g\",\"caption\":\"EurecatEQZ\"}}]}<\/script>\n<!-- \/ Yoast SEO plugin. -->","yoast_head_json":{"title":"Eurecat consigue recrear la ac\u00fastica de espacios arquitect\u00f3nicos como el Palau Moja y de edificios que ya no existen o han sufrido modificaciones estructurales - Eurecat","robots":{"index":"index","follow":"follow","max-snippet":"max-snippet:-1","max-image-preview":"max-image-preview:large","max-video-preview":"max-video-preview:-1"},"canonical":"https:\/\/eurecat.org\/es\/eurecat-consigue-recrear-la-acustica-de-espacios-arquitectonicos-como-el-palau-moja-y-de-edificios-que-ya-no-existen-o-han-sufrido-modificaciones-estructurales\/","og_locale":"es_ES","og_type":"article","og_title":"Eurecat consigue recrear la ac\u00fastica de espacios arquitect\u00f3nicos como el Palau Moja y de edificios que ya no existen o han sufrido modificaciones estructurales - Eurecat","og_url":"https:\/\/eurecat.org\/es\/eurecat-consigue-recrear-la-acustica-de-espacios-arquitectonicos-como-el-palau-moja-y-de-edificios-que-ya-no-existen-o-han-sufrido-modificaciones-estructurales\/","og_site_name":"Eurecat","article_published_time":"2026-02-05T12:06:16+00:00","article_modified_time":"2026-02-05T12:10:03+00:00","og_image":[{"width":800,"height":533,"url":"https:\/\/eurecat.org\/wp-content\/uploads\/2026\/02\/26_ISE_800px.jpg","type":"image\/jpeg"}],"author":"EurecatEQZ","twitter_card":"summary_large_image","twitter_misc":{"Escrito por":"EurecatEQZ","Tiempo de lectura":"4 minutos"},"schema":{"@context":"https:\/\/schema.org","@graph":[{"@type":"Article","@id":"https:\/\/eurecat.org\/es\/eurecat-consigue-recrear-la-acustica-de-espacios-arquitectonicos-como-el-palau-moja-y-de-edificios-que-ya-no-existen-o-han-sufrido-modificaciones-estructurales\/#article","isPartOf":{"@id":"https:\/\/eurecat.org\/es\/eurecat-consigue-recrear-la-acustica-de-espacios-arquitectonicos-como-el-palau-moja-y-de-edificios-que-ya-no-existen-o-han-sufrido-modificaciones-estructurales\/"},"author":{"name":"EurecatEQZ","@id":"https:\/\/eurecat.org\/es\/#\/schema\/person\/99d4d39712001e7621b6867b27b40bed"},"headline":"Eurecat consigue recrear la ac\u00fastica de espacios arquitect\u00f3nicos como el Palau Moja y de edificios que ya no existen o han sufrido modificaciones estructurales","datePublished":"2026-02-05T12:06:16+00:00","dateModified":"2026-02-05T12:10:03+00:00","mainEntityOfPage":{"@id":"https:\/\/eurecat.org\/es\/eurecat-consigue-recrear-la-acustica-de-espacios-arquitectonicos-como-el-palau-moja-y-de-edificios-que-ya-no-existen-o-han-sufrido-modificaciones-estructurales\/"},"wordCount":1801,"commentCount":0,"image":{"@id":"https:\/\/eurecat.org\/es\/eurecat-consigue-recrear-la-acustica-de-espacios-arquitectonicos-como-el-palau-moja-y-de-edificios-que-ya-no-existen-o-han-sufrido-modificaciones-estructurales\/#primaryimage"},"thumbnailUrl":"https:\/\/eurecat.org\/wp-content\/uploads\/2026\/02\/26_ISE_800px.jpg","articleSection":["Ferias","Industrias Culturales y Creativas","Notas de prensa","Tecnolog\u00edas Audiovisuales"],"inLanguage":"es","potentialAction":[{"@type":"CommentAction","name":"Comment","target":["https:\/\/eurecat.org\/es\/eurecat-consigue-recrear-la-acustica-de-espacios-arquitectonicos-como-el-palau-moja-y-de-edificios-que-ya-no-existen-o-han-sufrido-modificaciones-estructurales\/#respond"]}]},{"@type":"WebPage","@id":"https:\/\/eurecat.org\/es\/eurecat-consigue-recrear-la-acustica-de-espacios-arquitectonicos-como-el-palau-moja-y-de-edificios-que-ya-no-existen-o-han-sufrido-modificaciones-estructurales\/","url":"https:\/\/eurecat.org\/es\/eurecat-consigue-recrear-la-acustica-de-espacios-arquitectonicos-como-el-palau-moja-y-de-edificios-que-ya-no-existen-o-han-sufrido-modificaciones-estructurales\/","name":"Eurecat consigue recrear la ac\u00fastica de espacios arquitect\u00f3nicos como el Palau Moja y de edificios que ya no existen o han sufrido modificaciones estructurales - Eurecat","isPartOf":{"@id":"https:\/\/eurecat.org\/es\/#website"},"primaryImageOfPage":{"@id":"https:\/\/eurecat.org\/es\/eurecat-consigue-recrear-la-acustica-de-espacios-arquitectonicos-como-el-palau-moja-y-de-edificios-que-ya-no-existen-o-han-sufrido-modificaciones-estructurales\/#primaryimage"},"image":{"@id":"https:\/\/eurecat.org\/es\/eurecat-consigue-recrear-la-acustica-de-espacios-arquitectonicos-como-el-palau-moja-y-de-edificios-que-ya-no-existen-o-han-sufrido-modificaciones-estructurales\/#primaryimage"},"thumbnailUrl":"https:\/\/eurecat.org\/wp-content\/uploads\/2026\/02\/26_ISE_800px.jpg","datePublished":"2026-02-05T12:06:16+00:00","dateModified":"2026-02-05T12:10:03+00:00","author":{"@id":"https:\/\/eurecat.org\/es\/#\/schema\/person\/99d4d39712001e7621b6867b27b40bed"},"breadcrumb":{"@id":"https:\/\/eurecat.org\/es\/eurecat-consigue-recrear-la-acustica-de-espacios-arquitectonicos-como-el-palau-moja-y-de-edificios-que-ya-no-existen-o-han-sufrido-modificaciones-estructurales\/#breadcrumb"},"inLanguage":"es","potentialAction":[{"@type":"ReadAction","target":["https:\/\/eurecat.org\/es\/eurecat-consigue-recrear-la-acustica-de-espacios-arquitectonicos-como-el-palau-moja-y-de-edificios-que-ya-no-existen-o-han-sufrido-modificaciones-estructurales\/"]}]},{"@type":"ImageObject","inLanguage":"es","@id":"https:\/\/eurecat.org\/es\/eurecat-consigue-recrear-la-acustica-de-espacios-arquitectonicos-como-el-palau-moja-y-de-edificios-que-ya-no-existen-o-han-sufrido-modificaciones-estructurales\/#primaryimage","url":"https:\/\/eurecat.org\/wp-content\/uploads\/2026\/02\/26_ISE_800px.jpg","contentUrl":"https:\/\/eurecat.org\/wp-content\/uploads\/2026\/02\/26_ISE_800px.jpg","width":800,"height":533},{"@type":"BreadcrumbList","@id":"https:\/\/eurecat.org\/es\/eurecat-consigue-recrear-la-acustica-de-espacios-arquitectonicos-como-el-palau-moja-y-de-edificios-que-ya-no-existen-o-han-sufrido-modificaciones-estructurales\/#breadcrumb","itemListElement":[{"@type":"ListItem","position":1,"name":"Inici","item":"https:\/\/eurecat.org\/es\/"},{"@type":"ListItem","position":2,"name":"Eurecat consigue recrear la ac\u00fastica de espacios arquitect\u00f3nicos como el Palau Moja y de edificios que ya no existen o han sufrido modificaciones estructurales"}]},{"@type":"WebSite","@id":"https:\/\/eurecat.org\/es\/#website","url":"https:\/\/eurecat.org\/es\/","name":"Eurecat","description":"Otro sitio realizado con WordPress","potentialAction":[{"@type":"SearchAction","target":{"@type":"EntryPoint","urlTemplate":"https:\/\/eurecat.org\/es\/?s={search_term_string}"},"query-input":{"@type":"PropertyValueSpecification","valueRequired":true,"valueName":"search_term_string"}}],"inLanguage":"es"},{"@type":"Person","@id":"https:\/\/eurecat.org\/es\/#\/schema\/person\/99d4d39712001e7621b6867b27b40bed","name":"EurecatEQZ","image":{"@type":"ImageObject","inLanguage":"es","@id":"https:\/\/secure.gravatar.com\/avatar\/6deb26ca61bcc34263c59cc62bb8b08ff90b67af7f99943babf5d86396845993?s=96&d=mm&r=g","url":"https:\/\/secure.gravatar.com\/avatar\/6deb26ca61bcc34263c59cc62bb8b08ff90b67af7f99943babf5d86396845993?s=96&d=mm&r=g","contentUrl":"https:\/\/secure.gravatar.com\/avatar\/6deb26ca61bcc34263c59cc62bb8b08ff90b67af7f99943babf5d86396845993?s=96&d=mm&r=g","caption":"EurecatEQZ"}}]}},"_links":{"self":[{"href":"https:\/\/eurecat.org\/es\/wp-json\/wp\/v2\/posts\/192501","targetHints":{"allow":["GET"]}}],"collection":[{"href":"https:\/\/eurecat.org\/es\/wp-json\/wp\/v2\/posts"}],"about":[{"href":"https:\/\/eurecat.org\/es\/wp-json\/wp\/v2\/types\/post"}],"author":[{"embeddable":true,"href":"https:\/\/eurecat.org\/es\/wp-json\/wp\/v2\/users\/20"}],"replies":[{"embeddable":true,"href":"https:\/\/eurecat.org\/es\/wp-json\/wp\/v2\/comments?post=192501"}],"version-history":[{"count":1,"href":"https:\/\/eurecat.org\/es\/wp-json\/wp\/v2\/posts\/192501\/revisions"}],"predecessor-version":[{"id":192502,"href":"https:\/\/eurecat.org\/es\/wp-json\/wp\/v2\/posts\/192501\/revisions\/192502"}],"wp:featuredmedia":[{"embeddable":true,"href":"https:\/\/eurecat.org\/es\/wp-json\/wp\/v2\/media\/192498"}],"wp:attachment":[{"href":"https:\/\/eurecat.org\/es\/wp-json\/wp\/v2\/media?parent=192501"}],"wp:term":[{"taxonomy":"category","embeddable":true,"href":"https:\/\/eurecat.org\/es\/wp-json\/wp\/v2\/categories?post=192501"},{"taxonomy":"post_tag","embeddable":true,"href":"https:\/\/eurecat.org\/es\/wp-json\/wp\/v2\/tags?post=192501"}],"curies":[{"name":"wp","href":"https:\/\/api.w.org\/{rel}","templated":true}]}}