{"id":192850,"date":"2026-02-13T12:11:45","date_gmt":"2026-02-13T11:11:45","guid":{"rendered":"https:\/\/eurecat.org\/?p=192850"},"modified":"2026-02-13T12:14:19","modified_gmt":"2026-02-13T11:14:19","slug":"eurecat-contribuye-a-impulsar-las-tecnologias-limpias-como-sector-clave-en-la-soberania-tecnologica-europea","status":"publish","type":"post","link":"https:\/\/eurecat.org\/es\/eurecat-contribuye-a-impulsar-las-tecnologias-limpias-como-sector-clave-en-la-soberania-tecnologica-europea\/","title":{"rendered":"Eurecat contribuye a impulsar las tecnolog\u00edas limpias como sector clave en la soberan\u00eda tecnol\u00f3gica europea"},"content":{"rendered":"<div class=\"fusion-fullwidth fullwidth-box fusion-builder-row-1 fusion-flex-container has-pattern-background has-mask-background nonhundred-percent-fullwidth non-hundred-percent-height-scrolling\" style=\"--awb-border-radius-top-left:0px;--awb-border-radius-top-right:0px;--awb-border-radius-bottom-right:0px;--awb-border-radius-bottom-left:0px;--awb-flex-wrap:wrap;\" ><div class=\"fusion-builder-row fusion-row fusion-flex-align-items-flex-start fusion-flex-content-wrap\" style=\"max-width:1424.8px;margin-left: calc(-4% \/ 2 );margin-right: calc(-4% \/ 2 );\"><div class=\"fusion-layout-column fusion_builder_column fusion-builder-column-0 fusion_builder_column_1_1 1_1 fusion-flex-column\" style=\"--awb-bg-size:cover;--awb-width-large:100%;--awb-margin-top-large:0px;--awb-spacing-right-large:1.92%;--awb-margin-bottom-large:20px;--awb-spacing-left-large:1.92%;--awb-width-medium:100%;--awb-order-medium:0;--awb-spacing-right-medium:1.92%;--awb-spacing-left-medium:1.92%;--awb-width-small:100%;--awb-order-small:0;--awb-spacing-right-small:1.92%;--awb-spacing-left-small:1.92%;\"><div class=\"fusion-column-wrapper fusion-column-has-shadow fusion-flex-justify-content-flex-start fusion-content-layout-column\"><div class=\"fusion-text fusion-text-1\"><p>El centro tecnol\u00f3gico <a href=\"https:\/\/eurecat.org\/es\">Eurecat<\/a> ha participado en la segunda edici\u00f3n de la cumbre \u2018Leaders Meeting Fit for the Future\u2019, que aglutina regiones europeas relevantes en los \u00e1mbitos de la industria y la innovaci\u00f3n, donde ha puesto de relieve las oportunidades que ofrece la innovaci\u00f3n en el \u00e1mbito estrat\u00e9gico de las tecnolog\u00edas limpias (cleantech) para la soberan\u00eda tecnol\u00f3gica europea y su impacto en la transici\u00f3n energ\u00e9tica, la circularidad y la adaptaci\u00f3n al cambio clim\u00e1tico.<\/p>\n<p>En palabras del director del \u00c1rea de Sostenibilidad de Eurecat, Miquel Rovira, \u201chemos podido constatar que, para las principales regiones europeas, las tecnolog\u00edas limpias, cleantech, tienen y tendr\u00e1n un rol muy relevante en la soberan\u00eda estrat\u00e9gica de nuestro continente, conjuntamente con la biotecnolog\u00eda y la digitalizaci\u00f3n, y nos corresponde como centro tecnol\u00f3gico continuar explorando la interacci\u00f3n entre estos \u00e1mbitos para avanzar en soluciones reales para el tejido productivo y el conjunto de la sociedad\u201d.<\/p>\n<p>Las tecnolog\u00edas limpias son soluciones que permiten prevenir, reducir o, incluso, eliminar la contaminaci\u00f3n y el uso ineficiente de los recursos, impulsando la resiliencia clim\u00e1tica y la econom\u00eda circular. En este sentido, se\u00f1ala Miquel Rovira, \u201clas energ\u00edas renovables, la eficiencia energ\u00e9tica, la captura y valorizaci\u00f3n de CO\u2082 y la movilidad el\u00e9ctrica, \u00e1mbitos estrat\u00e9gicos de Eurecat, son ejemplos destacados\u201d.<\/p>\n<p>La segunda edici\u00f3n de la cumbre \u2018Leaders Meeting Fit for the Future\u2019 ha tenido lugar este mes de febrero en Bilbao, con el objetivo de reforzar la cooperaci\u00f3n interregional y contribuir a la autonom\u00eda estrat\u00e9gica de Europa. Se celebr\u00f3 por primera vez en 2024 en Amberes por iniciativa del Gobierno de Flandes y este a\u00f1o la ha organizado el Gobierno de Euskadi. Adem\u00e1s de Catalu\u00f1a, Euskadi y Flandes, han participado representantes de Navarra, Lombard\u00eda, Auvernia-R\u00f3dano-Alpes, Valonia, Sajonia, Altos de Francia, Gran Este, Alta Austria y Pomerania Occidental.<\/p>\n<p>Como resultado de los debates, se ha adoptado una declaraci\u00f3n conjunta que pide a los l\u00edderes europeos un peso m\u00e1s elevado de las regiones en las pol\u00edticas industriales, digitales y de innovaci\u00f3n de la UE, que ha contado con la visi\u00f3n del sector privado a trav\u00e9s de las aportaciones de cl\u00fasteres y de diferentes centros tecnol\u00f3gicos, de los cuales Eurecat ha sido el \u00fanico centro tecnol\u00f3gico catal\u00e1n que ha formado parte del evento.<\/p>\n<p>Han participado tambi\u00e9n en la cumbre el lehendakari vasco, Imanol Pradales, que ha hecho la clausura, el ministro-presidente de Flandes, Matthias Diependa, y el secretario de Asuntos Europeos, Multilaterales y de Cooperaci\u00f3n al Desarrollo, Agust\u00ed Fern\u00e1ndez de Losada, entre otros. Por parte de Catalu\u00f1a, adem\u00e1s de Eurecat, ha tomado parte el Cl\u00faster de Residuos de Catalu\u00f1a, el Cl\u00faster de la Energ\u00eda Eficiente de Catalu\u00f1a, el Cl\u00faster Bioenerg\u00eda Catalu\u00f1a, Catalonia Health, el Cl\u00faster WeMind y el Cl\u00faster Digital de Catalu\u00f1a.<\/p>\n<\/div><\/div><\/div><\/div><\/div>\n","protected":false},"excerpt":{"rendered":"","protected":false},"author":20,"featured_media":192847,"comment_status":"open","ping_status":"closed","sticky":false,"template":"","format":"standard","meta":{"footnotes":""},"categories":[134,411],"tags":[],"class_list":["post-192850","post","type-post","status-publish","format-standard","has-post-thumbnail","hentry","category-notas-de-prensa","category-sostenibilidad"],"yoast_head":"<!-- This site is optimized with the Yoast SEO plugin v27.5 - https:\/\/yoast.com\/product\/yoast-seo-wordpress\/ -->\n<title>Eurecat contribuye a impulsar las tecnolog\u00edas limpias como sector clave en la soberan\u00eda tecnol\u00f3gica europea - Eurecat<\/title>\n<meta name=\"robots\" content=\"index, follow, max-snippet:-1, max-image-preview:large, max-video-preview:-1\" \/>\n<link rel=\"canonical\" href=\"https:\/\/eurecat.org\/es\/eurecat-contribuye-a-impulsar-las-tecnologias-limpias-como-sector-clave-en-la-soberania-tecnologica-europea\/\" \/>\n<meta property=\"og:locale\" content=\"es_ES\" \/>\n<meta property=\"og:type\" content=\"article\" \/>\n<meta property=\"og:title\" content=\"Eurecat contribuye a impulsar las tecnolog\u00edas limpias como sector clave en la soberan\u00eda tecnol\u00f3gica europea - Eurecat\" \/>\n<meta property=\"og:url\" content=\"https:\/\/eurecat.org\/es\/eurecat-contribuye-a-impulsar-las-tecnologias-limpias-como-sector-clave-en-la-soberania-tecnologica-europea\/\" \/>\n<meta property=\"og:site_name\" content=\"Eurecat\" \/>\n<meta property=\"article:published_time\" content=\"2026-02-13T11:11:45+00:00\" \/>\n<meta property=\"article:modified_time\" content=\"2026-02-13T11:14:19+00:00\" \/>\n<meta property=\"og:image\" content=\"https:\/\/eurecat.org\/wp-content\/uploads\/2026\/02\/26_FIT_FOR_THE_FUTURE.jpg\" \/>\n\t<meta property=\"og:image:width\" content=\"800\" \/>\n\t<meta property=\"og:image:height\" content=\"533\" \/>\n\t<meta property=\"og:image:type\" content=\"image\/jpeg\" \/>\n<meta name=\"author\" content=\"EurecatEQZ\" \/>\n<meta name=\"twitter:card\" content=\"summary_large_image\" \/>\n<meta name=\"twitter:label1\" content=\"Escrito por\" \/>\n\t<meta name=\"twitter:data1\" content=\"EurecatEQZ\" \/>\n\t<meta name=\"twitter:label2\" content=\"Tiempo de lectura\" \/>\n\t<meta name=\"twitter:data2\" content=\"3 minutos\" \/>\n<script type=\"application\/ld+json\" class=\"yoast-schema-graph\">{\"@context\":\"https:\\\/\\\/schema.org\",\"@graph\":[{\"@type\":\"Article\",\"@id\":\"https:\\\/\\\/eurecat.org\\\/es\\\/eurecat-contribuye-a-impulsar-las-tecnologias-limpias-como-sector-clave-en-la-soberania-tecnologica-europea\\\/#article\",\"isPartOf\":{\"@id\":\"https:\\\/\\\/eurecat.org\\\/es\\\/eurecat-contribuye-a-impulsar-las-tecnologias-limpias-como-sector-clave-en-la-soberania-tecnologica-europea\\\/\"},\"author\":{\"name\":\"EurecatEQZ\",\"@id\":\"https:\\\/\\\/eurecat.org\\\/es\\\/#\\\/schema\\\/person\\\/99d4d39712001e7621b6867b27b40bed\"},\"headline\":\"Eurecat contribuye a impulsar las tecnolog\u00edas limpias como sector clave en la soberan\u00eda tecnol\u00f3gica europea\",\"datePublished\":\"2026-02-13T11:11:45+00:00\",\"dateModified\":\"2026-02-13T11:14:19+00:00\",\"mainEntityOfPage\":{\"@id\":\"https:\\\/\\\/eurecat.org\\\/es\\\/eurecat-contribuye-a-impulsar-las-tecnologias-limpias-como-sector-clave-en-la-soberania-tecnologica-europea\\\/\"},\"wordCount\":1689,\"commentCount\":0,\"image\":{\"@id\":\"https:\\\/\\\/eurecat.org\\\/es\\\/eurecat-contribuye-a-impulsar-las-tecnologias-limpias-como-sector-clave-en-la-soberania-tecnologica-europea\\\/#primaryimage\"},\"thumbnailUrl\":\"https:\\\/\\\/eurecat.org\\\/wp-content\\\/uploads\\\/2026\\\/02\\\/26_FIT_FOR_THE_FUTURE.jpg\",\"articleSection\":[\"Notas de prensa\",\"Sostenibilidad\"],\"inLanguage\":\"es\",\"potentialAction\":[{\"@type\":\"CommentAction\",\"name\":\"Comment\",\"target\":[\"https:\\\/\\\/eurecat.org\\\/es\\\/eurecat-contribuye-a-impulsar-las-tecnologias-limpias-como-sector-clave-en-la-soberania-tecnologica-europea\\\/#respond\"]}]},{\"@type\":\"WebPage\",\"@id\":\"https:\\\/\\\/eurecat.org\\\/es\\\/eurecat-contribuye-a-impulsar-las-tecnologias-limpias-como-sector-clave-en-la-soberania-tecnologica-europea\\\/\",\"url\":\"https:\\\/\\\/eurecat.org\\\/es\\\/eurecat-contribuye-a-impulsar-las-tecnologias-limpias-como-sector-clave-en-la-soberania-tecnologica-europea\\\/\",\"name\":\"Eurecat contribuye a impulsar las tecnolog\u00edas limpias como sector clave en la soberan\u00eda tecnol\u00f3gica europea - Eurecat\",\"isPartOf\":{\"@id\":\"https:\\\/\\\/eurecat.org\\\/es\\\/#website\"},\"primaryImageOfPage\":{\"@id\":\"https:\\\/\\\/eurecat.org\\\/es\\\/eurecat-contribuye-a-impulsar-las-tecnologias-limpias-como-sector-clave-en-la-soberania-tecnologica-europea\\\/#primaryimage\"},\"image\":{\"@id\":\"https:\\\/\\\/eurecat.org\\\/es\\\/eurecat-contribuye-a-impulsar-las-tecnologias-limpias-como-sector-clave-en-la-soberania-tecnologica-europea\\\/#primaryimage\"},\"thumbnailUrl\":\"https:\\\/\\\/eurecat.org\\\/wp-content\\\/uploads\\\/2026\\\/02\\\/26_FIT_FOR_THE_FUTURE.jpg\",\"datePublished\":\"2026-02-13T11:11:45+00:00\",\"dateModified\":\"2026-02-13T11:14:19+00:00\",\"author\":{\"@id\":\"https:\\\/\\\/eurecat.org\\\/es\\\/#\\\/schema\\\/person\\\/99d4d39712001e7621b6867b27b40bed\"},\"breadcrumb\":{\"@id\":\"https:\\\/\\\/eurecat.org\\\/es\\\/eurecat-contribuye-a-impulsar-las-tecnologias-limpias-como-sector-clave-en-la-soberania-tecnologica-europea\\\/#breadcrumb\"},\"inLanguage\":\"es\",\"potentialAction\":[{\"@type\":\"ReadAction\",\"target\":[\"https:\\\/\\\/eurecat.org\\\/es\\\/eurecat-contribuye-a-impulsar-las-tecnologias-limpias-como-sector-clave-en-la-soberania-tecnologica-europea\\\/\"]}]},{\"@type\":\"ImageObject\",\"inLanguage\":\"es\",\"@id\":\"https:\\\/\\\/eurecat.org\\\/es\\\/eurecat-contribuye-a-impulsar-las-tecnologias-limpias-como-sector-clave-en-la-soberania-tecnologica-europea\\\/#primaryimage\",\"url\":\"https:\\\/\\\/eurecat.org\\\/wp-content\\\/uploads\\\/2026\\\/02\\\/26_FIT_FOR_THE_FUTURE.jpg\",\"contentUrl\":\"https:\\\/\\\/eurecat.org\\\/wp-content\\\/uploads\\\/2026\\\/02\\\/26_FIT_FOR_THE_FUTURE.jpg\",\"width\":800,\"height\":533},{\"@type\":\"BreadcrumbList\",\"@id\":\"https:\\\/\\\/eurecat.org\\\/es\\\/eurecat-contribuye-a-impulsar-las-tecnologias-limpias-como-sector-clave-en-la-soberania-tecnologica-europea\\\/#breadcrumb\",\"itemListElement\":[{\"@type\":\"ListItem\",\"position\":1,\"name\":\"Inici\",\"item\":\"https:\\\/\\\/eurecat.org\\\/es\\\/\"},{\"@type\":\"ListItem\",\"position\":2,\"name\":\"Eurecat contribuye a impulsar las tecnolog\u00edas limpias como sector clave en la soberan\u00eda tecnol\u00f3gica europea\"}]},{\"@type\":\"WebSite\",\"@id\":\"https:\\\/\\\/eurecat.org\\\/es\\\/#website\",\"url\":\"https:\\\/\\\/eurecat.org\\\/es\\\/\",\"name\":\"Eurecat\",\"description\":\"Otro sitio realizado con WordPress\",\"potentialAction\":[{\"@type\":\"SearchAction\",\"target\":{\"@type\":\"EntryPoint\",\"urlTemplate\":\"https:\\\/\\\/eurecat.org\\\/es\\\/?s={search_term_string}\"},\"query-input\":{\"@type\":\"PropertyValueSpecification\",\"valueRequired\":true,\"valueName\":\"search_term_string\"}}],\"inLanguage\":\"es\"},{\"@type\":\"Person\",\"@id\":\"https:\\\/\\\/eurecat.org\\\/es\\\/#\\\/schema\\\/person\\\/99d4d39712001e7621b6867b27b40bed\",\"name\":\"EurecatEQZ\",\"image\":{\"@type\":\"ImageObject\",\"inLanguage\":\"es\",\"@id\":\"https:\\\/\\\/secure.gravatar.com\\\/avatar\\\/6deb26ca61bcc34263c59cc62bb8b08ff90b67af7f99943babf5d86396845993?s=96&d=mm&r=g\",\"url\":\"https:\\\/\\\/secure.gravatar.com\\\/avatar\\\/6deb26ca61bcc34263c59cc62bb8b08ff90b67af7f99943babf5d86396845993?s=96&d=mm&r=g\",\"contentUrl\":\"https:\\\/\\\/secure.gravatar.com\\\/avatar\\\/6deb26ca61bcc34263c59cc62bb8b08ff90b67af7f99943babf5d86396845993?s=96&d=mm&r=g\",\"caption\":\"EurecatEQZ\"}}]}<\/script>\n<!-- \/ Yoast SEO plugin. -->","yoast_head_json":{"title":"Eurecat contribuye a impulsar las tecnolog\u00edas limpias como sector clave en la soberan\u00eda tecnol\u00f3gica europea - Eurecat","robots":{"index":"index","follow":"follow","max-snippet":"max-snippet:-1","max-image-preview":"max-image-preview:large","max-video-preview":"max-video-preview:-1"},"canonical":"https:\/\/eurecat.org\/es\/eurecat-contribuye-a-impulsar-las-tecnologias-limpias-como-sector-clave-en-la-soberania-tecnologica-europea\/","og_locale":"es_ES","og_type":"article","og_title":"Eurecat contribuye a impulsar las tecnolog\u00edas limpias como sector clave en la soberan\u00eda tecnol\u00f3gica europea - Eurecat","og_url":"https:\/\/eurecat.org\/es\/eurecat-contribuye-a-impulsar-las-tecnologias-limpias-como-sector-clave-en-la-soberania-tecnologica-europea\/","og_site_name":"Eurecat","article_published_time":"2026-02-13T11:11:45+00:00","article_modified_time":"2026-02-13T11:14:19+00:00","og_image":[{"width":800,"height":533,"url":"https:\/\/eurecat.org\/wp-content\/uploads\/2026\/02\/26_FIT_FOR_THE_FUTURE.jpg","type":"image\/jpeg"}],"author":"EurecatEQZ","twitter_card":"summary_large_image","twitter_misc":{"Escrito por":"EurecatEQZ","Tiempo de lectura":"3 minutos"},"schema":{"@context":"https:\/\/schema.org","@graph":[{"@type":"Article","@id":"https:\/\/eurecat.org\/es\/eurecat-contribuye-a-impulsar-las-tecnologias-limpias-como-sector-clave-en-la-soberania-tecnologica-europea\/#article","isPartOf":{"@id":"https:\/\/eurecat.org\/es\/eurecat-contribuye-a-impulsar-las-tecnologias-limpias-como-sector-clave-en-la-soberania-tecnologica-europea\/"},"author":{"name":"EurecatEQZ","@id":"https:\/\/eurecat.org\/es\/#\/schema\/person\/99d4d39712001e7621b6867b27b40bed"},"headline":"Eurecat contribuye a impulsar las tecnolog\u00edas limpias como sector clave en la soberan\u00eda tecnol\u00f3gica europea","datePublished":"2026-02-13T11:11:45+00:00","dateModified":"2026-02-13T11:14:19+00:00","mainEntityOfPage":{"@id":"https:\/\/eurecat.org\/es\/eurecat-contribuye-a-impulsar-las-tecnologias-limpias-como-sector-clave-en-la-soberania-tecnologica-europea\/"},"wordCount":1689,"commentCount":0,"image":{"@id":"https:\/\/eurecat.org\/es\/eurecat-contribuye-a-impulsar-las-tecnologias-limpias-como-sector-clave-en-la-soberania-tecnologica-europea\/#primaryimage"},"thumbnailUrl":"https:\/\/eurecat.org\/wp-content\/uploads\/2026\/02\/26_FIT_FOR_THE_FUTURE.jpg","articleSection":["Notas de prensa","Sostenibilidad"],"inLanguage":"es","potentialAction":[{"@type":"CommentAction","name":"Comment","target":["https:\/\/eurecat.org\/es\/eurecat-contribuye-a-impulsar-las-tecnologias-limpias-como-sector-clave-en-la-soberania-tecnologica-europea\/#respond"]}]},{"@type":"WebPage","@id":"https:\/\/eurecat.org\/es\/eurecat-contribuye-a-impulsar-las-tecnologias-limpias-como-sector-clave-en-la-soberania-tecnologica-europea\/","url":"https:\/\/eurecat.org\/es\/eurecat-contribuye-a-impulsar-las-tecnologias-limpias-como-sector-clave-en-la-soberania-tecnologica-europea\/","name":"Eurecat contribuye a impulsar las tecnolog\u00edas limpias como sector clave en la soberan\u00eda tecnol\u00f3gica europea - Eurecat","isPartOf":{"@id":"https:\/\/eurecat.org\/es\/#website"},"primaryImageOfPage":{"@id":"https:\/\/eurecat.org\/es\/eurecat-contribuye-a-impulsar-las-tecnologias-limpias-como-sector-clave-en-la-soberania-tecnologica-europea\/#primaryimage"},"image":{"@id":"https:\/\/eurecat.org\/es\/eurecat-contribuye-a-impulsar-las-tecnologias-limpias-como-sector-clave-en-la-soberania-tecnologica-europea\/#primaryimage"},"thumbnailUrl":"https:\/\/eurecat.org\/wp-content\/uploads\/2026\/02\/26_FIT_FOR_THE_FUTURE.jpg","datePublished":"2026-02-13T11:11:45+00:00","dateModified":"2026-02-13T11:14:19+00:00","author":{"@id":"https:\/\/eurecat.org\/es\/#\/schema\/person\/99d4d39712001e7621b6867b27b40bed"},"breadcrumb":{"@id":"https:\/\/eurecat.org\/es\/eurecat-contribuye-a-impulsar-las-tecnologias-limpias-como-sector-clave-en-la-soberania-tecnologica-europea\/#breadcrumb"},"inLanguage":"es","potentialAction":[{"@type":"ReadAction","target":["https:\/\/eurecat.org\/es\/eurecat-contribuye-a-impulsar-las-tecnologias-limpias-como-sector-clave-en-la-soberania-tecnologica-europea\/"]}]},{"@type":"ImageObject","inLanguage":"es","@id":"https:\/\/eurecat.org\/es\/eurecat-contribuye-a-impulsar-las-tecnologias-limpias-como-sector-clave-en-la-soberania-tecnologica-europea\/#primaryimage","url":"https:\/\/eurecat.org\/wp-content\/uploads\/2026\/02\/26_FIT_FOR_THE_FUTURE.jpg","contentUrl":"https:\/\/eurecat.org\/wp-content\/uploads\/2026\/02\/26_FIT_FOR_THE_FUTURE.jpg","width":800,"height":533},{"@type":"BreadcrumbList","@id":"https:\/\/eurecat.org\/es\/eurecat-contribuye-a-impulsar-las-tecnologias-limpias-como-sector-clave-en-la-soberania-tecnologica-europea\/#breadcrumb","itemListElement":[{"@type":"ListItem","position":1,"name":"Inici","item":"https:\/\/eurecat.org\/es\/"},{"@type":"ListItem","position":2,"name":"Eurecat contribuye a impulsar las tecnolog\u00edas limpias como sector clave en la soberan\u00eda tecnol\u00f3gica europea"}]},{"@type":"WebSite","@id":"https:\/\/eurecat.org\/es\/#website","url":"https:\/\/eurecat.org\/es\/","name":"Eurecat","description":"Otro sitio realizado con WordPress","potentialAction":[{"@type":"SearchAction","target":{"@type":"EntryPoint","urlTemplate":"https:\/\/eurecat.org\/es\/?s={search_term_string}"},"query-input":{"@type":"PropertyValueSpecification","valueRequired":true,"valueName":"search_term_string"}}],"inLanguage":"es"},{"@type":"Person","@id":"https:\/\/eurecat.org\/es\/#\/schema\/person\/99d4d39712001e7621b6867b27b40bed","name":"EurecatEQZ","image":{"@type":"ImageObject","inLanguage":"es","@id":"https:\/\/secure.gravatar.com\/avatar\/6deb26ca61bcc34263c59cc62bb8b08ff90b67af7f99943babf5d86396845993?s=96&d=mm&r=g","url":"https:\/\/secure.gravatar.com\/avatar\/6deb26ca61bcc34263c59cc62bb8b08ff90b67af7f99943babf5d86396845993?s=96&d=mm&r=g","contentUrl":"https:\/\/secure.gravatar.com\/avatar\/6deb26ca61bcc34263c59cc62bb8b08ff90b67af7f99943babf5d86396845993?s=96&d=mm&r=g","caption":"EurecatEQZ"}}]}},"_links":{"self":[{"href":"https:\/\/eurecat.org\/es\/wp-json\/wp\/v2\/posts\/192850","targetHints":{"allow":["GET"]}}],"collection":[{"href":"https:\/\/eurecat.org\/es\/wp-json\/wp\/v2\/posts"}],"about":[{"href":"https:\/\/eurecat.org\/es\/wp-json\/wp\/v2\/types\/post"}],"author":[{"embeddable":true,"href":"https:\/\/eurecat.org\/es\/wp-json\/wp\/v2\/users\/20"}],"replies":[{"embeddable":true,"href":"https:\/\/eurecat.org\/es\/wp-json\/wp\/v2\/comments?post=192850"}],"version-history":[{"count":1,"href":"https:\/\/eurecat.org\/es\/wp-json\/wp\/v2\/posts\/192850\/revisions"}],"predecessor-version":[{"id":192851,"href":"https:\/\/eurecat.org\/es\/wp-json\/wp\/v2\/posts\/192850\/revisions\/192851"}],"wp:featuredmedia":[{"embeddable":true,"href":"https:\/\/eurecat.org\/es\/wp-json\/wp\/v2\/media\/192847"}],"wp:attachment":[{"href":"https:\/\/eurecat.org\/es\/wp-json\/wp\/v2\/media?parent=192850"}],"wp:term":[{"taxonomy":"category","embeddable":true,"href":"https:\/\/eurecat.org\/es\/wp-json\/wp\/v2\/categories?post=192850"},{"taxonomy":"post_tag","embeddable":true,"href":"https:\/\/eurecat.org\/es\/wp-json\/wp\/v2\/tags?post=192850"}],"curies":[{"name":"wp","href":"https:\/\/api.w.org\/{rel}","templated":true}]}}