{"id":193080,"date":"2026-02-18T08:46:51","date_gmt":"2026-02-18T07:46:51","guid":{"rendered":"https:\/\/eurecat.org\/?p=193080"},"modified":"2026-02-18T08:49:36","modified_gmt":"2026-02-18T07:49:36","slug":"eurecat-presenta-al-conseller-de-union-europea-y-accion-exterior-el-impacto-de-sus-alianzas-internacionales-y-nuevas-soluciones-en-el-ambito-de-la-soberania-tecnologica","status":"publish","type":"post","link":"https:\/\/eurecat.org\/es\/eurecat-presenta-al-conseller-de-union-europea-y-accion-exterior-el-impacto-de-sus-alianzas-internacionales-y-nuevas-soluciones-en-el-ambito-de-la-soberania-tecnologica\/","title":{"rendered":"Eurecat presenta al conseller de Uni\u00f3n Europea y Acci\u00f3n Exterior el impacto de sus alianzas internacionales y nuevas soluciones en el \u00e1mbito de la soberan\u00eda tecnol\u00f3gica"},"content":{"rendered":"<div class=\"fusion-fullwidth fullwidth-box fusion-builder-row-1 fusion-flex-container has-pattern-background has-mask-background nonhundred-percent-fullwidth non-hundred-percent-height-scrolling\" style=\"--awb-border-radius-top-left:0px;--awb-border-radius-top-right:0px;--awb-border-radius-bottom-right:0px;--awb-border-radius-bottom-left:0px;--awb-flex-wrap:wrap;\" ><div class=\"fusion-builder-row fusion-row fusion-flex-align-items-flex-start fusion-flex-content-wrap\" style=\"max-width:1424.8px;margin-left: calc(-4% \/ 2 );margin-right: calc(-4% \/ 2 );\"><div class=\"fusion-layout-column fusion_builder_column fusion-builder-column-0 fusion_builder_column_1_1 1_1 fusion-flex-column\" style=\"--awb-bg-size:cover;--awb-width-large:100%;--awb-margin-top-large:0px;--awb-spacing-right-large:1.92%;--awb-margin-bottom-large:20px;--awb-spacing-left-large:1.92%;--awb-width-medium:100%;--awb-order-medium:0;--awb-spacing-right-medium:1.92%;--awb-spacing-left-medium:1.92%;--awb-width-small:100%;--awb-order-small:0;--awb-spacing-right-small:1.92%;--awb-spacing-left-small:1.92%;\"><div class=\"fusion-column-wrapper fusion-column-has-shadow fusion-flex-justify-content-flex-start fusion-content-layout-column\"><div class=\"fusion-text fusion-text-1\"><p>El conseller de Uni\u00f3n Europea y Acci\u00f3n Exterior, Jaume Duch, ha visitado la sede de Eurecat en Manresa, donde ha podido conocer el impacto de las soluciones que desarrolla en la soberan\u00eda tecnol\u00f3gica europea, en \u00e1mbitos como la recuperaci\u00f3n y valorizaci\u00f3n de materias primas fundamentales, como el litio, el magnesio, el n\u00edquel, el cobalto o las tierras raras, consideradas esenciales en Europa, as\u00ed como en materia de la reutilizaci\u00f3n del agua y de la descontaminaci\u00f3n de los suelos.<\/p>\n<p>La visita del titular de Uni\u00f3n Europea y Acci\u00f3n Exterior de la Generalitat de Catalunya ha tenido lugar en la sede de Eurecat Manresa, donde ha podido profundizar en la experiencia de Eurecat en varios proyectos de cooperaci\u00f3n tecnol\u00f3gica internacional y en la extensa red de partners que mantiene en Europa, Asia, Iberoam\u00e9rica y otras regiones del mundo. Eurecat, que colabora con m\u00e1s de 500 organizaciones a escala mundial, tambi\u00e9n ha presentado al conseller los resultados de algunos de los m\u00e1s de 200 grandes proyectos consorciados de I+D+I de alto valor estrat\u00e9gico, a trav\u00e9s de los cuales aborda retos globales como la sostenibilidad, la salud o la industria avanzada.<\/p>\n<p>Duch ha remarcado que \u201cEurecat es un centro tecnol\u00f3gico de referencia en Catalu\u00f1a y en Europa, que ayuda a reforzar nuestra autonom\u00eda estrat\u00e9gica en sectores que pueden ser determinantes. Y lo hace, precisamente, en un momento en que el contexto internacional y los retos globales de futuro nos obligan a ganar m\u00fasculo en \u00e1mbitos como la investigaci\u00f3n y la innovaci\u00f3n\u201d. Adem\u00e1s, el conseller ha subrayado que \u201chay que destacar la presencia de Eurecat en todo el territorio, ya que contribuye a vertebrar el pa\u00eds y a transformar el conocimiento cient\u00edfico en competitividad para las empresas catalanas\u201d.<\/p>\n<p>En palabras del director general de Eurecat, Xavier L\u00f3pez, \u201cEurecat es un centro tecnol\u00f3gico multidisciplinario con capacidades en cinco grandes \u00e1mbitos de conocimiento que hacemos converger para dar respuesta a retos complejos de las empresas y de la sociedad vinculados con las tecnolog\u00edas digitales, los sistemas ciberf\u00edsicos, los materiales y procesos de fabricaci\u00f3n, las ciencias y tecnolog\u00edas de la vida y la salud y las ciencias y tecnolog\u00edas ambientales\u201d.<\/p>\n<p><strong>Econom\u00eda circular y tecnolog\u00edas limpias<\/strong><\/p>\n<p>La sede de Eurecat en Manresa acoge capacidades e infraestructuras especializadas en la integraci\u00f3n de tecnolog\u00edas ambientales para la gesti\u00f3n estrat\u00e9gica de recursos como el agua, los suelos y los residuos, y en la creaci\u00f3n de nuevos materiales y procesos sostenibles.<\/p>\n<p>Eurecat trabaja bajo los principios de la econom\u00eda circular como estrategia de mitigaci\u00f3n ante el cambio clim\u00e1tico, los cuales se estima que pueden permitir reducir en un 45 por ciento las emisiones de gases de efecto invernadero si se tienen en cuenta los principales sistemas productivos. En este \u00e1mbito, Eurecat ha empezado a calcular la estimaci\u00f3n de la ganancia ambiental de los procesos de innovaci\u00f3n tecnol\u00f3gica que desarrolla, mediante la metodolog\u00eda de an\u00e1lisis del ciclo de vida (ACV), que permite cuantificar las emisiones de di\u00f3xido de carbono evitadas en cada proyecto, con el prop\u00f3sito de obtener nuevos datos que ayuden a mitigar el cambio clim\u00e1tico.<\/p>\n<p>Por otro lado, Eurecat lleva adelante el programa Cassandra, que cuenta con el apoyo de m\u00e1s de 300 instituciones supranacionales, ONG, universidades y centros de investigaci\u00f3n, entre las cuales figuran la OCDE y la ONU. En la \u00faltima edici\u00f3n, la tercera, celebrada a principios de mes, se analizaron los efectos derivados del cambio clim\u00e1tico y su relaci\u00f3n con la salud, la migraci\u00f3n, la igualdad de g\u00e9nero y potenciales conflictos. La conferencia mostr\u00f3 las experiencias de los Foros Locales para el Clima que Cassandra ha promovido en 38 pa\u00edses de la regi\u00f3n Mediterr\u00e1nea, \u00c1frica, India y el Pr\u00f3ximo Oriente.<\/p>\n<p><strong>Punteros en reutilizaci\u00f3n de agua y recuperaci\u00f3n de materias primas fundamentales<\/strong><\/p>\n<p>Eurecat ha conseguido desarrollar nuevas tecnolog\u00edas para la recuperaci\u00f3n y valorizaci\u00f3n de tierras raras y materias primas estrat\u00e9gicas, como el litio, el magnesio, el n\u00edquel o el cobalto, de residuos, para ayudar a garantizar el suministro, evitar el impacto ambiental que causa su extracci\u00f3n y contribuir a la descarbonizaci\u00f3n de la industria gracias a la potenciaci\u00f3n de la econom\u00eda circular.<\/p>\n<p>Entre las innovaciones que Eurecat desarrolla en Manresa figura tambi\u00e9n el proyecto Decideix, una iniciativa de innovaci\u00f3n pionera en Europa para desarrollar herramientas de planificaci\u00f3n para el uso de modelos de reutilizaci\u00f3n de agua, como fuente segura y fiable en Catalu\u00f1a, en un contexto marcado por el impacto del cambio clim\u00e1tico.<\/p>\n<p>Durante la visita, han acompa\u00f1ado al conseller el vicepresidente de Eurecat, Francesc Santasusana; el director general de Eurecat, Xavier L\u00f3pez; el director del \u00c1rea de Sostenibilidad, Miquel Rovira; el director de Asuntos Corporativos y Pol\u00edticas P\u00fablicas, Joan Guasch, y el gerente de Eurecat en la Catalu\u00f1a Central, Juanjo Mart\u00edn, as\u00ed como el regidor delegado de Empresa, Turismo y Conocimiento de Manresa, Joan Vila.<\/p>\n<\/div><\/div><\/div><\/div><\/div>\n","protected":false},"excerpt":{"rendered":"","protected":false},"author":20,"featured_media":193071,"comment_status":"open","ping_status":"closed","sticky":false,"template":"","format":"standard","meta":{"footnotes":""},"categories":[682,134,411],"tags":[],"class_list":["post-193080","post","type-post","status-publish","format-standard","has-post-thumbnail","hentry","category-corporatiu-es","category-notas-de-prensa","category-sostenibilidad"],"yoast_head":"<!-- This site is optimized with the Yoast SEO plugin v27.5 - https:\/\/yoast.com\/product\/yoast-seo-wordpress\/ -->\n<title>Eurecat presenta al conseller de Uni\u00f3n Europea y Acci\u00f3n Exterior el impacto de sus alianzas internacionales y nuevas soluciones en el \u00e1mbito de la soberan\u00eda tecnol\u00f3gica - Eurecat<\/title>\n<meta name=\"robots\" content=\"index, follow, max-snippet:-1, max-image-preview:large, max-video-preview:-1\" \/>\n<link rel=\"canonical\" href=\"https:\/\/eurecat.org\/es\/eurecat-presenta-al-conseller-de-union-europea-y-accion-exterior-el-impacto-de-sus-alianzas-internacionales-y-nuevas-soluciones-en-el-ambito-de-la-soberania-tecnologica\/\" \/>\n<meta property=\"og:locale\" content=\"es_ES\" \/>\n<meta property=\"og:type\" content=\"article\" \/>\n<meta property=\"og:title\" content=\"Eurecat presenta al conseller de Uni\u00f3n Europea y Acci\u00f3n Exterior el impacto de sus alianzas internacionales y nuevas soluciones en el \u00e1mbito de la soberan\u00eda tecnol\u00f3gica - Eurecat\" \/>\n<meta property=\"og:url\" content=\"https:\/\/eurecat.org\/es\/eurecat-presenta-al-conseller-de-union-europea-y-accion-exterior-el-impacto-de-sus-alianzas-internacionales-y-nuevas-soluciones-en-el-ambito-de-la-soberania-tecnologica\/\" \/>\n<meta property=\"og:site_name\" content=\"Eurecat\" \/>\n<meta property=\"article:published_time\" content=\"2026-02-18T07:46:51+00:00\" \/>\n<meta property=\"article:modified_time\" content=\"2026-02-18T07:49:36+00:00\" \/>\n<meta property=\"og:image\" content=\"https:\/\/eurecat.org\/wp-content\/uploads\/2026\/02\/26_visita_1.jpg\" \/>\n\t<meta property=\"og:image:width\" content=\"800\" \/>\n\t<meta property=\"og:image:height\" content=\"533\" \/>\n\t<meta property=\"og:image:type\" content=\"image\/jpeg\" \/>\n<meta name=\"author\" content=\"EurecatEQZ\" \/>\n<meta name=\"twitter:card\" content=\"summary_large_image\" \/>\n<meta name=\"twitter:label1\" content=\"Escrito por\" \/>\n\t<meta name=\"twitter:data1\" content=\"EurecatEQZ\" \/>\n\t<meta name=\"twitter:label2\" content=\"Tiempo de lectura\" \/>\n\t<meta name=\"twitter:data2\" content=\"5 minutos\" \/>\n<script type=\"application\/ld+json\" class=\"yoast-schema-graph\">{\"@context\":\"https:\\\/\\\/schema.org\",\"@graph\":[{\"@type\":\"Article\",\"@id\":\"https:\\\/\\\/eurecat.org\\\/es\\\/eurecat-presenta-al-conseller-de-union-europea-y-accion-exterior-el-impacto-de-sus-alianzas-internacionales-y-nuevas-soluciones-en-el-ambito-de-la-soberania-tecnologica\\\/#article\",\"isPartOf\":{\"@id\":\"https:\\\/\\\/eurecat.org\\\/es\\\/eurecat-presenta-al-conseller-de-union-europea-y-accion-exterior-el-impacto-de-sus-alianzas-internacionales-y-nuevas-soluciones-en-el-ambito-de-la-soberania-tecnologica\\\/\"},\"author\":{\"name\":\"EurecatEQZ\",\"@id\":\"https:\\\/\\\/eurecat.org\\\/es\\\/#\\\/schema\\\/person\\\/99d4d39712001e7621b6867b27b40bed\"},\"headline\":\"Eurecat presenta al conseller de Uni\u00f3n Europea y Acci\u00f3n Exterior el impacto de sus alianzas internacionales y nuevas soluciones en el \u00e1mbito de la soberan\u00eda tecnol\u00f3gica\",\"datePublished\":\"2026-02-18T07:46:51+00:00\",\"dateModified\":\"2026-02-18T07:49:36+00:00\",\"mainEntityOfPage\":{\"@id\":\"https:\\\/\\\/eurecat.org\\\/es\\\/eurecat-presenta-al-conseller-de-union-europea-y-accion-exterior-el-impacto-de-sus-alianzas-internacionales-y-nuevas-soluciones-en-el-ambito-de-la-soberania-tecnologica\\\/\"},\"wordCount\":2063,\"commentCount\":0,\"image\":{\"@id\":\"https:\\\/\\\/eurecat.org\\\/es\\\/eurecat-presenta-al-conseller-de-union-europea-y-accion-exterior-el-impacto-de-sus-alianzas-internacionales-y-nuevas-soluciones-en-el-ambito-de-la-soberania-tecnologica\\\/#primaryimage\"},\"thumbnailUrl\":\"https:\\\/\\\/eurecat.org\\\/wp-content\\\/uploads\\\/2026\\\/02\\\/26_visita_1.jpg\",\"articleSection\":[\"Corporativo\",\"Notas de prensa\",\"Sostenibilidad\"],\"inLanguage\":\"es\",\"potentialAction\":[{\"@type\":\"CommentAction\",\"name\":\"Comment\",\"target\":[\"https:\\\/\\\/eurecat.org\\\/es\\\/eurecat-presenta-al-conseller-de-union-europea-y-accion-exterior-el-impacto-de-sus-alianzas-internacionales-y-nuevas-soluciones-en-el-ambito-de-la-soberania-tecnologica\\\/#respond\"]}]},{\"@type\":\"WebPage\",\"@id\":\"https:\\\/\\\/eurecat.org\\\/es\\\/eurecat-presenta-al-conseller-de-union-europea-y-accion-exterior-el-impacto-de-sus-alianzas-internacionales-y-nuevas-soluciones-en-el-ambito-de-la-soberania-tecnologica\\\/\",\"url\":\"https:\\\/\\\/eurecat.org\\\/es\\\/eurecat-presenta-al-conseller-de-union-europea-y-accion-exterior-el-impacto-de-sus-alianzas-internacionales-y-nuevas-soluciones-en-el-ambito-de-la-soberania-tecnologica\\\/\",\"name\":\"Eurecat presenta al conseller de Uni\u00f3n Europea y Acci\u00f3n Exterior el impacto de sus alianzas internacionales y nuevas soluciones en el \u00e1mbito de la soberan\u00eda tecnol\u00f3gica - Eurecat\",\"isPartOf\":{\"@id\":\"https:\\\/\\\/eurecat.org\\\/es\\\/#website\"},\"primaryImageOfPage\":{\"@id\":\"https:\\\/\\\/eurecat.org\\\/es\\\/eurecat-presenta-al-conseller-de-union-europea-y-accion-exterior-el-impacto-de-sus-alianzas-internacionales-y-nuevas-soluciones-en-el-ambito-de-la-soberania-tecnologica\\\/#primaryimage\"},\"image\":{\"@id\":\"https:\\\/\\\/eurecat.org\\\/es\\\/eurecat-presenta-al-conseller-de-union-europea-y-accion-exterior-el-impacto-de-sus-alianzas-internacionales-y-nuevas-soluciones-en-el-ambito-de-la-soberania-tecnologica\\\/#primaryimage\"},\"thumbnailUrl\":\"https:\\\/\\\/eurecat.org\\\/wp-content\\\/uploads\\\/2026\\\/02\\\/26_visita_1.jpg\",\"datePublished\":\"2026-02-18T07:46:51+00:00\",\"dateModified\":\"2026-02-18T07:49:36+00:00\",\"author\":{\"@id\":\"https:\\\/\\\/eurecat.org\\\/es\\\/#\\\/schema\\\/person\\\/99d4d39712001e7621b6867b27b40bed\"},\"breadcrumb\":{\"@id\":\"https:\\\/\\\/eurecat.org\\\/es\\\/eurecat-presenta-al-conseller-de-union-europea-y-accion-exterior-el-impacto-de-sus-alianzas-internacionales-y-nuevas-soluciones-en-el-ambito-de-la-soberania-tecnologica\\\/#breadcrumb\"},\"inLanguage\":\"es\",\"potentialAction\":[{\"@type\":\"ReadAction\",\"target\":[\"https:\\\/\\\/eurecat.org\\\/es\\\/eurecat-presenta-al-conseller-de-union-europea-y-accion-exterior-el-impacto-de-sus-alianzas-internacionales-y-nuevas-soluciones-en-el-ambito-de-la-soberania-tecnologica\\\/\"]}]},{\"@type\":\"ImageObject\",\"inLanguage\":\"es\",\"@id\":\"https:\\\/\\\/eurecat.org\\\/es\\\/eurecat-presenta-al-conseller-de-union-europea-y-accion-exterior-el-impacto-de-sus-alianzas-internacionales-y-nuevas-soluciones-en-el-ambito-de-la-soberania-tecnologica\\\/#primaryimage\",\"url\":\"https:\\\/\\\/eurecat.org\\\/wp-content\\\/uploads\\\/2026\\\/02\\\/26_visita_1.jpg\",\"contentUrl\":\"https:\\\/\\\/eurecat.org\\\/wp-content\\\/uploads\\\/2026\\\/02\\\/26_visita_1.jpg\",\"width\":800,\"height\":533},{\"@type\":\"BreadcrumbList\",\"@id\":\"https:\\\/\\\/eurecat.org\\\/es\\\/eurecat-presenta-al-conseller-de-union-europea-y-accion-exterior-el-impacto-de-sus-alianzas-internacionales-y-nuevas-soluciones-en-el-ambito-de-la-soberania-tecnologica\\\/#breadcrumb\",\"itemListElement\":[{\"@type\":\"ListItem\",\"position\":1,\"name\":\"Inici\",\"item\":\"https:\\\/\\\/eurecat.org\\\/es\\\/\"},{\"@type\":\"ListItem\",\"position\":2,\"name\":\"Eurecat presenta al conseller de Uni\u00f3n Europea y Acci\u00f3n Exterior el impacto de sus alianzas internacionales y nuevas soluciones en el \u00e1mbito de la soberan\u00eda tecnol\u00f3gica\"}]},{\"@type\":\"WebSite\",\"@id\":\"https:\\\/\\\/eurecat.org\\\/es\\\/#website\",\"url\":\"https:\\\/\\\/eurecat.org\\\/es\\\/\",\"name\":\"Eurecat\",\"description\":\"Otro sitio realizado con WordPress\",\"potentialAction\":[{\"@type\":\"SearchAction\",\"target\":{\"@type\":\"EntryPoint\",\"urlTemplate\":\"https:\\\/\\\/eurecat.org\\\/es\\\/?s={search_term_string}\"},\"query-input\":{\"@type\":\"PropertyValueSpecification\",\"valueRequired\":true,\"valueName\":\"search_term_string\"}}],\"inLanguage\":\"es\"},{\"@type\":\"Person\",\"@id\":\"https:\\\/\\\/eurecat.org\\\/es\\\/#\\\/schema\\\/person\\\/99d4d39712001e7621b6867b27b40bed\",\"name\":\"EurecatEQZ\",\"image\":{\"@type\":\"ImageObject\",\"inLanguage\":\"es\",\"@id\":\"https:\\\/\\\/secure.gravatar.com\\\/avatar\\\/6deb26ca61bcc34263c59cc62bb8b08ff90b67af7f99943babf5d86396845993?s=96&d=mm&r=g\",\"url\":\"https:\\\/\\\/secure.gravatar.com\\\/avatar\\\/6deb26ca61bcc34263c59cc62bb8b08ff90b67af7f99943babf5d86396845993?s=96&d=mm&r=g\",\"contentUrl\":\"https:\\\/\\\/secure.gravatar.com\\\/avatar\\\/6deb26ca61bcc34263c59cc62bb8b08ff90b67af7f99943babf5d86396845993?s=96&d=mm&r=g\",\"caption\":\"EurecatEQZ\"}}]}<\/script>\n<!-- \/ Yoast SEO plugin. -->","yoast_head_json":{"title":"Eurecat presenta al conseller de Uni\u00f3n Europea y Acci\u00f3n Exterior el impacto de sus alianzas internacionales y nuevas soluciones en el \u00e1mbito de la soberan\u00eda tecnol\u00f3gica - Eurecat","robots":{"index":"index","follow":"follow","max-snippet":"max-snippet:-1","max-image-preview":"max-image-preview:large","max-video-preview":"max-video-preview:-1"},"canonical":"https:\/\/eurecat.org\/es\/eurecat-presenta-al-conseller-de-union-europea-y-accion-exterior-el-impacto-de-sus-alianzas-internacionales-y-nuevas-soluciones-en-el-ambito-de-la-soberania-tecnologica\/","og_locale":"es_ES","og_type":"article","og_title":"Eurecat presenta al conseller de Uni\u00f3n Europea y Acci\u00f3n Exterior el impacto de sus alianzas internacionales y nuevas soluciones en el \u00e1mbito de la soberan\u00eda tecnol\u00f3gica - Eurecat","og_url":"https:\/\/eurecat.org\/es\/eurecat-presenta-al-conseller-de-union-europea-y-accion-exterior-el-impacto-de-sus-alianzas-internacionales-y-nuevas-soluciones-en-el-ambito-de-la-soberania-tecnologica\/","og_site_name":"Eurecat","article_published_time":"2026-02-18T07:46:51+00:00","article_modified_time":"2026-02-18T07:49:36+00:00","og_image":[{"width":800,"height":533,"url":"https:\/\/eurecat.org\/wp-content\/uploads\/2026\/02\/26_visita_1.jpg","type":"image\/jpeg"}],"author":"EurecatEQZ","twitter_card":"summary_large_image","twitter_misc":{"Escrito por":"EurecatEQZ","Tiempo de lectura":"5 minutos"},"schema":{"@context":"https:\/\/schema.org","@graph":[{"@type":"Article","@id":"https:\/\/eurecat.org\/es\/eurecat-presenta-al-conseller-de-union-europea-y-accion-exterior-el-impacto-de-sus-alianzas-internacionales-y-nuevas-soluciones-en-el-ambito-de-la-soberania-tecnologica\/#article","isPartOf":{"@id":"https:\/\/eurecat.org\/es\/eurecat-presenta-al-conseller-de-union-europea-y-accion-exterior-el-impacto-de-sus-alianzas-internacionales-y-nuevas-soluciones-en-el-ambito-de-la-soberania-tecnologica\/"},"author":{"name":"EurecatEQZ","@id":"https:\/\/eurecat.org\/es\/#\/schema\/person\/99d4d39712001e7621b6867b27b40bed"},"headline":"Eurecat presenta al conseller de Uni\u00f3n Europea y Acci\u00f3n Exterior el impacto de sus alianzas internacionales y nuevas soluciones en el \u00e1mbito de la soberan\u00eda tecnol\u00f3gica","datePublished":"2026-02-18T07:46:51+00:00","dateModified":"2026-02-18T07:49:36+00:00","mainEntityOfPage":{"@id":"https:\/\/eurecat.org\/es\/eurecat-presenta-al-conseller-de-union-europea-y-accion-exterior-el-impacto-de-sus-alianzas-internacionales-y-nuevas-soluciones-en-el-ambito-de-la-soberania-tecnologica\/"},"wordCount":2063,"commentCount":0,"image":{"@id":"https:\/\/eurecat.org\/es\/eurecat-presenta-al-conseller-de-union-europea-y-accion-exterior-el-impacto-de-sus-alianzas-internacionales-y-nuevas-soluciones-en-el-ambito-de-la-soberania-tecnologica\/#primaryimage"},"thumbnailUrl":"https:\/\/eurecat.org\/wp-content\/uploads\/2026\/02\/26_visita_1.jpg","articleSection":["Corporativo","Notas de prensa","Sostenibilidad"],"inLanguage":"es","potentialAction":[{"@type":"CommentAction","name":"Comment","target":["https:\/\/eurecat.org\/es\/eurecat-presenta-al-conseller-de-union-europea-y-accion-exterior-el-impacto-de-sus-alianzas-internacionales-y-nuevas-soluciones-en-el-ambito-de-la-soberania-tecnologica\/#respond"]}]},{"@type":"WebPage","@id":"https:\/\/eurecat.org\/es\/eurecat-presenta-al-conseller-de-union-europea-y-accion-exterior-el-impacto-de-sus-alianzas-internacionales-y-nuevas-soluciones-en-el-ambito-de-la-soberania-tecnologica\/","url":"https:\/\/eurecat.org\/es\/eurecat-presenta-al-conseller-de-union-europea-y-accion-exterior-el-impacto-de-sus-alianzas-internacionales-y-nuevas-soluciones-en-el-ambito-de-la-soberania-tecnologica\/","name":"Eurecat presenta al conseller de Uni\u00f3n Europea y Acci\u00f3n Exterior el impacto de sus alianzas internacionales y nuevas soluciones en el \u00e1mbito de la soberan\u00eda tecnol\u00f3gica - Eurecat","isPartOf":{"@id":"https:\/\/eurecat.org\/es\/#website"},"primaryImageOfPage":{"@id":"https:\/\/eurecat.org\/es\/eurecat-presenta-al-conseller-de-union-europea-y-accion-exterior-el-impacto-de-sus-alianzas-internacionales-y-nuevas-soluciones-en-el-ambito-de-la-soberania-tecnologica\/#primaryimage"},"image":{"@id":"https:\/\/eurecat.org\/es\/eurecat-presenta-al-conseller-de-union-europea-y-accion-exterior-el-impacto-de-sus-alianzas-internacionales-y-nuevas-soluciones-en-el-ambito-de-la-soberania-tecnologica\/#primaryimage"},"thumbnailUrl":"https:\/\/eurecat.org\/wp-content\/uploads\/2026\/02\/26_visita_1.jpg","datePublished":"2026-02-18T07:46:51+00:00","dateModified":"2026-02-18T07:49:36+00:00","author":{"@id":"https:\/\/eurecat.org\/es\/#\/schema\/person\/99d4d39712001e7621b6867b27b40bed"},"breadcrumb":{"@id":"https:\/\/eurecat.org\/es\/eurecat-presenta-al-conseller-de-union-europea-y-accion-exterior-el-impacto-de-sus-alianzas-internacionales-y-nuevas-soluciones-en-el-ambito-de-la-soberania-tecnologica\/#breadcrumb"},"inLanguage":"es","potentialAction":[{"@type":"ReadAction","target":["https:\/\/eurecat.org\/es\/eurecat-presenta-al-conseller-de-union-europea-y-accion-exterior-el-impacto-de-sus-alianzas-internacionales-y-nuevas-soluciones-en-el-ambito-de-la-soberania-tecnologica\/"]}]},{"@type":"ImageObject","inLanguage":"es","@id":"https:\/\/eurecat.org\/es\/eurecat-presenta-al-conseller-de-union-europea-y-accion-exterior-el-impacto-de-sus-alianzas-internacionales-y-nuevas-soluciones-en-el-ambito-de-la-soberania-tecnologica\/#primaryimage","url":"https:\/\/eurecat.org\/wp-content\/uploads\/2026\/02\/26_visita_1.jpg","contentUrl":"https:\/\/eurecat.org\/wp-content\/uploads\/2026\/02\/26_visita_1.jpg","width":800,"height":533},{"@type":"BreadcrumbList","@id":"https:\/\/eurecat.org\/es\/eurecat-presenta-al-conseller-de-union-europea-y-accion-exterior-el-impacto-de-sus-alianzas-internacionales-y-nuevas-soluciones-en-el-ambito-de-la-soberania-tecnologica\/#breadcrumb","itemListElement":[{"@type":"ListItem","position":1,"name":"Inici","item":"https:\/\/eurecat.org\/es\/"},{"@type":"ListItem","position":2,"name":"Eurecat presenta al conseller de Uni\u00f3n Europea y Acci\u00f3n Exterior el impacto de sus alianzas internacionales y nuevas soluciones en el \u00e1mbito de la soberan\u00eda tecnol\u00f3gica"}]},{"@type":"WebSite","@id":"https:\/\/eurecat.org\/es\/#website","url":"https:\/\/eurecat.org\/es\/","name":"Eurecat","description":"Otro sitio realizado con WordPress","potentialAction":[{"@type":"SearchAction","target":{"@type":"EntryPoint","urlTemplate":"https:\/\/eurecat.org\/es\/?s={search_term_string}"},"query-input":{"@type":"PropertyValueSpecification","valueRequired":true,"valueName":"search_term_string"}}],"inLanguage":"es"},{"@type":"Person","@id":"https:\/\/eurecat.org\/es\/#\/schema\/person\/99d4d39712001e7621b6867b27b40bed","name":"EurecatEQZ","image":{"@type":"ImageObject","inLanguage":"es","@id":"https:\/\/secure.gravatar.com\/avatar\/6deb26ca61bcc34263c59cc62bb8b08ff90b67af7f99943babf5d86396845993?s=96&d=mm&r=g","url":"https:\/\/secure.gravatar.com\/avatar\/6deb26ca61bcc34263c59cc62bb8b08ff90b67af7f99943babf5d86396845993?s=96&d=mm&r=g","contentUrl":"https:\/\/secure.gravatar.com\/avatar\/6deb26ca61bcc34263c59cc62bb8b08ff90b67af7f99943babf5d86396845993?s=96&d=mm&r=g","caption":"EurecatEQZ"}}]}},"_links":{"self":[{"href":"https:\/\/eurecat.org\/es\/wp-json\/wp\/v2\/posts\/193080","targetHints":{"allow":["GET"]}}],"collection":[{"href":"https:\/\/eurecat.org\/es\/wp-json\/wp\/v2\/posts"}],"about":[{"href":"https:\/\/eurecat.org\/es\/wp-json\/wp\/v2\/types\/post"}],"author":[{"embeddable":true,"href":"https:\/\/eurecat.org\/es\/wp-json\/wp\/v2\/users\/20"}],"replies":[{"embeddable":true,"href":"https:\/\/eurecat.org\/es\/wp-json\/wp\/v2\/comments?post=193080"}],"version-history":[{"count":1,"href":"https:\/\/eurecat.org\/es\/wp-json\/wp\/v2\/posts\/193080\/revisions"}],"predecessor-version":[{"id":193081,"href":"https:\/\/eurecat.org\/es\/wp-json\/wp\/v2\/posts\/193080\/revisions\/193081"}],"wp:featuredmedia":[{"embeddable":true,"href":"https:\/\/eurecat.org\/es\/wp-json\/wp\/v2\/media\/193071"}],"wp:attachment":[{"href":"https:\/\/eurecat.org\/es\/wp-json\/wp\/v2\/media?parent=193080"}],"wp:term":[{"taxonomy":"category","embeddable":true,"href":"https:\/\/eurecat.org\/es\/wp-json\/wp\/v2\/categories?post=193080"},{"taxonomy":"post_tag","embeddable":true,"href":"https:\/\/eurecat.org\/es\/wp-json\/wp\/v2\/tags?post=193080"}],"curies":[{"name":"wp","href":"https:\/\/api.w.org\/{rel}","templated":true}]}}