{"id":193733,"date":"2026-03-02T15:40:18","date_gmt":"2026-03-02T14:40:18","guid":{"rendered":"https:\/\/eurecat.org\/dentaltag-i-eurecat-incorporen-geolocalitzacio-i-monitoratge-a-protesis-dentals-i-aparells-dortodoncia\/"},"modified":"2026-03-02T15:58:25","modified_gmt":"2026-03-02T14:58:25","slug":"dentaltag-y-eurecat-incorporan-geolocalizacion-y-monitorizacion-en-protesis-dentales-y-aparatos-de-ortodoncia","status":"publish","type":"post","link":"https:\/\/eurecat.org\/es\/dentaltag-y-eurecat-incorporan-geolocalizacion-y-monitorizacion-en-protesis-dentales-y-aparatos-de-ortodoncia\/","title":{"rendered":"DentalTag y Eurecat incorporan geolocalizaci\u00f3n y monitorizaci\u00f3n en pr\u00f3tesis dentales y aparatos de ortodoncia"},"content":{"rendered":"<div class=\"fusion-fullwidth fullwidth-box fusion-builder-row-1 has-pattern-background has-mask-background nonhundred-percent-fullwidth non-hundred-percent-height-scrolling\" style=\"--awb-border-radius-top-left:0px;--awb-border-radius-top-right:0px;--awb-border-radius-bottom-right:0px;--awb-border-radius-bottom-left:0px;--awb-background-color:#f4f4f4;--awb-flex-wrap:wrap;\" ><div class=\"fusion-builder-row fusion-row\"><div class=\"fusion-layout-column fusion_builder_column fusion-builder-column-0 fusion_builder_column_1_4 1_4 fusion-one-fourth fusion-column-first\" style=\"--awb-padding-top:40px;--awb-padding-left:20px;--awb-bg-size:cover;width:25%;width:calc(25% - ( ( 4% + 4% + 4% ) * 0.25 ) );margin-right: 4%;\"><div class=\"fusion-column-wrapper fusion-column-has-shadow fusion-flex-column-wrapper-legacy\"><div class=\"fusion-image-element fusion-image-align-center in-legacy-container\" style=\"text-align:center;--awb-margin-top:30px;--awb-max-width:200px;--awb-caption-title-font-family:var(--h2_typography-font-family);--awb-caption-title-font-weight:var(--h2_typography-font-weight);--awb-caption-title-font-style:var(--h2_typography-font-style);--awb-caption-title-size:var(--h2_typography-font-size);--awb-caption-title-transform:var(--h2_typography-text-transform);--awb-caption-title-line-height:var(--h2_typography-line-height);--awb-caption-title-letter-spacing:var(--h2_typography-letter-spacing);\"><div class=\"imageframe-align-center\"><span class=\" fusion-imageframe imageframe-none imageframe-1 hover-type-none\"><img decoding=\"async\" width=\"385\" height=\"59\" title=\"logo-black\" src=\"https:\/\/eurecat.org\/wp-content\/uploads\/2026\/03\/logo-black.png\" alt class=\"img-responsive wp-image-193727\" srcset=\"https:\/\/eurecat.org\/wp-content\/uploads\/2026\/03\/logo-black-300x46.png 300w, https:\/\/eurecat.org\/wp-content\/uploads\/2026\/03\/logo-black.png 385w\" sizes=\"(max-width: 385px) 100vw, 385px\" \/><\/span><\/div><\/div><div class=\"fusion-clearfix\"><\/div><\/div><\/div><div class=\"fusion-layout-column fusion_builder_column fusion-builder-column-1 fusion_builder_column_1_4 1_4 fusion-one-fourth\" style=\"--awb-padding-top:50px;--awb-bg-size:cover;width:25%;width:calc(25% - ( ( 4% + 4% + 4% ) * 0.25 ) );margin-right: 4%;\"><div class=\"fusion-column-wrapper fusion-column-has-shadow fusion-flex-column-wrapper-legacy\"><div class=\"fusion-fa-align-center\"><i class=\"fb-icon-element-1 fb-icon-element fontawesome-icon fa-globe-americas fas circle-yes\" style=\"--awb-circlebordersize:1px;--awb-font-size:28.16px;--awb-width:56.32px;--awb-height:56.32px;--awb-line-height:54.32px;\"><\/i><\/div><div class=\"fusion-sep-clear\"><\/div><div class=\"fusion-separator fusion-full-width-sep\" style=\"margin-left: auto;margin-right: auto;margin-top:5px;margin-bottom:5px;width:100%;\"><\/div><div class=\"fusion-sep-clear\"><\/div><div class=\"fusion-text fusion-text-1\" style=\"--awb-text-transform:none;\"><h4 style=\"text-align: center;\"><span data-olk-copy-source=\"MessageBody\">La Cl\u00ednica Dental Centre aplica el mejor instrumental y las \u00faltimas tecnolog\u00edas en los campos de la est\u00e9tica dental, la implantolog\u00eda y la est\u00e9tica facial.<\/span><\/h4>\n<\/div><div class=\"fusion-clearfix\"><\/div><\/div><\/div><div class=\"fusion-layout-column fusion_builder_column fusion-builder-column-2 fusion_builder_column_1_6 1_6 fusion-one-sixth\" style=\"--awb-padding-top:50px;--awb-bg-size:cover;width:16.666666666667%;width:calc(16.666666666667% - ( ( 4% + 4% + 4% ) * 0.16666666666667 ) );margin-right: 4%;\"><div class=\"fusion-column-wrapper fusion-column-has-shadow fusion-flex-column-wrapper-legacy\"><div class=\"fusion-clearfix\"><\/div><\/div><\/div><div class=\"fusion-layout-column fusion_builder_column fusion-builder-column-3 fusion_builder_column_1_4 1_4 fusion-one-fourth fusion-column-last\" style=\"--awb-padding-top:50px;--awb-bg-size:cover;width:25%;width:calc(25% - ( ( 4% + 4% + 4% ) * 0.25 ) );\"><div class=\"fusion-column-wrapper fusion-column-has-shadow fusion-flex-column-wrapper-legacy\"><div class=\"fusion-fa-align-center\"><i class=\"fb-icon-element-2 fb-icon-element fontawesome-icon fa-check fas circle-yes\" style=\"--awb-circlebordersize:1px;--awb-font-size:28.16px;--awb-width:56.32px;--awb-height:56.32px;--awb-line-height:54.32px;\"><\/i><\/div><div class=\"fusion-sep-clear\"><\/div><div class=\"fusion-separator fusion-full-width-sep\" style=\"margin-left: auto;margin-right: auto;margin-top:5px;margin-bottom:5px;width:100%;\"><\/div><div class=\"fusion-sep-clear\"><\/div><div class=\"fusion-text fusion-text-2\" style=\"--awb-text-transform:none;--awb-margin-top:5px;\"><h4 style=\"text-align: center;\">Eurecat se convirti\u00f3 en su aliado para poder hacer realidad la patente del DentalTag.<\/h4>\n<\/div><div class=\"fusion-clearfix\"><\/div><\/div><\/div><\/div><\/div><div class=\"fusion-fullwidth fullwidth-box fusion-builder-row-2 nonhundred-percent-fullwidth non-hundred-percent-height-scrolling\" style=\"--awb-border-radius-top-left:0px;--awb-border-radius-top-right:0px;--awb-border-radius-bottom-right:0px;--awb-border-radius-bottom-left:0px;--awb-padding-top:30px;--awb-flex-wrap:wrap;\" ><div class=\"fusion-builder-row fusion-row\"><div class=\"fusion-layout-column fusion_builder_column fusion-builder-column-4 fusion_builder_column_1_2 1_2 fusion-one-half fusion-column-first\" style=\"--awb-padding-top:0px;--awb-padding-right:0px;--awb-padding-bottom:0px;--awb-padding-left:0px;--awb-bg-position:center center;--awb-bg-repeat:repeat;width:50%;width:calc(50% - ( ( 4% ) * 0.5 ) );margin-right: 4%;\"><div class=\"fusion-column-wrapper fusion-column-has-shadow fusion-flex-column-wrapper-legacy\"><div class=\"fusion-text fusion-text-3\" style=\"--awb-text-transform:none;\"><p>Eurecat y la Cl\u00ednica Dental Centre han colaborado en la creaci\u00f3n de dos dispositivos de geolocalizaci\u00f3n para odontolog\u00eda, DentalTag y OrthoTrack, que incorporan internet de las cosas y electr\u00f3nica impresa.<\/p>\n<p>El dispositivo DentalTag da respuesta a una problem\u00e1tica que detectaron en la Cl\u00ednica Dental Centre con los pacientes de mayor edad: la p\u00e9rdida de sus pr\u00f3tesis dentales. El hecho de integrar sensores y conectividad dentro de estas pr\u00f3tesis les proporcionar\u00e1 una manera de localizarlas. Adem\u00e1s, DentalTag tambi\u00e9n incluye una bater\u00eda de bajo consumo, un sistema de carga inal\u00e1mbrica y una aplicaci\u00f3n.<\/p>\n<p>Por su parte, el dispositivo OrthoTrack permite monitorizar el tiempo de uso de la ortodoncia. Estos tratamientos que corrigen la posici\u00f3n de los dientes requieren constancia a la hora de llevar puesto el aparato, y esto puede ser un desaf\u00edo, especialmente en el caso de los ni\u00f1os. La soluci\u00f3n desarrollada permite el monitoreo del uso de los aparatos mediante la incorporaci\u00f3n de una serie de sensores y componentes electr\u00f3nicos.<\/p>\n<p>Eurecat ha colaborado con la Cl\u00ednica en materializar el primer prototipo y en el desarrollo de la electr\u00f3nica, el firmware, la bater\u00eda, la carga inal\u00e1mbrica, la aplicaci\u00f3n y la validaci\u00f3n de su funcionamiento.<\/p>\n<\/div><div class=\"fusion-sep-clear\"><\/div><div class=\"fusion-separator fusion-full-width-sep\" style=\"margin-left: auto;margin-right: auto;margin-top:10px;margin-bottom:10px;width:100%;\"><\/div><div class=\"fusion-sep-clear\"><\/div><div class=\"fusion-clearfix\"><\/div><\/div><\/div><div class=\"fusion-layout-column fusion_builder_column fusion-builder-column-5 fusion_builder_column_1_2 1_2 fusion-one-half fusion-column-last\" style=\"--awb-bg-size:cover;width:50%;width:calc(50% - ( ( 4% ) * 0.5 ) );\"><div class=\"fusion-column-wrapper fusion-column-has-shadow fusion-flex-column-wrapper-legacy\"><div class=\"fusion-video fusion-youtube fusion-aligncenter\" style=\"--awb-max-width:600px;--awb-max-height:360px;--awb-width:100%;\"><div class=\"video-shortcode\"><div class=\"fluid-width-video-wrapper\" style=\"padding-top:60%;\" ><iframe title=\"YouTube video player 1\" src=\"https:\/\/www.youtube.com\/embed\/tyJgUJK9xhw?wmode=transparent&autoplay=0\" width=\"600\" height=\"360\" allowfullscreen allow=\"autoplay; clipboard-write; encrypted-media; gyroscope; picture-in-picture;\"><\/iframe><\/div><\/div><\/div><div class=\"fusion-clearfix\"><\/div><\/div><\/div><\/div><\/div>\n","protected":false},"excerpt":{"rendered":"","protected":false},"author":39,"featured_media":193724,"comment_status":"closed","ping_status":"closed","sticky":false,"template":"","format":"standard","meta":{"footnotes":""},"categories":[2192,2193],"tags":[],"class_list":["post-193733","post","type-post","status-publish","format-standard","has-post-thumbnail","hentry","category-casos-de-exito","category-casos-exito-home"],"yoast_head":"<!-- This site is optimized with the Yoast SEO plugin v27.4 - https:\/\/yoast.com\/product\/yoast-seo-wordpress\/ -->\n<title>DentalTag y Eurecat incorporan geolocalizaci\u00f3n y monitorizaci\u00f3n en pr\u00f3tesis dentales y aparatos de ortodoncia - Eurecat<\/title>\n<meta name=\"description\" content=\"Herraiz ha col\u00b7laborat amb Eurecat en la reconceptualitzaci\u00f3, el disseny, la selecci\u00f3 de materials, la manufactura i els assaigs de laboratori d\u2019un prototip d\u2019armilla refrigerant que permet mitigar l\u2019estr\u00e8s t\u00e8rmic que es produeix en treballar a ple sol o en situacions d\u2019alta temperatura.\" \/>\n<meta name=\"robots\" content=\"index, follow, max-snippet:-1, max-image-preview:large, max-video-preview:-1\" \/>\n<link rel=\"canonical\" href=\"https:\/\/eurecat.org\/es\/dentaltag-y-eurecat-incorporan-geolocalizacion-y-monitorizacion-en-protesis-dentales-y-aparatos-de-ortodoncia\/\" \/>\n<meta property=\"og:locale\" content=\"es_ES\" \/>\n<meta property=\"og:type\" content=\"article\" \/>\n<meta property=\"og:title\" content=\"DentalTag y Eurecat incorporan geolocalizaci\u00f3n y monitorizaci\u00f3n en pr\u00f3tesis dentales y aparatos de ortodoncia - Eurecat\" \/>\n<meta property=\"og:description\" content=\"Herraiz ha col\u00b7laborat amb Eurecat en la reconceptualitzaci\u00f3, el disseny, la selecci\u00f3 de materials, la manufactura i els assaigs de laboratori d\u2019un prototip d\u2019armilla refrigerant que permet mitigar l\u2019estr\u00e8s t\u00e8rmic que es produeix en treballar a ple sol o en situacions d\u2019alta temperatura.\" \/>\n<meta property=\"og:url\" content=\"https:\/\/eurecat.org\/es\/dentaltag-y-eurecat-incorporan-geolocalizacion-y-monitorizacion-en-protesis-dentales-y-aparatos-de-ortodoncia\/\" \/>\n<meta property=\"og:site_name\" content=\"Eurecat\" \/>\n<meta property=\"article:published_time\" content=\"2026-03-02T14:40:18+00:00\" \/>\n<meta property=\"article:modified_time\" content=\"2026-03-02T14:58:25+00:00\" \/>\n<meta property=\"og:image\" content=\"https:\/\/eurecat.org\/wp-content\/uploads\/2026\/03\/miniatura-dentaltag.png\" \/>\n\t<meta property=\"og:image:width\" content=\"520\" \/>\n\t<meta property=\"og:image:height\" content=\"272\" \/>\n\t<meta property=\"og:image:type\" content=\"image\/png\" \/>\n<meta name=\"author\" content=\"EurecatMPv\" \/>\n<meta name=\"twitter:card\" content=\"summary_large_image\" \/>\n<meta name=\"twitter:label1\" content=\"Escrito por\" \/>\n\t<meta name=\"twitter:data1\" content=\"EurecatMPv\" \/>\n\t<meta name=\"twitter:label2\" content=\"Tiempo de lectura\" \/>\n\t<meta name=\"twitter:data2\" content=\"2 minutos\" \/>\n<script type=\"application\/ld+json\" class=\"yoast-schema-graph\">{\"@context\":\"https:\\\/\\\/schema.org\",\"@graph\":[{\"@type\":\"Article\",\"@id\":\"https:\\\/\\\/eurecat.org\\\/es\\\/dentaltag-y-eurecat-incorporan-geolocalizacion-y-monitorizacion-en-protesis-dentales-y-aparatos-de-ortodoncia\\\/#article\",\"isPartOf\":{\"@id\":\"https:\\\/\\\/eurecat.org\\\/es\\\/dentaltag-y-eurecat-incorporan-geolocalizacion-y-monitorizacion-en-protesis-dentales-y-aparatos-de-ortodoncia\\\/\"},\"author\":{\"name\":\"EurecatMPv\",\"@id\":\"https:\\\/\\\/eurecat.org\\\/es\\\/#\\\/schema\\\/person\\\/a016e5a35b2ab83a6ad07212b985a184\"},\"headline\":\"DentalTag y Eurecat incorporan geolocalizaci\u00f3n y monitorizaci\u00f3n en pr\u00f3tesis dentales y aparatos de ortodoncia\",\"datePublished\":\"2026-03-02T14:40:18+00:00\",\"dateModified\":\"2026-03-02T14:58:25+00:00\",\"mainEntityOfPage\":{\"@id\":\"https:\\\/\\\/eurecat.org\\\/es\\\/dentaltag-y-eurecat-incorporan-geolocalizacion-y-monitorizacion-en-protesis-dentales-y-aparatos-de-ortodoncia\\\/\"},\"wordCount\":3150,\"image\":{\"@id\":\"https:\\\/\\\/eurecat.org\\\/es\\\/dentaltag-y-eurecat-incorporan-geolocalizacion-y-monitorizacion-en-protesis-dentales-y-aparatos-de-ortodoncia\\\/#primaryimage\"},\"thumbnailUrl\":\"https:\\\/\\\/eurecat.org\\\/wp-content\\\/uploads\\\/2026\\\/03\\\/miniatura-dentaltag.png\",\"articleSection\":[\"Casos de \u00e9xito\",\"Casos \u00e9xito HOME\"],\"inLanguage\":\"es\"},{\"@type\":\"WebPage\",\"@id\":\"https:\\\/\\\/eurecat.org\\\/es\\\/dentaltag-y-eurecat-incorporan-geolocalizacion-y-monitorizacion-en-protesis-dentales-y-aparatos-de-ortodoncia\\\/\",\"url\":\"https:\\\/\\\/eurecat.org\\\/es\\\/dentaltag-y-eurecat-incorporan-geolocalizacion-y-monitorizacion-en-protesis-dentales-y-aparatos-de-ortodoncia\\\/\",\"name\":\"DentalTag y Eurecat incorporan geolocalizaci\u00f3n y monitorizaci\u00f3n en pr\u00f3tesis dentales y aparatos de ortodoncia - Eurecat\",\"isPartOf\":{\"@id\":\"https:\\\/\\\/eurecat.org\\\/es\\\/#website\"},\"primaryImageOfPage\":{\"@id\":\"https:\\\/\\\/eurecat.org\\\/es\\\/dentaltag-y-eurecat-incorporan-geolocalizacion-y-monitorizacion-en-protesis-dentales-y-aparatos-de-ortodoncia\\\/#primaryimage\"},\"image\":{\"@id\":\"https:\\\/\\\/eurecat.org\\\/es\\\/dentaltag-y-eurecat-incorporan-geolocalizacion-y-monitorizacion-en-protesis-dentales-y-aparatos-de-ortodoncia\\\/#primaryimage\"},\"thumbnailUrl\":\"https:\\\/\\\/eurecat.org\\\/wp-content\\\/uploads\\\/2026\\\/03\\\/miniatura-dentaltag.png\",\"datePublished\":\"2026-03-02T14:40:18+00:00\",\"dateModified\":\"2026-03-02T14:58:25+00:00\",\"author\":{\"@id\":\"https:\\\/\\\/eurecat.org\\\/es\\\/#\\\/schema\\\/person\\\/a016e5a35b2ab83a6ad07212b985a184\"},\"description\":\"Herraiz ha col\u00b7laborat amb Eurecat en la reconceptualitzaci\u00f3, el disseny, la selecci\u00f3 de materials, la manufactura i els assaigs de laboratori d\u2019un prototip d\u2019armilla refrigerant que permet mitigar l\u2019estr\u00e8s t\u00e8rmic que es produeix en treballar a ple sol o en situacions d\u2019alta temperatura.\",\"breadcrumb\":{\"@id\":\"https:\\\/\\\/eurecat.org\\\/es\\\/dentaltag-y-eurecat-incorporan-geolocalizacion-y-monitorizacion-en-protesis-dentales-y-aparatos-de-ortodoncia\\\/#breadcrumb\"},\"inLanguage\":\"es\",\"potentialAction\":[{\"@type\":\"ReadAction\",\"target\":[\"https:\\\/\\\/eurecat.org\\\/es\\\/dentaltag-y-eurecat-incorporan-geolocalizacion-y-monitorizacion-en-protesis-dentales-y-aparatos-de-ortodoncia\\\/\"]}]},{\"@type\":\"ImageObject\",\"inLanguage\":\"es\",\"@id\":\"https:\\\/\\\/eurecat.org\\\/es\\\/dentaltag-y-eurecat-incorporan-geolocalizacion-y-monitorizacion-en-protesis-dentales-y-aparatos-de-ortodoncia\\\/#primaryimage\",\"url\":\"https:\\\/\\\/eurecat.org\\\/wp-content\\\/uploads\\\/2026\\\/03\\\/miniatura-dentaltag.png\",\"contentUrl\":\"https:\\\/\\\/eurecat.org\\\/wp-content\\\/uploads\\\/2026\\\/03\\\/miniatura-dentaltag.png\",\"width\":520,\"height\":272},{\"@type\":\"BreadcrumbList\",\"@id\":\"https:\\\/\\\/eurecat.org\\\/es\\\/dentaltag-y-eurecat-incorporan-geolocalizacion-y-monitorizacion-en-protesis-dentales-y-aparatos-de-ortodoncia\\\/#breadcrumb\",\"itemListElement\":[{\"@type\":\"ListItem\",\"position\":1,\"name\":\"Inici\",\"item\":\"https:\\\/\\\/eurecat.org\\\/es\\\/\"},{\"@type\":\"ListItem\",\"position\":2,\"name\":\"DentalTag y Eurecat incorporan geolocalizaci\u00f3n y monitorizaci\u00f3n en pr\u00f3tesis dentales y aparatos de ortodoncia\"}]},{\"@type\":\"WebSite\",\"@id\":\"https:\\\/\\\/eurecat.org\\\/es\\\/#website\",\"url\":\"https:\\\/\\\/eurecat.org\\\/es\\\/\",\"name\":\"Eurecat\",\"description\":\"Otro sitio realizado con WordPress\",\"potentialAction\":[{\"@type\":\"SearchAction\",\"target\":{\"@type\":\"EntryPoint\",\"urlTemplate\":\"https:\\\/\\\/eurecat.org\\\/es\\\/?s={search_term_string}\"},\"query-input\":{\"@type\":\"PropertyValueSpecification\",\"valueRequired\":true,\"valueName\":\"search_term_string\"}}],\"inLanguage\":\"es\"},{\"@type\":\"Person\",\"@id\":\"https:\\\/\\\/eurecat.org\\\/es\\\/#\\\/schema\\\/person\\\/a016e5a35b2ab83a6ad07212b985a184\",\"name\":\"EurecatMPv\",\"image\":{\"@type\":\"ImageObject\",\"inLanguage\":\"es\",\"@id\":\"https:\\\/\\\/secure.gravatar.com\\\/avatar\\\/7ecb9f253b59166b84f8cf4e753971af1c07bdbf7c21508cea3f864abfd02d1e?s=96&d=mm&r=g\",\"url\":\"https:\\\/\\\/secure.gravatar.com\\\/avatar\\\/7ecb9f253b59166b84f8cf4e753971af1c07bdbf7c21508cea3f864abfd02d1e?s=96&d=mm&r=g\",\"contentUrl\":\"https:\\\/\\\/secure.gravatar.com\\\/avatar\\\/7ecb9f253b59166b84f8cf4e753971af1c07bdbf7c21508cea3f864abfd02d1e?s=96&d=mm&r=g\",\"caption\":\"EurecatMPv\"}}]}<\/script>\n<!-- \/ Yoast SEO plugin. -->","yoast_head_json":{"title":"DentalTag y Eurecat incorporan geolocalizaci\u00f3n y monitorizaci\u00f3n en pr\u00f3tesis dentales y aparatos de ortodoncia - Eurecat","description":"Herraiz ha col\u00b7laborat amb Eurecat en la reconceptualitzaci\u00f3, el disseny, la selecci\u00f3 de materials, la manufactura i els assaigs de laboratori d\u2019un prototip d\u2019armilla refrigerant que permet mitigar l\u2019estr\u00e8s t\u00e8rmic que es produeix en treballar a ple sol o en situacions d\u2019alta temperatura.","robots":{"index":"index","follow":"follow","max-snippet":"max-snippet:-1","max-image-preview":"max-image-preview:large","max-video-preview":"max-video-preview:-1"},"canonical":"https:\/\/eurecat.org\/es\/dentaltag-y-eurecat-incorporan-geolocalizacion-y-monitorizacion-en-protesis-dentales-y-aparatos-de-ortodoncia\/","og_locale":"es_ES","og_type":"article","og_title":"DentalTag y Eurecat incorporan geolocalizaci\u00f3n y monitorizaci\u00f3n en pr\u00f3tesis dentales y aparatos de ortodoncia - Eurecat","og_description":"Herraiz ha col\u00b7laborat amb Eurecat en la reconceptualitzaci\u00f3, el disseny, la selecci\u00f3 de materials, la manufactura i els assaigs de laboratori d\u2019un prototip d\u2019armilla refrigerant que permet mitigar l\u2019estr\u00e8s t\u00e8rmic que es produeix en treballar a ple sol o en situacions d\u2019alta temperatura.","og_url":"https:\/\/eurecat.org\/es\/dentaltag-y-eurecat-incorporan-geolocalizacion-y-monitorizacion-en-protesis-dentales-y-aparatos-de-ortodoncia\/","og_site_name":"Eurecat","article_published_time":"2026-03-02T14:40:18+00:00","article_modified_time":"2026-03-02T14:58:25+00:00","og_image":[{"width":520,"height":272,"url":"https:\/\/eurecat.org\/wp-content\/uploads\/2026\/03\/miniatura-dentaltag.png","type":"image\/png"}],"author":"EurecatMPv","twitter_card":"summary_large_image","twitter_misc":{"Escrito por":"EurecatMPv","Tiempo de lectura":"2 minutos"},"schema":{"@context":"https:\/\/schema.org","@graph":[{"@type":"Article","@id":"https:\/\/eurecat.org\/es\/dentaltag-y-eurecat-incorporan-geolocalizacion-y-monitorizacion-en-protesis-dentales-y-aparatos-de-ortodoncia\/#article","isPartOf":{"@id":"https:\/\/eurecat.org\/es\/dentaltag-y-eurecat-incorporan-geolocalizacion-y-monitorizacion-en-protesis-dentales-y-aparatos-de-ortodoncia\/"},"author":{"name":"EurecatMPv","@id":"https:\/\/eurecat.org\/es\/#\/schema\/person\/a016e5a35b2ab83a6ad07212b985a184"},"headline":"DentalTag y Eurecat incorporan geolocalizaci\u00f3n y monitorizaci\u00f3n en pr\u00f3tesis dentales y aparatos de ortodoncia","datePublished":"2026-03-02T14:40:18+00:00","dateModified":"2026-03-02T14:58:25+00:00","mainEntityOfPage":{"@id":"https:\/\/eurecat.org\/es\/dentaltag-y-eurecat-incorporan-geolocalizacion-y-monitorizacion-en-protesis-dentales-y-aparatos-de-ortodoncia\/"},"wordCount":3150,"image":{"@id":"https:\/\/eurecat.org\/es\/dentaltag-y-eurecat-incorporan-geolocalizacion-y-monitorizacion-en-protesis-dentales-y-aparatos-de-ortodoncia\/#primaryimage"},"thumbnailUrl":"https:\/\/eurecat.org\/wp-content\/uploads\/2026\/03\/miniatura-dentaltag.png","articleSection":["Casos de \u00e9xito","Casos \u00e9xito HOME"],"inLanguage":"es"},{"@type":"WebPage","@id":"https:\/\/eurecat.org\/es\/dentaltag-y-eurecat-incorporan-geolocalizacion-y-monitorizacion-en-protesis-dentales-y-aparatos-de-ortodoncia\/","url":"https:\/\/eurecat.org\/es\/dentaltag-y-eurecat-incorporan-geolocalizacion-y-monitorizacion-en-protesis-dentales-y-aparatos-de-ortodoncia\/","name":"DentalTag y Eurecat incorporan geolocalizaci\u00f3n y monitorizaci\u00f3n en pr\u00f3tesis dentales y aparatos de ortodoncia - Eurecat","isPartOf":{"@id":"https:\/\/eurecat.org\/es\/#website"},"primaryImageOfPage":{"@id":"https:\/\/eurecat.org\/es\/dentaltag-y-eurecat-incorporan-geolocalizacion-y-monitorizacion-en-protesis-dentales-y-aparatos-de-ortodoncia\/#primaryimage"},"image":{"@id":"https:\/\/eurecat.org\/es\/dentaltag-y-eurecat-incorporan-geolocalizacion-y-monitorizacion-en-protesis-dentales-y-aparatos-de-ortodoncia\/#primaryimage"},"thumbnailUrl":"https:\/\/eurecat.org\/wp-content\/uploads\/2026\/03\/miniatura-dentaltag.png","datePublished":"2026-03-02T14:40:18+00:00","dateModified":"2026-03-02T14:58:25+00:00","author":{"@id":"https:\/\/eurecat.org\/es\/#\/schema\/person\/a016e5a35b2ab83a6ad07212b985a184"},"description":"Herraiz ha col\u00b7laborat amb Eurecat en la reconceptualitzaci\u00f3, el disseny, la selecci\u00f3 de materials, la manufactura i els assaigs de laboratori d\u2019un prototip d\u2019armilla refrigerant que permet mitigar l\u2019estr\u00e8s t\u00e8rmic que es produeix en treballar a ple sol o en situacions d\u2019alta temperatura.","breadcrumb":{"@id":"https:\/\/eurecat.org\/es\/dentaltag-y-eurecat-incorporan-geolocalizacion-y-monitorizacion-en-protesis-dentales-y-aparatos-de-ortodoncia\/#breadcrumb"},"inLanguage":"es","potentialAction":[{"@type":"ReadAction","target":["https:\/\/eurecat.org\/es\/dentaltag-y-eurecat-incorporan-geolocalizacion-y-monitorizacion-en-protesis-dentales-y-aparatos-de-ortodoncia\/"]}]},{"@type":"ImageObject","inLanguage":"es","@id":"https:\/\/eurecat.org\/es\/dentaltag-y-eurecat-incorporan-geolocalizacion-y-monitorizacion-en-protesis-dentales-y-aparatos-de-ortodoncia\/#primaryimage","url":"https:\/\/eurecat.org\/wp-content\/uploads\/2026\/03\/miniatura-dentaltag.png","contentUrl":"https:\/\/eurecat.org\/wp-content\/uploads\/2026\/03\/miniatura-dentaltag.png","width":520,"height":272},{"@type":"BreadcrumbList","@id":"https:\/\/eurecat.org\/es\/dentaltag-y-eurecat-incorporan-geolocalizacion-y-monitorizacion-en-protesis-dentales-y-aparatos-de-ortodoncia\/#breadcrumb","itemListElement":[{"@type":"ListItem","position":1,"name":"Inici","item":"https:\/\/eurecat.org\/es\/"},{"@type":"ListItem","position":2,"name":"DentalTag y Eurecat incorporan geolocalizaci\u00f3n y monitorizaci\u00f3n en pr\u00f3tesis dentales y aparatos de ortodoncia"}]},{"@type":"WebSite","@id":"https:\/\/eurecat.org\/es\/#website","url":"https:\/\/eurecat.org\/es\/","name":"Eurecat","description":"Otro sitio realizado con WordPress","potentialAction":[{"@type":"SearchAction","target":{"@type":"EntryPoint","urlTemplate":"https:\/\/eurecat.org\/es\/?s={search_term_string}"},"query-input":{"@type":"PropertyValueSpecification","valueRequired":true,"valueName":"search_term_string"}}],"inLanguage":"es"},{"@type":"Person","@id":"https:\/\/eurecat.org\/es\/#\/schema\/person\/a016e5a35b2ab83a6ad07212b985a184","name":"EurecatMPv","image":{"@type":"ImageObject","inLanguage":"es","@id":"https:\/\/secure.gravatar.com\/avatar\/7ecb9f253b59166b84f8cf4e753971af1c07bdbf7c21508cea3f864abfd02d1e?s=96&d=mm&r=g","url":"https:\/\/secure.gravatar.com\/avatar\/7ecb9f253b59166b84f8cf4e753971af1c07bdbf7c21508cea3f864abfd02d1e?s=96&d=mm&r=g","contentUrl":"https:\/\/secure.gravatar.com\/avatar\/7ecb9f253b59166b84f8cf4e753971af1c07bdbf7c21508cea3f864abfd02d1e?s=96&d=mm&r=g","caption":"EurecatMPv"}}]}},"_links":{"self":[{"href":"https:\/\/eurecat.org\/es\/wp-json\/wp\/v2\/posts\/193733","targetHints":{"allow":["GET"]}}],"collection":[{"href":"https:\/\/eurecat.org\/es\/wp-json\/wp\/v2\/posts"}],"about":[{"href":"https:\/\/eurecat.org\/es\/wp-json\/wp\/v2\/types\/post"}],"author":[{"embeddable":true,"href":"https:\/\/eurecat.org\/es\/wp-json\/wp\/v2\/users\/39"}],"replies":[{"embeddable":true,"href":"https:\/\/eurecat.org\/es\/wp-json\/wp\/v2\/comments?post=193733"}],"version-history":[{"count":2,"href":"https:\/\/eurecat.org\/es\/wp-json\/wp\/v2\/posts\/193733\/revisions"}],"predecessor-version":[{"id":193741,"href":"https:\/\/eurecat.org\/es\/wp-json\/wp\/v2\/posts\/193733\/revisions\/193741"}],"wp:featuredmedia":[{"embeddable":true,"href":"https:\/\/eurecat.org\/es\/wp-json\/wp\/v2\/media\/193724"}],"wp:attachment":[{"href":"https:\/\/eurecat.org\/es\/wp-json\/wp\/v2\/media?parent=193733"}],"wp:term":[{"taxonomy":"category","embeddable":true,"href":"https:\/\/eurecat.org\/es\/wp-json\/wp\/v2\/categories?post=193733"},{"taxonomy":"post_tag","embeddable":true,"href":"https:\/\/eurecat.org\/es\/wp-json\/wp\/v2\/tags?post=193733"}],"curies":[{"name":"wp","href":"https:\/\/api.w.org\/{rel}","templated":true}]}}