{"id":193795,"date":"2026-03-04T13:55:48","date_gmt":"2026-03-04T12:55:48","guid":{"rendered":"https:\/\/eurecat.org\/?p=193795"},"modified":"2026-03-04T13:57:32","modified_gmt":"2026-03-04T12:57:32","slug":"eurecat-y-yes-we-sail-presentan-una-tecnologia-textil-haptica-que-mejora-la-autonomia-de-personas-con-discapacidad-visual-en-la-navegacion-a-vela","status":"publish","type":"post","link":"https:\/\/eurecat.org\/es\/eurecat-y-yes-we-sail-presentan-una-tecnologia-textil-haptica-que-mejora-la-autonomia-de-personas-con-discapacidad-visual-en-la-navegacion-a-vela\/","title":{"rendered":"Eurecat y Yes We Sail presentan una tecnolog\u00eda textil h\u00e1ptica que mejora la autonom\u00eda de personas con discapacidad visual en la navegaci\u00f3n a vela"},"content":{"rendered":"<div class=\"fusion-fullwidth fullwidth-box fusion-builder-row-1 fusion-flex-container has-pattern-background has-mask-background nonhundred-percent-fullwidth non-hundred-percent-height-scrolling\" style=\"--awb-border-radius-top-left:0px;--awb-border-radius-top-right:0px;--awb-border-radius-bottom-right:0px;--awb-border-radius-bottom-left:0px;--awb-flex-wrap:wrap;\" ><div class=\"fusion-builder-row fusion-row fusion-flex-align-items-flex-start fusion-flex-content-wrap\" style=\"max-width:1424.8px;margin-left: calc(-4% \/ 2 );margin-right: calc(-4% \/ 2 );\"><div class=\"fusion-layout-column fusion_builder_column fusion-builder-column-0 fusion_builder_column_1_1 1_1 fusion-flex-column\" style=\"--awb-bg-size:cover;--awb-width-large:100%;--awb-margin-top-large:0px;--awb-spacing-right-large:1.92%;--awb-margin-bottom-large:20px;--awb-spacing-left-large:1.92%;--awb-width-medium:100%;--awb-order-medium:0;--awb-spacing-right-medium:1.92%;--awb-spacing-left-medium:1.92%;--awb-width-small:100%;--awb-order-small:0;--awb-spacing-right-small:1.92%;--awb-spacing-left-small:1.92%;\"><div class=\"fusion-column-wrapper fusion-column-has-shadow fusion-flex-justify-content-flex-start fusion-content-layout-column\"><div class=\"fusion-text fusion-text-1\"><p>El centro tecnol\u00f3gico <a href=\"https:\/\/eurecat.org\/es\">Eurecat<\/a> y la startup catalana <a href=\"https:\/\/yeswesail.org\/\">Yes We Sail<\/a> presentan en el Mobile World Congress una tecnolog\u00eda textil h\u00e1ptica para facilitar la navegaci\u00f3n a vela, especialmente a las personas con discapacidad visual, concebida para responder a las exigencias del entorno marino.<\/p>\n<p>El dispositivo textil port\u00e1til, que cuenta con la tecnolog\u00eda de White Jacket, transmite la informaci\u00f3n de navegaci\u00f3n mediante est\u00edmulos t\u00e1ctiles. De este modo, \u201cel sistema puede enviar indicaciones clave, como el rumbo, la orientaci\u00f3n, informaci\u00f3n del viento y alertas, cosa que permite una interpretaci\u00f3n intuitiva y segura sin necesidad de apoyo visual\u201d, destaca la responsable de la l\u00ednea de eTextiles de la Unidad de Tejidos Funcionales de Eurecat, Rosa Rodr\u00edguez.<\/p>\n<p>Para el desarrollo de la banda textil, Eurecat ha llevado a cabo \u201cuna selecci\u00f3n cuidadosa de materiales y un enfoque de dise\u00f1o funcional y ergon\u00f3mico que prioriza la ergonom\u00eda, la facilidad de uso y la comodidad general del usuario, teniendo en cuenta los requisitos de la parte electr\u00f3nica del sistema\u201d, explica Rosa Rodr\u00edguez.<\/p>\n<p>El wearable textil tambi\u00e9n permitir\u00e1, en fases futuras, incorporar una configuraci\u00f3n que cumplir\u00e1 con los requisitos de estanqueidad necesarios para el uso en alta mar, para garantizar la protecci\u00f3n de los sistemas electr\u00f3nicos en condiciones exigentes, o un sistema de carga sin cables para facilitar el uso y la durabilidad.<\/p>\n<p>El proyecto ha sido impulsado por la startup Yes We Sail, que naci\u00f3 entre Barcelona y el Masnou de la mano del regatista Dani Anglada Pich, que perdi\u00f3 la vista en 2018, y Giorgio Maritan, con el objetivo de promover la inclusi\u00f3n de personas con discapacidad en la navegaci\u00f3n mediante la tecnolog\u00eda, reforzando la participaci\u00f3n, la confianza y el crecimiento personal.<\/p>\n<p>\u201cGracias a esta nueva tecnolog\u00eda h\u00e1ptica intuitiva, yo soy quien toma las decisiones a bordo. La vela ha sido mi herramienta terap\u00e9utica para reinventarme, me ha hecho entender que no tengo vista pero s\u00ed visi\u00f3n. Lucho para querer dejar un legado y que otros puedan disfrutar del mar como yo\u201d, explica el fundador de Yes We Sail, Dani Anglada Pich.<\/p>\n<p>Dani Anglada se ha convertido en la primera persona invidente en circunnavegar en solitario y sin asistencia t\u00e9cnica tradicional la isla de Wight, en un pat\u00edn catal\u00e1n adaptado con un mensaje para el retorno de la vela como deporte paral\u00edmpico para las Olimpiadas Paral\u00edmpicas de Brisbane 2032.<\/p>\n<p>Por otro lado, el fundador y el equipo de Yes We Sail han sido seleccionados como uno de los cuatro mejores equipos de vela del mundo para el premio internacional \u2018World Sailing Team of the Year Award 2025\u2019.<\/p>\n<\/div><\/div><\/div><\/div><\/div>\n","protected":false},"excerpt":{"rendered":"","protected":false},"author":20,"featured_media":193790,"comment_status":"open","ping_status":"closed","sticky":false,"template":"","format":"standard","meta":{"footnotes":""},"categories":[727,1417,134,413],"tags":[],"class_list":["post-193795","post","type-post","status-publish","format-standard","has-post-thumbnail","hentry","category-ferias","category-mobile-world-congress-es","category-notas-de-prensa","category-tejidos-funcionales"],"yoast_head":"<!-- This site is optimized with the Yoast SEO plugin v27.4 - https:\/\/yoast.com\/product\/yoast-seo-wordpress\/ -->\n<title>Eurecat y Yes We Sail presentan una tecnolog\u00eda textil h\u00e1ptica que mejora la autonom\u00eda de personas con discapacidad visual en la navegaci\u00f3n a vela - Eurecat<\/title>\n<meta name=\"robots\" content=\"index, follow, max-snippet:-1, max-image-preview:large, max-video-preview:-1\" \/>\n<link rel=\"canonical\" href=\"https:\/\/eurecat.org\/es\/eurecat-y-yes-we-sail-presentan-una-tecnologia-textil-haptica-que-mejora-la-autonomia-de-personas-con-discapacidad-visual-en-la-navegacion-a-vela\/\" \/>\n<meta property=\"og:locale\" content=\"es_ES\" \/>\n<meta property=\"og:type\" content=\"article\" \/>\n<meta property=\"og:title\" content=\"Eurecat y Yes We Sail presentan una tecnolog\u00eda textil h\u00e1ptica que mejora la autonom\u00eda de personas con discapacidad visual en la navegaci\u00f3n a vela - Eurecat\" \/>\n<meta property=\"og:url\" content=\"https:\/\/eurecat.org\/es\/eurecat-y-yes-we-sail-presentan-una-tecnologia-textil-haptica-que-mejora-la-autonomia-de-personas-con-discapacidad-visual-en-la-navegacion-a-vela\/\" \/>\n<meta property=\"og:site_name\" content=\"Eurecat\" \/>\n<meta property=\"article:published_time\" content=\"2026-03-04T12:55:48+00:00\" \/>\n<meta property=\"article:modified_time\" content=\"2026-03-04T12:57:32+00:00\" \/>\n<meta property=\"og:image\" content=\"https:\/\/eurecat.org\/wp-content\/uploads\/2026\/03\/26_MWC_Vela.jpg\" \/>\n\t<meta property=\"og:image:width\" content=\"800\" \/>\n\t<meta property=\"og:image:height\" content=\"533\" \/>\n\t<meta property=\"og:image:type\" content=\"image\/jpeg\" \/>\n<meta name=\"author\" content=\"EurecatEQZ\" \/>\n<meta name=\"twitter:card\" content=\"summary_large_image\" \/>\n<meta name=\"twitter:label1\" content=\"Escrito por\" \/>\n\t<meta name=\"twitter:data1\" content=\"EurecatEQZ\" \/>\n\t<meta name=\"twitter:label2\" content=\"Tiempo de lectura\" \/>\n\t<meta name=\"twitter:data2\" content=\"3 minutos\" \/>\n<script type=\"application\/ld+json\" class=\"yoast-schema-graph\">{\"@context\":\"https:\\\/\\\/schema.org\",\"@graph\":[{\"@type\":\"Article\",\"@id\":\"https:\\\/\\\/eurecat.org\\\/es\\\/eurecat-y-yes-we-sail-presentan-una-tecnologia-textil-haptica-que-mejora-la-autonomia-de-personas-con-discapacidad-visual-en-la-navegacion-a-vela\\\/#article\",\"isPartOf\":{\"@id\":\"https:\\\/\\\/eurecat.org\\\/es\\\/eurecat-y-yes-we-sail-presentan-una-tecnologia-textil-haptica-que-mejora-la-autonomia-de-personas-con-discapacidad-visual-en-la-navegacion-a-vela\\\/\"},\"author\":{\"name\":\"EurecatEQZ\",\"@id\":\"https:\\\/\\\/eurecat.org\\\/es\\\/#\\\/schema\\\/person\\\/99d4d39712001e7621b6867b27b40bed\"},\"headline\":\"Eurecat y Yes We Sail presentan una tecnolog\u00eda textil h\u00e1ptica que mejora la autonom\u00eda de personas con discapacidad visual en la navegaci\u00f3n a vela\",\"datePublished\":\"2026-03-04T12:55:48+00:00\",\"dateModified\":\"2026-03-04T12:57:32+00:00\",\"mainEntityOfPage\":{\"@id\":\"https:\\\/\\\/eurecat.org\\\/es\\\/eurecat-y-yes-we-sail-presentan-una-tecnologia-textil-haptica-que-mejora-la-autonomia-de-personas-con-discapacidad-visual-en-la-navegacion-a-vela\\\/\"},\"wordCount\":1647,\"commentCount\":0,\"image\":{\"@id\":\"https:\\\/\\\/eurecat.org\\\/es\\\/eurecat-y-yes-we-sail-presentan-una-tecnologia-textil-haptica-que-mejora-la-autonomia-de-personas-con-discapacidad-visual-en-la-navegacion-a-vela\\\/#primaryimage\"},\"thumbnailUrl\":\"https:\\\/\\\/eurecat.org\\\/wp-content\\\/uploads\\\/2026\\\/03\\\/26_MWC_Vela.jpg\",\"articleSection\":[\"Ferias\",\"Mobile World Congress\",\"Notas de prensa\",\"Tejidos Funcionales\"],\"inLanguage\":\"es\",\"potentialAction\":[{\"@type\":\"CommentAction\",\"name\":\"Comment\",\"target\":[\"https:\\\/\\\/eurecat.org\\\/es\\\/eurecat-y-yes-we-sail-presentan-una-tecnologia-textil-haptica-que-mejora-la-autonomia-de-personas-con-discapacidad-visual-en-la-navegacion-a-vela\\\/#respond\"]}]},{\"@type\":\"WebPage\",\"@id\":\"https:\\\/\\\/eurecat.org\\\/es\\\/eurecat-y-yes-we-sail-presentan-una-tecnologia-textil-haptica-que-mejora-la-autonomia-de-personas-con-discapacidad-visual-en-la-navegacion-a-vela\\\/\",\"url\":\"https:\\\/\\\/eurecat.org\\\/es\\\/eurecat-y-yes-we-sail-presentan-una-tecnologia-textil-haptica-que-mejora-la-autonomia-de-personas-con-discapacidad-visual-en-la-navegacion-a-vela\\\/\",\"name\":\"Eurecat y Yes We Sail presentan una tecnolog\u00eda textil h\u00e1ptica que mejora la autonom\u00eda de personas con discapacidad visual en la navegaci\u00f3n a vela - Eurecat\",\"isPartOf\":{\"@id\":\"https:\\\/\\\/eurecat.org\\\/es\\\/#website\"},\"primaryImageOfPage\":{\"@id\":\"https:\\\/\\\/eurecat.org\\\/es\\\/eurecat-y-yes-we-sail-presentan-una-tecnologia-textil-haptica-que-mejora-la-autonomia-de-personas-con-discapacidad-visual-en-la-navegacion-a-vela\\\/#primaryimage\"},\"image\":{\"@id\":\"https:\\\/\\\/eurecat.org\\\/es\\\/eurecat-y-yes-we-sail-presentan-una-tecnologia-textil-haptica-que-mejora-la-autonomia-de-personas-con-discapacidad-visual-en-la-navegacion-a-vela\\\/#primaryimage\"},\"thumbnailUrl\":\"https:\\\/\\\/eurecat.org\\\/wp-content\\\/uploads\\\/2026\\\/03\\\/26_MWC_Vela.jpg\",\"datePublished\":\"2026-03-04T12:55:48+00:00\",\"dateModified\":\"2026-03-04T12:57:32+00:00\",\"author\":{\"@id\":\"https:\\\/\\\/eurecat.org\\\/es\\\/#\\\/schema\\\/person\\\/99d4d39712001e7621b6867b27b40bed\"},\"breadcrumb\":{\"@id\":\"https:\\\/\\\/eurecat.org\\\/es\\\/eurecat-y-yes-we-sail-presentan-una-tecnologia-textil-haptica-que-mejora-la-autonomia-de-personas-con-discapacidad-visual-en-la-navegacion-a-vela\\\/#breadcrumb\"},\"inLanguage\":\"es\",\"potentialAction\":[{\"@type\":\"ReadAction\",\"target\":[\"https:\\\/\\\/eurecat.org\\\/es\\\/eurecat-y-yes-we-sail-presentan-una-tecnologia-textil-haptica-que-mejora-la-autonomia-de-personas-con-discapacidad-visual-en-la-navegacion-a-vela\\\/\"]}]},{\"@type\":\"ImageObject\",\"inLanguage\":\"es\",\"@id\":\"https:\\\/\\\/eurecat.org\\\/es\\\/eurecat-y-yes-we-sail-presentan-una-tecnologia-textil-haptica-que-mejora-la-autonomia-de-personas-con-discapacidad-visual-en-la-navegacion-a-vela\\\/#primaryimage\",\"url\":\"https:\\\/\\\/eurecat.org\\\/wp-content\\\/uploads\\\/2026\\\/03\\\/26_MWC_Vela.jpg\",\"contentUrl\":\"https:\\\/\\\/eurecat.org\\\/wp-content\\\/uploads\\\/2026\\\/03\\\/26_MWC_Vela.jpg\",\"width\":800,\"height\":533},{\"@type\":\"BreadcrumbList\",\"@id\":\"https:\\\/\\\/eurecat.org\\\/es\\\/eurecat-y-yes-we-sail-presentan-una-tecnologia-textil-haptica-que-mejora-la-autonomia-de-personas-con-discapacidad-visual-en-la-navegacion-a-vela\\\/#breadcrumb\",\"itemListElement\":[{\"@type\":\"ListItem\",\"position\":1,\"name\":\"Inici\",\"item\":\"https:\\\/\\\/eurecat.org\\\/es\\\/\"},{\"@type\":\"ListItem\",\"position\":2,\"name\":\"Eurecat y Yes We Sail presentan una tecnolog\u00eda textil h\u00e1ptica que mejora la autonom\u00eda de personas con discapacidad visual en la navegaci\u00f3n a vela\"}]},{\"@type\":\"WebSite\",\"@id\":\"https:\\\/\\\/eurecat.org\\\/es\\\/#website\",\"url\":\"https:\\\/\\\/eurecat.org\\\/es\\\/\",\"name\":\"Eurecat\",\"description\":\"Otro sitio realizado con WordPress\",\"potentialAction\":[{\"@type\":\"SearchAction\",\"target\":{\"@type\":\"EntryPoint\",\"urlTemplate\":\"https:\\\/\\\/eurecat.org\\\/es\\\/?s={search_term_string}\"},\"query-input\":{\"@type\":\"PropertyValueSpecification\",\"valueRequired\":true,\"valueName\":\"search_term_string\"}}],\"inLanguage\":\"es\"},{\"@type\":\"Person\",\"@id\":\"https:\\\/\\\/eurecat.org\\\/es\\\/#\\\/schema\\\/person\\\/99d4d39712001e7621b6867b27b40bed\",\"name\":\"EurecatEQZ\",\"image\":{\"@type\":\"ImageObject\",\"inLanguage\":\"es\",\"@id\":\"https:\\\/\\\/secure.gravatar.com\\\/avatar\\\/6deb26ca61bcc34263c59cc62bb8b08ff90b67af7f99943babf5d86396845993?s=96&d=mm&r=g\",\"url\":\"https:\\\/\\\/secure.gravatar.com\\\/avatar\\\/6deb26ca61bcc34263c59cc62bb8b08ff90b67af7f99943babf5d86396845993?s=96&d=mm&r=g\",\"contentUrl\":\"https:\\\/\\\/secure.gravatar.com\\\/avatar\\\/6deb26ca61bcc34263c59cc62bb8b08ff90b67af7f99943babf5d86396845993?s=96&d=mm&r=g\",\"caption\":\"EurecatEQZ\"}}]}<\/script>\n<!-- \/ Yoast SEO plugin. -->","yoast_head_json":{"title":"Eurecat y Yes We Sail presentan una tecnolog\u00eda textil h\u00e1ptica que mejora la autonom\u00eda de personas con discapacidad visual en la navegaci\u00f3n a vela - Eurecat","robots":{"index":"index","follow":"follow","max-snippet":"max-snippet:-1","max-image-preview":"max-image-preview:large","max-video-preview":"max-video-preview:-1"},"canonical":"https:\/\/eurecat.org\/es\/eurecat-y-yes-we-sail-presentan-una-tecnologia-textil-haptica-que-mejora-la-autonomia-de-personas-con-discapacidad-visual-en-la-navegacion-a-vela\/","og_locale":"es_ES","og_type":"article","og_title":"Eurecat y Yes We Sail presentan una tecnolog\u00eda textil h\u00e1ptica que mejora la autonom\u00eda de personas con discapacidad visual en la navegaci\u00f3n a vela - Eurecat","og_url":"https:\/\/eurecat.org\/es\/eurecat-y-yes-we-sail-presentan-una-tecnologia-textil-haptica-que-mejora-la-autonomia-de-personas-con-discapacidad-visual-en-la-navegacion-a-vela\/","og_site_name":"Eurecat","article_published_time":"2026-03-04T12:55:48+00:00","article_modified_time":"2026-03-04T12:57:32+00:00","og_image":[{"width":800,"height":533,"url":"https:\/\/eurecat.org\/wp-content\/uploads\/2026\/03\/26_MWC_Vela.jpg","type":"image\/jpeg"}],"author":"EurecatEQZ","twitter_card":"summary_large_image","twitter_misc":{"Escrito por":"EurecatEQZ","Tiempo de lectura":"3 minutos"},"schema":{"@context":"https:\/\/schema.org","@graph":[{"@type":"Article","@id":"https:\/\/eurecat.org\/es\/eurecat-y-yes-we-sail-presentan-una-tecnologia-textil-haptica-que-mejora-la-autonomia-de-personas-con-discapacidad-visual-en-la-navegacion-a-vela\/#article","isPartOf":{"@id":"https:\/\/eurecat.org\/es\/eurecat-y-yes-we-sail-presentan-una-tecnologia-textil-haptica-que-mejora-la-autonomia-de-personas-con-discapacidad-visual-en-la-navegacion-a-vela\/"},"author":{"name":"EurecatEQZ","@id":"https:\/\/eurecat.org\/es\/#\/schema\/person\/99d4d39712001e7621b6867b27b40bed"},"headline":"Eurecat y Yes We Sail presentan una tecnolog\u00eda textil h\u00e1ptica que mejora la autonom\u00eda de personas con discapacidad visual en la navegaci\u00f3n a vela","datePublished":"2026-03-04T12:55:48+00:00","dateModified":"2026-03-04T12:57:32+00:00","mainEntityOfPage":{"@id":"https:\/\/eurecat.org\/es\/eurecat-y-yes-we-sail-presentan-una-tecnologia-textil-haptica-que-mejora-la-autonomia-de-personas-con-discapacidad-visual-en-la-navegacion-a-vela\/"},"wordCount":1647,"commentCount":0,"image":{"@id":"https:\/\/eurecat.org\/es\/eurecat-y-yes-we-sail-presentan-una-tecnologia-textil-haptica-que-mejora-la-autonomia-de-personas-con-discapacidad-visual-en-la-navegacion-a-vela\/#primaryimage"},"thumbnailUrl":"https:\/\/eurecat.org\/wp-content\/uploads\/2026\/03\/26_MWC_Vela.jpg","articleSection":["Ferias","Mobile World Congress","Notas de prensa","Tejidos Funcionales"],"inLanguage":"es","potentialAction":[{"@type":"CommentAction","name":"Comment","target":["https:\/\/eurecat.org\/es\/eurecat-y-yes-we-sail-presentan-una-tecnologia-textil-haptica-que-mejora-la-autonomia-de-personas-con-discapacidad-visual-en-la-navegacion-a-vela\/#respond"]}]},{"@type":"WebPage","@id":"https:\/\/eurecat.org\/es\/eurecat-y-yes-we-sail-presentan-una-tecnologia-textil-haptica-que-mejora-la-autonomia-de-personas-con-discapacidad-visual-en-la-navegacion-a-vela\/","url":"https:\/\/eurecat.org\/es\/eurecat-y-yes-we-sail-presentan-una-tecnologia-textil-haptica-que-mejora-la-autonomia-de-personas-con-discapacidad-visual-en-la-navegacion-a-vela\/","name":"Eurecat y Yes We Sail presentan una tecnolog\u00eda textil h\u00e1ptica que mejora la autonom\u00eda de personas con discapacidad visual en la navegaci\u00f3n a vela - Eurecat","isPartOf":{"@id":"https:\/\/eurecat.org\/es\/#website"},"primaryImageOfPage":{"@id":"https:\/\/eurecat.org\/es\/eurecat-y-yes-we-sail-presentan-una-tecnologia-textil-haptica-que-mejora-la-autonomia-de-personas-con-discapacidad-visual-en-la-navegacion-a-vela\/#primaryimage"},"image":{"@id":"https:\/\/eurecat.org\/es\/eurecat-y-yes-we-sail-presentan-una-tecnologia-textil-haptica-que-mejora-la-autonomia-de-personas-con-discapacidad-visual-en-la-navegacion-a-vela\/#primaryimage"},"thumbnailUrl":"https:\/\/eurecat.org\/wp-content\/uploads\/2026\/03\/26_MWC_Vela.jpg","datePublished":"2026-03-04T12:55:48+00:00","dateModified":"2026-03-04T12:57:32+00:00","author":{"@id":"https:\/\/eurecat.org\/es\/#\/schema\/person\/99d4d39712001e7621b6867b27b40bed"},"breadcrumb":{"@id":"https:\/\/eurecat.org\/es\/eurecat-y-yes-we-sail-presentan-una-tecnologia-textil-haptica-que-mejora-la-autonomia-de-personas-con-discapacidad-visual-en-la-navegacion-a-vela\/#breadcrumb"},"inLanguage":"es","potentialAction":[{"@type":"ReadAction","target":["https:\/\/eurecat.org\/es\/eurecat-y-yes-we-sail-presentan-una-tecnologia-textil-haptica-que-mejora-la-autonomia-de-personas-con-discapacidad-visual-en-la-navegacion-a-vela\/"]}]},{"@type":"ImageObject","inLanguage":"es","@id":"https:\/\/eurecat.org\/es\/eurecat-y-yes-we-sail-presentan-una-tecnologia-textil-haptica-que-mejora-la-autonomia-de-personas-con-discapacidad-visual-en-la-navegacion-a-vela\/#primaryimage","url":"https:\/\/eurecat.org\/wp-content\/uploads\/2026\/03\/26_MWC_Vela.jpg","contentUrl":"https:\/\/eurecat.org\/wp-content\/uploads\/2026\/03\/26_MWC_Vela.jpg","width":800,"height":533},{"@type":"BreadcrumbList","@id":"https:\/\/eurecat.org\/es\/eurecat-y-yes-we-sail-presentan-una-tecnologia-textil-haptica-que-mejora-la-autonomia-de-personas-con-discapacidad-visual-en-la-navegacion-a-vela\/#breadcrumb","itemListElement":[{"@type":"ListItem","position":1,"name":"Inici","item":"https:\/\/eurecat.org\/es\/"},{"@type":"ListItem","position":2,"name":"Eurecat y Yes We Sail presentan una tecnolog\u00eda textil h\u00e1ptica que mejora la autonom\u00eda de personas con discapacidad visual en la navegaci\u00f3n a vela"}]},{"@type":"WebSite","@id":"https:\/\/eurecat.org\/es\/#website","url":"https:\/\/eurecat.org\/es\/","name":"Eurecat","description":"Otro sitio realizado con WordPress","potentialAction":[{"@type":"SearchAction","target":{"@type":"EntryPoint","urlTemplate":"https:\/\/eurecat.org\/es\/?s={search_term_string}"},"query-input":{"@type":"PropertyValueSpecification","valueRequired":true,"valueName":"search_term_string"}}],"inLanguage":"es"},{"@type":"Person","@id":"https:\/\/eurecat.org\/es\/#\/schema\/person\/99d4d39712001e7621b6867b27b40bed","name":"EurecatEQZ","image":{"@type":"ImageObject","inLanguage":"es","@id":"https:\/\/secure.gravatar.com\/avatar\/6deb26ca61bcc34263c59cc62bb8b08ff90b67af7f99943babf5d86396845993?s=96&d=mm&r=g","url":"https:\/\/secure.gravatar.com\/avatar\/6deb26ca61bcc34263c59cc62bb8b08ff90b67af7f99943babf5d86396845993?s=96&d=mm&r=g","contentUrl":"https:\/\/secure.gravatar.com\/avatar\/6deb26ca61bcc34263c59cc62bb8b08ff90b67af7f99943babf5d86396845993?s=96&d=mm&r=g","caption":"EurecatEQZ"}}]}},"_links":{"self":[{"href":"https:\/\/eurecat.org\/es\/wp-json\/wp\/v2\/posts\/193795","targetHints":{"allow":["GET"]}}],"collection":[{"href":"https:\/\/eurecat.org\/es\/wp-json\/wp\/v2\/posts"}],"about":[{"href":"https:\/\/eurecat.org\/es\/wp-json\/wp\/v2\/types\/post"}],"author":[{"embeddable":true,"href":"https:\/\/eurecat.org\/es\/wp-json\/wp\/v2\/users\/20"}],"replies":[{"embeddable":true,"href":"https:\/\/eurecat.org\/es\/wp-json\/wp\/v2\/comments?post=193795"}],"version-history":[{"count":1,"href":"https:\/\/eurecat.org\/es\/wp-json\/wp\/v2\/posts\/193795\/revisions"}],"predecessor-version":[{"id":193796,"href":"https:\/\/eurecat.org\/es\/wp-json\/wp\/v2\/posts\/193795\/revisions\/193796"}],"wp:featuredmedia":[{"embeddable":true,"href":"https:\/\/eurecat.org\/es\/wp-json\/wp\/v2\/media\/193790"}],"wp:attachment":[{"href":"https:\/\/eurecat.org\/es\/wp-json\/wp\/v2\/media?parent=193795"}],"wp:term":[{"taxonomy":"category","embeddable":true,"href":"https:\/\/eurecat.org\/es\/wp-json\/wp\/v2\/categories?post=193795"},{"taxonomy":"post_tag","embeddable":true,"href":"https:\/\/eurecat.org\/es\/wp-json\/wp\/v2\/tags?post=193795"}],"curies":[{"name":"wp","href":"https:\/\/api.w.org\/{rel}","templated":true}]}}