{"id":19381,"date":"2016-11-29T17:56:03","date_gmt":"2016-11-29T17:56:03","guid":{"rendered":"http:\/\/eurecat.org\/?p=19381\/"},"modified":"2017-06-23T12:00:32","modified_gmt":"2017-06-23T12:00:32","slug":"eurecat-machine-learning","status":"publish","type":"post","link":"https:\/\/eurecat.org\/es\/eurecat-machine-learning\/","title":{"rendered":"El Eurecat Mobile Forum se\u00f1ala la inteligencia artificial y el aprendizaje autom\u00e1tico como claves para el negocio m\u00f3vil"},"content":{"rendered":"<h2 style=\"text-align: center;\"><span style=\"color: #000000;\">EURECAT MOBILE FORUM<\/span><\/h2>\n<h1 style=\"text-align: center;\"><strong><span style=\"color: #000000;\">El Eurecat Mobile Forum se\u00f1ala la inteligencia artificial y el aprendizaje autom\u00e1tico como claves para el negocio m\u00f3vil<\/span><\/strong><\/h1>\n<p><strong><u>Barcelona, 29 de noviembre de 2016.-<\/u> <\/strong>La inteligencia artificial y el aprendizaje autom\u00e1tico (Machine Learning) ser\u00e1n claves para el negocio m\u00f3vil en los pr\u00f3ximos a\u00f1os, tal como ha quedado patente hoy en la primera jornada del <strong><span style=\"color: #800080;\"><a style=\"color: #800080;\" href=\"http:\/\/eurecatmobileforum.com\">Eurecat Mobile Forum<\/a><\/span><\/strong>, el congreso especializado en las \u00faltimas tendencias y estrategias del sector de la movilidad y las aplicaciones m\u00f3viles<\/p>\n<p>En la bienvenida institucional del congreso, el presidente de\u00a0<strong><span style=\"color: #800080;\"><a style=\"color: #800080;\" href=\"http:\/\/www.eurecat.org\">Eurecat<\/a><\/span><\/strong>, Xavier Torra,ha se\u00f1alado que \u201cla movilidad es uno de los sectores m\u00e1s din\u00e1micos de Catalu\u00f1a\u201d, al tiempo que Jordi Puigner\u00f3, secretario de Telecomunicaciones, Ciberseguridad y Sociedad Digital de la Generalitat de Catalunya, se ha referido espec\u00edficamente al potencial del sector de los drones, del que ha resaltado su \u201cvertiente smart\u201d.<\/p>\n<p>El keynote speaker del congreso, Daniel Sieberg, autor de \u201cLa dieta digital\u201d y ejecutivo de Google, ha advertido de la necesidad de \u201crecordar el valor de desconectar a veces\u201d de la tecnolog\u00eda. Seg\u00fan Sieberg, \u201csomos una sociedad maleable y nos estamos adaptando a la inclusi\u00f3n de m\u00e1s tecnolog\u00eda\u201d, si bien \u201cnecesitamos ser conscientes de sus efectos en todos los aspectos de nuestra vida\u201d.<\/p>\n<blockquote><p><strong>Daniel Sieberg<\/strong>, autor de \u201cLa dieta digital\u201d y ejecutivo de Google, ha insistido en tomar \u201cconciencia\u201d del uso de la tecnolog\u00eda<\/p><\/blockquote>\n<p>En la sesi\u00f3n sobre Gaming, <strong>Rafael Laguna<\/strong>, programador y Game Developer de <strong>Herding Cats<\/strong>, ha reflexionado sobre la \u201cgran evoluci\u00f3n\u201d que ha habido en el sector de los videojuegos, a pesar de ser \u201cuna industria con una vida relativamente corta\u201d.<\/p>\n<p><strong>Simon Lee<\/strong>, fundador de <strong>Game BCN<\/strong>, ha analizado las tendencias econ\u00f3micas del mercado de los videojuegos y ha destacado la figura del monetizador para poder sacar rendimiento econ\u00f3mico de los proyectos. \u201cEl mundo de los videojuegos es muy competitivo\u201d y \u201csolo el 3 por ciento de los videojuegos sostienen al resto\u201d, ha asegurado.<\/p>\n<p>Por su parte, <strong>Felipe L\u00f3pez<\/strong>, director de Innovaci\u00f3n de <strong>Tecnocom<\/strong>, ha destacado las potencialidades de la realidad virtual, puesto que usa \u201clos elementos de aprendizaje cl\u00e1sicos\u201d como ver y tocar, que pueden ser \u201cmuy \u00fatiles en entornos de formaci\u00f3n\u201d. L\u00f3pez ha mostrado diferentes aplicaciones de la realidad virtual en sectores como el industrial, el sanitario y el energ\u00e9tico. \u201cCualquier cosa que se acerque a la realidad est\u00e1 aqu\u00ed para quedarse\u201d, ha sentenciado.<\/p>\n<p>A este respecto, los ejecutivos<strong> Tiago Henriques, de Microsoft; Mar\u00eda Borbon\u00e9s, de IBM; y Andr\u00e9s Gonz\u00e1lez, de Clever Data<\/strong>, han coincidido en se\u00f1alar que la inteligencia artificial est\u00e1 suponiendo un gran avance para mejorar la experiencia de usuario y anticiparse a sus necesidades.<\/p>\n<p>El Eurecat Mobile Forum, que est\u00e1 organizado por <strong><span style=\"color: #800080;\"><a style=\"color: #800080;\" href=\"https:\/\/eurecat.org\/es\/\">Eurecat<\/a><\/span><\/strong> (miembro de Tecnio) con el apoyo de la Generalitat de Catalunya, imaginBank, Tecnocom, Elogia, Arsys y Nexica, cuenta con la participaci\u00f3n de m\u00e1s de veinte expertos que hoy y ma\u00f1ana compartir\u00e1n las tendencias y novedades del sector para los pr\u00f3ximos a\u00f1os.<\/p>\n<p><strong>imaginChallenge Games Edition premia a cuatro equipos de desarrolladores por sus ideas para videojuegos aplicables a la banca m\u00f3vil<\/strong><\/p>\n<p>El director de <strong>imaginBank, David Urbano<\/strong>, ha entregado los premios a los ganadores de la presente edici\u00f3n de imaginChallenge Games Edition, el marat\u00f3n de desarrollo de videojuegos de 24 horas celebrado en Barcelona en noviembre. Urbano ha destacado \u201cel gran nivel\u201d de las propuestas presentadas en la presente edici\u00f3n, que ha llevado al jurado a escoger dos terceros premios.<\/p>\n<p>El primer premio, de 6.000 euros, ha sido para el equipo formado por Carlos Bruguera, Marc Lozano, Pol Merino y V\u00edctor Vilarrubla por su puzle de arcade \u201cPortal Pop\u201d. El segundo premio, valorado en 3.000 euros, se lo ha llevado el t\u00e1ndem formado por Nicol\u00e1s Delgado y Jordi Santiago, de Barcelona, con otro juego de puzles. Los terceros premios, valorados en 1.000 euros, han reca\u00eddo a los equipos formados por Manuel Ram\u00f3n L\u00f3pez, Carlos N\u00fa\u00f1ez, Adri\u00e1n R\u00edos y Gonzalo V\u00e1zquez; y en la propuesta de Miquel Barnada, Arnau Guadall, M\u00f3nica Mart\u00edn y Jordi Vila.<\/p>\n<p>&nbsp;<\/p>\n<p><strong>Pod\u00e9is ampliar la informaci\u00f3n o solicitar entrevistas en el email <\/strong><span style=\"color: #800080;\"><a style=\"color: #800080;\" href=\"mailto:premsa@eurecat.org\">premsa@eurecat.org<\/a><\/span><strong> y en el m\u00f3vil 630425169.<\/strong><\/p>\n<p><strong>\u00a0<\/strong><\/p>\n<p><strong>Sobre Eurecat<\/strong><\/p>\n<p>Eurecat, Centro Tecnol\u00f3gico de Catalu\u00f1a (miembro de Tecnio), aglutina la experiencia de m\u00e1s de <strong>550 profesionales<\/strong> que generan un volumen de ingresos de <strong>45 millones de euros anuales<\/strong> y presta servicio a m\u00e1s de <strong>1.000 empresas<\/strong>. <strong>I+D aplicado<\/strong>, <strong>servicios tecnol\u00f3gicos<\/strong>, <strong>formaci\u00f3n de alta especializaci\u00f3n<\/strong>, <strong>consultor\u00eda tecnol\u00f3gica<\/strong> y <strong>eventos profesionales<\/strong> son algunos de los servicios que Eurecat ofrece tanto para grandes como para peque\u00f1as y medianas empresas de todos los sectores. Con instalaciones en Barcelona, Canet de Mar, Cerdanyola del Vall\u00e8s, Girona, Lleida, Manresa, Matar\u00f3, Reus y Amposta y con una sede en Brasil, participa en <strong>160 grandes proyectos consorciados de I+D+i<\/strong> nacionales e internacionales de alto valor estrat\u00e9gico y cuenta con <strong>73 patentes<\/strong> y <strong>7 spin-off<\/strong>. El valor a\u00f1adido que aporta Eurecat <strong>acelera la innovaci\u00f3n<\/strong>, <strong>disminuye el gasto en infraestructuras<\/strong> cient\u00edficas y tecnol\u00f3gicas, <strong>reduce los riesgos <\/strong>y proporciona <strong>conocimiento especializado <\/strong>a medida de cada empresa. <strong>M\u00e1s informaci\u00f3n en <\/strong><span style=\"color: #800080;\"><a style=\"color: #800080;\" href=\"http:\/\/www.eurecat.org\"><strong>www.eurecat.org<\/strong><\/a><\/span><\/p>\n<p>&nbsp;<\/p>\n<p><strong><em>M\u00e1s informaci\u00f3n:<\/em><\/strong><\/p>\n<p><strong>Montse Mascar\u00f3<br \/>\nPrensa | Direcci\u00f3n de Comunicaci\u00f3n Corporativa <\/strong><strong>Eurecat<\/strong><\/p>\n<p><strong>Tel. (+34) 932 381 400 | M\u00f3vil: (+34) 630 425 169<br \/>\nC\/e: premsa@eurecat.org | <\/strong><a href=\"http:\/\/www.eurecat.org\">www.eurecat.org<\/a><\/p>\n","protected":false},"excerpt":{"rendered":"<p>EURECAT MOBILE FORUM El Eurecat Mobile Forum se\u00f1ala la inteligencia artificial y el aprendizaje autom\u00e1tico como claves para el negocio m\u00f3vil Barcelona, 29 de noviembre de 2016.- La inteligencia artificial y el aprendizaje autom\u00e1tico (Machine Learning) ser\u00e1n claves para el negocio m\u00f3vil en los pr\u00f3ximos a\u00f1os, tal como ha quedado patente hoy en la primera  [&#8230;]<\/p>\n","protected":false},"author":12,"featured_media":19379,"comment_status":"open","ping_status":"closed","sticky":false,"template":"","format":"standard","meta":{"footnotes":""},"categories":[682,392,702,134],"tags":[],"class_list":["post-19381","post","type-post","status-publish","format-standard","has-post-thumbnail","hentry","category-corporatiu-es","category-big-data-analytics","category-eventos","category-notas-de-prensa"],"yoast_head":"<!-- This site is optimized with the Yoast SEO plugin v27.5 - https:\/\/yoast.com\/product\/yoast-seo-wordpress\/ -->\n<title>El Eurecat Mobile Forum se\u00f1ala la inteligencia artificial como clave para el negocio m\u00f3vil<\/title>\n<meta name=\"description\" content=\"La inteligencia artificial y el Machine Learning ser\u00e1n claves para el negocio m\u00f3vil en los pr\u00f3ximos a\u00f1os, como ha quedado patente hoy en la primera jornada\" \/>\n<meta name=\"robots\" content=\"index, follow, max-snippet:-1, max-image-preview:large, max-video-preview:-1\" \/>\n<link rel=\"canonical\" href=\"https:\/\/eurecat.org\/es\/eurecat-machine-learning\/\" \/>\n<meta property=\"og:locale\" content=\"es_ES\" \/>\n<meta property=\"og:type\" content=\"article\" \/>\n<meta property=\"og:title\" content=\"El Eurecat Mobile Forum se\u00f1ala la inteligencia artificial como clave para el negocio m\u00f3vil\" \/>\n<meta property=\"og:description\" content=\"La inteligencia artificial y el Machine Learning ser\u00e1n claves para el negocio m\u00f3vil en los pr\u00f3ximos a\u00f1os, como ha quedado patente hoy en la primera jornada\" \/>\n<meta property=\"og:url\" content=\"https:\/\/eurecat.org\/es\/eurecat-machine-learning\/\" \/>\n<meta property=\"og:site_name\" content=\"Eurecat\" \/>\n<meta property=\"article:published_time\" content=\"2016-11-29T17:56:03+00:00\" \/>\n<meta property=\"article:modified_time\" content=\"2017-06-23T12:00:32+00:00\" \/>\n<meta property=\"og:image\" content=\"https:\/\/eurecat.org\/wp-content\/uploads\/2016\/11\/DanielSieberg.jpg\" \/>\n\t<meta property=\"og:image:width\" content=\"800\" \/>\n\t<meta property=\"og:image:height\" content=\"533\" \/>\n\t<meta property=\"og:image:type\" content=\"image\/jpeg\" \/>\n<meta name=\"author\" content=\"EurecatEG\" \/>\n<meta name=\"twitter:card\" content=\"summary_large_image\" \/>\n<meta name=\"twitter:label1\" content=\"Escrito por\" \/>\n\t<meta name=\"twitter:data1\" content=\"EurecatEG\" \/>\n\t<meta name=\"twitter:label2\" content=\"Tiempo de lectura\" \/>\n\t<meta name=\"twitter:data2\" content=\"5 minutos\" \/>\n<script type=\"application\/ld+json\" class=\"yoast-schema-graph\">{\"@context\":\"https:\\\/\\\/schema.org\",\"@graph\":[{\"@type\":\"Article\",\"@id\":\"https:\\\/\\\/eurecat.org\\\/es\\\/eurecat-machine-learning\\\/#article\",\"isPartOf\":{\"@id\":\"https:\\\/\\\/eurecat.org\\\/es\\\/eurecat-machine-learning\\\/\"},\"author\":{\"name\":\"EurecatEG\",\"@id\":\"https:\\\/\\\/eurecat.org\\\/es\\\/#\\\/schema\\\/person\\\/def9217eded50ee57a9dc4cf0c883f80\"},\"headline\":\"El Eurecat Mobile Forum se\u00f1ala la inteligencia artificial y el aprendizaje autom\u00e1tico como claves para el negocio m\u00f3vil\",\"datePublished\":\"2016-11-29T17:56:03+00:00\",\"dateModified\":\"2017-06-23T12:00:32+00:00\",\"mainEntityOfPage\":{\"@id\":\"https:\\\/\\\/eurecat.org\\\/es\\\/eurecat-machine-learning\\\/\"},\"wordCount\":940,\"commentCount\":0,\"image\":{\"@id\":\"https:\\\/\\\/eurecat.org\\\/es\\\/eurecat-machine-learning\\\/#primaryimage\"},\"thumbnailUrl\":\"https:\\\/\\\/eurecat.org\\\/wp-content\\\/uploads\\\/2016\\\/11\\\/DanielSieberg.jpg\",\"articleSection\":[\"Corporativo\",\"Data Science &amp; Big Data Analytics\",\"Eventos\",\"Notas de prensa\"],\"inLanguage\":\"es\",\"potentialAction\":[{\"@type\":\"CommentAction\",\"name\":\"Comment\",\"target\":[\"https:\\\/\\\/eurecat.org\\\/es\\\/eurecat-machine-learning\\\/#respond\"]}]},{\"@type\":\"WebPage\",\"@id\":\"https:\\\/\\\/eurecat.org\\\/es\\\/eurecat-machine-learning\\\/\",\"url\":\"https:\\\/\\\/eurecat.org\\\/es\\\/eurecat-machine-learning\\\/\",\"name\":\"El Eurecat Mobile Forum se\u00f1ala la inteligencia artificial como clave para el negocio m\u00f3vil\",\"isPartOf\":{\"@id\":\"https:\\\/\\\/eurecat.org\\\/es\\\/#website\"},\"primaryImageOfPage\":{\"@id\":\"https:\\\/\\\/eurecat.org\\\/es\\\/eurecat-machine-learning\\\/#primaryimage\"},\"image\":{\"@id\":\"https:\\\/\\\/eurecat.org\\\/es\\\/eurecat-machine-learning\\\/#primaryimage\"},\"thumbnailUrl\":\"https:\\\/\\\/eurecat.org\\\/wp-content\\\/uploads\\\/2016\\\/11\\\/DanielSieberg.jpg\",\"datePublished\":\"2016-11-29T17:56:03+00:00\",\"dateModified\":\"2017-06-23T12:00:32+00:00\",\"author\":{\"@id\":\"https:\\\/\\\/eurecat.org\\\/es\\\/#\\\/schema\\\/person\\\/def9217eded50ee57a9dc4cf0c883f80\"},\"description\":\"La inteligencia artificial y el Machine Learning ser\u00e1n claves para el negocio m\u00f3vil en los pr\u00f3ximos a\u00f1os, como ha quedado patente hoy en la primera jornada\",\"breadcrumb\":{\"@id\":\"https:\\\/\\\/eurecat.org\\\/es\\\/eurecat-machine-learning\\\/#breadcrumb\"},\"inLanguage\":\"es\",\"potentialAction\":[{\"@type\":\"ReadAction\",\"target\":[\"https:\\\/\\\/eurecat.org\\\/es\\\/eurecat-machine-learning\\\/\"]}]},{\"@type\":\"ImageObject\",\"inLanguage\":\"es\",\"@id\":\"https:\\\/\\\/eurecat.org\\\/es\\\/eurecat-machine-learning\\\/#primaryimage\",\"url\":\"https:\\\/\\\/eurecat.org\\\/wp-content\\\/uploads\\\/2016\\\/11\\\/DanielSieberg.jpg\",\"contentUrl\":\"https:\\\/\\\/eurecat.org\\\/wp-content\\\/uploads\\\/2016\\\/11\\\/DanielSieberg.jpg\",\"width\":800,\"height\":533,\"caption\":\"Daniel Sieberg Google Eurecat\"},{\"@type\":\"BreadcrumbList\",\"@id\":\"https:\\\/\\\/eurecat.org\\\/es\\\/eurecat-machine-learning\\\/#breadcrumb\",\"itemListElement\":[{\"@type\":\"ListItem\",\"position\":1,\"name\":\"Inici\",\"item\":\"https:\\\/\\\/eurecat.org\\\/es\\\/\"},{\"@type\":\"ListItem\",\"position\":2,\"name\":\"El Eurecat Mobile Forum se\u00f1ala la inteligencia artificial y el aprendizaje autom\u00e1tico como claves para el negocio m\u00f3vil\"}]},{\"@type\":\"WebSite\",\"@id\":\"https:\\\/\\\/eurecat.org\\\/es\\\/#website\",\"url\":\"https:\\\/\\\/eurecat.org\\\/es\\\/\",\"name\":\"Eurecat\",\"description\":\"Otro sitio realizado con WordPress\",\"potentialAction\":[{\"@type\":\"SearchAction\",\"target\":{\"@type\":\"EntryPoint\",\"urlTemplate\":\"https:\\\/\\\/eurecat.org\\\/es\\\/?s={search_term_string}\"},\"query-input\":{\"@type\":\"PropertyValueSpecification\",\"valueRequired\":true,\"valueName\":\"search_term_string\"}}],\"inLanguage\":\"es\"},{\"@type\":\"Person\",\"@id\":\"https:\\\/\\\/eurecat.org\\\/es\\\/#\\\/schema\\\/person\\\/def9217eded50ee57a9dc4cf0c883f80\",\"name\":\"EurecatEG\",\"image\":{\"@type\":\"ImageObject\",\"inLanguage\":\"es\",\"@id\":\"https:\\\/\\\/secure.gravatar.com\\\/avatar\\\/f40dd9b6ecd3e5c591f3c9b033e495ee0ec9877ba77249fbf268b3889350c824?s=96&d=mm&r=g\",\"url\":\"https:\\\/\\\/secure.gravatar.com\\\/avatar\\\/f40dd9b6ecd3e5c591f3c9b033e495ee0ec9877ba77249fbf268b3889350c824?s=96&d=mm&r=g\",\"contentUrl\":\"https:\\\/\\\/secure.gravatar.com\\\/avatar\\\/f40dd9b6ecd3e5c591f3c9b033e495ee0ec9877ba77249fbf268b3889350c824?s=96&d=mm&r=g\",\"caption\":\"EurecatEG\"}}]}<\/script>\n<!-- \/ Yoast SEO plugin. -->","yoast_head_json":{"title":"El Eurecat Mobile Forum se\u00f1ala la inteligencia artificial como clave para el negocio m\u00f3vil","description":"La inteligencia artificial y el Machine Learning ser\u00e1n claves para el negocio m\u00f3vil en los pr\u00f3ximos a\u00f1os, como ha quedado patente hoy en la primera jornada","robots":{"index":"index","follow":"follow","max-snippet":"max-snippet:-1","max-image-preview":"max-image-preview:large","max-video-preview":"max-video-preview:-1"},"canonical":"https:\/\/eurecat.org\/es\/eurecat-machine-learning\/","og_locale":"es_ES","og_type":"article","og_title":"El Eurecat Mobile Forum se\u00f1ala la inteligencia artificial como clave para el negocio m\u00f3vil","og_description":"La inteligencia artificial y el Machine Learning ser\u00e1n claves para el negocio m\u00f3vil en los pr\u00f3ximos a\u00f1os, como ha quedado patente hoy en la primera jornada","og_url":"https:\/\/eurecat.org\/es\/eurecat-machine-learning\/","og_site_name":"Eurecat","article_published_time":"2016-11-29T17:56:03+00:00","article_modified_time":"2017-06-23T12:00:32+00:00","og_image":[{"width":800,"height":533,"url":"https:\/\/eurecat.org\/wp-content\/uploads\/2016\/11\/DanielSieberg.jpg","type":"image\/jpeg"}],"author":"EurecatEG","twitter_card":"summary_large_image","twitter_misc":{"Escrito por":"EurecatEG","Tiempo de lectura":"5 minutos"},"schema":{"@context":"https:\/\/schema.org","@graph":[{"@type":"Article","@id":"https:\/\/eurecat.org\/es\/eurecat-machine-learning\/#article","isPartOf":{"@id":"https:\/\/eurecat.org\/es\/eurecat-machine-learning\/"},"author":{"name":"EurecatEG","@id":"https:\/\/eurecat.org\/es\/#\/schema\/person\/def9217eded50ee57a9dc4cf0c883f80"},"headline":"El Eurecat Mobile Forum se\u00f1ala la inteligencia artificial y el aprendizaje autom\u00e1tico como claves para el negocio m\u00f3vil","datePublished":"2016-11-29T17:56:03+00:00","dateModified":"2017-06-23T12:00:32+00:00","mainEntityOfPage":{"@id":"https:\/\/eurecat.org\/es\/eurecat-machine-learning\/"},"wordCount":940,"commentCount":0,"image":{"@id":"https:\/\/eurecat.org\/es\/eurecat-machine-learning\/#primaryimage"},"thumbnailUrl":"https:\/\/eurecat.org\/wp-content\/uploads\/2016\/11\/DanielSieberg.jpg","articleSection":["Corporativo","Data Science &amp; Big Data Analytics","Eventos","Notas de prensa"],"inLanguage":"es","potentialAction":[{"@type":"CommentAction","name":"Comment","target":["https:\/\/eurecat.org\/es\/eurecat-machine-learning\/#respond"]}]},{"@type":"WebPage","@id":"https:\/\/eurecat.org\/es\/eurecat-machine-learning\/","url":"https:\/\/eurecat.org\/es\/eurecat-machine-learning\/","name":"El Eurecat Mobile Forum se\u00f1ala la inteligencia artificial como clave para el negocio m\u00f3vil","isPartOf":{"@id":"https:\/\/eurecat.org\/es\/#website"},"primaryImageOfPage":{"@id":"https:\/\/eurecat.org\/es\/eurecat-machine-learning\/#primaryimage"},"image":{"@id":"https:\/\/eurecat.org\/es\/eurecat-machine-learning\/#primaryimage"},"thumbnailUrl":"https:\/\/eurecat.org\/wp-content\/uploads\/2016\/11\/DanielSieberg.jpg","datePublished":"2016-11-29T17:56:03+00:00","dateModified":"2017-06-23T12:00:32+00:00","author":{"@id":"https:\/\/eurecat.org\/es\/#\/schema\/person\/def9217eded50ee57a9dc4cf0c883f80"},"description":"La inteligencia artificial y el Machine Learning ser\u00e1n claves para el negocio m\u00f3vil en los pr\u00f3ximos a\u00f1os, como ha quedado patente hoy en la primera jornada","breadcrumb":{"@id":"https:\/\/eurecat.org\/es\/eurecat-machine-learning\/#breadcrumb"},"inLanguage":"es","potentialAction":[{"@type":"ReadAction","target":["https:\/\/eurecat.org\/es\/eurecat-machine-learning\/"]}]},{"@type":"ImageObject","inLanguage":"es","@id":"https:\/\/eurecat.org\/es\/eurecat-machine-learning\/#primaryimage","url":"https:\/\/eurecat.org\/wp-content\/uploads\/2016\/11\/DanielSieberg.jpg","contentUrl":"https:\/\/eurecat.org\/wp-content\/uploads\/2016\/11\/DanielSieberg.jpg","width":800,"height":533,"caption":"Daniel Sieberg Google Eurecat"},{"@type":"BreadcrumbList","@id":"https:\/\/eurecat.org\/es\/eurecat-machine-learning\/#breadcrumb","itemListElement":[{"@type":"ListItem","position":1,"name":"Inici","item":"https:\/\/eurecat.org\/es\/"},{"@type":"ListItem","position":2,"name":"El Eurecat Mobile Forum se\u00f1ala la inteligencia artificial y el aprendizaje autom\u00e1tico como claves para el negocio m\u00f3vil"}]},{"@type":"WebSite","@id":"https:\/\/eurecat.org\/es\/#website","url":"https:\/\/eurecat.org\/es\/","name":"Eurecat","description":"Otro sitio realizado con WordPress","potentialAction":[{"@type":"SearchAction","target":{"@type":"EntryPoint","urlTemplate":"https:\/\/eurecat.org\/es\/?s={search_term_string}"},"query-input":{"@type":"PropertyValueSpecification","valueRequired":true,"valueName":"search_term_string"}}],"inLanguage":"es"},{"@type":"Person","@id":"https:\/\/eurecat.org\/es\/#\/schema\/person\/def9217eded50ee57a9dc4cf0c883f80","name":"EurecatEG","image":{"@type":"ImageObject","inLanguage":"es","@id":"https:\/\/secure.gravatar.com\/avatar\/f40dd9b6ecd3e5c591f3c9b033e495ee0ec9877ba77249fbf268b3889350c824?s=96&d=mm&r=g","url":"https:\/\/secure.gravatar.com\/avatar\/f40dd9b6ecd3e5c591f3c9b033e495ee0ec9877ba77249fbf268b3889350c824?s=96&d=mm&r=g","contentUrl":"https:\/\/secure.gravatar.com\/avatar\/f40dd9b6ecd3e5c591f3c9b033e495ee0ec9877ba77249fbf268b3889350c824?s=96&d=mm&r=g","caption":"EurecatEG"}}]}},"_links":{"self":[{"href":"https:\/\/eurecat.org\/es\/wp-json\/wp\/v2\/posts\/19381","targetHints":{"allow":["GET"]}}],"collection":[{"href":"https:\/\/eurecat.org\/es\/wp-json\/wp\/v2\/posts"}],"about":[{"href":"https:\/\/eurecat.org\/es\/wp-json\/wp\/v2\/types\/post"}],"author":[{"embeddable":true,"href":"https:\/\/eurecat.org\/es\/wp-json\/wp\/v2\/users\/12"}],"replies":[{"embeddable":true,"href":"https:\/\/eurecat.org\/es\/wp-json\/wp\/v2\/comments?post=19381"}],"version-history":[{"count":0,"href":"https:\/\/eurecat.org\/es\/wp-json\/wp\/v2\/posts\/19381\/revisions"}],"wp:featuredmedia":[{"embeddable":true,"href":"https:\/\/eurecat.org\/es\/wp-json\/wp\/v2\/media\/19379"}],"wp:attachment":[{"href":"https:\/\/eurecat.org\/es\/wp-json\/wp\/v2\/media?parent=19381"}],"wp:term":[{"taxonomy":"category","embeddable":true,"href":"https:\/\/eurecat.org\/es\/wp-json\/wp\/v2\/categories?post=19381"},{"taxonomy":"post_tag","embeddable":true,"href":"https:\/\/eurecat.org\/es\/wp-json\/wp\/v2\/tags?post=19381"}],"curies":[{"name":"wp","href":"https:\/\/api.w.org\/{rel}","templated":true}]}}