{"id":19404,"date":"2016-12-01T08:36:40","date_gmt":"2016-12-01T08:36:40","guid":{"rendered":"http:\/\/eurecat.org\/?p=19404\/"},"modified":"2017-06-23T12:22:26","modified_gmt":"2017-06-23T12:22:26","slug":"transferencia-conocimiento-ensenyament-y-eurecat","status":"publish","type":"post","link":"https:\/\/eurecat.org\/es\/transferencia-conocimiento-ensenyament-y-eurecat\/","title":{"rendered":"Ensenyament y Eurecat impulsan nueve actuaciones para la transferencia de conocimiento a las aulas"},"content":{"rendered":"<h1 style=\"text-align: center;\"><span style=\"color: #000000;\"><strong>Ensenyament y Eurecat impulsan nueve actuaciones para la transferencia de conocimiento a las aulas<\/strong><\/span><\/h1>\n<p><strong><u>Barcelona, 1 de diciembre de 2016.-<\/u> <\/strong> El <strong><span style=\"color: #800080;\"><a style=\"color: #800080;\" href=\"http:\/\/ensenyament.gencat.cat\/\">Departament d\u2019Ensenyament<\/a><\/span><\/strong>\u00a0y el centro tecnol\u00f3gico\u00a0<span style=\"color: #800080;\"><strong><a style=\"color: #800080;\" href=\"https:\/\/eurecat.org\">Eurecat<\/a><\/strong><\/span> han firmado un convenio marco de colaboraci\u00f3n para promover la transferencia de conocimiento y de formaci\u00f3n profesional y especializada en los centros docentes catalanes, que recoge nueve actuaciones para favorecer, potenciar y actualizar la formaci\u00f3n a trav\u00e9s de la innovaci\u00f3n.<\/p>\n<p>El acuerdo, que promover\u00e1 el contacto directo con las empresas para facilitar la inserci\u00f3n laboral, ha sido suscrito por el director general de <strong><span style=\"color: #800080;\"><a style=\"color: #800080;\" href=\"http:\/\/sac.gencat.cat\/sacgencat\/AppJava\/organisme_fitxa.jsp?codi=11387\">Formaci\u00f3 Professional Inicial i Ensenyaments de R\u00e8gim Especial<\/a><\/span><\/strong>, Melcior Arcarons, y el director general de Negocio de Eurecat, Miquel Rey.<\/p>\n<p>En este convenio marco, que tiene una vigencia de un a\u00f1o, se regulan nueve modalidades de colaboraci\u00f3n, que tienen como objetivo crear instrumentos, sinergias y acciones, mediante el fomento de la transferencia de tecnolog\u00eda y de conocimiento, a trav\u00e9s de actuaciones como la organizaci\u00f3n de conferencias, seminarios o clases magistrales por parte de Eurecat, dirigidas a alumnos en materia de transferencia de tecnolog\u00eda y de conocimiento.<\/p>\n<blockquote><p>El acuerdo permitir\u00e1 la transferencia continua de conocimiento pionero e innovador del centro tecnol\u00f3gico a los alumnos y profesores de Formaci\u00f3n Profesional a trav\u00e9s de diferentes actuaciones.<\/p><\/blockquote>\n<p>Tambi\u00e9n se realizar\u00e1n pr\u00e1cticas de alumnos en Eurecat, en el marco de cursos organizados por Ensenyament, con maquinaria de \u00faltima generaci\u00f3n en las instalaciones del centro tecnol\u00f3gico y formaci\u00f3n continua por parte de Eurecat en diferentes \u00e1mbitos tecnol\u00f3gicos para el profesorado.<\/p>\n<p>Otras acciones son la realizaci\u00f3n de estancias de los profesores en las diferentes sedes de Eurecat, la orientaci\u00f3n profesional a los alumnos en los distintos sectores tecnol\u00f3gicos y la organizaci\u00f3n de visitas t\u00e9cnicas de alumnado y profesorado en las dependencias e instalaciones del centro tecnol\u00f3gico.<\/p>\n<blockquote><p>Est\u00e1n previstas diferentes modalidades de colaboraci\u00f3n, como pr\u00e1cticas de alumnos en Eurecat o formaci\u00f3n continua para el profesorado del Departamento.<\/p><\/blockquote>\n<p>Facilitar el contacto con las empresas para ayudar a los alumnos en su inserci\u00f3n laboral, organizar jornadas t\u00e9cnicas, concursos o premios para incentivar la participaci\u00f3n en nuevos proyectos y colaborar en proyectos en materia de innovaci\u00f3n, transferencia de tecnolog\u00eda y de conocimiento completan el protocolo de colaboraci\u00f3n.<\/p>\n<p>&nbsp;<\/p>\n<p><strong>Programa de innovaci\u00f3n y transferencia de conocimiento InnovaFP<\/strong><\/p>\n<p>Ensenyament impulsa diversos programas en los centros docentes, entre los que se encuentra el Programa de innovaci\u00f3n y transferencia de conocimiento <strong><span style=\"color: #800080;\"><a style=\"color: #800080;\" href=\"http:\/\/xtec.gencat.cat\/ca\/innovacio\/fp\/transferencia\/\">InnovaFP<\/a><\/span><\/strong>, en el que participan un total de 53 centros. Se trata de un programa que potencia la innovaci\u00f3n de los centros que imparten formaci\u00f3n profesional, para que puedan desarrollar proyectos y transferir el conocimiento, en colaboraci\u00f3n con las empresas u organizaciones cercanas a los centros educativos. Se crea as\u00ed una red que potencia la transferencia de conocimiento y que supone un est\u00edmulo para los diferentes agentes: alumnado, profesores, centros educativos y organizaciones.<\/p>\n<p><strong>\u00a0<\/strong><\/p>\n<p><strong>Sobre Eurecat<\/strong><\/p>\n<p>Eurecat, Centro Tecnol\u00f3gico de Catalu\u00f1a (miembro de Tecnio), aglutina la experiencia de m\u00e1s de <strong>550 profesionales<\/strong> que generan un volumen de ingresos de <strong>45 millones de euros anuales<\/strong> y presta servicio a m\u00e1s de <strong>1.000 empresas<\/strong>. <strong>I+D aplicado<\/strong>, <strong>servicios tecnol\u00f3gicos<\/strong>, <strong>formaci\u00f3n de alta especializaci\u00f3n<\/strong>, <strong>consultor\u00eda tecnol\u00f3gica<\/strong> y <strong>eventos profesionales<\/strong> son algunos de los servicios que Eurecat ofrece tanto para grandes como para peque\u00f1as y medianas empresas de todos los sectores. Con instalaciones en Barcelona, Canet de Mar, Cerdanyola del Vall\u00e8s, Girona, Lleida, Manresa, Matar\u00f3, Reus y Amposta y con una sede en Brasil, participa en <strong>160 grandes proyectos consorciados de I+D+i<\/strong> nacionales e internacionales de alto valor estrat\u00e9gico y cuenta con <strong>73 patentes<\/strong> y <strong>7 spin-off<\/strong>. El valor a\u00f1adido que aporta Eurecat <strong>acelera la innovaci\u00f3n<\/strong>, <strong>disminuye el gasto en infraestructuras<\/strong> cient\u00edficas y tecnol\u00f3gicas, <strong>reduce los riesgos <\/strong>y proporciona <strong>conocimiento especializado <\/strong>a medida de cada empresa. <strong>M\u00e1s informaci\u00f3n en <\/strong><a href=\"http:\/\/www.eurecat.org\"><strong>www.eurecat.org<\/strong><\/a><\/p>\n<p>&nbsp;<\/p>\n<p><strong><em>M\u00e1s informaci\u00f3n:<\/em><\/strong><\/p>\n<p><strong>Montse Mascar\u00f3<br \/>\nPrensa | Direcci\u00f3n de Comunicaci\u00f3n Corporativa <\/strong><strong>Eurecat<\/strong><\/p>\n<p><strong>Tel. (+34) 932 381 400 | M\u00f3vil: (+34) 630 425 169<br \/>\nC\/e: premsa@eurecat.org | <\/strong><a href=\"http:\/\/www.eurecat.org\">www.eurecat.org<\/a><\/p>\n<p><strong>\u00a0<\/strong><\/p>\n<p><strong>\u00a0<\/strong><\/p>\n<p>&nbsp;<\/p>\n","protected":false},"excerpt":{"rendered":"<p>Ensenyament y Eurecat impulsan nueve actuaciones para la transferencia de conocimiento a las aulas Barcelona, 1 de diciembre de 2016.- El Departament d\u2019Ensenyament\u00a0y el centro tecnol\u00f3gico\u00a0Eurecat han firmado un convenio marco de colaboraci\u00f3n para promover la transferencia de conocimiento y de formaci\u00f3n profesional y especializada en los centros docentes catalanes, que recoge nueve actuaciones para  [&#8230;]<\/p>\n","protected":false},"author":12,"featured_media":19402,"comment_status":"open","ping_status":"closed","sticky":false,"template":"","format":"standard","meta":{"footnotes":""},"categories":[682,398,134],"tags":[],"class_list":["post-19404","post","type-post","status-publish","format-standard","has-post-thumbnail","hentry","category-corporatiu-es","category-formacion","category-notas-de-prensa"],"yoast_head":"<!-- This site is optimized with the Yoast SEO plugin v27.4 - https:\/\/yoast.com\/product\/yoast-seo-wordpress\/ -->\n<title>Ensenyament y Eurecat impulsan 9 actuaciones transferencia conocimiento<\/title>\n<meta name=\"description\" content=\"Ensenyament y Eurecat han firmado un convenio para promover la transferencia de conocimiento y de formaci\u00f3n profesional y en los centros docentes catalanes\" \/>\n<meta name=\"robots\" content=\"index, follow, max-snippet:-1, max-image-preview:large, max-video-preview:-1\" \/>\n<link rel=\"canonical\" href=\"https:\/\/eurecat.org\/es\/transferencia-conocimiento-ensenyament-y-eurecat\/\" \/>\n<meta property=\"og:locale\" content=\"es_ES\" \/>\n<meta property=\"og:type\" content=\"article\" \/>\n<meta property=\"og:title\" content=\"Ensenyament y Eurecat impulsan 9 actuaciones transferencia conocimiento\" \/>\n<meta property=\"og:description\" content=\"Ensenyament y Eurecat han firmado un convenio para promover la transferencia de conocimiento y de formaci\u00f3n profesional y en los centros docentes catalanes\" \/>\n<meta property=\"og:url\" content=\"https:\/\/eurecat.org\/es\/transferencia-conocimiento-ensenyament-y-eurecat\/\" \/>\n<meta property=\"og:site_name\" content=\"Eurecat\" \/>\n<meta property=\"article:published_time\" content=\"2016-12-01T08:36:40+00:00\" \/>\n<meta property=\"article:modified_time\" content=\"2017-06-23T12:22:26+00:00\" \/>\n<meta property=\"og:image\" content=\"https:\/\/eurecat.org\/wp-content\/uploads\/2016\/12\/20161201-ensenyament.jpg\" \/>\n\t<meta property=\"og:image:width\" content=\"800\" \/>\n\t<meta property=\"og:image:height\" content=\"450\" \/>\n\t<meta property=\"og:image:type\" content=\"image\/jpeg\" \/>\n<meta name=\"author\" content=\"EurecatEG\" \/>\n<meta name=\"twitter:card\" content=\"summary_large_image\" \/>\n<meta name=\"twitter:label1\" content=\"Escrito por\" \/>\n\t<meta name=\"twitter:data1\" content=\"EurecatEG\" \/>\n\t<meta name=\"twitter:label2\" content=\"Tiempo de lectura\" \/>\n\t<meta name=\"twitter:data2\" content=\"4 minutos\" \/>\n<script type=\"application\/ld+json\" class=\"yoast-schema-graph\">{\"@context\":\"https:\\\/\\\/schema.org\",\"@graph\":[{\"@type\":\"Article\",\"@id\":\"https:\\\/\\\/eurecat.org\\\/es\\\/transferencia-conocimiento-ensenyament-y-eurecat\\\/#article\",\"isPartOf\":{\"@id\":\"https:\\\/\\\/eurecat.org\\\/es\\\/transferencia-conocimiento-ensenyament-y-eurecat\\\/\"},\"author\":{\"name\":\"EurecatEG\",\"@id\":\"https:\\\/\\\/eurecat.org\\\/es\\\/#\\\/schema\\\/person\\\/def9217eded50ee57a9dc4cf0c883f80\"},\"headline\":\"Ensenyament y Eurecat impulsan nueve actuaciones para la transferencia de conocimiento a las aulas\",\"datePublished\":\"2016-12-01T08:36:40+00:00\",\"dateModified\":\"2017-06-23T12:22:26+00:00\",\"mainEntityOfPage\":{\"@id\":\"https:\\\/\\\/eurecat.org\\\/es\\\/transferencia-conocimiento-ensenyament-y-eurecat\\\/\"},\"wordCount\":714,\"commentCount\":0,\"image\":{\"@id\":\"https:\\\/\\\/eurecat.org\\\/es\\\/transferencia-conocimiento-ensenyament-y-eurecat\\\/#primaryimage\"},\"thumbnailUrl\":\"https:\\\/\\\/eurecat.org\\\/wp-content\\\/uploads\\\/2016\\\/12\\\/20161201-ensenyament.jpg\",\"articleSection\":[\"Corporativo\",\"Formaci\u00f3n\",\"Notas de prensa\"],\"inLanguage\":\"es\",\"potentialAction\":[{\"@type\":\"CommentAction\",\"name\":\"Comment\",\"target\":[\"https:\\\/\\\/eurecat.org\\\/es\\\/transferencia-conocimiento-ensenyament-y-eurecat\\\/#respond\"]}]},{\"@type\":\"WebPage\",\"@id\":\"https:\\\/\\\/eurecat.org\\\/es\\\/transferencia-conocimiento-ensenyament-y-eurecat\\\/\",\"url\":\"https:\\\/\\\/eurecat.org\\\/es\\\/transferencia-conocimiento-ensenyament-y-eurecat\\\/\",\"name\":\"Ensenyament y Eurecat impulsan 9 actuaciones transferencia conocimiento\",\"isPartOf\":{\"@id\":\"https:\\\/\\\/eurecat.org\\\/es\\\/#website\"},\"primaryImageOfPage\":{\"@id\":\"https:\\\/\\\/eurecat.org\\\/es\\\/transferencia-conocimiento-ensenyament-y-eurecat\\\/#primaryimage\"},\"image\":{\"@id\":\"https:\\\/\\\/eurecat.org\\\/es\\\/transferencia-conocimiento-ensenyament-y-eurecat\\\/#primaryimage\"},\"thumbnailUrl\":\"https:\\\/\\\/eurecat.org\\\/wp-content\\\/uploads\\\/2016\\\/12\\\/20161201-ensenyament.jpg\",\"datePublished\":\"2016-12-01T08:36:40+00:00\",\"dateModified\":\"2017-06-23T12:22:26+00:00\",\"author\":{\"@id\":\"https:\\\/\\\/eurecat.org\\\/es\\\/#\\\/schema\\\/person\\\/def9217eded50ee57a9dc4cf0c883f80\"},\"description\":\"Ensenyament y Eurecat han firmado un convenio para promover la transferencia de conocimiento y de formaci\u00f3n profesional y en los centros docentes catalanes\",\"breadcrumb\":{\"@id\":\"https:\\\/\\\/eurecat.org\\\/es\\\/transferencia-conocimiento-ensenyament-y-eurecat\\\/#breadcrumb\"},\"inLanguage\":\"es\",\"potentialAction\":[{\"@type\":\"ReadAction\",\"target\":[\"https:\\\/\\\/eurecat.org\\\/es\\\/transferencia-conocimiento-ensenyament-y-eurecat\\\/\"]}]},{\"@type\":\"ImageObject\",\"inLanguage\":\"es\",\"@id\":\"https:\\\/\\\/eurecat.org\\\/es\\\/transferencia-conocimiento-ensenyament-y-eurecat\\\/#primaryimage\",\"url\":\"https:\\\/\\\/eurecat.org\\\/wp-content\\\/uploads\\\/2016\\\/12\\\/20161201-ensenyament.jpg\",\"contentUrl\":\"https:\\\/\\\/eurecat.org\\\/wp-content\\\/uploads\\\/2016\\\/12\\\/20161201-ensenyament.jpg\",\"width\":800,\"height\":450},{\"@type\":\"BreadcrumbList\",\"@id\":\"https:\\\/\\\/eurecat.org\\\/es\\\/transferencia-conocimiento-ensenyament-y-eurecat\\\/#breadcrumb\",\"itemListElement\":[{\"@type\":\"ListItem\",\"position\":1,\"name\":\"Inici\",\"item\":\"https:\\\/\\\/eurecat.org\\\/es\\\/\"},{\"@type\":\"ListItem\",\"position\":2,\"name\":\"Ensenyament y Eurecat impulsan nueve actuaciones para la transferencia de conocimiento a las aulas\"}]},{\"@type\":\"WebSite\",\"@id\":\"https:\\\/\\\/eurecat.org\\\/es\\\/#website\",\"url\":\"https:\\\/\\\/eurecat.org\\\/es\\\/\",\"name\":\"Eurecat\",\"description\":\"Otro sitio realizado con WordPress\",\"potentialAction\":[{\"@type\":\"SearchAction\",\"target\":{\"@type\":\"EntryPoint\",\"urlTemplate\":\"https:\\\/\\\/eurecat.org\\\/es\\\/?s={search_term_string}\"},\"query-input\":{\"@type\":\"PropertyValueSpecification\",\"valueRequired\":true,\"valueName\":\"search_term_string\"}}],\"inLanguage\":\"es\"},{\"@type\":\"Person\",\"@id\":\"https:\\\/\\\/eurecat.org\\\/es\\\/#\\\/schema\\\/person\\\/def9217eded50ee57a9dc4cf0c883f80\",\"name\":\"EurecatEG\",\"image\":{\"@type\":\"ImageObject\",\"inLanguage\":\"es\",\"@id\":\"https:\\\/\\\/secure.gravatar.com\\\/avatar\\\/f40dd9b6ecd3e5c591f3c9b033e495ee0ec9877ba77249fbf268b3889350c824?s=96&d=mm&r=g\",\"url\":\"https:\\\/\\\/secure.gravatar.com\\\/avatar\\\/f40dd9b6ecd3e5c591f3c9b033e495ee0ec9877ba77249fbf268b3889350c824?s=96&d=mm&r=g\",\"contentUrl\":\"https:\\\/\\\/secure.gravatar.com\\\/avatar\\\/f40dd9b6ecd3e5c591f3c9b033e495ee0ec9877ba77249fbf268b3889350c824?s=96&d=mm&r=g\",\"caption\":\"EurecatEG\"}}]}<\/script>\n<!-- \/ Yoast SEO plugin. -->","yoast_head_json":{"title":"Ensenyament y Eurecat impulsan 9 actuaciones transferencia conocimiento","description":"Ensenyament y Eurecat han firmado un convenio para promover la transferencia de conocimiento y de formaci\u00f3n profesional y en los centros docentes catalanes","robots":{"index":"index","follow":"follow","max-snippet":"max-snippet:-1","max-image-preview":"max-image-preview:large","max-video-preview":"max-video-preview:-1"},"canonical":"https:\/\/eurecat.org\/es\/transferencia-conocimiento-ensenyament-y-eurecat\/","og_locale":"es_ES","og_type":"article","og_title":"Ensenyament y Eurecat impulsan 9 actuaciones transferencia conocimiento","og_description":"Ensenyament y Eurecat han firmado un convenio para promover la transferencia de conocimiento y de formaci\u00f3n profesional y en los centros docentes catalanes","og_url":"https:\/\/eurecat.org\/es\/transferencia-conocimiento-ensenyament-y-eurecat\/","og_site_name":"Eurecat","article_published_time":"2016-12-01T08:36:40+00:00","article_modified_time":"2017-06-23T12:22:26+00:00","og_image":[{"width":800,"height":450,"url":"https:\/\/eurecat.org\/wp-content\/uploads\/2016\/12\/20161201-ensenyament.jpg","type":"image\/jpeg"}],"author":"EurecatEG","twitter_card":"summary_large_image","twitter_misc":{"Escrito por":"EurecatEG","Tiempo de lectura":"4 minutos"},"schema":{"@context":"https:\/\/schema.org","@graph":[{"@type":"Article","@id":"https:\/\/eurecat.org\/es\/transferencia-conocimiento-ensenyament-y-eurecat\/#article","isPartOf":{"@id":"https:\/\/eurecat.org\/es\/transferencia-conocimiento-ensenyament-y-eurecat\/"},"author":{"name":"EurecatEG","@id":"https:\/\/eurecat.org\/es\/#\/schema\/person\/def9217eded50ee57a9dc4cf0c883f80"},"headline":"Ensenyament y Eurecat impulsan nueve actuaciones para la transferencia de conocimiento a las aulas","datePublished":"2016-12-01T08:36:40+00:00","dateModified":"2017-06-23T12:22:26+00:00","mainEntityOfPage":{"@id":"https:\/\/eurecat.org\/es\/transferencia-conocimiento-ensenyament-y-eurecat\/"},"wordCount":714,"commentCount":0,"image":{"@id":"https:\/\/eurecat.org\/es\/transferencia-conocimiento-ensenyament-y-eurecat\/#primaryimage"},"thumbnailUrl":"https:\/\/eurecat.org\/wp-content\/uploads\/2016\/12\/20161201-ensenyament.jpg","articleSection":["Corporativo","Formaci\u00f3n","Notas de prensa"],"inLanguage":"es","potentialAction":[{"@type":"CommentAction","name":"Comment","target":["https:\/\/eurecat.org\/es\/transferencia-conocimiento-ensenyament-y-eurecat\/#respond"]}]},{"@type":"WebPage","@id":"https:\/\/eurecat.org\/es\/transferencia-conocimiento-ensenyament-y-eurecat\/","url":"https:\/\/eurecat.org\/es\/transferencia-conocimiento-ensenyament-y-eurecat\/","name":"Ensenyament y Eurecat impulsan 9 actuaciones transferencia conocimiento","isPartOf":{"@id":"https:\/\/eurecat.org\/es\/#website"},"primaryImageOfPage":{"@id":"https:\/\/eurecat.org\/es\/transferencia-conocimiento-ensenyament-y-eurecat\/#primaryimage"},"image":{"@id":"https:\/\/eurecat.org\/es\/transferencia-conocimiento-ensenyament-y-eurecat\/#primaryimage"},"thumbnailUrl":"https:\/\/eurecat.org\/wp-content\/uploads\/2016\/12\/20161201-ensenyament.jpg","datePublished":"2016-12-01T08:36:40+00:00","dateModified":"2017-06-23T12:22:26+00:00","author":{"@id":"https:\/\/eurecat.org\/es\/#\/schema\/person\/def9217eded50ee57a9dc4cf0c883f80"},"description":"Ensenyament y Eurecat han firmado un convenio para promover la transferencia de conocimiento y de formaci\u00f3n profesional y en los centros docentes catalanes","breadcrumb":{"@id":"https:\/\/eurecat.org\/es\/transferencia-conocimiento-ensenyament-y-eurecat\/#breadcrumb"},"inLanguage":"es","potentialAction":[{"@type":"ReadAction","target":["https:\/\/eurecat.org\/es\/transferencia-conocimiento-ensenyament-y-eurecat\/"]}]},{"@type":"ImageObject","inLanguage":"es","@id":"https:\/\/eurecat.org\/es\/transferencia-conocimiento-ensenyament-y-eurecat\/#primaryimage","url":"https:\/\/eurecat.org\/wp-content\/uploads\/2016\/12\/20161201-ensenyament.jpg","contentUrl":"https:\/\/eurecat.org\/wp-content\/uploads\/2016\/12\/20161201-ensenyament.jpg","width":800,"height":450},{"@type":"BreadcrumbList","@id":"https:\/\/eurecat.org\/es\/transferencia-conocimiento-ensenyament-y-eurecat\/#breadcrumb","itemListElement":[{"@type":"ListItem","position":1,"name":"Inici","item":"https:\/\/eurecat.org\/es\/"},{"@type":"ListItem","position":2,"name":"Ensenyament y Eurecat impulsan nueve actuaciones para la transferencia de conocimiento a las aulas"}]},{"@type":"WebSite","@id":"https:\/\/eurecat.org\/es\/#website","url":"https:\/\/eurecat.org\/es\/","name":"Eurecat","description":"Otro sitio realizado con WordPress","potentialAction":[{"@type":"SearchAction","target":{"@type":"EntryPoint","urlTemplate":"https:\/\/eurecat.org\/es\/?s={search_term_string}"},"query-input":{"@type":"PropertyValueSpecification","valueRequired":true,"valueName":"search_term_string"}}],"inLanguage":"es"},{"@type":"Person","@id":"https:\/\/eurecat.org\/es\/#\/schema\/person\/def9217eded50ee57a9dc4cf0c883f80","name":"EurecatEG","image":{"@type":"ImageObject","inLanguage":"es","@id":"https:\/\/secure.gravatar.com\/avatar\/f40dd9b6ecd3e5c591f3c9b033e495ee0ec9877ba77249fbf268b3889350c824?s=96&d=mm&r=g","url":"https:\/\/secure.gravatar.com\/avatar\/f40dd9b6ecd3e5c591f3c9b033e495ee0ec9877ba77249fbf268b3889350c824?s=96&d=mm&r=g","contentUrl":"https:\/\/secure.gravatar.com\/avatar\/f40dd9b6ecd3e5c591f3c9b033e495ee0ec9877ba77249fbf268b3889350c824?s=96&d=mm&r=g","caption":"EurecatEG"}}]}},"_links":{"self":[{"href":"https:\/\/eurecat.org\/es\/wp-json\/wp\/v2\/posts\/19404","targetHints":{"allow":["GET"]}}],"collection":[{"href":"https:\/\/eurecat.org\/es\/wp-json\/wp\/v2\/posts"}],"about":[{"href":"https:\/\/eurecat.org\/es\/wp-json\/wp\/v2\/types\/post"}],"author":[{"embeddable":true,"href":"https:\/\/eurecat.org\/es\/wp-json\/wp\/v2\/users\/12"}],"replies":[{"embeddable":true,"href":"https:\/\/eurecat.org\/es\/wp-json\/wp\/v2\/comments?post=19404"}],"version-history":[{"count":0,"href":"https:\/\/eurecat.org\/es\/wp-json\/wp\/v2\/posts\/19404\/revisions"}],"wp:featuredmedia":[{"embeddable":true,"href":"https:\/\/eurecat.org\/es\/wp-json\/wp\/v2\/media\/19402"}],"wp:attachment":[{"href":"https:\/\/eurecat.org\/es\/wp-json\/wp\/v2\/media?parent=19404"}],"wp:term":[{"taxonomy":"category","embeddable":true,"href":"https:\/\/eurecat.org\/es\/wp-json\/wp\/v2\/categories?post=19404"},{"taxonomy":"post_tag","embeddable":true,"href":"https:\/\/eurecat.org\/es\/wp-json\/wp\/v2\/tags?post=19404"}],"curies":[{"name":"wp","href":"https:\/\/api.w.org\/{rel}","templated":true}]}}