{"id":194158,"date":"2026-03-11T11:53:07","date_gmt":"2026-03-11T10:53:07","guid":{"rendered":"https:\/\/eurecat.org\/?p=194158"},"modified":"2026-03-11T11:54:41","modified_gmt":"2026-03-11T10:54:41","slug":"eurecat-completa-un-ciclo-de-10-anos-de-crecimiento-continuado-con-un-impacto-acumulado-de-1-250-millones-en-la-economia-catalana","status":"publish","type":"post","link":"https:\/\/eurecat.org\/es\/eurecat-completa-un-ciclo-de-10-anos-de-crecimiento-continuado-con-un-impacto-acumulado-de-1-250-millones-en-la-economia-catalana\/","title":{"rendered":"Eurecat completa un ciclo de 10 a\u00f1os de crecimiento continuado con un impacto acumulado de 1.250 millones en la econom\u00eda catalana"},"content":{"rendered":"<div class=\"fusion-fullwidth fullwidth-box fusion-builder-row-1 fusion-flex-container has-pattern-background has-mask-background nonhundred-percent-fullwidth non-hundred-percent-height-scrolling\" style=\"--awb-border-radius-top-left:0px;--awb-border-radius-top-right:0px;--awb-border-radius-bottom-right:0px;--awb-border-radius-bottom-left:0px;--awb-flex-wrap:wrap;\" ><div class=\"fusion-builder-row fusion-row fusion-flex-align-items-flex-start fusion-flex-content-wrap\" style=\"max-width:1424.8px;margin-left: calc(-4% \/ 2 );margin-right: calc(-4% \/ 2 );\"><div class=\"fusion-layout-column fusion_builder_column fusion-builder-column-0 fusion_builder_column_1_1 1_1 fusion-flex-column\" style=\"--awb-bg-size:cover;--awb-width-large:100%;--awb-margin-top-large:0px;--awb-spacing-right-large:1.92%;--awb-margin-bottom-large:20px;--awb-spacing-left-large:1.92%;--awb-width-medium:100%;--awb-order-medium:0;--awb-spacing-right-medium:1.92%;--awb-spacing-left-medium:1.92%;--awb-width-small:100%;--awb-order-small:0;--awb-spacing-right-small:1.92%;--awb-spacing-left-small:1.92%;\"><div class=\"fusion-column-wrapper fusion-column-has-shadow fusion-flex-justify-content-flex-start fusion-content-layout-column\"><div class=\"fusion-text fusion-text-1\"><p>El centro tecnol\u00f3gico <a href=\"http:\/\/eurecat.org\/es\/\">Eurecat<\/a> ha cerrado con <strong>74 millones<\/strong> de euros de ingresos el a\u00f1o 2025, completando un <strong>ciclo de 10 a\u00f1os de crecimiento continuado<\/strong> desde su creaci\u00f3n, periodo durante el cual ha duplicado sus ingresos y ha generado un <strong>impacto positivo superior a los 1.250 millones<\/strong> de euros en la facturaci\u00f3n de empresas y entidades catalanas, como resultado de su capacidad multitecnol\u00f3gica para transformar procesos industriales y generar nuevo tejido empresarial.<\/p>\n<p>La actividad de Eurecat para acelerar la innovaci\u00f3n tecnol\u00f3gica e impulsar la competitividad de las empresas y ofrecer valor al conjunto de la sociedad se ha traducido en un <strong>factor multiplicador de 10<\/strong> en t\u00e9rminos de retorno por euro de apoyo p\u00fablico, situ\u00e1ndose en una <strong>posici\u00f3n l\u00edder en Europa<\/strong> superior a los grandes centros tecnol\u00f3gicos europeos en <strong>eficiencia e impacto econ\u00f3mico tangible<\/strong>. Este impacto se ha concretado en el apoyo a m\u00e1s de <strong>3.500 peque\u00f1as y medianas empresas<\/strong> en sus procesos de innovaci\u00f3n tecnol\u00f3gica.<\/p>\n<p>Adem\u00e1s, Eurecat ha <strong>movilizado 112 millones de euros de inversi\u00f3n privada<\/strong> para actividades de I+D+I entre 2020 y 2024 y ha invertido un total de <strong>27 millones de euros en infraestructuras tecnol\u00f3gicas en Catalu\u00f1a<\/strong> destinadas a la innovaci\u00f3n en nuevos productos y procesos de fabricaci\u00f3n en \u00e1mbitos relacionados con las tecnolog\u00edas digitales, industriales, la biotecnolog\u00eda y la sostenibilidad.<\/p>\n<p>A lo largo de esta d\u00e9cada, ha registrado <strong>578 activos de propiedad intelectual<\/strong>, ha generado <strong>455 publicaciones cient\u00edficas<\/strong> de alta calidad y ha creado <strong>doce empresas de base tecnol\u00f3gica<\/strong> que han llevado al mercado soluciones innovadoras en campos como los dispositivos m\u00e9dicos y la transformaci\u00f3n de materiales. En t\u00e9rminos de transferencia tecnol\u00f3gica y de innovaci\u00f3n, el retorno de la participaci\u00f3n de Eurecat en el Programa Marco desde el 2015 hasta la actualidad sube hasta los 138 millones de euros.<\/p>\n<p>Desde su creaci\u00f3n, Eurecat <strong>ha m\u00e1s que duplicado su plantilla<\/strong>, que actualmente est\u00e1 integrada por m\u00e1s de 850 profesionales de 36 nacionalidades. Adem\u00e1s de contribuir a la <strong>creaci\u00f3n de puestos de trabajo de alta cualificaci\u00f3n<\/strong>, el centro tecnol\u00f3gico ha formado, a trav\u00e9s de Eurecat Academy, 40.000 profesionales, un 80 por ciento de los cuales dentro de programas de formaci\u00f3n continua de alta especializaci\u00f3n tecnol\u00f3gica.<\/p>\n<p><strong>Innovaci\u00f3n tecnol\u00f3gica para mejorar la competitividad de las empresas<\/strong><\/p>\n<p>El conseller de Empresa y Trabajo, <strong>Miquel\u00a0S\u00e0mper<\/strong>, destaca <strong>\u201cla importancia de un centro tecnol\u00f3gico de referencia<\/strong>, ya no de Catalu\u00f1a, sino <strong>a escala europea<\/strong>, para <strong>acortar la distancia entre la investigaci\u00f3n y el mercado\u201d.<\/strong> En este sentido, \u201cel impulso y la colaboraci\u00f3n con ACCI\u00d3 ha sido y tiene que seguir siendo un pilar fundamental para seguir haciendo m\u00e1s competitivas a las empresas catalanas\u201d.<\/p>\n<p>\u201cEl prop\u00f3sito \u00faltimo de\u00a0Eurecat\u00a0es <strong>mejorar la competitividad<\/strong> de las empresas, especialmente de las peque\u00f1as y medianas, acelerando e intensificando su actividad innovadora\u201d, subraya el director general de\u00a0Eurecat, <strong>Xavier L\u00f3pez<\/strong>.<\/p>\n<p>Con esta finalidad,\u00a0Eurecat\u00a0\u201cfacilita la <strong>validaci\u00f3n y el escalado de tecnolog\u00eda en fases preindustriales e industriales<\/strong>, situadas cerca de los entornos donde tiene que operar y generar un impacto real, con el objetivo de transformar el conocimiento en soluciones operativas y acelerar su adopci\u00f3n industrial\u201d, a\u00f1ade.<\/p>\n<p>De acuerdo con el presidente de\u00a0Eurecat, <strong>Daniel\u00a0Altimiras<\/strong>, \u201ces clave que cada vez m\u00e1s empresas y organizaciones adopten la <strong>innovaci\u00f3n tecnol\u00f3gica<\/strong> de manera sostenida en el tiempo como <strong>estrategia para superar sus desaf\u00edos<\/strong>, avanzar en su competitividad y abrir nuevos mercados\u201d.<\/p>\n<p><strong>Eurecat, un caso de \u00e9xito de pol\u00edtica de innovaci\u00f3n con el apoyo de la Generalitat a trav\u00e9s de ACCI\u00d3<\/strong><\/p>\n<p>La pol\u00edtica de apoyo a la transferencia y a la innovaci\u00f3n tecnol\u00f3gica por parte de la Generalitat de Catalunya permiti\u00f3 la creaci\u00f3n de Eurecat, en 2015, como <strong>centro tecnol\u00f3gico de referencia en el pa\u00eds<\/strong> para recuperar una posici\u00f3n de liderazgo en din\u00e1micas de transferencia y de innovaci\u00f3n industrial.<\/p>\n<p>Desde entonces, Eurecat ha llevado adelante <strong>m\u00e1s de 16.000 proyectos y servicios de innovaci\u00f3n tecnol\u00f3gica<\/strong>, ha desplegado su actividad en <strong>once sedes en Catalu\u00f1a<\/strong> y ha multiplicado por m\u00e1s de cuatro el n\u00famero de empresas a las cuales presta servicios de innovaci\u00f3n.<\/p>\n<p>Eurecat refuerza un modelo orientado a resultados y al <strong>escalado preindustrial de soluciones<\/strong>, combinando capacidades multitecnol\u00f3gicas e infraestructuras avanzadas con una operativa <strong>\u00e1gil<\/strong> y pr\u00f3xima a los entornos donde la tecnolog\u00eda tiene que demostrar valor. En este sentido, el director general de Eurecat se\u00f1ala que el centro es <strong>\u201cuno de los centros tecnol\u00f3gicos europeos m\u00e1s eficientes, solventes y confiables\u201d<\/strong>, con capacidades diferenciales en campos como la rob\u00f3tica avanzada, la inteligencia artificial, la biotecnolog\u00eda o los nuevos materiales.<\/p>\n<p>En este recorrido, Eurecat ha consolidado su trayectoria <strong>con el apoyo de ACCI\u00d3<\/strong>, la agencia para la competitividad de la empresa de la Generalitat de Catalunya, reforzando el impulso a la innovaci\u00f3n y la transferencia tecnol\u00f3gica al tejido productivo.<\/p>\n<p>El centro tecnol\u00f3gico ha promovido tambi\u00e9n la colaboraci\u00f3n con otros agentes del territorio, en \u00e1mbitos como la <strong>inteligencia artificial aplicada<\/strong>, la <strong>resiliencia clim\u00e1tica<\/strong>, la <strong>descarbonizaci\u00f3n industrial<\/strong> y la <strong>electrificaci\u00f3n<\/strong> de sectores como la automoci\u00f3n, contribuyendo a intensificar la innovaci\u00f3n colaborativa, de proximidad y con impacto real.<\/p>\n<\/div><\/div><\/div><\/div><\/div>\n","protected":false},"excerpt":{"rendered":"","protected":false},"author":20,"featured_media":194156,"comment_status":"open","ping_status":"closed","sticky":false,"template":"","format":"standard","meta":{"footnotes":""},"categories":[682,134],"tags":[],"class_list":["post-194158","post","type-post","status-publish","format-standard","has-post-thumbnail","hentry","category-corporatiu-es","category-notas-de-prensa"],"yoast_head":"<!-- This site is optimized with the Yoast SEO plugin v27.5 - https:\/\/yoast.com\/product\/yoast-seo-wordpress\/ -->\n<title>Eurecat completa un ciclo de 10 a\u00f1os de crecimiento continuado con un impacto acumulado de 1.250 millones en la econom\u00eda catalana - Eurecat<\/title>\n<meta name=\"robots\" content=\"index, follow, max-snippet:-1, max-image-preview:large, max-video-preview:-1\" \/>\n<link rel=\"canonical\" href=\"https:\/\/eurecat.org\/es\/eurecat-completa-un-ciclo-de-10-anos-de-crecimiento-continuado-con-un-impacto-acumulado-de-1-250-millones-en-la-economia-catalana\/\" \/>\n<meta property=\"og:locale\" content=\"es_ES\" \/>\n<meta property=\"og:type\" content=\"article\" \/>\n<meta property=\"og:title\" content=\"Eurecat completa un ciclo de 10 a\u00f1os de crecimiento continuado con un impacto acumulado de 1.250 millones en la econom\u00eda catalana - Eurecat\" \/>\n<meta property=\"og:url\" content=\"https:\/\/eurecat.org\/es\/eurecat-completa-un-ciclo-de-10-anos-de-crecimiento-continuado-con-un-impacto-acumulado-de-1-250-millones-en-la-economia-catalana\/\" \/>\n<meta property=\"og:site_name\" content=\"Eurecat\" \/>\n<meta property=\"article:published_time\" content=\"2026-03-11T10:53:07+00:00\" \/>\n<meta property=\"article:modified_time\" content=\"2026-03-11T10:54:41+00:00\" \/>\n<meta property=\"og:image\" content=\"https:\/\/eurecat.org\/wp-content\/uploads\/2026\/03\/26_Eurecat.jpg\" \/>\n\t<meta property=\"og:image:width\" content=\"800\" \/>\n\t<meta property=\"og:image:height\" content=\"533\" \/>\n\t<meta property=\"og:image:type\" content=\"image\/jpeg\" \/>\n<meta name=\"author\" content=\"EurecatEQZ\" \/>\n<meta name=\"twitter:card\" content=\"summary_large_image\" \/>\n<meta name=\"twitter:label1\" content=\"Escrito por\" \/>\n\t<meta name=\"twitter:data1\" content=\"EurecatEQZ\" \/>\n\t<meta name=\"twitter:label2\" content=\"Tiempo de lectura\" \/>\n\t<meta name=\"twitter:data2\" content=\"5 minutos\" \/>\n<script type=\"application\/ld+json\" class=\"yoast-schema-graph\">{\"@context\":\"https:\\\/\\\/schema.org\",\"@graph\":[{\"@type\":\"Article\",\"@id\":\"https:\\\/\\\/eurecat.org\\\/es\\\/eurecat-completa-un-ciclo-de-10-anos-de-crecimiento-continuado-con-un-impacto-acumulado-de-1-250-millones-en-la-economia-catalana\\\/#article\",\"isPartOf\":{\"@id\":\"https:\\\/\\\/eurecat.org\\\/es\\\/eurecat-completa-un-ciclo-de-10-anos-de-crecimiento-continuado-con-un-impacto-acumulado-de-1-250-millones-en-la-economia-catalana\\\/\"},\"author\":{\"name\":\"EurecatEQZ\",\"@id\":\"https:\\\/\\\/eurecat.org\\\/es\\\/#\\\/schema\\\/person\\\/99d4d39712001e7621b6867b27b40bed\"},\"headline\":\"Eurecat completa un ciclo de 10 a\u00f1os de crecimiento continuado con un impacto acumulado de 1.250 millones en la econom\u00eda catalana\",\"datePublished\":\"2026-03-11T10:53:07+00:00\",\"dateModified\":\"2026-03-11T10:54:41+00:00\",\"mainEntityOfPage\":{\"@id\":\"https:\\\/\\\/eurecat.org\\\/es\\\/eurecat-completa-un-ciclo-de-10-anos-de-crecimiento-continuado-con-un-impacto-acumulado-de-1-250-millones-en-la-economia-catalana\\\/\"},\"wordCount\":2090,\"commentCount\":0,\"image\":{\"@id\":\"https:\\\/\\\/eurecat.org\\\/es\\\/eurecat-completa-un-ciclo-de-10-anos-de-crecimiento-continuado-con-un-impacto-acumulado-de-1-250-millones-en-la-economia-catalana\\\/#primaryimage\"},\"thumbnailUrl\":\"https:\\\/\\\/eurecat.org\\\/wp-content\\\/uploads\\\/2026\\\/03\\\/26_Eurecat.jpg\",\"articleSection\":[\"Corporativo\",\"Notas de prensa\"],\"inLanguage\":\"es\",\"potentialAction\":[{\"@type\":\"CommentAction\",\"name\":\"Comment\",\"target\":[\"https:\\\/\\\/eurecat.org\\\/es\\\/eurecat-completa-un-ciclo-de-10-anos-de-crecimiento-continuado-con-un-impacto-acumulado-de-1-250-millones-en-la-economia-catalana\\\/#respond\"]}]},{\"@type\":\"WebPage\",\"@id\":\"https:\\\/\\\/eurecat.org\\\/es\\\/eurecat-completa-un-ciclo-de-10-anos-de-crecimiento-continuado-con-un-impacto-acumulado-de-1-250-millones-en-la-economia-catalana\\\/\",\"url\":\"https:\\\/\\\/eurecat.org\\\/es\\\/eurecat-completa-un-ciclo-de-10-anos-de-crecimiento-continuado-con-un-impacto-acumulado-de-1-250-millones-en-la-economia-catalana\\\/\",\"name\":\"Eurecat completa un ciclo de 10 a\u00f1os de crecimiento continuado con un impacto acumulado de 1.250 millones en la econom\u00eda catalana - Eurecat\",\"isPartOf\":{\"@id\":\"https:\\\/\\\/eurecat.org\\\/es\\\/#website\"},\"primaryImageOfPage\":{\"@id\":\"https:\\\/\\\/eurecat.org\\\/es\\\/eurecat-completa-un-ciclo-de-10-anos-de-crecimiento-continuado-con-un-impacto-acumulado-de-1-250-millones-en-la-economia-catalana\\\/#primaryimage\"},\"image\":{\"@id\":\"https:\\\/\\\/eurecat.org\\\/es\\\/eurecat-completa-un-ciclo-de-10-anos-de-crecimiento-continuado-con-un-impacto-acumulado-de-1-250-millones-en-la-economia-catalana\\\/#primaryimage\"},\"thumbnailUrl\":\"https:\\\/\\\/eurecat.org\\\/wp-content\\\/uploads\\\/2026\\\/03\\\/26_Eurecat.jpg\",\"datePublished\":\"2026-03-11T10:53:07+00:00\",\"dateModified\":\"2026-03-11T10:54:41+00:00\",\"author\":{\"@id\":\"https:\\\/\\\/eurecat.org\\\/es\\\/#\\\/schema\\\/person\\\/99d4d39712001e7621b6867b27b40bed\"},\"breadcrumb\":{\"@id\":\"https:\\\/\\\/eurecat.org\\\/es\\\/eurecat-completa-un-ciclo-de-10-anos-de-crecimiento-continuado-con-un-impacto-acumulado-de-1-250-millones-en-la-economia-catalana\\\/#breadcrumb\"},\"inLanguage\":\"es\",\"potentialAction\":[{\"@type\":\"ReadAction\",\"target\":[\"https:\\\/\\\/eurecat.org\\\/es\\\/eurecat-completa-un-ciclo-de-10-anos-de-crecimiento-continuado-con-un-impacto-acumulado-de-1-250-millones-en-la-economia-catalana\\\/\"]}]},{\"@type\":\"ImageObject\",\"inLanguage\":\"es\",\"@id\":\"https:\\\/\\\/eurecat.org\\\/es\\\/eurecat-completa-un-ciclo-de-10-anos-de-crecimiento-continuado-con-un-impacto-acumulado-de-1-250-millones-en-la-economia-catalana\\\/#primaryimage\",\"url\":\"https:\\\/\\\/eurecat.org\\\/wp-content\\\/uploads\\\/2026\\\/03\\\/26_Eurecat.jpg\",\"contentUrl\":\"https:\\\/\\\/eurecat.org\\\/wp-content\\\/uploads\\\/2026\\\/03\\\/26_Eurecat.jpg\",\"width\":800,\"height\":533},{\"@type\":\"BreadcrumbList\",\"@id\":\"https:\\\/\\\/eurecat.org\\\/es\\\/eurecat-completa-un-ciclo-de-10-anos-de-crecimiento-continuado-con-un-impacto-acumulado-de-1-250-millones-en-la-economia-catalana\\\/#breadcrumb\",\"itemListElement\":[{\"@type\":\"ListItem\",\"position\":1,\"name\":\"Inici\",\"item\":\"https:\\\/\\\/eurecat.org\\\/es\\\/\"},{\"@type\":\"ListItem\",\"position\":2,\"name\":\"Eurecat completa un ciclo de 10 a\u00f1os de crecimiento continuado con un impacto acumulado de 1.250 millones en la econom\u00eda catalana\"}]},{\"@type\":\"WebSite\",\"@id\":\"https:\\\/\\\/eurecat.org\\\/es\\\/#website\",\"url\":\"https:\\\/\\\/eurecat.org\\\/es\\\/\",\"name\":\"Eurecat\",\"description\":\"Otro sitio realizado con WordPress\",\"potentialAction\":[{\"@type\":\"SearchAction\",\"target\":{\"@type\":\"EntryPoint\",\"urlTemplate\":\"https:\\\/\\\/eurecat.org\\\/es\\\/?s={search_term_string}\"},\"query-input\":{\"@type\":\"PropertyValueSpecification\",\"valueRequired\":true,\"valueName\":\"search_term_string\"}}],\"inLanguage\":\"es\"},{\"@type\":\"Person\",\"@id\":\"https:\\\/\\\/eurecat.org\\\/es\\\/#\\\/schema\\\/person\\\/99d4d39712001e7621b6867b27b40bed\",\"name\":\"EurecatEQZ\",\"image\":{\"@type\":\"ImageObject\",\"inLanguage\":\"es\",\"@id\":\"https:\\\/\\\/secure.gravatar.com\\\/avatar\\\/6deb26ca61bcc34263c59cc62bb8b08ff90b67af7f99943babf5d86396845993?s=96&d=mm&r=g\",\"url\":\"https:\\\/\\\/secure.gravatar.com\\\/avatar\\\/6deb26ca61bcc34263c59cc62bb8b08ff90b67af7f99943babf5d86396845993?s=96&d=mm&r=g\",\"contentUrl\":\"https:\\\/\\\/secure.gravatar.com\\\/avatar\\\/6deb26ca61bcc34263c59cc62bb8b08ff90b67af7f99943babf5d86396845993?s=96&d=mm&r=g\",\"caption\":\"EurecatEQZ\"}}]}<\/script>\n<!-- \/ Yoast SEO plugin. -->","yoast_head_json":{"title":"Eurecat completa un ciclo de 10 a\u00f1os de crecimiento continuado con un impacto acumulado de 1.250 millones en la econom\u00eda catalana - Eurecat","robots":{"index":"index","follow":"follow","max-snippet":"max-snippet:-1","max-image-preview":"max-image-preview:large","max-video-preview":"max-video-preview:-1"},"canonical":"https:\/\/eurecat.org\/es\/eurecat-completa-un-ciclo-de-10-anos-de-crecimiento-continuado-con-un-impacto-acumulado-de-1-250-millones-en-la-economia-catalana\/","og_locale":"es_ES","og_type":"article","og_title":"Eurecat completa un ciclo de 10 a\u00f1os de crecimiento continuado con un impacto acumulado de 1.250 millones en la econom\u00eda catalana - Eurecat","og_url":"https:\/\/eurecat.org\/es\/eurecat-completa-un-ciclo-de-10-anos-de-crecimiento-continuado-con-un-impacto-acumulado-de-1-250-millones-en-la-economia-catalana\/","og_site_name":"Eurecat","article_published_time":"2026-03-11T10:53:07+00:00","article_modified_time":"2026-03-11T10:54:41+00:00","og_image":[{"width":800,"height":533,"url":"https:\/\/eurecat.org\/wp-content\/uploads\/2026\/03\/26_Eurecat.jpg","type":"image\/jpeg"}],"author":"EurecatEQZ","twitter_card":"summary_large_image","twitter_misc":{"Escrito por":"EurecatEQZ","Tiempo de lectura":"5 minutos"},"schema":{"@context":"https:\/\/schema.org","@graph":[{"@type":"Article","@id":"https:\/\/eurecat.org\/es\/eurecat-completa-un-ciclo-de-10-anos-de-crecimiento-continuado-con-un-impacto-acumulado-de-1-250-millones-en-la-economia-catalana\/#article","isPartOf":{"@id":"https:\/\/eurecat.org\/es\/eurecat-completa-un-ciclo-de-10-anos-de-crecimiento-continuado-con-un-impacto-acumulado-de-1-250-millones-en-la-economia-catalana\/"},"author":{"name":"EurecatEQZ","@id":"https:\/\/eurecat.org\/es\/#\/schema\/person\/99d4d39712001e7621b6867b27b40bed"},"headline":"Eurecat completa un ciclo de 10 a\u00f1os de crecimiento continuado con un impacto acumulado de 1.250 millones en la econom\u00eda catalana","datePublished":"2026-03-11T10:53:07+00:00","dateModified":"2026-03-11T10:54:41+00:00","mainEntityOfPage":{"@id":"https:\/\/eurecat.org\/es\/eurecat-completa-un-ciclo-de-10-anos-de-crecimiento-continuado-con-un-impacto-acumulado-de-1-250-millones-en-la-economia-catalana\/"},"wordCount":2090,"commentCount":0,"image":{"@id":"https:\/\/eurecat.org\/es\/eurecat-completa-un-ciclo-de-10-anos-de-crecimiento-continuado-con-un-impacto-acumulado-de-1-250-millones-en-la-economia-catalana\/#primaryimage"},"thumbnailUrl":"https:\/\/eurecat.org\/wp-content\/uploads\/2026\/03\/26_Eurecat.jpg","articleSection":["Corporativo","Notas de prensa"],"inLanguage":"es","potentialAction":[{"@type":"CommentAction","name":"Comment","target":["https:\/\/eurecat.org\/es\/eurecat-completa-un-ciclo-de-10-anos-de-crecimiento-continuado-con-un-impacto-acumulado-de-1-250-millones-en-la-economia-catalana\/#respond"]}]},{"@type":"WebPage","@id":"https:\/\/eurecat.org\/es\/eurecat-completa-un-ciclo-de-10-anos-de-crecimiento-continuado-con-un-impacto-acumulado-de-1-250-millones-en-la-economia-catalana\/","url":"https:\/\/eurecat.org\/es\/eurecat-completa-un-ciclo-de-10-anos-de-crecimiento-continuado-con-un-impacto-acumulado-de-1-250-millones-en-la-economia-catalana\/","name":"Eurecat completa un ciclo de 10 a\u00f1os de crecimiento continuado con un impacto acumulado de 1.250 millones en la econom\u00eda catalana - Eurecat","isPartOf":{"@id":"https:\/\/eurecat.org\/es\/#website"},"primaryImageOfPage":{"@id":"https:\/\/eurecat.org\/es\/eurecat-completa-un-ciclo-de-10-anos-de-crecimiento-continuado-con-un-impacto-acumulado-de-1-250-millones-en-la-economia-catalana\/#primaryimage"},"image":{"@id":"https:\/\/eurecat.org\/es\/eurecat-completa-un-ciclo-de-10-anos-de-crecimiento-continuado-con-un-impacto-acumulado-de-1-250-millones-en-la-economia-catalana\/#primaryimage"},"thumbnailUrl":"https:\/\/eurecat.org\/wp-content\/uploads\/2026\/03\/26_Eurecat.jpg","datePublished":"2026-03-11T10:53:07+00:00","dateModified":"2026-03-11T10:54:41+00:00","author":{"@id":"https:\/\/eurecat.org\/es\/#\/schema\/person\/99d4d39712001e7621b6867b27b40bed"},"breadcrumb":{"@id":"https:\/\/eurecat.org\/es\/eurecat-completa-un-ciclo-de-10-anos-de-crecimiento-continuado-con-un-impacto-acumulado-de-1-250-millones-en-la-economia-catalana\/#breadcrumb"},"inLanguage":"es","potentialAction":[{"@type":"ReadAction","target":["https:\/\/eurecat.org\/es\/eurecat-completa-un-ciclo-de-10-anos-de-crecimiento-continuado-con-un-impacto-acumulado-de-1-250-millones-en-la-economia-catalana\/"]}]},{"@type":"ImageObject","inLanguage":"es","@id":"https:\/\/eurecat.org\/es\/eurecat-completa-un-ciclo-de-10-anos-de-crecimiento-continuado-con-un-impacto-acumulado-de-1-250-millones-en-la-economia-catalana\/#primaryimage","url":"https:\/\/eurecat.org\/wp-content\/uploads\/2026\/03\/26_Eurecat.jpg","contentUrl":"https:\/\/eurecat.org\/wp-content\/uploads\/2026\/03\/26_Eurecat.jpg","width":800,"height":533},{"@type":"BreadcrumbList","@id":"https:\/\/eurecat.org\/es\/eurecat-completa-un-ciclo-de-10-anos-de-crecimiento-continuado-con-un-impacto-acumulado-de-1-250-millones-en-la-economia-catalana\/#breadcrumb","itemListElement":[{"@type":"ListItem","position":1,"name":"Inici","item":"https:\/\/eurecat.org\/es\/"},{"@type":"ListItem","position":2,"name":"Eurecat completa un ciclo de 10 a\u00f1os de crecimiento continuado con un impacto acumulado de 1.250 millones en la econom\u00eda catalana"}]},{"@type":"WebSite","@id":"https:\/\/eurecat.org\/es\/#website","url":"https:\/\/eurecat.org\/es\/","name":"Eurecat","description":"Otro sitio realizado con WordPress","potentialAction":[{"@type":"SearchAction","target":{"@type":"EntryPoint","urlTemplate":"https:\/\/eurecat.org\/es\/?s={search_term_string}"},"query-input":{"@type":"PropertyValueSpecification","valueRequired":true,"valueName":"search_term_string"}}],"inLanguage":"es"},{"@type":"Person","@id":"https:\/\/eurecat.org\/es\/#\/schema\/person\/99d4d39712001e7621b6867b27b40bed","name":"EurecatEQZ","image":{"@type":"ImageObject","inLanguage":"es","@id":"https:\/\/secure.gravatar.com\/avatar\/6deb26ca61bcc34263c59cc62bb8b08ff90b67af7f99943babf5d86396845993?s=96&d=mm&r=g","url":"https:\/\/secure.gravatar.com\/avatar\/6deb26ca61bcc34263c59cc62bb8b08ff90b67af7f99943babf5d86396845993?s=96&d=mm&r=g","contentUrl":"https:\/\/secure.gravatar.com\/avatar\/6deb26ca61bcc34263c59cc62bb8b08ff90b67af7f99943babf5d86396845993?s=96&d=mm&r=g","caption":"EurecatEQZ"}}]}},"_links":{"self":[{"href":"https:\/\/eurecat.org\/es\/wp-json\/wp\/v2\/posts\/194158","targetHints":{"allow":["GET"]}}],"collection":[{"href":"https:\/\/eurecat.org\/es\/wp-json\/wp\/v2\/posts"}],"about":[{"href":"https:\/\/eurecat.org\/es\/wp-json\/wp\/v2\/types\/post"}],"author":[{"embeddable":true,"href":"https:\/\/eurecat.org\/es\/wp-json\/wp\/v2\/users\/20"}],"replies":[{"embeddable":true,"href":"https:\/\/eurecat.org\/es\/wp-json\/wp\/v2\/comments?post=194158"}],"version-history":[{"count":1,"href":"https:\/\/eurecat.org\/es\/wp-json\/wp\/v2\/posts\/194158\/revisions"}],"predecessor-version":[{"id":194159,"href":"https:\/\/eurecat.org\/es\/wp-json\/wp\/v2\/posts\/194158\/revisions\/194159"}],"wp:featuredmedia":[{"embeddable":true,"href":"https:\/\/eurecat.org\/es\/wp-json\/wp\/v2\/media\/194156"}],"wp:attachment":[{"href":"https:\/\/eurecat.org\/es\/wp-json\/wp\/v2\/media?parent=194158"}],"wp:term":[{"taxonomy":"category","embeddable":true,"href":"https:\/\/eurecat.org\/es\/wp-json\/wp\/v2\/categories?post=194158"},{"taxonomy":"post_tag","embeddable":true,"href":"https:\/\/eurecat.org\/es\/wp-json\/wp\/v2\/tags?post=194158"}],"curies":[{"name":"wp","href":"https:\/\/api.w.org\/{rel}","templated":true}]}}