{"id":194576,"date":"2026-03-20T10:46:21","date_gmt":"2026-03-20T09:46:21","guid":{"rendered":"https:\/\/eurecat.org\/?p=194576"},"modified":"2026-03-20T15:04:54","modified_gmt":"2026-03-20T14:04:54","slug":"eurecat-impulsa-nuevas-oficinas-acelera-pyme-en-girona-tarragona-y-malaga-para-acelerar-la-digitalizacion-empresarial","status":"publish","type":"post","link":"https:\/\/eurecat.org\/es\/eurecat-impulsa-nuevas-oficinas-acelera-pyme-en-girona-tarragona-y-malaga-para-acelerar-la-digitalizacion-empresarial\/","title":{"rendered":"Eurecat impulsa nuevas Oficinas Acelera Pyme en Girona, Tarragona y M\u00e1laga para acelerar la digitalizaci\u00f3n empresarial"},"content":{"rendered":"<div class=\"fusion-fullwidth fullwidth-box fusion-builder-row-1 fusion-flex-container has-pattern-background has-mask-background nonhundred-percent-fullwidth non-hundred-percent-height-scrolling\" style=\"--awb-border-radius-top-left:0px;--awb-border-radius-top-right:0px;--awb-border-radius-bottom-right:0px;--awb-border-radius-bottom-left:0px;--awb-flex-wrap:wrap;\" ><div class=\"fusion-builder-row fusion-row fusion-flex-align-items-flex-start fusion-flex-content-wrap\" style=\"max-width:1424.8px;margin-left: calc(-4% \/ 2 );margin-right: calc(-4% \/ 2 );\"><div class=\"fusion-layout-column fusion_builder_column fusion-builder-column-0 fusion_builder_column_1_1 1_1 fusion-flex-column\" style=\"--awb-bg-size:cover;--awb-width-large:100%;--awb-margin-top-large:0px;--awb-spacing-right-large:1.92%;--awb-margin-bottom-large:20px;--awb-spacing-left-large:1.92%;--awb-width-medium:100%;--awb-order-medium:0;--awb-spacing-right-medium:1.92%;--awb-spacing-left-medium:1.92%;--awb-width-small:100%;--awb-order-small:0;--awb-spacing-right-small:1.92%;--awb-spacing-left-small:1.92%;\"><div class=\"fusion-column-wrapper fusion-column-has-shadow fusion-flex-justify-content-flex-start fusion-content-layout-column\"><div class=\"fusion-text fusion-text-1\"><p>El centro tecnol\u00f3gico Eurecat ha puesto en marcha una nueva fase del proyecto Oficinas Acelera Pyme con la apertura de tres oficinas ubicadas en <a href=\"https:\/\/acelerapymegirona.eurecat.org\/\" target=\"_blank\" rel=\"noopener\">Girona<\/a>, <a href=\"https:\/\/acelerapymetarragona.eurecat.org\/\" target=\"_blank\" rel=\"noopener\">Tarragona<\/a> y <a href=\"https:\/\/acelerapymemalaga.eurecat.org\/\" target=\"_blank\" rel=\"noopener\">M\u00e1laga<\/a>, con el objetivo de impulsar la transformaci\u00f3n digital de las peque\u00f1as y medianas empresas de estos territorios.<\/p>\n<p>Esta iniciativa \u201cda continuidad al trabajo que Eurecat viene desarrollando desde hace a\u00f1os en el marco del programa Acelera Pyme, acompa\u00f1ando a las empresas en su proceso de digitalizaci\u00f3n mediante servicios especializados de asesoramiento, diagn\u00f3stico tecnol\u00f3gico y capacitaci\u00f3n\u201d, explica el responsable de la L\u00ednea de Transformaci\u00f3n Digital del departamento de Consultor\u00eda de Eurecat, Llu\u00eds Surroca.<\/p>\n<p>Con esta nueva etapa, Eurecat \u201crefuerza su compromiso con el tejido empresarial local y ampl\u00eda su capacidad de apoyo a las pymes para mejorar su competitividad a trav\u00e9s de la adopci\u00f3n de tecnolog\u00edas digitales\u201d, a\u00f1ade Llu\u00eds Surroca.<\/p>\n<p>Las nuevas oficinas ofrecer\u00e1n a las empresas un amplio abanico de servicios adaptados a sus necesidades, entre los que destacan el diagn\u00f3stico del nivel de madurez digital, el asesoramiento personalizado para definir hojas de ruta de digitalizaci\u00f3n y el acompa\u00f1amiento en la identificaci\u00f3n e implementaci\u00f3n de soluciones tecnol\u00f3gicas. Asimismo, las pymes podr\u00e1n acceder a orientaci\u00f3n sobre herramientas y tecnolog\u00edas clave como la anal\u00edtica de datos, la inteligencia artificial, la ciberseguridad, la automatizaci\u00f3n de procesos o las soluciones de industria 4.0, entre otras.<\/p>\n<p>El proyecto se apoya en el conocimiento y la experiencia del equipo multidisciplinar de Eurecat en diferentes \u00e1mbitos de la digitalizaci\u00f3n empresarial, y ofrece una visi\u00f3n integral de las oportunidades tecnol\u00f3gicas y facilita la adopci\u00f3n de soluciones adaptadas a cada sector y tama\u00f1o de empresa.<\/p>\n<p>Adem\u00e1s, las Oficinas Acelera Pyme pondr\u00e1n en marcha una oferta formativa especializada dirigida a las pymes del territorio, que combinar\u00e1 actividades presenciales y online. Esta programaci\u00f3n incluir\u00e1 talleres pr\u00e1cticos, jornadas t\u00e9cnicas, seminarios y sesiones divulgativas orientadas a acercar las tecnolog\u00edas digitales a las empresas y facilitar su aplicaci\u00f3n en entornos reales de negocio.<\/p>\n<p>Con esta iniciativa, Eurecat \u201cconsolida su papel como agente de referencia en el impulso de la innovaci\u00f3n y la digitalizaci\u00f3n empresarial, y pone a disposici\u00f3n de las pymes su experiencia tecnol\u00f3gica y su capacidad de transferencia de conocimiento para contribuir al desarrollo econ\u00f3mico y a la transformaci\u00f3n digital del tejido productivo\u201d, destaca Llu\u00eds Surroca.<\/p>\n<p>Las Oficinas Acelera Pyme puestas en marcha en toda Espa\u00f1a por\u00a0Red.es, entidad p\u00fablica adscrita al Ministerio para la Transformaci\u00f3n Digital y de la Funci\u00f3n P\u00fablica a trav\u00e9s de la Secretar\u00eda de Estado de Digitalizaci\u00f3n e Inteligencia Artificial, cuentan en su convocatoria 2025 con un importe de ayuda concedida de m\u00e1s de 29 millones de euros para impulsar la digitalizaci\u00f3n de pymes, aut\u00f3nomos y emprendedores. El importe de la ayuda m\u00e1xima es del 80 por ciento del presupuesto subvencionable y est\u00e1 financiada por la Uni\u00f3n Europea, Fondos Europeos de Desarrollo Regional (FEDER) del periodo 21-27.<\/p>\n<\/div><\/div><\/div><\/div><\/div>\n","protected":false},"excerpt":{"rendered":"","protected":false},"author":20,"featured_media":194571,"comment_status":"open","ping_status":"closed","sticky":false,"template":"","format":"standard","meta":{"footnotes":""},"categories":[394,134],"tags":[],"class_list":["post-194576","post","type-post","status-publish","format-standard","has-post-thumbnail","hentry","category-consultoria-es","category-notas-de-prensa"],"yoast_head":"<!-- This site is optimized with the Yoast SEO plugin v27.4 - https:\/\/yoast.com\/product\/yoast-seo-wordpress\/ -->\n<title>Eurecat impulsa nuevas Oficinas Acelera Pyme en Girona, Tarragona y M\u00e1laga para acelerar la digitalizaci\u00f3n empresarial - Eurecat<\/title>\n<meta name=\"robots\" content=\"index, follow, max-snippet:-1, max-image-preview:large, max-video-preview:-1\" \/>\n<link rel=\"canonical\" href=\"https:\/\/eurecat.org\/es\/eurecat-impulsa-nuevas-oficinas-acelera-pyme-en-girona-tarragona-y-malaga-para-acelerar-la-digitalizacion-empresarial\/\" \/>\n<meta property=\"og:locale\" content=\"es_ES\" \/>\n<meta property=\"og:type\" content=\"article\" \/>\n<meta property=\"og:title\" content=\"Eurecat impulsa nuevas Oficinas Acelera Pyme en Girona, Tarragona y M\u00e1laga para acelerar la digitalizaci\u00f3n empresarial - Eurecat\" \/>\n<meta property=\"og:url\" content=\"https:\/\/eurecat.org\/es\/eurecat-impulsa-nuevas-oficinas-acelera-pyme-en-girona-tarragona-y-malaga-para-acelerar-la-digitalizacion-empresarial\/\" \/>\n<meta property=\"og:site_name\" content=\"Eurecat\" \/>\n<meta property=\"article:published_time\" content=\"2026-03-20T09:46:21+00:00\" \/>\n<meta property=\"article:modified_time\" content=\"2026-03-20T14:04:54+00:00\" \/>\n<meta property=\"og:image\" content=\"https:\/\/eurecat.org\/wp-content\/uploads\/2026\/03\/26_ACELERA_PYME.jpg\" \/>\n\t<meta property=\"og:image:width\" content=\"800\" \/>\n\t<meta property=\"og:image:height\" content=\"533\" \/>\n\t<meta property=\"og:image:type\" content=\"image\/jpeg\" \/>\n<meta name=\"author\" content=\"EurecatEQZ\" \/>\n<meta name=\"twitter:card\" content=\"summary_large_image\" \/>\n<meta name=\"twitter:label1\" content=\"Escrito por\" \/>\n\t<meta name=\"twitter:data1\" content=\"EurecatEQZ\" \/>\n\t<meta name=\"twitter:label2\" content=\"Tiempo de lectura\" \/>\n\t<meta name=\"twitter:data2\" content=\"3 minutos\" \/>\n<script type=\"application\/ld+json\" class=\"yoast-schema-graph\">{\"@context\":\"https:\\\/\\\/schema.org\",\"@graph\":[{\"@type\":\"Article\",\"@id\":\"https:\\\/\\\/eurecat.org\\\/es\\\/eurecat-impulsa-nuevas-oficinas-acelera-pyme-en-girona-tarragona-y-malaga-para-acelerar-la-digitalizacion-empresarial\\\/#article\",\"isPartOf\":{\"@id\":\"https:\\\/\\\/eurecat.org\\\/es\\\/eurecat-impulsa-nuevas-oficinas-acelera-pyme-en-girona-tarragona-y-malaga-para-acelerar-la-digitalizacion-empresarial\\\/\"},\"author\":{\"name\":\"EurecatEQZ\",\"@id\":\"https:\\\/\\\/eurecat.org\\\/es\\\/#\\\/schema\\\/person\\\/99d4d39712001e7621b6867b27b40bed\"},\"headline\":\"Eurecat impulsa nuevas Oficinas Acelera Pyme en Girona, Tarragona y M\u00e1laga para acelerar la digitalizaci\u00f3n empresarial\",\"datePublished\":\"2026-03-20T09:46:21+00:00\",\"dateModified\":\"2026-03-20T14:04:54+00:00\",\"mainEntityOfPage\":{\"@id\":\"https:\\\/\\\/eurecat.org\\\/es\\\/eurecat-impulsa-nuevas-oficinas-acelera-pyme-en-girona-tarragona-y-malaga-para-acelerar-la-digitalizacion-empresarial\\\/\"},\"wordCount\":1710,\"commentCount\":0,\"image\":{\"@id\":\"https:\\\/\\\/eurecat.org\\\/es\\\/eurecat-impulsa-nuevas-oficinas-acelera-pyme-en-girona-tarragona-y-malaga-para-acelerar-la-digitalizacion-empresarial\\\/#primaryimage\"},\"thumbnailUrl\":\"https:\\\/\\\/eurecat.org\\\/wp-content\\\/uploads\\\/2026\\\/03\\\/26_ACELERA_PYME.jpg\",\"articleSection\":[\"Consultor\u00eda\",\"Notas de prensa\"],\"inLanguage\":\"es\",\"potentialAction\":[{\"@type\":\"CommentAction\",\"name\":\"Comment\",\"target\":[\"https:\\\/\\\/eurecat.org\\\/es\\\/eurecat-impulsa-nuevas-oficinas-acelera-pyme-en-girona-tarragona-y-malaga-para-acelerar-la-digitalizacion-empresarial\\\/#respond\"]}]},{\"@type\":\"WebPage\",\"@id\":\"https:\\\/\\\/eurecat.org\\\/es\\\/eurecat-impulsa-nuevas-oficinas-acelera-pyme-en-girona-tarragona-y-malaga-para-acelerar-la-digitalizacion-empresarial\\\/\",\"url\":\"https:\\\/\\\/eurecat.org\\\/es\\\/eurecat-impulsa-nuevas-oficinas-acelera-pyme-en-girona-tarragona-y-malaga-para-acelerar-la-digitalizacion-empresarial\\\/\",\"name\":\"Eurecat impulsa nuevas Oficinas Acelera Pyme en Girona, Tarragona y M\u00e1laga para acelerar la digitalizaci\u00f3n empresarial - Eurecat\",\"isPartOf\":{\"@id\":\"https:\\\/\\\/eurecat.org\\\/es\\\/#website\"},\"primaryImageOfPage\":{\"@id\":\"https:\\\/\\\/eurecat.org\\\/es\\\/eurecat-impulsa-nuevas-oficinas-acelera-pyme-en-girona-tarragona-y-malaga-para-acelerar-la-digitalizacion-empresarial\\\/#primaryimage\"},\"image\":{\"@id\":\"https:\\\/\\\/eurecat.org\\\/es\\\/eurecat-impulsa-nuevas-oficinas-acelera-pyme-en-girona-tarragona-y-malaga-para-acelerar-la-digitalizacion-empresarial\\\/#primaryimage\"},\"thumbnailUrl\":\"https:\\\/\\\/eurecat.org\\\/wp-content\\\/uploads\\\/2026\\\/03\\\/26_ACELERA_PYME.jpg\",\"datePublished\":\"2026-03-20T09:46:21+00:00\",\"dateModified\":\"2026-03-20T14:04:54+00:00\",\"author\":{\"@id\":\"https:\\\/\\\/eurecat.org\\\/es\\\/#\\\/schema\\\/person\\\/99d4d39712001e7621b6867b27b40bed\"},\"breadcrumb\":{\"@id\":\"https:\\\/\\\/eurecat.org\\\/es\\\/eurecat-impulsa-nuevas-oficinas-acelera-pyme-en-girona-tarragona-y-malaga-para-acelerar-la-digitalizacion-empresarial\\\/#breadcrumb\"},\"inLanguage\":\"es\",\"potentialAction\":[{\"@type\":\"ReadAction\",\"target\":[\"https:\\\/\\\/eurecat.org\\\/es\\\/eurecat-impulsa-nuevas-oficinas-acelera-pyme-en-girona-tarragona-y-malaga-para-acelerar-la-digitalizacion-empresarial\\\/\"]}]},{\"@type\":\"ImageObject\",\"inLanguage\":\"es\",\"@id\":\"https:\\\/\\\/eurecat.org\\\/es\\\/eurecat-impulsa-nuevas-oficinas-acelera-pyme-en-girona-tarragona-y-malaga-para-acelerar-la-digitalizacion-empresarial\\\/#primaryimage\",\"url\":\"https:\\\/\\\/eurecat.org\\\/wp-content\\\/uploads\\\/2026\\\/03\\\/26_ACELERA_PYME.jpg\",\"contentUrl\":\"https:\\\/\\\/eurecat.org\\\/wp-content\\\/uploads\\\/2026\\\/03\\\/26_ACELERA_PYME.jpg\",\"width\":800,\"height\":533},{\"@type\":\"BreadcrumbList\",\"@id\":\"https:\\\/\\\/eurecat.org\\\/es\\\/eurecat-impulsa-nuevas-oficinas-acelera-pyme-en-girona-tarragona-y-malaga-para-acelerar-la-digitalizacion-empresarial\\\/#breadcrumb\",\"itemListElement\":[{\"@type\":\"ListItem\",\"position\":1,\"name\":\"Inici\",\"item\":\"https:\\\/\\\/eurecat.org\\\/es\\\/\"},{\"@type\":\"ListItem\",\"position\":2,\"name\":\"Eurecat impulsa nuevas Oficinas Acelera Pyme en Girona, Tarragona y M\u00e1laga para acelerar la digitalizaci\u00f3n empresarial\"}]},{\"@type\":\"WebSite\",\"@id\":\"https:\\\/\\\/eurecat.org\\\/es\\\/#website\",\"url\":\"https:\\\/\\\/eurecat.org\\\/es\\\/\",\"name\":\"Eurecat\",\"description\":\"Otro sitio realizado con WordPress\",\"potentialAction\":[{\"@type\":\"SearchAction\",\"target\":{\"@type\":\"EntryPoint\",\"urlTemplate\":\"https:\\\/\\\/eurecat.org\\\/es\\\/?s={search_term_string}\"},\"query-input\":{\"@type\":\"PropertyValueSpecification\",\"valueRequired\":true,\"valueName\":\"search_term_string\"}}],\"inLanguage\":\"es\"},{\"@type\":\"Person\",\"@id\":\"https:\\\/\\\/eurecat.org\\\/es\\\/#\\\/schema\\\/person\\\/99d4d39712001e7621b6867b27b40bed\",\"name\":\"EurecatEQZ\",\"image\":{\"@type\":\"ImageObject\",\"inLanguage\":\"es\",\"@id\":\"https:\\\/\\\/secure.gravatar.com\\\/avatar\\\/6deb26ca61bcc34263c59cc62bb8b08ff90b67af7f99943babf5d86396845993?s=96&d=mm&r=g\",\"url\":\"https:\\\/\\\/secure.gravatar.com\\\/avatar\\\/6deb26ca61bcc34263c59cc62bb8b08ff90b67af7f99943babf5d86396845993?s=96&d=mm&r=g\",\"contentUrl\":\"https:\\\/\\\/secure.gravatar.com\\\/avatar\\\/6deb26ca61bcc34263c59cc62bb8b08ff90b67af7f99943babf5d86396845993?s=96&d=mm&r=g\",\"caption\":\"EurecatEQZ\"}}]}<\/script>\n<!-- \/ Yoast SEO plugin. -->","yoast_head_json":{"title":"Eurecat impulsa nuevas Oficinas Acelera Pyme en Girona, Tarragona y M\u00e1laga para acelerar la digitalizaci\u00f3n empresarial - Eurecat","robots":{"index":"index","follow":"follow","max-snippet":"max-snippet:-1","max-image-preview":"max-image-preview:large","max-video-preview":"max-video-preview:-1"},"canonical":"https:\/\/eurecat.org\/es\/eurecat-impulsa-nuevas-oficinas-acelera-pyme-en-girona-tarragona-y-malaga-para-acelerar-la-digitalizacion-empresarial\/","og_locale":"es_ES","og_type":"article","og_title":"Eurecat impulsa nuevas Oficinas Acelera Pyme en Girona, Tarragona y M\u00e1laga para acelerar la digitalizaci\u00f3n empresarial - Eurecat","og_url":"https:\/\/eurecat.org\/es\/eurecat-impulsa-nuevas-oficinas-acelera-pyme-en-girona-tarragona-y-malaga-para-acelerar-la-digitalizacion-empresarial\/","og_site_name":"Eurecat","article_published_time":"2026-03-20T09:46:21+00:00","article_modified_time":"2026-03-20T14:04:54+00:00","og_image":[{"width":800,"height":533,"url":"https:\/\/eurecat.org\/wp-content\/uploads\/2026\/03\/26_ACELERA_PYME.jpg","type":"image\/jpeg"}],"author":"EurecatEQZ","twitter_card":"summary_large_image","twitter_misc":{"Escrito por":"EurecatEQZ","Tiempo de lectura":"3 minutos"},"schema":{"@context":"https:\/\/schema.org","@graph":[{"@type":"Article","@id":"https:\/\/eurecat.org\/es\/eurecat-impulsa-nuevas-oficinas-acelera-pyme-en-girona-tarragona-y-malaga-para-acelerar-la-digitalizacion-empresarial\/#article","isPartOf":{"@id":"https:\/\/eurecat.org\/es\/eurecat-impulsa-nuevas-oficinas-acelera-pyme-en-girona-tarragona-y-malaga-para-acelerar-la-digitalizacion-empresarial\/"},"author":{"name":"EurecatEQZ","@id":"https:\/\/eurecat.org\/es\/#\/schema\/person\/99d4d39712001e7621b6867b27b40bed"},"headline":"Eurecat impulsa nuevas Oficinas Acelera Pyme en Girona, Tarragona y M\u00e1laga para acelerar la digitalizaci\u00f3n empresarial","datePublished":"2026-03-20T09:46:21+00:00","dateModified":"2026-03-20T14:04:54+00:00","mainEntityOfPage":{"@id":"https:\/\/eurecat.org\/es\/eurecat-impulsa-nuevas-oficinas-acelera-pyme-en-girona-tarragona-y-malaga-para-acelerar-la-digitalizacion-empresarial\/"},"wordCount":1710,"commentCount":0,"image":{"@id":"https:\/\/eurecat.org\/es\/eurecat-impulsa-nuevas-oficinas-acelera-pyme-en-girona-tarragona-y-malaga-para-acelerar-la-digitalizacion-empresarial\/#primaryimage"},"thumbnailUrl":"https:\/\/eurecat.org\/wp-content\/uploads\/2026\/03\/26_ACELERA_PYME.jpg","articleSection":["Consultor\u00eda","Notas de prensa"],"inLanguage":"es","potentialAction":[{"@type":"CommentAction","name":"Comment","target":["https:\/\/eurecat.org\/es\/eurecat-impulsa-nuevas-oficinas-acelera-pyme-en-girona-tarragona-y-malaga-para-acelerar-la-digitalizacion-empresarial\/#respond"]}]},{"@type":"WebPage","@id":"https:\/\/eurecat.org\/es\/eurecat-impulsa-nuevas-oficinas-acelera-pyme-en-girona-tarragona-y-malaga-para-acelerar-la-digitalizacion-empresarial\/","url":"https:\/\/eurecat.org\/es\/eurecat-impulsa-nuevas-oficinas-acelera-pyme-en-girona-tarragona-y-malaga-para-acelerar-la-digitalizacion-empresarial\/","name":"Eurecat impulsa nuevas Oficinas Acelera Pyme en Girona, Tarragona y M\u00e1laga para acelerar la digitalizaci\u00f3n empresarial - Eurecat","isPartOf":{"@id":"https:\/\/eurecat.org\/es\/#website"},"primaryImageOfPage":{"@id":"https:\/\/eurecat.org\/es\/eurecat-impulsa-nuevas-oficinas-acelera-pyme-en-girona-tarragona-y-malaga-para-acelerar-la-digitalizacion-empresarial\/#primaryimage"},"image":{"@id":"https:\/\/eurecat.org\/es\/eurecat-impulsa-nuevas-oficinas-acelera-pyme-en-girona-tarragona-y-malaga-para-acelerar-la-digitalizacion-empresarial\/#primaryimage"},"thumbnailUrl":"https:\/\/eurecat.org\/wp-content\/uploads\/2026\/03\/26_ACELERA_PYME.jpg","datePublished":"2026-03-20T09:46:21+00:00","dateModified":"2026-03-20T14:04:54+00:00","author":{"@id":"https:\/\/eurecat.org\/es\/#\/schema\/person\/99d4d39712001e7621b6867b27b40bed"},"breadcrumb":{"@id":"https:\/\/eurecat.org\/es\/eurecat-impulsa-nuevas-oficinas-acelera-pyme-en-girona-tarragona-y-malaga-para-acelerar-la-digitalizacion-empresarial\/#breadcrumb"},"inLanguage":"es","potentialAction":[{"@type":"ReadAction","target":["https:\/\/eurecat.org\/es\/eurecat-impulsa-nuevas-oficinas-acelera-pyme-en-girona-tarragona-y-malaga-para-acelerar-la-digitalizacion-empresarial\/"]}]},{"@type":"ImageObject","inLanguage":"es","@id":"https:\/\/eurecat.org\/es\/eurecat-impulsa-nuevas-oficinas-acelera-pyme-en-girona-tarragona-y-malaga-para-acelerar-la-digitalizacion-empresarial\/#primaryimage","url":"https:\/\/eurecat.org\/wp-content\/uploads\/2026\/03\/26_ACELERA_PYME.jpg","contentUrl":"https:\/\/eurecat.org\/wp-content\/uploads\/2026\/03\/26_ACELERA_PYME.jpg","width":800,"height":533},{"@type":"BreadcrumbList","@id":"https:\/\/eurecat.org\/es\/eurecat-impulsa-nuevas-oficinas-acelera-pyme-en-girona-tarragona-y-malaga-para-acelerar-la-digitalizacion-empresarial\/#breadcrumb","itemListElement":[{"@type":"ListItem","position":1,"name":"Inici","item":"https:\/\/eurecat.org\/es\/"},{"@type":"ListItem","position":2,"name":"Eurecat impulsa nuevas Oficinas Acelera Pyme en Girona, Tarragona y M\u00e1laga para acelerar la digitalizaci\u00f3n empresarial"}]},{"@type":"WebSite","@id":"https:\/\/eurecat.org\/es\/#website","url":"https:\/\/eurecat.org\/es\/","name":"Eurecat","description":"Otro sitio realizado con WordPress","potentialAction":[{"@type":"SearchAction","target":{"@type":"EntryPoint","urlTemplate":"https:\/\/eurecat.org\/es\/?s={search_term_string}"},"query-input":{"@type":"PropertyValueSpecification","valueRequired":true,"valueName":"search_term_string"}}],"inLanguage":"es"},{"@type":"Person","@id":"https:\/\/eurecat.org\/es\/#\/schema\/person\/99d4d39712001e7621b6867b27b40bed","name":"EurecatEQZ","image":{"@type":"ImageObject","inLanguage":"es","@id":"https:\/\/secure.gravatar.com\/avatar\/6deb26ca61bcc34263c59cc62bb8b08ff90b67af7f99943babf5d86396845993?s=96&d=mm&r=g","url":"https:\/\/secure.gravatar.com\/avatar\/6deb26ca61bcc34263c59cc62bb8b08ff90b67af7f99943babf5d86396845993?s=96&d=mm&r=g","contentUrl":"https:\/\/secure.gravatar.com\/avatar\/6deb26ca61bcc34263c59cc62bb8b08ff90b67af7f99943babf5d86396845993?s=96&d=mm&r=g","caption":"EurecatEQZ"}}]}},"_links":{"self":[{"href":"https:\/\/eurecat.org\/es\/wp-json\/wp\/v2\/posts\/194576","targetHints":{"allow":["GET"]}}],"collection":[{"href":"https:\/\/eurecat.org\/es\/wp-json\/wp\/v2\/posts"}],"about":[{"href":"https:\/\/eurecat.org\/es\/wp-json\/wp\/v2\/types\/post"}],"author":[{"embeddable":true,"href":"https:\/\/eurecat.org\/es\/wp-json\/wp\/v2\/users\/20"}],"replies":[{"embeddable":true,"href":"https:\/\/eurecat.org\/es\/wp-json\/wp\/v2\/comments?post=194576"}],"version-history":[{"count":1,"href":"https:\/\/eurecat.org\/es\/wp-json\/wp\/v2\/posts\/194576\/revisions"}],"predecessor-version":[{"id":194591,"href":"https:\/\/eurecat.org\/es\/wp-json\/wp\/v2\/posts\/194576\/revisions\/194591"}],"wp:featuredmedia":[{"embeddable":true,"href":"https:\/\/eurecat.org\/es\/wp-json\/wp\/v2\/media\/194571"}],"wp:attachment":[{"href":"https:\/\/eurecat.org\/es\/wp-json\/wp\/v2\/media?parent=194576"}],"wp:term":[{"taxonomy":"category","embeddable":true,"href":"https:\/\/eurecat.org\/es\/wp-json\/wp\/v2\/categories?post=194576"},{"taxonomy":"post_tag","embeddable":true,"href":"https:\/\/eurecat.org\/es\/wp-json\/wp\/v2\/tags?post=194576"}],"curies":[{"name":"wp","href":"https:\/\/api.w.org\/{rel}","templated":true}]}}