{"id":196067,"date":"2026-04-24T14:47:32","date_gmt":"2026-04-24T12:47:32","guid":{"rendered":"https:\/\/eurecat.org\/?p=196067"},"modified":"2026-04-24T14:53:10","modified_gmt":"2026-04-24T12:53:10","slug":"el-centro-tecnologico-eurecat-amplia-sus-capacidades-para-la-fabricacion-de-textiles-mas-circulares-reciclables-y-funcionales","status":"publish","type":"post","link":"https:\/\/eurecat.org\/es\/el-centro-tecnologico-eurecat-amplia-sus-capacidades-para-la-fabricacion-de-textiles-mas-circulares-reciclables-y-funcionales\/","title":{"rendered":"El centro tecnol\u00f3gico Eurecat ampl\u00eda sus capacidades para la fabricaci\u00f3n de textiles m\u00e1s circulares, reciclables y funcionales"},"content":{"rendered":"<div class=\"fusion-fullwidth fullwidth-box fusion-builder-row-1 fusion-flex-container has-pattern-background has-mask-background nonhundred-percent-fullwidth non-hundred-percent-height-scrolling\" style=\"--awb-border-radius-top-left:0px;--awb-border-radius-top-right:0px;--awb-border-radius-bottom-right:0px;--awb-border-radius-bottom-left:0px;--awb-flex-wrap:wrap;\" ><div class=\"fusion-builder-row fusion-row fusion-flex-align-items-flex-start fusion-flex-content-wrap\" style=\"max-width:1424.8px;margin-left: calc(-4% \/ 2 );margin-right: calc(-4% \/ 2 );\"><div class=\"fusion-layout-column fusion_builder_column fusion-builder-column-0 fusion_builder_column_1_1 1_1 fusion-flex-column\" style=\"--awb-bg-size:cover;--awb-width-large:100%;--awb-margin-top-large:0px;--awb-spacing-right-large:1.92%;--awb-margin-bottom-large:20px;--awb-spacing-left-large:1.92%;--awb-width-medium:100%;--awb-order-medium:0;--awb-spacing-right-medium:1.92%;--awb-spacing-left-medium:1.92%;--awb-width-small:100%;--awb-order-small:0;--awb-spacing-right-small:1.92%;--awb-spacing-left-small:1.92%;\"><div class=\"fusion-column-wrapper fusion-column-has-shadow fusion-flex-justify-content-flex-start fusion-content-layout-column\"><div class=\"fusion-text fusion-text-1\"><p>El centro tecnol\u00f3gico <a href=\"http:\/\/eurecat.org\/es\/\">Eurecat<\/a> ha ampliado sus capacidades tecnol\u00f3gicas para dar apoyo integral a toda la cadena de valor textil circular, desde el dise\u00f1o y el desarrollo de la fibra hasta el reciclaje y la reutilizaci\u00f3n, con especial atenci\u00f3n a la cobertura de todas las etapas de la innovaci\u00f3n en este campo, un \u00e1mbito que se calcula que puede crecer hasta 31.000 millones de euros en 2030 en Europa y generar alrededor de 90.000 puestos de trabajo.<\/p>\n<p>Eurecat ha presentado en la feria Techtextil, que se ha celebrado en Frankfurt esta semana, sus conocimientos para la transformaci\u00f3n del sector textil, a partir de soluciones completas de reciclaje que abarcan el reciclaje mec\u00e1nico, qu\u00edmico y el enzim\u00e1tico, adem\u00e1s de procesos termoqu\u00edmicos, tratamientos de aguas residuales, recuperaci\u00f3n de productos qu\u00edmicos, valorizaci\u00f3n energ\u00e9tica y pir\u00f3lisis, con el objetivo de cerrar el c\u00edrculo de los materiales textiles.<\/p>\n<p>El centro tecnol\u00f3gico ha mostrado tambi\u00e9n nuevas tecnolog\u00edas para el desarrollo de fibras polim\u00e9ricas de origen sint\u00e9tico, recicladas o de origen renovable y de fibras regeneradas de pol\u00edmeros naturales, celulosa, alginato, quitosan, para la fabricaci\u00f3n de alternativas de fibra sostenibles.<\/p>\n<p>Tambi\u00e9n da apoyo al dise\u00f1o y desarrollo de estructuras textiles complejas con varios m\u00e9todos de producci\u00f3n de tejidos y tecnolog\u00edas y es puntero en tecnolog\u00edas que permiten la hibridaci\u00f3n de materias para mejorar el rendimiento y la funcionalidad.<\/p>\n<p><strong>Dise\u00f1o y desarrollo de productos y fabricaci\u00f3n cero defectos<\/strong><\/p>\n<p>Eurecat es experto en el desarrollo de conceptos, en la optimizaci\u00f3n de la funcionalidad, la est\u00e9tica, el ecodise\u00f1o y la evaluaci\u00f3n del ciclo de vida, as\u00ed como en reciclabilidad, en dise\u00f1o sostenible y en mejora de la durabilidad para garantizar que los productos cumplan los requisitos del mercado y los medioambientales.<\/p>\n<p>Adem\u00e1s, Eurecat ha constituido, junto con la empresa fabricante de maquinaria textil Canmartex, la spin-off Aracne, que ha desarrollado un sistema que predice imperfecciones que se producen en las m\u00e1quinas circulares de g\u00e9nero de punto provocadas por el estado de componentes cr\u00edticos de la m\u00e1quina, como son las agujas y las platinas, de forma que permite reducir los defectos de producci\u00f3n en m\u00e1s de un 60 por ciento, disminuyendo el desperdicio de materia en el proceso de fabricaci\u00f3n y, por lo tanto, el impacto ambiental.<\/p>\n<\/div><\/div><\/div><\/div><\/div>\n","protected":false},"excerpt":{"rendered":"","protected":false},"author":20,"featured_media":196056,"comment_status":"open","ping_status":"closed","sticky":false,"template":"","format":"standard","meta":{"footnotes":""},"categories":[134,413,2287],"tags":[],"class_list":["post-196067","post","type-post","status-publish","format-standard","has-post-thumbnail","hentry","category-notas-de-prensa","category-tejidos-funcionales","category-textil-es"],"yoast_head":"<!-- This site is optimized with the Yoast SEO plugin v27.4 - https:\/\/yoast.com\/product\/yoast-seo-wordpress\/ -->\n<title>El centro tecnol\u00f3gico Eurecat ampl\u00eda sus capacidades para la fabricaci\u00f3n de textiles m\u00e1s circulares, reciclables y funcionales - Eurecat<\/title>\n<meta name=\"robots\" content=\"index, follow, max-snippet:-1, max-image-preview:large, max-video-preview:-1\" \/>\n<link rel=\"canonical\" href=\"https:\/\/eurecat.org\/es\/el-centro-tecnologico-eurecat-amplia-sus-capacidades-para-la-fabricacion-de-textiles-mas-circulares-reciclables-y-funcionales\/\" \/>\n<meta property=\"og:locale\" content=\"es_ES\" \/>\n<meta property=\"og:type\" content=\"article\" \/>\n<meta property=\"og:title\" content=\"El centro tecnol\u00f3gico Eurecat ampl\u00eda sus capacidades para la fabricaci\u00f3n de textiles m\u00e1s circulares, reciclables y funcionales - Eurecat\" \/>\n<meta property=\"og:url\" content=\"https:\/\/eurecat.org\/es\/el-centro-tecnologico-eurecat-amplia-sus-capacidades-para-la-fabricacion-de-textiles-mas-circulares-reciclables-y-funcionales\/\" \/>\n<meta property=\"og:site_name\" content=\"Eurecat\" \/>\n<meta property=\"article:published_time\" content=\"2026-04-24T12:47:32+00:00\" \/>\n<meta property=\"article:modified_time\" content=\"2026-04-24T12:53:10+00:00\" \/>\n<meta property=\"og:image\" content=\"https:\/\/eurecat.org\/wp-content\/uploads\/2026\/04\/26_techtextil1.jpg\" \/>\n\t<meta property=\"og:image:width\" content=\"800\" \/>\n\t<meta property=\"og:image:height\" content=\"533\" \/>\n\t<meta property=\"og:image:type\" content=\"image\/jpeg\" \/>\n<meta name=\"author\" content=\"EurecatEQZ\" \/>\n<meta name=\"twitter:card\" content=\"summary_large_image\" \/>\n<meta name=\"twitter:label1\" content=\"Escrito por\" \/>\n\t<meta name=\"twitter:data1\" content=\"EurecatEQZ\" \/>\n\t<meta name=\"twitter:label2\" content=\"Tiempo de lectura\" \/>\n\t<meta name=\"twitter:data2\" content=\"3 minutos\" \/>\n<script type=\"application\/ld+json\" class=\"yoast-schema-graph\">{\"@context\":\"https:\\\/\\\/schema.org\",\"@graph\":[{\"@type\":\"Article\",\"@id\":\"https:\\\/\\\/eurecat.org\\\/es\\\/el-centro-tecnologico-eurecat-amplia-sus-capacidades-para-la-fabricacion-de-textiles-mas-circulares-reciclables-y-funcionales\\\/#article\",\"isPartOf\":{\"@id\":\"https:\\\/\\\/eurecat.org\\\/es\\\/el-centro-tecnologico-eurecat-amplia-sus-capacidades-para-la-fabricacion-de-textiles-mas-circulares-reciclables-y-funcionales\\\/\"},\"author\":{\"name\":\"EurecatEQZ\",\"@id\":\"https:\\\/\\\/eurecat.org\\\/es\\\/#\\\/schema\\\/person\\\/99d4d39712001e7621b6867b27b40bed\"},\"headline\":\"El centro tecnol\u00f3gico Eurecat ampl\u00eda sus capacidades para la fabricaci\u00f3n de textiles m\u00e1s circulares, reciclables y funcionales\",\"datePublished\":\"2026-04-24T12:47:32+00:00\",\"dateModified\":\"2026-04-24T12:53:10+00:00\",\"mainEntityOfPage\":{\"@id\":\"https:\\\/\\\/eurecat.org\\\/es\\\/el-centro-tecnologico-eurecat-amplia-sus-capacidades-para-la-fabricacion-de-textiles-mas-circulares-reciclables-y-funcionales\\\/\"},\"wordCount\":1594,\"commentCount\":0,\"image\":{\"@id\":\"https:\\\/\\\/eurecat.org\\\/es\\\/el-centro-tecnologico-eurecat-amplia-sus-capacidades-para-la-fabricacion-de-textiles-mas-circulares-reciclables-y-funcionales\\\/#primaryimage\"},\"thumbnailUrl\":\"https:\\\/\\\/eurecat.org\\\/wp-content\\\/uploads\\\/2026\\\/04\\\/26_techtextil1.jpg\",\"articleSection\":[\"Notas de prensa\",\"Tejidos Funcionales\",\"Textil\"],\"inLanguage\":\"es\",\"potentialAction\":[{\"@type\":\"CommentAction\",\"name\":\"Comment\",\"target\":[\"https:\\\/\\\/eurecat.org\\\/es\\\/el-centro-tecnologico-eurecat-amplia-sus-capacidades-para-la-fabricacion-de-textiles-mas-circulares-reciclables-y-funcionales\\\/#respond\"]}]},{\"@type\":\"WebPage\",\"@id\":\"https:\\\/\\\/eurecat.org\\\/es\\\/el-centro-tecnologico-eurecat-amplia-sus-capacidades-para-la-fabricacion-de-textiles-mas-circulares-reciclables-y-funcionales\\\/\",\"url\":\"https:\\\/\\\/eurecat.org\\\/es\\\/el-centro-tecnologico-eurecat-amplia-sus-capacidades-para-la-fabricacion-de-textiles-mas-circulares-reciclables-y-funcionales\\\/\",\"name\":\"El centro tecnol\u00f3gico Eurecat ampl\u00eda sus capacidades para la fabricaci\u00f3n de textiles m\u00e1s circulares, reciclables y funcionales - Eurecat\",\"isPartOf\":{\"@id\":\"https:\\\/\\\/eurecat.org\\\/es\\\/#website\"},\"primaryImageOfPage\":{\"@id\":\"https:\\\/\\\/eurecat.org\\\/es\\\/el-centro-tecnologico-eurecat-amplia-sus-capacidades-para-la-fabricacion-de-textiles-mas-circulares-reciclables-y-funcionales\\\/#primaryimage\"},\"image\":{\"@id\":\"https:\\\/\\\/eurecat.org\\\/es\\\/el-centro-tecnologico-eurecat-amplia-sus-capacidades-para-la-fabricacion-de-textiles-mas-circulares-reciclables-y-funcionales\\\/#primaryimage\"},\"thumbnailUrl\":\"https:\\\/\\\/eurecat.org\\\/wp-content\\\/uploads\\\/2026\\\/04\\\/26_techtextil1.jpg\",\"datePublished\":\"2026-04-24T12:47:32+00:00\",\"dateModified\":\"2026-04-24T12:53:10+00:00\",\"author\":{\"@id\":\"https:\\\/\\\/eurecat.org\\\/es\\\/#\\\/schema\\\/person\\\/99d4d39712001e7621b6867b27b40bed\"},\"breadcrumb\":{\"@id\":\"https:\\\/\\\/eurecat.org\\\/es\\\/el-centro-tecnologico-eurecat-amplia-sus-capacidades-para-la-fabricacion-de-textiles-mas-circulares-reciclables-y-funcionales\\\/#breadcrumb\"},\"inLanguage\":\"es\",\"potentialAction\":[{\"@type\":\"ReadAction\",\"target\":[\"https:\\\/\\\/eurecat.org\\\/es\\\/el-centro-tecnologico-eurecat-amplia-sus-capacidades-para-la-fabricacion-de-textiles-mas-circulares-reciclables-y-funcionales\\\/\"]}]},{\"@type\":\"ImageObject\",\"inLanguage\":\"es\",\"@id\":\"https:\\\/\\\/eurecat.org\\\/es\\\/el-centro-tecnologico-eurecat-amplia-sus-capacidades-para-la-fabricacion-de-textiles-mas-circulares-reciclables-y-funcionales\\\/#primaryimage\",\"url\":\"https:\\\/\\\/eurecat.org\\\/wp-content\\\/uploads\\\/2026\\\/04\\\/26_techtextil1.jpg\",\"contentUrl\":\"https:\\\/\\\/eurecat.org\\\/wp-content\\\/uploads\\\/2026\\\/04\\\/26_techtextil1.jpg\",\"width\":800,\"height\":533},{\"@type\":\"BreadcrumbList\",\"@id\":\"https:\\\/\\\/eurecat.org\\\/es\\\/el-centro-tecnologico-eurecat-amplia-sus-capacidades-para-la-fabricacion-de-textiles-mas-circulares-reciclables-y-funcionales\\\/#breadcrumb\",\"itemListElement\":[{\"@type\":\"ListItem\",\"position\":1,\"name\":\"Inici\",\"item\":\"https:\\\/\\\/eurecat.org\\\/es\\\/\"},{\"@type\":\"ListItem\",\"position\":2,\"name\":\"El centro tecnol\u00f3gico Eurecat ampl\u00eda sus capacidades para la fabricaci\u00f3n de textiles m\u00e1s circulares, reciclables y funcionales\"}]},{\"@type\":\"WebSite\",\"@id\":\"https:\\\/\\\/eurecat.org\\\/es\\\/#website\",\"url\":\"https:\\\/\\\/eurecat.org\\\/es\\\/\",\"name\":\"Eurecat\",\"description\":\"Otro sitio realizado con WordPress\",\"potentialAction\":[{\"@type\":\"SearchAction\",\"target\":{\"@type\":\"EntryPoint\",\"urlTemplate\":\"https:\\\/\\\/eurecat.org\\\/es\\\/?s={search_term_string}\"},\"query-input\":{\"@type\":\"PropertyValueSpecification\",\"valueRequired\":true,\"valueName\":\"search_term_string\"}}],\"inLanguage\":\"es\"},{\"@type\":\"Person\",\"@id\":\"https:\\\/\\\/eurecat.org\\\/es\\\/#\\\/schema\\\/person\\\/99d4d39712001e7621b6867b27b40bed\",\"name\":\"EurecatEQZ\",\"image\":{\"@type\":\"ImageObject\",\"inLanguage\":\"es\",\"@id\":\"https:\\\/\\\/secure.gravatar.com\\\/avatar\\\/6deb26ca61bcc34263c59cc62bb8b08ff90b67af7f99943babf5d86396845993?s=96&d=mm&r=g\",\"url\":\"https:\\\/\\\/secure.gravatar.com\\\/avatar\\\/6deb26ca61bcc34263c59cc62bb8b08ff90b67af7f99943babf5d86396845993?s=96&d=mm&r=g\",\"contentUrl\":\"https:\\\/\\\/secure.gravatar.com\\\/avatar\\\/6deb26ca61bcc34263c59cc62bb8b08ff90b67af7f99943babf5d86396845993?s=96&d=mm&r=g\",\"caption\":\"EurecatEQZ\"}}]}<\/script>\n<!-- \/ Yoast SEO plugin. -->","yoast_head_json":{"title":"El centro tecnol\u00f3gico Eurecat ampl\u00eda sus capacidades para la fabricaci\u00f3n de textiles m\u00e1s circulares, reciclables y funcionales - Eurecat","robots":{"index":"index","follow":"follow","max-snippet":"max-snippet:-1","max-image-preview":"max-image-preview:large","max-video-preview":"max-video-preview:-1"},"canonical":"https:\/\/eurecat.org\/es\/el-centro-tecnologico-eurecat-amplia-sus-capacidades-para-la-fabricacion-de-textiles-mas-circulares-reciclables-y-funcionales\/","og_locale":"es_ES","og_type":"article","og_title":"El centro tecnol\u00f3gico Eurecat ampl\u00eda sus capacidades para la fabricaci\u00f3n de textiles m\u00e1s circulares, reciclables y funcionales - Eurecat","og_url":"https:\/\/eurecat.org\/es\/el-centro-tecnologico-eurecat-amplia-sus-capacidades-para-la-fabricacion-de-textiles-mas-circulares-reciclables-y-funcionales\/","og_site_name":"Eurecat","article_published_time":"2026-04-24T12:47:32+00:00","article_modified_time":"2026-04-24T12:53:10+00:00","og_image":[{"width":800,"height":533,"url":"https:\/\/eurecat.org\/wp-content\/uploads\/2026\/04\/26_techtextil1.jpg","type":"image\/jpeg"}],"author":"EurecatEQZ","twitter_card":"summary_large_image","twitter_misc":{"Escrito por":"EurecatEQZ","Tiempo de lectura":"3 minutos"},"schema":{"@context":"https:\/\/schema.org","@graph":[{"@type":"Article","@id":"https:\/\/eurecat.org\/es\/el-centro-tecnologico-eurecat-amplia-sus-capacidades-para-la-fabricacion-de-textiles-mas-circulares-reciclables-y-funcionales\/#article","isPartOf":{"@id":"https:\/\/eurecat.org\/es\/el-centro-tecnologico-eurecat-amplia-sus-capacidades-para-la-fabricacion-de-textiles-mas-circulares-reciclables-y-funcionales\/"},"author":{"name":"EurecatEQZ","@id":"https:\/\/eurecat.org\/es\/#\/schema\/person\/99d4d39712001e7621b6867b27b40bed"},"headline":"El centro tecnol\u00f3gico Eurecat ampl\u00eda sus capacidades para la fabricaci\u00f3n de textiles m\u00e1s circulares, reciclables y funcionales","datePublished":"2026-04-24T12:47:32+00:00","dateModified":"2026-04-24T12:53:10+00:00","mainEntityOfPage":{"@id":"https:\/\/eurecat.org\/es\/el-centro-tecnologico-eurecat-amplia-sus-capacidades-para-la-fabricacion-de-textiles-mas-circulares-reciclables-y-funcionales\/"},"wordCount":1594,"commentCount":0,"image":{"@id":"https:\/\/eurecat.org\/es\/el-centro-tecnologico-eurecat-amplia-sus-capacidades-para-la-fabricacion-de-textiles-mas-circulares-reciclables-y-funcionales\/#primaryimage"},"thumbnailUrl":"https:\/\/eurecat.org\/wp-content\/uploads\/2026\/04\/26_techtextil1.jpg","articleSection":["Notas de prensa","Tejidos Funcionales","Textil"],"inLanguage":"es","potentialAction":[{"@type":"CommentAction","name":"Comment","target":["https:\/\/eurecat.org\/es\/el-centro-tecnologico-eurecat-amplia-sus-capacidades-para-la-fabricacion-de-textiles-mas-circulares-reciclables-y-funcionales\/#respond"]}]},{"@type":"WebPage","@id":"https:\/\/eurecat.org\/es\/el-centro-tecnologico-eurecat-amplia-sus-capacidades-para-la-fabricacion-de-textiles-mas-circulares-reciclables-y-funcionales\/","url":"https:\/\/eurecat.org\/es\/el-centro-tecnologico-eurecat-amplia-sus-capacidades-para-la-fabricacion-de-textiles-mas-circulares-reciclables-y-funcionales\/","name":"El centro tecnol\u00f3gico Eurecat ampl\u00eda sus capacidades para la fabricaci\u00f3n de textiles m\u00e1s circulares, reciclables y funcionales - Eurecat","isPartOf":{"@id":"https:\/\/eurecat.org\/es\/#website"},"primaryImageOfPage":{"@id":"https:\/\/eurecat.org\/es\/el-centro-tecnologico-eurecat-amplia-sus-capacidades-para-la-fabricacion-de-textiles-mas-circulares-reciclables-y-funcionales\/#primaryimage"},"image":{"@id":"https:\/\/eurecat.org\/es\/el-centro-tecnologico-eurecat-amplia-sus-capacidades-para-la-fabricacion-de-textiles-mas-circulares-reciclables-y-funcionales\/#primaryimage"},"thumbnailUrl":"https:\/\/eurecat.org\/wp-content\/uploads\/2026\/04\/26_techtextil1.jpg","datePublished":"2026-04-24T12:47:32+00:00","dateModified":"2026-04-24T12:53:10+00:00","author":{"@id":"https:\/\/eurecat.org\/es\/#\/schema\/person\/99d4d39712001e7621b6867b27b40bed"},"breadcrumb":{"@id":"https:\/\/eurecat.org\/es\/el-centro-tecnologico-eurecat-amplia-sus-capacidades-para-la-fabricacion-de-textiles-mas-circulares-reciclables-y-funcionales\/#breadcrumb"},"inLanguage":"es","potentialAction":[{"@type":"ReadAction","target":["https:\/\/eurecat.org\/es\/el-centro-tecnologico-eurecat-amplia-sus-capacidades-para-la-fabricacion-de-textiles-mas-circulares-reciclables-y-funcionales\/"]}]},{"@type":"ImageObject","inLanguage":"es","@id":"https:\/\/eurecat.org\/es\/el-centro-tecnologico-eurecat-amplia-sus-capacidades-para-la-fabricacion-de-textiles-mas-circulares-reciclables-y-funcionales\/#primaryimage","url":"https:\/\/eurecat.org\/wp-content\/uploads\/2026\/04\/26_techtextil1.jpg","contentUrl":"https:\/\/eurecat.org\/wp-content\/uploads\/2026\/04\/26_techtextil1.jpg","width":800,"height":533},{"@type":"BreadcrumbList","@id":"https:\/\/eurecat.org\/es\/el-centro-tecnologico-eurecat-amplia-sus-capacidades-para-la-fabricacion-de-textiles-mas-circulares-reciclables-y-funcionales\/#breadcrumb","itemListElement":[{"@type":"ListItem","position":1,"name":"Inici","item":"https:\/\/eurecat.org\/es\/"},{"@type":"ListItem","position":2,"name":"El centro tecnol\u00f3gico Eurecat ampl\u00eda sus capacidades para la fabricaci\u00f3n de textiles m\u00e1s circulares, reciclables y funcionales"}]},{"@type":"WebSite","@id":"https:\/\/eurecat.org\/es\/#website","url":"https:\/\/eurecat.org\/es\/","name":"Eurecat","description":"Otro sitio realizado con WordPress","potentialAction":[{"@type":"SearchAction","target":{"@type":"EntryPoint","urlTemplate":"https:\/\/eurecat.org\/es\/?s={search_term_string}"},"query-input":{"@type":"PropertyValueSpecification","valueRequired":true,"valueName":"search_term_string"}}],"inLanguage":"es"},{"@type":"Person","@id":"https:\/\/eurecat.org\/es\/#\/schema\/person\/99d4d39712001e7621b6867b27b40bed","name":"EurecatEQZ","image":{"@type":"ImageObject","inLanguage":"es","@id":"https:\/\/secure.gravatar.com\/avatar\/6deb26ca61bcc34263c59cc62bb8b08ff90b67af7f99943babf5d86396845993?s=96&d=mm&r=g","url":"https:\/\/secure.gravatar.com\/avatar\/6deb26ca61bcc34263c59cc62bb8b08ff90b67af7f99943babf5d86396845993?s=96&d=mm&r=g","contentUrl":"https:\/\/secure.gravatar.com\/avatar\/6deb26ca61bcc34263c59cc62bb8b08ff90b67af7f99943babf5d86396845993?s=96&d=mm&r=g","caption":"EurecatEQZ"}}]}},"_links":{"self":[{"href":"https:\/\/eurecat.org\/es\/wp-json\/wp\/v2\/posts\/196067","targetHints":{"allow":["GET"]}}],"collection":[{"href":"https:\/\/eurecat.org\/es\/wp-json\/wp\/v2\/posts"}],"about":[{"href":"https:\/\/eurecat.org\/es\/wp-json\/wp\/v2\/types\/post"}],"author":[{"embeddable":true,"href":"https:\/\/eurecat.org\/es\/wp-json\/wp\/v2\/users\/20"}],"replies":[{"embeddable":true,"href":"https:\/\/eurecat.org\/es\/wp-json\/wp\/v2\/comments?post=196067"}],"version-history":[{"count":1,"href":"https:\/\/eurecat.org\/es\/wp-json\/wp\/v2\/posts\/196067\/revisions"}],"predecessor-version":[{"id":196069,"href":"https:\/\/eurecat.org\/es\/wp-json\/wp\/v2\/posts\/196067\/revisions\/196069"}],"wp:featuredmedia":[{"embeddable":true,"href":"https:\/\/eurecat.org\/es\/wp-json\/wp\/v2\/media\/196056"}],"wp:attachment":[{"href":"https:\/\/eurecat.org\/es\/wp-json\/wp\/v2\/media?parent=196067"}],"wp:term":[{"taxonomy":"category","embeddable":true,"href":"https:\/\/eurecat.org\/es\/wp-json\/wp\/v2\/categories?post=196067"},{"taxonomy":"post_tag","embeddable":true,"href":"https:\/\/eurecat.org\/es\/wp-json\/wp\/v2\/tags?post=196067"}],"curies":[{"name":"wp","href":"https:\/\/api.w.org\/{rel}","templated":true}]}}