{"id":21890,"date":"2017-02-21T07:53:15","date_gmt":"2017-02-21T07:53:15","guid":{"rendered":"http:\/\/eurecat.org\/?p=21890\/"},"modified":"2017-02-24T08:08:26","modified_gmt":"2017-02-24T08:08:26","slug":"eurecat-alianza-fp-dual","status":"publish","type":"post","link":"https:\/\/eurecat.org\/es\/eurecat-alianza-fp-dual\/","title":{"rendered":"Eurecat se suma a la Alianza para la FP Dual"},"content":{"rendered":"<p><strong><u>Barcelona, 21 de febrero de 2017.-<\/u> <\/strong>Clara Bassols, directora de la Fundaci\u00f3n Bertelesmann, juntamente con Xavier L\u00f3pez, director general Corporativo y de Operaciones de Eurecat, han firmado el documento de adhesi\u00f3n del centro tecnol\u00f3gico a la\u00a0<strong><span style=\"color: #800080;\"><a style=\"color: #800080;\" href=\"http:\/\/www.alianzafpdual.es\/\">Alianza para la Formaci\u00f3n Profesional Dual<\/a><\/span><\/strong>.<\/p>\n<p>La Alianza, promovida por la <strong><span style=\"color: #800080;\"><a style=\"color: #800080;\" href=\"http:\/\/www.fundacionbertelsmann.org\">Fundaci\u00f3n Bertelesmann<\/a><\/span><\/strong>, conjuntamente con la <strong><span style=\"color: #800080;\"><a style=\"color: #800080;\" href=\"http:\/\/es.fpdgi.org\/\">Fundaci\u00f3n Princesa de Gerona<\/a><\/span><\/strong>, la <strong><span style=\"color: #800080;\"><a style=\"color: #800080;\" href=\"http:\/\/www.camara.es\/\">C\u00e1mara de Comercio de Espa\u00f1a<\/a><\/span><\/strong>\u00a0y la <strong><span style=\"color: #800080;\"><a style=\"color: #800080;\" href=\"http:\/\/www.ceoe.es\/\">CEOE<\/a><\/span><\/strong>, es una red estatal de empresas, centros e instituciones comprometidas con el desarrollo de la FP Dual en Espa\u00f1a que apuesta por un nuevo sistema de aprendizaje m\u00e1s productivo tanto para los alumnos como para las empresas.<\/p>\n<p>Actualmente, Eurecat tiene siete aprendices de FP Dual de cuatro ciclos diferentes, como el de Administraci\u00f3n y Finanzas, Administraci\u00f3n de Sistemas Inform\u00e1ticos, Automatizaci\u00f3n y Rob\u00f3tica Industrial y Gesti\u00f3n Administrativa. As\u00ed pues, para Eurecat la FP Dual es una muy buena herramienta para poner en pr\u00e1ctica los conocimientos y desarrollar las competencias de los aprendices teniendo siempre en cuenta las necesidades reales de la propia empresa y contribuye a que la incorporaci\u00f3n de profesionales a las empresas sea m\u00e1s efectiva.<\/p>\n<blockquote><p>El centro tecnol\u00f3gico Eurecat quiere reafirmar su compromiso con la Formaci\u00f3n Profesional Dual uni\u00e9ndose a la red Alianza en un acto celebrado en su sede en Barcelona.<\/p><\/blockquote>\n<p><strong>Xavier L\u00f3pez, director general Corporativo y de Operaciones de Eurecat<\/strong>, ha destacado que el acuerdo entre ambas instituciones es \u201cuna gran oportunidad para captar talento y promover las vocaciones tecnol\u00f3gicas entre los j\u00f3venes\u201d mediante una \u201cinclusi\u00f3n directa en la empresa\u201d, acciones que \u201cEurecat siempre ha priorizado\u201d.<\/p>\n<p>Por su parte, <strong>Clara Bassols, directora de la Fundaci\u00f3n Bertelesmann<\/strong> ha remarcado que \u201ccon la Formaci\u00f3n Profesional Dual las empresas crean su propia cantera de j\u00f3venes calificados a su medida y los j\u00f3venes aprenden las competencias y los conocimientos que realmente necesitan las empresas para convertirse en mejores profesionales, mucho m\u00e1s capaces y con m\u00e1s posibilidades de tener un trabajo satisfactorio. Por este motivo, es importante trabajar para garantizar en todo momento un proceso de calidad, facilitando a las empresas que se adhieran a la Alianza para aumentar, as\u00ed, el prestigio de la FP Dual\u201d.<\/p>\n<p><strong>\u00a0<\/strong><\/p>\n<p><strong>Sobre Eurecat<\/strong><\/p>\n<p>Eurecat, Centro Tecnol\u00f3gico de Catalu\u00f1a (miembro de Tecnio), aglutina la experiencia de <strong>600 profesionales<\/strong> que generan un volumen de ingresos de <strong>43 millones de euros anuales<\/strong> y presta servicio a m\u00e1s de <strong>1.000 empresas<\/strong>. <strong>I+D aplicado<\/strong>, <strong>servicios tecnol\u00f3gicos<\/strong>, <strong>formaci\u00f3n de alta especializaci\u00f3n<\/strong>, <strong>consultor\u00eda tecnol\u00f3gica<\/strong> y <strong>eventos profesionales<\/strong> son algunos de los servicios que Eurecat ofrece tanto para grandes como para peque\u00f1as y medianas empresas de todos los sectores. Con instalaciones en Barcelona, Canet de Mar, Cerdanyola del Vall\u00e8s, Girona, Lleida, Manresa, Matar\u00f3, Reus y Amposta y con una sede en Brasil, participa en <strong>160 grandes proyectos consorciados de I+D+i<\/strong> nacionales e internacionales de alto valor estrat\u00e9gico y cuenta con <strong>73 patentes<\/strong> y <strong>7 spin-off<\/strong>. El valor a\u00f1adido que aporta Eurecat <strong>acelera la innovaci\u00f3n<\/strong>, <strong>disminuye el gasto en infraestructuras<\/strong> cient\u00edficas y tecnol\u00f3gicas, <strong>reduce los riesgos <\/strong>y proporciona <strong>conocimiento especializado <\/strong>a medida de cada empresa. <strong>M\u00e1s informaci\u00f3n en <\/strong><span style=\"color: #800080;\"><a style=\"color: #800080;\" href=\"http:\/\/www.eurecat.org\"><strong>www.eurecat.org<\/strong><\/a><\/span><\/p>\n<p>&nbsp;<\/p>\n<p><strong><em>M\u00e1s informaci\u00f3n:<\/em><\/strong><\/p>\n<p><strong>Montse Mascar\u00f3<br \/>\nPrensa | Direcci\u00f3n de Comunicaci\u00f3n Corporativa <\/strong><strong>Eurecat<\/strong><\/p>\n<p><strong>Tel. (+34) 932 381 400 | M\u00f3vil: (+34) 630 425 169<br \/>\nC\/e: premsa@eurecat.org | <\/strong><a href=\"http:\/\/www.eurecat.org\">www.eurecat.org<\/a><\/p>\n<p><strong>\u00a0<\/strong><\/p>\n","protected":false},"excerpt":{"rendered":"<p>Barcelona, 21 de febrero de 2017.- Clara Bassols, directora de la Fundaci\u00f3n Bertelesmann, juntamente con Xavier L\u00f3pez, director general Corporativo y de Operaciones de Eurecat, han firmado el documento de adhesi\u00f3n del centro tecnol\u00f3gico a la\u00a0Alianza para la Formaci\u00f3n Profesional Dual. La Alianza, promovida por la Fundaci\u00f3n Bertelesmann, conjuntamente con la Fundaci\u00f3n Princesa de Gerona,  [&#8230;]<\/p>\n","protected":false},"author":12,"featured_media":21888,"comment_status":"open","ping_status":"closed","sticky":false,"template":"","format":"standard","meta":{"footnotes":""},"categories":[618,398,134],"tags":[190,670],"class_list":["post-21890","post","type-post","status-publish","format-standard","has-post-thumbnail","hentry","category-corporatiu","category-formacion","category-notas-de-prensa","tag-formacio","tag-fp-dual"],"yoast_head":"<!-- This site is optimized with the Yoast SEO plugin v27.4 - https:\/\/yoast.com\/product\/yoast-seo-wordpress\/ -->\n<title>Eurecat se suma a la Alianza para la FP Dual<\/title>\n<meta name=\"description\" content=\"Clara Bassols (Fundaci\u00f3n Bertelesmann) y Xavier L\u00f3pez (Eurecat) han firmado el documento de adhesi\u00f3n del centro tecnol\u00f3gico a la Alianza para la FP Dual.\" \/>\n<meta name=\"robots\" content=\"index, follow, max-snippet:-1, max-image-preview:large, max-video-preview:-1\" \/>\n<link rel=\"canonical\" href=\"https:\/\/eurecat.org\/es\/eurecat-alianza-fp-dual\/\" \/>\n<meta property=\"og:locale\" content=\"es_ES\" \/>\n<meta property=\"og:type\" content=\"article\" \/>\n<meta property=\"og:title\" content=\"Eurecat se suma a la Alianza para la FP Dual\" \/>\n<meta property=\"og:description\" content=\"Clara Bassols (Fundaci\u00f3n Bertelesmann) y Xavier L\u00f3pez (Eurecat) han firmado el documento de adhesi\u00f3n del centro tecnol\u00f3gico a la Alianza para la FP Dual.\" \/>\n<meta property=\"og:url\" content=\"https:\/\/eurecat.org\/es\/eurecat-alianza-fp-dual\/\" \/>\n<meta property=\"og:site_name\" content=\"Eurecat\" \/>\n<meta property=\"article:published_time\" content=\"2017-02-21T07:53:15+00:00\" \/>\n<meta property=\"article:modified_time\" content=\"2017-02-24T08:08:26+00:00\" \/>\n<meta property=\"og:image\" content=\"https:\/\/eurecat.org\/wp-content\/uploads\/2017\/02\/signatura_alianca2017Eurecat.jpg\" \/>\n\t<meta property=\"og:image:width\" content=\"800\" \/>\n\t<meta property=\"og:image:height\" content=\"450\" \/>\n\t<meta property=\"og:image:type\" content=\"image\/jpeg\" \/>\n<meta name=\"author\" content=\"EurecatEG\" \/>\n<meta name=\"twitter:card\" content=\"summary_large_image\" \/>\n<meta name=\"twitter:label1\" content=\"Escrito por\" \/>\n\t<meta name=\"twitter:data1\" content=\"EurecatEG\" \/>\n\t<meta name=\"twitter:label2\" content=\"Tiempo de lectura\" \/>\n\t<meta name=\"twitter:data2\" content=\"3 minutos\" \/>\n<script type=\"application\/ld+json\" class=\"yoast-schema-graph\">{\"@context\":\"https:\\\/\\\/schema.org\",\"@graph\":[{\"@type\":\"Article\",\"@id\":\"https:\\\/\\\/eurecat.org\\\/es\\\/eurecat-alianza-fp-dual\\\/#article\",\"isPartOf\":{\"@id\":\"https:\\\/\\\/eurecat.org\\\/es\\\/eurecat-alianza-fp-dual\\\/\"},\"author\":{\"name\":\"EurecatEG\",\"@id\":\"https:\\\/\\\/eurecat.org\\\/es\\\/#\\\/schema\\\/person\\\/def9217eded50ee57a9dc4cf0c883f80\"},\"headline\":\"Eurecat se suma a la Alianza para la FP Dual\",\"datePublished\":\"2017-02-21T07:53:15+00:00\",\"dateModified\":\"2017-02-24T08:08:26+00:00\",\"mainEntityOfPage\":{\"@id\":\"https:\\\/\\\/eurecat.org\\\/es\\\/eurecat-alianza-fp-dual\\\/\"},\"wordCount\":582,\"commentCount\":0,\"image\":{\"@id\":\"https:\\\/\\\/eurecat.org\\\/es\\\/eurecat-alianza-fp-dual\\\/#primaryimage\"},\"thumbnailUrl\":\"https:\\\/\\\/eurecat.org\\\/wp-content\\\/uploads\\\/2017\\\/02\\\/signatura_alianca2017Eurecat.jpg\",\"keywords\":[\"Formaci\u00f3\",\"FP Dual\"],\"articleSection\":[\"Corporatiu\",\"Formaci\u00f3n\",\"Notas de prensa\"],\"inLanguage\":\"es\",\"potentialAction\":[{\"@type\":\"CommentAction\",\"name\":\"Comment\",\"target\":[\"https:\\\/\\\/eurecat.org\\\/es\\\/eurecat-alianza-fp-dual\\\/#respond\"]}]},{\"@type\":\"WebPage\",\"@id\":\"https:\\\/\\\/eurecat.org\\\/es\\\/eurecat-alianza-fp-dual\\\/\",\"url\":\"https:\\\/\\\/eurecat.org\\\/es\\\/eurecat-alianza-fp-dual\\\/\",\"name\":\"Eurecat se suma a la Alianza para la FP Dual\",\"isPartOf\":{\"@id\":\"https:\\\/\\\/eurecat.org\\\/es\\\/#website\"},\"primaryImageOfPage\":{\"@id\":\"https:\\\/\\\/eurecat.org\\\/es\\\/eurecat-alianza-fp-dual\\\/#primaryimage\"},\"image\":{\"@id\":\"https:\\\/\\\/eurecat.org\\\/es\\\/eurecat-alianza-fp-dual\\\/#primaryimage\"},\"thumbnailUrl\":\"https:\\\/\\\/eurecat.org\\\/wp-content\\\/uploads\\\/2017\\\/02\\\/signatura_alianca2017Eurecat.jpg\",\"datePublished\":\"2017-02-21T07:53:15+00:00\",\"dateModified\":\"2017-02-24T08:08:26+00:00\",\"author\":{\"@id\":\"https:\\\/\\\/eurecat.org\\\/es\\\/#\\\/schema\\\/person\\\/def9217eded50ee57a9dc4cf0c883f80\"},\"description\":\"Clara Bassols (Fundaci\u00f3n Bertelesmann) y Xavier L\u00f3pez (Eurecat) han firmado el documento de adhesi\u00f3n del centro tecnol\u00f3gico a la Alianza para la FP Dual.\",\"breadcrumb\":{\"@id\":\"https:\\\/\\\/eurecat.org\\\/es\\\/eurecat-alianza-fp-dual\\\/#breadcrumb\"},\"inLanguage\":\"es\",\"potentialAction\":[{\"@type\":\"ReadAction\",\"target\":[\"https:\\\/\\\/eurecat.org\\\/es\\\/eurecat-alianza-fp-dual\\\/\"]}]},{\"@type\":\"ImageObject\",\"inLanguage\":\"es\",\"@id\":\"https:\\\/\\\/eurecat.org\\\/es\\\/eurecat-alianza-fp-dual\\\/#primaryimage\",\"url\":\"https:\\\/\\\/eurecat.org\\\/wp-content\\\/uploads\\\/2017\\\/02\\\/signatura_alianca2017Eurecat.jpg\",\"contentUrl\":\"https:\\\/\\\/eurecat.org\\\/wp-content\\\/uploads\\\/2017\\\/02\\\/signatura_alianca2017Eurecat.jpg\",\"width\":800,\"height\":450},{\"@type\":\"BreadcrumbList\",\"@id\":\"https:\\\/\\\/eurecat.org\\\/es\\\/eurecat-alianza-fp-dual\\\/#breadcrumb\",\"itemListElement\":[{\"@type\":\"ListItem\",\"position\":1,\"name\":\"Inici\",\"item\":\"https:\\\/\\\/eurecat.org\\\/es\\\/\"},{\"@type\":\"ListItem\",\"position\":2,\"name\":\"Eurecat se suma a la Alianza para la FP Dual\"}]},{\"@type\":\"WebSite\",\"@id\":\"https:\\\/\\\/eurecat.org\\\/es\\\/#website\",\"url\":\"https:\\\/\\\/eurecat.org\\\/es\\\/\",\"name\":\"Eurecat\",\"description\":\"Otro sitio realizado con WordPress\",\"potentialAction\":[{\"@type\":\"SearchAction\",\"target\":{\"@type\":\"EntryPoint\",\"urlTemplate\":\"https:\\\/\\\/eurecat.org\\\/es\\\/?s={search_term_string}\"},\"query-input\":{\"@type\":\"PropertyValueSpecification\",\"valueRequired\":true,\"valueName\":\"search_term_string\"}}],\"inLanguage\":\"es\"},{\"@type\":\"Person\",\"@id\":\"https:\\\/\\\/eurecat.org\\\/es\\\/#\\\/schema\\\/person\\\/def9217eded50ee57a9dc4cf0c883f80\",\"name\":\"EurecatEG\",\"image\":{\"@type\":\"ImageObject\",\"inLanguage\":\"es\",\"@id\":\"https:\\\/\\\/secure.gravatar.com\\\/avatar\\\/f40dd9b6ecd3e5c591f3c9b033e495ee0ec9877ba77249fbf268b3889350c824?s=96&d=mm&r=g\",\"url\":\"https:\\\/\\\/secure.gravatar.com\\\/avatar\\\/f40dd9b6ecd3e5c591f3c9b033e495ee0ec9877ba77249fbf268b3889350c824?s=96&d=mm&r=g\",\"contentUrl\":\"https:\\\/\\\/secure.gravatar.com\\\/avatar\\\/f40dd9b6ecd3e5c591f3c9b033e495ee0ec9877ba77249fbf268b3889350c824?s=96&d=mm&r=g\",\"caption\":\"EurecatEG\"}}]}<\/script>\n<!-- \/ Yoast SEO plugin. -->","yoast_head_json":{"title":"Eurecat se suma a la Alianza para la FP Dual","description":"Clara Bassols (Fundaci\u00f3n Bertelesmann) y Xavier L\u00f3pez (Eurecat) han firmado el documento de adhesi\u00f3n del centro tecnol\u00f3gico a la Alianza para la FP Dual.","robots":{"index":"index","follow":"follow","max-snippet":"max-snippet:-1","max-image-preview":"max-image-preview:large","max-video-preview":"max-video-preview:-1"},"canonical":"https:\/\/eurecat.org\/es\/eurecat-alianza-fp-dual\/","og_locale":"es_ES","og_type":"article","og_title":"Eurecat se suma a la Alianza para la FP Dual","og_description":"Clara Bassols (Fundaci\u00f3n Bertelesmann) y Xavier L\u00f3pez (Eurecat) han firmado el documento de adhesi\u00f3n del centro tecnol\u00f3gico a la Alianza para la FP Dual.","og_url":"https:\/\/eurecat.org\/es\/eurecat-alianza-fp-dual\/","og_site_name":"Eurecat","article_published_time":"2017-02-21T07:53:15+00:00","article_modified_time":"2017-02-24T08:08:26+00:00","og_image":[{"width":800,"height":450,"url":"https:\/\/eurecat.org\/wp-content\/uploads\/2017\/02\/signatura_alianca2017Eurecat.jpg","type":"image\/jpeg"}],"author":"EurecatEG","twitter_card":"summary_large_image","twitter_misc":{"Escrito por":"EurecatEG","Tiempo de lectura":"3 minutos"},"schema":{"@context":"https:\/\/schema.org","@graph":[{"@type":"Article","@id":"https:\/\/eurecat.org\/es\/eurecat-alianza-fp-dual\/#article","isPartOf":{"@id":"https:\/\/eurecat.org\/es\/eurecat-alianza-fp-dual\/"},"author":{"name":"EurecatEG","@id":"https:\/\/eurecat.org\/es\/#\/schema\/person\/def9217eded50ee57a9dc4cf0c883f80"},"headline":"Eurecat se suma a la Alianza para la FP Dual","datePublished":"2017-02-21T07:53:15+00:00","dateModified":"2017-02-24T08:08:26+00:00","mainEntityOfPage":{"@id":"https:\/\/eurecat.org\/es\/eurecat-alianza-fp-dual\/"},"wordCount":582,"commentCount":0,"image":{"@id":"https:\/\/eurecat.org\/es\/eurecat-alianza-fp-dual\/#primaryimage"},"thumbnailUrl":"https:\/\/eurecat.org\/wp-content\/uploads\/2017\/02\/signatura_alianca2017Eurecat.jpg","keywords":["Formaci\u00f3","FP Dual"],"articleSection":["Corporatiu","Formaci\u00f3n","Notas de prensa"],"inLanguage":"es","potentialAction":[{"@type":"CommentAction","name":"Comment","target":["https:\/\/eurecat.org\/es\/eurecat-alianza-fp-dual\/#respond"]}]},{"@type":"WebPage","@id":"https:\/\/eurecat.org\/es\/eurecat-alianza-fp-dual\/","url":"https:\/\/eurecat.org\/es\/eurecat-alianza-fp-dual\/","name":"Eurecat se suma a la Alianza para la FP Dual","isPartOf":{"@id":"https:\/\/eurecat.org\/es\/#website"},"primaryImageOfPage":{"@id":"https:\/\/eurecat.org\/es\/eurecat-alianza-fp-dual\/#primaryimage"},"image":{"@id":"https:\/\/eurecat.org\/es\/eurecat-alianza-fp-dual\/#primaryimage"},"thumbnailUrl":"https:\/\/eurecat.org\/wp-content\/uploads\/2017\/02\/signatura_alianca2017Eurecat.jpg","datePublished":"2017-02-21T07:53:15+00:00","dateModified":"2017-02-24T08:08:26+00:00","author":{"@id":"https:\/\/eurecat.org\/es\/#\/schema\/person\/def9217eded50ee57a9dc4cf0c883f80"},"description":"Clara Bassols (Fundaci\u00f3n Bertelesmann) y Xavier L\u00f3pez (Eurecat) han firmado el documento de adhesi\u00f3n del centro tecnol\u00f3gico a la Alianza para la FP Dual.","breadcrumb":{"@id":"https:\/\/eurecat.org\/es\/eurecat-alianza-fp-dual\/#breadcrumb"},"inLanguage":"es","potentialAction":[{"@type":"ReadAction","target":["https:\/\/eurecat.org\/es\/eurecat-alianza-fp-dual\/"]}]},{"@type":"ImageObject","inLanguage":"es","@id":"https:\/\/eurecat.org\/es\/eurecat-alianza-fp-dual\/#primaryimage","url":"https:\/\/eurecat.org\/wp-content\/uploads\/2017\/02\/signatura_alianca2017Eurecat.jpg","contentUrl":"https:\/\/eurecat.org\/wp-content\/uploads\/2017\/02\/signatura_alianca2017Eurecat.jpg","width":800,"height":450},{"@type":"BreadcrumbList","@id":"https:\/\/eurecat.org\/es\/eurecat-alianza-fp-dual\/#breadcrumb","itemListElement":[{"@type":"ListItem","position":1,"name":"Inici","item":"https:\/\/eurecat.org\/es\/"},{"@type":"ListItem","position":2,"name":"Eurecat se suma a la Alianza para la FP Dual"}]},{"@type":"WebSite","@id":"https:\/\/eurecat.org\/es\/#website","url":"https:\/\/eurecat.org\/es\/","name":"Eurecat","description":"Otro sitio realizado con WordPress","potentialAction":[{"@type":"SearchAction","target":{"@type":"EntryPoint","urlTemplate":"https:\/\/eurecat.org\/es\/?s={search_term_string}"},"query-input":{"@type":"PropertyValueSpecification","valueRequired":true,"valueName":"search_term_string"}}],"inLanguage":"es"},{"@type":"Person","@id":"https:\/\/eurecat.org\/es\/#\/schema\/person\/def9217eded50ee57a9dc4cf0c883f80","name":"EurecatEG","image":{"@type":"ImageObject","inLanguage":"es","@id":"https:\/\/secure.gravatar.com\/avatar\/f40dd9b6ecd3e5c591f3c9b033e495ee0ec9877ba77249fbf268b3889350c824?s=96&d=mm&r=g","url":"https:\/\/secure.gravatar.com\/avatar\/f40dd9b6ecd3e5c591f3c9b033e495ee0ec9877ba77249fbf268b3889350c824?s=96&d=mm&r=g","contentUrl":"https:\/\/secure.gravatar.com\/avatar\/f40dd9b6ecd3e5c591f3c9b033e495ee0ec9877ba77249fbf268b3889350c824?s=96&d=mm&r=g","caption":"EurecatEG"}}]}},"_links":{"self":[{"href":"https:\/\/eurecat.org\/es\/wp-json\/wp\/v2\/posts\/21890","targetHints":{"allow":["GET"]}}],"collection":[{"href":"https:\/\/eurecat.org\/es\/wp-json\/wp\/v2\/posts"}],"about":[{"href":"https:\/\/eurecat.org\/es\/wp-json\/wp\/v2\/types\/post"}],"author":[{"embeddable":true,"href":"https:\/\/eurecat.org\/es\/wp-json\/wp\/v2\/users\/12"}],"replies":[{"embeddable":true,"href":"https:\/\/eurecat.org\/es\/wp-json\/wp\/v2\/comments?post=21890"}],"version-history":[{"count":0,"href":"https:\/\/eurecat.org\/es\/wp-json\/wp\/v2\/posts\/21890\/revisions"}],"wp:featuredmedia":[{"embeddable":true,"href":"https:\/\/eurecat.org\/es\/wp-json\/wp\/v2\/media\/21888"}],"wp:attachment":[{"href":"https:\/\/eurecat.org\/es\/wp-json\/wp\/v2\/media?parent=21890"}],"wp:term":[{"taxonomy":"category","embeddable":true,"href":"https:\/\/eurecat.org\/es\/wp-json\/wp\/v2\/categories?post=21890"},{"taxonomy":"post_tag","embeddable":true,"href":"https:\/\/eurecat.org\/es\/wp-json\/wp\/v2\/tags?post=21890"}],"curies":[{"name":"wp","href":"https:\/\/api.w.org\/{rel}","templated":true}]}}