{"id":22040,"date":"2017-02-27T12:19:14","date_gmt":"2017-02-27T12:19:14","guid":{"rendered":"http:\/\/eurecat.org\/?p=22040\/"},"modified":"2017-02-27T16:03:59","modified_gmt":"2017-02-27T16:03:59","slug":"tendencias-del-mobile-world-congress-2017","status":"publish","type":"post","link":"https:\/\/eurecat.org\/es\/tendencias-del-mobile-world-congress-2017\/","title":{"rendered":"Tendencias del Mobile World Congress: Big Data, 5G y productos de consumo conectados"},"content":{"rendered":"<p>La presente edici\u00f3n del Mobile World Congress <strong>muestra la incidencia de tecnolog\u00edas digitales disruptivas que podr\u00edan llegar al mercado antes de dos a\u00f1os, muchas de las cu\u00e1les se est\u00e1n investigando en Catalu\u00f1a<\/strong>. Se trata de tecnolog\u00edas como el <strong>Big Data ligado al m\u00f3vil<\/strong>, el <strong>5G<\/strong> y <strong>nuevos productos de consumo conectados dirigidos a m\u00faltiples facetas<\/strong>. Por otra parte, tambi\u00e9n se apunta la consolidaci\u00f3n de soluciones punteras, como la realidad virtual o la impresi\u00f3n 3D desde plataformas m\u00f3viles.<\/p>\n<p>El congreso refleja la \u00ab<strong>gran revoluci\u00f3n del Internet de las Cosas y la inminente implantaci\u00f3n del 5G<\/strong>\u00ab, que permitir\u00e1 \u00abmuy pronto una mejor latencia de conexi\u00f3n en las grandes ciudades\u00bb, seg\u00fan destaca Mar\u00eda Eugenia Fuenmayor, directora cient\u00edfica de Tecnolog\u00edas Digitales del centro tecnol\u00f3gico Eurecat (miembro de Tecnio).<\/p>\n<p>En los \u00faltimos a\u00f1os, el MWC \u00ab<strong>trasciende el m\u00f3vil y muestra nuevos productos de consumo conectados que anticipan cambios sustanciales<\/strong>\u00ab, seg\u00fan se\u00f1ala la investigadora, que destaca que este a\u00f1o tienen protagonismo los coches aut\u00f3nomos y conectados, que a medio plazo \u00abmejorar\u00e1n la eficiencia de los desplazamientos\u00bb y la \u00abseguridad de la movilidad cotidiana\u00bb, si bien \u00abser\u00e1 clave garantizar la protecci\u00f3n de los datos como fuente de posibles ciberataques\u00bb.<\/p>\n<p>En este contexto, la <strong>ciberseguridad<\/strong> \u00abdebe estar a la altura de la creciente conquista de nuestras actividades por parte de las tecnolog\u00edas m\u00f3viles, aunque cada vez los m\u00f3viles y wearables saben m\u00e1s de nuestras vidas, qu\u00e9 hacemos y cu\u00e1ndo lo hacemos e, incluso, c\u00f3mo nos sentimos y qu\u00e9 pensamos\u00bb, subraya el director cient\u00edfico de Tecnolog\u00edas Industriales de Eurecat, Ricard Jim\u00e9nez.<\/p>\n<p>Seg\u00fan el director del Centro de Excelencia en Big Data de Barcelona, \u200b\u200bMarc Torrent, el MWC refleja la incidencia \u00ab<strong>cada vez mayor del Big Data ligado al m\u00f3vil<\/strong> en un n\u00famero creciente de sectores, como la movilidad urbana, la alimentaci\u00f3n o el retail\u00bb.<\/p>\n<p>Otra tecnolog\u00eda presente en el MWC es el <strong>Indoor positioning<\/strong>, que permite la localizaci\u00f3n precisa de tel\u00e9fonos m\u00f3viles y otros dispositivos en interiores de edificios donde no llega el GPS.<\/p>\n<p>Tambi\u00e9n est\u00e1 en auge la \u00faltima generaci\u00f3n de <strong>biosensores<\/strong> donde, utilizando m\u00f3dulos de funci\u00f3n incorporados, el smartphone se puede utilizar como controlador, analizador y visualizador para un monitoreo r\u00e1pido y en tiempo real.<\/p>\n<p>En paralelo, las necesidades de fabricaci\u00f3n y de integraci\u00f3n de todos los dispositivos muestran una clara tendencia a la<strong> miniaturizaci\u00f3n<\/strong>, de forma que tecnolog\u00edas de fabricaci\u00f3n disruptivas, como puede ser el moldeo de componentes pl\u00e1sticos por ultrasonidos, est\u00e1n permitiendo pensar en nuevos horizontes funcionales, minimizando el impacto ecol\u00f3gico.<\/p>\n<p><strong>Tecnolog\u00eda consolidada <\/strong><\/p>\n<p>El MWC tambi\u00e9n sirve para <strong>consolidar tecnolog\u00edas que se presentaron en a\u00f1os anteriores y que cada vez est\u00e1n m\u00e1s extendidas<\/strong>. Es el caso de las herramientas de realidad virtual y aumentada, que a corto plazo tendr\u00e1n un papel destacado en el \u00e1mbito del ocio y de las industrias culturales.<\/p>\n<p>En previsiones de la directora cient\u00edfica de tecnolog\u00edas de Eurecat, \u00abla realidad virtual ser\u00e1 un est\u00e1ndar de ocio en pocos meses\u00bb y quedar\u00e1 \u00abdefinitivamente implantada\u00bb con la rapidez de la transmisi\u00f3n de datos, que permitir\u00e1 \u00abretransmisiones inmersivas de eventos como partidos de f\u00fatbol\u00bb.<\/p>\n<p>En este \u00e1mbito, el nuevo est\u00e1ndar de audio 3D, que Eurecat present\u00f3 el a\u00f1o pasado, llegar\u00e1 este mismo 2017 en el mercado. El proyecto Sf\u00ebar permite reproducir m\u00fasica en formato binaural a trav\u00e9s del m\u00f3vil de forma interactiva, y puede convertirse en el nuevo est\u00e1ndar de audio, como lo fue el est\u00e9reo en su momento. Esta tecnolog\u00eda, combinada con la visualizaci\u00f3n 3D, estar\u00e1 presente en aplicaciones de realidad virtual.<\/p>\n","protected":false},"excerpt":{"rendered":"<p>La presente edici\u00f3n del Mobile World Congress muestra la incidencia de tecnolog\u00edas digitales disruptivas que podr\u00edan llegar al mercado antes de dos a\u00f1os, muchas de las cu\u00e1les se est\u00e1n investigando en Catalu\u00f1a. Se trata de tecnolog\u00edas como el Big Data ligado al m\u00f3vil, el 5G y nuevos productos de consumo conectados dirigidos a m\u00faltiples facetas.  [&#8230;]<\/p>\n","protected":false},"author":6,"featured_media":22029,"comment_status":"open","ping_status":"closed","sticky":false,"template":"","format":"standard","meta":{"footnotes":""},"categories":[133,727],"tags":[671,1405,673,674],"class_list":["post-22040","post","type-post","status-publish","format-standard","has-post-thumbnail","hentry","category-blog","category-ferias","tag-mobile-world-congress","tag-mobile-world-congress-es","tag-mwc","tag-tendencias-mobile-world-congress"],"yoast_head":"<!-- This site is optimized with the Yoast SEO plugin v27.5 - https:\/\/yoast.com\/product\/yoast-seo-wordpress\/ -->\n<title>Tendencias del Mobile World Congress: Big Data, 5G y productos de consumo conectados<\/title>\n<meta name=\"description\" content=\"Nuestros expertos analizan las principales tendencias del Mobile World Congress: Big Data, 5G y productos de consumo conectados\" \/>\n<meta name=\"robots\" content=\"index, follow, max-snippet:-1, max-image-preview:large, max-video-preview:-1\" \/>\n<link rel=\"canonical\" href=\"https:\/\/eurecat.org\/es\/tendencias-del-mobile-world-congress-2017\/\" \/>\n<meta property=\"og:locale\" content=\"es_ES\" \/>\n<meta property=\"og:type\" content=\"article\" \/>\n<meta property=\"og:title\" content=\"Tendencias del Mobile World Congress: Big Data, 5G y productos de consumo conectados\" \/>\n<meta property=\"og:description\" content=\"Nuestros expertos analizan las principales tendencias del Mobile World Congress: Big Data, 5G y productos de consumo conectados\" \/>\n<meta property=\"og:url\" content=\"https:\/\/eurecat.org\/es\/tendencias-del-mobile-world-congress-2017\/\" \/>\n<meta property=\"og:site_name\" content=\"Eurecat\" \/>\n<meta property=\"article:published_time\" content=\"2017-02-27T12:19:14+00:00\" \/>\n<meta property=\"article:modified_time\" content=\"2017-02-27T16:03:59+00:00\" \/>\n<meta property=\"og:image\" content=\"https:\/\/eurecat.org\/wp-content\/uploads\/2017\/02\/tendencies-al-mobile-world-congress.jpg\" \/>\n\t<meta property=\"og:image:width\" content=\"800\" \/>\n\t<meta property=\"og:image:height\" content=\"450\" \/>\n\t<meta property=\"og:image:type\" content=\"image\/jpeg\" \/>\n<meta name=\"author\" content=\"EurecatEM\" \/>\n<meta name=\"twitter:card\" content=\"summary_large_image\" \/>\n<meta name=\"twitter:label1\" content=\"Escrito por\" \/>\n\t<meta name=\"twitter:data1\" content=\"EurecatEM\" \/>\n\t<meta name=\"twitter:label2\" content=\"Tiempo de lectura\" \/>\n\t<meta name=\"twitter:data2\" content=\"3 minutos\" \/>\n<script type=\"application\/ld+json\" class=\"yoast-schema-graph\">{\"@context\":\"https:\\\/\\\/schema.org\",\"@graph\":[{\"@type\":\"Article\",\"@id\":\"https:\\\/\\\/eurecat.org\\\/es\\\/tendencias-del-mobile-world-congress-2017\\\/#article\",\"isPartOf\":{\"@id\":\"https:\\\/\\\/eurecat.org\\\/es\\\/tendencias-del-mobile-world-congress-2017\\\/\"},\"author\":{\"name\":\"EurecatEM\",\"@id\":\"https:\\\/\\\/eurecat.org\\\/es\\\/#\\\/schema\\\/person\\\/540d47fd9da63c4587cbae01b88e4db3\"},\"headline\":\"Tendencias del Mobile World Congress: Big Data, 5G y productos de consumo conectados\",\"datePublished\":\"2017-02-27T12:19:14+00:00\",\"dateModified\":\"2017-02-27T16:03:59+00:00\",\"mainEntityOfPage\":{\"@id\":\"https:\\\/\\\/eurecat.org\\\/es\\\/tendencias-del-mobile-world-congress-2017\\\/\"},\"wordCount\":663,\"commentCount\":0,\"image\":{\"@id\":\"https:\\\/\\\/eurecat.org\\\/es\\\/tendencias-del-mobile-world-congress-2017\\\/#primaryimage\"},\"thumbnailUrl\":\"https:\\\/\\\/eurecat.org\\\/wp-content\\\/uploads\\\/2017\\\/02\\\/tendencies-al-mobile-world-congress.jpg\",\"keywords\":[\"mobile world congress\",\"mobile world congress\",\"MWC\",\"tendencias mobile world congress\"],\"articleSection\":[\"Blog\",\"Ferias\"],\"inLanguage\":\"es\",\"potentialAction\":[{\"@type\":\"CommentAction\",\"name\":\"Comment\",\"target\":[\"https:\\\/\\\/eurecat.org\\\/es\\\/tendencias-del-mobile-world-congress-2017\\\/#respond\"]}]},{\"@type\":\"WebPage\",\"@id\":\"https:\\\/\\\/eurecat.org\\\/es\\\/tendencias-del-mobile-world-congress-2017\\\/\",\"url\":\"https:\\\/\\\/eurecat.org\\\/es\\\/tendencias-del-mobile-world-congress-2017\\\/\",\"name\":\"Tendencias del Mobile World Congress: Big Data, 5G y productos de consumo conectados\",\"isPartOf\":{\"@id\":\"https:\\\/\\\/eurecat.org\\\/es\\\/#website\"},\"primaryImageOfPage\":{\"@id\":\"https:\\\/\\\/eurecat.org\\\/es\\\/tendencias-del-mobile-world-congress-2017\\\/#primaryimage\"},\"image\":{\"@id\":\"https:\\\/\\\/eurecat.org\\\/es\\\/tendencias-del-mobile-world-congress-2017\\\/#primaryimage\"},\"thumbnailUrl\":\"https:\\\/\\\/eurecat.org\\\/wp-content\\\/uploads\\\/2017\\\/02\\\/tendencies-al-mobile-world-congress.jpg\",\"datePublished\":\"2017-02-27T12:19:14+00:00\",\"dateModified\":\"2017-02-27T16:03:59+00:00\",\"author\":{\"@id\":\"https:\\\/\\\/eurecat.org\\\/es\\\/#\\\/schema\\\/person\\\/540d47fd9da63c4587cbae01b88e4db3\"},\"description\":\"Nuestros expertos analizan las principales tendencias del Mobile World Congress: Big Data, 5G y productos de consumo conectados\",\"breadcrumb\":{\"@id\":\"https:\\\/\\\/eurecat.org\\\/es\\\/tendencias-del-mobile-world-congress-2017\\\/#breadcrumb\"},\"inLanguage\":\"es\",\"potentialAction\":[{\"@type\":\"ReadAction\",\"target\":[\"https:\\\/\\\/eurecat.org\\\/es\\\/tendencias-del-mobile-world-congress-2017\\\/\"]}]},{\"@type\":\"ImageObject\",\"inLanguage\":\"es\",\"@id\":\"https:\\\/\\\/eurecat.org\\\/es\\\/tendencias-del-mobile-world-congress-2017\\\/#primaryimage\",\"url\":\"https:\\\/\\\/eurecat.org\\\/wp-content\\\/uploads\\\/2017\\\/02\\\/tendencies-al-mobile-world-congress.jpg\",\"contentUrl\":\"https:\\\/\\\/eurecat.org\\\/wp-content\\\/uploads\\\/2017\\\/02\\\/tendencies-al-mobile-world-congress.jpg\",\"width\":800,\"height\":450},{\"@type\":\"BreadcrumbList\",\"@id\":\"https:\\\/\\\/eurecat.org\\\/es\\\/tendencias-del-mobile-world-congress-2017\\\/#breadcrumb\",\"itemListElement\":[{\"@type\":\"ListItem\",\"position\":1,\"name\":\"Inici\",\"item\":\"https:\\\/\\\/eurecat.org\\\/es\\\/\"},{\"@type\":\"ListItem\",\"position\":2,\"name\":\"Tendencias del Mobile World Congress: Big Data, 5G y productos de consumo conectados\"}]},{\"@type\":\"WebSite\",\"@id\":\"https:\\\/\\\/eurecat.org\\\/es\\\/#website\",\"url\":\"https:\\\/\\\/eurecat.org\\\/es\\\/\",\"name\":\"Eurecat\",\"description\":\"Otro sitio realizado con WordPress\",\"potentialAction\":[{\"@type\":\"SearchAction\",\"target\":{\"@type\":\"EntryPoint\",\"urlTemplate\":\"https:\\\/\\\/eurecat.org\\\/es\\\/?s={search_term_string}\"},\"query-input\":{\"@type\":\"PropertyValueSpecification\",\"valueRequired\":true,\"valueName\":\"search_term_string\"}}],\"inLanguage\":\"es\"},{\"@type\":\"Person\",\"@id\":\"https:\\\/\\\/eurecat.org\\\/es\\\/#\\\/schema\\\/person\\\/540d47fd9da63c4587cbae01b88e4db3\",\"name\":\"EurecatEM\",\"image\":{\"@type\":\"ImageObject\",\"inLanguage\":\"es\",\"@id\":\"https:\\\/\\\/secure.gravatar.com\\\/avatar\\\/deb330c0660ac5bf74cae5724d94229935e34c26df9bce576399b4da2212af05?s=96&d=mm&r=g\",\"url\":\"https:\\\/\\\/secure.gravatar.com\\\/avatar\\\/deb330c0660ac5bf74cae5724d94229935e34c26df9bce576399b4da2212af05?s=96&d=mm&r=g\",\"contentUrl\":\"https:\\\/\\\/secure.gravatar.com\\\/avatar\\\/deb330c0660ac5bf74cae5724d94229935e34c26df9bce576399b4da2212af05?s=96&d=mm&r=g\",\"caption\":\"EurecatEM\"}}]}<\/script>\n<!-- \/ Yoast SEO plugin. -->","yoast_head_json":{"title":"Tendencias del Mobile World Congress: Big Data, 5G y productos de consumo conectados","description":"Nuestros expertos analizan las principales tendencias del Mobile World Congress: Big Data, 5G y productos de consumo conectados","robots":{"index":"index","follow":"follow","max-snippet":"max-snippet:-1","max-image-preview":"max-image-preview:large","max-video-preview":"max-video-preview:-1"},"canonical":"https:\/\/eurecat.org\/es\/tendencias-del-mobile-world-congress-2017\/","og_locale":"es_ES","og_type":"article","og_title":"Tendencias del Mobile World Congress: Big Data, 5G y productos de consumo conectados","og_description":"Nuestros expertos analizan las principales tendencias del Mobile World Congress: Big Data, 5G y productos de consumo conectados","og_url":"https:\/\/eurecat.org\/es\/tendencias-del-mobile-world-congress-2017\/","og_site_name":"Eurecat","article_published_time":"2017-02-27T12:19:14+00:00","article_modified_time":"2017-02-27T16:03:59+00:00","og_image":[{"width":800,"height":450,"url":"https:\/\/eurecat.org\/wp-content\/uploads\/2017\/02\/tendencies-al-mobile-world-congress.jpg","type":"image\/jpeg"}],"author":"EurecatEM","twitter_card":"summary_large_image","twitter_misc":{"Escrito por":"EurecatEM","Tiempo de lectura":"3 minutos"},"schema":{"@context":"https:\/\/schema.org","@graph":[{"@type":"Article","@id":"https:\/\/eurecat.org\/es\/tendencias-del-mobile-world-congress-2017\/#article","isPartOf":{"@id":"https:\/\/eurecat.org\/es\/tendencias-del-mobile-world-congress-2017\/"},"author":{"name":"EurecatEM","@id":"https:\/\/eurecat.org\/es\/#\/schema\/person\/540d47fd9da63c4587cbae01b88e4db3"},"headline":"Tendencias del Mobile World Congress: Big Data, 5G y productos de consumo conectados","datePublished":"2017-02-27T12:19:14+00:00","dateModified":"2017-02-27T16:03:59+00:00","mainEntityOfPage":{"@id":"https:\/\/eurecat.org\/es\/tendencias-del-mobile-world-congress-2017\/"},"wordCount":663,"commentCount":0,"image":{"@id":"https:\/\/eurecat.org\/es\/tendencias-del-mobile-world-congress-2017\/#primaryimage"},"thumbnailUrl":"https:\/\/eurecat.org\/wp-content\/uploads\/2017\/02\/tendencies-al-mobile-world-congress.jpg","keywords":["mobile world congress","mobile world congress","MWC","tendencias mobile world congress"],"articleSection":["Blog","Ferias"],"inLanguage":"es","potentialAction":[{"@type":"CommentAction","name":"Comment","target":["https:\/\/eurecat.org\/es\/tendencias-del-mobile-world-congress-2017\/#respond"]}]},{"@type":"WebPage","@id":"https:\/\/eurecat.org\/es\/tendencias-del-mobile-world-congress-2017\/","url":"https:\/\/eurecat.org\/es\/tendencias-del-mobile-world-congress-2017\/","name":"Tendencias del Mobile World Congress: Big Data, 5G y productos de consumo conectados","isPartOf":{"@id":"https:\/\/eurecat.org\/es\/#website"},"primaryImageOfPage":{"@id":"https:\/\/eurecat.org\/es\/tendencias-del-mobile-world-congress-2017\/#primaryimage"},"image":{"@id":"https:\/\/eurecat.org\/es\/tendencias-del-mobile-world-congress-2017\/#primaryimage"},"thumbnailUrl":"https:\/\/eurecat.org\/wp-content\/uploads\/2017\/02\/tendencies-al-mobile-world-congress.jpg","datePublished":"2017-02-27T12:19:14+00:00","dateModified":"2017-02-27T16:03:59+00:00","author":{"@id":"https:\/\/eurecat.org\/es\/#\/schema\/person\/540d47fd9da63c4587cbae01b88e4db3"},"description":"Nuestros expertos analizan las principales tendencias del Mobile World Congress: Big Data, 5G y productos de consumo conectados","breadcrumb":{"@id":"https:\/\/eurecat.org\/es\/tendencias-del-mobile-world-congress-2017\/#breadcrumb"},"inLanguage":"es","potentialAction":[{"@type":"ReadAction","target":["https:\/\/eurecat.org\/es\/tendencias-del-mobile-world-congress-2017\/"]}]},{"@type":"ImageObject","inLanguage":"es","@id":"https:\/\/eurecat.org\/es\/tendencias-del-mobile-world-congress-2017\/#primaryimage","url":"https:\/\/eurecat.org\/wp-content\/uploads\/2017\/02\/tendencies-al-mobile-world-congress.jpg","contentUrl":"https:\/\/eurecat.org\/wp-content\/uploads\/2017\/02\/tendencies-al-mobile-world-congress.jpg","width":800,"height":450},{"@type":"BreadcrumbList","@id":"https:\/\/eurecat.org\/es\/tendencias-del-mobile-world-congress-2017\/#breadcrumb","itemListElement":[{"@type":"ListItem","position":1,"name":"Inici","item":"https:\/\/eurecat.org\/es\/"},{"@type":"ListItem","position":2,"name":"Tendencias del Mobile World Congress: Big Data, 5G y productos de consumo conectados"}]},{"@type":"WebSite","@id":"https:\/\/eurecat.org\/es\/#website","url":"https:\/\/eurecat.org\/es\/","name":"Eurecat","description":"Otro sitio realizado con WordPress","potentialAction":[{"@type":"SearchAction","target":{"@type":"EntryPoint","urlTemplate":"https:\/\/eurecat.org\/es\/?s={search_term_string}"},"query-input":{"@type":"PropertyValueSpecification","valueRequired":true,"valueName":"search_term_string"}}],"inLanguage":"es"},{"@type":"Person","@id":"https:\/\/eurecat.org\/es\/#\/schema\/person\/540d47fd9da63c4587cbae01b88e4db3","name":"EurecatEM","image":{"@type":"ImageObject","inLanguage":"es","@id":"https:\/\/secure.gravatar.com\/avatar\/deb330c0660ac5bf74cae5724d94229935e34c26df9bce576399b4da2212af05?s=96&d=mm&r=g","url":"https:\/\/secure.gravatar.com\/avatar\/deb330c0660ac5bf74cae5724d94229935e34c26df9bce576399b4da2212af05?s=96&d=mm&r=g","contentUrl":"https:\/\/secure.gravatar.com\/avatar\/deb330c0660ac5bf74cae5724d94229935e34c26df9bce576399b4da2212af05?s=96&d=mm&r=g","caption":"EurecatEM"}}]}},"_links":{"self":[{"href":"https:\/\/eurecat.org\/es\/wp-json\/wp\/v2\/posts\/22040","targetHints":{"allow":["GET"]}}],"collection":[{"href":"https:\/\/eurecat.org\/es\/wp-json\/wp\/v2\/posts"}],"about":[{"href":"https:\/\/eurecat.org\/es\/wp-json\/wp\/v2\/types\/post"}],"author":[{"embeddable":true,"href":"https:\/\/eurecat.org\/es\/wp-json\/wp\/v2\/users\/6"}],"replies":[{"embeddable":true,"href":"https:\/\/eurecat.org\/es\/wp-json\/wp\/v2\/comments?post=22040"}],"version-history":[{"count":0,"href":"https:\/\/eurecat.org\/es\/wp-json\/wp\/v2\/posts\/22040\/revisions"}],"wp:featuredmedia":[{"embeddable":true,"href":"https:\/\/eurecat.org\/es\/wp-json\/wp\/v2\/media\/22029"}],"wp:attachment":[{"href":"https:\/\/eurecat.org\/es\/wp-json\/wp\/v2\/media?parent=22040"}],"wp:term":[{"taxonomy":"category","embeddable":true,"href":"https:\/\/eurecat.org\/es\/wp-json\/wp\/v2\/categories?post=22040"},{"taxonomy":"post_tag","embeddable":true,"href":"https:\/\/eurecat.org\/es\/wp-json\/wp\/v2\/tags?post=22040"}],"curies":[{"name":"wp","href":"https:\/\/api.w.org\/{rel}","templated":true}]}}