{"id":22452,"date":"2017-03-02T12:22:57","date_gmt":"2017-03-02T12:22:57","guid":{"rendered":"http:\/\/eurecat.org\/?p=22452\/"},"modified":"2019-07-19T12:23:05","modified_gmt":"2019-07-19T12:23:05","slug":"mwc-eurecat-impacto-negocio","status":"publish","type":"post","link":"https:\/\/eurecat.org\/es\/mwc-eurecat-impacto-negocio\/","title":{"rendered":"Eurecat destaca el impacto del MWC a nivel de negocio y el auge de la movilidad en todos los sectores"},"content":{"rendered":"<h1 style=\"text-align: center;\"><span style=\"color: #000000;\">MOBILE WORLD CONGRESS 2017<\/span><\/h1>\n<p><strong><u>Barcelona, 2 de marzo de 2016.-<\/u> <\/strong>El centro tecnol\u00f3gico\u00a0<strong><span style=\"color: #800080;\"><a style=\"color: #800080;\" href=\"https:\/\/eurecat.org\/\">Eurecat<\/a><\/span><\/strong> (miembro de Tecnio) ha valorado hoy el impacto de su participaci\u00f3n en el Mobile World Congress en el establecimiento de contactos empresariales de primer nivel y ha destacado el \u00abauge imparable de la aplicaci\u00f3n de las tecnolog\u00edas m\u00f3viles en casi todos los sectores\u00bb como factor fundamental de competitividad y su importancia en la vida de las personas.<\/p>\n<p>En palabras del <strong>director general de Desarrollo de Negocio de Eurecat, Miquel Rey<\/strong>, \u00abtanto las visitas al stand del centro tecnol\u00f3gico en el \u00e1mbito de la salud, el Big Data, el sonido 3D, el Internet de las Cosas o la rob\u00f3tica, como las reuniones realizadas muestran la importancia de la movilidad en todas las tecnolog\u00edas y negocios\u00bb.<\/p>\n<blockquote><p>El centro tecnol\u00f3gico subraya el inter\u00e9s de m\u00e1s sectores hacia las tecnolog\u00edas m\u00f3viles, impulsado por el aumento de la capacidad de transmisi\u00f3n de datos.<\/p><\/blockquote>\n<p>En este respecto, a\u00f1ade, \u00abla oferta tecnol\u00f3gica de Eurecat en campos como la anal\u00edtica de <strong>Big Data, la inteligencia artificial o la ciberseguridad<\/strong> ha despertado especial inter\u00e9s entre empresas de este sector que han visitado el stand de Eurecat, entre las que hay que hacer menci\u00f3n de una delegaci\u00f3n de Seat encabezada por su presidente \u00ab.<\/p>\n<p>En su opini\u00f3n, la industria TIC catalana ha mostrado tambi\u00e9n que \u00abconsidera el <strong><span style=\"color: #800080;\">MW<\/span><span style=\"color: #800080;\">C<\/span><\/strong> como una plataforma de reforzamiento de su etapa actual de crecimiento, donde ha quedado patente el trabajo previo de este sector para aprovechar al m\u00e1ximo la feria\u00bb, que es \u00abclave tanto por cantidad y calidad de expositores y visitantes\u00bb.<\/p>\n<p>Asimismo, durante los cuatro d\u00edas del congreso, Eurecat ha mantenido tambi\u00e9n \u00abcontactos muy interesantes con otros centros tecnol\u00f3gicos de todo el mundo\u00bb, con l\u00edneas de investigaci\u00f3n similares en los \u00e1mbitos de deep learning y otras tecnolog\u00edas innovadoras.<\/p>\n<p>Durante el MWC, Eurecat ha mostrado c\u00f3mo las nuevas tecnolog\u00edas m\u00f3viles contribuyen a potenciar los h\u00e1bitos de vida saludables, mediante un asistente para smartphone que incentiva la pr\u00e1ctica de deporte y una dieta equilibrada entre adolescentes, a trav\u00e9s de un videojuego, con el ayuda de una pulsera y de una camiseta inteligentes.<\/p>\n<p>El centro tecnol\u00f3gico tambi\u00e9n ha dado a conocer casos de \u00e9xito del <strong><span style=\"color: #800080;\">Centro de Excelencia en Big Data<\/span><\/strong> aplicados a la movilidad urbana, como el estudio sobre el flujo de visitantes a la Sagrada Familia realizado conjuntamente con el Ayuntamiento de Barcelona, la Fundaci\u00f3n Mobile World Capital y Orange.<\/p>\n<p>Tambi\u00e9n en el \u00e1mbito del Big Data, ha mostrado ejemplos de uso de macrodatos con fines industriales para la mejora de la salud y la calidad de vida, y los \u00faltimos avances en tecnolog\u00edas de realidad virtual y aumentada aplicada a la empresa en su transformaci\u00f3n hacia la Industria 4.0<\/p>\n<p>El centro tecnol\u00f3gico tambi\u00e9n ha estado presente en la Drone Zone del congreso, donde ha presentado las capacidades industriales de la rob\u00f3tica a\u00e9rea y su uso para la inspecci\u00f3n del alcantarillado en Barcelona. El Mobile World Congress ha servido, adem\u00e1s, para mostrar los avances en la tecnolog\u00eda Sf\u00ebar de audio 3D presentada por Eurecat en la anterior edici\u00f3n, que permite una experiencia inmersiva e interactiva en sectores de la industria cultural como el del videojuego.<\/p>\n<p><strong>Pod\u00e9is solicitar entrevistas o ampliar la informaci\u00f3n en el correo <\/strong><a href=\"mailto:premsa@eurecat.org\"><strong>premsa@eurecat.org<\/strong><\/a><strong> o en el tel\u00e9fono 630 425 169.<\/strong><\/p>\n<p><strong>\u00a0<\/strong><\/p>\n<p><strong>Sobre Eurecat<\/strong><\/p>\n<p>Eurecat, Centro Tecnol\u00f3gico de Catalu\u00f1a (miembro de Tecnio), aglutina la experiencia de m\u00e1s de <strong>600 profesionales<\/strong> que generan un volumen de ingresos de <strong>43 millones de euros anuales<\/strong> y presta servicio a m\u00e1s de <strong>1.000 empresas<\/strong>. <strong>I+D aplicado<\/strong>, <strong>servicios tecnol\u00f3gicos<\/strong>, <strong>formaci\u00f3n de alta especializaci\u00f3n<\/strong>, <strong>consultor\u00eda tecnol\u00f3gica<\/strong> y <strong>eventos profesionales<\/strong> son algunos de los servicios que Eurecat ofrece tanto para grandes como para peque\u00f1as y medianas empresas de todos los sectores. Con instalaciones en Barcelona, Canet de Mar, Cerdanyola del Vall\u00e8s, Girona, Lleida, Manresa, Matar\u00f3, Reus y Amposta y con una sede en Brasil, participa en <strong>160 grandes proyectos consorciados de I+D+i<\/strong> nacionales e internacionales de alto valor estrat\u00e9gico y cuenta con <strong>73 patentes<\/strong> y <strong>7 spin-off<\/strong>. El valor a\u00f1adido que aporta Eurecat <strong>acelera la innovaci\u00f3n<\/strong>, <strong>disminuye el gasto en infraestructuras<\/strong> cient\u00edficas y tecnol\u00f3gicas, <strong>reduce los riesgos <\/strong>y proporciona <strong>conocimiento especializado <\/strong>a medida de cada empresa. <strong>M\u00e1s informaci\u00f3n en <\/strong><a href=\"http:\/\/www.eurecat.org\"><strong>www.eurecat.org<\/strong><\/a><\/p>\n<p>&nbsp;<\/p>\n<p><strong><em>M\u00e1s informaci\u00f3n:<\/em><\/strong><\/p>\n<p><strong>Montse Mascar\u00f3<br \/>\nPrensa | Direcci\u00f3n de Comunicaci\u00f3n Corporativa <\/strong><strong>Eurecat<\/strong><\/p>\n<p><strong>Tel. (+34) 932 381 400 | M\u00f3vil: (+34) 630 425 169<br \/>\nC\/e: premsa@eurecat.org | <\/strong><a href=\"http:\/\/www.eurecat.org\">www.eurecat.org<\/a><\/p>\n","protected":false},"excerpt":{"rendered":"<p>MOBILE WORLD CONGRESS 2017 Barcelona, 2 de marzo de 2016.- El centro tecnol\u00f3gico\u00a0Eurecat (miembro de Tecnio) ha valorado hoy el impacto de su participaci\u00f3n en el Mobile World Congress en el establecimiento de contactos empresariales de primer nivel y ha destacado el \u00abauge imparable de la aplicaci\u00f3n de las tecnolog\u00edas m\u00f3viles en casi todos los  [&#8230;]<\/p>\n","protected":false},"author":12,"featured_media":22450,"comment_status":"open","ping_status":"closed","sticky":false,"template":"","format":"standard","meta":{"footnotes":""},"categories":[392,702,727,134,412],"tags":[673],"class_list":["post-22452","post","type-post","status-publish","format-standard","has-post-thumbnail","hentry","category-big-data-analytics","category-eventos","category-ferias","category-notas-de-prensa","category-tecnologias-audiovisuales","tag-mwc"],"yoast_head":"<!-- This site is optimized with the Yoast SEO plugin v27.4 - https:\/\/yoast.com\/product\/yoast-seo-wordpress\/ -->\n<title>Eurecat destaca el impacto del MWC a nivel de negocio<\/title>\n<meta name=\"description\" content=\"Eurecat ha valorado el impacto de la su participaci\u00f3n en el Mobile World Congress en el establecimiento de contactos empresariales de primer nivel\" \/>\n<meta name=\"robots\" content=\"index, follow, max-snippet:-1, max-image-preview:large, max-video-preview:-1\" \/>\n<link rel=\"canonical\" href=\"https:\/\/eurecat.org\/es\/mwc-eurecat-impacto-negocio\/\" \/>\n<meta property=\"og:locale\" content=\"es_ES\" \/>\n<meta property=\"og:type\" content=\"article\" \/>\n<meta property=\"og:title\" content=\"Eurecat destaca el impacto del MWC a nivel de negocio\" \/>\n<meta property=\"og:description\" content=\"Eurecat ha valorado el impacto de la su participaci\u00f3n en el Mobile World Congress en el establecimiento de contactos empresariales de primer nivel\" \/>\n<meta property=\"og:url\" content=\"https:\/\/eurecat.org\/es\/mwc-eurecat-impacto-negocio\/\" \/>\n<meta property=\"og:site_name\" content=\"Eurecat\" \/>\n<meta property=\"article:published_time\" content=\"2017-03-02T12:22:57+00:00\" \/>\n<meta property=\"article:modified_time\" content=\"2019-07-19T12:23:05+00:00\" \/>\n<meta property=\"og:image\" content=\"https:\/\/eurecat.org\/wp-content\/uploads\/2017\/03\/Facebook_MWC_2017_800px.jpg\" \/>\n\t<meta property=\"og:image:width\" content=\"800\" \/>\n\t<meta property=\"og:image:height\" content=\"461\" \/>\n\t<meta property=\"og:image:type\" content=\"image\/jpeg\" \/>\n<meta name=\"author\" content=\"EurecatEG\" \/>\n<meta name=\"twitter:card\" content=\"summary_large_image\" \/>\n<meta name=\"twitter:label1\" content=\"Escrito por\" \/>\n\t<meta name=\"twitter:data1\" content=\"EurecatEG\" \/>\n\t<meta name=\"twitter:label2\" content=\"Tiempo de lectura\" \/>\n\t<meta name=\"twitter:data2\" content=\"4 minutos\" \/>\n<script type=\"application\/ld+json\" class=\"yoast-schema-graph\">{\"@context\":\"https:\\\/\\\/schema.org\",\"@graph\":[{\"@type\":\"Article\",\"@id\":\"https:\\\/\\\/eurecat.org\\\/es\\\/mwc-eurecat-impacto-negocio\\\/#article\",\"isPartOf\":{\"@id\":\"https:\\\/\\\/eurecat.org\\\/es\\\/mwc-eurecat-impacto-negocio\\\/\"},\"author\":{\"name\":\"EurecatEG\",\"@id\":\"https:\\\/\\\/eurecat.org\\\/es\\\/#\\\/schema\\\/person\\\/def9217eded50ee57a9dc4cf0c883f80\"},\"headline\":\"Eurecat destaca el impacto del MWC a nivel de negocio y el auge de la movilidad en todos los sectores\",\"datePublished\":\"2017-03-02T12:22:57+00:00\",\"dateModified\":\"2019-07-19T12:23:05+00:00\",\"mainEntityOfPage\":{\"@id\":\"https:\\\/\\\/eurecat.org\\\/es\\\/mwc-eurecat-impacto-negocio\\\/\"},\"wordCount\":805,\"commentCount\":0,\"image\":{\"@id\":\"https:\\\/\\\/eurecat.org\\\/es\\\/mwc-eurecat-impacto-negocio\\\/#primaryimage\"},\"thumbnailUrl\":\"https:\\\/\\\/eurecat.org\\\/wp-content\\\/uploads\\\/2017\\\/03\\\/Facebook_MWC_2017_800px.jpg\",\"keywords\":[\"MWC\"],\"articleSection\":[\"Data Science &amp; Big Data Analytics\",\"Eventos\",\"Ferias\",\"Notas de prensa\",\"Tecnolog\u00edas Audiovisuales\"],\"inLanguage\":\"es\",\"potentialAction\":[{\"@type\":\"CommentAction\",\"name\":\"Comment\",\"target\":[\"https:\\\/\\\/eurecat.org\\\/es\\\/mwc-eurecat-impacto-negocio\\\/#respond\"]}]},{\"@type\":\"WebPage\",\"@id\":\"https:\\\/\\\/eurecat.org\\\/es\\\/mwc-eurecat-impacto-negocio\\\/\",\"url\":\"https:\\\/\\\/eurecat.org\\\/es\\\/mwc-eurecat-impacto-negocio\\\/\",\"name\":\"Eurecat destaca el impacto del MWC a nivel de negocio\",\"isPartOf\":{\"@id\":\"https:\\\/\\\/eurecat.org\\\/es\\\/#website\"},\"primaryImageOfPage\":{\"@id\":\"https:\\\/\\\/eurecat.org\\\/es\\\/mwc-eurecat-impacto-negocio\\\/#primaryimage\"},\"image\":{\"@id\":\"https:\\\/\\\/eurecat.org\\\/es\\\/mwc-eurecat-impacto-negocio\\\/#primaryimage\"},\"thumbnailUrl\":\"https:\\\/\\\/eurecat.org\\\/wp-content\\\/uploads\\\/2017\\\/03\\\/Facebook_MWC_2017_800px.jpg\",\"datePublished\":\"2017-03-02T12:22:57+00:00\",\"dateModified\":\"2019-07-19T12:23:05+00:00\",\"author\":{\"@id\":\"https:\\\/\\\/eurecat.org\\\/es\\\/#\\\/schema\\\/person\\\/def9217eded50ee57a9dc4cf0c883f80\"},\"description\":\"Eurecat ha valorado el impacto de la su participaci\u00f3n en el Mobile World Congress en el establecimiento de contactos empresariales de primer nivel\",\"breadcrumb\":{\"@id\":\"https:\\\/\\\/eurecat.org\\\/es\\\/mwc-eurecat-impacto-negocio\\\/#breadcrumb\"},\"inLanguage\":\"es\",\"potentialAction\":[{\"@type\":\"ReadAction\",\"target\":[\"https:\\\/\\\/eurecat.org\\\/es\\\/mwc-eurecat-impacto-negocio\\\/\"]}]},{\"@type\":\"ImageObject\",\"inLanguage\":\"es\",\"@id\":\"https:\\\/\\\/eurecat.org\\\/es\\\/mwc-eurecat-impacto-negocio\\\/#primaryimage\",\"url\":\"https:\\\/\\\/eurecat.org\\\/wp-content\\\/uploads\\\/2017\\\/03\\\/Facebook_MWC_2017_800px.jpg\",\"contentUrl\":\"https:\\\/\\\/eurecat.org\\\/wp-content\\\/uploads\\\/2017\\\/03\\\/Facebook_MWC_2017_800px.jpg\",\"width\":800,\"height\":461},{\"@type\":\"BreadcrumbList\",\"@id\":\"https:\\\/\\\/eurecat.org\\\/es\\\/mwc-eurecat-impacto-negocio\\\/#breadcrumb\",\"itemListElement\":[{\"@type\":\"ListItem\",\"position\":1,\"name\":\"Inici\",\"item\":\"https:\\\/\\\/eurecat.org\\\/es\\\/\"},{\"@type\":\"ListItem\",\"position\":2,\"name\":\"Eurecat destaca el impacto del MWC a nivel de negocio y el auge de la movilidad en todos los sectores\"}]},{\"@type\":\"WebSite\",\"@id\":\"https:\\\/\\\/eurecat.org\\\/es\\\/#website\",\"url\":\"https:\\\/\\\/eurecat.org\\\/es\\\/\",\"name\":\"Eurecat\",\"description\":\"Otro sitio realizado con WordPress\",\"potentialAction\":[{\"@type\":\"SearchAction\",\"target\":{\"@type\":\"EntryPoint\",\"urlTemplate\":\"https:\\\/\\\/eurecat.org\\\/es\\\/?s={search_term_string}\"},\"query-input\":{\"@type\":\"PropertyValueSpecification\",\"valueRequired\":true,\"valueName\":\"search_term_string\"}}],\"inLanguage\":\"es\"},{\"@type\":\"Person\",\"@id\":\"https:\\\/\\\/eurecat.org\\\/es\\\/#\\\/schema\\\/person\\\/def9217eded50ee57a9dc4cf0c883f80\",\"name\":\"EurecatEG\",\"image\":{\"@type\":\"ImageObject\",\"inLanguage\":\"es\",\"@id\":\"https:\\\/\\\/secure.gravatar.com\\\/avatar\\\/f40dd9b6ecd3e5c591f3c9b033e495ee0ec9877ba77249fbf268b3889350c824?s=96&d=mm&r=g\",\"url\":\"https:\\\/\\\/secure.gravatar.com\\\/avatar\\\/f40dd9b6ecd3e5c591f3c9b033e495ee0ec9877ba77249fbf268b3889350c824?s=96&d=mm&r=g\",\"contentUrl\":\"https:\\\/\\\/secure.gravatar.com\\\/avatar\\\/f40dd9b6ecd3e5c591f3c9b033e495ee0ec9877ba77249fbf268b3889350c824?s=96&d=mm&r=g\",\"caption\":\"EurecatEG\"}}]}<\/script>\n<!-- \/ Yoast SEO plugin. -->","yoast_head_json":{"title":"Eurecat destaca el impacto del MWC a nivel de negocio","description":"Eurecat ha valorado el impacto de la su participaci\u00f3n en el Mobile World Congress en el establecimiento de contactos empresariales de primer nivel","robots":{"index":"index","follow":"follow","max-snippet":"max-snippet:-1","max-image-preview":"max-image-preview:large","max-video-preview":"max-video-preview:-1"},"canonical":"https:\/\/eurecat.org\/es\/mwc-eurecat-impacto-negocio\/","og_locale":"es_ES","og_type":"article","og_title":"Eurecat destaca el impacto del MWC a nivel de negocio","og_description":"Eurecat ha valorado el impacto de la su participaci\u00f3n en el Mobile World Congress en el establecimiento de contactos empresariales de primer nivel","og_url":"https:\/\/eurecat.org\/es\/mwc-eurecat-impacto-negocio\/","og_site_name":"Eurecat","article_published_time":"2017-03-02T12:22:57+00:00","article_modified_time":"2019-07-19T12:23:05+00:00","og_image":[{"width":800,"height":461,"url":"https:\/\/eurecat.org\/wp-content\/uploads\/2017\/03\/Facebook_MWC_2017_800px.jpg","type":"image\/jpeg"}],"author":"EurecatEG","twitter_card":"summary_large_image","twitter_misc":{"Escrito por":"EurecatEG","Tiempo de lectura":"4 minutos"},"schema":{"@context":"https:\/\/schema.org","@graph":[{"@type":"Article","@id":"https:\/\/eurecat.org\/es\/mwc-eurecat-impacto-negocio\/#article","isPartOf":{"@id":"https:\/\/eurecat.org\/es\/mwc-eurecat-impacto-negocio\/"},"author":{"name":"EurecatEG","@id":"https:\/\/eurecat.org\/es\/#\/schema\/person\/def9217eded50ee57a9dc4cf0c883f80"},"headline":"Eurecat destaca el impacto del MWC a nivel de negocio y el auge de la movilidad en todos los sectores","datePublished":"2017-03-02T12:22:57+00:00","dateModified":"2019-07-19T12:23:05+00:00","mainEntityOfPage":{"@id":"https:\/\/eurecat.org\/es\/mwc-eurecat-impacto-negocio\/"},"wordCount":805,"commentCount":0,"image":{"@id":"https:\/\/eurecat.org\/es\/mwc-eurecat-impacto-negocio\/#primaryimage"},"thumbnailUrl":"https:\/\/eurecat.org\/wp-content\/uploads\/2017\/03\/Facebook_MWC_2017_800px.jpg","keywords":["MWC"],"articleSection":["Data Science &amp; Big Data Analytics","Eventos","Ferias","Notas de prensa","Tecnolog\u00edas Audiovisuales"],"inLanguage":"es","potentialAction":[{"@type":"CommentAction","name":"Comment","target":["https:\/\/eurecat.org\/es\/mwc-eurecat-impacto-negocio\/#respond"]}]},{"@type":"WebPage","@id":"https:\/\/eurecat.org\/es\/mwc-eurecat-impacto-negocio\/","url":"https:\/\/eurecat.org\/es\/mwc-eurecat-impacto-negocio\/","name":"Eurecat destaca el impacto del MWC a nivel de negocio","isPartOf":{"@id":"https:\/\/eurecat.org\/es\/#website"},"primaryImageOfPage":{"@id":"https:\/\/eurecat.org\/es\/mwc-eurecat-impacto-negocio\/#primaryimage"},"image":{"@id":"https:\/\/eurecat.org\/es\/mwc-eurecat-impacto-negocio\/#primaryimage"},"thumbnailUrl":"https:\/\/eurecat.org\/wp-content\/uploads\/2017\/03\/Facebook_MWC_2017_800px.jpg","datePublished":"2017-03-02T12:22:57+00:00","dateModified":"2019-07-19T12:23:05+00:00","author":{"@id":"https:\/\/eurecat.org\/es\/#\/schema\/person\/def9217eded50ee57a9dc4cf0c883f80"},"description":"Eurecat ha valorado el impacto de la su participaci\u00f3n en el Mobile World Congress en el establecimiento de contactos empresariales de primer nivel","breadcrumb":{"@id":"https:\/\/eurecat.org\/es\/mwc-eurecat-impacto-negocio\/#breadcrumb"},"inLanguage":"es","potentialAction":[{"@type":"ReadAction","target":["https:\/\/eurecat.org\/es\/mwc-eurecat-impacto-negocio\/"]}]},{"@type":"ImageObject","inLanguage":"es","@id":"https:\/\/eurecat.org\/es\/mwc-eurecat-impacto-negocio\/#primaryimage","url":"https:\/\/eurecat.org\/wp-content\/uploads\/2017\/03\/Facebook_MWC_2017_800px.jpg","contentUrl":"https:\/\/eurecat.org\/wp-content\/uploads\/2017\/03\/Facebook_MWC_2017_800px.jpg","width":800,"height":461},{"@type":"BreadcrumbList","@id":"https:\/\/eurecat.org\/es\/mwc-eurecat-impacto-negocio\/#breadcrumb","itemListElement":[{"@type":"ListItem","position":1,"name":"Inici","item":"https:\/\/eurecat.org\/es\/"},{"@type":"ListItem","position":2,"name":"Eurecat destaca el impacto del MWC a nivel de negocio y el auge de la movilidad en todos los sectores"}]},{"@type":"WebSite","@id":"https:\/\/eurecat.org\/es\/#website","url":"https:\/\/eurecat.org\/es\/","name":"Eurecat","description":"Otro sitio realizado con WordPress","potentialAction":[{"@type":"SearchAction","target":{"@type":"EntryPoint","urlTemplate":"https:\/\/eurecat.org\/es\/?s={search_term_string}"},"query-input":{"@type":"PropertyValueSpecification","valueRequired":true,"valueName":"search_term_string"}}],"inLanguage":"es"},{"@type":"Person","@id":"https:\/\/eurecat.org\/es\/#\/schema\/person\/def9217eded50ee57a9dc4cf0c883f80","name":"EurecatEG","image":{"@type":"ImageObject","inLanguage":"es","@id":"https:\/\/secure.gravatar.com\/avatar\/f40dd9b6ecd3e5c591f3c9b033e495ee0ec9877ba77249fbf268b3889350c824?s=96&d=mm&r=g","url":"https:\/\/secure.gravatar.com\/avatar\/f40dd9b6ecd3e5c591f3c9b033e495ee0ec9877ba77249fbf268b3889350c824?s=96&d=mm&r=g","contentUrl":"https:\/\/secure.gravatar.com\/avatar\/f40dd9b6ecd3e5c591f3c9b033e495ee0ec9877ba77249fbf268b3889350c824?s=96&d=mm&r=g","caption":"EurecatEG"}}]}},"_links":{"self":[{"href":"https:\/\/eurecat.org\/es\/wp-json\/wp\/v2\/posts\/22452","targetHints":{"allow":["GET"]}}],"collection":[{"href":"https:\/\/eurecat.org\/es\/wp-json\/wp\/v2\/posts"}],"about":[{"href":"https:\/\/eurecat.org\/es\/wp-json\/wp\/v2\/types\/post"}],"author":[{"embeddable":true,"href":"https:\/\/eurecat.org\/es\/wp-json\/wp\/v2\/users\/12"}],"replies":[{"embeddable":true,"href":"https:\/\/eurecat.org\/es\/wp-json\/wp\/v2\/comments?post=22452"}],"version-history":[{"count":0,"href":"https:\/\/eurecat.org\/es\/wp-json\/wp\/v2\/posts\/22452\/revisions"}],"wp:featuredmedia":[{"embeddable":true,"href":"https:\/\/eurecat.org\/es\/wp-json\/wp\/v2\/media\/22450"}],"wp:attachment":[{"href":"https:\/\/eurecat.org\/es\/wp-json\/wp\/v2\/media?parent=22452"}],"wp:term":[{"taxonomy":"category","embeddable":true,"href":"https:\/\/eurecat.org\/es\/wp-json\/wp\/v2\/categories?post=22452"},{"taxonomy":"post_tag","embeddable":true,"href":"https:\/\/eurecat.org\/es\/wp-json\/wp\/v2\/tags?post=22452"}],"curies":[{"name":"wp","href":"https:\/\/api.w.org\/{rel}","templated":true}]}}