{"id":22496,"date":"2017-03-06T14:41:10","date_gmt":"2017-03-06T14:41:10","guid":{"rendered":"http:\/\/eurecat.org\/el-conseller-de-territori-i-sostenibilitat-visita-les-instal%e2%80%a2lacions-deurecat-a-cerdanyola\/"},"modified":"2017-03-09T14:23:50","modified_gmt":"2017-03-09T14:23:50","slug":"el-conseller-de-territori-i-sostenibilitat-visita-les-instal%e2%80%a2lacions-deurecat-a-cerdanyola","status":"publish","type":"post","link":"https:\/\/eurecat.org\/es\/el-conseller-de-territori-i-sostenibilitat-visita-les-instal%e2%80%a2lacions-deurecat-a-cerdanyola\/","title":{"rendered":"El conseller de Territorio y Sostenibilidad visita las instalaciones de Eurecat en Cerdanyola"},"content":{"rendered":"<h1 style=\"text-align: center;\"><span style=\"color: #000000;\">El conseller de Territorio y Sostenibilidad visita las instalaciones de Eurecat en Cerdanyola<\/span><\/h1>\n<ul>\n<li style=\"text-align: center;\">\n<h2><strong>El conseller ha podido comprobar las aplicaciones del uso de los veh\u00edculos no tripulados que desarrolla Eurecat, tanto en el caso de los drones como de los robots m\u00f3viles terrestres.<\/strong><\/h2>\n<\/li>\n<li style=\"text-align: center;\">\n<h2><strong>Eurecat es l\u00edder en tecnolog\u00edas orientadas a la sostenibilidad, la eficiencia energ\u00e9tica y el fomento de la econom\u00eda circular.<\/strong><\/h2>\n<\/li>\n<\/ul>\n<p><strong><u>Barcelona, 6 de marzo de 2016.-<\/u><\/strong><strong>\u00a0 <\/strong>El conseller de Territorio y Sostenibilidad de la Generalitat de Catalunya, <strong>Josep Rull<\/strong>, ha visitado las instalaciones del centro tecnol\u00f3gico<span style=\"color: #800080;\"><a style=\"color: #800080;\" href=\"https:\/\/eurecat.org\/es\"><strong> Eurecat<\/strong><\/a> <\/span>en Cerdanyola, donde ha podido comprobar las aplicaciones de los veh\u00edculos no tripulados que desarrolla el Centro Tecnol\u00f3gico de Catalu\u00f1a, tanto en el caso los drones como de los robots m\u00f3viles terrestres.<\/p>\n<p>El presidente de Eurecat, <strong>Xavier Torra<\/strong>, ha recibido al conseller junto con miembros de la Comisi\u00f3n Ejecutiva y de la Direcci\u00f3n del centro tecnol\u00f3gico, que lo han acompa\u00f1ado en su recorrido por los diferentes laboratorios de Eurecat, que es l\u00edder en tecnolog\u00edas orientadas a la sostenibilidad, la eficiencia energ\u00e9tica y el fomento de la econom\u00eda circular.<\/p>\n<p>El presidente de Eurecat ha explicado el modelo y orientaci\u00f3n de actividades del centro tecnol\u00f3gico, fundamentado en la investigaci\u00f3n aplicada y en la innovaci\u00f3n tecnol\u00f3gica, y ha hablado de las l\u00edneas estrat\u00e9gicas que trabaja Eurecat en el \u00e1mbito de la sostenibilidad, la econom\u00eda circular y la movilidad.<\/p>\n<p>En el campo de la rob\u00f3tica m\u00f3vil, el equipo de la Unidad de Rob\u00f3tica y Automatizaci\u00f3n de Eurecat ha mostrado al conseller el resultado del proyecto <strong>ARSI<\/strong>, que ha dise\u00f1ado, creado y probado un dron, dentro del programa <a href=\"http:\/\/echord.eu\/\"><span style=\"color: #800080;\"><strong>ECHORD ++<\/strong><\/span><\/a> (European Coordination Hub for Open Robotics Development), para examinar la red de alcantarillado que se empezar\u00e1 a utilizar en 2018 en Barcelona.<\/p>\n<p>El consorcio, que cuenta con la participaci\u00f3n de <strong>FCC<\/strong>, <strong>Simtech Design<\/strong> y <strong>Ibaka<\/strong>, ha probado con \u00e9xito un veh\u00edculo micro a\u00e9reo, multirotor y equipado con sensores de navegaci\u00f3n, que es capaz de reducir los riesgos laborales asociados a esta actividad y recortar los gastos de mantenimiento, mediante inspecciones m\u00e1s precisas y r\u00e1pidas.<\/p>\n<p>El proyecto est\u00e1 en la fase de desarrollar la autonom\u00eda de los drones, que estar\u00e1n trabajando de manera aut\u00f3noma en el laboratorio este septiembre y en las alcantarillas de Barcelona 2018. El conseller ha visto tambi\u00e9n ejemplos de rob\u00f3tica colaborativa y de rob\u00f3tica industrial, y tecnolog\u00edas propias desarrolladas en Eurecat, como el moldeo por ultrasonidos, que permite fabricar piezas y componentes en pl\u00e1stico, de precisi\u00f3n extrema y reduciendo el consumo energ\u00e9tico de forma sustancial.<\/p>\n<p>Durante la visita, ha podido comprobar el funcionamiento de la tecnolog\u00eda propia de Eurecat en el campo de la impresi\u00f3n 3D, y ha visitado el Laboratorio de Bater\u00edas y Veh\u00edculo el\u00e9ctrico, que ser\u00e1 el referente en cuanto a certificaci\u00f3n de bater\u00edas en el sur de Europa.<\/p>\n<p>Finalmente, se ha visitado el laboratorio de ensayos de moldes de inyecci\u00f3n, donde se llevan a cabo las pruebas de validaci\u00f3n con los clientes finales de sectores diversos, como la automoci\u00f3n, el packaging y productos de gran consumo.<\/p>\n","protected":false},"excerpt":{"rendered":"<p>El conseller de Territorio y Sostenibilidad visita las instalaciones de Eurecat en Cerdanyola El conseller ha podido comprobar las aplicaciones del uso de los veh\u00edculos no tripulados que desarrolla Eurecat, tanto en el caso de los drones como de los robots m\u00f3viles terrestres. Eurecat es l\u00edder en tecnolog\u00edas orientadas a la sostenibilidad, la eficiencia energ\u00e9tica  [&#8230;]<\/p>\n","protected":false},"author":12,"featured_media":22493,"comment_status":"open","ping_status":"closed","sticky":false,"template":"","format":"standard","meta":{"footnotes":""},"categories":[682,134],"tags":[685,686],"class_list":["post-22496","post","type-post","status-publish","format-standard","has-post-thumbnail","hentry","category-corporatiu-es","category-notas-de-prensa","tag-eurecat-cerdanyola-es","tag-institucional-es"],"yoast_head":"<!-- This site is optimized with the Yoast SEO plugin v27.4 - https:\/\/yoast.com\/product\/yoast-seo-wordpress\/ -->\n<title>El conseller de Territori visita las instalaciones de Eurecat en Cerdanyola<\/title>\n<meta name=\"description\" content=\"Josep Rull ha comprobado las aplicaciones del uso de los veh\u00edculos no tripulados que desarrolla Eurecat, tanto drones como robots m\u00f3viles terrestres.\" \/>\n<meta name=\"robots\" content=\"index, follow, max-snippet:-1, max-image-preview:large, max-video-preview:-1\" \/>\n<link rel=\"canonical\" href=\"https:\/\/eurecat.org\/es\/el-conseller-de-territori-i-sostenibilitat-visita-les-instal%e2%80%a2lacions-deurecat-a-cerdanyola\/\" \/>\n<meta property=\"og:locale\" content=\"es_ES\" \/>\n<meta property=\"og:type\" content=\"article\" \/>\n<meta property=\"og:title\" content=\"El conseller de Territori visita las instalaciones de Eurecat en Cerdanyola\" \/>\n<meta property=\"og:description\" content=\"Josep Rull ha comprobado las aplicaciones del uso de los veh\u00edculos no tripulados que desarrolla Eurecat, tanto drones como robots m\u00f3viles terrestres.\" \/>\n<meta property=\"og:url\" content=\"https:\/\/eurecat.org\/es\/el-conseller-de-territori-i-sostenibilitat-visita-les-instal%e2%80%a2lacions-deurecat-a-cerdanyola\/\" \/>\n<meta property=\"og:site_name\" content=\"Eurecat\" \/>\n<meta property=\"article:published_time\" content=\"2017-03-06T14:41:10+00:00\" \/>\n<meta property=\"article:modified_time\" content=\"2017-03-09T14:23:50+00:00\" \/>\n<meta property=\"og:image\" content=\"https:\/\/eurecat.org\/wp-content\/uploads\/2017\/03\/Visita_Rull.jpg\" \/>\n\t<meta property=\"og:image:width\" content=\"643\" \/>\n\t<meta property=\"og:image:height\" content=\"429\" \/>\n\t<meta property=\"og:image:type\" content=\"image\/jpeg\" \/>\n<meta name=\"author\" content=\"EurecatEG\" \/>\n<meta name=\"twitter:card\" content=\"summary_large_image\" \/>\n<meta name=\"twitter:label1\" content=\"Escrito por\" \/>\n\t<meta name=\"twitter:data1\" content=\"EurecatEG\" \/>\n\t<meta name=\"twitter:label2\" content=\"Tiempo de lectura\" \/>\n\t<meta name=\"twitter:data2\" content=\"3 minutos\" \/>\n<script type=\"application\/ld+json\" class=\"yoast-schema-graph\">{\"@context\":\"https:\\\/\\\/schema.org\",\"@graph\":[{\"@type\":\"Article\",\"@id\":\"https:\\\/\\\/eurecat.org\\\/es\\\/el-conseller-de-territori-i-sostenibilitat-visita-les-instal%e2%80%a2lacions-deurecat-a-cerdanyola\\\/#article\",\"isPartOf\":{\"@id\":\"https:\\\/\\\/eurecat.org\\\/es\\\/el-conseller-de-territori-i-sostenibilitat-visita-les-instal%e2%80%a2lacions-deurecat-a-cerdanyola\\\/\"},\"author\":{\"name\":\"EurecatEG\",\"@id\":\"https:\\\/\\\/eurecat.org\\\/es\\\/#\\\/schema\\\/person\\\/def9217eded50ee57a9dc4cf0c883f80\"},\"headline\":\"El conseller de Territorio y Sostenibilidad visita las instalaciones de Eurecat en Cerdanyola\",\"datePublished\":\"2017-03-06T14:41:10+00:00\",\"dateModified\":\"2017-03-09T14:23:50+00:00\",\"mainEntityOfPage\":{\"@id\":\"https:\\\/\\\/eurecat.org\\\/es\\\/el-conseller-de-territori-i-sostenibilitat-visita-les-instal%e2%80%a2lacions-deurecat-a-cerdanyola\\\/\"},\"wordCount\":563,\"commentCount\":0,\"image\":{\"@id\":\"https:\\\/\\\/eurecat.org\\\/es\\\/el-conseller-de-territori-i-sostenibilitat-visita-les-instal%e2%80%a2lacions-deurecat-a-cerdanyola\\\/#primaryimage\"},\"thumbnailUrl\":\"https:\\\/\\\/eurecat.org\\\/wp-content\\\/uploads\\\/2017\\\/03\\\/Visita_Rull.jpg\",\"keywords\":[\"Eurecat Cerdanyola\",\"Institucional\"],\"articleSection\":[\"Corporativo\",\"Notas de prensa\"],\"inLanguage\":\"es\",\"potentialAction\":[{\"@type\":\"CommentAction\",\"name\":\"Comment\",\"target\":[\"https:\\\/\\\/eurecat.org\\\/es\\\/el-conseller-de-territori-i-sostenibilitat-visita-les-instal%e2%80%a2lacions-deurecat-a-cerdanyola\\\/#respond\"]}]},{\"@type\":\"WebPage\",\"@id\":\"https:\\\/\\\/eurecat.org\\\/es\\\/el-conseller-de-territori-i-sostenibilitat-visita-les-instal%e2%80%a2lacions-deurecat-a-cerdanyola\\\/\",\"url\":\"https:\\\/\\\/eurecat.org\\\/es\\\/el-conseller-de-territori-i-sostenibilitat-visita-les-instal%e2%80%a2lacions-deurecat-a-cerdanyola\\\/\",\"name\":\"El conseller de Territori visita las instalaciones de Eurecat en Cerdanyola\",\"isPartOf\":{\"@id\":\"https:\\\/\\\/eurecat.org\\\/es\\\/#website\"},\"primaryImageOfPage\":{\"@id\":\"https:\\\/\\\/eurecat.org\\\/es\\\/el-conseller-de-territori-i-sostenibilitat-visita-les-instal%e2%80%a2lacions-deurecat-a-cerdanyola\\\/#primaryimage\"},\"image\":{\"@id\":\"https:\\\/\\\/eurecat.org\\\/es\\\/el-conseller-de-territori-i-sostenibilitat-visita-les-instal%e2%80%a2lacions-deurecat-a-cerdanyola\\\/#primaryimage\"},\"thumbnailUrl\":\"https:\\\/\\\/eurecat.org\\\/wp-content\\\/uploads\\\/2017\\\/03\\\/Visita_Rull.jpg\",\"datePublished\":\"2017-03-06T14:41:10+00:00\",\"dateModified\":\"2017-03-09T14:23:50+00:00\",\"author\":{\"@id\":\"https:\\\/\\\/eurecat.org\\\/es\\\/#\\\/schema\\\/person\\\/def9217eded50ee57a9dc4cf0c883f80\"},\"description\":\"Josep Rull ha comprobado las aplicaciones del uso de los veh\u00edculos no tripulados que desarrolla Eurecat, tanto drones como robots m\u00f3viles terrestres.\",\"breadcrumb\":{\"@id\":\"https:\\\/\\\/eurecat.org\\\/es\\\/el-conseller-de-territori-i-sostenibilitat-visita-les-instal%e2%80%a2lacions-deurecat-a-cerdanyola\\\/#breadcrumb\"},\"inLanguage\":\"es\",\"potentialAction\":[{\"@type\":\"ReadAction\",\"target\":[\"https:\\\/\\\/eurecat.org\\\/es\\\/el-conseller-de-territori-i-sostenibilitat-visita-les-instal%e2%80%a2lacions-deurecat-a-cerdanyola\\\/\"]}]},{\"@type\":\"ImageObject\",\"inLanguage\":\"es\",\"@id\":\"https:\\\/\\\/eurecat.org\\\/es\\\/el-conseller-de-territori-i-sostenibilitat-visita-les-instal%e2%80%a2lacions-deurecat-a-cerdanyola\\\/#primaryimage\",\"url\":\"https:\\\/\\\/eurecat.org\\\/wp-content\\\/uploads\\\/2017\\\/03\\\/Visita_Rull.jpg\",\"contentUrl\":\"https:\\\/\\\/eurecat.org\\\/wp-content\\\/uploads\\\/2017\\\/03\\\/Visita_Rull.jpg\",\"width\":643,\"height\":429},{\"@type\":\"BreadcrumbList\",\"@id\":\"https:\\\/\\\/eurecat.org\\\/es\\\/el-conseller-de-territori-i-sostenibilitat-visita-les-instal%e2%80%a2lacions-deurecat-a-cerdanyola\\\/#breadcrumb\",\"itemListElement\":[{\"@type\":\"ListItem\",\"position\":1,\"name\":\"Inici\",\"item\":\"https:\\\/\\\/eurecat.org\\\/es\\\/\"},{\"@type\":\"ListItem\",\"position\":2,\"name\":\"El conseller de Territorio y Sostenibilidad visita las instalaciones de Eurecat en Cerdanyola\"}]},{\"@type\":\"WebSite\",\"@id\":\"https:\\\/\\\/eurecat.org\\\/es\\\/#website\",\"url\":\"https:\\\/\\\/eurecat.org\\\/es\\\/\",\"name\":\"Eurecat\",\"description\":\"Otro sitio realizado con WordPress\",\"potentialAction\":[{\"@type\":\"SearchAction\",\"target\":{\"@type\":\"EntryPoint\",\"urlTemplate\":\"https:\\\/\\\/eurecat.org\\\/es\\\/?s={search_term_string}\"},\"query-input\":{\"@type\":\"PropertyValueSpecification\",\"valueRequired\":true,\"valueName\":\"search_term_string\"}}],\"inLanguage\":\"es\"},{\"@type\":\"Person\",\"@id\":\"https:\\\/\\\/eurecat.org\\\/es\\\/#\\\/schema\\\/person\\\/def9217eded50ee57a9dc4cf0c883f80\",\"name\":\"EurecatEG\",\"image\":{\"@type\":\"ImageObject\",\"inLanguage\":\"es\",\"@id\":\"https:\\\/\\\/secure.gravatar.com\\\/avatar\\\/f40dd9b6ecd3e5c591f3c9b033e495ee0ec9877ba77249fbf268b3889350c824?s=96&d=mm&r=g\",\"url\":\"https:\\\/\\\/secure.gravatar.com\\\/avatar\\\/f40dd9b6ecd3e5c591f3c9b033e495ee0ec9877ba77249fbf268b3889350c824?s=96&d=mm&r=g\",\"contentUrl\":\"https:\\\/\\\/secure.gravatar.com\\\/avatar\\\/f40dd9b6ecd3e5c591f3c9b033e495ee0ec9877ba77249fbf268b3889350c824?s=96&d=mm&r=g\",\"caption\":\"EurecatEG\"}}]}<\/script>\n<!-- \/ Yoast SEO plugin. -->","yoast_head_json":{"title":"El conseller de Territori visita las instalaciones de Eurecat en Cerdanyola","description":"Josep Rull ha comprobado las aplicaciones del uso de los veh\u00edculos no tripulados que desarrolla Eurecat, tanto drones como robots m\u00f3viles terrestres.","robots":{"index":"index","follow":"follow","max-snippet":"max-snippet:-1","max-image-preview":"max-image-preview:large","max-video-preview":"max-video-preview:-1"},"canonical":"https:\/\/eurecat.org\/es\/el-conseller-de-territori-i-sostenibilitat-visita-les-instal%e2%80%a2lacions-deurecat-a-cerdanyola\/","og_locale":"es_ES","og_type":"article","og_title":"El conseller de Territori visita las instalaciones de Eurecat en Cerdanyola","og_description":"Josep Rull ha comprobado las aplicaciones del uso de los veh\u00edculos no tripulados que desarrolla Eurecat, tanto drones como robots m\u00f3viles terrestres.","og_url":"https:\/\/eurecat.org\/es\/el-conseller-de-territori-i-sostenibilitat-visita-les-instal%e2%80%a2lacions-deurecat-a-cerdanyola\/","og_site_name":"Eurecat","article_published_time":"2017-03-06T14:41:10+00:00","article_modified_time":"2017-03-09T14:23:50+00:00","og_image":[{"width":643,"height":429,"url":"https:\/\/eurecat.org\/wp-content\/uploads\/2017\/03\/Visita_Rull.jpg","type":"image\/jpeg"}],"author":"EurecatEG","twitter_card":"summary_large_image","twitter_misc":{"Escrito por":"EurecatEG","Tiempo de lectura":"3 minutos"},"schema":{"@context":"https:\/\/schema.org","@graph":[{"@type":"Article","@id":"https:\/\/eurecat.org\/es\/el-conseller-de-territori-i-sostenibilitat-visita-les-instal%e2%80%a2lacions-deurecat-a-cerdanyola\/#article","isPartOf":{"@id":"https:\/\/eurecat.org\/es\/el-conseller-de-territori-i-sostenibilitat-visita-les-instal%e2%80%a2lacions-deurecat-a-cerdanyola\/"},"author":{"name":"EurecatEG","@id":"https:\/\/eurecat.org\/es\/#\/schema\/person\/def9217eded50ee57a9dc4cf0c883f80"},"headline":"El conseller de Territorio y Sostenibilidad visita las instalaciones de Eurecat en Cerdanyola","datePublished":"2017-03-06T14:41:10+00:00","dateModified":"2017-03-09T14:23:50+00:00","mainEntityOfPage":{"@id":"https:\/\/eurecat.org\/es\/el-conseller-de-territori-i-sostenibilitat-visita-les-instal%e2%80%a2lacions-deurecat-a-cerdanyola\/"},"wordCount":563,"commentCount":0,"image":{"@id":"https:\/\/eurecat.org\/es\/el-conseller-de-territori-i-sostenibilitat-visita-les-instal%e2%80%a2lacions-deurecat-a-cerdanyola\/#primaryimage"},"thumbnailUrl":"https:\/\/eurecat.org\/wp-content\/uploads\/2017\/03\/Visita_Rull.jpg","keywords":["Eurecat Cerdanyola","Institucional"],"articleSection":["Corporativo","Notas de prensa"],"inLanguage":"es","potentialAction":[{"@type":"CommentAction","name":"Comment","target":["https:\/\/eurecat.org\/es\/el-conseller-de-territori-i-sostenibilitat-visita-les-instal%e2%80%a2lacions-deurecat-a-cerdanyola\/#respond"]}]},{"@type":"WebPage","@id":"https:\/\/eurecat.org\/es\/el-conseller-de-territori-i-sostenibilitat-visita-les-instal%e2%80%a2lacions-deurecat-a-cerdanyola\/","url":"https:\/\/eurecat.org\/es\/el-conseller-de-territori-i-sostenibilitat-visita-les-instal%e2%80%a2lacions-deurecat-a-cerdanyola\/","name":"El conseller de Territori visita las instalaciones de Eurecat en Cerdanyola","isPartOf":{"@id":"https:\/\/eurecat.org\/es\/#website"},"primaryImageOfPage":{"@id":"https:\/\/eurecat.org\/es\/el-conseller-de-territori-i-sostenibilitat-visita-les-instal%e2%80%a2lacions-deurecat-a-cerdanyola\/#primaryimage"},"image":{"@id":"https:\/\/eurecat.org\/es\/el-conseller-de-territori-i-sostenibilitat-visita-les-instal%e2%80%a2lacions-deurecat-a-cerdanyola\/#primaryimage"},"thumbnailUrl":"https:\/\/eurecat.org\/wp-content\/uploads\/2017\/03\/Visita_Rull.jpg","datePublished":"2017-03-06T14:41:10+00:00","dateModified":"2017-03-09T14:23:50+00:00","author":{"@id":"https:\/\/eurecat.org\/es\/#\/schema\/person\/def9217eded50ee57a9dc4cf0c883f80"},"description":"Josep Rull ha comprobado las aplicaciones del uso de los veh\u00edculos no tripulados que desarrolla Eurecat, tanto drones como robots m\u00f3viles terrestres.","breadcrumb":{"@id":"https:\/\/eurecat.org\/es\/el-conseller-de-territori-i-sostenibilitat-visita-les-instal%e2%80%a2lacions-deurecat-a-cerdanyola\/#breadcrumb"},"inLanguage":"es","potentialAction":[{"@type":"ReadAction","target":["https:\/\/eurecat.org\/es\/el-conseller-de-territori-i-sostenibilitat-visita-les-instal%e2%80%a2lacions-deurecat-a-cerdanyola\/"]}]},{"@type":"ImageObject","inLanguage":"es","@id":"https:\/\/eurecat.org\/es\/el-conseller-de-territori-i-sostenibilitat-visita-les-instal%e2%80%a2lacions-deurecat-a-cerdanyola\/#primaryimage","url":"https:\/\/eurecat.org\/wp-content\/uploads\/2017\/03\/Visita_Rull.jpg","contentUrl":"https:\/\/eurecat.org\/wp-content\/uploads\/2017\/03\/Visita_Rull.jpg","width":643,"height":429},{"@type":"BreadcrumbList","@id":"https:\/\/eurecat.org\/es\/el-conseller-de-territori-i-sostenibilitat-visita-les-instal%e2%80%a2lacions-deurecat-a-cerdanyola\/#breadcrumb","itemListElement":[{"@type":"ListItem","position":1,"name":"Inici","item":"https:\/\/eurecat.org\/es\/"},{"@type":"ListItem","position":2,"name":"El conseller de Territorio y Sostenibilidad visita las instalaciones de Eurecat en Cerdanyola"}]},{"@type":"WebSite","@id":"https:\/\/eurecat.org\/es\/#website","url":"https:\/\/eurecat.org\/es\/","name":"Eurecat","description":"Otro sitio realizado con WordPress","potentialAction":[{"@type":"SearchAction","target":{"@type":"EntryPoint","urlTemplate":"https:\/\/eurecat.org\/es\/?s={search_term_string}"},"query-input":{"@type":"PropertyValueSpecification","valueRequired":true,"valueName":"search_term_string"}}],"inLanguage":"es"},{"@type":"Person","@id":"https:\/\/eurecat.org\/es\/#\/schema\/person\/def9217eded50ee57a9dc4cf0c883f80","name":"EurecatEG","image":{"@type":"ImageObject","inLanguage":"es","@id":"https:\/\/secure.gravatar.com\/avatar\/f40dd9b6ecd3e5c591f3c9b033e495ee0ec9877ba77249fbf268b3889350c824?s=96&d=mm&r=g","url":"https:\/\/secure.gravatar.com\/avatar\/f40dd9b6ecd3e5c591f3c9b033e495ee0ec9877ba77249fbf268b3889350c824?s=96&d=mm&r=g","contentUrl":"https:\/\/secure.gravatar.com\/avatar\/f40dd9b6ecd3e5c591f3c9b033e495ee0ec9877ba77249fbf268b3889350c824?s=96&d=mm&r=g","caption":"EurecatEG"}}]}},"_links":{"self":[{"href":"https:\/\/eurecat.org\/es\/wp-json\/wp\/v2\/posts\/22496","targetHints":{"allow":["GET"]}}],"collection":[{"href":"https:\/\/eurecat.org\/es\/wp-json\/wp\/v2\/posts"}],"about":[{"href":"https:\/\/eurecat.org\/es\/wp-json\/wp\/v2\/types\/post"}],"author":[{"embeddable":true,"href":"https:\/\/eurecat.org\/es\/wp-json\/wp\/v2\/users\/12"}],"replies":[{"embeddable":true,"href":"https:\/\/eurecat.org\/es\/wp-json\/wp\/v2\/comments?post=22496"}],"version-history":[{"count":0,"href":"https:\/\/eurecat.org\/es\/wp-json\/wp\/v2\/posts\/22496\/revisions"}],"wp:featuredmedia":[{"embeddable":true,"href":"https:\/\/eurecat.org\/es\/wp-json\/wp\/v2\/media\/22493"}],"wp:attachment":[{"href":"https:\/\/eurecat.org\/es\/wp-json\/wp\/v2\/media?parent=22496"}],"wp:term":[{"taxonomy":"category","embeddable":true,"href":"https:\/\/eurecat.org\/es\/wp-json\/wp\/v2\/categories?post=22496"},{"taxonomy":"post_tag","embeddable":true,"href":"https:\/\/eurecat.org\/es\/wp-json\/wp\/v2\/tags?post=22496"}],"curies":[{"name":"wp","href":"https:\/\/api.w.org\/{rel}","templated":true}]}}