{"id":22751,"date":"2017-03-10T12:59:31","date_gmt":"2017-03-10T12:59:31","guid":{"rendered":"http:\/\/eurecat.org\/experts-itworldedu\/"},"modified":"2017-03-10T13:26:13","modified_gmt":"2017-03-10T13:26:13","slug":"expertos-itworldedu","status":"publish","type":"post","link":"https:\/\/eurecat.org\/es\/expertos-itworldedu\/","title":{"rendered":"Expertos debatir\u00e1n en Barcelona el futuro de las TIC en el aula"},"content":{"rendered":"<h1 style=\"text-align: center;\"><span style=\"color: #000000;\"><strong>Expertos en tecnolog\u00eda y educaci\u00f3n debatir\u00e1n en Barcelona el futuro de las TIC en el aula<\/strong><\/span><\/h1>\n<ul>\n<li style=\"text-align: center;\">\n<h2><strong>La novena edici\u00f3n del congreso ITWorldEdu, sobre la transformaci\u00f3n tecnol\u00f3gica en las escuelas, se celebrar\u00e1 los d\u00edas 21 y 22 de marzo.<\/strong><\/h2>\n<\/li>\n<li style=\"text-align: center;\">\n<h2><strong>El congreso, organizado por el Cl\u00faster Edutech en colaboraci\u00f3n con Eurecat, presentar\u00e1 las mejores pr\u00e1cticas educativas y dar\u00e1 voz a todos los actores del sector.<\/strong><\/h2>\n<\/li>\n<li style=\"text-align: center;\">\n<h2><strong>El evento contar\u00e1 con un espacio expositor donde una trentena de empresas mostrar\u00e1n su apuesta por la escuela transformadora.<\/strong><\/h2>\n<\/li>\n<\/ul>\n<p><strong><u>Barcelona, 10 de marzo de 2017.-<\/u><\/strong> El Palacio de Congresos de <strong>Fira Barcelona<\/strong> acoger\u00e1, los d\u00edas 21 y 22 de marzo, la novena edici\u00f3n del congreso <a href=\"https:\/\/itworldedu.cat\/es\/\"><strong>ITworldEdu<\/strong><\/a>, el evento de referencia en el \u00e1mbito de las nuevas tecnolog\u00edas en la educaci\u00f3n, organizado por el <a href=\"http:\/\/edutech.cat\/\"><span style=\"color: #800080;\"><strong>Cl\u00faster Edutech<\/strong><\/span><\/a>, con la colaboraci\u00f3n del centro tecnol\u00f3gico <span style=\"color: #800080;\"><a style=\"color: #800080;\" href=\"https:\/\/eurecat.org\/es\"><strong>Eurecat<\/strong><\/a><\/span> y que este a\u00f1o reunir\u00e1 a profesionales y expertos en el \u00e1mbito de la tecnolog\u00eda educativa que debatir\u00e1n sobre el futuro de las Tecnolog\u00edas de la Informaci\u00f3n y Comunicaci\u00f3n (TIC) en el aula.<\/p>\n<p>La presente edici\u00f3n, que tiene como t\u00edtulo \u00abTransformando las escuelas\u00bb, girar\u00e1 en torno a las mejores pr\u00e1cticas sobre c\u00f3mo aplicar la tecnolog\u00eda para mejorar la tarea educativa en todos los \u00e1mbitos, y ofrecer\u00e1 ponencias magistrales, mesas redondas y talleres dirigidos a la comunidad docente y educativa en \u00e1mbitos como la personalizaci\u00f3n del aprendizaje, la evaluaci\u00f3n de las competencias y metodolog\u00edas innovadoras que permiten por medio de la tecnolog\u00eda una optimizaci\u00f3n de la organizaci\u00f3n escolar.<\/p>\n<p>Seg\u00fan destaca la presidenta del Cl\u00faster Edutech, <strong>Elisabet Marill<\/strong>, el congreso puede ser una \u00abbuena gu\u00eda\u00bb para los docentes que \u00abquieran innovar en el aula pero no sepan por d\u00f3nde empezar\u00bb, ya que \u00abse mostrar\u00e1n m\u00faltiples casos de \u00e9xito y se dar\u00e1 voz a todos los actores implicados en el \u00e1mbito de la educaci\u00f3n, con sesiones plenarias, talleres reducidos y espacios de networking e intercambio de ideas y experiencias\u00bb.<\/p>\n<p>En este sentido, durante el primer d\u00eda <strong>C\u00e9sar Coll<\/strong>, catedr\u00e1tico de Psicolog\u00eda de la Educaci\u00f3n de la Universidad de Barcelona, \u200b\u200bofrecer\u00e1 una ponencia sobre las claves de la personalizaci\u00f3n del aprendizaje para, posteriormente, conocer de la mano de maestros y directores de centro cu\u00e1les son las pr\u00e1cticas y pol\u00edticas que se est\u00e1n llevando a cabo en el \u00e1mbito de la evaluaci\u00f3n competencial. La primera jornada incluir\u00e1 sesiones dinamizadas con centros educativos, as\u00ed como talleres pr\u00e1cticos con empresas y se cerrar\u00e1 con una conferencia plenaria a cargo del especialista en neurodid\u00e1ctica <strong>Jos\u00e9 Ram\u00f3n Gamo<\/strong>, que preceder\u00e1 una sesi\u00f3n de cena networking.<\/p>\n<p>En la segunda jornada, varias escuelas presentar\u00e1n sus experiencias en el uso de tecnolog\u00edas en el aula y se llevar\u00e1 a cabo la segunda sesi\u00f3n de talleres de buenas pr\u00e1cticas. Adem\u00e1s, habr\u00e1 una sesi\u00f3n plenaria sobre las vocaciones cient\u00edficas y tecnol\u00f3gicas, por parte de la Generalitat y GSMA, y una conferencia sobre la experiencia educativa de la docente estadounidense <strong>Monica Burns<\/strong>, pionera en el uso de tecnolog\u00edas en el aula.<\/p>\n<p>El protagonismo de las \u00faltimas horas del congreso ser\u00e1 para los alumnos, con el ITworldEdu Junior, donde presentar\u00e1n las mejores pr\u00e1cticas educativas basadas en la personalizaci\u00f3n del aprendizaje, la evaluaci\u00f3n de competencias y las nuevas formas de organizar el espacio y el tiempo en el aula y en la escuela.<\/p>\n<p>La presente edici\u00f3n del ITworldEdu cuenta con una participaci\u00f3n destacada de la industria especializada en el mundo de las tecnolog\u00edas educativas, que mostrar\u00e1n su apuesta por la escuela transformadora en una zona expositiva dedicada con una treintena de stands.<\/p>\n<p>Las inscripciones al congreso, que se dirige a toda la comunidad educativa, ya est\u00e1n abiertas y se pueden realizar en este enlace. Adem\u00e1s, los asistentes pueden completar su experiencia a\u00f1adiendo las opciones de comida y cena networking para el primer d\u00eda.<\/p>\n<p><strong>Sobre el Cl\u00faster Edutech<\/strong><\/p>\n<p>El Cl\u00faster Edutech es una agrupaci\u00f3n de m\u00e1s de 40 empresas del sector TIC Educaci\u00f3n que crean productos u ofrecen servicios de base tecnol\u00f3gica para los procesos de ense\u00f1anza-aprendizaje de las etapas no universitarias. El Cluster tiene como misi\u00f3n dise\u00f1ar e implementar iniciativas para reforzar la competitividad de las empresas que lo integran y promocionar el uso de las TIC en la Educaci\u00f3n. Forma parte del Programa Catalu\u00f1a Cl\u00fasters de la Generalitat de Catalunya y es Bronce Label por la European Cluster Excellence Initiative. <strong>M\u00e1s informaci\u00f3n en <\/strong><a href=\"http:\/\/www.edutech.cat\"><strong>www.edutech.cat<\/strong><\/a><\/p>\n","protected":false},"excerpt":{"rendered":"<p>Expertos en tecnolog\u00eda y educaci\u00f3n debatir\u00e1n en Barcelona el futuro de las TIC en el aula La novena edici\u00f3n del congreso ITWorldEdu, sobre la transformaci\u00f3n tecnol\u00f3gica en las escuelas, se celebrar\u00e1 los d\u00edas 21 y 22 de marzo. El congreso, organizado por el Cl\u00faster Edutech en colaboraci\u00f3n con Eurecat, presentar\u00e1 las mejores pr\u00e1cticas educativas y  [&#8230;]<\/p>\n","protected":false},"author":12,"featured_media":22748,"comment_status":"open","ping_status":"closed","sticky":false,"template":"","format":"standard","meta":{"footnotes":""},"categories":[702,134],"tags":[703,704],"class_list":["post-22751","post","type-post","status-publish","format-standard","has-post-thumbnail","hentry","category-eventos","category-notas-de-prensa","tag-events-es","tag-itworldedu-es"],"yoast_head":"<!-- This site is optimized with the Yoast SEO plugin v27.5 - https:\/\/yoast.com\/product\/yoast-seo-wordpress\/ -->\n<title>Expertos debatir\u00e1n en Barcelona el futuro de las TIC en el aula<\/title>\n<meta name=\"description\" content=\"La novena edici\u00f3n del congreso ITWorldEdu, sobre la transformaci\u00f3n tecnol\u00f3gica en las escuelas, se celebrar\u00e1 los d\u00edas 21 y 22 de marzo.\" \/>\n<meta name=\"robots\" content=\"index, follow, max-snippet:-1, max-image-preview:large, max-video-preview:-1\" \/>\n<link rel=\"canonical\" href=\"https:\/\/eurecat.org\/es\/expertos-itworldedu\/\" \/>\n<meta property=\"og:locale\" content=\"es_ES\" \/>\n<meta property=\"og:type\" content=\"article\" \/>\n<meta property=\"og:title\" content=\"Expertos debatir\u00e1n en Barcelona el futuro de las TIC en el aula\" \/>\n<meta property=\"og:description\" content=\"La novena edici\u00f3n del congreso ITWorldEdu, sobre la transformaci\u00f3n tecnol\u00f3gica en las escuelas, se celebrar\u00e1 los d\u00edas 21 y 22 de marzo.\" \/>\n<meta property=\"og:url\" content=\"https:\/\/eurecat.org\/es\/expertos-itworldedu\/\" \/>\n<meta property=\"og:site_name\" content=\"Eurecat\" \/>\n<meta property=\"article:published_time\" content=\"2017-03-10T12:59:31+00:00\" \/>\n<meta property=\"article:modified_time\" content=\"2017-03-10T13:26:13+00:00\" \/>\n<meta property=\"og:image\" content=\"https:\/\/eurecat.org\/wp-content\/uploads\/2017\/03\/ITWorldEdu-1.jpg\" \/>\n\t<meta property=\"og:image:width\" content=\"1980\" \/>\n\t<meta property=\"og:image:height\" content=\"1320\" \/>\n\t<meta property=\"og:image:type\" content=\"image\/jpeg\" \/>\n<meta name=\"author\" content=\"EurecatEG\" \/>\n<meta name=\"twitter:card\" content=\"summary_large_image\" \/>\n<meta name=\"twitter:label1\" content=\"Escrito por\" \/>\n\t<meta name=\"twitter:data1\" content=\"EurecatEG\" \/>\n\t<meta name=\"twitter:label2\" content=\"Tiempo de lectura\" \/>\n\t<meta name=\"twitter:data2\" content=\"4 minutos\" \/>\n<script type=\"application\/ld+json\" class=\"yoast-schema-graph\">{\"@context\":\"https:\\\/\\\/schema.org\",\"@graph\":[{\"@type\":\"Article\",\"@id\":\"https:\\\/\\\/eurecat.org\\\/es\\\/expertos-itworldedu\\\/#article\",\"isPartOf\":{\"@id\":\"https:\\\/\\\/eurecat.org\\\/es\\\/expertos-itworldedu\\\/\"},\"author\":{\"name\":\"EurecatEG\",\"@id\":\"https:\\\/\\\/eurecat.org\\\/es\\\/#\\\/schema\\\/person\\\/def9217eded50ee57a9dc4cf0c883f80\"},\"headline\":\"Expertos debatir\u00e1n en Barcelona el futuro de las TIC en el aula\",\"datePublished\":\"2017-03-10T12:59:31+00:00\",\"dateModified\":\"2017-03-10T13:26:13+00:00\",\"mainEntityOfPage\":{\"@id\":\"https:\\\/\\\/eurecat.org\\\/es\\\/expertos-itworldedu\\\/\"},\"wordCount\":804,\"commentCount\":0,\"image\":{\"@id\":\"https:\\\/\\\/eurecat.org\\\/es\\\/expertos-itworldedu\\\/#primaryimage\"},\"thumbnailUrl\":\"https:\\\/\\\/eurecat.org\\\/wp-content\\\/uploads\\\/2017\\\/03\\\/ITWorldEdu-1.jpg\",\"keywords\":[\"Events\",\"ITWorldEdu\"],\"articleSection\":[\"Eventos\",\"Notas de prensa\"],\"inLanguage\":\"es\",\"potentialAction\":[{\"@type\":\"CommentAction\",\"name\":\"Comment\",\"target\":[\"https:\\\/\\\/eurecat.org\\\/es\\\/expertos-itworldedu\\\/#respond\"]}]},{\"@type\":\"WebPage\",\"@id\":\"https:\\\/\\\/eurecat.org\\\/es\\\/expertos-itworldedu\\\/\",\"url\":\"https:\\\/\\\/eurecat.org\\\/es\\\/expertos-itworldedu\\\/\",\"name\":\"Expertos debatir\u00e1n en Barcelona el futuro de las TIC en el aula\",\"isPartOf\":{\"@id\":\"https:\\\/\\\/eurecat.org\\\/es\\\/#website\"},\"primaryImageOfPage\":{\"@id\":\"https:\\\/\\\/eurecat.org\\\/es\\\/expertos-itworldedu\\\/#primaryimage\"},\"image\":{\"@id\":\"https:\\\/\\\/eurecat.org\\\/es\\\/expertos-itworldedu\\\/#primaryimage\"},\"thumbnailUrl\":\"https:\\\/\\\/eurecat.org\\\/wp-content\\\/uploads\\\/2017\\\/03\\\/ITWorldEdu-1.jpg\",\"datePublished\":\"2017-03-10T12:59:31+00:00\",\"dateModified\":\"2017-03-10T13:26:13+00:00\",\"author\":{\"@id\":\"https:\\\/\\\/eurecat.org\\\/es\\\/#\\\/schema\\\/person\\\/def9217eded50ee57a9dc4cf0c883f80\"},\"description\":\"La novena edici\u00f3n del congreso ITWorldEdu, sobre la transformaci\u00f3n tecnol\u00f3gica en las escuelas, se celebrar\u00e1 los d\u00edas 21 y 22 de marzo.\",\"breadcrumb\":{\"@id\":\"https:\\\/\\\/eurecat.org\\\/es\\\/expertos-itworldedu\\\/#breadcrumb\"},\"inLanguage\":\"es\",\"potentialAction\":[{\"@type\":\"ReadAction\",\"target\":[\"https:\\\/\\\/eurecat.org\\\/es\\\/expertos-itworldedu\\\/\"]}]},{\"@type\":\"ImageObject\",\"inLanguage\":\"es\",\"@id\":\"https:\\\/\\\/eurecat.org\\\/es\\\/expertos-itworldedu\\\/#primaryimage\",\"url\":\"https:\\\/\\\/eurecat.org\\\/wp-content\\\/uploads\\\/2017\\\/03\\\/ITWorldEdu-1.jpg\",\"contentUrl\":\"https:\\\/\\\/eurecat.org\\\/wp-content\\\/uploads\\\/2017\\\/03\\\/ITWorldEdu-1.jpg\",\"width\":1980,\"height\":1320},{\"@type\":\"BreadcrumbList\",\"@id\":\"https:\\\/\\\/eurecat.org\\\/es\\\/expertos-itworldedu\\\/#breadcrumb\",\"itemListElement\":[{\"@type\":\"ListItem\",\"position\":1,\"name\":\"Inici\",\"item\":\"https:\\\/\\\/eurecat.org\\\/es\\\/\"},{\"@type\":\"ListItem\",\"position\":2,\"name\":\"Expertos debatir\u00e1n en Barcelona el futuro de las TIC en el aula\"}]},{\"@type\":\"WebSite\",\"@id\":\"https:\\\/\\\/eurecat.org\\\/es\\\/#website\",\"url\":\"https:\\\/\\\/eurecat.org\\\/es\\\/\",\"name\":\"Eurecat\",\"description\":\"Otro sitio realizado con WordPress\",\"potentialAction\":[{\"@type\":\"SearchAction\",\"target\":{\"@type\":\"EntryPoint\",\"urlTemplate\":\"https:\\\/\\\/eurecat.org\\\/es\\\/?s={search_term_string}\"},\"query-input\":{\"@type\":\"PropertyValueSpecification\",\"valueRequired\":true,\"valueName\":\"search_term_string\"}}],\"inLanguage\":\"es\"},{\"@type\":\"Person\",\"@id\":\"https:\\\/\\\/eurecat.org\\\/es\\\/#\\\/schema\\\/person\\\/def9217eded50ee57a9dc4cf0c883f80\",\"name\":\"EurecatEG\",\"image\":{\"@type\":\"ImageObject\",\"inLanguage\":\"es\",\"@id\":\"https:\\\/\\\/secure.gravatar.com\\\/avatar\\\/f40dd9b6ecd3e5c591f3c9b033e495ee0ec9877ba77249fbf268b3889350c824?s=96&d=mm&r=g\",\"url\":\"https:\\\/\\\/secure.gravatar.com\\\/avatar\\\/f40dd9b6ecd3e5c591f3c9b033e495ee0ec9877ba77249fbf268b3889350c824?s=96&d=mm&r=g\",\"contentUrl\":\"https:\\\/\\\/secure.gravatar.com\\\/avatar\\\/f40dd9b6ecd3e5c591f3c9b033e495ee0ec9877ba77249fbf268b3889350c824?s=96&d=mm&r=g\",\"caption\":\"EurecatEG\"}}]}<\/script>\n<!-- \/ Yoast SEO plugin. -->","yoast_head_json":{"title":"Expertos debatir\u00e1n en Barcelona el futuro de las TIC en el aula","description":"La novena edici\u00f3n del congreso ITWorldEdu, sobre la transformaci\u00f3n tecnol\u00f3gica en las escuelas, se celebrar\u00e1 los d\u00edas 21 y 22 de marzo.","robots":{"index":"index","follow":"follow","max-snippet":"max-snippet:-1","max-image-preview":"max-image-preview:large","max-video-preview":"max-video-preview:-1"},"canonical":"https:\/\/eurecat.org\/es\/expertos-itworldedu\/","og_locale":"es_ES","og_type":"article","og_title":"Expertos debatir\u00e1n en Barcelona el futuro de las TIC en el aula","og_description":"La novena edici\u00f3n del congreso ITWorldEdu, sobre la transformaci\u00f3n tecnol\u00f3gica en las escuelas, se celebrar\u00e1 los d\u00edas 21 y 22 de marzo.","og_url":"https:\/\/eurecat.org\/es\/expertos-itworldedu\/","og_site_name":"Eurecat","article_published_time":"2017-03-10T12:59:31+00:00","article_modified_time":"2017-03-10T13:26:13+00:00","og_image":[{"width":1980,"height":1320,"url":"https:\/\/eurecat.org\/wp-content\/uploads\/2017\/03\/ITWorldEdu-1.jpg","type":"image\/jpeg"}],"author":"EurecatEG","twitter_card":"summary_large_image","twitter_misc":{"Escrito por":"EurecatEG","Tiempo de lectura":"4 minutos"},"schema":{"@context":"https:\/\/schema.org","@graph":[{"@type":"Article","@id":"https:\/\/eurecat.org\/es\/expertos-itworldedu\/#article","isPartOf":{"@id":"https:\/\/eurecat.org\/es\/expertos-itworldedu\/"},"author":{"name":"EurecatEG","@id":"https:\/\/eurecat.org\/es\/#\/schema\/person\/def9217eded50ee57a9dc4cf0c883f80"},"headline":"Expertos debatir\u00e1n en Barcelona el futuro de las TIC en el aula","datePublished":"2017-03-10T12:59:31+00:00","dateModified":"2017-03-10T13:26:13+00:00","mainEntityOfPage":{"@id":"https:\/\/eurecat.org\/es\/expertos-itworldedu\/"},"wordCount":804,"commentCount":0,"image":{"@id":"https:\/\/eurecat.org\/es\/expertos-itworldedu\/#primaryimage"},"thumbnailUrl":"https:\/\/eurecat.org\/wp-content\/uploads\/2017\/03\/ITWorldEdu-1.jpg","keywords":["Events","ITWorldEdu"],"articleSection":["Eventos","Notas de prensa"],"inLanguage":"es","potentialAction":[{"@type":"CommentAction","name":"Comment","target":["https:\/\/eurecat.org\/es\/expertos-itworldedu\/#respond"]}]},{"@type":"WebPage","@id":"https:\/\/eurecat.org\/es\/expertos-itworldedu\/","url":"https:\/\/eurecat.org\/es\/expertos-itworldedu\/","name":"Expertos debatir\u00e1n en Barcelona el futuro de las TIC en el aula","isPartOf":{"@id":"https:\/\/eurecat.org\/es\/#website"},"primaryImageOfPage":{"@id":"https:\/\/eurecat.org\/es\/expertos-itworldedu\/#primaryimage"},"image":{"@id":"https:\/\/eurecat.org\/es\/expertos-itworldedu\/#primaryimage"},"thumbnailUrl":"https:\/\/eurecat.org\/wp-content\/uploads\/2017\/03\/ITWorldEdu-1.jpg","datePublished":"2017-03-10T12:59:31+00:00","dateModified":"2017-03-10T13:26:13+00:00","author":{"@id":"https:\/\/eurecat.org\/es\/#\/schema\/person\/def9217eded50ee57a9dc4cf0c883f80"},"description":"La novena edici\u00f3n del congreso ITWorldEdu, sobre la transformaci\u00f3n tecnol\u00f3gica en las escuelas, se celebrar\u00e1 los d\u00edas 21 y 22 de marzo.","breadcrumb":{"@id":"https:\/\/eurecat.org\/es\/expertos-itworldedu\/#breadcrumb"},"inLanguage":"es","potentialAction":[{"@type":"ReadAction","target":["https:\/\/eurecat.org\/es\/expertos-itworldedu\/"]}]},{"@type":"ImageObject","inLanguage":"es","@id":"https:\/\/eurecat.org\/es\/expertos-itworldedu\/#primaryimage","url":"https:\/\/eurecat.org\/wp-content\/uploads\/2017\/03\/ITWorldEdu-1.jpg","contentUrl":"https:\/\/eurecat.org\/wp-content\/uploads\/2017\/03\/ITWorldEdu-1.jpg","width":1980,"height":1320},{"@type":"BreadcrumbList","@id":"https:\/\/eurecat.org\/es\/expertos-itworldedu\/#breadcrumb","itemListElement":[{"@type":"ListItem","position":1,"name":"Inici","item":"https:\/\/eurecat.org\/es\/"},{"@type":"ListItem","position":2,"name":"Expertos debatir\u00e1n en Barcelona el futuro de las TIC en el aula"}]},{"@type":"WebSite","@id":"https:\/\/eurecat.org\/es\/#website","url":"https:\/\/eurecat.org\/es\/","name":"Eurecat","description":"Otro sitio realizado con WordPress","potentialAction":[{"@type":"SearchAction","target":{"@type":"EntryPoint","urlTemplate":"https:\/\/eurecat.org\/es\/?s={search_term_string}"},"query-input":{"@type":"PropertyValueSpecification","valueRequired":true,"valueName":"search_term_string"}}],"inLanguage":"es"},{"@type":"Person","@id":"https:\/\/eurecat.org\/es\/#\/schema\/person\/def9217eded50ee57a9dc4cf0c883f80","name":"EurecatEG","image":{"@type":"ImageObject","inLanguage":"es","@id":"https:\/\/secure.gravatar.com\/avatar\/f40dd9b6ecd3e5c591f3c9b033e495ee0ec9877ba77249fbf268b3889350c824?s=96&d=mm&r=g","url":"https:\/\/secure.gravatar.com\/avatar\/f40dd9b6ecd3e5c591f3c9b033e495ee0ec9877ba77249fbf268b3889350c824?s=96&d=mm&r=g","contentUrl":"https:\/\/secure.gravatar.com\/avatar\/f40dd9b6ecd3e5c591f3c9b033e495ee0ec9877ba77249fbf268b3889350c824?s=96&d=mm&r=g","caption":"EurecatEG"}}]}},"_links":{"self":[{"href":"https:\/\/eurecat.org\/es\/wp-json\/wp\/v2\/posts\/22751","targetHints":{"allow":["GET"]}}],"collection":[{"href":"https:\/\/eurecat.org\/es\/wp-json\/wp\/v2\/posts"}],"about":[{"href":"https:\/\/eurecat.org\/es\/wp-json\/wp\/v2\/types\/post"}],"author":[{"embeddable":true,"href":"https:\/\/eurecat.org\/es\/wp-json\/wp\/v2\/users\/12"}],"replies":[{"embeddable":true,"href":"https:\/\/eurecat.org\/es\/wp-json\/wp\/v2\/comments?post=22751"}],"version-history":[{"count":0,"href":"https:\/\/eurecat.org\/es\/wp-json\/wp\/v2\/posts\/22751\/revisions"}],"wp:featuredmedia":[{"embeddable":true,"href":"https:\/\/eurecat.org\/es\/wp-json\/wp\/v2\/media\/22748"}],"wp:attachment":[{"href":"https:\/\/eurecat.org\/es\/wp-json\/wp\/v2\/media?parent=22751"}],"wp:term":[{"taxonomy":"category","embeddable":true,"href":"https:\/\/eurecat.org\/es\/wp-json\/wp\/v2\/categories?post=22751"},{"taxonomy":"post_tag","embeddable":true,"href":"https:\/\/eurecat.org\/es\/wp-json\/wp\/v2\/tags?post=22751"}],"curies":[{"name":"wp","href":"https:\/\/api.w.org\/{rel}","templated":true}]}}