{"id":23138,"date":"2017-03-27T15:41:42","date_gmt":"2017-03-27T15:41:42","guid":{"rendered":"http:\/\/eurecat.org\/functional-printing-lopec\/"},"modified":"2017-03-28T06:46:14","modified_gmt":"2017-03-28T06:46:14","slug":"functional-printing-lopec","status":"publish","type":"post","link":"https:\/\/eurecat.org\/es\/functional-printing-lopec\/","title":{"rendered":"La electr\u00f3nica impresa triplicar\u00e1 su volumen de negocio en menos de una d\u00e9cada"},"content":{"rendered":"<h1 style=\"text-align: center;\"><strong><span style=\"color: #000000;\">La electr\u00f3nica impresa triplicar\u00e1 su volumen de negocio en menos de una d\u00e9cada<\/span><\/strong><\/h1>\n<ul>\n<li style=\"text-align: center;\">\n<h2><strong>El volumen de negocio del Functional Printing alcanzar\u00e1 los 70.000 millones de euros en 2024.<\/strong><\/h2>\n<\/li>\n<li style=\"text-align: center;\">\n<h2><strong>La tecnolog\u00eda que Eurecat desarrolla en Matar\u00f3 reduce los costes de fabricaci\u00f3n en un 30 por ciento.<\/strong><\/h2>\n<\/li>\n<li style=\"text-align: center;\">\n<h2><strong>El centro tecnol\u00f3gico presentar\u00e1 su innovaci\u00f3n en electr\u00f3nica impresa en la feria LOPEC de M\u00fanich del 29 al 30 de marzo.<\/strong><\/h2>\n<\/li>\n<\/ul>\n<p><strong><u>Barcelona, 27 de marzo de 2017.-<\/u> <\/strong>La tecnolog\u00eda de impresi\u00f3n funcional y electr\u00f3nica impresa, que en 2014 gener\u00f3 un volumen de negocio de 24.000 millones de euros a nivel mundial, triplicar\u00e1 su volumen de negocio en siete a\u00f1os y se situar\u00e1 en 70.000 millones en 2024, seg\u00fan prev\u00e9 la Organic Electronics Association. De acuerdo con la misma fuente, este crecimiento impactar\u00e1 directamente en \u00e1mbitos hasta ahora poco acostumbrados al uso de la electr\u00f3nica en sus productos, como el sector del mobiliario o del packaging.<\/p>\n<p>La electr\u00f3nica impresa permite estampar circuitos flexibles en pr\u00e1cticamente cualquier superficie, con un grueso por debajo del mil\u00edmetro. Esta tecnolog\u00eda se basa en la impresi\u00f3n de dispositivos y componentes electr\u00f3nicos mediante t\u00e9cnicas de impresi\u00f3n convencionales como la serigraf\u00eda o la impresi\u00f3n digital, con tintas similares a las que se usan para impresoras dom\u00e9sticas.<\/p>\n<p>Seg\u00fan <strong>Cristina Casellas<\/strong>, promotora tecnol\u00f3gica de la unidad de Functional Printing &amp; Embedded Devices de <span style=\"color: #800080;\"><a style=\"color: #800080;\" href=\"https:\/\/eurecat.org\/es\"><strong>Eurecat<\/strong><\/a><\/span>, esta t\u00e9cnica permite \u201campliar el n\u00famero de productos con electr\u00f3nica\u201d con un \u201ccoste de producci\u00f3n muy bajo\u201d. Casellas destaca que la impresi\u00f3n de electr\u00f3nica impresa y funcional \u201cha conseguido reducir en un 30 por ciento los gastos de fabricaci\u00f3n\u201d gracias a una electr\u00f3nica \u201cflexible, f\u00e1cilmente integrable y personalizada\u201d que se puede usar en una gran cantidad de productos, como wearables, etiquetaje inteligente, ropa, el mobiliario dom\u00e9stico o la tapicer\u00eda de los autom\u00f3viles.<\/p>\n<p>As\u00ed, seg\u00fan Casellas, el Functional Printing permite fabricar \u201cropa deportiva con sensores de movimiento\u201d, mesas o sillas con \u201ccontroles integrados de dom\u00f3tica\u201d o \u201cmochilas con intermitentes\u201d para mejorar la seguridad de los ciclistas, entre otras aplicaciones. La investigadora explica que la electr\u00f3nica flexible \u201cpuede eliminar mandos a distancia y hacer que los botones que ahora son de seis mil\u00edmetros se reduzcan a menos de medio\u201d. \u201cEstamos integrando la sens\u00f3rica en objetos que hoy en d\u00eda no la tienen, y esto puede revolucionar muchas industrias\u201d, concluye.<\/p>\n<p>En este sentido, Eurecat presentar\u00e1 sus capacidades en electr\u00f3nica impresa e impresi\u00f3n funcional en la <a href=\"http:\/\/www.lopec.com\/\"><strong><span style=\"color: #800080;\">feria LOPEC de M\u00fanich<\/span><\/strong><\/a> que se celebrar\u00e1 en la ciudad alemana del 29 al 30 de marzo. El centro tecnol\u00f3gico llevar\u00e1 la innovaci\u00f3n hecha en Catalu\u00f1a a una de las ferias referentes del sector, y mostrar\u00e1 una camiseta con luces y electr\u00f3nica impresa, que lleva incorporado el juego Simon, y un mando impreso para controlar un sistema de iluminaci\u00f3n inteligente.<\/p>\n<p>Adem\u00e1s, en la feria tambi\u00e9n se podr\u00e1n ver dos camisetas que incorporan tecnolog\u00eda sens\u00f3rica para mejorar la calidad de vida de sus usuarios gracias a los tejidos funcionales: <strong>StayActive<\/strong>, una prenda inteligente para monitorizar y paliar el estr\u00e9s de los trabajadores y <strong>Wearlumb<\/strong>, un body con distintos tipos de sensores integrados para prevenir riesgos de fatiga lumbar, que proporciona pautas correctoras al usuario mediante el Internet de las Cosas.<\/p>\n<p><strong>Nuevas aplicaciones del textil inteligente<\/strong><\/p>\n<p>Durante esta semana Eurecat tambi\u00e9n estar\u00e1 presente en la 12\u00aa Conferencia P\u00fablica Anual de la Plataforma tecnol\u00f3gica europea para el futuro del textil y la moda, que se celebrar\u00e1 en Bruselas el 30 y 31 de marzo y donde el centro presentar\u00e1 el proyecto <a href=\"http:\/\/1d-neon.eu\/\"><strong>1D-NEON<\/strong><\/a>.<\/p>\n<p>El proyecto, que tambi\u00e9n se podr\u00e1 ver en M\u00fanich, ha desarrollado nuevos materiales basados en fibras electr\u00f3nicas inteligentes para aplicaciones en \u00e1mbitos como la sens\u00f3rica, la iluminaci\u00f3n o la electr\u00f3nica gracias a la experiencia de Eurecat en el dise\u00f1o y producci\u00f3n de electr\u00f3nica impresa.<\/p>\n<p>1D-NEON es un proyecto financiado con fondos de la Comisi\u00f3n Europea en el marco del programa Horizon 2020, liderado por la Universidad de Camrbidge y con la participaci\u00f3n de catorce socios europeos, entre universidades, empresas y centros tecnol\u00f3gicos.<\/p>\n<p>&nbsp;<\/p>\n<p><strong>FERIA LOPEC<\/strong><\/p>\n<p><strong>Fechas:<\/strong> 29 \u2013 30 marzp 2017<strong><br \/>\nLloc: <\/strong>Messe M\u00fcnchen, M\u00fanich, Alemania<br \/>\n<strong>Estand Eurecat:<\/strong> Hall B0, Booth 219<\/p>\n<p style=\"text-align: left;\"><strong>Pod\u00e9is ampliar los detalles o solicitar entrevistas con los expertos de Eurecat en el m\u00f3vil 630 42 51 69 o en el correo <\/strong><a href=\"mailto:premsa@eurecat.org\"><strong>premsa@eurecat.org<\/strong><\/a><\/p>\n","protected":false},"excerpt":{"rendered":"<p>La electr\u00f3nica impresa triplicar\u00e1 su volumen de negocio en menos de una d\u00e9cada El volumen de negocio del Functional Printing alcanzar\u00e1 los 70.000 millones de euros en 2024. La tecnolog\u00eda que Eurecat desarrolla en Matar\u00f3 reduce los costes de fabricaci\u00f3n en un 30 por ciento. El centro tecnol\u00f3gico presentar\u00e1 su innovaci\u00f3n en electr\u00f3nica impresa en  [&#8230;]<\/p>\n","protected":false},"author":12,"featured_media":23136,"comment_status":"open","ping_status":"closed","sticky":false,"template":"","format":"standard","meta":{"footnotes":""},"categories":[399,134,413],"tags":[714,712,713],"class_list":["post-23138","post","type-post","status-publish","format-standard","has-post-thumbnail","hentry","category-impresion-funcional","category-notas-de-prensa","category-tejidos-funcionales","tag-ferias","tag-fires-es","tag-functional-printing-es"],"yoast_head":"<!-- This site is optimized with the Yoast SEO plugin v27.4 - https:\/\/yoast.com\/product\/yoast-seo-wordpress\/ -->\n<title>La electr\u00f3nica impresa triplicar\u00e1 su volumen de negocio en menos de una d\u00e9cada<\/title>\n<meta name=\"description\" content=\"La tecnolog\u00eda que Eurecat desarrolla en Matar\u00f3 reduce los costes de fabricaci\u00f3n en un 30 por ciento. Se presentar\u00e1 en la feria LOPEC de Munich.\" \/>\n<meta name=\"robots\" content=\"index, follow, max-snippet:-1, max-image-preview:large, max-video-preview:-1\" \/>\n<link rel=\"canonical\" href=\"https:\/\/eurecat.org\/es\/functional-printing-lopec\/\" \/>\n<meta property=\"og:locale\" content=\"es_ES\" \/>\n<meta property=\"og:type\" content=\"article\" \/>\n<meta property=\"og:title\" content=\"La electr\u00f3nica impresa triplicar\u00e1 su volumen de negocio en menos de una d\u00e9cada\" \/>\n<meta property=\"og:description\" content=\"La tecnolog\u00eda que Eurecat desarrolla en Matar\u00f3 reduce los costes de fabricaci\u00f3n en un 30 por ciento. Se presentar\u00e1 en la feria LOPEC de Munich.\" \/>\n<meta property=\"og:url\" content=\"https:\/\/eurecat.org\/es\/functional-printing-lopec\/\" \/>\n<meta property=\"og:site_name\" content=\"Eurecat\" \/>\n<meta property=\"article:published_time\" content=\"2017-03-27T15:41:42+00:00\" \/>\n<meta property=\"article:modified_time\" content=\"2017-03-28T06:46:14+00:00\" \/>\n<meta property=\"og:image\" content=\"https:\/\/eurecat.org\/wp-content\/uploads\/2017\/03\/stayactive.jpg\" \/>\n\t<meta property=\"og:image:width\" content=\"1936\" \/>\n\t<meta property=\"og:image:height\" content=\"1296\" \/>\n\t<meta property=\"og:image:type\" content=\"image\/jpeg\" \/>\n<meta name=\"author\" content=\"EurecatEG\" \/>\n<meta name=\"twitter:card\" content=\"summary_large_image\" \/>\n<meta name=\"twitter:label1\" content=\"Escrito por\" \/>\n\t<meta name=\"twitter:data1\" content=\"EurecatEG\" \/>\n\t<meta name=\"twitter:label2\" content=\"Tiempo de lectura\" \/>\n\t<meta name=\"twitter:data2\" content=\"4 minutos\" \/>\n<script type=\"application\/ld+json\" class=\"yoast-schema-graph\">{\"@context\":\"https:\\\/\\\/schema.org\",\"@graph\":[{\"@type\":\"Article\",\"@id\":\"https:\\\/\\\/eurecat.org\\\/es\\\/functional-printing-lopec\\\/#article\",\"isPartOf\":{\"@id\":\"https:\\\/\\\/eurecat.org\\\/es\\\/functional-printing-lopec\\\/\"},\"author\":{\"name\":\"EurecatEG\",\"@id\":\"https:\\\/\\\/eurecat.org\\\/es\\\/#\\\/schema\\\/person\\\/def9217eded50ee57a9dc4cf0c883f80\"},\"headline\":\"La electr\u00f3nica impresa triplicar\u00e1 su volumen de negocio en menos de una d\u00e9cada\",\"datePublished\":\"2017-03-27T15:41:42+00:00\",\"dateModified\":\"2017-03-28T06:46:14+00:00\",\"mainEntityOfPage\":{\"@id\":\"https:\\\/\\\/eurecat.org\\\/es\\\/functional-printing-lopec\\\/\"},\"wordCount\":765,\"commentCount\":0,\"image\":{\"@id\":\"https:\\\/\\\/eurecat.org\\\/es\\\/functional-printing-lopec\\\/#primaryimage\"},\"thumbnailUrl\":\"https:\\\/\\\/eurecat.org\\\/wp-content\\\/uploads\\\/2017\\\/03\\\/stayactive.jpg\",\"keywords\":[\"Ferias\",\"Fires\",\"functional printing\"],\"articleSection\":[\"Impresi\u00f3n funcional\",\"Notas de prensa\",\"Tejidos Funcionales\"],\"inLanguage\":\"es\",\"potentialAction\":[{\"@type\":\"CommentAction\",\"name\":\"Comment\",\"target\":[\"https:\\\/\\\/eurecat.org\\\/es\\\/functional-printing-lopec\\\/#respond\"]}]},{\"@type\":\"WebPage\",\"@id\":\"https:\\\/\\\/eurecat.org\\\/es\\\/functional-printing-lopec\\\/\",\"url\":\"https:\\\/\\\/eurecat.org\\\/es\\\/functional-printing-lopec\\\/\",\"name\":\"La electr\u00f3nica impresa triplicar\u00e1 su volumen de negocio en menos de una d\u00e9cada\",\"isPartOf\":{\"@id\":\"https:\\\/\\\/eurecat.org\\\/es\\\/#website\"},\"primaryImageOfPage\":{\"@id\":\"https:\\\/\\\/eurecat.org\\\/es\\\/functional-printing-lopec\\\/#primaryimage\"},\"image\":{\"@id\":\"https:\\\/\\\/eurecat.org\\\/es\\\/functional-printing-lopec\\\/#primaryimage\"},\"thumbnailUrl\":\"https:\\\/\\\/eurecat.org\\\/wp-content\\\/uploads\\\/2017\\\/03\\\/stayactive.jpg\",\"datePublished\":\"2017-03-27T15:41:42+00:00\",\"dateModified\":\"2017-03-28T06:46:14+00:00\",\"author\":{\"@id\":\"https:\\\/\\\/eurecat.org\\\/es\\\/#\\\/schema\\\/person\\\/def9217eded50ee57a9dc4cf0c883f80\"},\"description\":\"La tecnolog\u00eda que Eurecat desarrolla en Matar\u00f3 reduce los costes de fabricaci\u00f3n en un 30 por ciento. Se presentar\u00e1 en la feria LOPEC de Munich.\",\"breadcrumb\":{\"@id\":\"https:\\\/\\\/eurecat.org\\\/es\\\/functional-printing-lopec\\\/#breadcrumb\"},\"inLanguage\":\"es\",\"potentialAction\":[{\"@type\":\"ReadAction\",\"target\":[\"https:\\\/\\\/eurecat.org\\\/es\\\/functional-printing-lopec\\\/\"]}]},{\"@type\":\"ImageObject\",\"inLanguage\":\"es\",\"@id\":\"https:\\\/\\\/eurecat.org\\\/es\\\/functional-printing-lopec\\\/#primaryimage\",\"url\":\"https:\\\/\\\/eurecat.org\\\/wp-content\\\/uploads\\\/2017\\\/03\\\/stayactive.jpg\",\"contentUrl\":\"https:\\\/\\\/eurecat.org\\\/wp-content\\\/uploads\\\/2017\\\/03\\\/stayactive.jpg\",\"width\":1936,\"height\":1296},{\"@type\":\"BreadcrumbList\",\"@id\":\"https:\\\/\\\/eurecat.org\\\/es\\\/functional-printing-lopec\\\/#breadcrumb\",\"itemListElement\":[{\"@type\":\"ListItem\",\"position\":1,\"name\":\"Inici\",\"item\":\"https:\\\/\\\/eurecat.org\\\/es\\\/\"},{\"@type\":\"ListItem\",\"position\":2,\"name\":\"La electr\u00f3nica impresa triplicar\u00e1 su volumen de negocio en menos de una d\u00e9cada\"}]},{\"@type\":\"WebSite\",\"@id\":\"https:\\\/\\\/eurecat.org\\\/es\\\/#website\",\"url\":\"https:\\\/\\\/eurecat.org\\\/es\\\/\",\"name\":\"Eurecat\",\"description\":\"Otro sitio realizado con WordPress\",\"potentialAction\":[{\"@type\":\"SearchAction\",\"target\":{\"@type\":\"EntryPoint\",\"urlTemplate\":\"https:\\\/\\\/eurecat.org\\\/es\\\/?s={search_term_string}\"},\"query-input\":{\"@type\":\"PropertyValueSpecification\",\"valueRequired\":true,\"valueName\":\"search_term_string\"}}],\"inLanguage\":\"es\"},{\"@type\":\"Person\",\"@id\":\"https:\\\/\\\/eurecat.org\\\/es\\\/#\\\/schema\\\/person\\\/def9217eded50ee57a9dc4cf0c883f80\",\"name\":\"EurecatEG\",\"image\":{\"@type\":\"ImageObject\",\"inLanguage\":\"es\",\"@id\":\"https:\\\/\\\/secure.gravatar.com\\\/avatar\\\/f40dd9b6ecd3e5c591f3c9b033e495ee0ec9877ba77249fbf268b3889350c824?s=96&d=mm&r=g\",\"url\":\"https:\\\/\\\/secure.gravatar.com\\\/avatar\\\/f40dd9b6ecd3e5c591f3c9b033e495ee0ec9877ba77249fbf268b3889350c824?s=96&d=mm&r=g\",\"contentUrl\":\"https:\\\/\\\/secure.gravatar.com\\\/avatar\\\/f40dd9b6ecd3e5c591f3c9b033e495ee0ec9877ba77249fbf268b3889350c824?s=96&d=mm&r=g\",\"caption\":\"EurecatEG\"}}]}<\/script>\n<!-- \/ Yoast SEO plugin. -->","yoast_head_json":{"title":"La electr\u00f3nica impresa triplicar\u00e1 su volumen de negocio en menos de una d\u00e9cada","description":"La tecnolog\u00eda que Eurecat desarrolla en Matar\u00f3 reduce los costes de fabricaci\u00f3n en un 30 por ciento. Se presentar\u00e1 en la feria LOPEC de Munich.","robots":{"index":"index","follow":"follow","max-snippet":"max-snippet:-1","max-image-preview":"max-image-preview:large","max-video-preview":"max-video-preview:-1"},"canonical":"https:\/\/eurecat.org\/es\/functional-printing-lopec\/","og_locale":"es_ES","og_type":"article","og_title":"La electr\u00f3nica impresa triplicar\u00e1 su volumen de negocio en menos de una d\u00e9cada","og_description":"La tecnolog\u00eda que Eurecat desarrolla en Matar\u00f3 reduce los costes de fabricaci\u00f3n en un 30 por ciento. Se presentar\u00e1 en la feria LOPEC de Munich.","og_url":"https:\/\/eurecat.org\/es\/functional-printing-lopec\/","og_site_name":"Eurecat","article_published_time":"2017-03-27T15:41:42+00:00","article_modified_time":"2017-03-28T06:46:14+00:00","og_image":[{"width":1936,"height":1296,"url":"https:\/\/eurecat.org\/wp-content\/uploads\/2017\/03\/stayactive.jpg","type":"image\/jpeg"}],"author":"EurecatEG","twitter_card":"summary_large_image","twitter_misc":{"Escrito por":"EurecatEG","Tiempo de lectura":"4 minutos"},"schema":{"@context":"https:\/\/schema.org","@graph":[{"@type":"Article","@id":"https:\/\/eurecat.org\/es\/functional-printing-lopec\/#article","isPartOf":{"@id":"https:\/\/eurecat.org\/es\/functional-printing-lopec\/"},"author":{"name":"EurecatEG","@id":"https:\/\/eurecat.org\/es\/#\/schema\/person\/def9217eded50ee57a9dc4cf0c883f80"},"headline":"La electr\u00f3nica impresa triplicar\u00e1 su volumen de negocio en menos de una d\u00e9cada","datePublished":"2017-03-27T15:41:42+00:00","dateModified":"2017-03-28T06:46:14+00:00","mainEntityOfPage":{"@id":"https:\/\/eurecat.org\/es\/functional-printing-lopec\/"},"wordCount":765,"commentCount":0,"image":{"@id":"https:\/\/eurecat.org\/es\/functional-printing-lopec\/#primaryimage"},"thumbnailUrl":"https:\/\/eurecat.org\/wp-content\/uploads\/2017\/03\/stayactive.jpg","keywords":["Ferias","Fires","functional printing"],"articleSection":["Impresi\u00f3n funcional","Notas de prensa","Tejidos Funcionales"],"inLanguage":"es","potentialAction":[{"@type":"CommentAction","name":"Comment","target":["https:\/\/eurecat.org\/es\/functional-printing-lopec\/#respond"]}]},{"@type":"WebPage","@id":"https:\/\/eurecat.org\/es\/functional-printing-lopec\/","url":"https:\/\/eurecat.org\/es\/functional-printing-lopec\/","name":"La electr\u00f3nica impresa triplicar\u00e1 su volumen de negocio en menos de una d\u00e9cada","isPartOf":{"@id":"https:\/\/eurecat.org\/es\/#website"},"primaryImageOfPage":{"@id":"https:\/\/eurecat.org\/es\/functional-printing-lopec\/#primaryimage"},"image":{"@id":"https:\/\/eurecat.org\/es\/functional-printing-lopec\/#primaryimage"},"thumbnailUrl":"https:\/\/eurecat.org\/wp-content\/uploads\/2017\/03\/stayactive.jpg","datePublished":"2017-03-27T15:41:42+00:00","dateModified":"2017-03-28T06:46:14+00:00","author":{"@id":"https:\/\/eurecat.org\/es\/#\/schema\/person\/def9217eded50ee57a9dc4cf0c883f80"},"description":"La tecnolog\u00eda que Eurecat desarrolla en Matar\u00f3 reduce los costes de fabricaci\u00f3n en un 30 por ciento. Se presentar\u00e1 en la feria LOPEC de Munich.","breadcrumb":{"@id":"https:\/\/eurecat.org\/es\/functional-printing-lopec\/#breadcrumb"},"inLanguage":"es","potentialAction":[{"@type":"ReadAction","target":["https:\/\/eurecat.org\/es\/functional-printing-lopec\/"]}]},{"@type":"ImageObject","inLanguage":"es","@id":"https:\/\/eurecat.org\/es\/functional-printing-lopec\/#primaryimage","url":"https:\/\/eurecat.org\/wp-content\/uploads\/2017\/03\/stayactive.jpg","contentUrl":"https:\/\/eurecat.org\/wp-content\/uploads\/2017\/03\/stayactive.jpg","width":1936,"height":1296},{"@type":"BreadcrumbList","@id":"https:\/\/eurecat.org\/es\/functional-printing-lopec\/#breadcrumb","itemListElement":[{"@type":"ListItem","position":1,"name":"Inici","item":"https:\/\/eurecat.org\/es\/"},{"@type":"ListItem","position":2,"name":"La electr\u00f3nica impresa triplicar\u00e1 su volumen de negocio en menos de una d\u00e9cada"}]},{"@type":"WebSite","@id":"https:\/\/eurecat.org\/es\/#website","url":"https:\/\/eurecat.org\/es\/","name":"Eurecat","description":"Otro sitio realizado con WordPress","potentialAction":[{"@type":"SearchAction","target":{"@type":"EntryPoint","urlTemplate":"https:\/\/eurecat.org\/es\/?s={search_term_string}"},"query-input":{"@type":"PropertyValueSpecification","valueRequired":true,"valueName":"search_term_string"}}],"inLanguage":"es"},{"@type":"Person","@id":"https:\/\/eurecat.org\/es\/#\/schema\/person\/def9217eded50ee57a9dc4cf0c883f80","name":"EurecatEG","image":{"@type":"ImageObject","inLanguage":"es","@id":"https:\/\/secure.gravatar.com\/avatar\/f40dd9b6ecd3e5c591f3c9b033e495ee0ec9877ba77249fbf268b3889350c824?s=96&d=mm&r=g","url":"https:\/\/secure.gravatar.com\/avatar\/f40dd9b6ecd3e5c591f3c9b033e495ee0ec9877ba77249fbf268b3889350c824?s=96&d=mm&r=g","contentUrl":"https:\/\/secure.gravatar.com\/avatar\/f40dd9b6ecd3e5c591f3c9b033e495ee0ec9877ba77249fbf268b3889350c824?s=96&d=mm&r=g","caption":"EurecatEG"}}]}},"_links":{"self":[{"href":"https:\/\/eurecat.org\/es\/wp-json\/wp\/v2\/posts\/23138","targetHints":{"allow":["GET"]}}],"collection":[{"href":"https:\/\/eurecat.org\/es\/wp-json\/wp\/v2\/posts"}],"about":[{"href":"https:\/\/eurecat.org\/es\/wp-json\/wp\/v2\/types\/post"}],"author":[{"embeddable":true,"href":"https:\/\/eurecat.org\/es\/wp-json\/wp\/v2\/users\/12"}],"replies":[{"embeddable":true,"href":"https:\/\/eurecat.org\/es\/wp-json\/wp\/v2\/comments?post=23138"}],"version-history":[{"count":0,"href":"https:\/\/eurecat.org\/es\/wp-json\/wp\/v2\/posts\/23138\/revisions"}],"wp:featuredmedia":[{"embeddable":true,"href":"https:\/\/eurecat.org\/es\/wp-json\/wp\/v2\/media\/23136"}],"wp:attachment":[{"href":"https:\/\/eurecat.org\/es\/wp-json\/wp\/v2\/media?parent=23138"}],"wp:term":[{"taxonomy":"category","embeddable":true,"href":"https:\/\/eurecat.org\/es\/wp-json\/wp\/v2\/categories?post=23138"},{"taxonomy":"post_tag","embeddable":true,"href":"https:\/\/eurecat.org\/es\/wp-json\/wp\/v2\/tags?post=23138"}],"curies":[{"name":"wp","href":"https:\/\/api.w.org\/{rel}","templated":true}]}}