{"id":24639,"date":"2017-05-04T11:17:03","date_gmt":"2017-05-04T11:17:03","guid":{"rendered":"http:\/\/eurecat.org\/myosa\/"},"modified":"2017-05-04T11:30:05","modified_gmt":"2017-05-04T11:30:05","slug":"myosa-healthio","status":"publish","type":"post","link":"https:\/\/eurecat.org\/es\/myosa-healthio\/","title":{"rendered":"Presentan una aplicaci\u00f3n para controlar la apnea del sue\u00f1o desde el m\u00f3vil"},"content":{"rendered":"<h2 style=\"text-align: center;\"><span style=\"color: #000000;\">HEALTHIO 2017<\/span><\/h2>\n<h2 style=\"text-align: center;\">OXIGEN salud y Eurecat presentan una aplicaci\u00f3n que permite controlar la apnea del sue\u00f1o en tiempo real desde el m\u00f3vil<\/h2>\n<ul>\n<li style=\"text-align: center;\">\n<h2><span style=\"color: #000000;\">La plataforma de telemedicina MyOSA empodera el paciente, que se convierte en parte activa del tratamiento.<\/span><\/h2>\n<\/li>\n<li style=\"text-align: center;\">\n<h2><span style=\"color: #000000;\">La aplicaci\u00f3n permite aumentar la eficiencia del tratamiento.<\/span><\/h2>\n<\/li>\n<li style=\"text-align: center;\">\n<h2><span style=\"color: #000000;\">El s\u00edndrome de la Apnea-Hipopnea del Sue\u00f1o (SAHS) afecta alrededor del 4 por ciento de la poblaci\u00f3n adulta<\/span>.<\/h2>\n<\/li>\n<\/ul>\n<p><strong>Barcelona, 4 de mayo de 2016.- <\/strong>Expertos de la empresa especializada en terapias respiratorias <span style=\"color: #800080;\"><strong><a style=\"color: #800080;\" href=\"https:\/\/www.oxigensalud.com\/index.aspx\">OXIGEN salud<\/a><\/strong><\/span> y del centro tecnol\u00f3gico <strong><span style=\"color: #800080;\"><a style=\"color: #800080;\" href=\"https:\/\/eurecat.org\/es\/\">Eurecat<\/a><\/span><\/strong> presentan esta semana en la feria sobre innovaci\u00f3n en salud Healthio, de Barcelona, la plataforma MyOSA, una aplicaci\u00f3n de telemedicina que permite a pacientes con el S\u00edndrome de Apnea-Hipopnea del Sue\u00f1o (SAHS) y a los sanitarios controlar el estado de la terapia directamente desde el m\u00f3vil y aumentar, al mismo tiempo, la eficiencia del tratamiento.<\/p>\n<p>En concreto, MyOSA permite monitorizar en tiempo real el tratamiento domiciliario con generadores de presi\u00f3n positiva continua por v\u00eda a\u00e9rea (CPAP), que es el m\u00e1s com\u00fan para pacientes con apneas e hipopneas del sue\u00f1o, una patolog\u00eda que afecta alrededor del 4 por ciento de la poblaci\u00f3n adulta. De esta manera, MyOSA empodera al paciente, que se convierte en parte activa del tratamiento.<\/p>\n<p>El director general de OXIGEN salud, Jordi Blanco, destaca que uno de cada tres pacientes \u201ctienen una baja adherencia a la terapia y no se adaptan bien a ella\u201d, una situaci\u00f3n que MyOSA \u201cpuede mejorar\u201d, ya que permite al personal sanitario \u201chacer un tratamiento precioso de la terapia y posibilita que el paciente se involucre como parte activa, con recomendaciones para adaptase mejor a la CPAP\u201d. Los pacientes \u201cpueden consultar el estado de sus terapias y el m\u00e9dico recibe una alerta cuando hay alguna cosa que no funciona\u201d, detalla Blanco.<\/p>\n<p>En este sentido, el director de eHealth de Eurecat, Felip Miralles, remarca que la tecnolog\u00eda desarrollada por MyOSA \u201cpermite reducir los costes asociados a la terapia gracias a la atenci\u00f3n personalizada\u201d, un campo de la medicina que \u201ctoma cada vez m\u00e1s fuerza gracias a la tecnolog\u00eda\u201d.<\/p>\n<p><strong>Tecnolog\u00eda al servicio de la salud<\/strong><\/p>\n<p style=\"text-align: left;\">OXIGEN salud, el Instituto de Investigaci\u00f3n Biom\u00e9dica de Lleida (IRB Lleida) y Eurecat (miembro de Tecnio) han creado la aplicaci\u00f3n MyOSA y han desarrollado los sistemas inteligentes de soporte a la decisi\u00f3n profesional y las recomendaciones del paciente. La aplicaci\u00f3n MyOSA, que ha telemonitorizado a m\u00e1s de 12.000 pacientes en los \u00faltimos dos a\u00f1os, se podr\u00e1 ver hasta el viernes 5 de mayo en el estand de Eurecat en la Feria Healthio, el evento de innovaci\u00f3n aplicada a la salud dirigido a pacientes y profesionales que se celebra esta semana en el recinto Montju\u00efc de la capital catalana.<\/p>\n","protected":false},"excerpt":{"rendered":"<p>HEALTHIO 2017 OXIGEN salud y Eurecat presentan una aplicaci\u00f3n que permite controlar la apnea del sue\u00f1o en tiempo real desde el m\u00f3vil La plataforma de telemedicina MyOSA empodera el paciente, que se convierte en parte activa del tratamiento. La aplicaci\u00f3n permite aumentar la eficiencia del tratamiento. El s\u00edndrome de la Apnea-Hipopnea del Sue\u00f1o (SAHS) afecta  [&#8230;]<\/p>\n","protected":false},"author":12,"featured_media":24637,"comment_status":"open","ping_status":"closed","sticky":false,"template":"","format":"standard","meta":{"footnotes":""},"categories":[397,727,134],"tags":[473,714,712,770],"class_list":["post-24639","post","type-post","status-publish","format-standard","has-post-thumbnail","hentry","category-e-health-es","category-ferias","category-notas-de-prensa","tag-ehealth-es","tag-ferias","tag-fires-es","tag-myosa-es"],"yoast_head":"<!-- This site is optimized with the Yoast SEO plugin v27.5 - https:\/\/yoast.com\/product\/yoast-seo-wordpress\/ -->\n<title>Presentan una aplicaci\u00f3n para controlar la apnea del sue\u00f1o desde el m\u00f3vil<\/title>\n<meta name=\"description\" content=\"La aplicaci\u00f3n MyOSA, desarrollada por Oxigen Salud y Eurecat, apodera al paciente, quien se convierte en parte activa del tratamiento.\" \/>\n<meta name=\"robots\" content=\"index, follow, max-snippet:-1, max-image-preview:large, max-video-preview:-1\" \/>\n<link rel=\"canonical\" href=\"https:\/\/eurecat.org\/es\/myosa-healthio\/\" \/>\n<meta property=\"og:locale\" content=\"es_ES\" \/>\n<meta property=\"og:type\" content=\"article\" \/>\n<meta property=\"og:title\" content=\"Presentan una aplicaci\u00f3n para controlar la apnea del sue\u00f1o desde el m\u00f3vil\" \/>\n<meta property=\"og:description\" content=\"La aplicaci\u00f3n MyOSA, desarrollada por Oxigen Salud y Eurecat, apodera al paciente, quien se convierte en parte activa del tratamiento.\" \/>\n<meta property=\"og:url\" content=\"https:\/\/eurecat.org\/es\/myosa-healthio\/\" \/>\n<meta property=\"og:site_name\" content=\"Eurecat\" \/>\n<meta property=\"article:published_time\" content=\"2017-05-04T11:17:03+00:00\" \/>\n<meta property=\"article:modified_time\" content=\"2017-05-04T11:30:05+00:00\" \/>\n<meta property=\"og:image\" content=\"https:\/\/eurecat.org\/wp-content\/uploads\/2017\/05\/rsz_myosa2.png\" \/>\n\t<meta property=\"og:image:width\" content=\"955\" \/>\n\t<meta property=\"og:image:height\" content=\"536\" \/>\n\t<meta property=\"og:image:type\" content=\"image\/png\" \/>\n<meta name=\"author\" content=\"EurecatEG\" \/>\n<meta name=\"twitter:card\" content=\"summary_large_image\" \/>\n<meta name=\"twitter:label1\" content=\"Escrito por\" \/>\n\t<meta name=\"twitter:data1\" content=\"EurecatEG\" \/>\n\t<meta name=\"twitter:label2\" content=\"Tiempo de lectura\" \/>\n\t<meta name=\"twitter:data2\" content=\"2 minutos\" \/>\n<script type=\"application\/ld+json\" class=\"yoast-schema-graph\">{\"@context\":\"https:\\\/\\\/schema.org\",\"@graph\":[{\"@type\":\"Article\",\"@id\":\"https:\\\/\\\/eurecat.org\\\/es\\\/myosa-healthio\\\/#article\",\"isPartOf\":{\"@id\":\"https:\\\/\\\/eurecat.org\\\/es\\\/myosa-healthio\\\/\"},\"author\":{\"name\":\"EurecatEG\",\"@id\":\"https:\\\/\\\/eurecat.org\\\/es\\\/#\\\/schema\\\/person\\\/def9217eded50ee57a9dc4cf0c883f80\"},\"headline\":\"Presentan una aplicaci\u00f3n para controlar la apnea del sue\u00f1o desde el m\u00f3vil\",\"datePublished\":\"2017-05-04T11:17:03+00:00\",\"dateModified\":\"2017-05-04T11:30:05+00:00\",\"mainEntityOfPage\":{\"@id\":\"https:\\\/\\\/eurecat.org\\\/es\\\/myosa-healthio\\\/\"},\"wordCount\":488,\"commentCount\":0,\"image\":{\"@id\":\"https:\\\/\\\/eurecat.org\\\/es\\\/myosa-healthio\\\/#primaryimage\"},\"thumbnailUrl\":\"https:\\\/\\\/eurecat.org\\\/wp-content\\\/uploads\\\/2017\\\/05\\\/rsz_myosa2.png\",\"keywords\":[\"eHealth\",\"Ferias\",\"Fires\",\"MyOSA\"],\"articleSection\":[\"E-health\",\"Ferias\",\"Notas de prensa\"],\"inLanguage\":\"es\",\"potentialAction\":[{\"@type\":\"CommentAction\",\"name\":\"Comment\",\"target\":[\"https:\\\/\\\/eurecat.org\\\/es\\\/myosa-healthio\\\/#respond\"]}]},{\"@type\":\"WebPage\",\"@id\":\"https:\\\/\\\/eurecat.org\\\/es\\\/myosa-healthio\\\/\",\"url\":\"https:\\\/\\\/eurecat.org\\\/es\\\/myosa-healthio\\\/\",\"name\":\"Presentan una aplicaci\u00f3n para controlar la apnea del sue\u00f1o desde el m\u00f3vil\",\"isPartOf\":{\"@id\":\"https:\\\/\\\/eurecat.org\\\/es\\\/#website\"},\"primaryImageOfPage\":{\"@id\":\"https:\\\/\\\/eurecat.org\\\/es\\\/myosa-healthio\\\/#primaryimage\"},\"image\":{\"@id\":\"https:\\\/\\\/eurecat.org\\\/es\\\/myosa-healthio\\\/#primaryimage\"},\"thumbnailUrl\":\"https:\\\/\\\/eurecat.org\\\/wp-content\\\/uploads\\\/2017\\\/05\\\/rsz_myosa2.png\",\"datePublished\":\"2017-05-04T11:17:03+00:00\",\"dateModified\":\"2017-05-04T11:30:05+00:00\",\"author\":{\"@id\":\"https:\\\/\\\/eurecat.org\\\/es\\\/#\\\/schema\\\/person\\\/def9217eded50ee57a9dc4cf0c883f80\"},\"description\":\"La aplicaci\u00f3n MyOSA, desarrollada por Oxigen Salud y Eurecat, apodera al paciente, quien se convierte en parte activa del tratamiento.\",\"breadcrumb\":{\"@id\":\"https:\\\/\\\/eurecat.org\\\/es\\\/myosa-healthio\\\/#breadcrumb\"},\"inLanguage\":\"es\",\"potentialAction\":[{\"@type\":\"ReadAction\",\"target\":[\"https:\\\/\\\/eurecat.org\\\/es\\\/myosa-healthio\\\/\"]}]},{\"@type\":\"ImageObject\",\"inLanguage\":\"es\",\"@id\":\"https:\\\/\\\/eurecat.org\\\/es\\\/myosa-healthio\\\/#primaryimage\",\"url\":\"https:\\\/\\\/eurecat.org\\\/wp-content\\\/uploads\\\/2017\\\/05\\\/rsz_myosa2.png\",\"contentUrl\":\"https:\\\/\\\/eurecat.org\\\/wp-content\\\/uploads\\\/2017\\\/05\\\/rsz_myosa2.png\",\"width\":\"955\",\"height\":\"536\"},{\"@type\":\"BreadcrumbList\",\"@id\":\"https:\\\/\\\/eurecat.org\\\/es\\\/myosa-healthio\\\/#breadcrumb\",\"itemListElement\":[{\"@type\":\"ListItem\",\"position\":1,\"name\":\"Inici\",\"item\":\"https:\\\/\\\/eurecat.org\\\/es\\\/\"},{\"@type\":\"ListItem\",\"position\":2,\"name\":\"Presentan una aplicaci\u00f3n para controlar la apnea del sue\u00f1o desde el m\u00f3vil\"}]},{\"@type\":\"WebSite\",\"@id\":\"https:\\\/\\\/eurecat.org\\\/es\\\/#website\",\"url\":\"https:\\\/\\\/eurecat.org\\\/es\\\/\",\"name\":\"Eurecat\",\"description\":\"Otro sitio realizado con WordPress\",\"potentialAction\":[{\"@type\":\"SearchAction\",\"target\":{\"@type\":\"EntryPoint\",\"urlTemplate\":\"https:\\\/\\\/eurecat.org\\\/es\\\/?s={search_term_string}\"},\"query-input\":{\"@type\":\"PropertyValueSpecification\",\"valueRequired\":true,\"valueName\":\"search_term_string\"}}],\"inLanguage\":\"es\"},{\"@type\":\"Person\",\"@id\":\"https:\\\/\\\/eurecat.org\\\/es\\\/#\\\/schema\\\/person\\\/def9217eded50ee57a9dc4cf0c883f80\",\"name\":\"EurecatEG\",\"image\":{\"@type\":\"ImageObject\",\"inLanguage\":\"es\",\"@id\":\"https:\\\/\\\/secure.gravatar.com\\\/avatar\\\/f40dd9b6ecd3e5c591f3c9b033e495ee0ec9877ba77249fbf268b3889350c824?s=96&d=mm&r=g\",\"url\":\"https:\\\/\\\/secure.gravatar.com\\\/avatar\\\/f40dd9b6ecd3e5c591f3c9b033e495ee0ec9877ba77249fbf268b3889350c824?s=96&d=mm&r=g\",\"contentUrl\":\"https:\\\/\\\/secure.gravatar.com\\\/avatar\\\/f40dd9b6ecd3e5c591f3c9b033e495ee0ec9877ba77249fbf268b3889350c824?s=96&d=mm&r=g\",\"caption\":\"EurecatEG\"}}]}<\/script>\n<!-- \/ Yoast SEO plugin. -->","yoast_head_json":{"title":"Presentan una aplicaci\u00f3n para controlar la apnea del sue\u00f1o desde el m\u00f3vil","description":"La aplicaci\u00f3n MyOSA, desarrollada por Oxigen Salud y Eurecat, apodera al paciente, quien se convierte en parte activa del tratamiento.","robots":{"index":"index","follow":"follow","max-snippet":"max-snippet:-1","max-image-preview":"max-image-preview:large","max-video-preview":"max-video-preview:-1"},"canonical":"https:\/\/eurecat.org\/es\/myosa-healthio\/","og_locale":"es_ES","og_type":"article","og_title":"Presentan una aplicaci\u00f3n para controlar la apnea del sue\u00f1o desde el m\u00f3vil","og_description":"La aplicaci\u00f3n MyOSA, desarrollada por Oxigen Salud y Eurecat, apodera al paciente, quien se convierte en parte activa del tratamiento.","og_url":"https:\/\/eurecat.org\/es\/myosa-healthio\/","og_site_name":"Eurecat","article_published_time":"2017-05-04T11:17:03+00:00","article_modified_time":"2017-05-04T11:30:05+00:00","og_image":[{"width":955,"height":536,"url":"https:\/\/eurecat.org\/wp-content\/uploads\/2017\/05\/rsz_myosa2.png","type":"image\/png"}],"author":"EurecatEG","twitter_card":"summary_large_image","twitter_misc":{"Escrito por":"EurecatEG","Tiempo de lectura":"2 minutos"},"schema":{"@context":"https:\/\/schema.org","@graph":[{"@type":"Article","@id":"https:\/\/eurecat.org\/es\/myosa-healthio\/#article","isPartOf":{"@id":"https:\/\/eurecat.org\/es\/myosa-healthio\/"},"author":{"name":"EurecatEG","@id":"https:\/\/eurecat.org\/es\/#\/schema\/person\/def9217eded50ee57a9dc4cf0c883f80"},"headline":"Presentan una aplicaci\u00f3n para controlar la apnea del sue\u00f1o desde el m\u00f3vil","datePublished":"2017-05-04T11:17:03+00:00","dateModified":"2017-05-04T11:30:05+00:00","mainEntityOfPage":{"@id":"https:\/\/eurecat.org\/es\/myosa-healthio\/"},"wordCount":488,"commentCount":0,"image":{"@id":"https:\/\/eurecat.org\/es\/myosa-healthio\/#primaryimage"},"thumbnailUrl":"https:\/\/eurecat.org\/wp-content\/uploads\/2017\/05\/rsz_myosa2.png","keywords":["eHealth","Ferias","Fires","MyOSA"],"articleSection":["E-health","Ferias","Notas de prensa"],"inLanguage":"es","potentialAction":[{"@type":"CommentAction","name":"Comment","target":["https:\/\/eurecat.org\/es\/myosa-healthio\/#respond"]}]},{"@type":"WebPage","@id":"https:\/\/eurecat.org\/es\/myosa-healthio\/","url":"https:\/\/eurecat.org\/es\/myosa-healthio\/","name":"Presentan una aplicaci\u00f3n para controlar la apnea del sue\u00f1o desde el m\u00f3vil","isPartOf":{"@id":"https:\/\/eurecat.org\/es\/#website"},"primaryImageOfPage":{"@id":"https:\/\/eurecat.org\/es\/myosa-healthio\/#primaryimage"},"image":{"@id":"https:\/\/eurecat.org\/es\/myosa-healthio\/#primaryimage"},"thumbnailUrl":"https:\/\/eurecat.org\/wp-content\/uploads\/2017\/05\/rsz_myosa2.png","datePublished":"2017-05-04T11:17:03+00:00","dateModified":"2017-05-04T11:30:05+00:00","author":{"@id":"https:\/\/eurecat.org\/es\/#\/schema\/person\/def9217eded50ee57a9dc4cf0c883f80"},"description":"La aplicaci\u00f3n MyOSA, desarrollada por Oxigen Salud y Eurecat, apodera al paciente, quien se convierte en parte activa del tratamiento.","breadcrumb":{"@id":"https:\/\/eurecat.org\/es\/myosa-healthio\/#breadcrumb"},"inLanguage":"es","potentialAction":[{"@type":"ReadAction","target":["https:\/\/eurecat.org\/es\/myosa-healthio\/"]}]},{"@type":"ImageObject","inLanguage":"es","@id":"https:\/\/eurecat.org\/es\/myosa-healthio\/#primaryimage","url":"https:\/\/eurecat.org\/wp-content\/uploads\/2017\/05\/rsz_myosa2.png","contentUrl":"https:\/\/eurecat.org\/wp-content\/uploads\/2017\/05\/rsz_myosa2.png","width":"955","height":"536"},{"@type":"BreadcrumbList","@id":"https:\/\/eurecat.org\/es\/myosa-healthio\/#breadcrumb","itemListElement":[{"@type":"ListItem","position":1,"name":"Inici","item":"https:\/\/eurecat.org\/es\/"},{"@type":"ListItem","position":2,"name":"Presentan una aplicaci\u00f3n para controlar la apnea del sue\u00f1o desde el m\u00f3vil"}]},{"@type":"WebSite","@id":"https:\/\/eurecat.org\/es\/#website","url":"https:\/\/eurecat.org\/es\/","name":"Eurecat","description":"Otro sitio realizado con WordPress","potentialAction":[{"@type":"SearchAction","target":{"@type":"EntryPoint","urlTemplate":"https:\/\/eurecat.org\/es\/?s={search_term_string}"},"query-input":{"@type":"PropertyValueSpecification","valueRequired":true,"valueName":"search_term_string"}}],"inLanguage":"es"},{"@type":"Person","@id":"https:\/\/eurecat.org\/es\/#\/schema\/person\/def9217eded50ee57a9dc4cf0c883f80","name":"EurecatEG","image":{"@type":"ImageObject","inLanguage":"es","@id":"https:\/\/secure.gravatar.com\/avatar\/f40dd9b6ecd3e5c591f3c9b033e495ee0ec9877ba77249fbf268b3889350c824?s=96&d=mm&r=g","url":"https:\/\/secure.gravatar.com\/avatar\/f40dd9b6ecd3e5c591f3c9b033e495ee0ec9877ba77249fbf268b3889350c824?s=96&d=mm&r=g","contentUrl":"https:\/\/secure.gravatar.com\/avatar\/f40dd9b6ecd3e5c591f3c9b033e495ee0ec9877ba77249fbf268b3889350c824?s=96&d=mm&r=g","caption":"EurecatEG"}}]}},"_links":{"self":[{"href":"https:\/\/eurecat.org\/es\/wp-json\/wp\/v2\/posts\/24639","targetHints":{"allow":["GET"]}}],"collection":[{"href":"https:\/\/eurecat.org\/es\/wp-json\/wp\/v2\/posts"}],"about":[{"href":"https:\/\/eurecat.org\/es\/wp-json\/wp\/v2\/types\/post"}],"author":[{"embeddable":true,"href":"https:\/\/eurecat.org\/es\/wp-json\/wp\/v2\/users\/12"}],"replies":[{"embeddable":true,"href":"https:\/\/eurecat.org\/es\/wp-json\/wp\/v2\/comments?post=24639"}],"version-history":[{"count":0,"href":"https:\/\/eurecat.org\/es\/wp-json\/wp\/v2\/posts\/24639\/revisions"}],"wp:featuredmedia":[{"embeddable":true,"href":"https:\/\/eurecat.org\/es\/wp-json\/wp\/v2\/media\/24637"}],"wp:attachment":[{"href":"https:\/\/eurecat.org\/es\/wp-json\/wp\/v2\/media?parent=24639"}],"wp:term":[{"taxonomy":"category","embeddable":true,"href":"https:\/\/eurecat.org\/es\/wp-json\/wp\/v2\/categories?post=24639"},{"taxonomy":"post_tag","embeddable":true,"href":"https:\/\/eurecat.org\/es\/wp-json\/wp\/v2\/tags?post=24639"}],"curies":[{"name":"wp","href":"https:\/\/api.w.org\/{rel}","templated":true}]}}