{"id":25283,"date":"2017-05-15T15:42:48","date_gmt":"2017-05-15T15:42:48","guid":{"rendered":"http:\/\/eurecat.org\/eurecat-integra-ctqc\/"},"modified":"2017-05-15T16:01:34","modified_gmt":"2017-05-15T16:01:34","slug":"eurecat-integra-ctqc","status":"publish","type":"post","link":"https:\/\/eurecat.org\/es\/eurecat-integra-ctqc\/","title":{"rendered":"Eurecat integra el Centro Tecnol\u00f3gico de la Qu\u00edmica de Catalu\u00f1a"},"content":{"rendered":"<h1 style=\"text-align: center;\"><span style=\"color: #000000;\"><strong>Eurecat integra el Centro Tecnol\u00f3gico de la Qu\u00edmica de Catalu\u00f1a<\/strong><\/span><\/h1>\n<ul>\n<li style=\"text-align: center;\">\n<h2><strong>Con la integraci\u00f3n a Eurecat, se prev\u00e9 que las actividades del CTQC crezcan a un ritmo anual superior al 15 por ciento.<\/strong><\/h2>\n<\/li>\n<li style=\"text-align: center;\">\n<h2><strong>La operaci\u00f3n se enmarca en la estrategia de Eurecat de consolidaci\u00f3n de alianzas con agentes muy relevantes del sistema de innovaci\u00f3n y de despliegue territorial y sectorial.<\/strong><\/h2>\n<\/li>\n<\/ul>\n<p><strong><u>Tarragona, 12 de mayo de 2017.-<\/u><\/strong> El Patronato del centro tecnol\u00f3gico <a href=\"https:\/\/eurecat.org\/es\"><strong>Eurecat<\/strong><\/a> (miembro de Tecnio) ha aprobado hoy la integraci\u00f3n del Centro Tecnol\u00f3gico de la Qu\u00edmica de Catalu\u00f1a (CTQC), ubicado en Tarragona, en una operaci\u00f3n que supondr\u00e1 la creaci\u00f3n de una nueva Unidad de Tecnolog\u00edas Qu\u00edmicas, dentro de la \u00c1rea de Tecnolog\u00edas Industriales de Eurecat.<\/p>\n<p>El CTQC tuvo unos ingresos totales de 1.580.000 euros en 2016 y se prev\u00e9 que, mediante la integraci\u00f3n a Eurecat, sus actividades crezcan a un ritmo anual superior al 15 por ciento, como consecuencia de la comercializaci\u00f3n de las capacidades propias a empresas de otros sectores que tambi\u00e9n requieren tecnolog\u00edas qu\u00edmicas.<\/p>\n<p>La operaci\u00f3n comporta la integraci\u00f3n del personal del CTQC en Eurecat y se enmarca en la estrategia del Centro Tecnol\u00f3gico de Catalu\u00f1a de consolidaci\u00f3n de alianzas con agentes muy relevantes del sistema de innovaci\u00f3n, tanto desde el punto de vista sectorial como territorial, como es el caso de la Universitat Rovira i Virgili (URV).<\/p>\n<p>Con la integraci\u00f3n, el Patronato del CTQC se convertir\u00e1 en la Comisi\u00f3n Sectorial de la Qu\u00edmica de Eurecat. Asimismo, la empresa que preside del Patronato del CTQC, y que actualmente es Repsol, se incorporar\u00e1 en el Consejo Asesor de Eurecat, integrado por los principales agentes de innovaci\u00f3n de Catalu\u00f1a.<\/p>\n<p><strong>Tarragona concentra el 30 por ciento de la producci\u00f3n qu\u00edmica estatal<\/strong><\/p>\n<p>El sector qu\u00edmico es estrat\u00e9gico para la econom\u00eda catalana, tal y como refleja el peso de la industria qu\u00edmica y farmac\u00e9utica, que presenta el 17,5 por ciento del PIB industrial de Catalu\u00f1a. En esta l\u00ednea, el 30 por ciento de la producci\u00f3n qu\u00edmica estatal se realiza en Tarragona.<\/p>\n<p>Seg\u00fan destaca el presidente de Eurecat, Xavier Torra, \u201cla integraci\u00f3n supone la ampliaci\u00f3n de la presencia de Eurecat en las comarcas del sur de Catalu\u00f1a y un mejor posicionamiento del centro en sectores industriales tan relevantes como la qu\u00edmica y la industria auxiliar que trabaja para las grandes empresas del sector\u201d.<\/p>\n<p>La actividad del CTQC \u201cahora est\u00e1 focalizada en trabajar para la industria qu\u00edmica, pero este conocimiento es aplicable a otros sectores, como la salud, la agroalimentaci\u00f3n, la automoci\u00f3n la aeron\u00e1utica y el ferroviario\u201d, destaca Torra.<\/p>\n<p>Para Eurecat, \u201ces muy importante la incorporaci\u00f3n del conocimiento cient\u00edfico en el \u00e1mbito de la qu\u00edmica que aporta el CTQC, porque refuerza muchas de las otras unidades del centro, como la de materiales, procesos avanzados de manufactura, composites y nutrici\u00f3n y salud\u201d, a\u00f1ade el director general Corporativo y de Operaciones de Eurecat, Xavier L\u00f3pez.<\/p>\n<p>Paralelamente, en palabras de Mar\u00eda Mas, presidenta del Patronato del CTQC, \u201clas empresas del sector qu\u00edmico, mediante Eurecat, podr\u00e1n acceder de manera m\u00e1s sistem\u00e1tica a un abanico de tecnolog\u00edas mucho m\u00e1s amplio, como el Big Data y otras tecnolog\u00edas relacionadas con la Industria 4.0\u201d.<\/p>\n<p>El Centro Tecnol\u00f3gico de la Qu\u00edmica de Catalu\u00f1a se cre\u00f3 en el a\u00f1o 2008 como fundaci\u00f3n privada sin \u00e1nimo de lucro, con el objetivo de contribuir de manera eficaz a la sostenibilidad, la competitividad, la innovaci\u00f3n y el progreso tecnol\u00f3gico de las empresas y entidades europeas del sector qu\u00edmico y sectores relacionados.<\/p>\n<p>Despu\u00e9s de la aprobaci\u00f3n de la integraci\u00f3n por parte del Patronato de Eurecat y del Patronato del CTQC, celebrado el d\u00eda 11 de mayo, hubo un acuerdo de gobierno por parte de la Generalitat de Catalunya, antes de la inscripci\u00f3n definitiva de la operaci\u00f3n.<\/p>\n","protected":false},"excerpt":{"rendered":"<p>Eurecat integra el Centro Tecnol\u00f3gico de la Qu\u00edmica de Catalu\u00f1a Con la integraci\u00f3n a Eurecat, se prev\u00e9 que las actividades del CTQC crezcan a un ritmo anual superior al 15 por ciento. La operaci\u00f3n se enmarca en la estrategia de Eurecat de consolidaci\u00f3n de alianzas con agentes muy relevantes del sistema de innovaci\u00f3n y de  [&#8230;]<\/p>\n","protected":false},"author":12,"featured_media":25279,"comment_status":"open","ping_status":"closed","sticky":false,"template":"","format":"standard","meta":{"footnotes":""},"categories":[682,134],"tags":[813,814],"class_list":["post-25283","post","type-post","status-publish","format-standard","has-post-thumbnail","hentry","category-corporatiu-es","category-notas-de-prensa","tag-ctqc-es","tag-quimica-es"],"yoast_head":"<!-- This site is optimized with the Yoast SEO plugin v27.5 - https:\/\/yoast.com\/product\/yoast-seo-wordpress\/ -->\n<title>Eurecat integra el Centro Tecnol\u00f3gico de la Qu\u00edmica de Catalu\u00f1a - Eurecat<\/title>\n<meta name=\"description\" content=\"\u2022 Con la integraci\u00f3n a Eurecat, se prev\u00e9 que las actividades del CTQC crezcan a un ritmo anual superior al 15 por ciento.\" \/>\n<meta name=\"robots\" content=\"index, follow, max-snippet:-1, max-image-preview:large, max-video-preview:-1\" \/>\n<link rel=\"canonical\" href=\"https:\/\/eurecat.org\/es\/eurecat-integra-ctqc\/\" \/>\n<meta property=\"og:locale\" content=\"es_ES\" \/>\n<meta property=\"og:type\" content=\"article\" \/>\n<meta property=\"og:title\" content=\"Eurecat integra el Centro Tecnol\u00f3gico de la Qu\u00edmica de Catalu\u00f1a - Eurecat\" \/>\n<meta property=\"og:description\" content=\"\u2022 Con la integraci\u00f3n a Eurecat, se prev\u00e9 que las actividades del CTQC crezcan a un ritmo anual superior al 15 por ciento.\" \/>\n<meta property=\"og:url\" content=\"https:\/\/eurecat.org\/es\/eurecat-integra-ctqc\/\" \/>\n<meta property=\"og:site_name\" content=\"Eurecat\" \/>\n<meta property=\"article:published_time\" content=\"2017-05-15T15:42:48+00:00\" \/>\n<meta property=\"article:modified_time\" content=\"2017-05-15T16:01:34+00:00\" \/>\n<meta property=\"og:image\" content=\"https:\/\/eurecat.org\/wp-content\/uploads\/2017\/05\/CTQC_Eurecat.jpg\" \/>\n\t<meta property=\"og:image:width\" content=\"1200\" \/>\n\t<meta property=\"og:image:height\" content=\"798\" \/>\n\t<meta property=\"og:image:type\" content=\"image\/jpeg\" \/>\n<meta name=\"author\" content=\"EurecatEG\" \/>\n<meta name=\"twitter:card\" content=\"summary_large_image\" \/>\n<meta name=\"twitter:label1\" content=\"Escrito por\" \/>\n\t<meta name=\"twitter:data1\" content=\"EurecatEG\" \/>\n\t<meta name=\"twitter:label2\" content=\"Tiempo de lectura\" \/>\n\t<meta name=\"twitter:data2\" content=\"3 minutos\" \/>\n<script type=\"application\/ld+json\" class=\"yoast-schema-graph\">{\"@context\":\"https:\\\/\\\/schema.org\",\"@graph\":[{\"@type\":\"Article\",\"@id\":\"https:\\\/\\\/eurecat.org\\\/es\\\/eurecat-integra-ctqc\\\/#article\",\"isPartOf\":{\"@id\":\"https:\\\/\\\/eurecat.org\\\/es\\\/eurecat-integra-ctqc\\\/\"},\"author\":{\"name\":\"EurecatEG\",\"@id\":\"https:\\\/\\\/eurecat.org\\\/es\\\/#\\\/schema\\\/person\\\/def9217eded50ee57a9dc4cf0c883f80\"},\"headline\":\"Eurecat integra el Centro Tecnol\u00f3gico de la Qu\u00edmica de Catalu\u00f1a\",\"datePublished\":\"2017-05-15T15:42:48+00:00\",\"dateModified\":\"2017-05-15T16:01:34+00:00\",\"mainEntityOfPage\":{\"@id\":\"https:\\\/\\\/eurecat.org\\\/es\\\/eurecat-integra-ctqc\\\/\"},\"wordCount\":690,\"commentCount\":0,\"image\":{\"@id\":\"https:\\\/\\\/eurecat.org\\\/es\\\/eurecat-integra-ctqc\\\/#primaryimage\"},\"thumbnailUrl\":\"https:\\\/\\\/eurecat.org\\\/wp-content\\\/uploads\\\/2017\\\/05\\\/CTQC_Eurecat.jpg\",\"keywords\":[\"CTQC\",\"Qu\u00edmica\"],\"articleSection\":[\"Corporativo\",\"Notas de prensa\"],\"inLanguage\":\"es\",\"potentialAction\":[{\"@type\":\"CommentAction\",\"name\":\"Comment\",\"target\":[\"https:\\\/\\\/eurecat.org\\\/es\\\/eurecat-integra-ctqc\\\/#respond\"]}]},{\"@type\":\"WebPage\",\"@id\":\"https:\\\/\\\/eurecat.org\\\/es\\\/eurecat-integra-ctqc\\\/\",\"url\":\"https:\\\/\\\/eurecat.org\\\/es\\\/eurecat-integra-ctqc\\\/\",\"name\":\"Eurecat integra el Centro Tecnol\u00f3gico de la Qu\u00edmica de Catalu\u00f1a - Eurecat\",\"isPartOf\":{\"@id\":\"https:\\\/\\\/eurecat.org\\\/es\\\/#website\"},\"primaryImageOfPage\":{\"@id\":\"https:\\\/\\\/eurecat.org\\\/es\\\/eurecat-integra-ctqc\\\/#primaryimage\"},\"image\":{\"@id\":\"https:\\\/\\\/eurecat.org\\\/es\\\/eurecat-integra-ctqc\\\/#primaryimage\"},\"thumbnailUrl\":\"https:\\\/\\\/eurecat.org\\\/wp-content\\\/uploads\\\/2017\\\/05\\\/CTQC_Eurecat.jpg\",\"datePublished\":\"2017-05-15T15:42:48+00:00\",\"dateModified\":\"2017-05-15T16:01:34+00:00\",\"author\":{\"@id\":\"https:\\\/\\\/eurecat.org\\\/es\\\/#\\\/schema\\\/person\\\/def9217eded50ee57a9dc4cf0c883f80\"},\"description\":\"\u2022 Con la integraci\u00f3n a Eurecat, se prev\u00e9 que las actividades del CTQC crezcan a un ritmo anual superior al 15 por ciento.\",\"breadcrumb\":{\"@id\":\"https:\\\/\\\/eurecat.org\\\/es\\\/eurecat-integra-ctqc\\\/#breadcrumb\"},\"inLanguage\":\"es\",\"potentialAction\":[{\"@type\":\"ReadAction\",\"target\":[\"https:\\\/\\\/eurecat.org\\\/es\\\/eurecat-integra-ctqc\\\/\"]}]},{\"@type\":\"ImageObject\",\"inLanguage\":\"es\",\"@id\":\"https:\\\/\\\/eurecat.org\\\/es\\\/eurecat-integra-ctqc\\\/#primaryimage\",\"url\":\"https:\\\/\\\/eurecat.org\\\/wp-content\\\/uploads\\\/2017\\\/05\\\/CTQC_Eurecat.jpg\",\"contentUrl\":\"https:\\\/\\\/eurecat.org\\\/wp-content\\\/uploads\\\/2017\\\/05\\\/CTQC_Eurecat.jpg\",\"width\":1200,\"height\":798},{\"@type\":\"BreadcrumbList\",\"@id\":\"https:\\\/\\\/eurecat.org\\\/es\\\/eurecat-integra-ctqc\\\/#breadcrumb\",\"itemListElement\":[{\"@type\":\"ListItem\",\"position\":1,\"name\":\"Inici\",\"item\":\"https:\\\/\\\/eurecat.org\\\/es\\\/\"},{\"@type\":\"ListItem\",\"position\":2,\"name\":\"Eurecat integra el Centro Tecnol\u00f3gico de la Qu\u00edmica de Catalu\u00f1a\"}]},{\"@type\":\"WebSite\",\"@id\":\"https:\\\/\\\/eurecat.org\\\/es\\\/#website\",\"url\":\"https:\\\/\\\/eurecat.org\\\/es\\\/\",\"name\":\"Eurecat\",\"description\":\"Otro sitio realizado con WordPress\",\"potentialAction\":[{\"@type\":\"SearchAction\",\"target\":{\"@type\":\"EntryPoint\",\"urlTemplate\":\"https:\\\/\\\/eurecat.org\\\/es\\\/?s={search_term_string}\"},\"query-input\":{\"@type\":\"PropertyValueSpecification\",\"valueRequired\":true,\"valueName\":\"search_term_string\"}}],\"inLanguage\":\"es\"},{\"@type\":\"Person\",\"@id\":\"https:\\\/\\\/eurecat.org\\\/es\\\/#\\\/schema\\\/person\\\/def9217eded50ee57a9dc4cf0c883f80\",\"name\":\"EurecatEG\",\"image\":{\"@type\":\"ImageObject\",\"inLanguage\":\"es\",\"@id\":\"https:\\\/\\\/secure.gravatar.com\\\/avatar\\\/f40dd9b6ecd3e5c591f3c9b033e495ee0ec9877ba77249fbf268b3889350c824?s=96&d=mm&r=g\",\"url\":\"https:\\\/\\\/secure.gravatar.com\\\/avatar\\\/f40dd9b6ecd3e5c591f3c9b033e495ee0ec9877ba77249fbf268b3889350c824?s=96&d=mm&r=g\",\"contentUrl\":\"https:\\\/\\\/secure.gravatar.com\\\/avatar\\\/f40dd9b6ecd3e5c591f3c9b033e495ee0ec9877ba77249fbf268b3889350c824?s=96&d=mm&r=g\",\"caption\":\"EurecatEG\"}}]}<\/script>\n<!-- \/ Yoast SEO plugin. -->","yoast_head_json":{"title":"Eurecat integra el Centro Tecnol\u00f3gico de la Qu\u00edmica de Catalu\u00f1a - Eurecat","description":"\u2022 Con la integraci\u00f3n a Eurecat, se prev\u00e9 que las actividades del CTQC crezcan a un ritmo anual superior al 15 por ciento.","robots":{"index":"index","follow":"follow","max-snippet":"max-snippet:-1","max-image-preview":"max-image-preview:large","max-video-preview":"max-video-preview:-1"},"canonical":"https:\/\/eurecat.org\/es\/eurecat-integra-ctqc\/","og_locale":"es_ES","og_type":"article","og_title":"Eurecat integra el Centro Tecnol\u00f3gico de la Qu\u00edmica de Catalu\u00f1a - Eurecat","og_description":"\u2022 Con la integraci\u00f3n a Eurecat, se prev\u00e9 que las actividades del CTQC crezcan a un ritmo anual superior al 15 por ciento.","og_url":"https:\/\/eurecat.org\/es\/eurecat-integra-ctqc\/","og_site_name":"Eurecat","article_published_time":"2017-05-15T15:42:48+00:00","article_modified_time":"2017-05-15T16:01:34+00:00","og_image":[{"width":1200,"height":798,"url":"https:\/\/eurecat.org\/wp-content\/uploads\/2017\/05\/CTQC_Eurecat.jpg","type":"image\/jpeg"}],"author":"EurecatEG","twitter_card":"summary_large_image","twitter_misc":{"Escrito por":"EurecatEG","Tiempo de lectura":"3 minutos"},"schema":{"@context":"https:\/\/schema.org","@graph":[{"@type":"Article","@id":"https:\/\/eurecat.org\/es\/eurecat-integra-ctqc\/#article","isPartOf":{"@id":"https:\/\/eurecat.org\/es\/eurecat-integra-ctqc\/"},"author":{"name":"EurecatEG","@id":"https:\/\/eurecat.org\/es\/#\/schema\/person\/def9217eded50ee57a9dc4cf0c883f80"},"headline":"Eurecat integra el Centro Tecnol\u00f3gico de la Qu\u00edmica de Catalu\u00f1a","datePublished":"2017-05-15T15:42:48+00:00","dateModified":"2017-05-15T16:01:34+00:00","mainEntityOfPage":{"@id":"https:\/\/eurecat.org\/es\/eurecat-integra-ctqc\/"},"wordCount":690,"commentCount":0,"image":{"@id":"https:\/\/eurecat.org\/es\/eurecat-integra-ctqc\/#primaryimage"},"thumbnailUrl":"https:\/\/eurecat.org\/wp-content\/uploads\/2017\/05\/CTQC_Eurecat.jpg","keywords":["CTQC","Qu\u00edmica"],"articleSection":["Corporativo","Notas de prensa"],"inLanguage":"es","potentialAction":[{"@type":"CommentAction","name":"Comment","target":["https:\/\/eurecat.org\/es\/eurecat-integra-ctqc\/#respond"]}]},{"@type":"WebPage","@id":"https:\/\/eurecat.org\/es\/eurecat-integra-ctqc\/","url":"https:\/\/eurecat.org\/es\/eurecat-integra-ctqc\/","name":"Eurecat integra el Centro Tecnol\u00f3gico de la Qu\u00edmica de Catalu\u00f1a - Eurecat","isPartOf":{"@id":"https:\/\/eurecat.org\/es\/#website"},"primaryImageOfPage":{"@id":"https:\/\/eurecat.org\/es\/eurecat-integra-ctqc\/#primaryimage"},"image":{"@id":"https:\/\/eurecat.org\/es\/eurecat-integra-ctqc\/#primaryimage"},"thumbnailUrl":"https:\/\/eurecat.org\/wp-content\/uploads\/2017\/05\/CTQC_Eurecat.jpg","datePublished":"2017-05-15T15:42:48+00:00","dateModified":"2017-05-15T16:01:34+00:00","author":{"@id":"https:\/\/eurecat.org\/es\/#\/schema\/person\/def9217eded50ee57a9dc4cf0c883f80"},"description":"\u2022 Con la integraci\u00f3n a Eurecat, se prev\u00e9 que las actividades del CTQC crezcan a un ritmo anual superior al 15 por ciento.","breadcrumb":{"@id":"https:\/\/eurecat.org\/es\/eurecat-integra-ctqc\/#breadcrumb"},"inLanguage":"es","potentialAction":[{"@type":"ReadAction","target":["https:\/\/eurecat.org\/es\/eurecat-integra-ctqc\/"]}]},{"@type":"ImageObject","inLanguage":"es","@id":"https:\/\/eurecat.org\/es\/eurecat-integra-ctqc\/#primaryimage","url":"https:\/\/eurecat.org\/wp-content\/uploads\/2017\/05\/CTQC_Eurecat.jpg","contentUrl":"https:\/\/eurecat.org\/wp-content\/uploads\/2017\/05\/CTQC_Eurecat.jpg","width":1200,"height":798},{"@type":"BreadcrumbList","@id":"https:\/\/eurecat.org\/es\/eurecat-integra-ctqc\/#breadcrumb","itemListElement":[{"@type":"ListItem","position":1,"name":"Inici","item":"https:\/\/eurecat.org\/es\/"},{"@type":"ListItem","position":2,"name":"Eurecat integra el Centro Tecnol\u00f3gico de la Qu\u00edmica de Catalu\u00f1a"}]},{"@type":"WebSite","@id":"https:\/\/eurecat.org\/es\/#website","url":"https:\/\/eurecat.org\/es\/","name":"Eurecat","description":"Otro sitio realizado con WordPress","potentialAction":[{"@type":"SearchAction","target":{"@type":"EntryPoint","urlTemplate":"https:\/\/eurecat.org\/es\/?s={search_term_string}"},"query-input":{"@type":"PropertyValueSpecification","valueRequired":true,"valueName":"search_term_string"}}],"inLanguage":"es"},{"@type":"Person","@id":"https:\/\/eurecat.org\/es\/#\/schema\/person\/def9217eded50ee57a9dc4cf0c883f80","name":"EurecatEG","image":{"@type":"ImageObject","inLanguage":"es","@id":"https:\/\/secure.gravatar.com\/avatar\/f40dd9b6ecd3e5c591f3c9b033e495ee0ec9877ba77249fbf268b3889350c824?s=96&d=mm&r=g","url":"https:\/\/secure.gravatar.com\/avatar\/f40dd9b6ecd3e5c591f3c9b033e495ee0ec9877ba77249fbf268b3889350c824?s=96&d=mm&r=g","contentUrl":"https:\/\/secure.gravatar.com\/avatar\/f40dd9b6ecd3e5c591f3c9b033e495ee0ec9877ba77249fbf268b3889350c824?s=96&d=mm&r=g","caption":"EurecatEG"}}]}},"_links":{"self":[{"href":"https:\/\/eurecat.org\/es\/wp-json\/wp\/v2\/posts\/25283","targetHints":{"allow":["GET"]}}],"collection":[{"href":"https:\/\/eurecat.org\/es\/wp-json\/wp\/v2\/posts"}],"about":[{"href":"https:\/\/eurecat.org\/es\/wp-json\/wp\/v2\/types\/post"}],"author":[{"embeddable":true,"href":"https:\/\/eurecat.org\/es\/wp-json\/wp\/v2\/users\/12"}],"replies":[{"embeddable":true,"href":"https:\/\/eurecat.org\/es\/wp-json\/wp\/v2\/comments?post=25283"}],"version-history":[{"count":0,"href":"https:\/\/eurecat.org\/es\/wp-json\/wp\/v2\/posts\/25283\/revisions"}],"wp:featuredmedia":[{"embeddable":true,"href":"https:\/\/eurecat.org\/es\/wp-json\/wp\/v2\/media\/25279"}],"wp:attachment":[{"href":"https:\/\/eurecat.org\/es\/wp-json\/wp\/v2\/media?parent=25283"}],"wp:term":[{"taxonomy":"category","embeddable":true,"href":"https:\/\/eurecat.org\/es\/wp-json\/wp\/v2\/categories?post=25283"},{"taxonomy":"post_tag","embeddable":true,"href":"https:\/\/eurecat.org\/es\/wp-json\/wp\/v2\/tags?post=25283"}],"curies":[{"name":"wp","href":"https:\/\/api.w.org\/{rel}","templated":true}]}}