{"id":32904,"date":"2017-05-17T12:24:54","date_gmt":"2017-05-17T12:24:54","guid":{"rendered":"https:\/\/eurecat.org\/eurecat-ctm-crea-latlas-de-laigua-urbana-per-europa\/"},"modified":"2017-07-25T12:33:31","modified_gmt":"2017-07-25T12:33:31","slug":"atlas-agua","status":"publish","type":"post","link":"https:\/\/eurecat.org\/es\/atlas-agua\/","title":{"rendered":"Eurecat-CTM crea el Atlas del agua urbana para Europa"},"content":{"rendered":"<h1 style=\"text-align: center;\"><span style=\"color: #000000;\"><strong>Presentan el Atlas del agua urbana para Europa, creado por Eurecat-CTM<\/strong><\/span><\/h1>\n<ul>\n<li style=\"text-align: center;\">\n<h2><span style=\"color: #000000;\">La publicaci\u00f3n se ha elaborado conjuntamente con la Comisi\u00f3n Europea y se ha presentado en la Reuni\u00f3n Ministerial del Agua en Malta.<\/span><\/h2>\n<\/li>\n<li style=\"text-align: center;\">\n<h2><span style=\"color: #000000;\">El Atlas analiza la gesti\u00f3n del agua en las ciudades europeas y pretende aumentar el inter\u00e9s p\u00fablico sobre este recurso escaso.<\/span><\/h2>\n<\/li>\n<\/ul>\n<p><strong><u>Manresa, 17 de mayo de 2017.-<\/u> <\/strong>Una delegaci\u00f3n del centro tecnol\u00f3gico <strong><a href=\"http:\/\/eurecat.org\">Eurecat-CTM<\/a><\/strong>, conjuntamente con el Instituto Holand\u00e9s de Investigaci\u00f3n del ciclo del agua han presentado el Atlas del agua urbana para Europa en la Reuni\u00f3n Ministerial sobre el Agua que se celebr\u00f3 en Malta a finales de abril, un documento que ofrece un an\u00e1lisis de la gesti\u00f3n del agua en las ciudades europeas para aumentar la consciencia social.<\/p>\n<p>La publicaci\u00f3n, que es la primera de estas caracter\u00edsticas, muestra c\u00f3mo los cambios en la gesti\u00f3n del agua, as\u00ed como factores como el cambio clim\u00e1tico o la dieta de los ciudadanos pueden afectar de manera importante la disponibilidad de los recursos h\u00eddricos. En concreto, el Atlas recoge ejemplos de gesti\u00f3n en 40 ciudades y regiones europeas y extranjeras y sugiere acciones que pueden mejorar su gesti\u00f3n.<\/p>\n<p>El documento, elaborado conjuntamente con la Comisi\u00f3n Europea, se ha presentado ante el comisario europeo de Medio Ambiente, Karmenu Vella, y 43 ministros europeos y de la Uni\u00f3n para el Mediterr\u00e1neo. Se trata de la primera demostraci\u00f3n de un enfoque cient\u00edfico-art\u00edstico innovador de la Diplomacia del Agua y pretende aumentar la participaci\u00f3n de los ciudadanos en la toma de decisiones sobre la gesti\u00f3n del agua, junto con la comunidad cient\u00edfica, artistas, pol\u00edticos, actores municipales, escolares y profesores.<\/p>\n<p><strong>Herramientas online para medir la eficiencia de una ciudad<\/strong><\/p>\n<p>Paralelamente al Atlas del agua urbana para Europa se han creado dos herramientas online que ayudan a promover la sostenibilidad en las ciudades y reducir su consumo de agua. El \u2018City Blueprint\u2019 es una herramienta interactiva que da soporte a la toma estrat\u00e9gica de soluciones sobre la gesti\u00f3n del agua y muestra los puntos fuertes y d\u00e9biles de las ciudades en este \u00e1mbito. El \u2018City Amberprint\u2019, por su lado, ayuda a monitorizar el progreso de una ciudad para convertirse en una Smart City sostenible.<\/p>\n","protected":false},"excerpt":{"rendered":"<p>Presentan el Atlas del agua urbana para Europa, creado por Eurecat-CTM La publicaci\u00f3n se ha elaborado conjuntamente con la Comisi\u00f3n Europea y se ha presentado en la Reuni\u00f3n Ministerial del Agua en Malta. El Atlas analiza la gesti\u00f3n del agua en las ciudades europeas y pretende aumentar el inter\u00e9s p\u00fablico sobre este recurso escaso. Manresa,  [&#8230;]<\/p>\n","protected":false},"author":12,"featured_media":32902,"comment_status":"open","ping_status":"closed","sticky":false,"template":"","format":"standard","meta":{"footnotes":""},"categories":[134,411],"tags":[692,1075,481],"class_list":["post-32904","post","type-post","status-publish","format-standard","has-post-thumbnail","hentry","category-notas-de-prensa","category-sostenibilidad","tag-aigua-es","tag-atlas-es","tag-sostenibilitat-es"],"yoast_head":"<!-- This site is optimized with the Yoast SEO plugin v27.5 - https:\/\/yoast.com\/product\/yoast-seo-wordpress\/ -->\n<title>Eurecat-CTM crea el Atlas del agua urbana para Europa - Eurecat<\/title>\n<meta name=\"description\" content=\"La publicaci\u00f3n se ha elaborado conjuntamente con la Comisi\u00f3n Europea y se ha presentado en la Reuni\u00f3n Ministerial del Agua en Malta.\" \/>\n<meta name=\"robots\" content=\"index, follow, max-snippet:-1, max-image-preview:large, max-video-preview:-1\" \/>\n<link rel=\"canonical\" href=\"https:\/\/eurecat.org\/es\/atlas-agua\/\" \/>\n<meta property=\"og:locale\" content=\"es_ES\" \/>\n<meta property=\"og:type\" content=\"article\" \/>\n<meta property=\"og:title\" content=\"Eurecat-CTM crea el Atlas del agua urbana para Europa - Eurecat\" \/>\n<meta property=\"og:description\" content=\"La publicaci\u00f3n se ha elaborado conjuntamente con la Comisi\u00f3n Europea y se ha presentado en la Reuni\u00f3n Ministerial del Agua en Malta.\" \/>\n<meta property=\"og:url\" content=\"https:\/\/eurecat.org\/es\/atlas-agua\/\" \/>\n<meta property=\"og:site_name\" content=\"Eurecat\" \/>\n<meta property=\"article:published_time\" content=\"2017-05-17T12:24:54+00:00\" \/>\n<meta property=\"article:modified_time\" content=\"2017-07-25T12:33:31+00:00\" \/>\n<meta property=\"og:image\" content=\"https:\/\/eurecat.org\/wp-content\/uploads\/2017\/07\/Eurecat_Atlas.jpg\" \/>\n\t<meta property=\"og:image:width\" content=\"810\" \/>\n\t<meta property=\"og:image:height\" content=\"540\" \/>\n\t<meta property=\"og:image:type\" content=\"image\/jpeg\" \/>\n<meta name=\"author\" content=\"EurecatEG\" \/>\n<meta name=\"twitter:card\" content=\"summary_large_image\" \/>\n<meta name=\"twitter:label1\" content=\"Escrito por\" \/>\n\t<meta name=\"twitter:data1\" content=\"EurecatEG\" \/>\n\t<meta name=\"twitter:label2\" content=\"Tiempo de lectura\" \/>\n\t<meta name=\"twitter:data2\" content=\"2 minutos\" \/>\n<script type=\"application\/ld+json\" class=\"yoast-schema-graph\">{\"@context\":\"https:\\\/\\\/schema.org\",\"@graph\":[{\"@type\":\"Article\",\"@id\":\"https:\\\/\\\/eurecat.org\\\/es\\\/atlas-agua\\\/#article\",\"isPartOf\":{\"@id\":\"https:\\\/\\\/eurecat.org\\\/es\\\/atlas-agua\\\/\"},\"author\":{\"name\":\"EurecatEG\",\"@id\":\"https:\\\/\\\/eurecat.org\\\/es\\\/#\\\/schema\\\/person\\\/def9217eded50ee57a9dc4cf0c883f80\"},\"headline\":\"Eurecat-CTM crea el Atlas del agua urbana para Europa\",\"datePublished\":\"2017-05-17T12:24:54+00:00\",\"dateModified\":\"2017-07-25T12:33:31+00:00\",\"mainEntityOfPage\":{\"@id\":\"https:\\\/\\\/eurecat.org\\\/es\\\/atlas-agua\\\/\"},\"wordCount\":398,\"commentCount\":0,\"image\":{\"@id\":\"https:\\\/\\\/eurecat.org\\\/es\\\/atlas-agua\\\/#primaryimage\"},\"thumbnailUrl\":\"https:\\\/\\\/eurecat.org\\\/wp-content\\\/uploads\\\/2017\\\/07\\\/Eurecat_Atlas.jpg\",\"keywords\":[\"aigua\",\"atlas\",\"Sostenibilitat\"],\"articleSection\":[\"Notas de prensa\",\"Sostenibilidad\"],\"inLanguage\":\"es\",\"potentialAction\":[{\"@type\":\"CommentAction\",\"name\":\"Comment\",\"target\":[\"https:\\\/\\\/eurecat.org\\\/es\\\/atlas-agua\\\/#respond\"]}]},{\"@type\":\"WebPage\",\"@id\":\"https:\\\/\\\/eurecat.org\\\/es\\\/atlas-agua\\\/\",\"url\":\"https:\\\/\\\/eurecat.org\\\/es\\\/atlas-agua\\\/\",\"name\":\"Eurecat-CTM crea el Atlas del agua urbana para Europa - Eurecat\",\"isPartOf\":{\"@id\":\"https:\\\/\\\/eurecat.org\\\/es\\\/#website\"},\"primaryImageOfPage\":{\"@id\":\"https:\\\/\\\/eurecat.org\\\/es\\\/atlas-agua\\\/#primaryimage\"},\"image\":{\"@id\":\"https:\\\/\\\/eurecat.org\\\/es\\\/atlas-agua\\\/#primaryimage\"},\"thumbnailUrl\":\"https:\\\/\\\/eurecat.org\\\/wp-content\\\/uploads\\\/2017\\\/07\\\/Eurecat_Atlas.jpg\",\"datePublished\":\"2017-05-17T12:24:54+00:00\",\"dateModified\":\"2017-07-25T12:33:31+00:00\",\"author\":{\"@id\":\"https:\\\/\\\/eurecat.org\\\/es\\\/#\\\/schema\\\/person\\\/def9217eded50ee57a9dc4cf0c883f80\"},\"description\":\"La publicaci\u00f3n se ha elaborado conjuntamente con la Comisi\u00f3n Europea y se ha presentado en la Reuni\u00f3n Ministerial del Agua en Malta.\",\"breadcrumb\":{\"@id\":\"https:\\\/\\\/eurecat.org\\\/es\\\/atlas-agua\\\/#breadcrumb\"},\"inLanguage\":\"es\",\"potentialAction\":[{\"@type\":\"ReadAction\",\"target\":[\"https:\\\/\\\/eurecat.org\\\/es\\\/atlas-agua\\\/\"]}]},{\"@type\":\"ImageObject\",\"inLanguage\":\"es\",\"@id\":\"https:\\\/\\\/eurecat.org\\\/es\\\/atlas-agua\\\/#primaryimage\",\"url\":\"https:\\\/\\\/eurecat.org\\\/wp-content\\\/uploads\\\/2017\\\/07\\\/Eurecat_Atlas.jpg\",\"contentUrl\":\"https:\\\/\\\/eurecat.org\\\/wp-content\\\/uploads\\\/2017\\\/07\\\/Eurecat_Atlas.jpg\",\"width\":810,\"height\":540},{\"@type\":\"BreadcrumbList\",\"@id\":\"https:\\\/\\\/eurecat.org\\\/es\\\/atlas-agua\\\/#breadcrumb\",\"itemListElement\":[{\"@type\":\"ListItem\",\"position\":1,\"name\":\"Inici\",\"item\":\"https:\\\/\\\/eurecat.org\\\/es\\\/\"},{\"@type\":\"ListItem\",\"position\":2,\"name\":\"Eurecat-CTM crea el Atlas del agua urbana para Europa\"}]},{\"@type\":\"WebSite\",\"@id\":\"https:\\\/\\\/eurecat.org\\\/es\\\/#website\",\"url\":\"https:\\\/\\\/eurecat.org\\\/es\\\/\",\"name\":\"Eurecat\",\"description\":\"Otro sitio realizado con WordPress\",\"potentialAction\":[{\"@type\":\"SearchAction\",\"target\":{\"@type\":\"EntryPoint\",\"urlTemplate\":\"https:\\\/\\\/eurecat.org\\\/es\\\/?s={search_term_string}\"},\"query-input\":{\"@type\":\"PropertyValueSpecification\",\"valueRequired\":true,\"valueName\":\"search_term_string\"}}],\"inLanguage\":\"es\"},{\"@type\":\"Person\",\"@id\":\"https:\\\/\\\/eurecat.org\\\/es\\\/#\\\/schema\\\/person\\\/def9217eded50ee57a9dc4cf0c883f80\",\"name\":\"EurecatEG\",\"image\":{\"@type\":\"ImageObject\",\"inLanguage\":\"es\",\"@id\":\"https:\\\/\\\/secure.gravatar.com\\\/avatar\\\/f40dd9b6ecd3e5c591f3c9b033e495ee0ec9877ba77249fbf268b3889350c824?s=96&d=mm&r=g\",\"url\":\"https:\\\/\\\/secure.gravatar.com\\\/avatar\\\/f40dd9b6ecd3e5c591f3c9b033e495ee0ec9877ba77249fbf268b3889350c824?s=96&d=mm&r=g\",\"contentUrl\":\"https:\\\/\\\/secure.gravatar.com\\\/avatar\\\/f40dd9b6ecd3e5c591f3c9b033e495ee0ec9877ba77249fbf268b3889350c824?s=96&d=mm&r=g\",\"caption\":\"EurecatEG\"}}]}<\/script>\n<!-- \/ Yoast SEO plugin. -->","yoast_head_json":{"title":"Eurecat-CTM crea el Atlas del agua urbana para Europa - Eurecat","description":"La publicaci\u00f3n se ha elaborado conjuntamente con la Comisi\u00f3n Europea y se ha presentado en la Reuni\u00f3n Ministerial del Agua en Malta.","robots":{"index":"index","follow":"follow","max-snippet":"max-snippet:-1","max-image-preview":"max-image-preview:large","max-video-preview":"max-video-preview:-1"},"canonical":"https:\/\/eurecat.org\/es\/atlas-agua\/","og_locale":"es_ES","og_type":"article","og_title":"Eurecat-CTM crea el Atlas del agua urbana para Europa - Eurecat","og_description":"La publicaci\u00f3n se ha elaborado conjuntamente con la Comisi\u00f3n Europea y se ha presentado en la Reuni\u00f3n Ministerial del Agua en Malta.","og_url":"https:\/\/eurecat.org\/es\/atlas-agua\/","og_site_name":"Eurecat","article_published_time":"2017-05-17T12:24:54+00:00","article_modified_time":"2017-07-25T12:33:31+00:00","og_image":[{"width":810,"height":540,"url":"https:\/\/eurecat.org\/wp-content\/uploads\/2017\/07\/Eurecat_Atlas.jpg","type":"image\/jpeg"}],"author":"EurecatEG","twitter_card":"summary_large_image","twitter_misc":{"Escrito por":"EurecatEG","Tiempo de lectura":"2 minutos"},"schema":{"@context":"https:\/\/schema.org","@graph":[{"@type":"Article","@id":"https:\/\/eurecat.org\/es\/atlas-agua\/#article","isPartOf":{"@id":"https:\/\/eurecat.org\/es\/atlas-agua\/"},"author":{"name":"EurecatEG","@id":"https:\/\/eurecat.org\/es\/#\/schema\/person\/def9217eded50ee57a9dc4cf0c883f80"},"headline":"Eurecat-CTM crea el Atlas del agua urbana para Europa","datePublished":"2017-05-17T12:24:54+00:00","dateModified":"2017-07-25T12:33:31+00:00","mainEntityOfPage":{"@id":"https:\/\/eurecat.org\/es\/atlas-agua\/"},"wordCount":398,"commentCount":0,"image":{"@id":"https:\/\/eurecat.org\/es\/atlas-agua\/#primaryimage"},"thumbnailUrl":"https:\/\/eurecat.org\/wp-content\/uploads\/2017\/07\/Eurecat_Atlas.jpg","keywords":["aigua","atlas","Sostenibilitat"],"articleSection":["Notas de prensa","Sostenibilidad"],"inLanguage":"es","potentialAction":[{"@type":"CommentAction","name":"Comment","target":["https:\/\/eurecat.org\/es\/atlas-agua\/#respond"]}]},{"@type":"WebPage","@id":"https:\/\/eurecat.org\/es\/atlas-agua\/","url":"https:\/\/eurecat.org\/es\/atlas-agua\/","name":"Eurecat-CTM crea el Atlas del agua urbana para Europa - Eurecat","isPartOf":{"@id":"https:\/\/eurecat.org\/es\/#website"},"primaryImageOfPage":{"@id":"https:\/\/eurecat.org\/es\/atlas-agua\/#primaryimage"},"image":{"@id":"https:\/\/eurecat.org\/es\/atlas-agua\/#primaryimage"},"thumbnailUrl":"https:\/\/eurecat.org\/wp-content\/uploads\/2017\/07\/Eurecat_Atlas.jpg","datePublished":"2017-05-17T12:24:54+00:00","dateModified":"2017-07-25T12:33:31+00:00","author":{"@id":"https:\/\/eurecat.org\/es\/#\/schema\/person\/def9217eded50ee57a9dc4cf0c883f80"},"description":"La publicaci\u00f3n se ha elaborado conjuntamente con la Comisi\u00f3n Europea y se ha presentado en la Reuni\u00f3n Ministerial del Agua en Malta.","breadcrumb":{"@id":"https:\/\/eurecat.org\/es\/atlas-agua\/#breadcrumb"},"inLanguage":"es","potentialAction":[{"@type":"ReadAction","target":["https:\/\/eurecat.org\/es\/atlas-agua\/"]}]},{"@type":"ImageObject","inLanguage":"es","@id":"https:\/\/eurecat.org\/es\/atlas-agua\/#primaryimage","url":"https:\/\/eurecat.org\/wp-content\/uploads\/2017\/07\/Eurecat_Atlas.jpg","contentUrl":"https:\/\/eurecat.org\/wp-content\/uploads\/2017\/07\/Eurecat_Atlas.jpg","width":810,"height":540},{"@type":"BreadcrumbList","@id":"https:\/\/eurecat.org\/es\/atlas-agua\/#breadcrumb","itemListElement":[{"@type":"ListItem","position":1,"name":"Inici","item":"https:\/\/eurecat.org\/es\/"},{"@type":"ListItem","position":2,"name":"Eurecat-CTM crea el Atlas del agua urbana para Europa"}]},{"@type":"WebSite","@id":"https:\/\/eurecat.org\/es\/#website","url":"https:\/\/eurecat.org\/es\/","name":"Eurecat","description":"Otro sitio realizado con WordPress","potentialAction":[{"@type":"SearchAction","target":{"@type":"EntryPoint","urlTemplate":"https:\/\/eurecat.org\/es\/?s={search_term_string}"},"query-input":{"@type":"PropertyValueSpecification","valueRequired":true,"valueName":"search_term_string"}}],"inLanguage":"es"},{"@type":"Person","@id":"https:\/\/eurecat.org\/es\/#\/schema\/person\/def9217eded50ee57a9dc4cf0c883f80","name":"EurecatEG","image":{"@type":"ImageObject","inLanguage":"es","@id":"https:\/\/secure.gravatar.com\/avatar\/f40dd9b6ecd3e5c591f3c9b033e495ee0ec9877ba77249fbf268b3889350c824?s=96&d=mm&r=g","url":"https:\/\/secure.gravatar.com\/avatar\/f40dd9b6ecd3e5c591f3c9b033e495ee0ec9877ba77249fbf268b3889350c824?s=96&d=mm&r=g","contentUrl":"https:\/\/secure.gravatar.com\/avatar\/f40dd9b6ecd3e5c591f3c9b033e495ee0ec9877ba77249fbf268b3889350c824?s=96&d=mm&r=g","caption":"EurecatEG"}}]}},"_links":{"self":[{"href":"https:\/\/eurecat.org\/es\/wp-json\/wp\/v2\/posts\/32904","targetHints":{"allow":["GET"]}}],"collection":[{"href":"https:\/\/eurecat.org\/es\/wp-json\/wp\/v2\/posts"}],"about":[{"href":"https:\/\/eurecat.org\/es\/wp-json\/wp\/v2\/types\/post"}],"author":[{"embeddable":true,"href":"https:\/\/eurecat.org\/es\/wp-json\/wp\/v2\/users\/12"}],"replies":[{"embeddable":true,"href":"https:\/\/eurecat.org\/es\/wp-json\/wp\/v2\/comments?post=32904"}],"version-history":[{"count":0,"href":"https:\/\/eurecat.org\/es\/wp-json\/wp\/v2\/posts\/32904\/revisions"}],"wp:featuredmedia":[{"embeddable":true,"href":"https:\/\/eurecat.org\/es\/wp-json\/wp\/v2\/media\/32902"}],"wp:attachment":[{"href":"https:\/\/eurecat.org\/es\/wp-json\/wp\/v2\/media?parent=32904"}],"wp:term":[{"taxonomy":"category","embeddable":true,"href":"https:\/\/eurecat.org\/es\/wp-json\/wp\/v2\/categories?post=32904"},{"taxonomy":"post_tag","embeddable":true,"href":"https:\/\/eurecat.org\/es\/wp-json\/wp\/v2\/tags?post=32904"}],"curies":[{"name":"wp","href":"https:\/\/api.w.org\/{rel}","templated":true}]}}