{"id":3344,"date":"2015-09-17T08:24:38","date_gmt":"2015-09-17T08:24:38","guid":{"rendered":"http:\/\/eurecat.org\/es\/?p=3344"},"modified":"2016-10-23T16:54:43","modified_gmt":"2016-10-23T16:54:43","slug":"jornada-rapid-manufacturing-y-rapid-prototyping-en-el-parque-cientifico-y-tecnologico-de-la-udg","status":"publish","type":"post","link":"https:\/\/eurecat.org\/es\/jornada-rapid-manufacturing-y-rapid-prototyping-en-el-parque-cientifico-y-tecnologico-de-la-udg\/","title":{"rendered":"Jornada Rapid Manufacturing y Rapid Prototyping en el Parque Cient\u00edfico y Tecnol\u00f3gico de la UdG"},"content":{"rendered":"<p>&nbsp;<\/p>\n<p><strong>Jornada Rapid Manufacturing y Rapid Prototyping en el Parque Cient\u00edfico y Tecnol\u00f3gico de la UdG.<\/strong><\/p>\n<p>El <strong><a href=\"http:\/\/parcudg.com\/\">Parque Cient\u00edfico de la Universidad de Girona<\/a> junto con <a href=\"https:\/\/eurecat.org\/\">Eurecat<\/a><\/strong> celebraron el 17 de septiembre una jornada para usuarios del parque cient\u00edfico, empresas e instituciones de Girona, sobre el Rapid Manufacturing y Rapid Prototyping.<\/p>\n<p>En la jornada, en la que participaron m\u00e1s de 30 personas, los ponentes Felip Esteve, director de <strong><a href=\"http:\/\/www.aserm.net\/\">ASERM-Asociaci\u00f3n Espa\u00f1ola de Rapid Manufacturing<\/a><\/strong>; Joan Guasch, responsable de <strong><a href=\"\/?page_id=45\">Mercados P\u00fablicos<\/a><\/strong> de <strong><a href=\"https:\/\/eurecat.org\/\">Eurecat<\/a><\/strong>, y Antoni Cam\u00ed, desarrollador de producto del centro tecnol\u00f3gico, explicaron a los asistentes c\u00f3mo estas tecnolog\u00edas representan un nuevo paradigma del desarrollo industrial para la obtenci\u00f3n de productos y de prototipos finales altamente personalizados (a partir de un modelo CAD digital), de geometr\u00eda compleja y valor a\u00f1adido, con un coste de producci\u00f3n asequible y flexibilizando la producci\u00f3n en funci\u00f3n de la demanda del mercado o de cada cliente.<\/p>\n","protected":false},"excerpt":{"rendered":"<p>&nbsp; Jornada Rapid Manufacturing y Rapid Prototyping en el Parque Cient\u00edfico y Tecnol\u00f3gico de la UdG. El Parque Cient\u00edfico de la Universidad de Girona junto con Eurecat celebraron el 17 de septiembre una jornada para usuarios del parque cient\u00edfico, empresas e instituciones de Girona, sobre el Rapid Manufacturing y Rapid Prototyping. En la jornada, en  [&#8230;]<\/p>\n","protected":false},"author":12,"featured_media":3340,"comment_status":"open","ping_status":"closed","sticky":false,"template":"","format":"standard","meta":{"footnotes":""},"categories":[133,406],"tags":[],"class_list":["post-3344","post","type-post","status-publish","format-standard","has-post-thumbnail","hentry","category-blog","category-nuevos-procesos-fabricacion"],"yoast_head":"<!-- This site is optimized with the Yoast SEO plugin v27.5 - https:\/\/yoast.com\/product\/yoast-seo-wordpress\/ -->\n<title>Jornada Rapid Manufacturing y Rapid Prototyping en el Parque Cient\u00edfico y Tecnol\u00f3gico de la UdG - Eurecat<\/title>\n<meta name=\"robots\" content=\"index, follow, max-snippet:-1, max-image-preview:large, max-video-preview:-1\" \/>\n<link rel=\"canonical\" href=\"https:\/\/eurecat.org\/es\/jornada-rapid-manufacturing-y-rapid-prototyping-en-el-parque-cientifico-y-tecnologico-de-la-udg\/\" \/>\n<meta property=\"og:locale\" content=\"es_ES\" \/>\n<meta property=\"og:type\" content=\"article\" \/>\n<meta property=\"og:title\" content=\"Jornada Rapid Manufacturing y Rapid Prototyping en el Parque Cient\u00edfico y Tecnol\u00f3gico de la UdG - Eurecat\" \/>\n<meta property=\"og:description\" content=\"&nbsp; Jornada Rapid Manufacturing y Rapid Prototyping en el Parque Cient\u00edfico y Tecnol\u00f3gico de la UdG. El Parque Cient\u00edfico de la Universidad de Girona junto con Eurecat celebraron el 17 de septiembre una jornada para usuarios del parque cient\u00edfico, empresas e instituciones de Girona, sobre el Rapid Manufacturing y Rapid Prototyping. En la jornada, en [...]\" \/>\n<meta property=\"og:url\" content=\"https:\/\/eurecat.org\/es\/jornada-rapid-manufacturing-y-rapid-prototyping-en-el-parque-cientifico-y-tecnologico-de-la-udg\/\" \/>\n<meta property=\"og:site_name\" content=\"Eurecat\" \/>\n<meta property=\"article:published_time\" content=\"2015-09-17T08:24:38+00:00\" \/>\n<meta property=\"article:modified_time\" content=\"2016-10-23T16:54:43+00:00\" \/>\n<meta property=\"og:image\" content=\"https:\/\/eurecat.org\/wp-content\/uploads\/2015\/10\/IMG_20150917_094244-1024x768.jpg\" \/>\n\t<meta property=\"og:image:width\" content=\"1024\" \/>\n\t<meta property=\"og:image:height\" content=\"576\" \/>\n\t<meta property=\"og:image:type\" content=\"image\/jpeg\" \/>\n<meta name=\"author\" content=\"EurecatEG\" \/>\n<meta name=\"twitter:card\" content=\"summary_large_image\" \/>\n<meta name=\"twitter:label1\" content=\"Escrito por\" \/>\n\t<meta name=\"twitter:data1\" content=\"EurecatEG\" \/>\n\t<meta name=\"twitter:label2\" content=\"Tiempo de lectura\" \/>\n\t<meta name=\"twitter:data2\" content=\"1 minuto\" \/>\n<script type=\"application\/ld+json\" class=\"yoast-schema-graph\">{\"@context\":\"https:\\\/\\\/schema.org\",\"@graph\":[{\"@type\":\"Article\",\"@id\":\"https:\\\/\\\/eurecat.org\\\/es\\\/jornada-rapid-manufacturing-y-rapid-prototyping-en-el-parque-cientifico-y-tecnologico-de-la-udg\\\/#article\",\"isPartOf\":{\"@id\":\"https:\\\/\\\/eurecat.org\\\/es\\\/jornada-rapid-manufacturing-y-rapid-prototyping-en-el-parque-cientifico-y-tecnologico-de-la-udg\\\/\"},\"author\":{\"name\":\"EurecatEG\",\"@id\":\"https:\\\/\\\/eurecat.org\\\/es\\\/#\\\/schema\\\/person\\\/def9217eded50ee57a9dc4cf0c883f80\"},\"headline\":\"Jornada Rapid Manufacturing y Rapid Prototyping en el Parque Cient\u00edfico y Tecnol\u00f3gico de la UdG\",\"datePublished\":\"2015-09-17T08:24:38+00:00\",\"dateModified\":\"2016-10-23T16:54:43+00:00\",\"mainEntityOfPage\":{\"@id\":\"https:\\\/\\\/eurecat.org\\\/es\\\/jornada-rapid-manufacturing-y-rapid-prototyping-en-el-parque-cientifico-y-tecnologico-de-la-udg\\\/\"},\"wordCount\":181,\"commentCount\":0,\"image\":{\"@id\":\"https:\\\/\\\/eurecat.org\\\/es\\\/jornada-rapid-manufacturing-y-rapid-prototyping-en-el-parque-cientifico-y-tecnologico-de-la-udg\\\/#primaryimage\"},\"thumbnailUrl\":\"https:\\\/\\\/eurecat.org\\\/wp-content\\\/uploads\\\/2015\\\/10\\\/IMG_20150917_094244-1024x768.jpg\",\"articleSection\":[\"Blog\",\"Nuevos procesos de fabricaci\u00f3n\"],\"inLanguage\":\"es\",\"potentialAction\":[{\"@type\":\"CommentAction\",\"name\":\"Comment\",\"target\":[\"https:\\\/\\\/eurecat.org\\\/es\\\/jornada-rapid-manufacturing-y-rapid-prototyping-en-el-parque-cientifico-y-tecnologico-de-la-udg\\\/#respond\"]}]},{\"@type\":\"WebPage\",\"@id\":\"https:\\\/\\\/eurecat.org\\\/es\\\/jornada-rapid-manufacturing-y-rapid-prototyping-en-el-parque-cientifico-y-tecnologico-de-la-udg\\\/\",\"url\":\"https:\\\/\\\/eurecat.org\\\/es\\\/jornada-rapid-manufacturing-y-rapid-prototyping-en-el-parque-cientifico-y-tecnologico-de-la-udg\\\/\",\"name\":\"Jornada Rapid Manufacturing y Rapid Prototyping en el Parque Cient\u00edfico y Tecnol\u00f3gico de la UdG - Eurecat\",\"isPartOf\":{\"@id\":\"https:\\\/\\\/eurecat.org\\\/es\\\/#website\"},\"primaryImageOfPage\":{\"@id\":\"https:\\\/\\\/eurecat.org\\\/es\\\/jornada-rapid-manufacturing-y-rapid-prototyping-en-el-parque-cientifico-y-tecnologico-de-la-udg\\\/#primaryimage\"},\"image\":{\"@id\":\"https:\\\/\\\/eurecat.org\\\/es\\\/jornada-rapid-manufacturing-y-rapid-prototyping-en-el-parque-cientifico-y-tecnologico-de-la-udg\\\/#primaryimage\"},\"thumbnailUrl\":\"https:\\\/\\\/eurecat.org\\\/wp-content\\\/uploads\\\/2015\\\/10\\\/IMG_20150917_094244-1024x768.jpg\",\"datePublished\":\"2015-09-17T08:24:38+00:00\",\"dateModified\":\"2016-10-23T16:54:43+00:00\",\"author\":{\"@id\":\"https:\\\/\\\/eurecat.org\\\/es\\\/#\\\/schema\\\/person\\\/def9217eded50ee57a9dc4cf0c883f80\"},\"breadcrumb\":{\"@id\":\"https:\\\/\\\/eurecat.org\\\/es\\\/jornada-rapid-manufacturing-y-rapid-prototyping-en-el-parque-cientifico-y-tecnologico-de-la-udg\\\/#breadcrumb\"},\"inLanguage\":\"es\",\"potentialAction\":[{\"@type\":\"ReadAction\",\"target\":[\"https:\\\/\\\/eurecat.org\\\/es\\\/jornada-rapid-manufacturing-y-rapid-prototyping-en-el-parque-cientifico-y-tecnologico-de-la-udg\\\/\"]}]},{\"@type\":\"ImageObject\",\"inLanguage\":\"es\",\"@id\":\"https:\\\/\\\/eurecat.org\\\/es\\\/jornada-rapid-manufacturing-y-rapid-prototyping-en-el-parque-cientifico-y-tecnologico-de-la-udg\\\/#primaryimage\",\"url\":\"https:\\\/\\\/eurecat.org\\\/wp-content\\\/uploads\\\/2015\\\/10\\\/IMG_20150917_094244-1024x768.jpg\",\"contentUrl\":\"https:\\\/\\\/eurecat.org\\\/wp-content\\\/uploads\\\/2015\\\/10\\\/IMG_20150917_094244-1024x768.jpg\",\"width\":1024,\"height\":576},{\"@type\":\"BreadcrumbList\",\"@id\":\"https:\\\/\\\/eurecat.org\\\/es\\\/jornada-rapid-manufacturing-y-rapid-prototyping-en-el-parque-cientifico-y-tecnologico-de-la-udg\\\/#breadcrumb\",\"itemListElement\":[{\"@type\":\"ListItem\",\"position\":1,\"name\":\"Inici\",\"item\":\"https:\\\/\\\/eurecat.org\\\/es\\\/\"},{\"@type\":\"ListItem\",\"position\":2,\"name\":\"Jornada Rapid Manufacturing y Rapid Prototyping en el Parque Cient\u00edfico y Tecnol\u00f3gico de la UdG\"}]},{\"@type\":\"WebSite\",\"@id\":\"https:\\\/\\\/eurecat.org\\\/es\\\/#website\",\"url\":\"https:\\\/\\\/eurecat.org\\\/es\\\/\",\"name\":\"Eurecat\",\"description\":\"Otro sitio realizado con WordPress\",\"potentialAction\":[{\"@type\":\"SearchAction\",\"target\":{\"@type\":\"EntryPoint\",\"urlTemplate\":\"https:\\\/\\\/eurecat.org\\\/es\\\/?s={search_term_string}\"},\"query-input\":{\"@type\":\"PropertyValueSpecification\",\"valueRequired\":true,\"valueName\":\"search_term_string\"}}],\"inLanguage\":\"es\"},{\"@type\":\"Person\",\"@id\":\"https:\\\/\\\/eurecat.org\\\/es\\\/#\\\/schema\\\/person\\\/def9217eded50ee57a9dc4cf0c883f80\",\"name\":\"EurecatEG\",\"image\":{\"@type\":\"ImageObject\",\"inLanguage\":\"es\",\"@id\":\"https:\\\/\\\/secure.gravatar.com\\\/avatar\\\/f40dd9b6ecd3e5c591f3c9b033e495ee0ec9877ba77249fbf268b3889350c824?s=96&d=mm&r=g\",\"url\":\"https:\\\/\\\/secure.gravatar.com\\\/avatar\\\/f40dd9b6ecd3e5c591f3c9b033e495ee0ec9877ba77249fbf268b3889350c824?s=96&d=mm&r=g\",\"contentUrl\":\"https:\\\/\\\/secure.gravatar.com\\\/avatar\\\/f40dd9b6ecd3e5c591f3c9b033e495ee0ec9877ba77249fbf268b3889350c824?s=96&d=mm&r=g\",\"caption\":\"EurecatEG\"}}]}<\/script>\n<!-- \/ Yoast SEO plugin. -->","yoast_head_json":{"title":"Jornada Rapid Manufacturing y Rapid Prototyping en el Parque Cient\u00edfico y Tecnol\u00f3gico de la UdG - Eurecat","robots":{"index":"index","follow":"follow","max-snippet":"max-snippet:-1","max-image-preview":"max-image-preview:large","max-video-preview":"max-video-preview:-1"},"canonical":"https:\/\/eurecat.org\/es\/jornada-rapid-manufacturing-y-rapid-prototyping-en-el-parque-cientifico-y-tecnologico-de-la-udg\/","og_locale":"es_ES","og_type":"article","og_title":"Jornada Rapid Manufacturing y Rapid Prototyping en el Parque Cient\u00edfico y Tecnol\u00f3gico de la UdG - Eurecat","og_description":"&nbsp; Jornada Rapid Manufacturing y Rapid Prototyping en el Parque Cient\u00edfico y Tecnol\u00f3gico de la UdG. El Parque Cient\u00edfico de la Universidad de Girona junto con Eurecat celebraron el 17 de septiembre una jornada para usuarios del parque cient\u00edfico, empresas e instituciones de Girona, sobre el Rapid Manufacturing y Rapid Prototyping. En la jornada, en [...]","og_url":"https:\/\/eurecat.org\/es\/jornada-rapid-manufacturing-y-rapid-prototyping-en-el-parque-cientifico-y-tecnologico-de-la-udg\/","og_site_name":"Eurecat","article_published_time":"2015-09-17T08:24:38+00:00","article_modified_time":"2016-10-23T16:54:43+00:00","og_image":[{"width":1024,"height":576,"url":"https:\/\/eurecat.org\/wp-content\/uploads\/2015\/10\/IMG_20150917_094244-1024x768.jpg","type":"image\/jpeg"}],"author":"EurecatEG","twitter_card":"summary_large_image","twitter_misc":{"Escrito por":"EurecatEG","Tiempo de lectura":"1 minuto"},"schema":{"@context":"https:\/\/schema.org","@graph":[{"@type":"Article","@id":"https:\/\/eurecat.org\/es\/jornada-rapid-manufacturing-y-rapid-prototyping-en-el-parque-cientifico-y-tecnologico-de-la-udg\/#article","isPartOf":{"@id":"https:\/\/eurecat.org\/es\/jornada-rapid-manufacturing-y-rapid-prototyping-en-el-parque-cientifico-y-tecnologico-de-la-udg\/"},"author":{"name":"EurecatEG","@id":"https:\/\/eurecat.org\/es\/#\/schema\/person\/def9217eded50ee57a9dc4cf0c883f80"},"headline":"Jornada Rapid Manufacturing y Rapid Prototyping en el Parque Cient\u00edfico y Tecnol\u00f3gico de la UdG","datePublished":"2015-09-17T08:24:38+00:00","dateModified":"2016-10-23T16:54:43+00:00","mainEntityOfPage":{"@id":"https:\/\/eurecat.org\/es\/jornada-rapid-manufacturing-y-rapid-prototyping-en-el-parque-cientifico-y-tecnologico-de-la-udg\/"},"wordCount":181,"commentCount":0,"image":{"@id":"https:\/\/eurecat.org\/es\/jornada-rapid-manufacturing-y-rapid-prototyping-en-el-parque-cientifico-y-tecnologico-de-la-udg\/#primaryimage"},"thumbnailUrl":"https:\/\/eurecat.org\/wp-content\/uploads\/2015\/10\/IMG_20150917_094244-1024x768.jpg","articleSection":["Blog","Nuevos procesos de fabricaci\u00f3n"],"inLanguage":"es","potentialAction":[{"@type":"CommentAction","name":"Comment","target":["https:\/\/eurecat.org\/es\/jornada-rapid-manufacturing-y-rapid-prototyping-en-el-parque-cientifico-y-tecnologico-de-la-udg\/#respond"]}]},{"@type":"WebPage","@id":"https:\/\/eurecat.org\/es\/jornada-rapid-manufacturing-y-rapid-prototyping-en-el-parque-cientifico-y-tecnologico-de-la-udg\/","url":"https:\/\/eurecat.org\/es\/jornada-rapid-manufacturing-y-rapid-prototyping-en-el-parque-cientifico-y-tecnologico-de-la-udg\/","name":"Jornada Rapid Manufacturing y Rapid Prototyping en el Parque Cient\u00edfico y Tecnol\u00f3gico de la UdG - Eurecat","isPartOf":{"@id":"https:\/\/eurecat.org\/es\/#website"},"primaryImageOfPage":{"@id":"https:\/\/eurecat.org\/es\/jornada-rapid-manufacturing-y-rapid-prototyping-en-el-parque-cientifico-y-tecnologico-de-la-udg\/#primaryimage"},"image":{"@id":"https:\/\/eurecat.org\/es\/jornada-rapid-manufacturing-y-rapid-prototyping-en-el-parque-cientifico-y-tecnologico-de-la-udg\/#primaryimage"},"thumbnailUrl":"https:\/\/eurecat.org\/wp-content\/uploads\/2015\/10\/IMG_20150917_094244-1024x768.jpg","datePublished":"2015-09-17T08:24:38+00:00","dateModified":"2016-10-23T16:54:43+00:00","author":{"@id":"https:\/\/eurecat.org\/es\/#\/schema\/person\/def9217eded50ee57a9dc4cf0c883f80"},"breadcrumb":{"@id":"https:\/\/eurecat.org\/es\/jornada-rapid-manufacturing-y-rapid-prototyping-en-el-parque-cientifico-y-tecnologico-de-la-udg\/#breadcrumb"},"inLanguage":"es","potentialAction":[{"@type":"ReadAction","target":["https:\/\/eurecat.org\/es\/jornada-rapid-manufacturing-y-rapid-prototyping-en-el-parque-cientifico-y-tecnologico-de-la-udg\/"]}]},{"@type":"ImageObject","inLanguage":"es","@id":"https:\/\/eurecat.org\/es\/jornada-rapid-manufacturing-y-rapid-prototyping-en-el-parque-cientifico-y-tecnologico-de-la-udg\/#primaryimage","url":"https:\/\/eurecat.org\/wp-content\/uploads\/2015\/10\/IMG_20150917_094244-1024x768.jpg","contentUrl":"https:\/\/eurecat.org\/wp-content\/uploads\/2015\/10\/IMG_20150917_094244-1024x768.jpg","width":1024,"height":576},{"@type":"BreadcrumbList","@id":"https:\/\/eurecat.org\/es\/jornada-rapid-manufacturing-y-rapid-prototyping-en-el-parque-cientifico-y-tecnologico-de-la-udg\/#breadcrumb","itemListElement":[{"@type":"ListItem","position":1,"name":"Inici","item":"https:\/\/eurecat.org\/es\/"},{"@type":"ListItem","position":2,"name":"Jornada Rapid Manufacturing y Rapid Prototyping en el Parque Cient\u00edfico y Tecnol\u00f3gico de la UdG"}]},{"@type":"WebSite","@id":"https:\/\/eurecat.org\/es\/#website","url":"https:\/\/eurecat.org\/es\/","name":"Eurecat","description":"Otro sitio realizado con WordPress","potentialAction":[{"@type":"SearchAction","target":{"@type":"EntryPoint","urlTemplate":"https:\/\/eurecat.org\/es\/?s={search_term_string}"},"query-input":{"@type":"PropertyValueSpecification","valueRequired":true,"valueName":"search_term_string"}}],"inLanguage":"es"},{"@type":"Person","@id":"https:\/\/eurecat.org\/es\/#\/schema\/person\/def9217eded50ee57a9dc4cf0c883f80","name":"EurecatEG","image":{"@type":"ImageObject","inLanguage":"es","@id":"https:\/\/secure.gravatar.com\/avatar\/f40dd9b6ecd3e5c591f3c9b033e495ee0ec9877ba77249fbf268b3889350c824?s=96&d=mm&r=g","url":"https:\/\/secure.gravatar.com\/avatar\/f40dd9b6ecd3e5c591f3c9b033e495ee0ec9877ba77249fbf268b3889350c824?s=96&d=mm&r=g","contentUrl":"https:\/\/secure.gravatar.com\/avatar\/f40dd9b6ecd3e5c591f3c9b033e495ee0ec9877ba77249fbf268b3889350c824?s=96&d=mm&r=g","caption":"EurecatEG"}}]}},"_links":{"self":[{"href":"https:\/\/eurecat.org\/es\/wp-json\/wp\/v2\/posts\/3344","targetHints":{"allow":["GET"]}}],"collection":[{"href":"https:\/\/eurecat.org\/es\/wp-json\/wp\/v2\/posts"}],"about":[{"href":"https:\/\/eurecat.org\/es\/wp-json\/wp\/v2\/types\/post"}],"author":[{"embeddable":true,"href":"https:\/\/eurecat.org\/es\/wp-json\/wp\/v2\/users\/12"}],"replies":[{"embeddable":true,"href":"https:\/\/eurecat.org\/es\/wp-json\/wp\/v2\/comments?post=3344"}],"version-history":[{"count":0,"href":"https:\/\/eurecat.org\/es\/wp-json\/wp\/v2\/posts\/3344\/revisions"}],"wp:featuredmedia":[{"embeddable":true,"href":"https:\/\/eurecat.org\/es\/wp-json\/wp\/v2\/media\/3340"}],"wp:attachment":[{"href":"https:\/\/eurecat.org\/es\/wp-json\/wp\/v2\/media?parent=3344"}],"wp:term":[{"taxonomy":"category","embeddable":true,"href":"https:\/\/eurecat.org\/es\/wp-json\/wp\/v2\/categories?post=3344"},{"taxonomy":"post_tag","embeddable":true,"href":"https:\/\/eurecat.org\/es\/wp-json\/wp\/v2\/tags?post=3344"}],"curies":[{"name":"wp","href":"https:\/\/api.w.org\/{rel}","templated":true}]}}