{"id":3561,"date":"2015-11-11T09:01:05","date_gmt":"2015-11-11T09:01:05","guid":{"rendered":"http:\/\/eurecat.org\/es\/?p=3561"},"modified":"2015-11-11T08:59:14","modified_gmt":"2015-11-11T08:59:14","slug":"como-medir-el-impacto-de-los-eventos-culturales","status":"publish","type":"post","link":"https:\/\/eurecat.org\/es\/como-medir-el-impacto-de-los-eventos-culturales\/","title":{"rendered":"\u00bfC\u00f3mo medir el impacto de los eventos culturales?"},"content":{"rendered":"<p>Las Fiestas de la Merc\u00e8 o el Primavera Sound son dos de los eventos culturales que m\u00e1s impacto social, econ\u00f3mico y en t\u00e9rminos de movilidad urbana registra la ciudad de Barcelona. Pero, \u00bf<strong>c\u00f3mo podemos determinar el impacto de actividades como el asociacionismo, de gran tradici\u00f3n en Catalu\u00f1a<\/strong>?<\/p>\n<p>Desde el a\u00f1o 2012, el Consejo Nacional de la Cultura y de las Artes (CONCA) y la Direcci\u00f3n General de Cultura Popular, Asociacionismo y Acci\u00f3n Culturales (DGCAPAAC) han impulsado diversos estudios con el objetivo de <strong>medir el impacto de eventos culturales<\/strong>, especialmente con respecto a <strong>actividades vinculadas a la cultura popular<\/strong>.<\/p>\n<p>Una vez terminados estos trabajos, hoy se presentan los resultados en la jornada \u00ab<strong><a href=\"http:\/\/agenda.cultura.gencat.cat\/Fitxa?index=287&amp;consulta=MSU1KzAl&amp;codi=69909&amp;ordre=4\">El impacto de los eventos culturales. M\u00e1s all\u00e1 de la repercusi\u00f3n econ\u00f3mica<\/a><\/strong>\u00aben el Centro de Cultura Contempor\u00e1nea de Barcelona (CCCB).<\/p>\n<p>La sesi\u00f3n concluir\u00e1 con un debate abierto entre representantes de diversas disciplinas cient\u00edficas sobre la utilidad y las implicaciones que tiene la medici\u00f3n del impacto de eventos culturales. <strong>Mireia Mascarell Llosa<\/strong>, consultora en Cultura y Turismo de Eurecat, Centro Tecnol\u00f3gico de Catalu\u00f1a, participar\u00e1 en la mesa de debate, junto con<strong> Roger Costa<\/strong>, t\u00e9cnico de patrimonio cultural del Departamento de Cultura; <strong>Jos\u00e9 Antonio Donaire<\/strong>, director Campus UdG Turismo y <strong>Toni Gonz\u00e1lez<\/strong>, consultor para las artes esc\u00e9nicas y la gesti\u00f3n internacional de la cultura.<\/p>\n","protected":false},"excerpt":{"rendered":"<p>Las Fiestas de la Merc\u00e8 o el Primavera Sound son dos de los eventos culturales que m\u00e1s impacto social, econ\u00f3mico y en t\u00e9rminos de movilidad urbana registra la ciudad de Barcelona. Pero, \u00bfc\u00f3mo podemos determinar el impacto de actividades como el asociacionismo, de gran tradici\u00f3n en Catalu\u00f1a? Desde el a\u00f1o 2012, el Consejo Nacional de  [&#8230;]<\/p>\n","protected":false},"author":6,"featured_media":3563,"comment_status":"open","ping_status":"closed","sticky":false,"template":"","format":"standard","meta":{"footnotes":""},"categories":[133,392],"tags":[],"class_list":["post-3561","post","type-post","status-publish","format-standard","has-post-thumbnail","hentry","category-blog","category-big-data-analytics"],"yoast_head":"<!-- This site is optimized with the Yoast SEO plugin v27.5 - https:\/\/yoast.com\/product\/yoast-seo-wordpress\/ -->\n<title>\u00bfC\u00f3mo medir el impacto de los eventos culturales?<\/title>\n<meta name=\"robots\" content=\"index, follow, max-snippet:-1, max-image-preview:large, max-video-preview:-1\" \/>\n<link rel=\"canonical\" href=\"https:\/\/eurecat.org\/es\/como-medir-el-impacto-de-los-eventos-culturales\/\" \/>\n<meta property=\"og:locale\" content=\"es_ES\" \/>\n<meta property=\"og:type\" content=\"article\" \/>\n<meta property=\"og:title\" content=\"\u00bfC\u00f3mo medir el impacto de los eventos culturales?\" \/>\n<meta property=\"og:description\" content=\"Las Fiestas de la Merc\u00e8 o el Primavera Sound son dos de los eventos culturales que m\u00e1s impacto social, econ\u00f3mico y en t\u00e9rminos de movilidad urbana registra la ciudad de Barcelona. Pero, \u00bfc\u00f3mo podemos determinar el impacto de actividades como el asociacionismo, de gran tradici\u00f3n en Catalu\u00f1a? Desde el a\u00f1o 2012, el Consejo Nacional de [...]\" \/>\n<meta property=\"og:url\" content=\"https:\/\/eurecat.org\/es\/como-medir-el-impacto-de-los-eventos-culturales\/\" \/>\n<meta property=\"og:site_name\" content=\"Eurecat\" \/>\n<meta property=\"article:published_time\" content=\"2015-11-11T09:01:05+00:00\" \/>\n<meta property=\"og:image\" content=\"https:\/\/eurecat.org\/wp-content\/uploads\/2015\/11\/medir_impacto_cultural.jpg\" \/>\n\t<meta property=\"og:image:width\" content=\"1102\" \/>\n\t<meta property=\"og:image:height\" content=\"526\" \/>\n\t<meta property=\"og:image:type\" content=\"image\/jpeg\" \/>\n<meta name=\"author\" content=\"EurecatEM\" \/>\n<meta name=\"twitter:card\" content=\"summary_large_image\" \/>\n<meta name=\"twitter:label1\" content=\"Escrito por\" \/>\n\t<meta name=\"twitter:data1\" content=\"EurecatEM\" \/>\n\t<meta name=\"twitter:label2\" content=\"Tiempo de lectura\" \/>\n\t<meta name=\"twitter:data2\" content=\"1 minuto\" \/>\n<script type=\"application\/ld+json\" class=\"yoast-schema-graph\">{\"@context\":\"https:\\\/\\\/schema.org\",\"@graph\":[{\"@type\":\"Article\",\"@id\":\"https:\\\/\\\/eurecat.org\\\/es\\\/como-medir-el-impacto-de-los-eventos-culturales\\\/#article\",\"isPartOf\":{\"@id\":\"https:\\\/\\\/eurecat.org\\\/es\\\/como-medir-el-impacto-de-los-eventos-culturales\\\/\"},\"author\":{\"name\":\"EurecatEM\",\"@id\":\"https:\\\/\\\/eurecat.org\\\/es\\\/#\\\/schema\\\/person\\\/540d47fd9da63c4587cbae01b88e4db3\"},\"headline\":\"\u00bfC\u00f3mo medir el impacto de los eventos culturales?\",\"datePublished\":\"2015-11-11T09:01:05+00:00\",\"mainEntityOfPage\":{\"@id\":\"https:\\\/\\\/eurecat.org\\\/es\\\/como-medir-el-impacto-de-los-eventos-culturales\\\/\"},\"wordCount\":244,\"commentCount\":0,\"image\":{\"@id\":\"https:\\\/\\\/eurecat.org\\\/es\\\/como-medir-el-impacto-de-los-eventos-culturales\\\/#primaryimage\"},\"thumbnailUrl\":\"https:\\\/\\\/eurecat.org\\\/wp-content\\\/uploads\\\/2015\\\/11\\\/medir_impacto_cultural.jpg\",\"articleSection\":[\"Blog\",\"Data Science &amp; Big Data Analytics\"],\"inLanguage\":\"es\",\"potentialAction\":[{\"@type\":\"CommentAction\",\"name\":\"Comment\",\"target\":[\"https:\\\/\\\/eurecat.org\\\/es\\\/como-medir-el-impacto-de-los-eventos-culturales\\\/#respond\"]}]},{\"@type\":\"WebPage\",\"@id\":\"https:\\\/\\\/eurecat.org\\\/es\\\/como-medir-el-impacto-de-los-eventos-culturales\\\/\",\"url\":\"https:\\\/\\\/eurecat.org\\\/es\\\/como-medir-el-impacto-de-los-eventos-culturales\\\/\",\"name\":\"\u00bfC\u00f3mo medir el impacto de los eventos culturales?\",\"isPartOf\":{\"@id\":\"https:\\\/\\\/eurecat.org\\\/es\\\/#website\"},\"primaryImageOfPage\":{\"@id\":\"https:\\\/\\\/eurecat.org\\\/es\\\/como-medir-el-impacto-de-los-eventos-culturales\\\/#primaryimage\"},\"image\":{\"@id\":\"https:\\\/\\\/eurecat.org\\\/es\\\/como-medir-el-impacto-de-los-eventos-culturales\\\/#primaryimage\"},\"thumbnailUrl\":\"https:\\\/\\\/eurecat.org\\\/wp-content\\\/uploads\\\/2015\\\/11\\\/medir_impacto_cultural.jpg\",\"datePublished\":\"2015-11-11T09:01:05+00:00\",\"author\":{\"@id\":\"https:\\\/\\\/eurecat.org\\\/es\\\/#\\\/schema\\\/person\\\/540d47fd9da63c4587cbae01b88e4db3\"},\"breadcrumb\":{\"@id\":\"https:\\\/\\\/eurecat.org\\\/es\\\/como-medir-el-impacto-de-los-eventos-culturales\\\/#breadcrumb\"},\"inLanguage\":\"es\",\"potentialAction\":[{\"@type\":\"ReadAction\",\"target\":[\"https:\\\/\\\/eurecat.org\\\/es\\\/como-medir-el-impacto-de-los-eventos-culturales\\\/\"]}]},{\"@type\":\"ImageObject\",\"inLanguage\":\"es\",\"@id\":\"https:\\\/\\\/eurecat.org\\\/es\\\/como-medir-el-impacto-de-los-eventos-culturales\\\/#primaryimage\",\"url\":\"https:\\\/\\\/eurecat.org\\\/wp-content\\\/uploads\\\/2015\\\/11\\\/medir_impacto_cultural.jpg\",\"contentUrl\":\"https:\\\/\\\/eurecat.org\\\/wp-content\\\/uploads\\\/2015\\\/11\\\/medir_impacto_cultural.jpg\",\"width\":1102,\"height\":526,\"caption\":\"medir_impacto_cultural\"},{\"@type\":\"BreadcrumbList\",\"@id\":\"https:\\\/\\\/eurecat.org\\\/es\\\/como-medir-el-impacto-de-los-eventos-culturales\\\/#breadcrumb\",\"itemListElement\":[{\"@type\":\"ListItem\",\"position\":1,\"name\":\"Inici\",\"item\":\"https:\\\/\\\/eurecat.org\\\/es\\\/\"},{\"@type\":\"ListItem\",\"position\":2,\"name\":\"\u00bfC\u00f3mo medir el impacto de los eventos culturales?\"}]},{\"@type\":\"WebSite\",\"@id\":\"https:\\\/\\\/eurecat.org\\\/es\\\/#website\",\"url\":\"https:\\\/\\\/eurecat.org\\\/es\\\/\",\"name\":\"Eurecat\",\"description\":\"Otro sitio realizado con WordPress\",\"potentialAction\":[{\"@type\":\"SearchAction\",\"target\":{\"@type\":\"EntryPoint\",\"urlTemplate\":\"https:\\\/\\\/eurecat.org\\\/es\\\/?s={search_term_string}\"},\"query-input\":{\"@type\":\"PropertyValueSpecification\",\"valueRequired\":true,\"valueName\":\"search_term_string\"}}],\"inLanguage\":\"es\"},{\"@type\":\"Person\",\"@id\":\"https:\\\/\\\/eurecat.org\\\/es\\\/#\\\/schema\\\/person\\\/540d47fd9da63c4587cbae01b88e4db3\",\"name\":\"EurecatEM\",\"image\":{\"@type\":\"ImageObject\",\"inLanguage\":\"es\",\"@id\":\"https:\\\/\\\/secure.gravatar.com\\\/avatar\\\/deb330c0660ac5bf74cae5724d94229935e34c26df9bce576399b4da2212af05?s=96&d=mm&r=g\",\"url\":\"https:\\\/\\\/secure.gravatar.com\\\/avatar\\\/deb330c0660ac5bf74cae5724d94229935e34c26df9bce576399b4da2212af05?s=96&d=mm&r=g\",\"contentUrl\":\"https:\\\/\\\/secure.gravatar.com\\\/avatar\\\/deb330c0660ac5bf74cae5724d94229935e34c26df9bce576399b4da2212af05?s=96&d=mm&r=g\",\"caption\":\"EurecatEM\"}}]}<\/script>\n<!-- \/ Yoast SEO plugin. -->","yoast_head_json":{"title":"\u00bfC\u00f3mo medir el impacto de los eventos culturales?","robots":{"index":"index","follow":"follow","max-snippet":"max-snippet:-1","max-image-preview":"max-image-preview:large","max-video-preview":"max-video-preview:-1"},"canonical":"https:\/\/eurecat.org\/es\/como-medir-el-impacto-de-los-eventos-culturales\/","og_locale":"es_ES","og_type":"article","og_title":"\u00bfC\u00f3mo medir el impacto de los eventos culturales?","og_description":"Las Fiestas de la Merc\u00e8 o el Primavera Sound son dos de los eventos culturales que m\u00e1s impacto social, econ\u00f3mico y en t\u00e9rminos de movilidad urbana registra la ciudad de Barcelona. Pero, \u00bfc\u00f3mo podemos determinar el impacto de actividades como el asociacionismo, de gran tradici\u00f3n en Catalu\u00f1a? Desde el a\u00f1o 2012, el Consejo Nacional de [...]","og_url":"https:\/\/eurecat.org\/es\/como-medir-el-impacto-de-los-eventos-culturales\/","og_site_name":"Eurecat","article_published_time":"2015-11-11T09:01:05+00:00","og_image":[{"width":1102,"height":526,"url":"https:\/\/eurecat.org\/wp-content\/uploads\/2015\/11\/medir_impacto_cultural.jpg","type":"image\/jpeg"}],"author":"EurecatEM","twitter_card":"summary_large_image","twitter_misc":{"Escrito por":"EurecatEM","Tiempo de lectura":"1 minuto"},"schema":{"@context":"https:\/\/schema.org","@graph":[{"@type":"Article","@id":"https:\/\/eurecat.org\/es\/como-medir-el-impacto-de-los-eventos-culturales\/#article","isPartOf":{"@id":"https:\/\/eurecat.org\/es\/como-medir-el-impacto-de-los-eventos-culturales\/"},"author":{"name":"EurecatEM","@id":"https:\/\/eurecat.org\/es\/#\/schema\/person\/540d47fd9da63c4587cbae01b88e4db3"},"headline":"\u00bfC\u00f3mo medir el impacto de los eventos culturales?","datePublished":"2015-11-11T09:01:05+00:00","mainEntityOfPage":{"@id":"https:\/\/eurecat.org\/es\/como-medir-el-impacto-de-los-eventos-culturales\/"},"wordCount":244,"commentCount":0,"image":{"@id":"https:\/\/eurecat.org\/es\/como-medir-el-impacto-de-los-eventos-culturales\/#primaryimage"},"thumbnailUrl":"https:\/\/eurecat.org\/wp-content\/uploads\/2015\/11\/medir_impacto_cultural.jpg","articleSection":["Blog","Data Science &amp; Big Data Analytics"],"inLanguage":"es","potentialAction":[{"@type":"CommentAction","name":"Comment","target":["https:\/\/eurecat.org\/es\/como-medir-el-impacto-de-los-eventos-culturales\/#respond"]}]},{"@type":"WebPage","@id":"https:\/\/eurecat.org\/es\/como-medir-el-impacto-de-los-eventos-culturales\/","url":"https:\/\/eurecat.org\/es\/como-medir-el-impacto-de-los-eventos-culturales\/","name":"\u00bfC\u00f3mo medir el impacto de los eventos culturales?","isPartOf":{"@id":"https:\/\/eurecat.org\/es\/#website"},"primaryImageOfPage":{"@id":"https:\/\/eurecat.org\/es\/como-medir-el-impacto-de-los-eventos-culturales\/#primaryimage"},"image":{"@id":"https:\/\/eurecat.org\/es\/como-medir-el-impacto-de-los-eventos-culturales\/#primaryimage"},"thumbnailUrl":"https:\/\/eurecat.org\/wp-content\/uploads\/2015\/11\/medir_impacto_cultural.jpg","datePublished":"2015-11-11T09:01:05+00:00","author":{"@id":"https:\/\/eurecat.org\/es\/#\/schema\/person\/540d47fd9da63c4587cbae01b88e4db3"},"breadcrumb":{"@id":"https:\/\/eurecat.org\/es\/como-medir-el-impacto-de-los-eventos-culturales\/#breadcrumb"},"inLanguage":"es","potentialAction":[{"@type":"ReadAction","target":["https:\/\/eurecat.org\/es\/como-medir-el-impacto-de-los-eventos-culturales\/"]}]},{"@type":"ImageObject","inLanguage":"es","@id":"https:\/\/eurecat.org\/es\/como-medir-el-impacto-de-los-eventos-culturales\/#primaryimage","url":"https:\/\/eurecat.org\/wp-content\/uploads\/2015\/11\/medir_impacto_cultural.jpg","contentUrl":"https:\/\/eurecat.org\/wp-content\/uploads\/2015\/11\/medir_impacto_cultural.jpg","width":1102,"height":526,"caption":"medir_impacto_cultural"},{"@type":"BreadcrumbList","@id":"https:\/\/eurecat.org\/es\/como-medir-el-impacto-de-los-eventos-culturales\/#breadcrumb","itemListElement":[{"@type":"ListItem","position":1,"name":"Inici","item":"https:\/\/eurecat.org\/es\/"},{"@type":"ListItem","position":2,"name":"\u00bfC\u00f3mo medir el impacto de los eventos culturales?"}]},{"@type":"WebSite","@id":"https:\/\/eurecat.org\/es\/#website","url":"https:\/\/eurecat.org\/es\/","name":"Eurecat","description":"Otro sitio realizado con WordPress","potentialAction":[{"@type":"SearchAction","target":{"@type":"EntryPoint","urlTemplate":"https:\/\/eurecat.org\/es\/?s={search_term_string}"},"query-input":{"@type":"PropertyValueSpecification","valueRequired":true,"valueName":"search_term_string"}}],"inLanguage":"es"},{"@type":"Person","@id":"https:\/\/eurecat.org\/es\/#\/schema\/person\/540d47fd9da63c4587cbae01b88e4db3","name":"EurecatEM","image":{"@type":"ImageObject","inLanguage":"es","@id":"https:\/\/secure.gravatar.com\/avatar\/deb330c0660ac5bf74cae5724d94229935e34c26df9bce576399b4da2212af05?s=96&d=mm&r=g","url":"https:\/\/secure.gravatar.com\/avatar\/deb330c0660ac5bf74cae5724d94229935e34c26df9bce576399b4da2212af05?s=96&d=mm&r=g","contentUrl":"https:\/\/secure.gravatar.com\/avatar\/deb330c0660ac5bf74cae5724d94229935e34c26df9bce576399b4da2212af05?s=96&d=mm&r=g","caption":"EurecatEM"}}]}},"_links":{"self":[{"href":"https:\/\/eurecat.org\/es\/wp-json\/wp\/v2\/posts\/3561","targetHints":{"allow":["GET"]}}],"collection":[{"href":"https:\/\/eurecat.org\/es\/wp-json\/wp\/v2\/posts"}],"about":[{"href":"https:\/\/eurecat.org\/es\/wp-json\/wp\/v2\/types\/post"}],"author":[{"embeddable":true,"href":"https:\/\/eurecat.org\/es\/wp-json\/wp\/v2\/users\/6"}],"replies":[{"embeddable":true,"href":"https:\/\/eurecat.org\/es\/wp-json\/wp\/v2\/comments?post=3561"}],"version-history":[{"count":0,"href":"https:\/\/eurecat.org\/es\/wp-json\/wp\/v2\/posts\/3561\/revisions"}],"wp:featuredmedia":[{"embeddable":true,"href":"https:\/\/eurecat.org\/es\/wp-json\/wp\/v2\/media\/3563"}],"wp:attachment":[{"href":"https:\/\/eurecat.org\/es\/wp-json\/wp\/v2\/media?parent=3561"}],"wp:term":[{"taxonomy":"category","embeddable":true,"href":"https:\/\/eurecat.org\/es\/wp-json\/wp\/v2\/categories?post=3561"},{"taxonomy":"post_tag","embeddable":true,"href":"https:\/\/eurecat.org\/es\/wp-json\/wp\/v2\/tags?post=3561"}],"curies":[{"name":"wp","href":"https:\/\/api.w.org\/{rel}","templated":true}]}}