{"id":3768,"date":"2015-11-24T09:28:43","date_gmt":"2015-11-24T09:28:43","guid":{"rendered":"http:\/\/eurecat.org\/es\/?p=3768"},"modified":"2016-10-23T16:54:35","modified_gmt":"2016-10-23T16:54:35","slug":"el-40-de-los-jovenes-entre-15-y-35-anos-quiere-participar-en-los-procesos-de-creacion-de-productos-y-marcas-segun-expertos-del-eurecat-mobile-forum","status":"publish","type":"post","link":"https:\/\/eurecat.org\/es\/el-40-de-los-jovenes-entre-15-y-35-anos-quiere-participar-en-los-procesos-de-creacion-de-productos-y-marcas-segun-expertos-del-eurecat-mobile-forum\/","title":{"rendered":"El 40% de los j\u00f3venes entre 15 y 35 a\u00f1os quiere participar en los procesos de creaci\u00f3n de productos y marcas, seg\u00fan expertos del Eurecat Mobile Forum"},"content":{"rendered":"<p><strong><u>Barcelona, 24 de noviembre de 2015.-<\/u> <\/strong>El 40 por ciento de los <em>millennials<\/em>, la generaci\u00f3n de j\u00f3venes de entre 15 y 35 a\u00f1os y que se considera el grupo social m\u00e1s grande de consumidores en innovaci\u00f3n, quiere participar en los procesos de creaci\u00f3n de productos, servicios y marcas. En Espa\u00f1a los millennials representan el 23 por ciento de la poblaci\u00f3n, lo que supone una cifra cercana a los 11 millones.<\/p>\n<p>A este colectivo se ha referido hoy en la primera jornada del Eurecat Mobile Forum el experto norteamericano <strong>Greg Vodicka<\/strong>, director de\u00a0<a href=\"http:\/\/www.millennialmarketing.com\/\">Millennial Marketing<\/a> y cofundador y director de\u00a0<a href=\"http:\/\/www.thefuturecast.com\/\">Futurecast<\/a>, quien ha apuntado como tendencias de esta generaci\u00f3n la b\u00fasqueda de experiencias vinculadas a la marca, la participaci\u00f3n en sus procesos creativos y el hecho de sentirse identificados con sus prop\u00f3sitos y\u00a0 planteamientos sociales. Ha incidido en el valor de la autoridad de la marca, es decir, que todas sus acciones, inversiones y servicios sean consistentes y respondan a una manera responsable de entender el mundo.<\/p>\n<p>El millennial es, seg\u00fan Vodicka, un usuario\/consumidor que, al mismo tiempo, desea colaborar y co-crear con las marcas y que desea experimentar y compartir contenido y experiencias en redes sociales como resultado de su relaci\u00f3n con ellas. A este respecto, ha se\u00f1alado que las firmas deben pensar diferente y romper los esquemas tradicionales de plantear la innovaci\u00f3n en lo que ha denominado \u201clife hack\u201d para superar las expectativas de los millennials, vincularlos en sus procesos y atenderles all\u00ed donde est\u00e9n.<\/p>\n<p>Respecto a esta generaci\u00f3n de j\u00f3venes consumidores, David Urbano, director de M\u00f3viles y de Digital Networks de e-\u201claCaixa\u201d, ha explicado que el 10% de los clientes de CaixaBank es millennial, de los cuales un 86% se conecta desde el m\u00f3vil y el 84% realiza transacciones econ\u00f3micas desde el smartphone.<\/p>\n<p><strong>CaixaBank premia a los creadores de un dispositivo para compartir gastos conectando el m\u00f3vil<\/strong><\/p>\n<p>CaixaBank ha otorgado el primer premio de la FinAppsParty 2015 a un equipo de cuatro desarrolladores de Barcelona que han creado un dispositivo al que se pueden conectar diversos terminales m\u00f3viles para realizar pagos compartidos. El grupo formado por \u00c1lvaro Guinda, Ignasi Plaza, Alejandro Rosas y Llu\u00eds Rovira consigui\u00f3 los pasados 6 y 7 de noviembre desarrollar en solo 24 horas un dispositivo que muestra la cantidad que hay que pagar y permite que los diversos usuarios acerquen el m\u00f3vil para abonar su parte.<\/p>\n<p>Por otro lado, el segundo premio ha reca\u00eddo en el grupo formado por Abel Elbaile, Pau Giralt y Alex Tejada de Barcelona, quienes crearon una \u201ccuenta proyecto\u201d con forma de cerdito para ingresar dinero desde el tel\u00e9fono m\u00f3vil. El tercer premio lo ha ganado un grupo de cuatro desarrolladores integrado por Marta Rodr\u00edguez, Jonatan Tierno, Alex Guerrero y Alejandro Vidal. Su aplicaci\u00f3n permite al cliente escoger donde quiere ingresar su dinero desde el m\u00f3vil.<\/p>\n<p><strong>La primera jornada ha mostrado aplicaciones y experiencias que combinan desde la neurociencia y los wearables hasta la realidad aumentada<\/strong><\/p>\n<p>Las nuevas experiencias en movilidad han sido el punto de partida de la primera jornada de la Eurecat Mobile Forum, con <strong>propuestas de empresas y emprendedores catalanes<\/strong> que hacen posible una carrera de scalextric guiada por las ondas cerebrales, con el consultor tecnol\u00f3gico <strong>Richard Hebert<\/strong>; descubrir tatuajes que ganan vida con la realidad aumentada, con <strong>Roger Pastor<\/strong>, fundador de Pangea Reality; libros que se pueden leer como un videojuego, con <strong>Quim Garreta<\/strong>, cofundador de Cubus Games, y la formaci\u00f3n en el m\u00f3vil mediante el microlearning, con <strong>Miguel \u00c1ngel Muras<\/strong>, socio fundador y CEO de la startup Snackson. Asimismo, los asistentes podr\u00e1n descubrir el funcionamiento de una camiseta que mide las emociones, con <strong>Santiago J\u00e1\u00f1ez<\/strong>, manager en Retail de Eurecat.<\/p>\n<p>El Eurecat Mobile Forum tambi\u00e9n ha acercado experiencias de usuario en campos tan variados como la prevenci\u00f3n y el seguimiento de la salud, el veh\u00edculo el\u00e9ctrico y el uso de los dispositivos como complemento de la TV y la web para el seguimiento de las elecciones, a partir de las ponencias de <strong>Santiago Meier<\/strong>, CEO de Electromaps, titulada \u00abLa ruta hacia una movilidad m\u00e1s inteligente\u00bb; <strong>Felip Miralles<\/strong>, director de la Unidad eHealth de Eurecat, con \u00abekenku, mobile health para la monitorizaci\u00f3n de pacientes cr\u00f3nicos a domicilio\u00bb, y <strong>Cristina Vila<\/strong>, del Centro de Competencia de Movilidad de la Generalitat de Catalu\u00f1a, con \u00abApp elecciones 27s &#8211; una experiencia orientada a second screen que deviene first screen\u00bb.<\/p>\n<p>Organizado por el centro tecnol\u00f3gico Eurecat (miembro de Tecnio), con el apoyo de CaixaBank, Tecnocom y la Generalitat de Catalunya a trav\u00e9s del plan idigital, el Eurecat Mobile Forum toma el relevo hoy y ma\u00f1ana del BDigital Apps en su sexta edici\u00f3n, con el objetivo de dar respuesta a las nuevas experiencias, tendencias y posibilidades que ofrece el mundo de la movilidad digital desde el punto de vista corporativo y de negocio.<\/p>\n<p>TODOS LOS PONENTES DEL EURECAT MOBILE FORUM EST\u00c1N A VUESTRA DISPOSICI\u00d3N PARA ENTREVISTAS, EN EL M\u00d2BIL 630425169 Y EN EL L\u2019EMAIL <a href=\"mailto:premsa@eurecat.org\">PREMSA@EURECAT.ORG<\/a><\/p>\n<p>CONSULTAD EL PROGRAMA COMPLETO <a href=\"http:\/\/cdn.bdigital.org\/PDF\/MobileForum\/Programa_EurecatMobForum.pdf\">AQU\u00cd<\/a><\/p>\n<p><strong>Para la cobertura del evento, se pueden formalizar inscripciones en el email <\/strong><a href=\"mailto:premsa@eurecat.org\"><strong>premsa@eurecat.org<\/strong><\/a><\/p>\n<p><strong>Sobre Eurecat<\/strong><\/p>\n<p>Eurecat, Centro Tecnol\u00f3gico de Catalu\u00f1a (miembro de TECNIO), aglutina la experiencia de <strong>450 profesionales<\/strong> que generan un volumen de ingresos de <strong>40 millones de euros anuales<\/strong> y presta servicio a m\u00e1s de <strong>1.000 empresas<\/strong>. Con instalaciones en Barcelona, Cerdanyola del Vall\u00e8s, Manresa y Matar\u00f3 y con una sede en Brasil, participa a <strong>160 grandes proyectos consorciados de I+D+i<\/strong> nacionales e internacionales de alto valor estrat\u00e9gico y cuenta con <strong>73 patentes<\/strong> y <strong>7 spin-off<\/strong>. El valor a\u00f1adido que proporciona Eurecat <strong>acelera la innovaci\u00f3n<\/strong>, <strong>elimina el gasto en infraestructuras<\/strong> cient\u00edficas y tecnol\u00f3gicas, <strong>reduce los riesgos <\/strong>y proporciona <strong>conocimiento especializado <\/strong>a medida de cada empresa. <strong>M\u00e1s informaci\u00f3n en <\/strong><a href=\"http:\/\/www.eurecat.org\"><strong>www.eurecat.org<\/strong><\/a><\/p>\n","protected":false},"excerpt":{"rendered":"<p>Barcelona, 24 de noviembre de 2015.- El 40 por ciento de los millennials, la generaci\u00f3n de j\u00f3venes de entre 15 y 35 a\u00f1os y que se considera el grupo social m\u00e1s grande de consumidores en innovaci\u00f3n, quiere participar en los procesos de creaci\u00f3n de productos, servicios y marcas. En Espa\u00f1a los millennials representan el 23  [&#8230;]<\/p>\n","protected":false},"author":12,"featured_media":3766,"comment_status":"open","ping_status":"closed","sticky":false,"template":"","format":"standard","meta":{"footnotes":""},"categories":[392,134],"tags":[],"class_list":["post-3768","post","type-post","status-publish","format-standard","has-post-thumbnail","hentry","category-big-data-analytics","category-notas-de-prensa"],"yoast_head":"<!-- This site is optimized with the Yoast SEO plugin v27.5 - https:\/\/yoast.com\/product\/yoast-seo-wordpress\/ -->\n<title>El 40% de los j\u00f3venes entre 15 y 35 a\u00f1os quiere participar en los procesos de creaci\u00f3n de productos y marcas, seg\u00fan expertos del Eurecat Mobile Forum - Eurecat<\/title>\n<meta name=\"robots\" content=\"index, follow, max-snippet:-1, max-image-preview:large, max-video-preview:-1\" \/>\n<link rel=\"canonical\" href=\"https:\/\/eurecat.org\/es\/el-40-de-los-jovenes-entre-15-y-35-anos-quiere-participar-en-los-procesos-de-creacion-de-productos-y-marcas-segun-expertos-del-eurecat-mobile-forum\/\" \/>\n<meta property=\"og:locale\" content=\"es_ES\" \/>\n<meta property=\"og:type\" content=\"article\" \/>\n<meta property=\"og:title\" content=\"El 40% de los j\u00f3venes entre 15 y 35 a\u00f1os quiere participar en los procesos de creaci\u00f3n de productos y marcas, seg\u00fan expertos del Eurecat Mobile Forum - Eurecat\" \/>\n<meta property=\"og:description\" content=\"Barcelona, 24 de noviembre de 2015.- El 40 por ciento de los millennials, la generaci\u00f3n de j\u00f3venes de entre 15 y 35 a\u00f1os y que se considera el grupo social m\u00e1s grande de consumidores en innovaci\u00f3n, quiere participar en los procesos de creaci\u00f3n de productos, servicios y marcas. En Espa\u00f1a los millennials representan el 23 [...]\" \/>\n<meta property=\"og:url\" content=\"https:\/\/eurecat.org\/es\/el-40-de-los-jovenes-entre-15-y-35-anos-quiere-participar-en-los-procesos-de-creacion-de-productos-y-marcas-segun-expertos-del-eurecat-mobile-forum\/\" \/>\n<meta property=\"og:site_name\" content=\"Eurecat\" \/>\n<meta property=\"article:published_time\" content=\"2015-11-24T09:28:43+00:00\" \/>\n<meta property=\"article:modified_time\" content=\"2016-10-23T16:54:35+00:00\" \/>\n<meta property=\"og:image\" content=\"https:\/\/eurecat.org\/wp-content\/uploads\/2015\/11\/EMF08.jpg\" \/>\n\t<meta property=\"og:image:width\" content=\"3543\" \/>\n\t<meta property=\"og:image:height\" content=\"2362\" \/>\n\t<meta property=\"og:image:type\" content=\"image\/jpeg\" \/>\n<meta name=\"author\" content=\"EurecatEG\" \/>\n<meta name=\"twitter:card\" content=\"summary_large_image\" \/>\n<meta name=\"twitter:label1\" content=\"Escrito por\" \/>\n\t<meta name=\"twitter:data1\" content=\"EurecatEG\" \/>\n\t<meta name=\"twitter:label2\" content=\"Tiempo de lectura\" \/>\n\t<meta name=\"twitter:data2\" content=\"5 minutos\" \/>\n<script type=\"application\/ld+json\" class=\"yoast-schema-graph\">{\"@context\":\"https:\\\/\\\/schema.org\",\"@graph\":[{\"@type\":\"Article\",\"@id\":\"https:\\\/\\\/eurecat.org\\\/es\\\/el-40-de-los-jovenes-entre-15-y-35-anos-quiere-participar-en-los-procesos-de-creacion-de-productos-y-marcas-segun-expertos-del-eurecat-mobile-forum\\\/#article\",\"isPartOf\":{\"@id\":\"https:\\\/\\\/eurecat.org\\\/es\\\/el-40-de-los-jovenes-entre-15-y-35-anos-quiere-participar-en-los-procesos-de-creacion-de-productos-y-marcas-segun-expertos-del-eurecat-mobile-forum\\\/\"},\"author\":{\"name\":\"EurecatEG\",\"@id\":\"https:\\\/\\\/eurecat.org\\\/es\\\/#\\\/schema\\\/person\\\/def9217eded50ee57a9dc4cf0c883f80\"},\"headline\":\"El 40% de los j\u00f3venes entre 15 y 35 a\u00f1os quiere participar en los procesos de creaci\u00f3n de productos y marcas, seg\u00fan expertos del Eurecat Mobile Forum\",\"datePublished\":\"2015-11-24T09:28:43+00:00\",\"dateModified\":\"2016-10-23T16:54:35+00:00\",\"mainEntityOfPage\":{\"@id\":\"https:\\\/\\\/eurecat.org\\\/es\\\/el-40-de-los-jovenes-entre-15-y-35-anos-quiere-participar-en-los-procesos-de-creacion-de-productos-y-marcas-segun-expertos-del-eurecat-mobile-forum\\\/\"},\"wordCount\":1023,\"commentCount\":0,\"image\":{\"@id\":\"https:\\\/\\\/eurecat.org\\\/es\\\/el-40-de-los-jovenes-entre-15-y-35-anos-quiere-participar-en-los-procesos-de-creacion-de-productos-y-marcas-segun-expertos-del-eurecat-mobile-forum\\\/#primaryimage\"},\"thumbnailUrl\":\"https:\\\/\\\/eurecat.org\\\/wp-content\\\/uploads\\\/2015\\\/11\\\/EMF08.jpg\",\"articleSection\":[\"Data Science &amp; Big Data Analytics\",\"Notas de prensa\"],\"inLanguage\":\"es\",\"potentialAction\":[{\"@type\":\"CommentAction\",\"name\":\"Comment\",\"target\":[\"https:\\\/\\\/eurecat.org\\\/es\\\/el-40-de-los-jovenes-entre-15-y-35-anos-quiere-participar-en-los-procesos-de-creacion-de-productos-y-marcas-segun-expertos-del-eurecat-mobile-forum\\\/#respond\"]}]},{\"@type\":\"WebPage\",\"@id\":\"https:\\\/\\\/eurecat.org\\\/es\\\/el-40-de-los-jovenes-entre-15-y-35-anos-quiere-participar-en-los-procesos-de-creacion-de-productos-y-marcas-segun-expertos-del-eurecat-mobile-forum\\\/\",\"url\":\"https:\\\/\\\/eurecat.org\\\/es\\\/el-40-de-los-jovenes-entre-15-y-35-anos-quiere-participar-en-los-procesos-de-creacion-de-productos-y-marcas-segun-expertos-del-eurecat-mobile-forum\\\/\",\"name\":\"El 40% de los j\u00f3venes entre 15 y 35 a\u00f1os quiere participar en los procesos de creaci\u00f3n de productos y marcas, seg\u00fan expertos del Eurecat Mobile Forum - Eurecat\",\"isPartOf\":{\"@id\":\"https:\\\/\\\/eurecat.org\\\/es\\\/#website\"},\"primaryImageOfPage\":{\"@id\":\"https:\\\/\\\/eurecat.org\\\/es\\\/el-40-de-los-jovenes-entre-15-y-35-anos-quiere-participar-en-los-procesos-de-creacion-de-productos-y-marcas-segun-expertos-del-eurecat-mobile-forum\\\/#primaryimage\"},\"image\":{\"@id\":\"https:\\\/\\\/eurecat.org\\\/es\\\/el-40-de-los-jovenes-entre-15-y-35-anos-quiere-participar-en-los-procesos-de-creacion-de-productos-y-marcas-segun-expertos-del-eurecat-mobile-forum\\\/#primaryimage\"},\"thumbnailUrl\":\"https:\\\/\\\/eurecat.org\\\/wp-content\\\/uploads\\\/2015\\\/11\\\/EMF08.jpg\",\"datePublished\":\"2015-11-24T09:28:43+00:00\",\"dateModified\":\"2016-10-23T16:54:35+00:00\",\"author\":{\"@id\":\"https:\\\/\\\/eurecat.org\\\/es\\\/#\\\/schema\\\/person\\\/def9217eded50ee57a9dc4cf0c883f80\"},\"breadcrumb\":{\"@id\":\"https:\\\/\\\/eurecat.org\\\/es\\\/el-40-de-los-jovenes-entre-15-y-35-anos-quiere-participar-en-los-procesos-de-creacion-de-productos-y-marcas-segun-expertos-del-eurecat-mobile-forum\\\/#breadcrumb\"},\"inLanguage\":\"es\",\"potentialAction\":[{\"@type\":\"ReadAction\",\"target\":[\"https:\\\/\\\/eurecat.org\\\/es\\\/el-40-de-los-jovenes-entre-15-y-35-anos-quiere-participar-en-los-procesos-de-creacion-de-productos-y-marcas-segun-expertos-del-eurecat-mobile-forum\\\/\"]}]},{\"@type\":\"ImageObject\",\"inLanguage\":\"es\",\"@id\":\"https:\\\/\\\/eurecat.org\\\/es\\\/el-40-de-los-jovenes-entre-15-y-35-anos-quiere-participar-en-los-procesos-de-creacion-de-productos-y-marcas-segun-expertos-del-eurecat-mobile-forum\\\/#primaryimage\",\"url\":\"https:\\\/\\\/eurecat.org\\\/wp-content\\\/uploads\\\/2015\\\/11\\\/EMF08.jpg\",\"contentUrl\":\"https:\\\/\\\/eurecat.org\\\/wp-content\\\/uploads\\\/2015\\\/11\\\/EMF08.jpg\",\"width\":3543,\"height\":2362},{\"@type\":\"BreadcrumbList\",\"@id\":\"https:\\\/\\\/eurecat.org\\\/es\\\/el-40-de-los-jovenes-entre-15-y-35-anos-quiere-participar-en-los-procesos-de-creacion-de-productos-y-marcas-segun-expertos-del-eurecat-mobile-forum\\\/#breadcrumb\",\"itemListElement\":[{\"@type\":\"ListItem\",\"position\":1,\"name\":\"Inici\",\"item\":\"https:\\\/\\\/eurecat.org\\\/es\\\/\"},{\"@type\":\"ListItem\",\"position\":2,\"name\":\"El 40% de los j\u00f3venes entre 15 y 35 a\u00f1os quiere participar en los procesos de creaci\u00f3n de productos y marcas, seg\u00fan expertos del Eurecat Mobile Forum\"}]},{\"@type\":\"WebSite\",\"@id\":\"https:\\\/\\\/eurecat.org\\\/es\\\/#website\",\"url\":\"https:\\\/\\\/eurecat.org\\\/es\\\/\",\"name\":\"Eurecat\",\"description\":\"Otro sitio realizado con WordPress\",\"potentialAction\":[{\"@type\":\"SearchAction\",\"target\":{\"@type\":\"EntryPoint\",\"urlTemplate\":\"https:\\\/\\\/eurecat.org\\\/es\\\/?s={search_term_string}\"},\"query-input\":{\"@type\":\"PropertyValueSpecification\",\"valueRequired\":true,\"valueName\":\"search_term_string\"}}],\"inLanguage\":\"es\"},{\"@type\":\"Person\",\"@id\":\"https:\\\/\\\/eurecat.org\\\/es\\\/#\\\/schema\\\/person\\\/def9217eded50ee57a9dc4cf0c883f80\",\"name\":\"EurecatEG\",\"image\":{\"@type\":\"ImageObject\",\"inLanguage\":\"es\",\"@id\":\"https:\\\/\\\/secure.gravatar.com\\\/avatar\\\/f40dd9b6ecd3e5c591f3c9b033e495ee0ec9877ba77249fbf268b3889350c824?s=96&d=mm&r=g\",\"url\":\"https:\\\/\\\/secure.gravatar.com\\\/avatar\\\/f40dd9b6ecd3e5c591f3c9b033e495ee0ec9877ba77249fbf268b3889350c824?s=96&d=mm&r=g\",\"contentUrl\":\"https:\\\/\\\/secure.gravatar.com\\\/avatar\\\/f40dd9b6ecd3e5c591f3c9b033e495ee0ec9877ba77249fbf268b3889350c824?s=96&d=mm&r=g\",\"caption\":\"EurecatEG\"}}]}<\/script>\n<!-- \/ Yoast SEO plugin. -->","yoast_head_json":{"title":"El 40% de los j\u00f3venes entre 15 y 35 a\u00f1os quiere participar en los procesos de creaci\u00f3n de productos y marcas, seg\u00fan expertos del Eurecat Mobile Forum - Eurecat","robots":{"index":"index","follow":"follow","max-snippet":"max-snippet:-1","max-image-preview":"max-image-preview:large","max-video-preview":"max-video-preview:-1"},"canonical":"https:\/\/eurecat.org\/es\/el-40-de-los-jovenes-entre-15-y-35-anos-quiere-participar-en-los-procesos-de-creacion-de-productos-y-marcas-segun-expertos-del-eurecat-mobile-forum\/","og_locale":"es_ES","og_type":"article","og_title":"El 40% de los j\u00f3venes entre 15 y 35 a\u00f1os quiere participar en los procesos de creaci\u00f3n de productos y marcas, seg\u00fan expertos del Eurecat Mobile Forum - Eurecat","og_description":"Barcelona, 24 de noviembre de 2015.- El 40 por ciento de los millennials, la generaci\u00f3n de j\u00f3venes de entre 15 y 35 a\u00f1os y que se considera el grupo social m\u00e1s grande de consumidores en innovaci\u00f3n, quiere participar en los procesos de creaci\u00f3n de productos, servicios y marcas. En Espa\u00f1a los millennials representan el 23 [...]","og_url":"https:\/\/eurecat.org\/es\/el-40-de-los-jovenes-entre-15-y-35-anos-quiere-participar-en-los-procesos-de-creacion-de-productos-y-marcas-segun-expertos-del-eurecat-mobile-forum\/","og_site_name":"Eurecat","article_published_time":"2015-11-24T09:28:43+00:00","article_modified_time":"2016-10-23T16:54:35+00:00","og_image":[{"width":3543,"height":2362,"url":"https:\/\/eurecat.org\/wp-content\/uploads\/2015\/11\/EMF08.jpg","type":"image\/jpeg"}],"author":"EurecatEG","twitter_card":"summary_large_image","twitter_misc":{"Escrito por":"EurecatEG","Tiempo de lectura":"5 minutos"},"schema":{"@context":"https:\/\/schema.org","@graph":[{"@type":"Article","@id":"https:\/\/eurecat.org\/es\/el-40-de-los-jovenes-entre-15-y-35-anos-quiere-participar-en-los-procesos-de-creacion-de-productos-y-marcas-segun-expertos-del-eurecat-mobile-forum\/#article","isPartOf":{"@id":"https:\/\/eurecat.org\/es\/el-40-de-los-jovenes-entre-15-y-35-anos-quiere-participar-en-los-procesos-de-creacion-de-productos-y-marcas-segun-expertos-del-eurecat-mobile-forum\/"},"author":{"name":"EurecatEG","@id":"https:\/\/eurecat.org\/es\/#\/schema\/person\/def9217eded50ee57a9dc4cf0c883f80"},"headline":"El 40% de los j\u00f3venes entre 15 y 35 a\u00f1os quiere participar en los procesos de creaci\u00f3n de productos y marcas, seg\u00fan expertos del Eurecat Mobile Forum","datePublished":"2015-11-24T09:28:43+00:00","dateModified":"2016-10-23T16:54:35+00:00","mainEntityOfPage":{"@id":"https:\/\/eurecat.org\/es\/el-40-de-los-jovenes-entre-15-y-35-anos-quiere-participar-en-los-procesos-de-creacion-de-productos-y-marcas-segun-expertos-del-eurecat-mobile-forum\/"},"wordCount":1023,"commentCount":0,"image":{"@id":"https:\/\/eurecat.org\/es\/el-40-de-los-jovenes-entre-15-y-35-anos-quiere-participar-en-los-procesos-de-creacion-de-productos-y-marcas-segun-expertos-del-eurecat-mobile-forum\/#primaryimage"},"thumbnailUrl":"https:\/\/eurecat.org\/wp-content\/uploads\/2015\/11\/EMF08.jpg","articleSection":["Data Science &amp; Big Data Analytics","Notas de prensa"],"inLanguage":"es","potentialAction":[{"@type":"CommentAction","name":"Comment","target":["https:\/\/eurecat.org\/es\/el-40-de-los-jovenes-entre-15-y-35-anos-quiere-participar-en-los-procesos-de-creacion-de-productos-y-marcas-segun-expertos-del-eurecat-mobile-forum\/#respond"]}]},{"@type":"WebPage","@id":"https:\/\/eurecat.org\/es\/el-40-de-los-jovenes-entre-15-y-35-anos-quiere-participar-en-los-procesos-de-creacion-de-productos-y-marcas-segun-expertos-del-eurecat-mobile-forum\/","url":"https:\/\/eurecat.org\/es\/el-40-de-los-jovenes-entre-15-y-35-anos-quiere-participar-en-los-procesos-de-creacion-de-productos-y-marcas-segun-expertos-del-eurecat-mobile-forum\/","name":"El 40% de los j\u00f3venes entre 15 y 35 a\u00f1os quiere participar en los procesos de creaci\u00f3n de productos y marcas, seg\u00fan expertos del Eurecat Mobile Forum - Eurecat","isPartOf":{"@id":"https:\/\/eurecat.org\/es\/#website"},"primaryImageOfPage":{"@id":"https:\/\/eurecat.org\/es\/el-40-de-los-jovenes-entre-15-y-35-anos-quiere-participar-en-los-procesos-de-creacion-de-productos-y-marcas-segun-expertos-del-eurecat-mobile-forum\/#primaryimage"},"image":{"@id":"https:\/\/eurecat.org\/es\/el-40-de-los-jovenes-entre-15-y-35-anos-quiere-participar-en-los-procesos-de-creacion-de-productos-y-marcas-segun-expertos-del-eurecat-mobile-forum\/#primaryimage"},"thumbnailUrl":"https:\/\/eurecat.org\/wp-content\/uploads\/2015\/11\/EMF08.jpg","datePublished":"2015-11-24T09:28:43+00:00","dateModified":"2016-10-23T16:54:35+00:00","author":{"@id":"https:\/\/eurecat.org\/es\/#\/schema\/person\/def9217eded50ee57a9dc4cf0c883f80"},"breadcrumb":{"@id":"https:\/\/eurecat.org\/es\/el-40-de-los-jovenes-entre-15-y-35-anos-quiere-participar-en-los-procesos-de-creacion-de-productos-y-marcas-segun-expertos-del-eurecat-mobile-forum\/#breadcrumb"},"inLanguage":"es","potentialAction":[{"@type":"ReadAction","target":["https:\/\/eurecat.org\/es\/el-40-de-los-jovenes-entre-15-y-35-anos-quiere-participar-en-los-procesos-de-creacion-de-productos-y-marcas-segun-expertos-del-eurecat-mobile-forum\/"]}]},{"@type":"ImageObject","inLanguage":"es","@id":"https:\/\/eurecat.org\/es\/el-40-de-los-jovenes-entre-15-y-35-anos-quiere-participar-en-los-procesos-de-creacion-de-productos-y-marcas-segun-expertos-del-eurecat-mobile-forum\/#primaryimage","url":"https:\/\/eurecat.org\/wp-content\/uploads\/2015\/11\/EMF08.jpg","contentUrl":"https:\/\/eurecat.org\/wp-content\/uploads\/2015\/11\/EMF08.jpg","width":3543,"height":2362},{"@type":"BreadcrumbList","@id":"https:\/\/eurecat.org\/es\/el-40-de-los-jovenes-entre-15-y-35-anos-quiere-participar-en-los-procesos-de-creacion-de-productos-y-marcas-segun-expertos-del-eurecat-mobile-forum\/#breadcrumb","itemListElement":[{"@type":"ListItem","position":1,"name":"Inici","item":"https:\/\/eurecat.org\/es\/"},{"@type":"ListItem","position":2,"name":"El 40% de los j\u00f3venes entre 15 y 35 a\u00f1os quiere participar en los procesos de creaci\u00f3n de productos y marcas, seg\u00fan expertos del Eurecat Mobile Forum"}]},{"@type":"WebSite","@id":"https:\/\/eurecat.org\/es\/#website","url":"https:\/\/eurecat.org\/es\/","name":"Eurecat","description":"Otro sitio realizado con WordPress","potentialAction":[{"@type":"SearchAction","target":{"@type":"EntryPoint","urlTemplate":"https:\/\/eurecat.org\/es\/?s={search_term_string}"},"query-input":{"@type":"PropertyValueSpecification","valueRequired":true,"valueName":"search_term_string"}}],"inLanguage":"es"},{"@type":"Person","@id":"https:\/\/eurecat.org\/es\/#\/schema\/person\/def9217eded50ee57a9dc4cf0c883f80","name":"EurecatEG","image":{"@type":"ImageObject","inLanguage":"es","@id":"https:\/\/secure.gravatar.com\/avatar\/f40dd9b6ecd3e5c591f3c9b033e495ee0ec9877ba77249fbf268b3889350c824?s=96&d=mm&r=g","url":"https:\/\/secure.gravatar.com\/avatar\/f40dd9b6ecd3e5c591f3c9b033e495ee0ec9877ba77249fbf268b3889350c824?s=96&d=mm&r=g","contentUrl":"https:\/\/secure.gravatar.com\/avatar\/f40dd9b6ecd3e5c591f3c9b033e495ee0ec9877ba77249fbf268b3889350c824?s=96&d=mm&r=g","caption":"EurecatEG"}}]}},"_links":{"self":[{"href":"https:\/\/eurecat.org\/es\/wp-json\/wp\/v2\/posts\/3768","targetHints":{"allow":["GET"]}}],"collection":[{"href":"https:\/\/eurecat.org\/es\/wp-json\/wp\/v2\/posts"}],"about":[{"href":"https:\/\/eurecat.org\/es\/wp-json\/wp\/v2\/types\/post"}],"author":[{"embeddable":true,"href":"https:\/\/eurecat.org\/es\/wp-json\/wp\/v2\/users\/12"}],"replies":[{"embeddable":true,"href":"https:\/\/eurecat.org\/es\/wp-json\/wp\/v2\/comments?post=3768"}],"version-history":[{"count":0,"href":"https:\/\/eurecat.org\/es\/wp-json\/wp\/v2\/posts\/3768\/revisions"}],"wp:featuredmedia":[{"embeddable":true,"href":"https:\/\/eurecat.org\/es\/wp-json\/wp\/v2\/media\/3766"}],"wp:attachment":[{"href":"https:\/\/eurecat.org\/es\/wp-json\/wp\/v2\/media?parent=3768"}],"wp:term":[{"taxonomy":"category","embeddable":true,"href":"https:\/\/eurecat.org\/es\/wp-json\/wp\/v2\/categories?post=3768"},{"taxonomy":"post_tag","embeddable":true,"href":"https:\/\/eurecat.org\/es\/wp-json\/wp\/v2\/tags?post=3768"}],"curies":[{"name":"wp","href":"https:\/\/api.w.org\/{rel}","templated":true}]}}