{"id":39373,"date":"2017-10-17T08:48:40","date_gmt":"2017-10-17T08:48:40","guid":{"rendered":"https:\/\/eurecat.org\/previa-big-data-congress-2017\/"},"modified":"2017-10-27T06:46:54","modified_gmt":"2017-10-27T06:46:54","slug":"previa-big-data-congress-2017","status":"publish","type":"post","link":"https:\/\/eurecat.org\/es\/previa-big-data-congress-2017\/","title":{"rendered":"La pr\u00f3xima edici\u00f3n Big Data Congress incidir\u00e1 en el auge de la anal\u00edtica de datos en las empresas"},"content":{"rendered":"<h2 style=\"text-align: center;\"><strong>BIG DATA CONGRESS 2017<\/strong><\/h2>\n<h1 style=\"text-align: center;\"><strong><span style=\"color: #000000;\">La pr\u00f3xima edici\u00f3n del Big Data Congress incidir\u00e1 en el auge de la anal\u00edtica de datos en las empresas<\/span><\/strong><\/h1>\n<ul>\n<li style=\"text-align: center;\">\n<h2><strong><span style=\"color: #000000;\">Barcelona se ha consolidado como un hub en el campo del Big Data y la anal\u00edtica avanzada.<\/span><\/strong><\/h2>\n<\/li>\n<li style=\"text-align: center;\">\n<h2><strong><span style=\"color: #000000;\">El congreso ya cuenta con m\u00e1s de 1.200 inscritos.<\/span><\/strong><\/h2>\n<\/li>\n<li style=\"text-align: center;\">\n<h2><strong><span style=\"color: #000000;\">El Big Data Congress tendr\u00e1 lugar los d\u00edas 25 y 26 de octubre en el Auditorio AXA.<\/span><\/strong><\/h2>\n<\/li>\n<\/ul>\n<p><strong><u>Barcelona, 17 de octubre de 2017.-<\/u> <\/strong>La incorporaci\u00f3n del Big Data y de la anal\u00edtica avanzada \u201cest\u00e1 en auge tanto en las grandes como en las peque\u00f1as y medianas empresas de todos los sectores\u201d, tal como lo acredita el n\u00famero de casos de \u00e9xito y de proyectos que se presentar\u00e1n en la pr\u00f3xima edici\u00f3n del <a href=\"https:\/\/bigdatacongress.barcelona\/es\">Big Data Congress<\/a>, que tendr\u00e1 lugar este mes de octubre en Barcelona, una ciudad que \u201cse ha consolidado como un hub en este campo\u201d.<\/p>\n<p>As\u00ed lo subraya Marc Torrent, director del <a href=\"https:\/\/www.bigdatabcn.com\/es\/\">Big Data CoE Barcelona<\/a>, impulsado por el centro tecnol\u00f3gico <a href=\"https:\/\/eurecat.org\/es\/\">Eurecat<\/a> (miembro de Tecnio), <a href=\"https:\/\/www.oracle.com\/es\/index.html\">Oracle<\/a>, la <a href=\"http:\/\/web.gencat.cat\/es\/inici\/index.html\">Generalitat de Catalunya<\/a> y el <a href=\"http:\/\/ajuntament.barcelona.cat\/es\/\">Ayuntamiento de Barcelona<\/a>, que organiza la tercera edici\u00f3n del congreso, que ya registra m\u00e1s de 1.200 inscripciones.<\/p>\n<p>Durante los dos d\u00edas del Big Data Congress, empresas y expertos explicar\u00e1n casos reales de \u201cc\u00f3mo se est\u00e1 haciendo la transici\u00f3n de antiguas a nuevas plataformas y la manera de extraer valor de la anal\u00edtica avanzada en diferentes sectores\u201d, explica Torrent.<\/p>\n<p>La primera jornada dedicar\u00e1 una sesi\u00f3n a las aplicaciones del Big Data y su impacto en el negocio, con intervenciones de expertos como Ramon Dalmases, gerente del Big Data Lab de Caixabank; Natalia Fern\u00e1ndez, country manager de Board Ib\u00e9rica, y Miquel Gumm\u00e0, cofundador de Foot Analytics.<\/p>\n<p>La ponencia principal del primer d\u00eda se titula \u201cConstruyendo alrededor de los datos\u201d e ir\u00e1 a cargo de Marco Bressan, Chief Data Scientist en Satellogic, donde est\u00e1 reuniendo un equipo de expertos en Inteligencia Artificial para construir una plataforma global de an\u00e1lisis en tiempo real. Durante su trayectoria, Bressan ha participado en m\u00e1s de treinta publicaciones cient\u00edficas y once patentes y ha liderado equipos de organizaciones punteras como Xerox y BBVA.<\/p>\n<p>El modo de conceptualizar, poner en marcha y gestionar proyectos Big Data, as\u00ed como la planificaci\u00f3n, el c\u00e1lculo de rentabilidades econ\u00f3micas y la configuraci\u00f3n del equipo son los ejes de otra de las sesiones destacadas de la primera jornada, a la que seguir\u00e1 otra dedicada a la creaci\u00f3n de equipos de Big Data dentro de las organizaciones, a partir de la visi\u00f3n de empresas como MediaMarkt Espa\u00f1a &amp; Portugal y Social Point.<\/p>\n<p>El director del nuevo Centro de Investigaci\u00f3n y Desarrollo sobre Machine Learning de Amazon en Barcelona, Hugo Zaragoza, compartir\u00e1 durante la segunda jornada del congreso su visi\u00f3n sobre anal\u00edtica avanzada en el mercado y su futuro, con la ponencia titulada \u201cMachine learning en Amazon\u201d.<\/p>\n<p>El segundo d\u00eda del Big Data Congress incidir\u00e1 en la vertiente m\u00e1s tecnol\u00f3gica, con una sesi\u00f3n centrada en las tendencias m\u00e1s punteras a nivel de infraestructura, mediante la experiencia de empresas pioneras en la combinaci\u00f3n de herramientas y el desarrollo de las plataformas m\u00e1s sofisticadas, con ponentes como Marc Planagum\u00e0 y Jos\u00e9 Luis S\u00e1nchez, Big Data Platform Managers de ServiZurich y el ingeniero de Springer Natura GMBH Pere Urb\u00f3n.<\/p>\n<p>Seguidamente se entregar\u00e1n los premios \u2018Big Data Talent Awards\u2019, organizados por el Centro de Excelencia en Big Data y patrocinados por Oracle, que tienen como objetivo reconocer los proyectos de final de master, posgrado y tesis doctorales relacionados con el Big Data y Data Analytics con m\u00e1s impacto socioecon\u00f3mico y con la mayor innovaci\u00f3n tecnol\u00f3gica.<\/p>\n<p>Tambi\u00e9n habr\u00e1 una mesa redonda sobre las tendencias tecnol\u00f3gicas m\u00e1s actuales y una sesi\u00f3n sobre el ciclo de estudio para llegar a configurar la soluci\u00f3n de arquitectura, software y algor\u00edtmica m\u00e1s adecuada, con expertos como Nicol\u00e1s Herrero, Lead data scientist de Wallapop; Jose-Miguel Pulido, cofundador de Promofarma; Stefano Costantini, Data scientist de Schibsted Media Group y Albert Isern, CEO de Bismart.<\/p>\n<p>El Big Data Congress, que tendr\u00e1 lugar en el Auditorio AXA de Barcelona, cuenta con el patrocinio del Ayuntamiento de Barcelona, Caixabank y la Generalitat de Catalunya, con el apoyo de Board, ESADE, ZURICH y el Grupo ICA.<\/p>\n","protected":false},"excerpt":{"rendered":"<p>BIG DATA CONGRESS 2017 La pr\u00f3xima edici\u00f3n del Big Data Congress incidir\u00e1 en el auge de la anal\u00edtica de datos en las empresas Barcelona se ha consolidado como un hub en el campo del Big Data y la anal\u00edtica avanzada. El congreso ya cuenta con m\u00e1s de 1.200 inscritos. El Big Data Congress tendr\u00e1 lugar  [&#8230;]<\/p>\n","protected":false},"author":12,"featured_media":39371,"comment_status":"open","ping_status":"closed","sticky":false,"template":"","format":"standard","meta":{"footnotes":""},"categories":[392,702,134],"tags":[1172],"class_list":["post-39373","post","type-post","status-publish","format-standard","has-post-thumbnail","hentry","category-big-data-analytics","category-eventos","category-notas-de-prensa","tag-big-data-congress-es"],"yoast_head":"<!-- This site is optimized with the Yoast SEO plugin v27.5 - https:\/\/yoast.com\/product\/yoast-seo-wordpress\/ -->\n<title>L&#039;auge de l&#039;anal\u00edtica de dades a les empreses al Big Data Congress<\/title>\n<meta name=\"description\" content=\"Barcelona s\u2019ha consolidat com un hub en el camp del Big Data i l\u2019anal\u00edtica avan\u00e7ada. El congr\u00e9s, organitzat per Eurecat, tindr\u00e0 lloc el 25 i 26 d\u2019octubre.\" \/>\n<meta name=\"robots\" content=\"index, follow, max-snippet:-1, max-image-preview:large, max-video-preview:-1\" \/>\n<link rel=\"canonical\" href=\"https:\/\/eurecat.org\/es\/previa-big-data-congress-2017\/\" \/>\n<meta property=\"og:locale\" content=\"es_ES\" \/>\n<meta property=\"og:type\" content=\"article\" \/>\n<meta property=\"og:title\" content=\"L&#039;auge de l&#039;anal\u00edtica de dades a les empreses al Big Data Congress\" \/>\n<meta property=\"og:description\" content=\"Barcelona s\u2019ha consolidat com un hub en el camp del Big Data i l\u2019anal\u00edtica avan\u00e7ada. El congr\u00e9s, organitzat per Eurecat, tindr\u00e0 lloc el 25 i 26 d\u2019octubre.\" \/>\n<meta property=\"og:url\" content=\"https:\/\/eurecat.org\/es\/previa-big-data-congress-2017\/\" \/>\n<meta property=\"og:site_name\" content=\"Eurecat\" \/>\n<meta property=\"article:published_time\" content=\"2017-10-17T08:48:40+00:00\" \/>\n<meta property=\"article:modified_time\" content=\"2017-10-27T06:46:54+00:00\" \/>\n<meta property=\"og:image\" content=\"https:\/\/eurecat.org\/wp-content\/uploads\/2017\/10\/Big_Data_Congress_2017_previa.jpg\" \/>\n\t<meta property=\"og:image:width\" content=\"1200\" \/>\n\t<meta property=\"og:image:height\" content=\"800\" \/>\n\t<meta property=\"og:image:type\" content=\"image\/jpeg\" \/>\n<meta name=\"author\" content=\"EurecatEG\" \/>\n<meta name=\"twitter:card\" content=\"summary_large_image\" \/>\n<meta name=\"twitter:label1\" content=\"Escrito por\" \/>\n\t<meta name=\"twitter:data1\" content=\"EurecatEG\" \/>\n\t<meta name=\"twitter:label2\" content=\"Tiempo de lectura\" \/>\n\t<meta name=\"twitter:data2\" content=\"4 minutos\" \/>\n<script type=\"application\/ld+json\" class=\"yoast-schema-graph\">{\"@context\":\"https:\\\/\\\/schema.org\",\"@graph\":[{\"@type\":\"Article\",\"@id\":\"https:\\\/\\\/eurecat.org\\\/es\\\/previa-big-data-congress-2017\\\/#article\",\"isPartOf\":{\"@id\":\"https:\\\/\\\/eurecat.org\\\/es\\\/previa-big-data-congress-2017\\\/\"},\"author\":{\"name\":\"EurecatEG\",\"@id\":\"https:\\\/\\\/eurecat.org\\\/es\\\/#\\\/schema\\\/person\\\/def9217eded50ee57a9dc4cf0c883f80\"},\"headline\":\"La pr\u00f3xima edici\u00f3n Big Data Congress incidir\u00e1 en el auge de la anal\u00edtica de datos en las empresas\",\"datePublished\":\"2017-10-17T08:48:40+00:00\",\"dateModified\":\"2017-10-27T06:46:54+00:00\",\"mainEntityOfPage\":{\"@id\":\"https:\\\/\\\/eurecat.org\\\/es\\\/previa-big-data-congress-2017\\\/\"},\"wordCount\":761,\"commentCount\":0,\"image\":{\"@id\":\"https:\\\/\\\/eurecat.org\\\/es\\\/previa-big-data-congress-2017\\\/#primaryimage\"},\"thumbnailUrl\":\"https:\\\/\\\/eurecat.org\\\/wp-content\\\/uploads\\\/2017\\\/10\\\/Big_Data_Congress_2017_previa.jpg\",\"keywords\":[\"Big Data Congress\"],\"articleSection\":[\"Data Science &amp; Big Data Analytics\",\"Eventos\",\"Notas de prensa\"],\"inLanguage\":\"es\",\"potentialAction\":[{\"@type\":\"CommentAction\",\"name\":\"Comment\",\"target\":[\"https:\\\/\\\/eurecat.org\\\/es\\\/previa-big-data-congress-2017\\\/#respond\"]}]},{\"@type\":\"WebPage\",\"@id\":\"https:\\\/\\\/eurecat.org\\\/es\\\/previa-big-data-congress-2017\\\/\",\"url\":\"https:\\\/\\\/eurecat.org\\\/es\\\/previa-big-data-congress-2017\\\/\",\"name\":\"L'auge de l'anal\u00edtica de dades a les empreses al Big Data Congress\",\"isPartOf\":{\"@id\":\"https:\\\/\\\/eurecat.org\\\/es\\\/#website\"},\"primaryImageOfPage\":{\"@id\":\"https:\\\/\\\/eurecat.org\\\/es\\\/previa-big-data-congress-2017\\\/#primaryimage\"},\"image\":{\"@id\":\"https:\\\/\\\/eurecat.org\\\/es\\\/previa-big-data-congress-2017\\\/#primaryimage\"},\"thumbnailUrl\":\"https:\\\/\\\/eurecat.org\\\/wp-content\\\/uploads\\\/2017\\\/10\\\/Big_Data_Congress_2017_previa.jpg\",\"datePublished\":\"2017-10-17T08:48:40+00:00\",\"dateModified\":\"2017-10-27T06:46:54+00:00\",\"author\":{\"@id\":\"https:\\\/\\\/eurecat.org\\\/es\\\/#\\\/schema\\\/person\\\/def9217eded50ee57a9dc4cf0c883f80\"},\"description\":\"Barcelona s\u2019ha consolidat com un hub en el camp del Big Data i l\u2019anal\u00edtica avan\u00e7ada. El congr\u00e9s, organitzat per Eurecat, tindr\u00e0 lloc el 25 i 26 d\u2019octubre.\",\"breadcrumb\":{\"@id\":\"https:\\\/\\\/eurecat.org\\\/es\\\/previa-big-data-congress-2017\\\/#breadcrumb\"},\"inLanguage\":\"es\",\"potentialAction\":[{\"@type\":\"ReadAction\",\"target\":[\"https:\\\/\\\/eurecat.org\\\/es\\\/previa-big-data-congress-2017\\\/\"]}]},{\"@type\":\"ImageObject\",\"inLanguage\":\"es\",\"@id\":\"https:\\\/\\\/eurecat.org\\\/es\\\/previa-big-data-congress-2017\\\/#primaryimage\",\"url\":\"https:\\\/\\\/eurecat.org\\\/wp-content\\\/uploads\\\/2017\\\/10\\\/Big_Data_Congress_2017_previa.jpg\",\"contentUrl\":\"https:\\\/\\\/eurecat.org\\\/wp-content\\\/uploads\\\/2017\\\/10\\\/Big_Data_Congress_2017_previa.jpg\",\"width\":1200,\"height\":800},{\"@type\":\"BreadcrumbList\",\"@id\":\"https:\\\/\\\/eurecat.org\\\/es\\\/previa-big-data-congress-2017\\\/#breadcrumb\",\"itemListElement\":[{\"@type\":\"ListItem\",\"position\":1,\"name\":\"Inici\",\"item\":\"https:\\\/\\\/eurecat.org\\\/es\\\/\"},{\"@type\":\"ListItem\",\"position\":2,\"name\":\"La pr\u00f3xima edici\u00f3n Big Data Congress incidir\u00e1 en el auge de la anal\u00edtica de datos en las empresas\"}]},{\"@type\":\"WebSite\",\"@id\":\"https:\\\/\\\/eurecat.org\\\/es\\\/#website\",\"url\":\"https:\\\/\\\/eurecat.org\\\/es\\\/\",\"name\":\"Eurecat\",\"description\":\"Otro sitio realizado con WordPress\",\"potentialAction\":[{\"@type\":\"SearchAction\",\"target\":{\"@type\":\"EntryPoint\",\"urlTemplate\":\"https:\\\/\\\/eurecat.org\\\/es\\\/?s={search_term_string}\"},\"query-input\":{\"@type\":\"PropertyValueSpecification\",\"valueRequired\":true,\"valueName\":\"search_term_string\"}}],\"inLanguage\":\"es\"},{\"@type\":\"Person\",\"@id\":\"https:\\\/\\\/eurecat.org\\\/es\\\/#\\\/schema\\\/person\\\/def9217eded50ee57a9dc4cf0c883f80\",\"name\":\"EurecatEG\",\"image\":{\"@type\":\"ImageObject\",\"inLanguage\":\"es\",\"@id\":\"https:\\\/\\\/secure.gravatar.com\\\/avatar\\\/f40dd9b6ecd3e5c591f3c9b033e495ee0ec9877ba77249fbf268b3889350c824?s=96&d=mm&r=g\",\"url\":\"https:\\\/\\\/secure.gravatar.com\\\/avatar\\\/f40dd9b6ecd3e5c591f3c9b033e495ee0ec9877ba77249fbf268b3889350c824?s=96&d=mm&r=g\",\"contentUrl\":\"https:\\\/\\\/secure.gravatar.com\\\/avatar\\\/f40dd9b6ecd3e5c591f3c9b033e495ee0ec9877ba77249fbf268b3889350c824?s=96&d=mm&r=g\",\"caption\":\"EurecatEG\"}}]}<\/script>\n<!-- \/ Yoast SEO plugin. -->","yoast_head_json":{"title":"L'auge de l'anal\u00edtica de dades a les empreses al Big Data Congress","description":"Barcelona s\u2019ha consolidat com un hub en el camp del Big Data i l\u2019anal\u00edtica avan\u00e7ada. El congr\u00e9s, organitzat per Eurecat, tindr\u00e0 lloc el 25 i 26 d\u2019octubre.","robots":{"index":"index","follow":"follow","max-snippet":"max-snippet:-1","max-image-preview":"max-image-preview:large","max-video-preview":"max-video-preview:-1"},"canonical":"https:\/\/eurecat.org\/es\/previa-big-data-congress-2017\/","og_locale":"es_ES","og_type":"article","og_title":"L'auge de l'anal\u00edtica de dades a les empreses al Big Data Congress","og_description":"Barcelona s\u2019ha consolidat com un hub en el camp del Big Data i l\u2019anal\u00edtica avan\u00e7ada. El congr\u00e9s, organitzat per Eurecat, tindr\u00e0 lloc el 25 i 26 d\u2019octubre.","og_url":"https:\/\/eurecat.org\/es\/previa-big-data-congress-2017\/","og_site_name":"Eurecat","article_published_time":"2017-10-17T08:48:40+00:00","article_modified_time":"2017-10-27T06:46:54+00:00","og_image":[{"width":1200,"height":800,"url":"https:\/\/eurecat.org\/wp-content\/uploads\/2017\/10\/Big_Data_Congress_2017_previa.jpg","type":"image\/jpeg"}],"author":"EurecatEG","twitter_card":"summary_large_image","twitter_misc":{"Escrito por":"EurecatEG","Tiempo de lectura":"4 minutos"},"schema":{"@context":"https:\/\/schema.org","@graph":[{"@type":"Article","@id":"https:\/\/eurecat.org\/es\/previa-big-data-congress-2017\/#article","isPartOf":{"@id":"https:\/\/eurecat.org\/es\/previa-big-data-congress-2017\/"},"author":{"name":"EurecatEG","@id":"https:\/\/eurecat.org\/es\/#\/schema\/person\/def9217eded50ee57a9dc4cf0c883f80"},"headline":"La pr\u00f3xima edici\u00f3n Big Data Congress incidir\u00e1 en el auge de la anal\u00edtica de datos en las empresas","datePublished":"2017-10-17T08:48:40+00:00","dateModified":"2017-10-27T06:46:54+00:00","mainEntityOfPage":{"@id":"https:\/\/eurecat.org\/es\/previa-big-data-congress-2017\/"},"wordCount":761,"commentCount":0,"image":{"@id":"https:\/\/eurecat.org\/es\/previa-big-data-congress-2017\/#primaryimage"},"thumbnailUrl":"https:\/\/eurecat.org\/wp-content\/uploads\/2017\/10\/Big_Data_Congress_2017_previa.jpg","keywords":["Big Data Congress"],"articleSection":["Data Science &amp; Big Data Analytics","Eventos","Notas de prensa"],"inLanguage":"es","potentialAction":[{"@type":"CommentAction","name":"Comment","target":["https:\/\/eurecat.org\/es\/previa-big-data-congress-2017\/#respond"]}]},{"@type":"WebPage","@id":"https:\/\/eurecat.org\/es\/previa-big-data-congress-2017\/","url":"https:\/\/eurecat.org\/es\/previa-big-data-congress-2017\/","name":"L'auge de l'anal\u00edtica de dades a les empreses al Big Data Congress","isPartOf":{"@id":"https:\/\/eurecat.org\/es\/#website"},"primaryImageOfPage":{"@id":"https:\/\/eurecat.org\/es\/previa-big-data-congress-2017\/#primaryimage"},"image":{"@id":"https:\/\/eurecat.org\/es\/previa-big-data-congress-2017\/#primaryimage"},"thumbnailUrl":"https:\/\/eurecat.org\/wp-content\/uploads\/2017\/10\/Big_Data_Congress_2017_previa.jpg","datePublished":"2017-10-17T08:48:40+00:00","dateModified":"2017-10-27T06:46:54+00:00","author":{"@id":"https:\/\/eurecat.org\/es\/#\/schema\/person\/def9217eded50ee57a9dc4cf0c883f80"},"description":"Barcelona s\u2019ha consolidat com un hub en el camp del Big Data i l\u2019anal\u00edtica avan\u00e7ada. El congr\u00e9s, organitzat per Eurecat, tindr\u00e0 lloc el 25 i 26 d\u2019octubre.","breadcrumb":{"@id":"https:\/\/eurecat.org\/es\/previa-big-data-congress-2017\/#breadcrumb"},"inLanguage":"es","potentialAction":[{"@type":"ReadAction","target":["https:\/\/eurecat.org\/es\/previa-big-data-congress-2017\/"]}]},{"@type":"ImageObject","inLanguage":"es","@id":"https:\/\/eurecat.org\/es\/previa-big-data-congress-2017\/#primaryimage","url":"https:\/\/eurecat.org\/wp-content\/uploads\/2017\/10\/Big_Data_Congress_2017_previa.jpg","contentUrl":"https:\/\/eurecat.org\/wp-content\/uploads\/2017\/10\/Big_Data_Congress_2017_previa.jpg","width":1200,"height":800},{"@type":"BreadcrumbList","@id":"https:\/\/eurecat.org\/es\/previa-big-data-congress-2017\/#breadcrumb","itemListElement":[{"@type":"ListItem","position":1,"name":"Inici","item":"https:\/\/eurecat.org\/es\/"},{"@type":"ListItem","position":2,"name":"La pr\u00f3xima edici\u00f3n Big Data Congress incidir\u00e1 en el auge de la anal\u00edtica de datos en las empresas"}]},{"@type":"WebSite","@id":"https:\/\/eurecat.org\/es\/#website","url":"https:\/\/eurecat.org\/es\/","name":"Eurecat","description":"Otro sitio realizado con WordPress","potentialAction":[{"@type":"SearchAction","target":{"@type":"EntryPoint","urlTemplate":"https:\/\/eurecat.org\/es\/?s={search_term_string}"},"query-input":{"@type":"PropertyValueSpecification","valueRequired":true,"valueName":"search_term_string"}}],"inLanguage":"es"},{"@type":"Person","@id":"https:\/\/eurecat.org\/es\/#\/schema\/person\/def9217eded50ee57a9dc4cf0c883f80","name":"EurecatEG","image":{"@type":"ImageObject","inLanguage":"es","@id":"https:\/\/secure.gravatar.com\/avatar\/f40dd9b6ecd3e5c591f3c9b033e495ee0ec9877ba77249fbf268b3889350c824?s=96&d=mm&r=g","url":"https:\/\/secure.gravatar.com\/avatar\/f40dd9b6ecd3e5c591f3c9b033e495ee0ec9877ba77249fbf268b3889350c824?s=96&d=mm&r=g","contentUrl":"https:\/\/secure.gravatar.com\/avatar\/f40dd9b6ecd3e5c591f3c9b033e495ee0ec9877ba77249fbf268b3889350c824?s=96&d=mm&r=g","caption":"EurecatEG"}}]}},"_links":{"self":[{"href":"https:\/\/eurecat.org\/es\/wp-json\/wp\/v2\/posts\/39373","targetHints":{"allow":["GET"]}}],"collection":[{"href":"https:\/\/eurecat.org\/es\/wp-json\/wp\/v2\/posts"}],"about":[{"href":"https:\/\/eurecat.org\/es\/wp-json\/wp\/v2\/types\/post"}],"author":[{"embeddable":true,"href":"https:\/\/eurecat.org\/es\/wp-json\/wp\/v2\/users\/12"}],"replies":[{"embeddable":true,"href":"https:\/\/eurecat.org\/es\/wp-json\/wp\/v2\/comments?post=39373"}],"version-history":[{"count":0,"href":"https:\/\/eurecat.org\/es\/wp-json\/wp\/v2\/posts\/39373\/revisions"}],"wp:featuredmedia":[{"embeddable":true,"href":"https:\/\/eurecat.org\/es\/wp-json\/wp\/v2\/media\/39371"}],"wp:attachment":[{"href":"https:\/\/eurecat.org\/es\/wp-json\/wp\/v2\/media?parent=39373"}],"wp:term":[{"taxonomy":"category","embeddable":true,"href":"https:\/\/eurecat.org\/es\/wp-json\/wp\/v2\/categories?post=39373"},{"taxonomy":"post_tag","embeddable":true,"href":"https:\/\/eurecat.org\/es\/wp-json\/wp\/v2\/tags?post=39373"}],"curies":[{"name":"wp","href":"https:\/\/api.w.org\/{rel}","templated":true}]}}