{"id":40225,"date":"2017-10-26T06:52:14","date_gmt":"2017-10-26T06:52:14","guid":{"rendered":"https:\/\/eurecat.org\/el-big-data-congress-2017-segon-dia\/"},"modified":"2017-10-27T07:12:27","modified_gmt":"2017-10-27T07:12:27","slug":"el-big-data-congress-2017-segundo-dia","status":"publish","type":"post","link":"https:\/\/eurecat.org\/es\/el-big-data-congress-2017-segundo-dia\/","title":{"rendered":"El Big Data Congress insta a la empresa a extraer valor de los datos para aumentar su productividad"},"content":{"rendered":"<h2 style=\"text-align: center;\"><strong><span style=\"color: #000000;\">BIG DATA CONGRESS<\/span><\/strong><\/h2>\n<h1 style=\"text-align: center;\"><span style=\"color: #000000;\"><strong>El Big Data Congress insta a la empresa a extraer valor de los datos para aumentar su productividad<\/strong><\/span><\/h1>\n<ul>\n<li style=\"text-align: center;\">\n<h2><span style=\"color: #000000;\"><strong>Se calcula que Europa necesitar\u00e1 un mill\u00f3n de nuevos profesionales de los datos en 2020.<\/strong><\/span><\/h2>\n<\/li>\n<li style=\"text-align: center;\">\n<h2><span style=\"color: #000000;\"><strong>Las empresas que est\u00e1n ejecutando los proyectos m\u00e1s innovadores en Big Data son principalmente grandes compa\u00f1\u00edas y empresas. m\u00e1s peque\u00f1as y start-ups que nacen con cultura digital.<\/strong><\/span><\/h2>\n<\/li>\n<li style=\"text-align: center;\">\n<h2><span style=\"color: #000000;\"><strong>Barcelona impulsa un ecosistema Big Data muy din\u00e1mico.<\/strong><\/span><\/h2>\n<\/li>\n<\/ul>\n<p><strong><u>Barcelona, 26 de octubre de 2017.-<\/u><\/strong> Las empresas que incorporan el Big Data y la anal\u00edtica avanzada \u201cmejoran la eficacia de sus decisiones y la capacidad de entender qu\u00e9 quieren sus clientes\u201d, con unos resultados \u201cdirectamente vinculados a la productividad\u201d, ha afirmado hoy el director del <span style=\"color: #800080;\"><strong><a href=\"https:\/\/www.bigdatabcn.com\/\">Centro de Excelencia en Big Data de Barcelona<\/a>,<\/strong><\/span> Marc Torrent, quien ha subrayado el auge de esta tecnolog\u00eda y de la demanda de talento, que ha cifrado en un mill\u00f3n de profesionales en toda Europa para el a\u00f1o 2020.<\/p>\n<p>\u201cLa tecnolog\u00eda y el talento son b\u00e1sicos para poder ejecutar proyectos innovadores, as\u00ed como la cultura de cada compa\u00f1\u00eda\u201d, en un escenario marcado por el crecimiento acelerado de la digitalizaci\u00f3n, donde \u201cen los \u00faltimos dos a\u00f1os se han generado el 90 por ciento de los datos que hay registrados en el mundo, producidos por humanos, por m\u00e1quinas conectadas a Internet y por registros de procesos inform\u00e1ticos\u201d, ha expuesto.<\/p>\n<p>Seg\u00fan el investigador y responsable del Departamento de Big Data de <span style=\"color: #800080;\"><strong><a href=\"https:\/\/eurecat.org\/es\/\">Eurecat<\/a><\/strong><\/span>, las empresas tractoras que est\u00e1n ejecutando los proyectos m\u00e1s innovadores en Big Data y an\u00e1lisis de datos \u201cson principalmente grandes compa\u00f1\u00edas que pueden hacer grandes inversiones en tecnolog\u00eda y empresas peque\u00f1as y start-ups que nacen con cultura digital i que posicionan los datos en el eje central de todas sus acciones estrat\u00e9gicas y proyectos\u201d.<\/p>\n<p>Barcelona es la quinta ciudad europea en n\u00famero de nuevas empresas de base tecnol\u00f3gica y acoge \u201cun ecosistema Big Data muy din\u00e1mico, que evidencia que hay recorrido para que esta tecnolog\u00eda tenga todav\u00eda un mayor impacto sectorial y en cualquier tipolog\u00eda o medida de empresa\u201d, gracias a los modelos de contrataci\u00f3n flexibles de servicios basados en datos, donde las tecnolog\u00edas en la nube son clave, ha apuntado.<\/p>\n<p><strong>Entrega de los Big Data Talent Awards<\/strong><\/p>\n<p>Durante la jornada de hoy tambi\u00e9n se han otorgado los premios Big Data Talent Awards, convocados por el Centro de Excelencia en Big Data y patrocinados por Oracle, que reconocen los proyectos ejecutados por estudiantes universitarios en el \u00e1mbito de Big Data y Data Analytics con m\u00e1s impacto socioecon\u00f3mico y tecnol\u00f3gico.<\/p>\n<p>El primer premio, dotado con 1.500 euros, ha sido para el proyecto \u201cIdentificaci\u00f3n de la brecha entre oferta y demanda del mercado laboral\u201d, que ha investigado el desajuste entre la oferta y la demanda del mercado laboral por zonas geogr\u00e1ficas. Para alcanzarlo, el autor, Albert Verges L\u00f3pez, analiza las ofertas de ocupaci\u00f3n disponibles y las clasifica, asignando la formaci\u00f3n requerida y estructurando un cat\u00e1logo de competencias de la demanda.<\/p>\n<p>El segundo premio, con una dotaci\u00f3n de 1.000 euros, se ha entregado al proyecto \u201cComputing and visualizing informative trajectories in temporally annotated health data\u201d, de Mart\u00ed Zamora Casals, que propone un nuevo m\u00e9todo para visualizar grafs de trayectoria de la evoluci\u00f3n temporal de los pacientes a partir de datos sanitarios.<\/p>\n<p>La segunda jornada del Big Data Congress ha incidido en la vertiente m\u00e1s tecnol\u00f3gica, con una sesi\u00f3n centrada en las tendencias m\u00e1s punteras a nivel de infraestructura, a trav\u00e9s de la experiencia de empresas pioneras en la combinaci\u00f3n de herramientas y el desarrollo de las plataformas m\u00e1s sofisticadas, con ponentes como Marc Planagum\u00e0 y Jos\u00e9 Lu\u00eds S\u00e1nchez, Big Data Platform Managers de ServiZurich, y el ingeniero de Springer Nature GMBH Pere Urb\u00f3n.<\/p>\n<p>El director del nuevo Centro de Investigaci\u00f3n y Desarrollo sobre Machine Learning de Amazon en Barcelona, Hugo Zaragoza, ha impartido la ponencia \u201cMachine learning en Amazon\u201d, en la cual ha compartido la implantaci\u00f3n de esta tecnolog\u00eda en la compa\u00f1\u00eda.<\/p>\n<p>Tamb\u00e9 ha habido una mesa redonda sobre las tendencias tecnol\u00f3gicas m\u00e1s actuales y una sesi\u00f3n sobre el ciclo de estudio para llegar a configurar la soluci\u00f3n de arquitectura, software y algor\u00edtmica m\u00e1s adecuada, con expertos de Wallapop, Promofarma, Schibsted Media Group y Bismart, entre otros.<\/p>\n<p style=\"text-align: left;\">M\u00e1s de 1.500 personas se han inscrito a esta tercera edici\u00f3n del Big Data Congress, que ha tenido lugar en el Auditorio AXA de Barcelona, con el patrocinio del Ayuntamiento de Barcelona, CaixaBank y la Generalitat de Catalunya.<\/p>\n","protected":false},"excerpt":{"rendered":"<p>BIG DATA CONGRESS El Big Data Congress insta a la empresa a extraer valor de los datos para aumentar su productividad Se calcula que Europa necesitar\u00e1 un mill\u00f3n de nuevos profesionales de los datos en 2020. Las empresas que est\u00e1n ejecutando los proyectos m\u00e1s innovadores en Big Data son principalmente grandes compa\u00f1\u00edas y empresas. m\u00e1s  [&#8230;]<\/p>\n","protected":false},"author":12,"featured_media":40221,"comment_status":"open","ping_status":"closed","sticky":false,"template":"","format":"standard","meta":{"footnotes":""},"categories":[392,702,134],"tags":[824,1172,750],"class_list":["post-40225","post","type-post","status-publish","format-standard","has-post-thumbnail","hentry","category-big-data-analytics","category-eventos","category-notas-de-prensa","tag-big-data-es","tag-big-data-congress-es","tag-esdeveniments-es"],"yoast_head":"<!-- This site is optimized with the Yoast SEO plugin v27.5 - https:\/\/yoast.com\/product\/yoast-seo-wordpress\/ -->\n<title>Extraer valor de los datos para aumentar la productividad<\/title>\n<meta name=\"description\" content=\"El Big Data Congress, organizado por el Big Data CoE de Eurecat, insta a las empresas a extraer valor de los datos para aumentar la productividad.\" \/>\n<meta name=\"robots\" content=\"index, follow, max-snippet:-1, max-image-preview:large, max-video-preview:-1\" \/>\n<link rel=\"canonical\" href=\"https:\/\/eurecat.org\/es\/el-big-data-congress-2017-segundo-dia\/\" \/>\n<meta property=\"og:locale\" content=\"es_ES\" \/>\n<meta property=\"og:type\" content=\"article\" \/>\n<meta property=\"og:title\" content=\"Extraer valor de los datos para aumentar la productividad\" \/>\n<meta property=\"og:description\" content=\"El Big Data Congress, organizado por el Big Data CoE de Eurecat, insta a las empresas a extraer valor de los datos para aumentar la productividad.\" \/>\n<meta property=\"og:url\" content=\"https:\/\/eurecat.org\/es\/el-big-data-congress-2017-segundo-dia\/\" \/>\n<meta property=\"og:site_name\" content=\"Eurecat\" \/>\n<meta property=\"article:published_time\" content=\"2017-10-26T06:52:14+00:00\" \/>\n<meta property=\"article:modified_time\" content=\"2017-10-27T07:12:27+00:00\" \/>\n<meta property=\"og:image\" content=\"https:\/\/eurecat.org\/wp-content\/uploads\/2017\/10\/bigdatacongress_eurecat_segondia.jpg\" \/>\n\t<meta property=\"og:image:width\" content=\"1200\" \/>\n\t<meta property=\"og:image:height\" content=\"800\" \/>\n\t<meta property=\"og:image:type\" content=\"image\/jpeg\" \/>\n<meta name=\"author\" content=\"EurecatEG\" \/>\n<meta name=\"twitter:card\" content=\"summary_large_image\" \/>\n<meta name=\"twitter:label1\" content=\"Escrito por\" \/>\n\t<meta name=\"twitter:data1\" content=\"EurecatEG\" \/>\n\t<meta name=\"twitter:label2\" content=\"Tiempo de lectura\" \/>\n\t<meta name=\"twitter:data2\" content=\"4 minutos\" \/>\n<script type=\"application\/ld+json\" class=\"yoast-schema-graph\">{\"@context\":\"https:\\\/\\\/schema.org\",\"@graph\":[{\"@type\":\"Article\",\"@id\":\"https:\\\/\\\/eurecat.org\\\/es\\\/el-big-data-congress-2017-segundo-dia\\\/#article\",\"isPartOf\":{\"@id\":\"https:\\\/\\\/eurecat.org\\\/es\\\/el-big-data-congress-2017-segundo-dia\\\/\"},\"author\":{\"name\":\"EurecatEG\",\"@id\":\"https:\\\/\\\/eurecat.org\\\/es\\\/#\\\/schema\\\/person\\\/def9217eded50ee57a9dc4cf0c883f80\"},\"headline\":\"El Big Data Congress insta a la empresa a extraer valor de los datos para aumentar su productividad\",\"datePublished\":\"2017-10-26T06:52:14+00:00\",\"dateModified\":\"2017-10-27T07:12:27+00:00\",\"mainEntityOfPage\":{\"@id\":\"https:\\\/\\\/eurecat.org\\\/es\\\/el-big-data-congress-2017-segundo-dia\\\/\"},\"wordCount\":808,\"commentCount\":0,\"image\":{\"@id\":\"https:\\\/\\\/eurecat.org\\\/es\\\/el-big-data-congress-2017-segundo-dia\\\/#primaryimage\"},\"thumbnailUrl\":\"https:\\\/\\\/eurecat.org\\\/wp-content\\\/uploads\\\/2017\\\/10\\\/bigdatacongress_eurecat_segondia.jpg\",\"keywords\":[\"big data\",\"Big Data Congress\",\"Esdeveniments\"],\"articleSection\":[\"Data Science &amp; Big Data Analytics\",\"Eventos\",\"Notas de prensa\"],\"inLanguage\":\"es\",\"potentialAction\":[{\"@type\":\"CommentAction\",\"name\":\"Comment\",\"target\":[\"https:\\\/\\\/eurecat.org\\\/es\\\/el-big-data-congress-2017-segundo-dia\\\/#respond\"]}]},{\"@type\":\"WebPage\",\"@id\":\"https:\\\/\\\/eurecat.org\\\/es\\\/el-big-data-congress-2017-segundo-dia\\\/\",\"url\":\"https:\\\/\\\/eurecat.org\\\/es\\\/el-big-data-congress-2017-segundo-dia\\\/\",\"name\":\"Extraer valor de los datos para aumentar la productividad\",\"isPartOf\":{\"@id\":\"https:\\\/\\\/eurecat.org\\\/es\\\/#website\"},\"primaryImageOfPage\":{\"@id\":\"https:\\\/\\\/eurecat.org\\\/es\\\/el-big-data-congress-2017-segundo-dia\\\/#primaryimage\"},\"image\":{\"@id\":\"https:\\\/\\\/eurecat.org\\\/es\\\/el-big-data-congress-2017-segundo-dia\\\/#primaryimage\"},\"thumbnailUrl\":\"https:\\\/\\\/eurecat.org\\\/wp-content\\\/uploads\\\/2017\\\/10\\\/bigdatacongress_eurecat_segondia.jpg\",\"datePublished\":\"2017-10-26T06:52:14+00:00\",\"dateModified\":\"2017-10-27T07:12:27+00:00\",\"author\":{\"@id\":\"https:\\\/\\\/eurecat.org\\\/es\\\/#\\\/schema\\\/person\\\/def9217eded50ee57a9dc4cf0c883f80\"},\"description\":\"El Big Data Congress, organizado por el Big Data CoE de Eurecat, insta a las empresas a extraer valor de los datos para aumentar la productividad.\",\"breadcrumb\":{\"@id\":\"https:\\\/\\\/eurecat.org\\\/es\\\/el-big-data-congress-2017-segundo-dia\\\/#breadcrumb\"},\"inLanguage\":\"es\",\"potentialAction\":[{\"@type\":\"ReadAction\",\"target\":[\"https:\\\/\\\/eurecat.org\\\/es\\\/el-big-data-congress-2017-segundo-dia\\\/\"]}]},{\"@type\":\"ImageObject\",\"inLanguage\":\"es\",\"@id\":\"https:\\\/\\\/eurecat.org\\\/es\\\/el-big-data-congress-2017-segundo-dia\\\/#primaryimage\",\"url\":\"https:\\\/\\\/eurecat.org\\\/wp-content\\\/uploads\\\/2017\\\/10\\\/bigdatacongress_eurecat_segondia.jpg\",\"contentUrl\":\"https:\\\/\\\/eurecat.org\\\/wp-content\\\/uploads\\\/2017\\\/10\\\/bigdatacongress_eurecat_segondia.jpg\",\"width\":1200,\"height\":800},{\"@type\":\"BreadcrumbList\",\"@id\":\"https:\\\/\\\/eurecat.org\\\/es\\\/el-big-data-congress-2017-segundo-dia\\\/#breadcrumb\",\"itemListElement\":[{\"@type\":\"ListItem\",\"position\":1,\"name\":\"Inici\",\"item\":\"https:\\\/\\\/eurecat.org\\\/es\\\/\"},{\"@type\":\"ListItem\",\"position\":2,\"name\":\"El Big Data Congress insta a la empresa a extraer valor de los datos para aumentar su productividad\"}]},{\"@type\":\"WebSite\",\"@id\":\"https:\\\/\\\/eurecat.org\\\/es\\\/#website\",\"url\":\"https:\\\/\\\/eurecat.org\\\/es\\\/\",\"name\":\"Eurecat\",\"description\":\"Otro sitio realizado con WordPress\",\"potentialAction\":[{\"@type\":\"SearchAction\",\"target\":{\"@type\":\"EntryPoint\",\"urlTemplate\":\"https:\\\/\\\/eurecat.org\\\/es\\\/?s={search_term_string}\"},\"query-input\":{\"@type\":\"PropertyValueSpecification\",\"valueRequired\":true,\"valueName\":\"search_term_string\"}}],\"inLanguage\":\"es\"},{\"@type\":\"Person\",\"@id\":\"https:\\\/\\\/eurecat.org\\\/es\\\/#\\\/schema\\\/person\\\/def9217eded50ee57a9dc4cf0c883f80\",\"name\":\"EurecatEG\",\"image\":{\"@type\":\"ImageObject\",\"inLanguage\":\"es\",\"@id\":\"https:\\\/\\\/secure.gravatar.com\\\/avatar\\\/f40dd9b6ecd3e5c591f3c9b033e495ee0ec9877ba77249fbf268b3889350c824?s=96&d=mm&r=g\",\"url\":\"https:\\\/\\\/secure.gravatar.com\\\/avatar\\\/f40dd9b6ecd3e5c591f3c9b033e495ee0ec9877ba77249fbf268b3889350c824?s=96&d=mm&r=g\",\"contentUrl\":\"https:\\\/\\\/secure.gravatar.com\\\/avatar\\\/f40dd9b6ecd3e5c591f3c9b033e495ee0ec9877ba77249fbf268b3889350c824?s=96&d=mm&r=g\",\"caption\":\"EurecatEG\"}}]}<\/script>\n<!-- \/ Yoast SEO plugin. -->","yoast_head_json":{"title":"Extraer valor de los datos para aumentar la productividad","description":"El Big Data Congress, organizado por el Big Data CoE de Eurecat, insta a las empresas a extraer valor de los datos para aumentar la productividad.","robots":{"index":"index","follow":"follow","max-snippet":"max-snippet:-1","max-image-preview":"max-image-preview:large","max-video-preview":"max-video-preview:-1"},"canonical":"https:\/\/eurecat.org\/es\/el-big-data-congress-2017-segundo-dia\/","og_locale":"es_ES","og_type":"article","og_title":"Extraer valor de los datos para aumentar la productividad","og_description":"El Big Data Congress, organizado por el Big Data CoE de Eurecat, insta a las empresas a extraer valor de los datos para aumentar la productividad.","og_url":"https:\/\/eurecat.org\/es\/el-big-data-congress-2017-segundo-dia\/","og_site_name":"Eurecat","article_published_time":"2017-10-26T06:52:14+00:00","article_modified_time":"2017-10-27T07:12:27+00:00","og_image":[{"width":1200,"height":800,"url":"https:\/\/eurecat.org\/wp-content\/uploads\/2017\/10\/bigdatacongress_eurecat_segondia.jpg","type":"image\/jpeg"}],"author":"EurecatEG","twitter_card":"summary_large_image","twitter_misc":{"Escrito por":"EurecatEG","Tiempo de lectura":"4 minutos"},"schema":{"@context":"https:\/\/schema.org","@graph":[{"@type":"Article","@id":"https:\/\/eurecat.org\/es\/el-big-data-congress-2017-segundo-dia\/#article","isPartOf":{"@id":"https:\/\/eurecat.org\/es\/el-big-data-congress-2017-segundo-dia\/"},"author":{"name":"EurecatEG","@id":"https:\/\/eurecat.org\/es\/#\/schema\/person\/def9217eded50ee57a9dc4cf0c883f80"},"headline":"El Big Data Congress insta a la empresa a extraer valor de los datos para aumentar su productividad","datePublished":"2017-10-26T06:52:14+00:00","dateModified":"2017-10-27T07:12:27+00:00","mainEntityOfPage":{"@id":"https:\/\/eurecat.org\/es\/el-big-data-congress-2017-segundo-dia\/"},"wordCount":808,"commentCount":0,"image":{"@id":"https:\/\/eurecat.org\/es\/el-big-data-congress-2017-segundo-dia\/#primaryimage"},"thumbnailUrl":"https:\/\/eurecat.org\/wp-content\/uploads\/2017\/10\/bigdatacongress_eurecat_segondia.jpg","keywords":["big data","Big Data Congress","Esdeveniments"],"articleSection":["Data Science &amp; Big Data Analytics","Eventos","Notas de prensa"],"inLanguage":"es","potentialAction":[{"@type":"CommentAction","name":"Comment","target":["https:\/\/eurecat.org\/es\/el-big-data-congress-2017-segundo-dia\/#respond"]}]},{"@type":"WebPage","@id":"https:\/\/eurecat.org\/es\/el-big-data-congress-2017-segundo-dia\/","url":"https:\/\/eurecat.org\/es\/el-big-data-congress-2017-segundo-dia\/","name":"Extraer valor de los datos para aumentar la productividad","isPartOf":{"@id":"https:\/\/eurecat.org\/es\/#website"},"primaryImageOfPage":{"@id":"https:\/\/eurecat.org\/es\/el-big-data-congress-2017-segundo-dia\/#primaryimage"},"image":{"@id":"https:\/\/eurecat.org\/es\/el-big-data-congress-2017-segundo-dia\/#primaryimage"},"thumbnailUrl":"https:\/\/eurecat.org\/wp-content\/uploads\/2017\/10\/bigdatacongress_eurecat_segondia.jpg","datePublished":"2017-10-26T06:52:14+00:00","dateModified":"2017-10-27T07:12:27+00:00","author":{"@id":"https:\/\/eurecat.org\/es\/#\/schema\/person\/def9217eded50ee57a9dc4cf0c883f80"},"description":"El Big Data Congress, organizado por el Big Data CoE de Eurecat, insta a las empresas a extraer valor de los datos para aumentar la productividad.","breadcrumb":{"@id":"https:\/\/eurecat.org\/es\/el-big-data-congress-2017-segundo-dia\/#breadcrumb"},"inLanguage":"es","potentialAction":[{"@type":"ReadAction","target":["https:\/\/eurecat.org\/es\/el-big-data-congress-2017-segundo-dia\/"]}]},{"@type":"ImageObject","inLanguage":"es","@id":"https:\/\/eurecat.org\/es\/el-big-data-congress-2017-segundo-dia\/#primaryimage","url":"https:\/\/eurecat.org\/wp-content\/uploads\/2017\/10\/bigdatacongress_eurecat_segondia.jpg","contentUrl":"https:\/\/eurecat.org\/wp-content\/uploads\/2017\/10\/bigdatacongress_eurecat_segondia.jpg","width":1200,"height":800},{"@type":"BreadcrumbList","@id":"https:\/\/eurecat.org\/es\/el-big-data-congress-2017-segundo-dia\/#breadcrumb","itemListElement":[{"@type":"ListItem","position":1,"name":"Inici","item":"https:\/\/eurecat.org\/es\/"},{"@type":"ListItem","position":2,"name":"El Big Data Congress insta a la empresa a extraer valor de los datos para aumentar su productividad"}]},{"@type":"WebSite","@id":"https:\/\/eurecat.org\/es\/#website","url":"https:\/\/eurecat.org\/es\/","name":"Eurecat","description":"Otro sitio realizado con WordPress","potentialAction":[{"@type":"SearchAction","target":{"@type":"EntryPoint","urlTemplate":"https:\/\/eurecat.org\/es\/?s={search_term_string}"},"query-input":{"@type":"PropertyValueSpecification","valueRequired":true,"valueName":"search_term_string"}}],"inLanguage":"es"},{"@type":"Person","@id":"https:\/\/eurecat.org\/es\/#\/schema\/person\/def9217eded50ee57a9dc4cf0c883f80","name":"EurecatEG","image":{"@type":"ImageObject","inLanguage":"es","@id":"https:\/\/secure.gravatar.com\/avatar\/f40dd9b6ecd3e5c591f3c9b033e495ee0ec9877ba77249fbf268b3889350c824?s=96&d=mm&r=g","url":"https:\/\/secure.gravatar.com\/avatar\/f40dd9b6ecd3e5c591f3c9b033e495ee0ec9877ba77249fbf268b3889350c824?s=96&d=mm&r=g","contentUrl":"https:\/\/secure.gravatar.com\/avatar\/f40dd9b6ecd3e5c591f3c9b033e495ee0ec9877ba77249fbf268b3889350c824?s=96&d=mm&r=g","caption":"EurecatEG"}}]}},"_links":{"self":[{"href":"https:\/\/eurecat.org\/es\/wp-json\/wp\/v2\/posts\/40225","targetHints":{"allow":["GET"]}}],"collection":[{"href":"https:\/\/eurecat.org\/es\/wp-json\/wp\/v2\/posts"}],"about":[{"href":"https:\/\/eurecat.org\/es\/wp-json\/wp\/v2\/types\/post"}],"author":[{"embeddable":true,"href":"https:\/\/eurecat.org\/es\/wp-json\/wp\/v2\/users\/12"}],"replies":[{"embeddable":true,"href":"https:\/\/eurecat.org\/es\/wp-json\/wp\/v2\/comments?post=40225"}],"version-history":[{"count":0,"href":"https:\/\/eurecat.org\/es\/wp-json\/wp\/v2\/posts\/40225\/revisions"}],"wp:featuredmedia":[{"embeddable":true,"href":"https:\/\/eurecat.org\/es\/wp-json\/wp\/v2\/media\/40221"}],"wp:attachment":[{"href":"https:\/\/eurecat.org\/es\/wp-json\/wp\/v2\/media?parent=40225"}],"wp:term":[{"taxonomy":"category","embeddable":true,"href":"https:\/\/eurecat.org\/es\/wp-json\/wp\/v2\/categories?post=40225"},{"taxonomy":"post_tag","embeddable":true,"href":"https:\/\/eurecat.org\/es\/wp-json\/wp\/v2\/tags?post=40225"}],"curies":[{"name":"wp","href":"https:\/\/api.w.org\/{rel}","templated":true}]}}