{"id":4155,"date":"2015-12-11T09:51:36","date_gmt":"2015-12-11T08:51:36","guid":{"rendered":"http:\/\/eurecat.org\/es\/?p=4155"},"modified":"2021-10-06T13:53:54","modified_gmt":"2021-10-06T12:53:54","slug":"smart-wearables-day-el-reto-de-los-wearables-en-europa","status":"publish","type":"post","link":"https:\/\/eurecat.org\/es\/smart-wearables-day-el-reto-de-los-wearables-en-europa\/","title":{"rendered":"Smart Wearables Day: el reto de los wearables en Europa"},"content":{"rendered":"<p>Hoy comienza en Bruselas el Smart Wearables Day, la jornada informativa que reunir\u00e1 a los principales agentes europeos del sector de los wearables. Durante la sesi\u00f3n se presentar\u00e1n las directrices para desarrollar una industria competitiva en Europa y un mercado consolidado gracias al desarrollo de nuevas soluciones. El programa incluye conferencias que abordar\u00e1n los principales retos en el uso de plataformas, tecnolog\u00edas y eco-sistemas a cargo de expertos de la Comisi\u00f3n Europea (CE), stakeholders y empresas del sector.<\/p>\n<p>Todas las sesiones del Smart Wearables Day se podr\u00e1n seguir en directo en streaming a partir de las 09: 15h\u00a0 <strong><a href=\"https:\/\/scic.ec.europa.eu\/streaming\/information-and-stakeholders-day-on-smart-wearables\">a trav\u00e9s del siguiente enlace<\/a><\/strong>.<\/p>\n<p><strong><a href=\"http:\/\/ec.europa.eu\/newsroom\/dae\/document.cfm?doc_id=12506\" target=\"_blank\" rel=\"noopener\">Consulta el programa de conferencias<\/a><\/strong><\/p>\n<p><strong>140 millones de euros de inversi\u00f3n en Internet of Things durante 2016-2017<\/strong><\/p>\n<p>Est\u00e1 previsto que durante el periodo 2016-2017 la Comisi\u00f3n invierta 140 millones de euros a trav\u00e9s del programa Horizon2020 para financiar proyectos de investigaci\u00f3n en el \u00e1mbito de la Internet of Things. <strong>La convocatoria est\u00e1 abierta hasta el d\u00eda 04\/12\/2016<\/strong> y se pueden presentar proyectos para las \u00e1reas de entornos inteligentes para personas de la tercera edad, granjas inteligentes, seguridad alimentaria, wearables por ecosistemas inteligentes y veh\u00edculos conectados entre otros.<\/p>\n<p>Eurecat cuenta con especialistas en sens\u00f3rica, gesti\u00f3n de datos o movilidad entre otros y cuenta con una larga experiencia en gesti\u00f3n de proyectos europeos. Si est\u00e1s interesado en nuestros servicios, <a href=\"https:\/\/eurecat.org\/contacte\/\" target=\"_blank\" rel=\"noopener\"><strong>cont\u00e1ctanos<\/strong>.<\/a><\/p>\n<p><strong><a href=\"https:\/\/ec.europa.eu\/digital-agenda\/en\/news\/horizon-2020-work-programme-2016-2017-internet-things-large-scale-pilots\">Lee m\u00e1s informaci\u00f3n sobre la convocatoria Internet Of Things Large Scale Pilots 2016-2017<\/a><\/strong><\/p>\n","protected":false},"excerpt":{"rendered":"<p>Hoy comienza en Bruselas el Smart Wearables Day, la jornada informativa que reunir\u00e1 a los principales agentes europeos del sector de los wearables. Durante la sesi\u00f3n se presentar\u00e1n las directrices para desarrollar una industria competitiva en Europa y un mercado consolidado gracias al desarrollo de nuevas soluciones. El programa incluye conferencias que abordar\u00e1n los principales  [&#8230;]<\/p>\n","protected":false},"author":1,"featured_media":4153,"comment_status":"open","ping_status":"closed","sticky":false,"template":"","format":"standard","meta":{"footnotes":""},"categories":[133,412],"tags":[],"class_list":["post-4155","post","type-post","status-publish","format-standard","has-post-thumbnail","hentry","category-blog","category-tecnologias-audiovisuales"],"yoast_head":"<!-- This site is optimized with the Yoast SEO plugin v27.4 - https:\/\/yoast.com\/product\/yoast-seo-wordpress\/ -->\n<title>Smart Wearables Day: el reto de los wearables en Europa<\/title>\n<meta name=\"robots\" content=\"index, follow, max-snippet:-1, max-image-preview:large, max-video-preview:-1\" \/>\n<link rel=\"canonical\" href=\"https:\/\/eurecat.org\/es\/smart-wearables-day-el-reto-de-los-wearables-en-europa\/\" \/>\n<meta property=\"og:locale\" content=\"es_ES\" \/>\n<meta property=\"og:type\" content=\"article\" \/>\n<meta property=\"og:title\" content=\"Smart Wearables Day: el reto de los wearables en Europa\" \/>\n<meta property=\"og:description\" content=\"Hoy comienza en Bruselas el Smart Wearables Day, la jornada informativa que reunir\u00e1 a los principales agentes europeos del sector de los wearables. Durante la sesi\u00f3n se presentar\u00e1n las directrices para desarrollar una industria competitiva en Europa y un mercado consolidado gracias al desarrollo de nuevas soluciones. El programa incluye conferencias que abordar\u00e1n los principales [...]\" \/>\n<meta property=\"og:url\" content=\"https:\/\/eurecat.org\/es\/smart-wearables-day-el-reto-de-los-wearables-en-europa\/\" \/>\n<meta property=\"og:site_name\" content=\"Eurecat\" \/>\n<meta property=\"article:published_time\" content=\"2015-12-11T08:51:36+00:00\" \/>\n<meta property=\"article:modified_time\" content=\"2021-10-06T12:53:54+00:00\" \/>\n<meta property=\"og:image\" content=\"https:\/\/eurecat.org\/wp-content\/uploads\/2015\/12\/smart_wearables.jpg\" \/>\n\t<meta property=\"og:image:width\" content=\"1102\" \/>\n\t<meta property=\"og:image:height\" content=\"496\" \/>\n\t<meta property=\"og:image:type\" content=\"image\/jpeg\" \/>\n<meta name=\"author\" content=\"Eurecat\" \/>\n<meta name=\"twitter:card\" content=\"summary_large_image\" \/>\n<meta name=\"twitter:label1\" content=\"Escrito por\" \/>\n\t<meta name=\"twitter:data1\" content=\"Eurecat\" \/>\n\t<meta name=\"twitter:label2\" content=\"Tiempo de lectura\" \/>\n\t<meta name=\"twitter:data2\" content=\"2 minutos\" \/>\n<script type=\"application\/ld+json\" class=\"yoast-schema-graph\">{\"@context\":\"https:\\\/\\\/schema.org\",\"@graph\":[{\"@type\":\"Article\",\"@id\":\"https:\\\/\\\/eurecat.org\\\/es\\\/smart-wearables-day-el-reto-de-los-wearables-en-europa\\\/#article\",\"isPartOf\":{\"@id\":\"https:\\\/\\\/eurecat.org\\\/es\\\/smart-wearables-day-el-reto-de-los-wearables-en-europa\\\/\"},\"author\":{\"name\":\"Eurecat\",\"@id\":\"https:\\\/\\\/eurecat.org\\\/es\\\/#\\\/schema\\\/person\\\/dba1bd6583438bbfc714ff31dd3891a7\"},\"headline\":\"Smart Wearables Day: el reto de los wearables en Europa\",\"datePublished\":\"2015-12-11T08:51:36+00:00\",\"dateModified\":\"2021-10-06T12:53:54+00:00\",\"mainEntityOfPage\":{\"@id\":\"https:\\\/\\\/eurecat.org\\\/es\\\/smart-wearables-day-el-reto-de-los-wearables-en-europa\\\/\"},\"wordCount\":260,\"commentCount\":0,\"image\":{\"@id\":\"https:\\\/\\\/eurecat.org\\\/es\\\/smart-wearables-day-el-reto-de-los-wearables-en-europa\\\/#primaryimage\"},\"thumbnailUrl\":\"https:\\\/\\\/eurecat.org\\\/wp-content\\\/uploads\\\/2015\\\/12\\\/smart_wearables.jpg\",\"articleSection\":[\"Blog\",\"Tecnolog\u00edas Audiovisuales\"],\"inLanguage\":\"es\",\"potentialAction\":[{\"@type\":\"CommentAction\",\"name\":\"Comment\",\"target\":[\"https:\\\/\\\/eurecat.org\\\/es\\\/smart-wearables-day-el-reto-de-los-wearables-en-europa\\\/#respond\"]}]},{\"@type\":\"WebPage\",\"@id\":\"https:\\\/\\\/eurecat.org\\\/es\\\/smart-wearables-day-el-reto-de-los-wearables-en-europa\\\/\",\"url\":\"https:\\\/\\\/eurecat.org\\\/es\\\/smart-wearables-day-el-reto-de-los-wearables-en-europa\\\/\",\"name\":\"Smart Wearables Day: el reto de los wearables en Europa\",\"isPartOf\":{\"@id\":\"https:\\\/\\\/eurecat.org\\\/es\\\/#website\"},\"primaryImageOfPage\":{\"@id\":\"https:\\\/\\\/eurecat.org\\\/es\\\/smart-wearables-day-el-reto-de-los-wearables-en-europa\\\/#primaryimage\"},\"image\":{\"@id\":\"https:\\\/\\\/eurecat.org\\\/es\\\/smart-wearables-day-el-reto-de-los-wearables-en-europa\\\/#primaryimage\"},\"thumbnailUrl\":\"https:\\\/\\\/eurecat.org\\\/wp-content\\\/uploads\\\/2015\\\/12\\\/smart_wearables.jpg\",\"datePublished\":\"2015-12-11T08:51:36+00:00\",\"dateModified\":\"2021-10-06T12:53:54+00:00\",\"author\":{\"@id\":\"https:\\\/\\\/eurecat.org\\\/es\\\/#\\\/schema\\\/person\\\/dba1bd6583438bbfc714ff31dd3891a7\"},\"breadcrumb\":{\"@id\":\"https:\\\/\\\/eurecat.org\\\/es\\\/smart-wearables-day-el-reto-de-los-wearables-en-europa\\\/#breadcrumb\"},\"inLanguage\":\"es\",\"potentialAction\":[{\"@type\":\"ReadAction\",\"target\":[\"https:\\\/\\\/eurecat.org\\\/es\\\/smart-wearables-day-el-reto-de-los-wearables-en-europa\\\/\"]}]},{\"@type\":\"ImageObject\",\"inLanguage\":\"es\",\"@id\":\"https:\\\/\\\/eurecat.org\\\/es\\\/smart-wearables-day-el-reto-de-los-wearables-en-europa\\\/#primaryimage\",\"url\":\"https:\\\/\\\/eurecat.org\\\/wp-content\\\/uploads\\\/2015\\\/12\\\/smart_wearables.jpg\",\"contentUrl\":\"https:\\\/\\\/eurecat.org\\\/wp-content\\\/uploads\\\/2015\\\/12\\\/smart_wearables.jpg\",\"width\":1102,\"height\":496,\"caption\":\"smart_wearables\"},{\"@type\":\"BreadcrumbList\",\"@id\":\"https:\\\/\\\/eurecat.org\\\/es\\\/smart-wearables-day-el-reto-de-los-wearables-en-europa\\\/#breadcrumb\",\"itemListElement\":[{\"@type\":\"ListItem\",\"position\":1,\"name\":\"Inici\",\"item\":\"https:\\\/\\\/eurecat.org\\\/es\\\/\"},{\"@type\":\"ListItem\",\"position\":2,\"name\":\"Smart Wearables Day: el reto de los wearables en Europa\"}]},{\"@type\":\"WebSite\",\"@id\":\"https:\\\/\\\/eurecat.org\\\/es\\\/#website\",\"url\":\"https:\\\/\\\/eurecat.org\\\/es\\\/\",\"name\":\"Eurecat\",\"description\":\"Otro sitio realizado con WordPress\",\"potentialAction\":[{\"@type\":\"SearchAction\",\"target\":{\"@type\":\"EntryPoint\",\"urlTemplate\":\"https:\\\/\\\/eurecat.org\\\/es\\\/?s={search_term_string}\"},\"query-input\":{\"@type\":\"PropertyValueSpecification\",\"valueRequired\":true,\"valueName\":\"search_term_string\"}}],\"inLanguage\":\"es\"},{\"@type\":\"Person\",\"@id\":\"https:\\\/\\\/eurecat.org\\\/es\\\/#\\\/schema\\\/person\\\/dba1bd6583438bbfc714ff31dd3891a7\",\"name\":\"Eurecat\",\"image\":{\"@type\":\"ImageObject\",\"inLanguage\":\"es\",\"@id\":\"https:\\\/\\\/secure.gravatar.com\\\/avatar\\\/cd0fcb1c7fb2cca0b2217033ac52d00f1f1212002288000a7dd6592aa229673a?s=96&d=mm&r=g\",\"url\":\"https:\\\/\\\/secure.gravatar.com\\\/avatar\\\/cd0fcb1c7fb2cca0b2217033ac52d00f1f1212002288000a7dd6592aa229673a?s=96&d=mm&r=g\",\"contentUrl\":\"https:\\\/\\\/secure.gravatar.com\\\/avatar\\\/cd0fcb1c7fb2cca0b2217033ac52d00f1f1212002288000a7dd6592aa229673a?s=96&d=mm&r=g\",\"caption\":\"Eurecat\"}}]}<\/script>\n<!-- \/ Yoast SEO plugin. -->","yoast_head_json":{"title":"Smart Wearables Day: el reto de los wearables en Europa","robots":{"index":"index","follow":"follow","max-snippet":"max-snippet:-1","max-image-preview":"max-image-preview:large","max-video-preview":"max-video-preview:-1"},"canonical":"https:\/\/eurecat.org\/es\/smart-wearables-day-el-reto-de-los-wearables-en-europa\/","og_locale":"es_ES","og_type":"article","og_title":"Smart Wearables Day: el reto de los wearables en Europa","og_description":"Hoy comienza en Bruselas el Smart Wearables Day, la jornada informativa que reunir\u00e1 a los principales agentes europeos del sector de los wearables. Durante la sesi\u00f3n se presentar\u00e1n las directrices para desarrollar una industria competitiva en Europa y un mercado consolidado gracias al desarrollo de nuevas soluciones. El programa incluye conferencias que abordar\u00e1n los principales [...]","og_url":"https:\/\/eurecat.org\/es\/smart-wearables-day-el-reto-de-los-wearables-en-europa\/","og_site_name":"Eurecat","article_published_time":"2015-12-11T08:51:36+00:00","article_modified_time":"2021-10-06T12:53:54+00:00","og_image":[{"width":1102,"height":496,"url":"https:\/\/eurecat.org\/wp-content\/uploads\/2015\/12\/smart_wearables.jpg","type":"image\/jpeg"}],"author":"Eurecat","twitter_card":"summary_large_image","twitter_misc":{"Escrito por":"Eurecat","Tiempo de lectura":"2 minutos"},"schema":{"@context":"https:\/\/schema.org","@graph":[{"@type":"Article","@id":"https:\/\/eurecat.org\/es\/smart-wearables-day-el-reto-de-los-wearables-en-europa\/#article","isPartOf":{"@id":"https:\/\/eurecat.org\/es\/smart-wearables-day-el-reto-de-los-wearables-en-europa\/"},"author":{"name":"Eurecat","@id":"https:\/\/eurecat.org\/es\/#\/schema\/person\/dba1bd6583438bbfc714ff31dd3891a7"},"headline":"Smart Wearables Day: el reto de los wearables en Europa","datePublished":"2015-12-11T08:51:36+00:00","dateModified":"2021-10-06T12:53:54+00:00","mainEntityOfPage":{"@id":"https:\/\/eurecat.org\/es\/smart-wearables-day-el-reto-de-los-wearables-en-europa\/"},"wordCount":260,"commentCount":0,"image":{"@id":"https:\/\/eurecat.org\/es\/smart-wearables-day-el-reto-de-los-wearables-en-europa\/#primaryimage"},"thumbnailUrl":"https:\/\/eurecat.org\/wp-content\/uploads\/2015\/12\/smart_wearables.jpg","articleSection":["Blog","Tecnolog\u00edas Audiovisuales"],"inLanguage":"es","potentialAction":[{"@type":"CommentAction","name":"Comment","target":["https:\/\/eurecat.org\/es\/smart-wearables-day-el-reto-de-los-wearables-en-europa\/#respond"]}]},{"@type":"WebPage","@id":"https:\/\/eurecat.org\/es\/smart-wearables-day-el-reto-de-los-wearables-en-europa\/","url":"https:\/\/eurecat.org\/es\/smart-wearables-day-el-reto-de-los-wearables-en-europa\/","name":"Smart Wearables Day: el reto de los wearables en Europa","isPartOf":{"@id":"https:\/\/eurecat.org\/es\/#website"},"primaryImageOfPage":{"@id":"https:\/\/eurecat.org\/es\/smart-wearables-day-el-reto-de-los-wearables-en-europa\/#primaryimage"},"image":{"@id":"https:\/\/eurecat.org\/es\/smart-wearables-day-el-reto-de-los-wearables-en-europa\/#primaryimage"},"thumbnailUrl":"https:\/\/eurecat.org\/wp-content\/uploads\/2015\/12\/smart_wearables.jpg","datePublished":"2015-12-11T08:51:36+00:00","dateModified":"2021-10-06T12:53:54+00:00","author":{"@id":"https:\/\/eurecat.org\/es\/#\/schema\/person\/dba1bd6583438bbfc714ff31dd3891a7"},"breadcrumb":{"@id":"https:\/\/eurecat.org\/es\/smart-wearables-day-el-reto-de-los-wearables-en-europa\/#breadcrumb"},"inLanguage":"es","potentialAction":[{"@type":"ReadAction","target":["https:\/\/eurecat.org\/es\/smart-wearables-day-el-reto-de-los-wearables-en-europa\/"]}]},{"@type":"ImageObject","inLanguage":"es","@id":"https:\/\/eurecat.org\/es\/smart-wearables-day-el-reto-de-los-wearables-en-europa\/#primaryimage","url":"https:\/\/eurecat.org\/wp-content\/uploads\/2015\/12\/smart_wearables.jpg","contentUrl":"https:\/\/eurecat.org\/wp-content\/uploads\/2015\/12\/smart_wearables.jpg","width":1102,"height":496,"caption":"smart_wearables"},{"@type":"BreadcrumbList","@id":"https:\/\/eurecat.org\/es\/smart-wearables-day-el-reto-de-los-wearables-en-europa\/#breadcrumb","itemListElement":[{"@type":"ListItem","position":1,"name":"Inici","item":"https:\/\/eurecat.org\/es\/"},{"@type":"ListItem","position":2,"name":"Smart Wearables Day: el reto de los wearables en Europa"}]},{"@type":"WebSite","@id":"https:\/\/eurecat.org\/es\/#website","url":"https:\/\/eurecat.org\/es\/","name":"Eurecat","description":"Otro sitio realizado con WordPress","potentialAction":[{"@type":"SearchAction","target":{"@type":"EntryPoint","urlTemplate":"https:\/\/eurecat.org\/es\/?s={search_term_string}"},"query-input":{"@type":"PropertyValueSpecification","valueRequired":true,"valueName":"search_term_string"}}],"inLanguage":"es"},{"@type":"Person","@id":"https:\/\/eurecat.org\/es\/#\/schema\/person\/dba1bd6583438bbfc714ff31dd3891a7","name":"Eurecat","image":{"@type":"ImageObject","inLanguage":"es","@id":"https:\/\/secure.gravatar.com\/avatar\/cd0fcb1c7fb2cca0b2217033ac52d00f1f1212002288000a7dd6592aa229673a?s=96&d=mm&r=g","url":"https:\/\/secure.gravatar.com\/avatar\/cd0fcb1c7fb2cca0b2217033ac52d00f1f1212002288000a7dd6592aa229673a?s=96&d=mm&r=g","contentUrl":"https:\/\/secure.gravatar.com\/avatar\/cd0fcb1c7fb2cca0b2217033ac52d00f1f1212002288000a7dd6592aa229673a?s=96&d=mm&r=g","caption":"Eurecat"}}]}},"_links":{"self":[{"href":"https:\/\/eurecat.org\/es\/wp-json\/wp\/v2\/posts\/4155","targetHints":{"allow":["GET"]}}],"collection":[{"href":"https:\/\/eurecat.org\/es\/wp-json\/wp\/v2\/posts"}],"about":[{"href":"https:\/\/eurecat.org\/es\/wp-json\/wp\/v2\/types\/post"}],"author":[{"embeddable":true,"href":"https:\/\/eurecat.org\/es\/wp-json\/wp\/v2\/users\/1"}],"replies":[{"embeddable":true,"href":"https:\/\/eurecat.org\/es\/wp-json\/wp\/v2\/comments?post=4155"}],"version-history":[{"count":0,"href":"https:\/\/eurecat.org\/es\/wp-json\/wp\/v2\/posts\/4155\/revisions"}],"wp:featuredmedia":[{"embeddable":true,"href":"https:\/\/eurecat.org\/es\/wp-json\/wp\/v2\/media\/4153"}],"wp:attachment":[{"href":"https:\/\/eurecat.org\/es\/wp-json\/wp\/v2\/media?parent=4155"}],"wp:term":[{"taxonomy":"category","embeddable":true,"href":"https:\/\/eurecat.org\/es\/wp-json\/wp\/v2\/categories?post=4155"},{"taxonomy":"post_tag","embeddable":true,"href":"https:\/\/eurecat.org\/es\/wp-json\/wp\/v2\/tags?post=4155"}],"curies":[{"name":"wp","href":"https:\/\/api.w.org\/{rel}","templated":true}]}}