{"id":4163,"date":"2015-12-10T08:08:35","date_gmt":"2015-12-10T08:08:35","guid":{"rendered":"http:\/\/eurecat.org\/es\/?p=4163"},"modified":"2015-12-14T15:12:05","modified_gmt":"2015-12-14T15:12:05","slug":"el-estado-de-las-smart-cities-en-catalunya","status":"publish","type":"post","link":"https:\/\/eurecat.org\/es\/el-estado-de-las-smart-cities-en-catalunya\/","title":{"rendered":"El estado de las Smart Cities en Catalu\u00f1a"},"content":{"rendered":"<p>Salvo contadas excepciones como Barcelona, <strong>\u200b\u200bla mayor\u00eda de poblaciones no cuenta con una estrategia de desarrollo de soluciones \u00abSmartCities\u00bb elaborada<\/strong>. Esta es la principal conclusi\u00f3n del an\u00e1lisis general de la situaci\u00f3n actual de la adopci\u00f3n de la ciudades inteligentes en Catalu\u00f1a realizado en el marco la gu\u00eda \u00ab<strong><a href=\"http:\/\/www.idigital.cat\/documents\/10501\/371930\/idigital-smartcat-full-de-ruta-smart-city.pdf\" target=\"_blank\">Hoja de ruta para convertirse en una ciudad inteligente<\/a><\/strong>\u00ab. La gu\u00eda ha sido elaborada por expertos de Eurecat para la Direcci\u00f3n General de Telecomunicaciones y Sociedad de la Informaci\u00f3n de la Generalitat de Catalunya.<\/p>\n<p>Seg\u00fan los resultados obtenidos,<strong> la mayor\u00eda de las actuaciones \u00abSmart\u00bb que se llevan a cabo se caracterizan por ser iniciativas aisladas por las diversas \u00e1reas y departamentos municipales<\/strong>. El proceso para desplegar una actuaci\u00f3n inteligente parte de que un \u00e1rea o departamento identifica una posible oportunidad de aplicar tecnolog\u00eda para una casu\u00edstica concreta o un caso de uso, y decide llevarla a cabo o no seg\u00fan su criterio y conocimiento, sin coordinaci\u00f3n con el resto del consistorio.<\/p>\n<p>Esto provoca que el valor aportado por estas actuaciones sea limitado y sin posibilidad de evolucionar en complejidad y en valor.<\/p>\n<p>Aparte de la falta de la definici\u00f3n de la estrategia de ciudad inteligente, los ayuntamientos tampoco han definido la organizaci\u00f3n interna ni los procesos por c\u00f3mo llevar a cabo el desarrollo. <strong>La no coordinaci\u00f3n entre \u00e1reas provoca, entre otros, el desarrollo de soluciones y sistemas redundantes dentro del consistorio que pueden estar haciendo m\u00e1s o menos lo mismo<\/strong>. Esto se traduce en carencias de interoperabilidad entre sistemas, de modo que no se pueden comunicar entre s\u00ed y, por tanto, a menudo la existencia de datos queda cerrada dentro de una soluci\u00f3n espec\u00edfica, generalmente de un proveedor, sin la posibilidad de hacerlo utilizarla en otros sistemas y para otros objetivos.<\/p>\n<p>Una opci\u00f3n para facilitar el despliegue de una manera transversal y homog\u00e9nea en todo el territorio de Catalu\u00f1a consiste, seg\u00fan propone el documento, al evaluar una estrategia basada en un modelo de agregaci\u00f3n supramunicipal, en torno a la <strong>formaci\u00f3n de proyectos y servicios de ciudad inteligente mancomunados que dotaran el sistema de masa cr\u00edtica suficiente para garantizar la viabilidad de la aplicaci\u00f3n de un modelo de colaboraci\u00f3n p\u00fablico-privado<\/strong>.<\/p>\n<p>En este sentido, la Generalitat de Catalunya est\u00e1 impulsando la estrategia <strong><a href=\"http:\/\/www.idigital.cat\/web\/smartcat\" target=\"_blank\">SmartCat<\/a><\/strong>, que prev\u00e9 desarrollar proyectos en colaboraci\u00f3n con las iniciativas locales y supralocales. El objetivo es convertir Catalu\u00f1a en una regi\u00f3n inteligente de referencia internacional que aproveche el uso de la tecnolog\u00eda y la informaci\u00f3n digital para innovar en los servicios p\u00fablicos, impulsar el crecimiento econ\u00f3mico y promover una sociedad m\u00e1s inteligente, sostenible e integradora. Smartcat est\u00e1 alineada con la estrategia de la Comisi\u00f3n Europea \u00abEuropa 2020\u00bb.<\/p>\n<p><strong><a href=\"http:\/\/www.idigital.cat\/documents\/10501\/371930\/idigital-smartcat-full-de-ruta-smart-city.pdf\" target=\"_blank\">Descargar Hoja de ruta<\/a> (catal\u00e1n)<\/strong><br \/>\n<strong><a href=\"http:\/\/www.idigital.cat\/web\/smartcat\" target=\"_blank\">M\u00e1s informaci\u00f3n sobre Smart Cat<\/a><\/strong><\/p>\n","protected":false},"excerpt":{"rendered":"<p>Salvo contadas excepciones como Barcelona, \u200b\u200bla mayor\u00eda de poblaciones no cuenta con una estrategia de desarrollo de soluciones \u00abSmartCities\u00bb elaborada. Esta es la principal conclusi\u00f3n del an\u00e1lisis general de la situaci\u00f3n actual de la adopci\u00f3n de la ciudades inteligentes en Catalu\u00f1a realizado en el marco la gu\u00eda \u00abHoja de ruta para convertirse en una ciudad  [&#8230;]<\/p>\n","protected":false},"author":6,"featured_media":4166,"comment_status":"open","ping_status":"closed","sticky":false,"template":"","format":"standard","meta":{"footnotes":""},"categories":[133,394,392],"tags":[],"class_list":["post-4163","post","type-post","status-publish","format-standard","has-post-thumbnail","hentry","category-blog","category-consultoria-es","category-big-data-analytics"],"yoast_head":"<!-- This site is optimized with the Yoast SEO plugin v27.5 - https:\/\/yoast.com\/product\/yoast-seo-wordpress\/ -->\n<title>El estado de las Smart Cities en Catalu\u00f1a<\/title>\n<meta name=\"description\" content=\"la mayor\u00eda de las actuaciones &quot;Smart&quot; que se llevan a cabo en Catalunya se caracterizan por ser iniciativas aisladas\" \/>\n<meta name=\"robots\" content=\"index, follow, max-snippet:-1, max-image-preview:large, max-video-preview:-1\" \/>\n<link rel=\"canonical\" href=\"https:\/\/eurecat.org\/es\/el-estado-de-las-smart-cities-en-catalunya\/\" \/>\n<meta property=\"og:locale\" content=\"es_ES\" \/>\n<meta property=\"og:type\" content=\"article\" \/>\n<meta property=\"og:title\" content=\"El estado de las Smart Cities en Catalu\u00f1a\" \/>\n<meta property=\"og:description\" content=\"la mayor\u00eda de las actuaciones &quot;Smart&quot; que se llevan a cabo en Catalunya se caracterizan por ser iniciativas aisladas\" \/>\n<meta property=\"og:url\" content=\"https:\/\/eurecat.org\/es\/el-estado-de-las-smart-cities-en-catalunya\/\" \/>\n<meta property=\"og:site_name\" content=\"Eurecat\" \/>\n<meta property=\"article:published_time\" content=\"2015-12-10T08:08:35+00:00\" \/>\n<meta property=\"article:modified_time\" content=\"2015-12-14T15:12:05+00:00\" \/>\n<meta property=\"og:image\" content=\"https:\/\/eurecat.org\/wp-content\/uploads\/2015\/12\/smartcities_catalunya.jpg\" \/>\n\t<meta property=\"og:image:width\" content=\"1102\" \/>\n\t<meta property=\"og:image:height\" content=\"496\" \/>\n\t<meta property=\"og:image:type\" content=\"image\/jpeg\" \/>\n<meta name=\"author\" content=\"EurecatEM\" \/>\n<meta name=\"twitter:card\" content=\"summary_large_image\" \/>\n<meta name=\"twitter:label1\" content=\"Escrito por\" \/>\n\t<meta name=\"twitter:data1\" content=\"EurecatEM\" \/>\n\t<meta name=\"twitter:label2\" content=\"Tiempo de lectura\" \/>\n\t<meta name=\"twitter:data2\" content=\"2 minutos\" \/>\n<script type=\"application\/ld+json\" class=\"yoast-schema-graph\">{\"@context\":\"https:\\\/\\\/schema.org\",\"@graph\":[{\"@type\":\"Article\",\"@id\":\"https:\\\/\\\/eurecat.org\\\/es\\\/el-estado-de-las-smart-cities-en-catalunya\\\/#article\",\"isPartOf\":{\"@id\":\"https:\\\/\\\/eurecat.org\\\/es\\\/el-estado-de-las-smart-cities-en-catalunya\\\/\"},\"author\":{\"name\":\"EurecatEM\",\"@id\":\"https:\\\/\\\/eurecat.org\\\/es\\\/#\\\/schema\\\/person\\\/540d47fd9da63c4587cbae01b88e4db3\"},\"headline\":\"El estado de las Smart Cities en Catalu\u00f1a\",\"datePublished\":\"2015-12-10T08:08:35+00:00\",\"dateModified\":\"2015-12-14T15:12:05+00:00\",\"mainEntityOfPage\":{\"@id\":\"https:\\\/\\\/eurecat.org\\\/es\\\/el-estado-de-las-smart-cities-en-catalunya\\\/\"},\"wordCount\":498,\"commentCount\":0,\"image\":{\"@id\":\"https:\\\/\\\/eurecat.org\\\/es\\\/el-estado-de-las-smart-cities-en-catalunya\\\/#primaryimage\"},\"thumbnailUrl\":\"https:\\\/\\\/eurecat.org\\\/wp-content\\\/uploads\\\/2015\\\/12\\\/smartcities_catalunya.jpg\",\"articleSection\":[\"Blog\",\"Consultor\u00eda\",\"Data Science &amp; Big Data Analytics\"],\"inLanguage\":\"es\",\"potentialAction\":[{\"@type\":\"CommentAction\",\"name\":\"Comment\",\"target\":[\"https:\\\/\\\/eurecat.org\\\/es\\\/el-estado-de-las-smart-cities-en-catalunya\\\/#respond\"]}]},{\"@type\":\"WebPage\",\"@id\":\"https:\\\/\\\/eurecat.org\\\/es\\\/el-estado-de-las-smart-cities-en-catalunya\\\/\",\"url\":\"https:\\\/\\\/eurecat.org\\\/es\\\/el-estado-de-las-smart-cities-en-catalunya\\\/\",\"name\":\"El estado de las Smart Cities en Catalu\u00f1a\",\"isPartOf\":{\"@id\":\"https:\\\/\\\/eurecat.org\\\/es\\\/#website\"},\"primaryImageOfPage\":{\"@id\":\"https:\\\/\\\/eurecat.org\\\/es\\\/el-estado-de-las-smart-cities-en-catalunya\\\/#primaryimage\"},\"image\":{\"@id\":\"https:\\\/\\\/eurecat.org\\\/es\\\/el-estado-de-las-smart-cities-en-catalunya\\\/#primaryimage\"},\"thumbnailUrl\":\"https:\\\/\\\/eurecat.org\\\/wp-content\\\/uploads\\\/2015\\\/12\\\/smartcities_catalunya.jpg\",\"datePublished\":\"2015-12-10T08:08:35+00:00\",\"dateModified\":\"2015-12-14T15:12:05+00:00\",\"author\":{\"@id\":\"https:\\\/\\\/eurecat.org\\\/es\\\/#\\\/schema\\\/person\\\/540d47fd9da63c4587cbae01b88e4db3\"},\"description\":\"la mayor\u00eda de las actuaciones \\\"Smart\\\" que se llevan a cabo en Catalunya se caracterizan por ser iniciativas aisladas\",\"breadcrumb\":{\"@id\":\"https:\\\/\\\/eurecat.org\\\/es\\\/el-estado-de-las-smart-cities-en-catalunya\\\/#breadcrumb\"},\"inLanguage\":\"es\",\"potentialAction\":[{\"@type\":\"ReadAction\",\"target\":[\"https:\\\/\\\/eurecat.org\\\/es\\\/el-estado-de-las-smart-cities-en-catalunya\\\/\"]}]},{\"@type\":\"ImageObject\",\"inLanguage\":\"es\",\"@id\":\"https:\\\/\\\/eurecat.org\\\/es\\\/el-estado-de-las-smart-cities-en-catalunya\\\/#primaryimage\",\"url\":\"https:\\\/\\\/eurecat.org\\\/wp-content\\\/uploads\\\/2015\\\/12\\\/smartcities_catalunya.jpg\",\"contentUrl\":\"https:\\\/\\\/eurecat.org\\\/wp-content\\\/uploads\\\/2015\\\/12\\\/smartcities_catalunya.jpg\",\"width\":1102,\"height\":496,\"caption\":\"smartcities_catalunya\"},{\"@type\":\"BreadcrumbList\",\"@id\":\"https:\\\/\\\/eurecat.org\\\/es\\\/el-estado-de-las-smart-cities-en-catalunya\\\/#breadcrumb\",\"itemListElement\":[{\"@type\":\"ListItem\",\"position\":1,\"name\":\"Inici\",\"item\":\"https:\\\/\\\/eurecat.org\\\/es\\\/\"},{\"@type\":\"ListItem\",\"position\":2,\"name\":\"El estado de las Smart Cities en Catalu\u00f1a\"}]},{\"@type\":\"WebSite\",\"@id\":\"https:\\\/\\\/eurecat.org\\\/es\\\/#website\",\"url\":\"https:\\\/\\\/eurecat.org\\\/es\\\/\",\"name\":\"Eurecat\",\"description\":\"Otro sitio realizado con WordPress\",\"potentialAction\":[{\"@type\":\"SearchAction\",\"target\":{\"@type\":\"EntryPoint\",\"urlTemplate\":\"https:\\\/\\\/eurecat.org\\\/es\\\/?s={search_term_string}\"},\"query-input\":{\"@type\":\"PropertyValueSpecification\",\"valueRequired\":true,\"valueName\":\"search_term_string\"}}],\"inLanguage\":\"es\"},{\"@type\":\"Person\",\"@id\":\"https:\\\/\\\/eurecat.org\\\/es\\\/#\\\/schema\\\/person\\\/540d47fd9da63c4587cbae01b88e4db3\",\"name\":\"EurecatEM\",\"image\":{\"@type\":\"ImageObject\",\"inLanguage\":\"es\",\"@id\":\"https:\\\/\\\/secure.gravatar.com\\\/avatar\\\/deb330c0660ac5bf74cae5724d94229935e34c26df9bce576399b4da2212af05?s=96&d=mm&r=g\",\"url\":\"https:\\\/\\\/secure.gravatar.com\\\/avatar\\\/deb330c0660ac5bf74cae5724d94229935e34c26df9bce576399b4da2212af05?s=96&d=mm&r=g\",\"contentUrl\":\"https:\\\/\\\/secure.gravatar.com\\\/avatar\\\/deb330c0660ac5bf74cae5724d94229935e34c26df9bce576399b4da2212af05?s=96&d=mm&r=g\",\"caption\":\"EurecatEM\"}}]}<\/script>\n<!-- \/ Yoast SEO plugin. -->","yoast_head_json":{"title":"El estado de las Smart Cities en Catalu\u00f1a","description":"la mayor\u00eda de las actuaciones \"Smart\" que se llevan a cabo en Catalunya se caracterizan por ser iniciativas aisladas","robots":{"index":"index","follow":"follow","max-snippet":"max-snippet:-1","max-image-preview":"max-image-preview:large","max-video-preview":"max-video-preview:-1"},"canonical":"https:\/\/eurecat.org\/es\/el-estado-de-las-smart-cities-en-catalunya\/","og_locale":"es_ES","og_type":"article","og_title":"El estado de las Smart Cities en Catalu\u00f1a","og_description":"la mayor\u00eda de las actuaciones \"Smart\" que se llevan a cabo en Catalunya se caracterizan por ser iniciativas aisladas","og_url":"https:\/\/eurecat.org\/es\/el-estado-de-las-smart-cities-en-catalunya\/","og_site_name":"Eurecat","article_published_time":"2015-12-10T08:08:35+00:00","article_modified_time":"2015-12-14T15:12:05+00:00","og_image":[{"width":1102,"height":496,"url":"https:\/\/eurecat.org\/wp-content\/uploads\/2015\/12\/smartcities_catalunya.jpg","type":"image\/jpeg"}],"author":"EurecatEM","twitter_card":"summary_large_image","twitter_misc":{"Escrito por":"EurecatEM","Tiempo de lectura":"2 minutos"},"schema":{"@context":"https:\/\/schema.org","@graph":[{"@type":"Article","@id":"https:\/\/eurecat.org\/es\/el-estado-de-las-smart-cities-en-catalunya\/#article","isPartOf":{"@id":"https:\/\/eurecat.org\/es\/el-estado-de-las-smart-cities-en-catalunya\/"},"author":{"name":"EurecatEM","@id":"https:\/\/eurecat.org\/es\/#\/schema\/person\/540d47fd9da63c4587cbae01b88e4db3"},"headline":"El estado de las Smart Cities en Catalu\u00f1a","datePublished":"2015-12-10T08:08:35+00:00","dateModified":"2015-12-14T15:12:05+00:00","mainEntityOfPage":{"@id":"https:\/\/eurecat.org\/es\/el-estado-de-las-smart-cities-en-catalunya\/"},"wordCount":498,"commentCount":0,"image":{"@id":"https:\/\/eurecat.org\/es\/el-estado-de-las-smart-cities-en-catalunya\/#primaryimage"},"thumbnailUrl":"https:\/\/eurecat.org\/wp-content\/uploads\/2015\/12\/smartcities_catalunya.jpg","articleSection":["Blog","Consultor\u00eda","Data Science &amp; Big Data Analytics"],"inLanguage":"es","potentialAction":[{"@type":"CommentAction","name":"Comment","target":["https:\/\/eurecat.org\/es\/el-estado-de-las-smart-cities-en-catalunya\/#respond"]}]},{"@type":"WebPage","@id":"https:\/\/eurecat.org\/es\/el-estado-de-las-smart-cities-en-catalunya\/","url":"https:\/\/eurecat.org\/es\/el-estado-de-las-smart-cities-en-catalunya\/","name":"El estado de las Smart Cities en Catalu\u00f1a","isPartOf":{"@id":"https:\/\/eurecat.org\/es\/#website"},"primaryImageOfPage":{"@id":"https:\/\/eurecat.org\/es\/el-estado-de-las-smart-cities-en-catalunya\/#primaryimage"},"image":{"@id":"https:\/\/eurecat.org\/es\/el-estado-de-las-smart-cities-en-catalunya\/#primaryimage"},"thumbnailUrl":"https:\/\/eurecat.org\/wp-content\/uploads\/2015\/12\/smartcities_catalunya.jpg","datePublished":"2015-12-10T08:08:35+00:00","dateModified":"2015-12-14T15:12:05+00:00","author":{"@id":"https:\/\/eurecat.org\/es\/#\/schema\/person\/540d47fd9da63c4587cbae01b88e4db3"},"description":"la mayor\u00eda de las actuaciones \"Smart\" que se llevan a cabo en Catalunya se caracterizan por ser iniciativas aisladas","breadcrumb":{"@id":"https:\/\/eurecat.org\/es\/el-estado-de-las-smart-cities-en-catalunya\/#breadcrumb"},"inLanguage":"es","potentialAction":[{"@type":"ReadAction","target":["https:\/\/eurecat.org\/es\/el-estado-de-las-smart-cities-en-catalunya\/"]}]},{"@type":"ImageObject","inLanguage":"es","@id":"https:\/\/eurecat.org\/es\/el-estado-de-las-smart-cities-en-catalunya\/#primaryimage","url":"https:\/\/eurecat.org\/wp-content\/uploads\/2015\/12\/smartcities_catalunya.jpg","contentUrl":"https:\/\/eurecat.org\/wp-content\/uploads\/2015\/12\/smartcities_catalunya.jpg","width":1102,"height":496,"caption":"smartcities_catalunya"},{"@type":"BreadcrumbList","@id":"https:\/\/eurecat.org\/es\/el-estado-de-las-smart-cities-en-catalunya\/#breadcrumb","itemListElement":[{"@type":"ListItem","position":1,"name":"Inici","item":"https:\/\/eurecat.org\/es\/"},{"@type":"ListItem","position":2,"name":"El estado de las Smart Cities en Catalu\u00f1a"}]},{"@type":"WebSite","@id":"https:\/\/eurecat.org\/es\/#website","url":"https:\/\/eurecat.org\/es\/","name":"Eurecat","description":"Otro sitio realizado con WordPress","potentialAction":[{"@type":"SearchAction","target":{"@type":"EntryPoint","urlTemplate":"https:\/\/eurecat.org\/es\/?s={search_term_string}"},"query-input":{"@type":"PropertyValueSpecification","valueRequired":true,"valueName":"search_term_string"}}],"inLanguage":"es"},{"@type":"Person","@id":"https:\/\/eurecat.org\/es\/#\/schema\/person\/540d47fd9da63c4587cbae01b88e4db3","name":"EurecatEM","image":{"@type":"ImageObject","inLanguage":"es","@id":"https:\/\/secure.gravatar.com\/avatar\/deb330c0660ac5bf74cae5724d94229935e34c26df9bce576399b4da2212af05?s=96&d=mm&r=g","url":"https:\/\/secure.gravatar.com\/avatar\/deb330c0660ac5bf74cae5724d94229935e34c26df9bce576399b4da2212af05?s=96&d=mm&r=g","contentUrl":"https:\/\/secure.gravatar.com\/avatar\/deb330c0660ac5bf74cae5724d94229935e34c26df9bce576399b4da2212af05?s=96&d=mm&r=g","caption":"EurecatEM"}}]}},"_links":{"self":[{"href":"https:\/\/eurecat.org\/es\/wp-json\/wp\/v2\/posts\/4163","targetHints":{"allow":["GET"]}}],"collection":[{"href":"https:\/\/eurecat.org\/es\/wp-json\/wp\/v2\/posts"}],"about":[{"href":"https:\/\/eurecat.org\/es\/wp-json\/wp\/v2\/types\/post"}],"author":[{"embeddable":true,"href":"https:\/\/eurecat.org\/es\/wp-json\/wp\/v2\/users\/6"}],"replies":[{"embeddable":true,"href":"https:\/\/eurecat.org\/es\/wp-json\/wp\/v2\/comments?post=4163"}],"version-history":[{"count":0,"href":"https:\/\/eurecat.org\/es\/wp-json\/wp\/v2\/posts\/4163\/revisions"}],"wp:featuredmedia":[{"embeddable":true,"href":"https:\/\/eurecat.org\/es\/wp-json\/wp\/v2\/media\/4166"}],"wp:attachment":[{"href":"https:\/\/eurecat.org\/es\/wp-json\/wp\/v2\/media?parent=4163"}],"wp:term":[{"taxonomy":"category","embeddable":true,"href":"https:\/\/eurecat.org\/es\/wp-json\/wp\/v2\/categories?post=4163"},{"taxonomy":"post_tag","embeddable":true,"href":"https:\/\/eurecat.org\/es\/wp-json\/wp\/v2\/tags?post=4163"}],"curies":[{"name":"wp","href":"https:\/\/api.w.org\/{rel}","templated":true}]}}