{"id":4211,"date":"2015-12-15T18:39:32","date_gmt":"2015-12-15T18:39:32","guid":{"rendered":"http:\/\/eurecat.org\/es\/?p=4211"},"modified":"2016-10-23T16:54:32","modified_gmt":"2016-10-23T16:54:32","slug":"eurecat-integra-el-centro-tecnologico-de-nutricion-y-salud","status":"publish","type":"post","link":"https:\/\/eurecat.org\/es\/eurecat-integra-el-centro-tecnologico-de-nutricion-y-salud\/","title":{"rendered":"Eurecat integra el Centro Tecnol\u00f3gico de Nutrici\u00f3n y Salud"},"content":{"rendered":"<blockquote><p>La operaci\u00f3n ampl\u00eda las capacidades cient\u00edficas y tecnol\u00f3gicas de Eurecat, refuerza la presencia del centro en las comarcas de Tarragona y fija un marco de colaboraci\u00f3n presente y futura con la Universitat Rovira i Virgili<\/p><\/blockquote>\n<p><strong><u>Barcelona, 15 de diciembre de 2015.-<\/u> <\/strong>El Patronato del centro tecnol\u00f3gico <strong><a href=\"http:\/\/www.eurecat.org\/es\">Eurecat<\/a><\/strong> (miembro de TECNIO) ha aprobado hoy la integraci\u00f3n del <strong><a href=\"http:\/\/www.ctns.cat\/es\" target=\"_blank\">Centro Tecnol\u00f3gico de Nutrici\u00f3n y Salud<\/a><\/strong> (CTNS, con sede en Reus), una operaci\u00f3n que para Eurecat supone la incorporaci\u00f3n de nuevas capacidades cient\u00edficas y tecnol\u00f3gicas en las \u00e1reas de nutrici\u00f3n, salud y biotecnolog\u00eda y la continuaci\u00f3n de su din\u00e1mica de integraciones y de alianzas con los principales agentes del sistema de innovaci\u00f3n catalanes.<\/p>\n<p>El CTNS se convertir\u00e1 as\u00ed en el centro de referencia de Eurecat para la prestaci\u00f3n de servicios cient\u00edficos y t\u00e9cnicos relacionados con el consumo de alimentos y la salud a las empresas agroalimentarias, \u00e1mbito en el cual en \u00abCatalu\u00f1a existe un importante tejido industrial que se beneficiar\u00e1 de la integraci\u00f3n de esta nueva \u00e1rea de conocimiento\u00bb, ha destacado el presidente de Eurecat, Xavier Torra.<\/p>\n<p>Entre las l\u00edneas de investigaci\u00f3n propias de CTNS, que es un centro de referencia internacional en sus \u00e1reas de especializaci\u00f3n, destaca el descubrimiento de nuevos ingredientes y sus mecanismos de acci\u00f3n, biomarcadores de la homeostasis metab\u00f3lica para la validaci\u00f3n de alegaciones de salud sobre alimentos, influencia de la microbiota en los procesos alimentarios y la nutrici\u00f3n, aplicaciones punteras de las tecnolog\u00edas \u00f3micas en la seguridad alimentaria y se\u00f1alizaci\u00f3n del consumo de frutas y patog\u00e9nesis de la obesidad.<\/p>\n<p>La integraci\u00f3n implica tambi\u00e9n la incorporaci\u00f3n a Eurecat del Centre for <strong><a href=\"http:\/\/omicscentre.com\/\" target=\"_blank\">Omic Scienes<\/a><\/strong> (COS), una infraestructura cient\u00edfico-t\u00e9cnica singular inaugurada en 2013 y equipada con las tecnolog\u00edas m\u00e1s punteras en metabol\u00f3mica y prote\u00f3mica, complementada con tecnolog\u00edas de transcript\u00f3mica y gen\u00f3mica.<\/p>\n<p>Con la integraci\u00f3n, Eurecat ofrecer\u00e1 \u00absoluciones m\u00e1s integrales a las problem\u00e1ticas de innovaci\u00f3n de las empresas del sector\u00bb y \u00abaumentar\u00e1 la oferta tecnol\u00f3gica del Centro Tecnol\u00f3gico de Nutrici\u00f3n y Salud y el n\u00famero de empresas a las que podr\u00e1 dar apoyo\u00bb, ha a\u00f1adido Xavier Torra.<\/p>\n<p>La integraci\u00f3n, ha remarcado, \u00abse inscribe en el compromiso de Eurecat de proveer a las empresas de la tecnolog\u00eda diferencial y el conocimiento avanzado que necesitan para impulsar su competitividad y capacidad de internacionalizaci\u00f3n\u00bb en \u00e1reas estrat\u00e9gicas para la econom\u00eda.<\/p>\n<p>El CTNS fue creado en 2008 como una fundaci\u00f3n impulsada por <strong><a href=\"http:\/\/www.catalonia.com\/en\/\" target=\"_blank\">ACCI\u00d3<\/a><\/strong>, la <strong><a href=\"http:\/\/www.urv.cat\/es_index.html\" target=\"_blank\">Universitat Rovira i Virgili<\/a><\/strong> y otras 16 instituciones y empresas, para dar cobertura a la I+D+i catalana en nutrici\u00f3n y salud. Es un centro TECNIO que ofrece a las empresas agroalimentarias servicios cient\u00edficos y tecnol\u00f3gicos en todo el abanico de aspectos que tienen relaci\u00f3n con el consumo de alimentos y la salud, muy especialmente en el campo de los alimentos funcionales, productos que, m\u00e1s all\u00e1 de nutrir, act\u00faan en la mejora o prevenci\u00f3n de riesgo de patolog\u00edas. En estos momentos, da servicio a m\u00e1s de 40 empresas en temas de salud, agroalimentaci\u00f3n y biotecnolog\u00eda.<\/p>\n<p>Las l\u00edneas de investigaci\u00f3n de Eurecat responden a la estrategia de investigaci\u00f3n e innovaci\u00f3n para la especializaci\u00f3n inteligente de Catalu\u00f1a (<strong><a href=\"http:\/\/catalunya2020.gencat.cat\/ca\/ris3cat\" target=\"_blank\">RIS3CAT<\/a><\/strong>), para el per\u00edodo 2015 hasta 2020, basada en siete \u00e1mbitos sectoriales l\u00edderes: alimentaci\u00f3n, energ\u00eda y recursos, sistemas industriales, industrias basadas en el dise\u00f1o, industrias relacionadas con la movilidad sostenible, industrias de la salud industrias culturales y basadas en la experiencia.<\/p>\n<p><strong>Sobre Eurecat<\/strong><\/p>\n<p>Eurecat, Centro Tecnol\u00f3gico de Catalu\u00f1a (miembro de TECNIO), aglutina la experiencia de <strong>450 profesionales<\/strong> que generan un volumen de ingresos de <strong>40 millones de euros anuales<\/strong> y presta servicio a m\u00e1s de <strong>1.000 empresas<\/strong>. Con instalaciones en Barcelona, Canet de Mar, Cerdanyola del Vall\u00e8s, Girona, Lleida, Manresa, Matar\u00f3 y Reus y con una sede en Brasil, participa a <strong>160 grandes proyectos consorciados de I+D+i<\/strong> nacionales e internacionales de alto valor estrat\u00e9gico y cuenta con <strong>73 patentes<\/strong> y <strong>7 spin-off<\/strong>. El valor a\u00f1adido que proporciona Eurecat <strong>acelera la innovaci\u00f3n<\/strong>, <strong>elimina el gasto en infraestructuras<\/strong> cient\u00edficas y tecnol\u00f3gicas, <strong>reduce los riesgos <\/strong>y proporciona <strong>conocimiento especializado <\/strong>a medida de cada empresa. <strong>M\u00e1s informaci\u00f3n en <\/strong><a href=\"http:\/\/www.eurecat.org\"><strong>www.eurecat.org<\/strong><\/a><\/p>\n<p><strong><em>M\u00e1s informaci\u00f3n:<br \/>\n<\/em><\/strong><\/p>\n<p>Montse Mascar\u00f3<br \/>\nPrensa | Direcci\u00f3n de Comunicaci\u00f3n Corporativa Eurecat<\/p>\n<p>Tel. (+34) 932 381 400 | M\u00f3vil: (+34) 630 425 169<br \/>\nC\/e: <a href=\"mailto:premsa@eurecat.org\" target=\"_blank\">premsa@eurecat.org<\/a> | <a href=\"http:\/\/www.eurecat.org\">www.eurecat.org<\/a><\/p>\n","protected":false},"excerpt":{"rendered":"<p>La operaci\u00f3n ampl\u00eda las capacidades cient\u00edficas y tecnol\u00f3gicas de Eurecat, refuerza la presencia del centro en las comarcas de Tarragona y fija un marco de colaboraci\u00f3n presente y futura con la Universitat Rovira i Virgili Barcelona, 15 de diciembre de 2015.- El Patronato del centro tecnol\u00f3gico Eurecat (miembro de TECNIO) ha aprobado hoy la integraci\u00f3n  [&#8230;]<\/p>\n","protected":false},"author":12,"featured_media":4209,"comment_status":"open","ping_status":"closed","sticky":false,"template":"","format":"standard","meta":{"footnotes":""},"categories":[134,407],"tags":[],"class_list":["post-4211","post","type-post","status-publish","format-standard","has-post-thumbnail","hentry","category-notas-de-prensa","category-nutricion-salud"],"yoast_head":"<!-- This site is optimized with the Yoast SEO plugin v27.5 - https:\/\/yoast.com\/product\/yoast-seo-wordpress\/ -->\n<title>Eurecat integra el Centro Tecnol\u00f3gico de Nutrici\u00f3n y Salud - Eurecat<\/title>\n<meta name=\"description\" content=\"CTNS Centro Tecnol\u00f3gico de Nutrici\u00f3n y Salud\" \/>\n<meta name=\"robots\" content=\"index, follow, max-snippet:-1, max-image-preview:large, max-video-preview:-1\" \/>\n<link rel=\"canonical\" href=\"https:\/\/eurecat.org\/es\/eurecat-integra-el-centro-tecnologico-de-nutricion-y-salud\/\" \/>\n<meta property=\"og:locale\" content=\"es_ES\" \/>\n<meta property=\"og:type\" content=\"article\" \/>\n<meta property=\"og:title\" content=\"Eurecat integra el Centro Tecnol\u00f3gico de Nutrici\u00f3n y Salud - Eurecat\" \/>\n<meta property=\"og:description\" content=\"CTNS Centro Tecnol\u00f3gico de Nutrici\u00f3n y Salud\" \/>\n<meta property=\"og:url\" content=\"https:\/\/eurecat.org\/es\/eurecat-integra-el-centro-tecnologico-de-nutricion-y-salud\/\" \/>\n<meta property=\"og:site_name\" content=\"Eurecat\" \/>\n<meta property=\"article:published_time\" content=\"2015-12-15T18:39:32+00:00\" \/>\n<meta property=\"article:modified_time\" content=\"2016-10-23T16:54:32+00:00\" \/>\n<meta property=\"og:image\" content=\"https:\/\/eurecat.org\/wp-content\/uploads\/2015\/12\/ctns.png\" \/>\n\t<meta property=\"og:image:width\" content=\"646\" \/>\n\t<meta property=\"og:image:height\" content=\"212\" \/>\n\t<meta property=\"og:image:type\" content=\"image\/png\" \/>\n<meta name=\"author\" content=\"EurecatEG\" \/>\n<meta name=\"twitter:card\" content=\"summary_large_image\" \/>\n<meta name=\"twitter:label1\" content=\"Escrito por\" \/>\n\t<meta name=\"twitter:data1\" content=\"EurecatEG\" \/>\n\t<meta name=\"twitter:label2\" content=\"Tiempo de lectura\" \/>\n\t<meta name=\"twitter:data2\" content=\"4 minutos\" \/>\n<script type=\"application\/ld+json\" class=\"yoast-schema-graph\">{\"@context\":\"https:\\\/\\\/schema.org\",\"@graph\":[{\"@type\":\"Article\",\"@id\":\"https:\\\/\\\/eurecat.org\\\/es\\\/eurecat-integra-el-centro-tecnologico-de-nutricion-y-salud\\\/#article\",\"isPartOf\":{\"@id\":\"https:\\\/\\\/eurecat.org\\\/es\\\/eurecat-integra-el-centro-tecnologico-de-nutricion-y-salud\\\/\"},\"author\":{\"name\":\"EurecatEG\",\"@id\":\"https:\\\/\\\/eurecat.org\\\/es\\\/#\\\/schema\\\/person\\\/def9217eded50ee57a9dc4cf0c883f80\"},\"headline\":\"Eurecat integra el Centro Tecnol\u00f3gico de Nutrici\u00f3n y Salud\",\"datePublished\":\"2015-12-15T18:39:32+00:00\",\"dateModified\":\"2016-10-23T16:54:32+00:00\",\"mainEntityOfPage\":{\"@id\":\"https:\\\/\\\/eurecat.org\\\/es\\\/eurecat-integra-el-centro-tecnologico-de-nutricion-y-salud\\\/\"},\"wordCount\":780,\"commentCount\":0,\"image\":{\"@id\":\"https:\\\/\\\/eurecat.org\\\/es\\\/eurecat-integra-el-centro-tecnologico-de-nutricion-y-salud\\\/#primaryimage\"},\"thumbnailUrl\":\"https:\\\/\\\/eurecat.org\\\/wp-content\\\/uploads\\\/2015\\\/12\\\/ctns.png\",\"articleSection\":[\"Notas de prensa\",\"Nutrici\u00f3n y Salud\"],\"inLanguage\":\"es\",\"potentialAction\":[{\"@type\":\"CommentAction\",\"name\":\"Comment\",\"target\":[\"https:\\\/\\\/eurecat.org\\\/es\\\/eurecat-integra-el-centro-tecnologico-de-nutricion-y-salud\\\/#respond\"]}]},{\"@type\":\"WebPage\",\"@id\":\"https:\\\/\\\/eurecat.org\\\/es\\\/eurecat-integra-el-centro-tecnologico-de-nutricion-y-salud\\\/\",\"url\":\"https:\\\/\\\/eurecat.org\\\/es\\\/eurecat-integra-el-centro-tecnologico-de-nutricion-y-salud\\\/\",\"name\":\"Eurecat integra el Centro Tecnol\u00f3gico de Nutrici\u00f3n y Salud - Eurecat\",\"isPartOf\":{\"@id\":\"https:\\\/\\\/eurecat.org\\\/es\\\/#website\"},\"primaryImageOfPage\":{\"@id\":\"https:\\\/\\\/eurecat.org\\\/es\\\/eurecat-integra-el-centro-tecnologico-de-nutricion-y-salud\\\/#primaryimage\"},\"image\":{\"@id\":\"https:\\\/\\\/eurecat.org\\\/es\\\/eurecat-integra-el-centro-tecnologico-de-nutricion-y-salud\\\/#primaryimage\"},\"thumbnailUrl\":\"https:\\\/\\\/eurecat.org\\\/wp-content\\\/uploads\\\/2015\\\/12\\\/ctns.png\",\"datePublished\":\"2015-12-15T18:39:32+00:00\",\"dateModified\":\"2016-10-23T16:54:32+00:00\",\"author\":{\"@id\":\"https:\\\/\\\/eurecat.org\\\/es\\\/#\\\/schema\\\/person\\\/def9217eded50ee57a9dc4cf0c883f80\"},\"description\":\"CTNS Centro Tecnol\u00f3gico de Nutrici\u00f3n y Salud\",\"breadcrumb\":{\"@id\":\"https:\\\/\\\/eurecat.org\\\/es\\\/eurecat-integra-el-centro-tecnologico-de-nutricion-y-salud\\\/#breadcrumb\"},\"inLanguage\":\"es\",\"potentialAction\":[{\"@type\":\"ReadAction\",\"target\":[\"https:\\\/\\\/eurecat.org\\\/es\\\/eurecat-integra-el-centro-tecnologico-de-nutricion-y-salud\\\/\"]}]},{\"@type\":\"ImageObject\",\"inLanguage\":\"es\",\"@id\":\"https:\\\/\\\/eurecat.org\\\/es\\\/eurecat-integra-el-centro-tecnologico-de-nutricion-y-salud\\\/#primaryimage\",\"url\":\"https:\\\/\\\/eurecat.org\\\/wp-content\\\/uploads\\\/2015\\\/12\\\/ctns.png\",\"contentUrl\":\"https:\\\/\\\/eurecat.org\\\/wp-content\\\/uploads\\\/2015\\\/12\\\/ctns.png\",\"width\":646,\"height\":212},{\"@type\":\"BreadcrumbList\",\"@id\":\"https:\\\/\\\/eurecat.org\\\/es\\\/eurecat-integra-el-centro-tecnologico-de-nutricion-y-salud\\\/#breadcrumb\",\"itemListElement\":[{\"@type\":\"ListItem\",\"position\":1,\"name\":\"Inici\",\"item\":\"https:\\\/\\\/eurecat.org\\\/es\\\/\"},{\"@type\":\"ListItem\",\"position\":2,\"name\":\"Eurecat integra el Centro Tecnol\u00f3gico de Nutrici\u00f3n y Salud\"}]},{\"@type\":\"WebSite\",\"@id\":\"https:\\\/\\\/eurecat.org\\\/es\\\/#website\",\"url\":\"https:\\\/\\\/eurecat.org\\\/es\\\/\",\"name\":\"Eurecat\",\"description\":\"Otro sitio realizado con WordPress\",\"potentialAction\":[{\"@type\":\"SearchAction\",\"target\":{\"@type\":\"EntryPoint\",\"urlTemplate\":\"https:\\\/\\\/eurecat.org\\\/es\\\/?s={search_term_string}\"},\"query-input\":{\"@type\":\"PropertyValueSpecification\",\"valueRequired\":true,\"valueName\":\"search_term_string\"}}],\"inLanguage\":\"es\"},{\"@type\":\"Person\",\"@id\":\"https:\\\/\\\/eurecat.org\\\/es\\\/#\\\/schema\\\/person\\\/def9217eded50ee57a9dc4cf0c883f80\",\"name\":\"EurecatEG\",\"image\":{\"@type\":\"ImageObject\",\"inLanguage\":\"es\",\"@id\":\"https:\\\/\\\/secure.gravatar.com\\\/avatar\\\/f40dd9b6ecd3e5c591f3c9b033e495ee0ec9877ba77249fbf268b3889350c824?s=96&d=mm&r=g\",\"url\":\"https:\\\/\\\/secure.gravatar.com\\\/avatar\\\/f40dd9b6ecd3e5c591f3c9b033e495ee0ec9877ba77249fbf268b3889350c824?s=96&d=mm&r=g\",\"contentUrl\":\"https:\\\/\\\/secure.gravatar.com\\\/avatar\\\/f40dd9b6ecd3e5c591f3c9b033e495ee0ec9877ba77249fbf268b3889350c824?s=96&d=mm&r=g\",\"caption\":\"EurecatEG\"}}]}<\/script>\n<!-- \/ Yoast SEO plugin. -->","yoast_head_json":{"title":"Eurecat integra el Centro Tecnol\u00f3gico de Nutrici\u00f3n y Salud - Eurecat","description":"CTNS Centro Tecnol\u00f3gico de Nutrici\u00f3n y Salud","robots":{"index":"index","follow":"follow","max-snippet":"max-snippet:-1","max-image-preview":"max-image-preview:large","max-video-preview":"max-video-preview:-1"},"canonical":"https:\/\/eurecat.org\/es\/eurecat-integra-el-centro-tecnologico-de-nutricion-y-salud\/","og_locale":"es_ES","og_type":"article","og_title":"Eurecat integra el Centro Tecnol\u00f3gico de Nutrici\u00f3n y Salud - Eurecat","og_description":"CTNS Centro Tecnol\u00f3gico de Nutrici\u00f3n y Salud","og_url":"https:\/\/eurecat.org\/es\/eurecat-integra-el-centro-tecnologico-de-nutricion-y-salud\/","og_site_name":"Eurecat","article_published_time":"2015-12-15T18:39:32+00:00","article_modified_time":"2016-10-23T16:54:32+00:00","og_image":[{"width":646,"height":212,"url":"https:\/\/eurecat.org\/wp-content\/uploads\/2015\/12\/ctns.png","type":"image\/png"}],"author":"EurecatEG","twitter_card":"summary_large_image","twitter_misc":{"Escrito por":"EurecatEG","Tiempo de lectura":"4 minutos"},"schema":{"@context":"https:\/\/schema.org","@graph":[{"@type":"Article","@id":"https:\/\/eurecat.org\/es\/eurecat-integra-el-centro-tecnologico-de-nutricion-y-salud\/#article","isPartOf":{"@id":"https:\/\/eurecat.org\/es\/eurecat-integra-el-centro-tecnologico-de-nutricion-y-salud\/"},"author":{"name":"EurecatEG","@id":"https:\/\/eurecat.org\/es\/#\/schema\/person\/def9217eded50ee57a9dc4cf0c883f80"},"headline":"Eurecat integra el Centro Tecnol\u00f3gico de Nutrici\u00f3n y Salud","datePublished":"2015-12-15T18:39:32+00:00","dateModified":"2016-10-23T16:54:32+00:00","mainEntityOfPage":{"@id":"https:\/\/eurecat.org\/es\/eurecat-integra-el-centro-tecnologico-de-nutricion-y-salud\/"},"wordCount":780,"commentCount":0,"image":{"@id":"https:\/\/eurecat.org\/es\/eurecat-integra-el-centro-tecnologico-de-nutricion-y-salud\/#primaryimage"},"thumbnailUrl":"https:\/\/eurecat.org\/wp-content\/uploads\/2015\/12\/ctns.png","articleSection":["Notas de prensa","Nutrici\u00f3n y Salud"],"inLanguage":"es","potentialAction":[{"@type":"CommentAction","name":"Comment","target":["https:\/\/eurecat.org\/es\/eurecat-integra-el-centro-tecnologico-de-nutricion-y-salud\/#respond"]}]},{"@type":"WebPage","@id":"https:\/\/eurecat.org\/es\/eurecat-integra-el-centro-tecnologico-de-nutricion-y-salud\/","url":"https:\/\/eurecat.org\/es\/eurecat-integra-el-centro-tecnologico-de-nutricion-y-salud\/","name":"Eurecat integra el Centro Tecnol\u00f3gico de Nutrici\u00f3n y Salud - Eurecat","isPartOf":{"@id":"https:\/\/eurecat.org\/es\/#website"},"primaryImageOfPage":{"@id":"https:\/\/eurecat.org\/es\/eurecat-integra-el-centro-tecnologico-de-nutricion-y-salud\/#primaryimage"},"image":{"@id":"https:\/\/eurecat.org\/es\/eurecat-integra-el-centro-tecnologico-de-nutricion-y-salud\/#primaryimage"},"thumbnailUrl":"https:\/\/eurecat.org\/wp-content\/uploads\/2015\/12\/ctns.png","datePublished":"2015-12-15T18:39:32+00:00","dateModified":"2016-10-23T16:54:32+00:00","author":{"@id":"https:\/\/eurecat.org\/es\/#\/schema\/person\/def9217eded50ee57a9dc4cf0c883f80"},"description":"CTNS Centro Tecnol\u00f3gico de Nutrici\u00f3n y Salud","breadcrumb":{"@id":"https:\/\/eurecat.org\/es\/eurecat-integra-el-centro-tecnologico-de-nutricion-y-salud\/#breadcrumb"},"inLanguage":"es","potentialAction":[{"@type":"ReadAction","target":["https:\/\/eurecat.org\/es\/eurecat-integra-el-centro-tecnologico-de-nutricion-y-salud\/"]}]},{"@type":"ImageObject","inLanguage":"es","@id":"https:\/\/eurecat.org\/es\/eurecat-integra-el-centro-tecnologico-de-nutricion-y-salud\/#primaryimage","url":"https:\/\/eurecat.org\/wp-content\/uploads\/2015\/12\/ctns.png","contentUrl":"https:\/\/eurecat.org\/wp-content\/uploads\/2015\/12\/ctns.png","width":646,"height":212},{"@type":"BreadcrumbList","@id":"https:\/\/eurecat.org\/es\/eurecat-integra-el-centro-tecnologico-de-nutricion-y-salud\/#breadcrumb","itemListElement":[{"@type":"ListItem","position":1,"name":"Inici","item":"https:\/\/eurecat.org\/es\/"},{"@type":"ListItem","position":2,"name":"Eurecat integra el Centro Tecnol\u00f3gico de Nutrici\u00f3n y Salud"}]},{"@type":"WebSite","@id":"https:\/\/eurecat.org\/es\/#website","url":"https:\/\/eurecat.org\/es\/","name":"Eurecat","description":"Otro sitio realizado con WordPress","potentialAction":[{"@type":"SearchAction","target":{"@type":"EntryPoint","urlTemplate":"https:\/\/eurecat.org\/es\/?s={search_term_string}"},"query-input":{"@type":"PropertyValueSpecification","valueRequired":true,"valueName":"search_term_string"}}],"inLanguage":"es"},{"@type":"Person","@id":"https:\/\/eurecat.org\/es\/#\/schema\/person\/def9217eded50ee57a9dc4cf0c883f80","name":"EurecatEG","image":{"@type":"ImageObject","inLanguage":"es","@id":"https:\/\/secure.gravatar.com\/avatar\/f40dd9b6ecd3e5c591f3c9b033e495ee0ec9877ba77249fbf268b3889350c824?s=96&d=mm&r=g","url":"https:\/\/secure.gravatar.com\/avatar\/f40dd9b6ecd3e5c591f3c9b033e495ee0ec9877ba77249fbf268b3889350c824?s=96&d=mm&r=g","contentUrl":"https:\/\/secure.gravatar.com\/avatar\/f40dd9b6ecd3e5c591f3c9b033e495ee0ec9877ba77249fbf268b3889350c824?s=96&d=mm&r=g","caption":"EurecatEG"}}]}},"_links":{"self":[{"href":"https:\/\/eurecat.org\/es\/wp-json\/wp\/v2\/posts\/4211","targetHints":{"allow":["GET"]}}],"collection":[{"href":"https:\/\/eurecat.org\/es\/wp-json\/wp\/v2\/posts"}],"about":[{"href":"https:\/\/eurecat.org\/es\/wp-json\/wp\/v2\/types\/post"}],"author":[{"embeddable":true,"href":"https:\/\/eurecat.org\/es\/wp-json\/wp\/v2\/users\/12"}],"replies":[{"embeddable":true,"href":"https:\/\/eurecat.org\/es\/wp-json\/wp\/v2\/comments?post=4211"}],"version-history":[{"count":0,"href":"https:\/\/eurecat.org\/es\/wp-json\/wp\/v2\/posts\/4211\/revisions"}],"wp:featuredmedia":[{"embeddable":true,"href":"https:\/\/eurecat.org\/es\/wp-json\/wp\/v2\/media\/4209"}],"wp:attachment":[{"href":"https:\/\/eurecat.org\/es\/wp-json\/wp\/v2\/media?parent=4211"}],"wp:term":[{"taxonomy":"category","embeddable":true,"href":"https:\/\/eurecat.org\/es\/wp-json\/wp\/v2\/categories?post=4211"},{"taxonomy":"post_tag","embeddable":true,"href":"https:\/\/eurecat.org\/es\/wp-json\/wp\/v2\/tags?post=4211"}],"curies":[{"name":"wp","href":"https:\/\/api.w.org\/{rel}","templated":true}]}}