{"id":42236,"date":"2017-11-21T12:26:11","date_gmt":"2017-11-21T12:26:11","guid":{"rendered":"https:\/\/eurecat.org\/jornada-rubindustria\/"},"modified":"2017-11-21T12:43:05","modified_gmt":"2017-11-21T12:43:05","slug":"jornada-rubindustria","status":"publish","type":"post","link":"https:\/\/eurecat.org\/es\/jornada-rubindustria\/","title":{"rendered":"Una jornada abordar\u00e1 en Rub\u00ed los retos de la digitalizaci\u00f3n de la industria"},"content":{"rendered":"<h1 style=\"text-align: center;\"><span style=\"color: #000000;\"><strong>Una jornada abordar\u00e1 en Rub\u00ed los retos de la digitalizaci\u00f3n de la industria<\/strong><\/span><\/h1>\n<ul>\n<li style=\"text-align: center;\">\n<h2><span style=\"color: #000000;\">Eurecat expondr\u00e1 en Rubind\u00fastria 2017 el impacto de la Ind\u00fastria 4.0 en Catalu\u00f1a y Europa.<\/span><\/h2>\n<\/li>\n<\/ul>\n<p><strong><u>Barcelona, 21 de noviembre de 2017.-<\/u> <\/strong>Seis expertos procedentes de distintas unidades del centro tecnol\u00f3gico <a href=\"http:\/\/eurecat.org\/es\">Eurecat<\/a> (miembro de Tecnio) participar\u00e1n el pr\u00f3ximo 30 de noviembre en la ponencia <em>Transformaci\u00f3n digital de la industria y la sociedad, <\/em>que abordar\u00e1 el impacto actual y futuro de la digitalizaci\u00f3n de la industria, encuadrada dentro de la jornada Rubind\u00fastria 2017.<\/p>\n<p>El Ayuntamiento de Rub\u00ed, mediante la Oficina de Servicios a la Empresa (OSE), propone el debate sobre la Industria 4.0 en el marco del Rubind\u00fastria, una jornada especializada en el sector industrial y dirigida a profesionales. En esta segunda edici\u00f3n, el Rubind\u00fastria reprende la reflexi\u00f3n alrededor de la industria 4.0 como uno de los principales retos de la cuarta revoluci\u00f3n industrial.<\/p>\n<p>La jornada empezar\u00e1 con una conferencia a cargo de Roger Font, director de Consultor\u00eda Tecnol\u00f3gica de Eurecat, y Llu\u00eds Surroca, responsable de Consultor\u00eda Digital de Eurecat, que hablar\u00e1n del impacto de la Industria 4.0 en Catalu\u00f1a y a nivel europeo.<\/p>\n<p>Acto seguido, se expondr\u00e1n las experiencias en el \u00e1mbito de la Industria 4.0 en los sectores de la anal\u00edtica de datos y de la automatizaci\u00f3n y la rob\u00f3tica. De un lado, se presentar\u00e1 el sistema predictivo PREVIEW, que reduce en un 20 por ciento el consumo de energ\u00eda en la inyecci\u00f3n de pl\u00e1sticos y aumenta su productividad en un 30 por ciento.<\/p>\n<p>En la misma l\u00ednea, Pepa Sed\u00f3, directora de la Unidad de Automatizaci\u00f3n y Rob\u00f3tica de Eurecat, explicar\u00e1 el proyecto de transformaci\u00f3n de la empresa catalana Hohner Autom\u00e1ticos en el \u00e1mbito de la Industria 4.0, que ha conseguido automatizar la fabricaci\u00f3n de encoders con una capa de inteligencia que permite que sean autoprogramables.<\/p>\n<p>Finalmente, Laura Arribas, responsable de Explotaci\u00f3n y Pol\u00edticas de Innovaci\u00f3n de Eurecat, analizar\u00e1 los retos que presenta esta digitalizaci\u00f3n de la empresa en \u00e1mbitos como la optimizaci\u00f3n de los recursos, la valorizaci\u00f3n de la informaci\u00f3n o la gesti\u00f3n del talento, en un contexto en que la Comisi\u00f3n Europea estima que en 2020 quedar\u00e1n 750.000 puestos de trabajo sin cubrir en el \u00e1mbito de la Industria 4.0 por falta de profesionales cualificados.<\/p>\n","protected":false},"excerpt":{"rendered":"<p>Una jornada abordar\u00e1 en Rub\u00ed los retos de la digitalizaci\u00f3n de la industria Eurecat expondr\u00e1 en Rubind\u00fastria 2017 el impacto de la Ind\u00fastria 4.0 en Catalu\u00f1a y Europa. Barcelona, 21 de noviembre de 2017.- Seis expertos procedentes de distintas unidades del centro tecnol\u00f3gico Eurecat (miembro de Tecnio) participar\u00e1n el pr\u00f3ximo 30 de noviembre en la  [&#8230;]<\/p>\n","protected":false},"author":12,"featured_media":42230,"comment_status":"open","ping_status":"closed","sticky":false,"template":"","format":"standard","meta":{"footnotes":""},"categories":[394,134],"tags":[945,1256],"class_list":["post-42236","post","type-post","status-publish","format-standard","has-post-thumbnail","hentry","category-consultoria-es","category-notas-de-prensa","tag-jornada-es","tag-rubindustria-es"],"yoast_head":"<!-- This site is optimized with the Yoast SEO plugin v27.5 - https:\/\/yoast.com\/product\/yoast-seo-wordpress\/ -->\n<title>Una jornada abordar\u00e1 en Rub\u00ed los retos de la digitalizaci\u00f3n de la industria<\/title>\n<meta name=\"description\" content=\"Eurecat expondr\u00e1 en Rubind\u00fastria 2017 el impacto de la Ind\u00fastria 4.0 en Catalu\u00f1a y Europa.\" \/>\n<meta name=\"robots\" content=\"index, follow, max-snippet:-1, max-image-preview:large, max-video-preview:-1\" \/>\n<link rel=\"canonical\" href=\"https:\/\/eurecat.org\/es\/jornada-rubindustria\/\" \/>\n<meta property=\"og:locale\" content=\"es_ES\" \/>\n<meta property=\"og:type\" content=\"article\" \/>\n<meta property=\"og:title\" content=\"Una jornada abordar\u00e1 en Rub\u00ed los retos de la digitalizaci\u00f3n de la industria\" \/>\n<meta property=\"og:description\" content=\"Eurecat expondr\u00e1 en Rubind\u00fastria 2017 el impacto de la Ind\u00fastria 4.0 en Catalu\u00f1a y Europa.\" \/>\n<meta property=\"og:url\" content=\"https:\/\/eurecat.org\/es\/jornada-rubindustria\/\" \/>\n<meta property=\"og:site_name\" content=\"Eurecat\" \/>\n<meta property=\"article:published_time\" content=\"2017-11-21T12:26:11+00:00\" \/>\n<meta property=\"article:modified_time\" content=\"2017-11-21T12:43:05+00:00\" \/>\n<meta property=\"og:image\" content=\"https:\/\/eurecat.org\/wp-content\/uploads\/2017\/11\/rubindustria.jpg\" \/>\n\t<meta property=\"og:image:width\" content=\"400\" \/>\n\t<meta property=\"og:image:height\" content=\"250\" \/>\n\t<meta property=\"og:image:type\" content=\"image\/jpeg\" \/>\n<meta name=\"author\" content=\"EurecatEG\" \/>\n<meta name=\"twitter:card\" content=\"summary_large_image\" \/>\n<meta name=\"twitter:label1\" content=\"Escrito por\" \/>\n\t<meta name=\"twitter:data1\" content=\"EurecatEG\" \/>\n\t<meta name=\"twitter:label2\" content=\"Tiempo de lectura\" \/>\n\t<meta name=\"twitter:data2\" content=\"2 minutos\" \/>\n<script type=\"application\/ld+json\" class=\"yoast-schema-graph\">{\"@context\":\"https:\\\/\\\/schema.org\",\"@graph\":[{\"@type\":\"Article\",\"@id\":\"https:\\\/\\\/eurecat.org\\\/es\\\/jornada-rubindustria\\\/#article\",\"isPartOf\":{\"@id\":\"https:\\\/\\\/eurecat.org\\\/es\\\/jornada-rubindustria\\\/\"},\"author\":{\"name\":\"EurecatEG\",\"@id\":\"https:\\\/\\\/eurecat.org\\\/es\\\/#\\\/schema\\\/person\\\/def9217eded50ee57a9dc4cf0c883f80\"},\"headline\":\"Una jornada abordar\u00e1 en Rub\u00ed los retos de la digitalizaci\u00f3n de la industria\",\"datePublished\":\"2017-11-21T12:26:11+00:00\",\"dateModified\":\"2017-11-21T12:43:05+00:00\",\"mainEntityOfPage\":{\"@id\":\"https:\\\/\\\/eurecat.org\\\/es\\\/jornada-rubindustria\\\/\"},\"wordCount\":413,\"commentCount\":0,\"image\":{\"@id\":\"https:\\\/\\\/eurecat.org\\\/es\\\/jornada-rubindustria\\\/#primaryimage\"},\"thumbnailUrl\":\"https:\\\/\\\/eurecat.org\\\/wp-content\\\/uploads\\\/2017\\\/11\\\/rubindustria.jpg\",\"keywords\":[\"JORNADA\",\"Rubindustria\"],\"articleSection\":[\"Consultor\u00eda\",\"Notas de prensa\"],\"inLanguage\":\"es\",\"potentialAction\":[{\"@type\":\"CommentAction\",\"name\":\"Comment\",\"target\":[\"https:\\\/\\\/eurecat.org\\\/es\\\/jornada-rubindustria\\\/#respond\"]}]},{\"@type\":\"WebPage\",\"@id\":\"https:\\\/\\\/eurecat.org\\\/es\\\/jornada-rubindustria\\\/\",\"url\":\"https:\\\/\\\/eurecat.org\\\/es\\\/jornada-rubindustria\\\/\",\"name\":\"Una jornada abordar\u00e1 en Rub\u00ed los retos de la digitalizaci\u00f3n de la industria\",\"isPartOf\":{\"@id\":\"https:\\\/\\\/eurecat.org\\\/es\\\/#website\"},\"primaryImageOfPage\":{\"@id\":\"https:\\\/\\\/eurecat.org\\\/es\\\/jornada-rubindustria\\\/#primaryimage\"},\"image\":{\"@id\":\"https:\\\/\\\/eurecat.org\\\/es\\\/jornada-rubindustria\\\/#primaryimage\"},\"thumbnailUrl\":\"https:\\\/\\\/eurecat.org\\\/wp-content\\\/uploads\\\/2017\\\/11\\\/rubindustria.jpg\",\"datePublished\":\"2017-11-21T12:26:11+00:00\",\"dateModified\":\"2017-11-21T12:43:05+00:00\",\"author\":{\"@id\":\"https:\\\/\\\/eurecat.org\\\/es\\\/#\\\/schema\\\/person\\\/def9217eded50ee57a9dc4cf0c883f80\"},\"description\":\"Eurecat expondr\u00e1 en Rubind\u00fastria 2017 el impacto de la Ind\u00fastria 4.0 en Catalu\u00f1a y Europa.\",\"breadcrumb\":{\"@id\":\"https:\\\/\\\/eurecat.org\\\/es\\\/jornada-rubindustria\\\/#breadcrumb\"},\"inLanguage\":\"es\",\"potentialAction\":[{\"@type\":\"ReadAction\",\"target\":[\"https:\\\/\\\/eurecat.org\\\/es\\\/jornada-rubindustria\\\/\"]}]},{\"@type\":\"ImageObject\",\"inLanguage\":\"es\",\"@id\":\"https:\\\/\\\/eurecat.org\\\/es\\\/jornada-rubindustria\\\/#primaryimage\",\"url\":\"https:\\\/\\\/eurecat.org\\\/wp-content\\\/uploads\\\/2017\\\/11\\\/rubindustria.jpg\",\"contentUrl\":\"https:\\\/\\\/eurecat.org\\\/wp-content\\\/uploads\\\/2017\\\/11\\\/rubindustria.jpg\",\"width\":\"400\",\"height\":\"250\"},{\"@type\":\"BreadcrumbList\",\"@id\":\"https:\\\/\\\/eurecat.org\\\/es\\\/jornada-rubindustria\\\/#breadcrumb\",\"itemListElement\":[{\"@type\":\"ListItem\",\"position\":1,\"name\":\"Inici\",\"item\":\"https:\\\/\\\/eurecat.org\\\/es\\\/\"},{\"@type\":\"ListItem\",\"position\":2,\"name\":\"Una jornada abordar\u00e1 en Rub\u00ed los retos de la digitalizaci\u00f3n de la industria\"}]},{\"@type\":\"WebSite\",\"@id\":\"https:\\\/\\\/eurecat.org\\\/es\\\/#website\",\"url\":\"https:\\\/\\\/eurecat.org\\\/es\\\/\",\"name\":\"Eurecat\",\"description\":\"Otro sitio realizado con WordPress\",\"potentialAction\":[{\"@type\":\"SearchAction\",\"target\":{\"@type\":\"EntryPoint\",\"urlTemplate\":\"https:\\\/\\\/eurecat.org\\\/es\\\/?s={search_term_string}\"},\"query-input\":{\"@type\":\"PropertyValueSpecification\",\"valueRequired\":true,\"valueName\":\"search_term_string\"}}],\"inLanguage\":\"es\"},{\"@type\":\"Person\",\"@id\":\"https:\\\/\\\/eurecat.org\\\/es\\\/#\\\/schema\\\/person\\\/def9217eded50ee57a9dc4cf0c883f80\",\"name\":\"EurecatEG\",\"image\":{\"@type\":\"ImageObject\",\"inLanguage\":\"es\",\"@id\":\"https:\\\/\\\/secure.gravatar.com\\\/avatar\\\/f40dd9b6ecd3e5c591f3c9b033e495ee0ec9877ba77249fbf268b3889350c824?s=96&d=mm&r=g\",\"url\":\"https:\\\/\\\/secure.gravatar.com\\\/avatar\\\/f40dd9b6ecd3e5c591f3c9b033e495ee0ec9877ba77249fbf268b3889350c824?s=96&d=mm&r=g\",\"contentUrl\":\"https:\\\/\\\/secure.gravatar.com\\\/avatar\\\/f40dd9b6ecd3e5c591f3c9b033e495ee0ec9877ba77249fbf268b3889350c824?s=96&d=mm&r=g\",\"caption\":\"EurecatEG\"}}]}<\/script>\n<!-- \/ Yoast SEO plugin. -->","yoast_head_json":{"title":"Una jornada abordar\u00e1 en Rub\u00ed los retos de la digitalizaci\u00f3n de la industria","description":"Eurecat expondr\u00e1 en Rubind\u00fastria 2017 el impacto de la Ind\u00fastria 4.0 en Catalu\u00f1a y Europa.","robots":{"index":"index","follow":"follow","max-snippet":"max-snippet:-1","max-image-preview":"max-image-preview:large","max-video-preview":"max-video-preview:-1"},"canonical":"https:\/\/eurecat.org\/es\/jornada-rubindustria\/","og_locale":"es_ES","og_type":"article","og_title":"Una jornada abordar\u00e1 en Rub\u00ed los retos de la digitalizaci\u00f3n de la industria","og_description":"Eurecat expondr\u00e1 en Rubind\u00fastria 2017 el impacto de la Ind\u00fastria 4.0 en Catalu\u00f1a y Europa.","og_url":"https:\/\/eurecat.org\/es\/jornada-rubindustria\/","og_site_name":"Eurecat","article_published_time":"2017-11-21T12:26:11+00:00","article_modified_time":"2017-11-21T12:43:05+00:00","og_image":[{"width":400,"height":250,"url":"https:\/\/eurecat.org\/wp-content\/uploads\/2017\/11\/rubindustria.jpg","type":"image\/jpeg"}],"author":"EurecatEG","twitter_card":"summary_large_image","twitter_misc":{"Escrito por":"EurecatEG","Tiempo de lectura":"2 minutos"},"schema":{"@context":"https:\/\/schema.org","@graph":[{"@type":"Article","@id":"https:\/\/eurecat.org\/es\/jornada-rubindustria\/#article","isPartOf":{"@id":"https:\/\/eurecat.org\/es\/jornada-rubindustria\/"},"author":{"name":"EurecatEG","@id":"https:\/\/eurecat.org\/es\/#\/schema\/person\/def9217eded50ee57a9dc4cf0c883f80"},"headline":"Una jornada abordar\u00e1 en Rub\u00ed los retos de la digitalizaci\u00f3n de la industria","datePublished":"2017-11-21T12:26:11+00:00","dateModified":"2017-11-21T12:43:05+00:00","mainEntityOfPage":{"@id":"https:\/\/eurecat.org\/es\/jornada-rubindustria\/"},"wordCount":413,"commentCount":0,"image":{"@id":"https:\/\/eurecat.org\/es\/jornada-rubindustria\/#primaryimage"},"thumbnailUrl":"https:\/\/eurecat.org\/wp-content\/uploads\/2017\/11\/rubindustria.jpg","keywords":["JORNADA","Rubindustria"],"articleSection":["Consultor\u00eda","Notas de prensa"],"inLanguage":"es","potentialAction":[{"@type":"CommentAction","name":"Comment","target":["https:\/\/eurecat.org\/es\/jornada-rubindustria\/#respond"]}]},{"@type":"WebPage","@id":"https:\/\/eurecat.org\/es\/jornada-rubindustria\/","url":"https:\/\/eurecat.org\/es\/jornada-rubindustria\/","name":"Una jornada abordar\u00e1 en Rub\u00ed los retos de la digitalizaci\u00f3n de la industria","isPartOf":{"@id":"https:\/\/eurecat.org\/es\/#website"},"primaryImageOfPage":{"@id":"https:\/\/eurecat.org\/es\/jornada-rubindustria\/#primaryimage"},"image":{"@id":"https:\/\/eurecat.org\/es\/jornada-rubindustria\/#primaryimage"},"thumbnailUrl":"https:\/\/eurecat.org\/wp-content\/uploads\/2017\/11\/rubindustria.jpg","datePublished":"2017-11-21T12:26:11+00:00","dateModified":"2017-11-21T12:43:05+00:00","author":{"@id":"https:\/\/eurecat.org\/es\/#\/schema\/person\/def9217eded50ee57a9dc4cf0c883f80"},"description":"Eurecat expondr\u00e1 en Rubind\u00fastria 2017 el impacto de la Ind\u00fastria 4.0 en Catalu\u00f1a y Europa.","breadcrumb":{"@id":"https:\/\/eurecat.org\/es\/jornada-rubindustria\/#breadcrumb"},"inLanguage":"es","potentialAction":[{"@type":"ReadAction","target":["https:\/\/eurecat.org\/es\/jornada-rubindustria\/"]}]},{"@type":"ImageObject","inLanguage":"es","@id":"https:\/\/eurecat.org\/es\/jornada-rubindustria\/#primaryimage","url":"https:\/\/eurecat.org\/wp-content\/uploads\/2017\/11\/rubindustria.jpg","contentUrl":"https:\/\/eurecat.org\/wp-content\/uploads\/2017\/11\/rubindustria.jpg","width":"400","height":"250"},{"@type":"BreadcrumbList","@id":"https:\/\/eurecat.org\/es\/jornada-rubindustria\/#breadcrumb","itemListElement":[{"@type":"ListItem","position":1,"name":"Inici","item":"https:\/\/eurecat.org\/es\/"},{"@type":"ListItem","position":2,"name":"Una jornada abordar\u00e1 en Rub\u00ed los retos de la digitalizaci\u00f3n de la industria"}]},{"@type":"WebSite","@id":"https:\/\/eurecat.org\/es\/#website","url":"https:\/\/eurecat.org\/es\/","name":"Eurecat","description":"Otro sitio realizado con WordPress","potentialAction":[{"@type":"SearchAction","target":{"@type":"EntryPoint","urlTemplate":"https:\/\/eurecat.org\/es\/?s={search_term_string}"},"query-input":{"@type":"PropertyValueSpecification","valueRequired":true,"valueName":"search_term_string"}}],"inLanguage":"es"},{"@type":"Person","@id":"https:\/\/eurecat.org\/es\/#\/schema\/person\/def9217eded50ee57a9dc4cf0c883f80","name":"EurecatEG","image":{"@type":"ImageObject","inLanguage":"es","@id":"https:\/\/secure.gravatar.com\/avatar\/f40dd9b6ecd3e5c591f3c9b033e495ee0ec9877ba77249fbf268b3889350c824?s=96&d=mm&r=g","url":"https:\/\/secure.gravatar.com\/avatar\/f40dd9b6ecd3e5c591f3c9b033e495ee0ec9877ba77249fbf268b3889350c824?s=96&d=mm&r=g","contentUrl":"https:\/\/secure.gravatar.com\/avatar\/f40dd9b6ecd3e5c591f3c9b033e495ee0ec9877ba77249fbf268b3889350c824?s=96&d=mm&r=g","caption":"EurecatEG"}}]}},"_links":{"self":[{"href":"https:\/\/eurecat.org\/es\/wp-json\/wp\/v2\/posts\/42236","targetHints":{"allow":["GET"]}}],"collection":[{"href":"https:\/\/eurecat.org\/es\/wp-json\/wp\/v2\/posts"}],"about":[{"href":"https:\/\/eurecat.org\/es\/wp-json\/wp\/v2\/types\/post"}],"author":[{"embeddable":true,"href":"https:\/\/eurecat.org\/es\/wp-json\/wp\/v2\/users\/12"}],"replies":[{"embeddable":true,"href":"https:\/\/eurecat.org\/es\/wp-json\/wp\/v2\/comments?post=42236"}],"version-history":[{"count":0,"href":"https:\/\/eurecat.org\/es\/wp-json\/wp\/v2\/posts\/42236\/revisions"}],"wp:featuredmedia":[{"embeddable":true,"href":"https:\/\/eurecat.org\/es\/wp-json\/wp\/v2\/media\/42230"}],"wp:attachment":[{"href":"https:\/\/eurecat.org\/es\/wp-json\/wp\/v2\/media?parent=42236"}],"wp:term":[{"taxonomy":"category","embeddable":true,"href":"https:\/\/eurecat.org\/es\/wp-json\/wp\/v2\/categories?post=42236"},{"taxonomy":"post_tag","embeddable":true,"href":"https:\/\/eurecat.org\/es\/wp-json\/wp\/v2\/tags?post=42236"}],"curies":[{"name":"wp","href":"https:\/\/api.w.org\/{rel}","templated":true}]}}