{"id":4296,"date":"2015-12-28T08:34:06","date_gmt":"2015-12-28T08:34:06","guid":{"rendered":"http:\/\/eurecat.org\/es\/neix-lassociacio-barcelona-media-alliance\/"},"modified":"2016-10-23T16:54:31","modified_gmt":"2016-10-23T16:54:31","slug":"neix-lassociacio-barcelona-media-alliance","status":"publish","type":"post","link":"https:\/\/eurecat.org\/es\/neix-lassociacio-barcelona-media-alliance\/","title":{"rendered":"Neix l\u2019Associaci\u00f3 Barcelona Media Alliance"},"content":{"rendered":"<h3>amb l\u2019objectiu de promoure la innovaci\u00f3 de les ind\u00fastries culturals i creatives<\/h3>\n<blockquote><p>A Catalunya el sector ocupa 103.332 treballadors i representa el 2 per cent del PIB<\/p><\/blockquote>\n<p><strong><u>Barcelona, 28 de desembre de 2015.-<\/u><\/strong> El centre tecnol\u00f2gic Eurecat (membre de Tecnio) ha impulsat, juntament amb el <span style=\"color: #0000ff;\"><strong><a style=\"color: #0000ff;\" href=\"http:\/\/clusteraudiovisual.cat\/el-cluster\/\" target=\"_blank\">Cluster Audiovisual de Catalunya<\/a><\/strong><\/span>, <span style=\"color: #0000ff;\"><strong><a style=\"color: #0000ff;\" href=\"http:\/\/www.enciclopedia.cat\/\" target=\"_blank\">Enciclop\u00e8dia Catalana<\/a><\/strong><\/span> i <span style=\"color: #0000ff;\"><strong><a style=\"color: #0000ff;\" href=\"http:\/\/www.acceso.com\/\" target=\"_blank\">Acceso Group<\/a><\/strong><\/span>, la constituci\u00f3 de l\u2019associaci\u00f3 Barcelona Media Alliance per promoure la innovaci\u00f3 a les ind\u00fastries culturals i creatives com a mecanisme per refermar la competitivitat i la internacionalitzaci\u00f3 del sector, que a Catalunya ocupa 103.332 treballadors i representa el 2 per cent del PIB.<\/p>\n<p>Barcelona Media Alliance fomentar\u00e0 la cooperaci\u00f3 entre les empreses i les entitats vinculades a les ind\u00fastries culturals i creatives, amb la finalitat d\u2019enfortir la innovaci\u00f3 en el teixit empresarial del sector. Tamb\u00e9 desenvolupar\u00e0 activitats que facilitin la identificaci\u00f3, l\u2019an\u00e0lisi i l\u2019execuci\u00f3 de projectes de recerca i d\u2019innovaci\u00f3 destinats a millorar la capacitat competitiva en aquest \u00e0mbit.<\/p>\n<p>Paral\u00b7lelament, col\u00b7laborar\u00e0 amb els organismes p\u00fablics competents i les diferents iniciatives p\u00fabliques i privades d\u2019impuls del sector, integrant als actors rellevants, amb la vocaci\u00f3 de contribuir al progr\u00e9s productiu, econ\u00f2mic i social de Catalunya. Desenvolupar\u00e0 i gestionar\u00e0 tamb\u00e9 serveis interns que tinguin per finalitat la millora dels nivells d\u2019innovaci\u00f3 dels seus associats i mantindr\u00e0 el contacte amb altres organitzacions del sector, per tal d\u2019intercanviar experi\u00e8ncies i prestar-se m\u00fatua col\u00b7laboraci\u00f3.<\/p>\n<p>Les ind\u00fastries culturals i basades de l\u2019experi\u00e8ncia s\u00f3n un dels set \u00e0mbits sectorials l\u00edder fixats a l\u2019estrat\u00e8gia <span style=\"color: #0000ff;\"><strong><a style=\"color: #0000ff;\" href=\"http:\/\/catalunya2020.gencat.cat\/ca\/ris3cat\/\" target=\"_blank\">RIS3CAT<\/a>,<\/strong><\/span> establerta amb l\u2019objectiu d\u2019impulsar la recerca i la innovaci\u00f3 per a l&#8217;especialitzaci\u00f3 intel\u00b7ligent de Catalunya d\u2019acord amb les exig\u00e8ncies formulades per la UE en aquest sentit. Davant d\u2019aquest repte, Barcelona Media Alliance desenvolupar\u00e0 les seves activitats amb la voluntat d\u2019enfortir aquest paper de lideratge de les ind\u00fastries culturals i creatives en la transformaci\u00f3 de l&#8217;economia catalana cap als objectius 2020.<\/p>\n<p>Aix\u00ed, l\u2019objecte activitat de Barcelona Media Alliance compr\u00e8n les ind\u00fastries culturals i creatives i, molt especialment, l\u2019audiovisual i el multim\u00e8dia, els llibres i la premsa, la publicitat, el patrimoni, arxius i biblioteques, les arts visuals, i les arts esc\u00e8niques i musicals.<\/p>\n<p>Barcelona Media Alliance assumir\u00e0 les activitats de l\u2019AEI Barcelona Media Cluster, amb el prop\u00f2sit de mantenir l\u2019impuls de les iniciatives orientades al foment de la innovaci\u00f3 que ha desenvolupat des de 2007.<\/p>\n<p><strong>Sobre Eurecat<\/strong><\/p>\n<p>Eurecat, Centre Tecnol\u00f2gic de Catalunya (membre de TECNIO), aplega l\u2019experi\u00e8ncia de <strong>450 professionals<\/strong> que generen un volum d\u2019ingressos de <strong>40 milions d\u2019euros anuals<\/strong> i d\u00f3na servei a m\u00e9s de <strong>1.000 empreses<\/strong>. Amb instal\u00b7lacions a Barcelona, Canet de Mar, Cerdanyola del Vall\u00e8s, Girona, Lleida, Manresa, Matar\u00f3 i Reus i amb una seu a Brasil, participa a <strong>160 grans projectes consorciats d\u2019R+D+i<\/strong> nacionals i internacionals d\u2019alt valor estrat\u00e8gic i compta amb <strong>73 patents<\/strong> i <strong>7 spin-off<\/strong>. El valor afegit que proporciona Eurecat <strong>accelera la innovaci\u00f3<\/strong>, <strong>elimina la despesa en infraestructures<\/strong> cient\u00edfiques i tecnol\u00f2giques, <strong>redueix els riscos<\/strong> i proporciona <strong>coneixement especialitzat<\/strong> a mida de cada empresa. <strong>M\u00e9s informaci\u00f3 a <\/strong><span style=\"color: #0000ff;\"><a style=\"color: #0000ff;\" href=\"http:\/\/www.eurecat.org\"><strong>www.eurecat.org<\/strong><\/a><\/span><\/p>\n<p><strong><em>M\u00e9s informaci\u00f3:<br \/>\n<\/em><\/strong><strong>Montse Mascar\u00f3<br \/>\nPremsa | Direcci\u00f3 de Comunicaci\u00f3 Corporativa <\/strong><strong>Eurecat<\/strong><\/p>\n<p><strong>Tel. (+34) 932 381 400 | M\u00f2bil: (+34) 630 425 169<br \/>\nC\/e: <a href=\"mailto:premsa@eurecat.org\" target=\"_blank\">premsa@eurecat.org<\/a> | <span style=\"color: #0000ff;\"><a style=\"color: #0000ff;\" href=\"http:\/\/www.eurecat.org\" target=\"_blank\">www.eurecat.org<\/a><\/span><\/strong><\/p>\n<p>&nbsp;<\/p>\n","protected":false},"excerpt":{"rendered":"<p>amb l\u2019objectiu de promoure la innovaci\u00f3 de les ind\u00fastries culturals i creatives A Catalunya el sector ocupa 103.332 treballadors i representa el 2 per cent del PIB Barcelona, 28 de desembre de 2015.- El centre tecnol\u00f2gic Eurecat (membre de Tecnio) ha impulsat, juntament amb el Cluster Audiovisual de Catalunya, Enciclop\u00e8dia Catalana i Acceso Group, la  [&#8230;]<\/p>\n","protected":false},"author":12,"featured_media":4304,"comment_status":"open","ping_status":"closed","sticky":false,"template":"","format":"standard","meta":{"footnotes":""},"categories":[134,412],"tags":[],"class_list":["post-4296","post","type-post","status-publish","format-standard","has-post-thumbnail","hentry","category-notas-de-prensa","category-tecnologias-audiovisuales"],"yoast_head":"<!-- This site is optimized with the Yoast SEO plugin v27.4 - https:\/\/yoast.com\/product\/yoast-seo-wordpress\/ -->\n<title>Neix l\u2019Associaci\u00f3 Barcelona Media Alliance - Eurecat<\/title>\n<meta name=\"robots\" content=\"index, follow, max-snippet:-1, max-image-preview:large, max-video-preview:-1\" \/>\n<link rel=\"canonical\" href=\"https:\/\/eurecat.org\/es\/neix-lassociacio-barcelona-media-alliance\/\" \/>\n<meta property=\"og:locale\" content=\"es_ES\" \/>\n<meta property=\"og:type\" content=\"article\" \/>\n<meta property=\"og:title\" content=\"Neix l\u2019Associaci\u00f3 Barcelona Media Alliance - Eurecat\" \/>\n<meta property=\"og:description\" content=\"amb l\u2019objectiu de promoure la innovaci\u00f3 de les ind\u00fastries culturals i creatives A Catalunya el sector ocupa 103.332 treballadors i representa el 2 per cent del PIB Barcelona, 28 de desembre de 2015.- El centre tecnol\u00f2gic Eurecat (membre de Tecnio) ha impulsat, juntament amb el Cluster Audiovisual de Catalunya, Enciclop\u00e8dia Catalana i Acceso Group, la [...]\" \/>\n<meta property=\"og:url\" content=\"https:\/\/eurecat.org\/es\/neix-lassociacio-barcelona-media-alliance\/\" \/>\n<meta property=\"og:site_name\" content=\"Eurecat\" \/>\n<meta property=\"article:published_time\" content=\"2015-12-28T08:34:06+00:00\" \/>\n<meta property=\"article:modified_time\" content=\"2016-10-23T16:54:31+00:00\" \/>\n<meta property=\"og:image\" content=\"https:\/\/eurecat.org\/wp-content\/uploads\/2015\/12\/barcelona-media-alliance.jpg\" \/>\n\t<meta property=\"og:image:width\" content=\"1000\" \/>\n\t<meta property=\"og:image:height\" content=\"450\" \/>\n\t<meta property=\"og:image:type\" content=\"image\/jpeg\" \/>\n<meta name=\"author\" content=\"EurecatEG\" \/>\n<meta name=\"twitter:card\" content=\"summary_large_image\" \/>\n<meta name=\"twitter:label1\" content=\"Escrito por\" \/>\n\t<meta name=\"twitter:data1\" content=\"EurecatEG\" \/>\n\t<meta name=\"twitter:label2\" content=\"Tiempo de lectura\" \/>\n\t<meta name=\"twitter:data2\" content=\"3 minutos\" \/>\n<script type=\"application\/ld+json\" class=\"yoast-schema-graph\">{\"@context\":\"https:\\\/\\\/schema.org\",\"@graph\":[{\"@type\":\"Article\",\"@id\":\"https:\\\/\\\/eurecat.org\\\/es\\\/neix-lassociacio-barcelona-media-alliance\\\/#article\",\"isPartOf\":{\"@id\":\"https:\\\/\\\/eurecat.org\\\/es\\\/neix-lassociacio-barcelona-media-alliance\\\/\"},\"author\":{\"name\":\"EurecatEG\",\"@id\":\"https:\\\/\\\/eurecat.org\\\/es\\\/#\\\/schema\\\/person\\\/def9217eded50ee57a9dc4cf0c883f80\"},\"headline\":\"Neix l\u2019Associaci\u00f3 Barcelona Media Alliance\",\"datePublished\":\"2015-12-28T08:34:06+00:00\",\"dateModified\":\"2016-10-23T16:54:31+00:00\",\"mainEntityOfPage\":{\"@id\":\"https:\\\/\\\/eurecat.org\\\/es\\\/neix-lassociacio-barcelona-media-alliance\\\/\"},\"wordCount\":568,\"commentCount\":0,\"image\":{\"@id\":\"https:\\\/\\\/eurecat.org\\\/es\\\/neix-lassociacio-barcelona-media-alliance\\\/#primaryimage\"},\"thumbnailUrl\":\"https:\\\/\\\/eurecat.org\\\/wp-content\\\/uploads\\\/2015\\\/12\\\/barcelona-media-alliance.jpg\",\"articleSection\":[\"Notas de prensa\",\"Tecnolog\u00edas Audiovisuales\"],\"inLanguage\":\"es\",\"potentialAction\":[{\"@type\":\"CommentAction\",\"name\":\"Comment\",\"target\":[\"https:\\\/\\\/eurecat.org\\\/es\\\/neix-lassociacio-barcelona-media-alliance\\\/#respond\"]}]},{\"@type\":\"WebPage\",\"@id\":\"https:\\\/\\\/eurecat.org\\\/es\\\/neix-lassociacio-barcelona-media-alliance\\\/\",\"url\":\"https:\\\/\\\/eurecat.org\\\/es\\\/neix-lassociacio-barcelona-media-alliance\\\/\",\"name\":\"Neix l\u2019Associaci\u00f3 Barcelona Media Alliance - Eurecat\",\"isPartOf\":{\"@id\":\"https:\\\/\\\/eurecat.org\\\/es\\\/#website\"},\"primaryImageOfPage\":{\"@id\":\"https:\\\/\\\/eurecat.org\\\/es\\\/neix-lassociacio-barcelona-media-alliance\\\/#primaryimage\"},\"image\":{\"@id\":\"https:\\\/\\\/eurecat.org\\\/es\\\/neix-lassociacio-barcelona-media-alliance\\\/#primaryimage\"},\"thumbnailUrl\":\"https:\\\/\\\/eurecat.org\\\/wp-content\\\/uploads\\\/2015\\\/12\\\/barcelona-media-alliance.jpg\",\"datePublished\":\"2015-12-28T08:34:06+00:00\",\"dateModified\":\"2016-10-23T16:54:31+00:00\",\"author\":{\"@id\":\"https:\\\/\\\/eurecat.org\\\/es\\\/#\\\/schema\\\/person\\\/def9217eded50ee57a9dc4cf0c883f80\"},\"breadcrumb\":{\"@id\":\"https:\\\/\\\/eurecat.org\\\/es\\\/neix-lassociacio-barcelona-media-alliance\\\/#breadcrumb\"},\"inLanguage\":\"es\",\"potentialAction\":[{\"@type\":\"ReadAction\",\"target\":[\"https:\\\/\\\/eurecat.org\\\/es\\\/neix-lassociacio-barcelona-media-alliance\\\/\"]}]},{\"@type\":\"ImageObject\",\"inLanguage\":\"es\",\"@id\":\"https:\\\/\\\/eurecat.org\\\/es\\\/neix-lassociacio-barcelona-media-alliance\\\/#primaryimage\",\"url\":\"https:\\\/\\\/eurecat.org\\\/wp-content\\\/uploads\\\/2015\\\/12\\\/barcelona-media-alliance.jpg\",\"contentUrl\":\"https:\\\/\\\/eurecat.org\\\/wp-content\\\/uploads\\\/2015\\\/12\\\/barcelona-media-alliance.jpg\",\"width\":1000,\"height\":450},{\"@type\":\"BreadcrumbList\",\"@id\":\"https:\\\/\\\/eurecat.org\\\/es\\\/neix-lassociacio-barcelona-media-alliance\\\/#breadcrumb\",\"itemListElement\":[{\"@type\":\"ListItem\",\"position\":1,\"name\":\"Inici\",\"item\":\"https:\\\/\\\/eurecat.org\\\/es\\\/\"},{\"@type\":\"ListItem\",\"position\":2,\"name\":\"Neix l\u2019Associaci\u00f3 Barcelona Media Alliance\"}]},{\"@type\":\"WebSite\",\"@id\":\"https:\\\/\\\/eurecat.org\\\/es\\\/#website\",\"url\":\"https:\\\/\\\/eurecat.org\\\/es\\\/\",\"name\":\"Eurecat\",\"description\":\"Otro sitio realizado con WordPress\",\"potentialAction\":[{\"@type\":\"SearchAction\",\"target\":{\"@type\":\"EntryPoint\",\"urlTemplate\":\"https:\\\/\\\/eurecat.org\\\/es\\\/?s={search_term_string}\"},\"query-input\":{\"@type\":\"PropertyValueSpecification\",\"valueRequired\":true,\"valueName\":\"search_term_string\"}}],\"inLanguage\":\"es\"},{\"@type\":\"Person\",\"@id\":\"https:\\\/\\\/eurecat.org\\\/es\\\/#\\\/schema\\\/person\\\/def9217eded50ee57a9dc4cf0c883f80\",\"name\":\"EurecatEG\",\"image\":{\"@type\":\"ImageObject\",\"inLanguage\":\"es\",\"@id\":\"https:\\\/\\\/secure.gravatar.com\\\/avatar\\\/f40dd9b6ecd3e5c591f3c9b033e495ee0ec9877ba77249fbf268b3889350c824?s=96&d=mm&r=g\",\"url\":\"https:\\\/\\\/secure.gravatar.com\\\/avatar\\\/f40dd9b6ecd3e5c591f3c9b033e495ee0ec9877ba77249fbf268b3889350c824?s=96&d=mm&r=g\",\"contentUrl\":\"https:\\\/\\\/secure.gravatar.com\\\/avatar\\\/f40dd9b6ecd3e5c591f3c9b033e495ee0ec9877ba77249fbf268b3889350c824?s=96&d=mm&r=g\",\"caption\":\"EurecatEG\"}}]}<\/script>\n<!-- \/ Yoast SEO plugin. -->","yoast_head_json":{"title":"Neix l\u2019Associaci\u00f3 Barcelona Media Alliance - Eurecat","robots":{"index":"index","follow":"follow","max-snippet":"max-snippet:-1","max-image-preview":"max-image-preview:large","max-video-preview":"max-video-preview:-1"},"canonical":"https:\/\/eurecat.org\/es\/neix-lassociacio-barcelona-media-alliance\/","og_locale":"es_ES","og_type":"article","og_title":"Neix l\u2019Associaci\u00f3 Barcelona Media Alliance - Eurecat","og_description":"amb l\u2019objectiu de promoure la innovaci\u00f3 de les ind\u00fastries culturals i creatives A Catalunya el sector ocupa 103.332 treballadors i representa el 2 per cent del PIB Barcelona, 28 de desembre de 2015.- El centre tecnol\u00f2gic Eurecat (membre de Tecnio) ha impulsat, juntament amb el Cluster Audiovisual de Catalunya, Enciclop\u00e8dia Catalana i Acceso Group, la [...]","og_url":"https:\/\/eurecat.org\/es\/neix-lassociacio-barcelona-media-alliance\/","og_site_name":"Eurecat","article_published_time":"2015-12-28T08:34:06+00:00","article_modified_time":"2016-10-23T16:54:31+00:00","og_image":[{"width":1000,"height":450,"url":"https:\/\/eurecat.org\/wp-content\/uploads\/2015\/12\/barcelona-media-alliance.jpg","type":"image\/jpeg"}],"author":"EurecatEG","twitter_card":"summary_large_image","twitter_misc":{"Escrito por":"EurecatEG","Tiempo de lectura":"3 minutos"},"schema":{"@context":"https:\/\/schema.org","@graph":[{"@type":"Article","@id":"https:\/\/eurecat.org\/es\/neix-lassociacio-barcelona-media-alliance\/#article","isPartOf":{"@id":"https:\/\/eurecat.org\/es\/neix-lassociacio-barcelona-media-alliance\/"},"author":{"name":"EurecatEG","@id":"https:\/\/eurecat.org\/es\/#\/schema\/person\/def9217eded50ee57a9dc4cf0c883f80"},"headline":"Neix l\u2019Associaci\u00f3 Barcelona Media Alliance","datePublished":"2015-12-28T08:34:06+00:00","dateModified":"2016-10-23T16:54:31+00:00","mainEntityOfPage":{"@id":"https:\/\/eurecat.org\/es\/neix-lassociacio-barcelona-media-alliance\/"},"wordCount":568,"commentCount":0,"image":{"@id":"https:\/\/eurecat.org\/es\/neix-lassociacio-barcelona-media-alliance\/#primaryimage"},"thumbnailUrl":"https:\/\/eurecat.org\/wp-content\/uploads\/2015\/12\/barcelona-media-alliance.jpg","articleSection":["Notas de prensa","Tecnolog\u00edas Audiovisuales"],"inLanguage":"es","potentialAction":[{"@type":"CommentAction","name":"Comment","target":["https:\/\/eurecat.org\/es\/neix-lassociacio-barcelona-media-alliance\/#respond"]}]},{"@type":"WebPage","@id":"https:\/\/eurecat.org\/es\/neix-lassociacio-barcelona-media-alliance\/","url":"https:\/\/eurecat.org\/es\/neix-lassociacio-barcelona-media-alliance\/","name":"Neix l\u2019Associaci\u00f3 Barcelona Media Alliance - Eurecat","isPartOf":{"@id":"https:\/\/eurecat.org\/es\/#website"},"primaryImageOfPage":{"@id":"https:\/\/eurecat.org\/es\/neix-lassociacio-barcelona-media-alliance\/#primaryimage"},"image":{"@id":"https:\/\/eurecat.org\/es\/neix-lassociacio-barcelona-media-alliance\/#primaryimage"},"thumbnailUrl":"https:\/\/eurecat.org\/wp-content\/uploads\/2015\/12\/barcelona-media-alliance.jpg","datePublished":"2015-12-28T08:34:06+00:00","dateModified":"2016-10-23T16:54:31+00:00","author":{"@id":"https:\/\/eurecat.org\/es\/#\/schema\/person\/def9217eded50ee57a9dc4cf0c883f80"},"breadcrumb":{"@id":"https:\/\/eurecat.org\/es\/neix-lassociacio-barcelona-media-alliance\/#breadcrumb"},"inLanguage":"es","potentialAction":[{"@type":"ReadAction","target":["https:\/\/eurecat.org\/es\/neix-lassociacio-barcelona-media-alliance\/"]}]},{"@type":"ImageObject","inLanguage":"es","@id":"https:\/\/eurecat.org\/es\/neix-lassociacio-barcelona-media-alliance\/#primaryimage","url":"https:\/\/eurecat.org\/wp-content\/uploads\/2015\/12\/barcelona-media-alliance.jpg","contentUrl":"https:\/\/eurecat.org\/wp-content\/uploads\/2015\/12\/barcelona-media-alliance.jpg","width":1000,"height":450},{"@type":"BreadcrumbList","@id":"https:\/\/eurecat.org\/es\/neix-lassociacio-barcelona-media-alliance\/#breadcrumb","itemListElement":[{"@type":"ListItem","position":1,"name":"Inici","item":"https:\/\/eurecat.org\/es\/"},{"@type":"ListItem","position":2,"name":"Neix l\u2019Associaci\u00f3 Barcelona Media Alliance"}]},{"@type":"WebSite","@id":"https:\/\/eurecat.org\/es\/#website","url":"https:\/\/eurecat.org\/es\/","name":"Eurecat","description":"Otro sitio realizado con WordPress","potentialAction":[{"@type":"SearchAction","target":{"@type":"EntryPoint","urlTemplate":"https:\/\/eurecat.org\/es\/?s={search_term_string}"},"query-input":{"@type":"PropertyValueSpecification","valueRequired":true,"valueName":"search_term_string"}}],"inLanguage":"es"},{"@type":"Person","@id":"https:\/\/eurecat.org\/es\/#\/schema\/person\/def9217eded50ee57a9dc4cf0c883f80","name":"EurecatEG","image":{"@type":"ImageObject","inLanguage":"es","@id":"https:\/\/secure.gravatar.com\/avatar\/f40dd9b6ecd3e5c591f3c9b033e495ee0ec9877ba77249fbf268b3889350c824?s=96&d=mm&r=g","url":"https:\/\/secure.gravatar.com\/avatar\/f40dd9b6ecd3e5c591f3c9b033e495ee0ec9877ba77249fbf268b3889350c824?s=96&d=mm&r=g","contentUrl":"https:\/\/secure.gravatar.com\/avatar\/f40dd9b6ecd3e5c591f3c9b033e495ee0ec9877ba77249fbf268b3889350c824?s=96&d=mm&r=g","caption":"EurecatEG"}}]}},"_links":{"self":[{"href":"https:\/\/eurecat.org\/es\/wp-json\/wp\/v2\/posts\/4296","targetHints":{"allow":["GET"]}}],"collection":[{"href":"https:\/\/eurecat.org\/es\/wp-json\/wp\/v2\/posts"}],"about":[{"href":"https:\/\/eurecat.org\/es\/wp-json\/wp\/v2\/types\/post"}],"author":[{"embeddable":true,"href":"https:\/\/eurecat.org\/es\/wp-json\/wp\/v2\/users\/12"}],"replies":[{"embeddable":true,"href":"https:\/\/eurecat.org\/es\/wp-json\/wp\/v2\/comments?post=4296"}],"version-history":[{"count":0,"href":"https:\/\/eurecat.org\/es\/wp-json\/wp\/v2\/posts\/4296\/revisions"}],"wp:featuredmedia":[{"embeddable":true,"href":"https:\/\/eurecat.org\/es\/wp-json\/wp\/v2\/media\/4304"}],"wp:attachment":[{"href":"https:\/\/eurecat.org\/es\/wp-json\/wp\/v2\/media?parent=4296"}],"wp:term":[{"taxonomy":"category","embeddable":true,"href":"https:\/\/eurecat.org\/es\/wp-json\/wp\/v2\/categories?post=4296"},{"taxonomy":"post_tag","embeddable":true,"href":"https:\/\/eurecat.org\/es\/wp-json\/wp\/v2\/tags?post=4296"}],"curies":[{"name":"wp","href":"https:\/\/api.w.org\/{rel}","templated":true}]}}