{"id":4313,"date":"2016-01-12T10:58:55","date_gmt":"2016-01-12T10:58:55","guid":{"rendered":"http:\/\/eurecat.org\/es\/?p=4313"},"modified":"2016-10-23T16:54:30","modified_gmt":"2016-10-23T16:54:30","slug":"expertos-internacionales-analizan-en-barcelona-las-oportunidades-de-la-ropa-inteligente","status":"publish","type":"post","link":"https:\/\/eurecat.org\/es\/expertos-internacionales-analizan-en-barcelona-las-oportunidades-de-la-ropa-inteligente\/","title":{"rendered":"Expertos internacionales analizan en Barcelona las oportunidades de la ropa inteligente"},"content":{"rendered":"<p>Eurecat impulsa la investigaci\u00f3n en wearables para ayudar a la industria catalana a liderar la nueva revoluci\u00f3n del textil<\/p>\n<blockquote><p>Est\u00e1 previsto que las ventas de productos de tecnolog\u00eda incorporada en la ropa lleguen a los 135 millones en 2018.<\/p><\/blockquote>\n<p><strong><u>Barcelona, 12 de enero de 2016.-<\/u> <\/strong>Expertos internacionales analizar\u00e1n el pr\u00f3ximo 20 de enero en Barcelona las oportunidades que ofrecen la ropa y los tejidos inteligentes y funcionales, un campo que est\u00e1 previsto que pase de los 9,7 millones de ventas registradas en 2013 a 135 millones en 2018 y en el cual el centro tecnol\u00f3gico Eurecat est\u00e1 impulsando la investigaci\u00f3n para ayudar a la recuperaci\u00f3n de la industria textil catalana.<\/p>\n<p>Los textiles inteligentes, con una demanda que llega al 75 por ciento en el caso de los j\u00f3venes que dicen que quieren utilizar tecnolog\u00eda incorporada a la ropa, \u00abofrecen importantes oportunidades gracias al desarrollo en la miniaturizaci\u00f3n de componentes electr\u00f3nicos\u00bb, explica el investigador en dise\u00f1o textil, Oscar Tomico, coordinador de la <span style=\"color: #0000ff;\"><a style=\"color: #0000ff;\" href=\"http:\/\/fad.cat\/adi\/blog\/2015\/12\/21\/smart-services-smart-production-smart-textiles\/\">mesa redonda<\/a><\/span>.<\/p>\n<p>Seg\u00fan se\u00f1ala, \u00ablos tejidos funcionales ya se pueden ver en geotextiles, arquitextiles y agrotextiles, pero tambi\u00e9n en la indumentaria profesional o en aplicaciones deportivas y en el campo de la salud\u00bb.<\/p>\n<p>Para que este futuro pueda convertirse en una realidad, afirma, \u00abes necesaria una gran transformaci\u00f3n en la que participen agentes de m\u00faltiples disciplinas y niveles\u00bb, donde \u00abla innovaci\u00f3n debe formar parte tanto del proceso de producci\u00f3n como del proceso de dise\u00f1o o de los modelos de negocio\u00bb.<\/p>\n<p>La mesa redonda, organizada por la <span style=\"color: #0000ff;\"><a style=\"color: #0000ff;\" href=\"http:\/\/www.espana.nlembajada.org\">Embajada Holandesa<\/a><\/span> en colaboraci\u00f3n con <span style=\"color: #0000ff;\"><a style=\"color: #0000ff;\" href=\"http:\/\/adifad.us2.list-manage.com\/track\/click?u=140bef890df49db4de1da3a3a&amp;id=0c85cee1d2&amp;e=cedb4f587a\">ADI-FAD<\/a>,\u00a0<a style=\"color: #0000ff;\" href=\"http:\/\/adifad.us2.list-manage.com\/track\/click?u=140bef890df49db4de1da3a3a&amp;id=715df45f33&amp;e=cedb4f587a\">Eindhoven University of Technology<\/a><\/span> y <span style=\"color: #0000ff;\"><a style=\"color: #0000ff;\" href=\"https:\/\/eurecat.org\">Eurecat<\/a><\/span> (miembro de Tecnio), contar\u00e1 con expertos del mundo textil, el dise\u00f1o de moda o textil, expertos en wearables o tecnolog\u00eda aplicada al sector textil.<\/p>\n<p>El director del Centro de Investigaci\u00f3n y Textil de Canet de Mar, Miquel Soler, presentar\u00e1 las capacidades de tejidos funcionales, y el director general de Negocio de Eurecat, Miquel Rey, compartir\u00e1 la iniciativa <span style=\"color: #0000ff;\"><a style=\"color: #0000ff;\" href=\"https:\/\/eurecat.org\/es\/eurecat\/centres-excellencia\/reimagine-textile\/\">REIMAGINE TEXTILE<\/a><\/span>, la red de colaboraci\u00f3n que conecta los principales agentes para posicionar Catalu\u00f1a como referente en la que ya se denomina nueva revoluci\u00f3n del textil, impulsada por los nuevos materiales, procesos de producci\u00f3n y canales, la proliferaci\u00f3n de datos, dispositivos y sensores y la hiperconectividad.<\/p>\n<p><strong>Para ampliar la informaci\u00f3n sobre la mesa redonda o solicitar entrevistas con Oscar Tomico sobre la ropa inteligente y las oportunidades que ofrece para la industria textil catalana, contacta con el Gabinete de Prensa de Eurecat en el email <span style=\"color: #0000ff;\"><a href=\"mailto:premsa@eurecat.org\">premsa@eurecat.org<\/a><\/span> o el m\u00f3vil 630425169.<\/strong><\/p>\n<p><strong>MESA REDONDA WEARABLES<\/strong><\/p>\n<p>Fecha: 20 de enero de 2016<\/p>\n<p>Hora: De 11:30h a 13:30h<\/p>\n<p>Lugar: Disseny Hub Barcelona<\/p>\n<p><strong>Inscripciones <\/strong><span style=\"color: #0000ff;\"><a style=\"color: #0000ff;\" href=\"http:\/\/3188aee51c6f.fikket.com\/event\/taula-rodona-smart-services-smart-production-smart-textiles\"><strong>aqu\u00ed<\/strong><\/a><\/span><\/p>\n<p><strong>Sobre Eurecat<\/strong><\/p>\n<p>Eurecat, Centro Tecnol\u00f3gico de Catalu\u00f1a (miembro de TECNIO), aglutina la experiencia de m\u00e1s de <strong>450 profesionales<\/strong> que generan un volumen de ingresos de <strong>40 millones de euros anuales<\/strong> y presta servicio a m\u00e1s de <strong>1.000 empresas<\/strong>. Con instalaciones en Barcelona, Canet de Mar, Cerdanyola del Vall\u00e8s, Girona, Lleida, Manresa, Matar\u00f3 y Reus y con una sede en Brasil, participa a <strong>160 grandes proyectos consorciados de I+D+i<\/strong> nacionales e internacionales de alto valor estrat\u00e9gico y cuenta con <strong>79 patentes<\/strong> y <strong>7 spin-off<\/strong>. El valor a\u00f1adido que proporciona Eurecat <strong>acelera la innovaci\u00f3n<\/strong>, <strong>elimina el gasto en infraestructuras<\/strong> cient\u00edficas y tecnol\u00f3gicas, <strong>reduce los riesgos <\/strong>y proporciona <strong>conocimiento especializado <\/strong>a medida de cada empresa. <strong>M\u00e1s informaci\u00f3n en <\/strong><a href=\"http:\/\/www.eurecat.org\"><strong>www.eurecat.org<\/strong><\/a><\/p>\n<p>&nbsp;<\/p>\n<p><strong><em>M\u00e1s informaci\u00f3n:<\/em><\/strong><\/p>\n<p><strong>Montse Mascar\u00f3<br \/>\nPrensa | Direcci\u00f3n de Comunicaci\u00f3n Corporativa <\/strong><strong>Eurecat<\/strong><\/p>\n<p><strong>Tel. (+34) 932 381 400 | M\u00f3vil: (+34) 630 425 169<br \/>\nC\/e: <span style=\"color: #0000ff;\"><a href=\"mailto:premsa@eurecat.org\">premsa@eurecat.org<\/a><\/span> | <span style=\"color: #0000ff;\"><a style=\"color: #0000ff;\" href=\"http:\/\/www.eurecat.org\">www.eurecat.org<\/a><\/span><\/strong><\/p>\n","protected":false},"excerpt":{"rendered":"<p>Eurecat impulsa la investigaci\u00f3n en wearables para ayudar a la industria catalana a liderar la nueva revoluci\u00f3n del textil Est\u00e1 previsto que las ventas de productos de tecnolog\u00eda incorporada en la ropa lleguen a los 135 millones en 2018. Barcelona, 12 de enero de 2016.- Expertos internacionales analizar\u00e1n el pr\u00f3ximo 20 de enero en Barcelona  [&#8230;]<\/p>\n","protected":false},"author":12,"featured_media":4314,"comment_status":"open","ping_status":"closed","sticky":false,"template":"","format":"standard","meta":{"footnotes":""},"categories":[134],"tags":[],"class_list":["post-4313","post","type-post","status-publish","format-standard","has-post-thumbnail","hentry","category-notas-de-prensa"],"yoast_head":"<!-- This site is optimized with the Yoast SEO plugin v27.5 - https:\/\/yoast.com\/product\/yoast-seo-wordpress\/ -->\n<title>Expertos internacionales analizan en Barcelona las oportunidades de la ropa inteligente - Eurecat<\/title>\n<meta name=\"robots\" content=\"index, follow, max-snippet:-1, max-image-preview:large, max-video-preview:-1\" \/>\n<link rel=\"canonical\" href=\"https:\/\/eurecat.org\/es\/expertos-internacionales-analizan-en-barcelona-las-oportunidades-de-la-ropa-inteligente\/\" \/>\n<meta property=\"og:locale\" content=\"es_ES\" \/>\n<meta property=\"og:type\" content=\"article\" \/>\n<meta property=\"og:title\" content=\"Expertos internacionales analizan en Barcelona las oportunidades de la ropa inteligente - Eurecat\" \/>\n<meta property=\"og:description\" content=\"Eurecat impulsa la investigaci\u00f3n en wearables para ayudar a la industria catalana a liderar la nueva revoluci\u00f3n del textil Est\u00e1 previsto que las ventas de productos de tecnolog\u00eda incorporada en la ropa lleguen a los 135 millones en 2018. Barcelona, 12 de enero de 2016.- Expertos internacionales analizar\u00e1n el pr\u00f3ximo 20 de enero en Barcelona [...]\" \/>\n<meta property=\"og:url\" content=\"https:\/\/eurecat.org\/es\/expertos-internacionales-analizan-en-barcelona-las-oportunidades-de-la-ropa-inteligente\/\" \/>\n<meta property=\"og:site_name\" content=\"Eurecat\" \/>\n<meta property=\"article:published_time\" content=\"2016-01-12T10:58:55+00:00\" \/>\n<meta property=\"article:modified_time\" content=\"2016-10-23T16:54:30+00:00\" \/>\n<meta property=\"og:image\" content=\"https:\/\/eurecat.org\/wp-content\/uploads\/2016\/01\/phototrophe-from-TUe-Pauline-and-Philips-Wearable-Solar-copia.jpg\" \/>\n\t<meta property=\"og:image:width\" content=\"690\" \/>\n\t<meta property=\"og:image:height\" content=\"387\" \/>\n\t<meta property=\"og:image:type\" content=\"image\/jpeg\" \/>\n<meta name=\"author\" content=\"EurecatEG\" \/>\n<meta name=\"twitter:card\" content=\"summary_large_image\" \/>\n<meta name=\"twitter:label1\" content=\"Escrito por\" \/>\n\t<meta name=\"twitter:data1\" content=\"EurecatEG\" \/>\n\t<meta name=\"twitter:label2\" content=\"Tiempo de lectura\" \/>\n\t<meta name=\"twitter:data2\" content=\"3 minutos\" \/>\n<script type=\"application\/ld+json\" class=\"yoast-schema-graph\">{\"@context\":\"https:\\\/\\\/schema.org\",\"@graph\":[{\"@type\":\"Article\",\"@id\":\"https:\\\/\\\/eurecat.org\\\/es\\\/expertos-internacionales-analizan-en-barcelona-las-oportunidades-de-la-ropa-inteligente\\\/#article\",\"isPartOf\":{\"@id\":\"https:\\\/\\\/eurecat.org\\\/es\\\/expertos-internacionales-analizan-en-barcelona-las-oportunidades-de-la-ropa-inteligente\\\/\"},\"author\":{\"name\":\"EurecatEG\",\"@id\":\"https:\\\/\\\/eurecat.org\\\/es\\\/#\\\/schema\\\/person\\\/def9217eded50ee57a9dc4cf0c883f80\"},\"headline\":\"Expertos internacionales analizan en Barcelona las oportunidades de la ropa inteligente\",\"datePublished\":\"2016-01-12T10:58:55+00:00\",\"dateModified\":\"2016-10-23T16:54:30+00:00\",\"mainEntityOfPage\":{\"@id\":\"https:\\\/\\\/eurecat.org\\\/es\\\/expertos-internacionales-analizan-en-barcelona-las-oportunidades-de-la-ropa-inteligente\\\/\"},\"wordCount\":611,\"commentCount\":0,\"image\":{\"@id\":\"https:\\\/\\\/eurecat.org\\\/es\\\/expertos-internacionales-analizan-en-barcelona-las-oportunidades-de-la-ropa-inteligente\\\/#primaryimage\"},\"thumbnailUrl\":\"https:\\\/\\\/eurecat.org\\\/wp-content\\\/uploads\\\/2016\\\/01\\\/phototrophe-from-TUe-Pauline-and-Philips-Wearable-Solar-copia.jpg\",\"articleSection\":[\"Notas de prensa\"],\"inLanguage\":\"es\",\"potentialAction\":[{\"@type\":\"CommentAction\",\"name\":\"Comment\",\"target\":[\"https:\\\/\\\/eurecat.org\\\/es\\\/expertos-internacionales-analizan-en-barcelona-las-oportunidades-de-la-ropa-inteligente\\\/#respond\"]}]},{\"@type\":\"WebPage\",\"@id\":\"https:\\\/\\\/eurecat.org\\\/es\\\/expertos-internacionales-analizan-en-barcelona-las-oportunidades-de-la-ropa-inteligente\\\/\",\"url\":\"https:\\\/\\\/eurecat.org\\\/es\\\/expertos-internacionales-analizan-en-barcelona-las-oportunidades-de-la-ropa-inteligente\\\/\",\"name\":\"Expertos internacionales analizan en Barcelona las oportunidades de la ropa inteligente - Eurecat\",\"isPartOf\":{\"@id\":\"https:\\\/\\\/eurecat.org\\\/es\\\/#website\"},\"primaryImageOfPage\":{\"@id\":\"https:\\\/\\\/eurecat.org\\\/es\\\/expertos-internacionales-analizan-en-barcelona-las-oportunidades-de-la-ropa-inteligente\\\/#primaryimage\"},\"image\":{\"@id\":\"https:\\\/\\\/eurecat.org\\\/es\\\/expertos-internacionales-analizan-en-barcelona-las-oportunidades-de-la-ropa-inteligente\\\/#primaryimage\"},\"thumbnailUrl\":\"https:\\\/\\\/eurecat.org\\\/wp-content\\\/uploads\\\/2016\\\/01\\\/phototrophe-from-TUe-Pauline-and-Philips-Wearable-Solar-copia.jpg\",\"datePublished\":\"2016-01-12T10:58:55+00:00\",\"dateModified\":\"2016-10-23T16:54:30+00:00\",\"author\":{\"@id\":\"https:\\\/\\\/eurecat.org\\\/es\\\/#\\\/schema\\\/person\\\/def9217eded50ee57a9dc4cf0c883f80\"},\"breadcrumb\":{\"@id\":\"https:\\\/\\\/eurecat.org\\\/es\\\/expertos-internacionales-analizan-en-barcelona-las-oportunidades-de-la-ropa-inteligente\\\/#breadcrumb\"},\"inLanguage\":\"es\",\"potentialAction\":[{\"@type\":\"ReadAction\",\"target\":[\"https:\\\/\\\/eurecat.org\\\/es\\\/expertos-internacionales-analizan-en-barcelona-las-oportunidades-de-la-ropa-inteligente\\\/\"]}]},{\"@type\":\"ImageObject\",\"inLanguage\":\"es\",\"@id\":\"https:\\\/\\\/eurecat.org\\\/es\\\/expertos-internacionales-analizan-en-barcelona-las-oportunidades-de-la-ropa-inteligente\\\/#primaryimage\",\"url\":\"https:\\\/\\\/eurecat.org\\\/wp-content\\\/uploads\\\/2016\\\/01\\\/phototrophe-from-TUe-Pauline-and-Philips-Wearable-Solar-copia.jpg\",\"contentUrl\":\"https:\\\/\\\/eurecat.org\\\/wp-content\\\/uploads\\\/2016\\\/01\\\/phototrophe-from-TUe-Pauline-and-Philips-Wearable-Solar-copia.jpg\",\"width\":690,\"height\":387},{\"@type\":\"BreadcrumbList\",\"@id\":\"https:\\\/\\\/eurecat.org\\\/es\\\/expertos-internacionales-analizan-en-barcelona-las-oportunidades-de-la-ropa-inteligente\\\/#breadcrumb\",\"itemListElement\":[{\"@type\":\"ListItem\",\"position\":1,\"name\":\"Inici\",\"item\":\"https:\\\/\\\/eurecat.org\\\/es\\\/\"},{\"@type\":\"ListItem\",\"position\":2,\"name\":\"Expertos internacionales analizan en Barcelona las oportunidades de la ropa inteligente\"}]},{\"@type\":\"WebSite\",\"@id\":\"https:\\\/\\\/eurecat.org\\\/es\\\/#website\",\"url\":\"https:\\\/\\\/eurecat.org\\\/es\\\/\",\"name\":\"Eurecat\",\"description\":\"Otro sitio realizado con WordPress\",\"potentialAction\":[{\"@type\":\"SearchAction\",\"target\":{\"@type\":\"EntryPoint\",\"urlTemplate\":\"https:\\\/\\\/eurecat.org\\\/es\\\/?s={search_term_string}\"},\"query-input\":{\"@type\":\"PropertyValueSpecification\",\"valueRequired\":true,\"valueName\":\"search_term_string\"}}],\"inLanguage\":\"es\"},{\"@type\":\"Person\",\"@id\":\"https:\\\/\\\/eurecat.org\\\/es\\\/#\\\/schema\\\/person\\\/def9217eded50ee57a9dc4cf0c883f80\",\"name\":\"EurecatEG\",\"image\":{\"@type\":\"ImageObject\",\"inLanguage\":\"es\",\"@id\":\"https:\\\/\\\/secure.gravatar.com\\\/avatar\\\/f40dd9b6ecd3e5c591f3c9b033e495ee0ec9877ba77249fbf268b3889350c824?s=96&d=mm&r=g\",\"url\":\"https:\\\/\\\/secure.gravatar.com\\\/avatar\\\/f40dd9b6ecd3e5c591f3c9b033e495ee0ec9877ba77249fbf268b3889350c824?s=96&d=mm&r=g\",\"contentUrl\":\"https:\\\/\\\/secure.gravatar.com\\\/avatar\\\/f40dd9b6ecd3e5c591f3c9b033e495ee0ec9877ba77249fbf268b3889350c824?s=96&d=mm&r=g\",\"caption\":\"EurecatEG\"}}]}<\/script>\n<!-- \/ Yoast SEO plugin. -->","yoast_head_json":{"title":"Expertos internacionales analizan en Barcelona las oportunidades de la ropa inteligente - Eurecat","robots":{"index":"index","follow":"follow","max-snippet":"max-snippet:-1","max-image-preview":"max-image-preview:large","max-video-preview":"max-video-preview:-1"},"canonical":"https:\/\/eurecat.org\/es\/expertos-internacionales-analizan-en-barcelona-las-oportunidades-de-la-ropa-inteligente\/","og_locale":"es_ES","og_type":"article","og_title":"Expertos internacionales analizan en Barcelona las oportunidades de la ropa inteligente - Eurecat","og_description":"Eurecat impulsa la investigaci\u00f3n en wearables para ayudar a la industria catalana a liderar la nueva revoluci\u00f3n del textil Est\u00e1 previsto que las ventas de productos de tecnolog\u00eda incorporada en la ropa lleguen a los 135 millones en 2018. Barcelona, 12 de enero de 2016.- Expertos internacionales analizar\u00e1n el pr\u00f3ximo 20 de enero en Barcelona [...]","og_url":"https:\/\/eurecat.org\/es\/expertos-internacionales-analizan-en-barcelona-las-oportunidades-de-la-ropa-inteligente\/","og_site_name":"Eurecat","article_published_time":"2016-01-12T10:58:55+00:00","article_modified_time":"2016-10-23T16:54:30+00:00","og_image":[{"width":690,"height":387,"url":"https:\/\/eurecat.org\/wp-content\/uploads\/2016\/01\/phototrophe-from-TUe-Pauline-and-Philips-Wearable-Solar-copia.jpg","type":"image\/jpeg"}],"author":"EurecatEG","twitter_card":"summary_large_image","twitter_misc":{"Escrito por":"EurecatEG","Tiempo de lectura":"3 minutos"},"schema":{"@context":"https:\/\/schema.org","@graph":[{"@type":"Article","@id":"https:\/\/eurecat.org\/es\/expertos-internacionales-analizan-en-barcelona-las-oportunidades-de-la-ropa-inteligente\/#article","isPartOf":{"@id":"https:\/\/eurecat.org\/es\/expertos-internacionales-analizan-en-barcelona-las-oportunidades-de-la-ropa-inteligente\/"},"author":{"name":"EurecatEG","@id":"https:\/\/eurecat.org\/es\/#\/schema\/person\/def9217eded50ee57a9dc4cf0c883f80"},"headline":"Expertos internacionales analizan en Barcelona las oportunidades de la ropa inteligente","datePublished":"2016-01-12T10:58:55+00:00","dateModified":"2016-10-23T16:54:30+00:00","mainEntityOfPage":{"@id":"https:\/\/eurecat.org\/es\/expertos-internacionales-analizan-en-barcelona-las-oportunidades-de-la-ropa-inteligente\/"},"wordCount":611,"commentCount":0,"image":{"@id":"https:\/\/eurecat.org\/es\/expertos-internacionales-analizan-en-barcelona-las-oportunidades-de-la-ropa-inteligente\/#primaryimage"},"thumbnailUrl":"https:\/\/eurecat.org\/wp-content\/uploads\/2016\/01\/phototrophe-from-TUe-Pauline-and-Philips-Wearable-Solar-copia.jpg","articleSection":["Notas de prensa"],"inLanguage":"es","potentialAction":[{"@type":"CommentAction","name":"Comment","target":["https:\/\/eurecat.org\/es\/expertos-internacionales-analizan-en-barcelona-las-oportunidades-de-la-ropa-inteligente\/#respond"]}]},{"@type":"WebPage","@id":"https:\/\/eurecat.org\/es\/expertos-internacionales-analizan-en-barcelona-las-oportunidades-de-la-ropa-inteligente\/","url":"https:\/\/eurecat.org\/es\/expertos-internacionales-analizan-en-barcelona-las-oportunidades-de-la-ropa-inteligente\/","name":"Expertos internacionales analizan en Barcelona las oportunidades de la ropa inteligente - Eurecat","isPartOf":{"@id":"https:\/\/eurecat.org\/es\/#website"},"primaryImageOfPage":{"@id":"https:\/\/eurecat.org\/es\/expertos-internacionales-analizan-en-barcelona-las-oportunidades-de-la-ropa-inteligente\/#primaryimage"},"image":{"@id":"https:\/\/eurecat.org\/es\/expertos-internacionales-analizan-en-barcelona-las-oportunidades-de-la-ropa-inteligente\/#primaryimage"},"thumbnailUrl":"https:\/\/eurecat.org\/wp-content\/uploads\/2016\/01\/phototrophe-from-TUe-Pauline-and-Philips-Wearable-Solar-copia.jpg","datePublished":"2016-01-12T10:58:55+00:00","dateModified":"2016-10-23T16:54:30+00:00","author":{"@id":"https:\/\/eurecat.org\/es\/#\/schema\/person\/def9217eded50ee57a9dc4cf0c883f80"},"breadcrumb":{"@id":"https:\/\/eurecat.org\/es\/expertos-internacionales-analizan-en-barcelona-las-oportunidades-de-la-ropa-inteligente\/#breadcrumb"},"inLanguage":"es","potentialAction":[{"@type":"ReadAction","target":["https:\/\/eurecat.org\/es\/expertos-internacionales-analizan-en-barcelona-las-oportunidades-de-la-ropa-inteligente\/"]}]},{"@type":"ImageObject","inLanguage":"es","@id":"https:\/\/eurecat.org\/es\/expertos-internacionales-analizan-en-barcelona-las-oportunidades-de-la-ropa-inteligente\/#primaryimage","url":"https:\/\/eurecat.org\/wp-content\/uploads\/2016\/01\/phototrophe-from-TUe-Pauline-and-Philips-Wearable-Solar-copia.jpg","contentUrl":"https:\/\/eurecat.org\/wp-content\/uploads\/2016\/01\/phototrophe-from-TUe-Pauline-and-Philips-Wearable-Solar-copia.jpg","width":690,"height":387},{"@type":"BreadcrumbList","@id":"https:\/\/eurecat.org\/es\/expertos-internacionales-analizan-en-barcelona-las-oportunidades-de-la-ropa-inteligente\/#breadcrumb","itemListElement":[{"@type":"ListItem","position":1,"name":"Inici","item":"https:\/\/eurecat.org\/es\/"},{"@type":"ListItem","position":2,"name":"Expertos internacionales analizan en Barcelona las oportunidades de la ropa inteligente"}]},{"@type":"WebSite","@id":"https:\/\/eurecat.org\/es\/#website","url":"https:\/\/eurecat.org\/es\/","name":"Eurecat","description":"Otro sitio realizado con WordPress","potentialAction":[{"@type":"SearchAction","target":{"@type":"EntryPoint","urlTemplate":"https:\/\/eurecat.org\/es\/?s={search_term_string}"},"query-input":{"@type":"PropertyValueSpecification","valueRequired":true,"valueName":"search_term_string"}}],"inLanguage":"es"},{"@type":"Person","@id":"https:\/\/eurecat.org\/es\/#\/schema\/person\/def9217eded50ee57a9dc4cf0c883f80","name":"EurecatEG","image":{"@type":"ImageObject","inLanguage":"es","@id":"https:\/\/secure.gravatar.com\/avatar\/f40dd9b6ecd3e5c591f3c9b033e495ee0ec9877ba77249fbf268b3889350c824?s=96&d=mm&r=g","url":"https:\/\/secure.gravatar.com\/avatar\/f40dd9b6ecd3e5c591f3c9b033e495ee0ec9877ba77249fbf268b3889350c824?s=96&d=mm&r=g","contentUrl":"https:\/\/secure.gravatar.com\/avatar\/f40dd9b6ecd3e5c591f3c9b033e495ee0ec9877ba77249fbf268b3889350c824?s=96&d=mm&r=g","caption":"EurecatEG"}}]}},"_links":{"self":[{"href":"https:\/\/eurecat.org\/es\/wp-json\/wp\/v2\/posts\/4313","targetHints":{"allow":["GET"]}}],"collection":[{"href":"https:\/\/eurecat.org\/es\/wp-json\/wp\/v2\/posts"}],"about":[{"href":"https:\/\/eurecat.org\/es\/wp-json\/wp\/v2\/types\/post"}],"author":[{"embeddable":true,"href":"https:\/\/eurecat.org\/es\/wp-json\/wp\/v2\/users\/12"}],"replies":[{"embeddable":true,"href":"https:\/\/eurecat.org\/es\/wp-json\/wp\/v2\/comments?post=4313"}],"version-history":[{"count":0,"href":"https:\/\/eurecat.org\/es\/wp-json\/wp\/v2\/posts\/4313\/revisions"}],"wp:featuredmedia":[{"embeddable":true,"href":"https:\/\/eurecat.org\/es\/wp-json\/wp\/v2\/media\/4314"}],"wp:attachment":[{"href":"https:\/\/eurecat.org\/es\/wp-json\/wp\/v2\/media?parent=4313"}],"wp:term":[{"taxonomy":"category","embeddable":true,"href":"https:\/\/eurecat.org\/es\/wp-json\/wp\/v2\/categories?post=4313"},{"taxonomy":"post_tag","embeddable":true,"href":"https:\/\/eurecat.org\/es\/wp-json\/wp\/v2\/tags?post=4313"}],"curies":[{"name":"wp","href":"https:\/\/api.w.org\/{rel}","templated":true}]}}