{"id":45576,"date":"2018-01-08T14:49:33","date_gmt":"2018-01-08T14:49:33","guid":{"rendered":"https:\/\/eurecat.org\/projectes-turistic-2018\/"},"modified":"2018-01-08T14:54:47","modified_gmt":"2018-01-08T14:54:47","slug":"proyectos-turistic-2018","status":"publish","type":"post","link":"https:\/\/eurecat.org\/es\/proyectos-turistic-2018\/","title":{"rendered":"El Forum TurisTIC abordar\u00e1 la tecnolog\u00eda aplicada al turismo cultural, creativo y experiencial"},"content":{"rendered":"<h1 style=\"text-align: center;\"><span style=\"color: #000000;\"><strong>El Forum TurisTIC abordar\u00e1 la tecnolog\u00eda aplicada al turismo cultural, creativo y experiencial<\/strong><\/span><\/h1>\n<h2 style=\"text-align: center;\"><strong><span style=\"color: #000000;\">El congreso ha abierto la candidatura a ponentes y aceptar\u00e1 propuestas hasta el 29 de enero de 2018.<\/span><\/strong><\/h2>\n<h2 style=\"text-align: center;\"><strong><span style=\"color: #000000;\">La sexta edici\u00f3n del Forum TurisTIC se celebrar\u00e1 en Barcelona el 10 y 11 de abril.<\/span><\/strong><\/h2>\n<p><strong><u>Barcelona, 8 de enero de 2018.-<\/u> <\/strong>La sexta edici\u00f3n del <strong><a href=\"https:\/\/www.forumturistic.com\/\">Forum TurisTIC<\/a>,<\/strong> que se celebrar\u00e1 los d\u00edas 10 y 11 de abril en el Auditorio del CaixaForum de Barcelona, mostrar\u00e1 experiencias innovadoras en el sector del turismo cultural, creativo y experiencial a partir de casos reales de empresas tecnol\u00f3gicas y tur\u00edsticas y nuevos proyectos y modelos de negocio en dos jornadas que abordar\u00e1n el presente y futuro del sector mediante casos pr\u00e1cticos.<\/p>\n<p>El congreso, organizado por el centro tecnol\u00f3gico<strong> <a href=\"http:\/\/eurecat.org\/es\">Eurecat<\/a> <\/strong>(miembro de Tecnio) contar\u00e1 con expertos de nivel nacional e internacional, as\u00ed como instituciones p\u00fablicas y asociaciones que mostrar\u00e1n las tendencias, retos, novedades y casos de \u00e9xito en el sector tur\u00edstico desde una vertiente tecnol\u00f3gica.<\/p>\n<p>Los organizadores han abierto el plazo para<strong> <a href=\"https:\/\/www.forumturistic.com\/call-for-projects\/\">presentar candidaturas<\/a> <\/strong>para la ponencia <em>Real Case Shots<\/em> del 10 de abril, donde las empresas seleccionadas podr\u00e1n explicar su experiencia innovadora en turismo ante un p\u00fablico especializado. En la ponencia pueden participar tanto empresas proveedoras de servicios tecnol\u00f3gicos como empresas tur\u00edsticas en los \u00e1mbitos de experiencia tur\u00edstica, comercializaci\u00f3n y marketing y promoci\u00f3n.<\/p>\n<p>Por otro lado, el Forum TurisTIC 2018 contar\u00e1 con una sesi\u00f3n de <em>Elevator Tech Pitch<\/em>, tambi\u00e9n abierta a candidaturas, donde empresas o entidades podr\u00e1n mostrar nuevas soluciones, proyectos y modelos de negocio en el \u00e1mbito del turismo durante la jornada del 11 de abril.<\/p>\n<p>El Forum TurisTIC est\u00e1 promovido por la Generalitat de Catalunya mediante la Agencia Catalana de Turismo y el proyecto SmartCAT, la Diputaci\u00f3n de Barcelona y el Ayuntamiento de Barcelona mediante Barcelona Activa.<\/p>\n","protected":false},"excerpt":{"rendered":"<p>El Forum TurisTIC abordar\u00e1 la tecnolog\u00eda aplicada al turismo cultural, creativo y experiencial El congreso ha abierto la candidatura a ponentes y aceptar\u00e1 propuestas hasta el 29 de enero de 2018. La sexta edici\u00f3n del Forum TurisTIC se celebrar\u00e1 en Barcelona el 10 y 11 de abril. Barcelona, 8 de enero de 2018.- La sexta  [&#8230;]<\/p>\n","protected":false},"author":12,"featured_media":45573,"comment_status":"open","ping_status":"closed","sticky":false,"template":"","format":"standard","meta":{"footnotes":""},"categories":[702,134],"tags":[756],"class_list":["post-45576","post","type-post","status-publish","format-standard","has-post-thumbnail","hentry","category-eventos","category-notas-de-prensa","tag-turistic-es"],"yoast_head":"<!-- This site is optimized with the Yoast SEO plugin v27.5 - https:\/\/yoast.com\/product\/yoast-seo-wordpress\/ -->\n<title>El TurisTIC 2018 abordar\u00e1 la tecnolog\u00eda aplicada al turismo<\/title>\n<meta name=\"description\" content=\"El congreso, que se celebrar\u00e1 el 10 y 11 de abril en Barcelona organizado por Eurecat, ha abierto la candidatura ponentes hasta el 29 de enero de 2018.\" \/>\n<meta name=\"robots\" content=\"index, follow, max-snippet:-1, max-image-preview:large, max-video-preview:-1\" \/>\n<link rel=\"canonical\" href=\"https:\/\/eurecat.org\/es\/proyectos-turistic-2018\/\" \/>\n<meta property=\"og:locale\" content=\"es_ES\" \/>\n<meta property=\"og:type\" content=\"article\" \/>\n<meta property=\"og:title\" content=\"El TurisTIC 2018 abordar\u00e1 la tecnolog\u00eda aplicada al turismo\" \/>\n<meta property=\"og:description\" content=\"El congreso, que se celebrar\u00e1 el 10 y 11 de abril en Barcelona organizado por Eurecat, ha abierto la candidatura ponentes hasta el 29 de enero de 2018.\" \/>\n<meta property=\"og:url\" content=\"https:\/\/eurecat.org\/es\/proyectos-turistic-2018\/\" \/>\n<meta property=\"og:site_name\" content=\"Eurecat\" \/>\n<meta property=\"article:published_time\" content=\"2018-01-08T14:49:33+00:00\" \/>\n<meta property=\"article:modified_time\" content=\"2018-01-08T14:54:47+00:00\" \/>\n<meta property=\"og:image\" content=\"https:\/\/eurecat.org\/wp-content\/uploads\/2018\/01\/Projects_TurisTIC_2018.jpg\" \/>\n\t<meta property=\"og:image:width\" content=\"1200\" \/>\n\t<meta property=\"og:image:height\" content=\"800\" \/>\n\t<meta property=\"og:image:type\" content=\"image\/jpeg\" \/>\n<meta name=\"author\" content=\"EurecatEG\" \/>\n<meta name=\"twitter:card\" content=\"summary_large_image\" \/>\n<meta name=\"twitter:label1\" content=\"Escrito por\" \/>\n\t<meta name=\"twitter:data1\" content=\"EurecatEG\" \/>\n\t<meta name=\"twitter:label2\" content=\"Tiempo de lectura\" \/>\n\t<meta name=\"twitter:data2\" content=\"2 minutos\" \/>\n<script type=\"application\/ld+json\" class=\"yoast-schema-graph\">{\"@context\":\"https:\\\/\\\/schema.org\",\"@graph\":[{\"@type\":\"Article\",\"@id\":\"https:\\\/\\\/eurecat.org\\\/es\\\/proyectos-turistic-2018\\\/#article\",\"isPartOf\":{\"@id\":\"https:\\\/\\\/eurecat.org\\\/es\\\/proyectos-turistic-2018\\\/\"},\"author\":{\"name\":\"EurecatEG\",\"@id\":\"https:\\\/\\\/eurecat.org\\\/es\\\/#\\\/schema\\\/person\\\/def9217eded50ee57a9dc4cf0c883f80\"},\"headline\":\"El Forum TurisTIC abordar\u00e1 la tecnolog\u00eda aplicada al turismo cultural, creativo y experiencial\",\"datePublished\":\"2018-01-08T14:49:33+00:00\",\"dateModified\":\"2018-01-08T14:54:47+00:00\",\"mainEntityOfPage\":{\"@id\":\"https:\\\/\\\/eurecat.org\\\/es\\\/proyectos-turistic-2018\\\/\"},\"wordCount\":325,\"commentCount\":0,\"image\":{\"@id\":\"https:\\\/\\\/eurecat.org\\\/es\\\/proyectos-turistic-2018\\\/#primaryimage\"},\"thumbnailUrl\":\"https:\\\/\\\/eurecat.org\\\/wp-content\\\/uploads\\\/2018\\\/01\\\/Projects_TurisTIC_2018.jpg\",\"keywords\":[\"TurisTIC\"],\"articleSection\":[\"Eventos\",\"Notas de prensa\"],\"inLanguage\":\"es\",\"potentialAction\":[{\"@type\":\"CommentAction\",\"name\":\"Comment\",\"target\":[\"https:\\\/\\\/eurecat.org\\\/es\\\/proyectos-turistic-2018\\\/#respond\"]}]},{\"@type\":\"WebPage\",\"@id\":\"https:\\\/\\\/eurecat.org\\\/es\\\/proyectos-turistic-2018\\\/\",\"url\":\"https:\\\/\\\/eurecat.org\\\/es\\\/proyectos-turistic-2018\\\/\",\"name\":\"El TurisTIC 2018 abordar\u00e1 la tecnolog\u00eda aplicada al turismo\",\"isPartOf\":{\"@id\":\"https:\\\/\\\/eurecat.org\\\/es\\\/#website\"},\"primaryImageOfPage\":{\"@id\":\"https:\\\/\\\/eurecat.org\\\/es\\\/proyectos-turistic-2018\\\/#primaryimage\"},\"image\":{\"@id\":\"https:\\\/\\\/eurecat.org\\\/es\\\/proyectos-turistic-2018\\\/#primaryimage\"},\"thumbnailUrl\":\"https:\\\/\\\/eurecat.org\\\/wp-content\\\/uploads\\\/2018\\\/01\\\/Projects_TurisTIC_2018.jpg\",\"datePublished\":\"2018-01-08T14:49:33+00:00\",\"dateModified\":\"2018-01-08T14:54:47+00:00\",\"author\":{\"@id\":\"https:\\\/\\\/eurecat.org\\\/es\\\/#\\\/schema\\\/person\\\/def9217eded50ee57a9dc4cf0c883f80\"},\"description\":\"El congreso, que se celebrar\u00e1 el 10 y 11 de abril en Barcelona organizado por Eurecat, ha abierto la candidatura ponentes hasta el 29 de enero de 2018.\",\"breadcrumb\":{\"@id\":\"https:\\\/\\\/eurecat.org\\\/es\\\/proyectos-turistic-2018\\\/#breadcrumb\"},\"inLanguage\":\"es\",\"potentialAction\":[{\"@type\":\"ReadAction\",\"target\":[\"https:\\\/\\\/eurecat.org\\\/es\\\/proyectos-turistic-2018\\\/\"]}]},{\"@type\":\"ImageObject\",\"inLanguage\":\"es\",\"@id\":\"https:\\\/\\\/eurecat.org\\\/es\\\/proyectos-turistic-2018\\\/#primaryimage\",\"url\":\"https:\\\/\\\/eurecat.org\\\/wp-content\\\/uploads\\\/2018\\\/01\\\/Projects_TurisTIC_2018.jpg\",\"contentUrl\":\"https:\\\/\\\/eurecat.org\\\/wp-content\\\/uploads\\\/2018\\\/01\\\/Projects_TurisTIC_2018.jpg\",\"width\":1200,\"height\":800},{\"@type\":\"BreadcrumbList\",\"@id\":\"https:\\\/\\\/eurecat.org\\\/es\\\/proyectos-turistic-2018\\\/#breadcrumb\",\"itemListElement\":[{\"@type\":\"ListItem\",\"position\":1,\"name\":\"Inici\",\"item\":\"https:\\\/\\\/eurecat.org\\\/es\\\/\"},{\"@type\":\"ListItem\",\"position\":2,\"name\":\"El Forum TurisTIC abordar\u00e1 la tecnolog\u00eda aplicada al turismo cultural, creativo y experiencial\"}]},{\"@type\":\"WebSite\",\"@id\":\"https:\\\/\\\/eurecat.org\\\/es\\\/#website\",\"url\":\"https:\\\/\\\/eurecat.org\\\/es\\\/\",\"name\":\"Eurecat\",\"description\":\"Otro sitio realizado con WordPress\",\"potentialAction\":[{\"@type\":\"SearchAction\",\"target\":{\"@type\":\"EntryPoint\",\"urlTemplate\":\"https:\\\/\\\/eurecat.org\\\/es\\\/?s={search_term_string}\"},\"query-input\":{\"@type\":\"PropertyValueSpecification\",\"valueRequired\":true,\"valueName\":\"search_term_string\"}}],\"inLanguage\":\"es\"},{\"@type\":\"Person\",\"@id\":\"https:\\\/\\\/eurecat.org\\\/es\\\/#\\\/schema\\\/person\\\/def9217eded50ee57a9dc4cf0c883f80\",\"name\":\"EurecatEG\",\"image\":{\"@type\":\"ImageObject\",\"inLanguage\":\"es\",\"@id\":\"https:\\\/\\\/secure.gravatar.com\\\/avatar\\\/f40dd9b6ecd3e5c591f3c9b033e495ee0ec9877ba77249fbf268b3889350c824?s=96&d=mm&r=g\",\"url\":\"https:\\\/\\\/secure.gravatar.com\\\/avatar\\\/f40dd9b6ecd3e5c591f3c9b033e495ee0ec9877ba77249fbf268b3889350c824?s=96&d=mm&r=g\",\"contentUrl\":\"https:\\\/\\\/secure.gravatar.com\\\/avatar\\\/f40dd9b6ecd3e5c591f3c9b033e495ee0ec9877ba77249fbf268b3889350c824?s=96&d=mm&r=g\",\"caption\":\"EurecatEG\"}}]}<\/script>\n<!-- \/ Yoast SEO plugin. -->","yoast_head_json":{"title":"El TurisTIC 2018 abordar\u00e1 la tecnolog\u00eda aplicada al turismo","description":"El congreso, que se celebrar\u00e1 el 10 y 11 de abril en Barcelona organizado por Eurecat, ha abierto la candidatura ponentes hasta el 29 de enero de 2018.","robots":{"index":"index","follow":"follow","max-snippet":"max-snippet:-1","max-image-preview":"max-image-preview:large","max-video-preview":"max-video-preview:-1"},"canonical":"https:\/\/eurecat.org\/es\/proyectos-turistic-2018\/","og_locale":"es_ES","og_type":"article","og_title":"El TurisTIC 2018 abordar\u00e1 la tecnolog\u00eda aplicada al turismo","og_description":"El congreso, que se celebrar\u00e1 el 10 y 11 de abril en Barcelona organizado por Eurecat, ha abierto la candidatura ponentes hasta el 29 de enero de 2018.","og_url":"https:\/\/eurecat.org\/es\/proyectos-turistic-2018\/","og_site_name":"Eurecat","article_published_time":"2018-01-08T14:49:33+00:00","article_modified_time":"2018-01-08T14:54:47+00:00","og_image":[{"width":1200,"height":800,"url":"https:\/\/eurecat.org\/wp-content\/uploads\/2018\/01\/Projects_TurisTIC_2018.jpg","type":"image\/jpeg"}],"author":"EurecatEG","twitter_card":"summary_large_image","twitter_misc":{"Escrito por":"EurecatEG","Tiempo de lectura":"2 minutos"},"schema":{"@context":"https:\/\/schema.org","@graph":[{"@type":"Article","@id":"https:\/\/eurecat.org\/es\/proyectos-turistic-2018\/#article","isPartOf":{"@id":"https:\/\/eurecat.org\/es\/proyectos-turistic-2018\/"},"author":{"name":"EurecatEG","@id":"https:\/\/eurecat.org\/es\/#\/schema\/person\/def9217eded50ee57a9dc4cf0c883f80"},"headline":"El Forum TurisTIC abordar\u00e1 la tecnolog\u00eda aplicada al turismo cultural, creativo y experiencial","datePublished":"2018-01-08T14:49:33+00:00","dateModified":"2018-01-08T14:54:47+00:00","mainEntityOfPage":{"@id":"https:\/\/eurecat.org\/es\/proyectos-turistic-2018\/"},"wordCount":325,"commentCount":0,"image":{"@id":"https:\/\/eurecat.org\/es\/proyectos-turistic-2018\/#primaryimage"},"thumbnailUrl":"https:\/\/eurecat.org\/wp-content\/uploads\/2018\/01\/Projects_TurisTIC_2018.jpg","keywords":["TurisTIC"],"articleSection":["Eventos","Notas de prensa"],"inLanguage":"es","potentialAction":[{"@type":"CommentAction","name":"Comment","target":["https:\/\/eurecat.org\/es\/proyectos-turistic-2018\/#respond"]}]},{"@type":"WebPage","@id":"https:\/\/eurecat.org\/es\/proyectos-turistic-2018\/","url":"https:\/\/eurecat.org\/es\/proyectos-turistic-2018\/","name":"El TurisTIC 2018 abordar\u00e1 la tecnolog\u00eda aplicada al turismo","isPartOf":{"@id":"https:\/\/eurecat.org\/es\/#website"},"primaryImageOfPage":{"@id":"https:\/\/eurecat.org\/es\/proyectos-turistic-2018\/#primaryimage"},"image":{"@id":"https:\/\/eurecat.org\/es\/proyectos-turistic-2018\/#primaryimage"},"thumbnailUrl":"https:\/\/eurecat.org\/wp-content\/uploads\/2018\/01\/Projects_TurisTIC_2018.jpg","datePublished":"2018-01-08T14:49:33+00:00","dateModified":"2018-01-08T14:54:47+00:00","author":{"@id":"https:\/\/eurecat.org\/es\/#\/schema\/person\/def9217eded50ee57a9dc4cf0c883f80"},"description":"El congreso, que se celebrar\u00e1 el 10 y 11 de abril en Barcelona organizado por Eurecat, ha abierto la candidatura ponentes hasta el 29 de enero de 2018.","breadcrumb":{"@id":"https:\/\/eurecat.org\/es\/proyectos-turistic-2018\/#breadcrumb"},"inLanguage":"es","potentialAction":[{"@type":"ReadAction","target":["https:\/\/eurecat.org\/es\/proyectos-turistic-2018\/"]}]},{"@type":"ImageObject","inLanguage":"es","@id":"https:\/\/eurecat.org\/es\/proyectos-turistic-2018\/#primaryimage","url":"https:\/\/eurecat.org\/wp-content\/uploads\/2018\/01\/Projects_TurisTIC_2018.jpg","contentUrl":"https:\/\/eurecat.org\/wp-content\/uploads\/2018\/01\/Projects_TurisTIC_2018.jpg","width":1200,"height":800},{"@type":"BreadcrumbList","@id":"https:\/\/eurecat.org\/es\/proyectos-turistic-2018\/#breadcrumb","itemListElement":[{"@type":"ListItem","position":1,"name":"Inici","item":"https:\/\/eurecat.org\/es\/"},{"@type":"ListItem","position":2,"name":"El Forum TurisTIC abordar\u00e1 la tecnolog\u00eda aplicada al turismo cultural, creativo y experiencial"}]},{"@type":"WebSite","@id":"https:\/\/eurecat.org\/es\/#website","url":"https:\/\/eurecat.org\/es\/","name":"Eurecat","description":"Otro sitio realizado con WordPress","potentialAction":[{"@type":"SearchAction","target":{"@type":"EntryPoint","urlTemplate":"https:\/\/eurecat.org\/es\/?s={search_term_string}"},"query-input":{"@type":"PropertyValueSpecification","valueRequired":true,"valueName":"search_term_string"}}],"inLanguage":"es"},{"@type":"Person","@id":"https:\/\/eurecat.org\/es\/#\/schema\/person\/def9217eded50ee57a9dc4cf0c883f80","name":"EurecatEG","image":{"@type":"ImageObject","inLanguage":"es","@id":"https:\/\/secure.gravatar.com\/avatar\/f40dd9b6ecd3e5c591f3c9b033e495ee0ec9877ba77249fbf268b3889350c824?s=96&d=mm&r=g","url":"https:\/\/secure.gravatar.com\/avatar\/f40dd9b6ecd3e5c591f3c9b033e495ee0ec9877ba77249fbf268b3889350c824?s=96&d=mm&r=g","contentUrl":"https:\/\/secure.gravatar.com\/avatar\/f40dd9b6ecd3e5c591f3c9b033e495ee0ec9877ba77249fbf268b3889350c824?s=96&d=mm&r=g","caption":"EurecatEG"}}]}},"_links":{"self":[{"href":"https:\/\/eurecat.org\/es\/wp-json\/wp\/v2\/posts\/45576","targetHints":{"allow":["GET"]}}],"collection":[{"href":"https:\/\/eurecat.org\/es\/wp-json\/wp\/v2\/posts"}],"about":[{"href":"https:\/\/eurecat.org\/es\/wp-json\/wp\/v2\/types\/post"}],"author":[{"embeddable":true,"href":"https:\/\/eurecat.org\/es\/wp-json\/wp\/v2\/users\/12"}],"replies":[{"embeddable":true,"href":"https:\/\/eurecat.org\/es\/wp-json\/wp\/v2\/comments?post=45576"}],"version-history":[{"count":0,"href":"https:\/\/eurecat.org\/es\/wp-json\/wp\/v2\/posts\/45576\/revisions"}],"wp:featuredmedia":[{"embeddable":true,"href":"https:\/\/eurecat.org\/es\/wp-json\/wp\/v2\/media\/45573"}],"wp:attachment":[{"href":"https:\/\/eurecat.org\/es\/wp-json\/wp\/v2\/media?parent=45576"}],"wp:term":[{"taxonomy":"category","embeddable":true,"href":"https:\/\/eurecat.org\/es\/wp-json\/wp\/v2\/categories?post=45576"},{"taxonomy":"post_tag","embeddable":true,"href":"https:\/\/eurecat.org\/es\/wp-json\/wp\/v2\/tags?post=45576"}],"curies":[{"name":"wp","href":"https:\/\/api.w.org\/{rel}","templated":true}]}}