{"id":46462,"date":"2018-01-17T16:15:29","date_gmt":"2018-01-17T16:15:29","guid":{"rendered":"https:\/\/eurecat.org\/datathon-aire\/"},"modified":"2018-01-17T16:17:47","modified_gmt":"2018-01-17T16:17:47","slug":"datathon-aire","status":"publish","type":"post","link":"https:\/\/eurecat.org\/es\/datathon-aire\/","title":{"rendered":"Datathon sobre la calidad del aire en Barcelona"},"content":{"rendered":"<h1 style=\"text-align: center;\"><span style=\"color: #000000;\"><strong>Datathon sobre la calidad del aire en Barcelona<\/strong><\/span><\/h1>\n<ul>\n<li style=\"text-align: center;\">\n<h2><span style=\"color: #000000;\">Sesenta cient\u00edficos, analistas de datos, estad\u00edsticos y matem\u00e1ticos preocupados por el medio ambiente se reunir\u00e1n el pr\u00f3ximo fin de semana en el CCCB dispuestos a mejorar el sistema de predicci\u00f3n de la calidad del aire en Barcelona.<\/span><\/h2>\n<\/li>\n<\/ul>\n<p><strong><u>Barcelona, 17 de enero de 2018.-<\/u> <\/strong>A ra\u00edz de la exposici\u00f3n <a href=\"http:\/\/www.cccb.org\/ca\/exposicions\/fitxa\/despres-de-la-fi-del-mon\/224747\">Despu\u00e9s del fin del mundo<\/a>, que puede visitarse hasta el 29 de abril de 2018 en el <strong>CCCB, BCN Analytics, Barcelona Supercomputing Center, Big Data CoE de Eurecat, Leitat <\/strong>y el propio CCCB organizan <strong>la primera <\/strong><a href=\"http:\/\/www.cccb.org\/ca\/activitats\/fitxa\/datathon-sobre-qualitat-de-laire-a-barcelona\/227186\"><strong>Datathon sobre calidad del aire en la ciudad de Barcelona<\/strong><\/a><strong>.<\/strong><\/p>\n<p>El s\u00e1bado <strong>20 de enero de 10 a 20 h y el domingo 21 de enero de 10 a 14 h<\/strong> sesenta cient\u00edficos, analistas de datos, estad\u00edsticos y matem\u00e1ticos preocupados por el medio ambiente se reunir\u00e1n en el CCCB dispuestos a mejorar el sistema de predicci\u00f3n de la calidad del aire en Barcelona, as\u00ed como su comprensi\u00f3n.<\/p>\n<p>El objetivo de la datathon es intentar mejorar un modelo predictivo de la calidad del aire de Barcelona a partir de la observaci\u00f3n de los datos recogidos en siete estaciones de la ciudad.<\/p>\n<p>En total participar\u00e1n 12 equipos, cada uno de ellos formado por 4 o 5 personas. Los miembros de los equipos provienen de disciplinas diversas: matem\u00e1ticas, estad\u00edstica, econometr\u00eda y otros \u00e1mbitos similares. Todos ellos tienen experiencia en el tratamiento de datos con modelos estad\u00edsticos y con herramientas de anal\u00edtica avanzada.<\/p>\n<p>El dataset que se les proporcionar\u00e1 contiene informaci\u00f3n del sistema de pron\u00f3stico de calidad del aire CALIOPE (www.bsc.es\/caliope) y los datos de observaciones proporcionados por la red EIONET (<a href=\"https:\/\/www.eionet.europa.eu\/\">https:\/\/www.eionet.europa.eu\/<\/a>) de los a\u00f1os 2014 y 2015 de di\u00f3xido de nitr\u00f3geno (NO2) con valores horarios.<\/p>\n<p><strong>Jurado<\/strong><\/p>\n<p>El jurado de la datathon estar\u00e1 formado por miembros de las entidades organizadoras: <strong>Manuel Bruscas<\/strong>, cofundador de BcnAnalytics, apasionado en transformar los datos en informaci\u00f3n \u00fatil y conocimiento, activista contra el despilfarro de comida y coautor del libro Los tomates de verdad son feos; <strong>D\u00eddac Fortuny<\/strong>, doctor en f\u00edsica experto en cambio clim\u00e1tico, actualmente trabaja como data scientist en Holaluz y como profesor en el m\u00e1ster de energ\u00edas renovables y sostenibilidad energ\u00e9tica de UniBA; <strong>Carlos P\u00e9rez Garc\u00eda-Pando<\/strong>, doctor en ingenier\u00eda medioambiental que, despu\u00e9s de pasar ocho a\u00f1os como investigador en la NASA, ha regresado a Barcelona para dirigir una <a href=\"https:\/\/www.axa-research.org\/en\/projects\/carlos-garcia-perez-pando\">C\u00e1tedra AXA<\/a> y el <a href=\"https:\/\/www.bsc.es\/discover-bsc\/organisation\/scientific-structure\/atmospheric-composition\/team-people?page=1\">Grupo de Composici\u00f3n Atmosf\u00e9rica<\/a> del Barcelona Supercomputing Center-Centro Nacional de Supercomputaci\u00f3n (BSC-CNS) y cuya investigaci\u00f3n se centra en la contaminaci\u00f3n atmosf\u00e9rica y sus impactos sobre el clima, los ciclos biogeoqu\u00edmicos y la salud; en 2017 recibi\u00f3 el premio Agust\u00edn de Betancourt y Molina de la Real Academia de Ingenier\u00eda por sus aportaciones en el \u00e1mbito de los riesgos medioambientales; <strong>Marc Torrent<\/strong>, doctor en sistemas descentralizados que lleva muchos a\u00f1os impulsando y participando en proyectos de investigaci\u00f3n e innovaci\u00f3n en el \u00e1mbito de las TIC en general y en la anal\u00edtica de datos en particular, y que desde hace tres a\u00f1os lidera el Centro de Excelencia de Big Data de Barcelona con el objetivo de que Catalu\u00f1a se convierta en un gran hub de innovaci\u00f3n en el \u00e1mbito de los datos a nivel internacional, y <strong>Salvador Llad\u00f3<\/strong>, doctor en microbiolog\u00eda ambiental y biotecnolog\u00eda que actualmente trabaja en el centro tecnol\u00f3gico Leitat; su investigaci\u00f3n est\u00e1 focalizada en microbiolog\u00eda aplicada a procesos industriales y\/o agr\u00edcolas con el objetivo de reducir su huella de carbono.<\/p>\n<p><strong>Premios<\/strong><\/p>\n<p><strong>La datathon otorgar\u00e1 dos premios:<\/strong><\/p>\n<p><strong>Premio Accuracy<\/strong> al equipo que construya el modelo con mayor precisi\u00f3n: 2.000\u00a0\u20ac para el equipo y una acreditaci\u00f3n para el Mobile World Congress para cada miembro.<\/p>\n<p><strong>Premio a la Creatividad<\/strong> al equipo que aporte nuevas ideas o nuevas conclusiones a partir del conjunto de datos proporcionado: 1.000\u00a0\u20ac para el equipo y una acreditaci\u00f3n para el 4YFN, programa de Mobile World Capital Barcelona, para cada miembro.<\/p>\n<p><strong>Programa<\/strong><\/p>\n<p><u>S\u00e1bado 20 de enero<\/u><\/p>\n<p>La datathon se iniciar\u00e1 a las 10 h y finalizar\u00e1 a las 20 h y tendr\u00e1 lugar en la Sala Raval del CCCB. Habr\u00e1 comida y bebidas para los participantes.<\/p>\n<p><u>Domingo 21 de enero<\/u><\/p>\n<p>9.00\u00a0h: Bienvenida + desayuno<\/p>\n<p>10.00\u00a0h: Presentaci\u00f3n de los resultados por parte de cada uno de los equipos (m\u00e1ximo 4 minutos por presentaci\u00f3n + 4 minutos de preguntas)<\/p>\n<p>11.45 \u2013 12.30\u00a0h: Deliberaci\u00f3n del jurado \/ caf\u00e9<\/p>\n<p>12.30 \u2013 14\u00a0h: Entrega de premios<\/p>\n","protected":false},"excerpt":{"rendered":"<p>Datathon sobre la calidad del aire en Barcelona Sesenta cient\u00edficos, analistas de datos, estad\u00edsticos y matem\u00e1ticos preocupados por el medio ambiente se reunir\u00e1n el pr\u00f3ximo fin de semana en el CCCB dispuestos a mejorar el sistema de predicci\u00f3n de la calidad del aire en Barcelona. Barcelona, 17 de enero de 2018.- A ra\u00edz de la  [&#8230;]<\/p>\n","protected":false},"author":12,"featured_media":46460,"comment_status":"open","ping_status":"closed","sticky":false,"template":"","format":"standard","meta":{"footnotes":""},"categories":[392,134],"tags":[824,1357],"class_list":["post-46462","post","type-post","status-publish","format-standard","has-post-thumbnail","hentry","category-big-data-analytics","category-notas-de-prensa","tag-big-data-es","tag-datathon-es"],"yoast_head":"<!-- This site is optimized with the Yoast SEO plugin v27.5 - https:\/\/yoast.com\/product\/yoast-seo-wordpress\/ -->\n<title>Datathon sobre la calidad del aire en Barcelona - Eurecat<\/title>\n<meta name=\"description\" content=\"Sesenta cient\u00edficos, analistas de datos, estad\u00edsticos y matem\u00e1ticos preocupados por el medio ambiente se reunir\u00e1n en el CCCB dispuestos a mejorar el sistema de predicci\u00f3n de la calidad del aire en Barcelona.\" \/>\n<meta name=\"robots\" content=\"index, follow, max-snippet:-1, max-image-preview:large, max-video-preview:-1\" \/>\n<link rel=\"canonical\" href=\"https:\/\/eurecat.org\/es\/datathon-aire\/\" \/>\n<meta property=\"og:locale\" content=\"es_ES\" \/>\n<meta property=\"og:type\" content=\"article\" \/>\n<meta property=\"og:title\" content=\"Datathon sobre la calidad del aire en Barcelona - Eurecat\" \/>\n<meta property=\"og:description\" content=\"Sesenta cient\u00edficos, analistas de datos, estad\u00edsticos y matem\u00e1ticos preocupados por el medio ambiente se reunir\u00e1n en el CCCB dispuestos a mejorar el sistema de predicci\u00f3n de la calidad del aire en Barcelona.\" \/>\n<meta property=\"og:url\" content=\"https:\/\/eurecat.org\/es\/datathon-aire\/\" \/>\n<meta property=\"og:site_name\" content=\"Eurecat\" \/>\n<meta property=\"article:published_time\" content=\"2018-01-17T16:15:29+00:00\" \/>\n<meta property=\"article:modified_time\" content=\"2018-01-17T16:17:47+00:00\" \/>\n<meta property=\"og:image\" content=\"https:\/\/eurecat.org\/wp-content\/uploads\/2018\/01\/Datathon_Qualitat_aire.png\" \/>\n\t<meta property=\"og:image:width\" content=\"473\" \/>\n\t<meta property=\"og:image:height\" content=\"265\" \/>\n\t<meta property=\"og:image:type\" content=\"image\/png\" \/>\n<meta name=\"author\" content=\"EurecatEG\" \/>\n<meta name=\"twitter:card\" content=\"summary_large_image\" \/>\n<meta name=\"twitter:label1\" content=\"Escrito por\" \/>\n\t<meta name=\"twitter:data1\" content=\"EurecatEG\" \/>\n\t<meta name=\"twitter:label2\" content=\"Tiempo de lectura\" \/>\n\t<meta name=\"twitter:data2\" content=\"4 minutos\" \/>\n<script type=\"application\/ld+json\" class=\"yoast-schema-graph\">{\"@context\":\"https:\\\/\\\/schema.org\",\"@graph\":[{\"@type\":\"Article\",\"@id\":\"https:\\\/\\\/eurecat.org\\\/es\\\/datathon-aire\\\/#article\",\"isPartOf\":{\"@id\":\"https:\\\/\\\/eurecat.org\\\/es\\\/datathon-aire\\\/\"},\"author\":{\"name\":\"EurecatEG\",\"@id\":\"https:\\\/\\\/eurecat.org\\\/es\\\/#\\\/schema\\\/person\\\/def9217eded50ee57a9dc4cf0c883f80\"},\"headline\":\"Datathon sobre la calidad del aire en Barcelona\",\"datePublished\":\"2018-01-17T16:15:29+00:00\",\"dateModified\":\"2018-01-17T16:17:47+00:00\",\"mainEntityOfPage\":{\"@id\":\"https:\\\/\\\/eurecat.org\\\/es\\\/datathon-aire\\\/\"},\"wordCount\":767,\"commentCount\":0,\"image\":{\"@id\":\"https:\\\/\\\/eurecat.org\\\/es\\\/datathon-aire\\\/#primaryimage\"},\"thumbnailUrl\":\"https:\\\/\\\/eurecat.org\\\/wp-content\\\/uploads\\\/2018\\\/01\\\/Datathon_Qualitat_aire.png\",\"keywords\":[\"big data\",\"Datathon\"],\"articleSection\":[\"Data Science &amp; Big Data Analytics\",\"Notas de prensa\"],\"inLanguage\":\"es\",\"potentialAction\":[{\"@type\":\"CommentAction\",\"name\":\"Comment\",\"target\":[\"https:\\\/\\\/eurecat.org\\\/es\\\/datathon-aire\\\/#respond\"]}]},{\"@type\":\"WebPage\",\"@id\":\"https:\\\/\\\/eurecat.org\\\/es\\\/datathon-aire\\\/\",\"url\":\"https:\\\/\\\/eurecat.org\\\/es\\\/datathon-aire\\\/\",\"name\":\"Datathon sobre la calidad del aire en Barcelona - Eurecat\",\"isPartOf\":{\"@id\":\"https:\\\/\\\/eurecat.org\\\/es\\\/#website\"},\"primaryImageOfPage\":{\"@id\":\"https:\\\/\\\/eurecat.org\\\/es\\\/datathon-aire\\\/#primaryimage\"},\"image\":{\"@id\":\"https:\\\/\\\/eurecat.org\\\/es\\\/datathon-aire\\\/#primaryimage\"},\"thumbnailUrl\":\"https:\\\/\\\/eurecat.org\\\/wp-content\\\/uploads\\\/2018\\\/01\\\/Datathon_Qualitat_aire.png\",\"datePublished\":\"2018-01-17T16:15:29+00:00\",\"dateModified\":\"2018-01-17T16:17:47+00:00\",\"author\":{\"@id\":\"https:\\\/\\\/eurecat.org\\\/es\\\/#\\\/schema\\\/person\\\/def9217eded50ee57a9dc4cf0c883f80\"},\"description\":\"Sesenta cient\u00edficos, analistas de datos, estad\u00edsticos y matem\u00e1ticos preocupados por el medio ambiente se reunir\u00e1n en el CCCB dispuestos a mejorar el sistema de predicci\u00f3n de la calidad del aire en Barcelona.\",\"breadcrumb\":{\"@id\":\"https:\\\/\\\/eurecat.org\\\/es\\\/datathon-aire\\\/#breadcrumb\"},\"inLanguage\":\"es\",\"potentialAction\":[{\"@type\":\"ReadAction\",\"target\":[\"https:\\\/\\\/eurecat.org\\\/es\\\/datathon-aire\\\/\"]}]},{\"@type\":\"ImageObject\",\"inLanguage\":\"es\",\"@id\":\"https:\\\/\\\/eurecat.org\\\/es\\\/datathon-aire\\\/#primaryimage\",\"url\":\"https:\\\/\\\/eurecat.org\\\/wp-content\\\/uploads\\\/2018\\\/01\\\/Datathon_Qualitat_aire.png\",\"contentUrl\":\"https:\\\/\\\/eurecat.org\\\/wp-content\\\/uploads\\\/2018\\\/01\\\/Datathon_Qualitat_aire.png\",\"width\":\"473\",\"height\":\"265\",\"caption\":\"Datathon_Qualitat_Aire\"},{\"@type\":\"BreadcrumbList\",\"@id\":\"https:\\\/\\\/eurecat.org\\\/es\\\/datathon-aire\\\/#breadcrumb\",\"itemListElement\":[{\"@type\":\"ListItem\",\"position\":1,\"name\":\"Inici\",\"item\":\"https:\\\/\\\/eurecat.org\\\/es\\\/\"},{\"@type\":\"ListItem\",\"position\":2,\"name\":\"Datathon sobre la calidad del aire en Barcelona\"}]},{\"@type\":\"WebSite\",\"@id\":\"https:\\\/\\\/eurecat.org\\\/es\\\/#website\",\"url\":\"https:\\\/\\\/eurecat.org\\\/es\\\/\",\"name\":\"Eurecat\",\"description\":\"Otro sitio realizado con WordPress\",\"potentialAction\":[{\"@type\":\"SearchAction\",\"target\":{\"@type\":\"EntryPoint\",\"urlTemplate\":\"https:\\\/\\\/eurecat.org\\\/es\\\/?s={search_term_string}\"},\"query-input\":{\"@type\":\"PropertyValueSpecification\",\"valueRequired\":true,\"valueName\":\"search_term_string\"}}],\"inLanguage\":\"es\"},{\"@type\":\"Person\",\"@id\":\"https:\\\/\\\/eurecat.org\\\/es\\\/#\\\/schema\\\/person\\\/def9217eded50ee57a9dc4cf0c883f80\",\"name\":\"EurecatEG\",\"image\":{\"@type\":\"ImageObject\",\"inLanguage\":\"es\",\"@id\":\"https:\\\/\\\/secure.gravatar.com\\\/avatar\\\/f40dd9b6ecd3e5c591f3c9b033e495ee0ec9877ba77249fbf268b3889350c824?s=96&d=mm&r=g\",\"url\":\"https:\\\/\\\/secure.gravatar.com\\\/avatar\\\/f40dd9b6ecd3e5c591f3c9b033e495ee0ec9877ba77249fbf268b3889350c824?s=96&d=mm&r=g\",\"contentUrl\":\"https:\\\/\\\/secure.gravatar.com\\\/avatar\\\/f40dd9b6ecd3e5c591f3c9b033e495ee0ec9877ba77249fbf268b3889350c824?s=96&d=mm&r=g\",\"caption\":\"EurecatEG\"}}]}<\/script>\n<!-- \/ Yoast SEO plugin. -->","yoast_head_json":{"title":"Datathon sobre la calidad del aire en Barcelona - Eurecat","description":"Sesenta cient\u00edficos, analistas de datos, estad\u00edsticos y matem\u00e1ticos preocupados por el medio ambiente se reunir\u00e1n en el CCCB dispuestos a mejorar el sistema de predicci\u00f3n de la calidad del aire en Barcelona.","robots":{"index":"index","follow":"follow","max-snippet":"max-snippet:-1","max-image-preview":"max-image-preview:large","max-video-preview":"max-video-preview:-1"},"canonical":"https:\/\/eurecat.org\/es\/datathon-aire\/","og_locale":"es_ES","og_type":"article","og_title":"Datathon sobre la calidad del aire en Barcelona - Eurecat","og_description":"Sesenta cient\u00edficos, analistas de datos, estad\u00edsticos y matem\u00e1ticos preocupados por el medio ambiente se reunir\u00e1n en el CCCB dispuestos a mejorar el sistema de predicci\u00f3n de la calidad del aire en Barcelona.","og_url":"https:\/\/eurecat.org\/es\/datathon-aire\/","og_site_name":"Eurecat","article_published_time":"2018-01-17T16:15:29+00:00","article_modified_time":"2018-01-17T16:17:47+00:00","og_image":[{"width":473,"height":265,"url":"https:\/\/eurecat.org\/wp-content\/uploads\/2018\/01\/Datathon_Qualitat_aire.png","type":"image\/png"}],"author":"EurecatEG","twitter_card":"summary_large_image","twitter_misc":{"Escrito por":"EurecatEG","Tiempo de lectura":"4 minutos"},"schema":{"@context":"https:\/\/schema.org","@graph":[{"@type":"Article","@id":"https:\/\/eurecat.org\/es\/datathon-aire\/#article","isPartOf":{"@id":"https:\/\/eurecat.org\/es\/datathon-aire\/"},"author":{"name":"EurecatEG","@id":"https:\/\/eurecat.org\/es\/#\/schema\/person\/def9217eded50ee57a9dc4cf0c883f80"},"headline":"Datathon sobre la calidad del aire en Barcelona","datePublished":"2018-01-17T16:15:29+00:00","dateModified":"2018-01-17T16:17:47+00:00","mainEntityOfPage":{"@id":"https:\/\/eurecat.org\/es\/datathon-aire\/"},"wordCount":767,"commentCount":0,"image":{"@id":"https:\/\/eurecat.org\/es\/datathon-aire\/#primaryimage"},"thumbnailUrl":"https:\/\/eurecat.org\/wp-content\/uploads\/2018\/01\/Datathon_Qualitat_aire.png","keywords":["big data","Datathon"],"articleSection":["Data Science &amp; Big Data Analytics","Notas de prensa"],"inLanguage":"es","potentialAction":[{"@type":"CommentAction","name":"Comment","target":["https:\/\/eurecat.org\/es\/datathon-aire\/#respond"]}]},{"@type":"WebPage","@id":"https:\/\/eurecat.org\/es\/datathon-aire\/","url":"https:\/\/eurecat.org\/es\/datathon-aire\/","name":"Datathon sobre la calidad del aire en Barcelona - Eurecat","isPartOf":{"@id":"https:\/\/eurecat.org\/es\/#website"},"primaryImageOfPage":{"@id":"https:\/\/eurecat.org\/es\/datathon-aire\/#primaryimage"},"image":{"@id":"https:\/\/eurecat.org\/es\/datathon-aire\/#primaryimage"},"thumbnailUrl":"https:\/\/eurecat.org\/wp-content\/uploads\/2018\/01\/Datathon_Qualitat_aire.png","datePublished":"2018-01-17T16:15:29+00:00","dateModified":"2018-01-17T16:17:47+00:00","author":{"@id":"https:\/\/eurecat.org\/es\/#\/schema\/person\/def9217eded50ee57a9dc4cf0c883f80"},"description":"Sesenta cient\u00edficos, analistas de datos, estad\u00edsticos y matem\u00e1ticos preocupados por el medio ambiente se reunir\u00e1n en el CCCB dispuestos a mejorar el sistema de predicci\u00f3n de la calidad del aire en Barcelona.","breadcrumb":{"@id":"https:\/\/eurecat.org\/es\/datathon-aire\/#breadcrumb"},"inLanguage":"es","potentialAction":[{"@type":"ReadAction","target":["https:\/\/eurecat.org\/es\/datathon-aire\/"]}]},{"@type":"ImageObject","inLanguage":"es","@id":"https:\/\/eurecat.org\/es\/datathon-aire\/#primaryimage","url":"https:\/\/eurecat.org\/wp-content\/uploads\/2018\/01\/Datathon_Qualitat_aire.png","contentUrl":"https:\/\/eurecat.org\/wp-content\/uploads\/2018\/01\/Datathon_Qualitat_aire.png","width":"473","height":"265","caption":"Datathon_Qualitat_Aire"},{"@type":"BreadcrumbList","@id":"https:\/\/eurecat.org\/es\/datathon-aire\/#breadcrumb","itemListElement":[{"@type":"ListItem","position":1,"name":"Inici","item":"https:\/\/eurecat.org\/es\/"},{"@type":"ListItem","position":2,"name":"Datathon sobre la calidad del aire en Barcelona"}]},{"@type":"WebSite","@id":"https:\/\/eurecat.org\/es\/#website","url":"https:\/\/eurecat.org\/es\/","name":"Eurecat","description":"Otro sitio realizado con WordPress","potentialAction":[{"@type":"SearchAction","target":{"@type":"EntryPoint","urlTemplate":"https:\/\/eurecat.org\/es\/?s={search_term_string}"},"query-input":{"@type":"PropertyValueSpecification","valueRequired":true,"valueName":"search_term_string"}}],"inLanguage":"es"},{"@type":"Person","@id":"https:\/\/eurecat.org\/es\/#\/schema\/person\/def9217eded50ee57a9dc4cf0c883f80","name":"EurecatEG","image":{"@type":"ImageObject","inLanguage":"es","@id":"https:\/\/secure.gravatar.com\/avatar\/f40dd9b6ecd3e5c591f3c9b033e495ee0ec9877ba77249fbf268b3889350c824?s=96&d=mm&r=g","url":"https:\/\/secure.gravatar.com\/avatar\/f40dd9b6ecd3e5c591f3c9b033e495ee0ec9877ba77249fbf268b3889350c824?s=96&d=mm&r=g","contentUrl":"https:\/\/secure.gravatar.com\/avatar\/f40dd9b6ecd3e5c591f3c9b033e495ee0ec9877ba77249fbf268b3889350c824?s=96&d=mm&r=g","caption":"EurecatEG"}}]}},"_links":{"self":[{"href":"https:\/\/eurecat.org\/es\/wp-json\/wp\/v2\/posts\/46462","targetHints":{"allow":["GET"]}}],"collection":[{"href":"https:\/\/eurecat.org\/es\/wp-json\/wp\/v2\/posts"}],"about":[{"href":"https:\/\/eurecat.org\/es\/wp-json\/wp\/v2\/types\/post"}],"author":[{"embeddable":true,"href":"https:\/\/eurecat.org\/es\/wp-json\/wp\/v2\/users\/12"}],"replies":[{"embeddable":true,"href":"https:\/\/eurecat.org\/es\/wp-json\/wp\/v2\/comments?post=46462"}],"version-history":[{"count":0,"href":"https:\/\/eurecat.org\/es\/wp-json\/wp\/v2\/posts\/46462\/revisions"}],"wp:featuredmedia":[{"embeddable":true,"href":"https:\/\/eurecat.org\/es\/wp-json\/wp\/v2\/media\/46460"}],"wp:attachment":[{"href":"https:\/\/eurecat.org\/es\/wp-json\/wp\/v2\/media?parent=46462"}],"wp:term":[{"taxonomy":"category","embeddable":true,"href":"https:\/\/eurecat.org\/es\/wp-json\/wp\/v2\/categories?post=46462"},{"taxonomy":"post_tag","embeddable":true,"href":"https:\/\/eurecat.org\/es\/wp-json\/wp\/v2\/tags?post=46462"}],"curies":[{"name":"wp","href":"https:\/\/api.w.org\/{rel}","templated":true}]}}